
{"id":5874,"date":"2016-07-12T09:12:24","date_gmt":"2016-07-12T07:12:24","guid":{"rendered":"http:\/\/blog.proclima.com\/de\/?p=5874"},"modified":"2021-11-02T14:53:01","modified_gmt":"2021-11-02T13:53:01","slug":"tescon-vana-das-allroundklebend","status":"publish","type":"post","link":"https:\/\/blog.proclima.com\/de\/2016\/07\/tescon-vana-das-allroundklebend\/","title":{"rendered":"Allroundklebeband f\u00fcr innen und au\u00dfen: TESCON VANA"},"content":{"rendered":"<p><iframe loading=\"lazy\"  id=\"_ytid_48496\" width=\"1170\" height=\"658\" src=\"https:\/\/www.youtube-nocookie.com\/embed\/unxd_qEOVYs?enablejsapi=1&#038;autoplay=0&#038;cc_load_policy=0&#038;iv_load_policy=1&#038;loop=0&#038;modestbranding=1&#038;rel=0&#038;showinfo=0&#038;fs=1&#038;playsinline=1&#038;controls=2&#038;autohide=2&#038;theme=light&#038;color=red&#038;hl=de_DE&#038;\" class=\"__youtube_prefs__\" title=\"YouTube player\"  allowfullscreen data-no-lazy=\"1\" data-skipgform_ajax_framebjll=\"\"><\/iframe><\/p>\n<p>Hohe innere Festigkeit, wasserfester SOLID-Kleber, beste Werte im Schadstofftest: Anwendungstechniker Jens-L\u00fcder Herms stellt in dieser pro clima TV Folge das beliebte Allround-Klebeband <a href=\"https:\/\/de.proclima.com\/produkte\/verbindungsmittel\/klebebaender\/tescon-vana\">TESCON VANA<\/a> vor.<\/p>\n<p>Jens-L\u00fcder Herms von der pro clima Forschung und Entwicklung demonstriert, wie <a href=\"https:\/\/de.proclima.com\/produkte\/verbindungsmittel\/klebebaender\/tescon-vana\">TESCON VANA<\/a> auf Dampfbrems- und Luftdichtungsbahnen klebt &#8211;&nbsp; auch bei nassen Oberfl\u00e4chen.<\/p>\n<p><a href=\"https:\/\/de.proclima.com\/produkte\/verbindungsmittel\/klebebaender\/tescon-vana\">Das Datenblatt<\/a> mit Anwendungsbereich und Lieferformen finden Sie <a href=\"https:\/\/de.proclima.com\/produkte\/verbindungsmittel\/klebebaender\/tescon-vana\">hier<\/a>:<\/p>\n<p><a href=\"https:\/\/de.proclima.com\/produkte\/verbindungsmittel\/klebebaender\/tescon-vana\"><img loading=\"lazy\" decoding=\"async\" data-size=\"1362x819\" class=\"aligncenter wp-image-6052 size-large\" src=\"https:\/\/blog.proclima.com\/de\/files\/2016\/07\/Bildschirmfoto-2016-07-11-um-11.16.19-1024x616.png\" alt=\"Bildschirmfoto 2016-07-11 um 11.16.19\" width=\"584\" height=\"351\" srcset=\"https:\/\/blog.proclima.com\/de\/files\/2016\/07\/Bildschirmfoto-2016-07-11-um-11.16.19-1024x616.png 1024w, https:\/\/blog.proclima.com\/de\/files\/2016\/07\/Bildschirmfoto-2016-07-11-um-11.16.19-300x180.png 300w, https:\/\/blog.proclima.com\/de\/files\/2016\/07\/Bildschirmfoto-2016-07-11-um-11.16.19-768x462.png 768w, https:\/\/blog.proclima.com\/de\/files\/2016\/07\/Bildschirmfoto-2016-07-11-um-11.16.19-384x231.png 384w, https:\/\/blog.proclima.com\/de\/files\/2016\/07\/Bildschirmfoto-2016-07-11-um-11.16.19.png 1362w\" sizes=\"auto, (max-width: 584px) 100vw, 584px\" \/><\/a><!--more--><\/p>\n<p><strong>100 Jahre Klebekraft mit TESCON VANA<a href=\"https:\/\/blog.proclima.com\/de\/files\/2016\/07\/100-Jahre-Klebkraft.jpg\"><img loading=\"lazy\" decoding=\"async\" data-size=\"640x598\" class=\"alignright wp-image-5876 size-medium\" src=\"https:\/\/blog.proclima.com\/de\/files\/2016\/07\/100-Jahre-Klebkraft-300x280.jpg\" alt=\"V3_100Jahre-neu\" width=\"300\" height=\"280\" srcset=\"https:\/\/blog.proclima.com\/de\/files\/2016\/07\/100-Jahre-Klebkraft-300x280.jpg 300w, https:\/\/blog.proclima.com\/de\/files\/2016\/07\/100-Jahre-Klebkraft-384x359.jpg 384w, https:\/\/blog.proclima.com\/de\/files\/2016\/07\/100-Jahre-Klebkraft.jpg 640w\" sizes=\"auto, (max-width: 300px) 100vw, 300px\" \/><\/a><\/strong><\/p>\n<p>W\u00e4hrend eines Forschungsprojekts zur \u00bbQualit\u00e4tssicherung klebebasierter Verbindungstechnik f\u00fcr Luftdichtheitsschichten\u00ab an der <a href=\"http:\/\/www.uni-kassel.de\/uni\/\">Gesamthochschule Kassel <\/a>wurde ein Verfahren zur beschleunigten Alterung f\u00fcr Klebebandverbindungen entwickelt.<\/p>\n<p>Zur Pr\u00fcfung der Dauerhaftigkeit luftdichter Verklebungen haben die Forscher auch die pro clima Klebeb\u00e4nder <a href=\"https:\/\/de.proclima.com\/produkte\/verbindungsmittel\/klebebaender\/tescon-vana\">TESCON VANA<\/a>, <a href=\"https:\/\/de.proclima.com\/produkte\/verbindungsmittel\/klebebaender\/uni-tape\">UNI TAPE<\/a> und <a href=\"https:\/\/de.proclima.com\/produkte\/verbindungsmittel\/klebebaender\/tescon-1\">TESCON No.1 getestet.<\/a>&nbsp; Dabei wurde der Testzeitraum zus\u00e4tzlich von 120 Tagen auf 700 Tage verl\u00e4ngert. Und 700 Tage beschleunigte Alterung entsprechen 100 Jahren in der Realit\u00e4t. TESCON VANA,&nbsp; UNI TAPE und TESCON No. 1 haben auch diese verl\u00e4ngerte beschleunigte Alterung sicher bestanden. Die Best\u00e4tigung der 100-Jahre-Klebkraft finden Sie <a href=\"https:\/\/de.proclima.com\/service\/100-jahre-klebkraft\">hier<\/a>:<br \/>\n<a href=\"https:\/\/de.proclima.com\/service\/100-jahre-klebkraft\"><img loading=\"lazy\" decoding=\"async\" data-size=\"862x1217\" class=\"size-medium wp-image-6057 aligncenter\" src=\"https:\/\/blog.proclima.com\/de\/files\/2016\/07\/Bildschirmfoto-2016-07-11-um-11.28.52-212x300.png\" alt=\"Bildschirmfoto 2016-07-11 um 11.28.52\" width=\"212\" height=\"300\" srcset=\"https:\/\/blog.proclima.com\/de\/files\/2016\/07\/Bildschirmfoto-2016-07-11-um-11.28.52-212x300.png 212w, https:\/\/blog.proclima.com\/de\/files\/2016\/07\/Bildschirmfoto-2016-07-11-um-11.28.52-725x1024.png 725w, https:\/\/blog.proclima.com\/de\/files\/2016\/07\/Bildschirmfoto-2016-07-11-um-11.28.52-768x1084.png 768w, https:\/\/blog.proclima.com\/de\/files\/2016\/07\/Bildschirmfoto-2016-07-11-um-11.28.52-272x384.png 272w, https:\/\/blog.proclima.com\/de\/files\/2016\/07\/Bildschirmfoto-2016-07-11-um-11.28.52.png 862w\" sizes=\"auto, (max-width: 212px) 100vw, 212px\" \/><\/a><\/p>\n<p><strong>Humorvoll und kurzweilig: Klebstoffe beim Bauslam<\/strong><\/p>\n<p><a href=\"https:\/\/blog.proclima.com\/de\/files\/2016\/07\/L\u00fcder-Bauslam-1.jpg\"><img loading=\"lazy\" decoding=\"async\" class=\"alignleft wp-image-5880 size-medium\" src=\"https:\/\/blog.proclima.com\/de\/files\/2016\/07\/L\u00fcder-Bauslam-1-200x300.jpg\" alt=\"L\u00fcder Bauslam\" width=\"200\" height=\"300\" srcset=\"https:\/\/blog.proclima.com\/de\/files\/2016\/07\/L\u00fcder-Bauslam-1-200x300.jpg 200w, https:\/\/blog.proclima.com\/de\/files\/2016\/07\/L\u00fcder-Bauslam-1-683x1024.jpg 683w, https:\/\/blog.proclima.com\/de\/files\/2016\/07\/L\u00fcder-Bauslam-1-768x1152.jpg 768w, https:\/\/blog.proclima.com\/de\/files\/2016\/07\/L\u00fcder-Bauslam-1-1024x1536.jpg 1024w, https:\/\/blog.proclima.com\/de\/files\/2016\/07\/L\u00fcder-Bauslam-1-1365x2048.jpg 1365w, https:\/\/blog.proclima.com\/de\/files\/2016\/07\/L\u00fcder-Bauslam-1-256x384.jpg 256w, https:\/\/blog.proclima.com\/de\/files\/2016\/07\/L\u00fcder-Bauslam-1-scaled.jpg 1707w\" sizes=\"auto, (max-width: 200px) 100vw, 200px\" \/><\/a>Beim ersten Bauslam 2015 hat Jens L\u00fcder Herms in 10 Minuten das Thema <a href=\"https:\/\/www.youtube.com\/watch?v=ezBCvEIyrMk\">&#8222;Klebt es oder klebt es nicht?&#8220;&nbsp; humorvoll erkl\u00e4rt.<\/a><\/p>\n<p>Auch 2016 ist er beim Bauslam angetreten und zwar mit dem Titel: <a href=\"https:\/\/www.youtube.com\/watch?v=5siquSuHRKg&amp;index=5&amp;list=PLu-PcQTh51rtUoluHpYcGyVqHn6aNjRoG\">&#8222;Klebetechnik: die Wunderwelt der Klebstoffe&#8220; und kurz und pr\u00e4gnant dar\u00fcber gesprochen.<\/a><\/p>\n<p>Alle Videos vom Bauslam 2015 und 2016 gibt es hier zum Anschauen:<br \/>\n<a href=\"https:\/\/bausl.am\/videos\/\">https:\/\/bausl.am\/videos\/ <\/a><\/p>\n<p>&nbsp;<\/p>\n<figure id=\"attachment_5887\" aria-describedby=\"caption-attachment-5887\" style=\"width: 170px\" class=\"wp-caption alignright\"><a href=\"https:\/\/blog.proclima.com\/de\/files\/2016\/07\/Jens-L\u00fcder-Herms.png\"><img loading=\"lazy\" decoding=\"async\" data-size=\"866x880\" class=\"wp-image-5887\" src=\"https:\/\/blog.proclima.com\/de\/files\/2016\/07\/Jens-L\u00fcder-Herms-295x300.png\" alt=\"Jens L\u00fcder Herms\" width=\"170\" height=\"173\" srcset=\"https:\/\/blog.proclima.com\/de\/files\/2016\/07\/Jens-L\u00fcder-Herms-295x300.png 295w, https:\/\/blog.proclima.com\/de\/files\/2016\/07\/Jens-L\u00fcder-Herms-768x780.png 768w, https:\/\/blog.proclima.com\/de\/files\/2016\/07\/Jens-L\u00fcder-Herms-378x384.png 378w, https:\/\/blog.proclima.com\/de\/files\/2016\/07\/Jens-L\u00fcder-Herms.png 866w\" sizes=\"auto, (max-width: 170px) 100vw, 170px\" \/><\/a><figcaption id=\"caption-attachment-5887\" class=\"wp-caption-text\">Jens L\u00fcder Herms, Dipl.-Ing.(FH) Exportmanger und Anwendungstechniker MOLL pro clima<\/figcaption><\/figure>\n<p><strong><br \/>\nMehr \u00fcber Jens L\u00fcder Herms<\/strong><\/p>\n<p>Jens L\u00fcder Herms ist seit mehr als zehn Jahren als Projektmanager bei MOLL pro clima<br \/>\nt\u00e4tig. Er betreut die Bereichte f\u00fcr Export- und Industriekunden. Zudem arbeitet er intensiv bei der Forschung und Entwicklung neuer Produkte mit. Der Ingenieur hat als Zimmerer gearbeitet und anschlie\u00dfend Bauwesen an der FH Kiel studiert.<\/p>\n<p>Jens L\u00fcder Herms auf XING:<br \/>\n<a href=\"https:\/\/www.xing.com\/profile\/JensLueder_Herms\">https:\/\/www.xing.com\/profile\/JensLueder_Herms<\/a><\/p>\n","protected":false},"excerpt":{"rendered":"<p>Hohe innere Festigkeit, wasserfester SOLID-Kleber, beste Werte im Schadstofftest: Anwendungstechniker Jens-L\u00fcder Herms stellt in dieser pro clima TV Folge das beliebte Allround-Klebeband TESCON VANA vor. <a href=\"https:\/\/blog.proclima.com\/de\/2016\/07\/tescon-vana-das-allroundklebend\/\" rel=\"bookmark\">&#8230;<\/a><\/p>\n","protected":false},"author":17,"featured_media":9722,"comment_status":"open","ping_status":"open","sticky":false,"template":"","format":"standard","meta":{"footnotes":""},"categories":[448,776],"tags":[464,684,579,871,319,907,1175,46,44,38],"class_list":["post-5874","post","type-post","status-publish","format-standard","has-post-thumbnail","hentry","category-pro-clima-tv","category-produkte","tag-dampfbremse","tag-jens-lueder-herms","tag-klebeband","tag-klebstoffe","tag-luftdichtheit","tag-pro-clima-tv","tag-produktvorstellung","tag-tescon","tag-tescon-vana","tag-video"],"yoast_head":"<!-- This site is optimized with the Yoast SEO plugin v27.5 - https:\/\/yoast.com\/product\/yoast-seo-wordpress\/ -->\n<title>Allroundklebeband f\u00fcr innen und au\u00dfen: TESCON VANA &#187; pro clima Blog - Deutschland<\/title>\n<meta name=\"robots\" content=\"index, follow, max-snippet:-1, max-image-preview:large, max-video-preview:-1\" \/>\n<link rel=\"canonical\" href=\"https:\/\/blog.proclima.com\/de\/2016\/07\/tescon-vana-das-allroundklebend\/\" \/>\n<meta property=\"og:locale\" content=\"de_DE\" \/>\n<meta property=\"og:type\" content=\"article\" \/>\n<meta property=\"og:title\" content=\"Allroundklebeband f\u00fcr innen und au\u00dfen: TESCON VANA &#187; pro clima Blog - Deutschland\" \/>\n<meta property=\"og:description\" content=\"Hohe innere Festigkeit, wasserfester SOLID-Kleber, beste Werte im Schadstofftest: Anwendungstechniker Jens-L\u00fcder Herms stellt in dieser pro clima TV Folge das beliebte Allround-Klebeband TESCON VANA vor. ...\" \/>\n<meta property=\"og:url\" content=\"https:\/\/blog.proclima.com\/de\/2016\/07\/tescon-vana-das-allroundklebend\/\" \/>\n<meta property=\"og:site_name\" content=\"pro clima Blog - Deutschland\" \/>\n<meta property=\"article:publisher\" content=\"https:\/\/www.facebook.com\/proclima\" \/>\n<meta property=\"article:published_time\" content=\"2016-07-12T07:12:24+00:00\" \/>\n<meta property=\"article:modified_time\" content=\"2021-11-02T13:53:01+00:00\" \/>\n<meta property=\"og:image\" content=\"https:\/\/blog.proclima.com\/de\/files\/2016\/07\/Baustelle-SOLITEX-ADHERO-HuberSohn-057-scaled.jpg\" \/>\n\t<meta property=\"og:image:width\" content=\"2560\" \/>\n\t<meta property=\"og:image:height\" content=\"1707\" \/>\n\t<meta property=\"og:image:type\" content=\"image\/jpeg\" \/>\n<meta name=\"author\" content=\"Julia Metzger\" \/>\n<meta name=\"twitter:card\" content=\"summary_large_image\" \/>\n<meta name=\"twitter:creator\" content=\"@proclimaDE\" \/>\n<meta name=\"twitter:site\" content=\"@proclimaDE\" \/>\n<meta name=\"twitter:label1\" content=\"Verfasst von\" \/>\n\t<meta name=\"twitter:data1\" content=\"Julia Metzger\" \/>\n\t<meta name=\"twitter:label2\" content=\"Gesch\u00e4tzte Lesezeit\" \/>\n\t<meta name=\"twitter:data2\" content=\"2\u00a0Minuten\" \/>\n<script type=\"application\/ld+json\" class=\"yoast-schema-graph\">{\"@context\":\"https:\\\/\\\/schema.org\",\"@graph\":[{\"@type\":\"Article\",\"@id\":\"https:\\\/\\\/blog.proclima.com\\\/de\\\/2016\\\/07\\\/tescon-vana-das-allroundklebend\\\/#article\",\"isPartOf\":{\"@id\":\"https:\\\/\\\/blog.proclima.com\\\/de\\\/2016\\\/07\\\/tescon-vana-das-allroundklebend\\\/\"},\"author\":{\"name\":\"Julia Metzger\",\"@id\":\"https:\\\/\\\/blog.proclima.com\\\/de\\\/#\\\/schema\\\/person\\\/2cc86d57b4e91b6c23ab77b2ada44b16\"},\"headline\":\"Allroundklebeband f\u00fcr innen und au\u00dfen: TESCON VANA\",\"datePublished\":\"2016-07-12T07:12:24+00:00\",\"dateModified\":\"2021-11-02T13:53:01+00:00\",\"mainEntityOfPage\":{\"@id\":\"https:\\\/\\\/blog.proclima.com\\\/de\\\/2016\\\/07\\\/tescon-vana-das-allroundklebend\\\/\"},\"wordCount\":341,\"commentCount\":1,\"publisher\":{\"@id\":\"https:\\\/\\\/blog.proclima.com\\\/de\\\/#organization\"},\"image\":{\"@id\":\"https:\\\/\\\/blog.proclima.com\\\/de\\\/2016\\\/07\\\/tescon-vana-das-allroundklebend\\\/#primaryimage\"},\"thumbnailUrl\":\"https:\\\/\\\/blog.proclima.com\\\/de\\\/files\\\/2016\\\/07\\\/Baustelle-SOLITEX-ADHERO-HuberSohn-057-scaled.jpg\",\"keywords\":[\"Dampfbremse\",\"Jens L\u00fcder Herms\",\"Klebeband\",\"Klebstoffe\",\"Luftdichtheit\",\"proclima.TV\",\"Produktvorstellung\",\"tescon\",\"tescon vana\",\"video\"],\"articleSection\":[\"proclima.TV\",\"Produkte\"],\"inLanguage\":\"de\",\"potentialAction\":[{\"@type\":\"CommentAction\",\"name\":\"Comment\",\"target\":[\"https:\\\/\\\/blog.proclima.com\\\/de\\\/2016\\\/07\\\/tescon-vana-das-allroundklebend\\\/#respond\"]}]},{\"@type\":\"WebPage\",\"@id\":\"https:\\\/\\\/blog.proclima.com\\\/de\\\/2016\\\/07\\\/tescon-vana-das-allroundklebend\\\/\",\"url\":\"https:\\\/\\\/blog.proclima.com\\\/de\\\/2016\\\/07\\\/tescon-vana-das-allroundklebend\\\/\",\"name\":\"Allroundklebeband f\u00fcr innen und au\u00dfen: TESCON VANA &#187; pro clima Blog - Deutschland\",\"isPartOf\":{\"@id\":\"https:\\\/\\\/blog.proclima.com\\\/de\\\/#website\"},\"primaryImageOfPage\":{\"@id\":\"https:\\\/\\\/blog.proclima.com\\\/de\\\/2016\\\/07\\\/tescon-vana-das-allroundklebend\\\/#primaryimage\"},\"image\":{\"@id\":\"https:\\\/\\\/blog.proclima.com\\\/de\\\/2016\\\/07\\\/tescon-vana-das-allroundklebend\\\/#primaryimage\"},\"thumbnailUrl\":\"https:\\\/\\\/blog.proclima.com\\\/de\\\/files\\\/2016\\\/07\\\/Baustelle-SOLITEX-ADHERO-HuberSohn-057-scaled.jpg\",\"datePublished\":\"2016-07-12T07:12:24+00:00\",\"dateModified\":\"2021-11-02T13:53:01+00:00\",\"breadcrumb\":{\"@id\":\"https:\\\/\\\/blog.proclima.com\\\/de\\\/2016\\\/07\\\/tescon-vana-das-allroundklebend\\\/#breadcrumb\"},\"inLanguage\":\"de\",\"potentialAction\":[{\"@type\":\"ReadAction\",\"target\":[\"https:\\\/\\\/blog.proclima.com\\\/de\\\/2016\\\/07\\\/tescon-vana-das-allroundklebend\\\/\"]}]},{\"@type\":\"ImageObject\",\"inLanguage\":\"de\",\"@id\":\"https:\\\/\\\/blog.proclima.com\\\/de\\\/2016\\\/07\\\/tescon-vana-das-allroundklebend\\\/#primaryimage\",\"url\":\"https:\\\/\\\/blog.proclima.com\\\/de\\\/files\\\/2016\\\/07\\\/Baustelle-SOLITEX-ADHERO-HuberSohn-057-scaled.jpg\",\"contentUrl\":\"https:\\\/\\\/blog.proclima.com\\\/de\\\/files\\\/2016\\\/07\\\/Baustelle-SOLITEX-ADHERO-HuberSohn-057-scaled.jpg\",\"width\":2560,\"height\":1707},{\"@type\":\"BreadcrumbList\",\"@id\":\"https:\\\/\\\/blog.proclima.com\\\/de\\\/2016\\\/07\\\/tescon-vana-das-allroundklebend\\\/#breadcrumb\",\"itemListElement\":[{\"@type\":\"ListItem\",\"position\":1,\"name\":\"Startseite\",\"item\":\"https:\\\/\\\/blog.proclima.com\\\/de\\\/\"},{\"@type\":\"ListItem\",\"position\":2,\"name\":\"Allroundklebeband f\u00fcr innen und au\u00dfen: TESCON VANA\"}]},{\"@type\":\"WebSite\",\"@id\":\"https:\\\/\\\/blog.proclima.com\\\/de\\\/#website\",\"url\":\"https:\\\/\\\/blog.proclima.com\\\/de\\\/\",\"name\":\"pro clima Blog - Deutschland\",\"description\":\"alles was pro clima bewegt\",\"publisher\":{\"@id\":\"https:\\\/\\\/blog.proclima.com\\\/de\\\/#organization\"},\"potentialAction\":[{\"@type\":\"SearchAction\",\"target\":{\"@type\":\"EntryPoint\",\"urlTemplate\":\"https:\\\/\\\/blog.proclima.com\\\/de\\\/?s={search_term_string}\"},\"query-input\":{\"@type\":\"PropertyValueSpecification\",\"valueRequired\":true,\"valueName\":\"search_term_string\"}}],\"inLanguage\":\"de\"},{\"@type\":\"Organization\",\"@id\":\"https:\\\/\\\/blog.proclima.com\\\/de\\\/#organization\",\"name\":\"pro clima - Moll bau\u00f6kologische Produkte GmbH\",\"url\":\"https:\\\/\\\/blog.proclima.com\\\/de\\\/\",\"logo\":{\"@type\":\"ImageObject\",\"inLanguage\":\"de\",\"@id\":\"https:\\\/\\\/blog.proclima.com\\\/de\\\/#\\\/schema\\\/logo\\\/image\\\/\",\"url\":\"https:\\\/\\\/blog.proclima.com\\\/de\\\/files\\\/2020\\\/04\\\/Logo-pro-clima.png\",\"contentUrl\":\"https:\\\/\\\/blog.proclima.com\\\/de\\\/files\\\/2020\\\/04\\\/Logo-pro-clima.png\",\"width\":4210,\"height\":4881,\"caption\":\"pro clima - Moll bau\u00f6kologische Produkte GmbH\"},\"image\":{\"@id\":\"https:\\\/\\\/blog.proclima.com\\\/de\\\/#\\\/schema\\\/logo\\\/image\\\/\"},\"sameAs\":[\"https:\\\/\\\/www.facebook.com\\\/proclima\",\"https:\\\/\\\/x.com\\\/proclimaDE\"]},{\"@type\":\"Person\",\"@id\":\"https:\\\/\\\/blog.proclima.com\\\/de\\\/#\\\/schema\\\/person\\\/2cc86d57b4e91b6c23ab77b2ada44b16\",\"name\":\"Julia Metzger\",\"url\":\"https:\\\/\\\/blog.proclima.com\\\/de\\\/author\\\/metzger\\\/\"}]}<\/script>\n<!-- \/ Yoast SEO plugin. -->","yoast_head_json":{"title":"Allroundklebeband f\u00fcr innen und au\u00dfen: TESCON VANA &#187; pro clima Blog - Deutschland","robots":{"index":"index","follow":"follow","max-snippet":"max-snippet:-1","max-image-preview":"max-image-preview:large","max-video-preview":"max-video-preview:-1"},"canonical":"https:\/\/blog.proclima.com\/de\/2016\/07\/tescon-vana-das-allroundklebend\/","og_locale":"de_DE","og_type":"article","og_title":"Allroundklebeband f\u00fcr innen und au\u00dfen: TESCON VANA &#187; pro clima Blog - Deutschland","og_description":"Hohe innere Festigkeit, wasserfester SOLID-Kleber, beste Werte im Schadstofftest: Anwendungstechniker Jens-L\u00fcder Herms stellt in dieser pro clima TV Folge das beliebte Allround-Klebeband TESCON VANA vor. ...","og_url":"https:\/\/blog.proclima.com\/de\/2016\/07\/tescon-vana-das-allroundklebend\/","og_site_name":"pro clima Blog - Deutschland","article_publisher":"https:\/\/www.facebook.com\/proclima","article_published_time":"2016-07-12T07:12:24+00:00","article_modified_time":"2021-11-02T13:53:01+00:00","og_image":[{"width":2560,"height":1707,"url":"https:\/\/blog.proclima.com\/de\/files\/2016\/07\/Baustelle-SOLITEX-ADHERO-HuberSohn-057-scaled.jpg","type":"image\/jpeg"}],"author":"Julia Metzger","twitter_card":"summary_large_image","twitter_creator":"@proclimaDE","twitter_site":"@proclimaDE","twitter_misc":{"Verfasst von":"Julia Metzger","Gesch\u00e4tzte Lesezeit":"2\u00a0Minuten"},"schema":{"@context":"https:\/\/schema.org","@graph":[{"@type":"Article","@id":"https:\/\/blog.proclima.com\/de\/2016\/07\/tescon-vana-das-allroundklebend\/#article","isPartOf":{"@id":"https:\/\/blog.proclima.com\/de\/2016\/07\/tescon-vana-das-allroundklebend\/"},"author":{"name":"Julia Metzger","@id":"https:\/\/blog.proclima.com\/de\/#\/schema\/person\/2cc86d57b4e91b6c23ab77b2ada44b16"},"headline":"Allroundklebeband f\u00fcr innen und au\u00dfen: TESCON VANA","datePublished":"2016-07-12T07:12:24+00:00","dateModified":"2021-11-02T13:53:01+00:00","mainEntityOfPage":{"@id":"https:\/\/blog.proclima.com\/de\/2016\/07\/tescon-vana-das-allroundklebend\/"},"wordCount":341,"commentCount":1,"publisher":{"@id":"https:\/\/blog.proclima.com\/de\/#organization"},"image":{"@id":"https:\/\/blog.proclima.com\/de\/2016\/07\/tescon-vana-das-allroundklebend\/#primaryimage"},"thumbnailUrl":"https:\/\/blog.proclima.com\/de\/files\/2016\/07\/Baustelle-SOLITEX-ADHERO-HuberSohn-057-scaled.jpg","keywords":["Dampfbremse","Jens L\u00fcder Herms","Klebeband","Klebstoffe","Luftdichtheit","proclima.TV","Produktvorstellung","tescon","tescon vana","video"],"articleSection":["proclima.TV","Produkte"],"inLanguage":"de","potentialAction":[{"@type":"CommentAction","name":"Comment","target":["https:\/\/blog.proclima.com\/de\/2016\/07\/tescon-vana-das-allroundklebend\/#respond"]}]},{"@type":"WebPage","@id":"https:\/\/blog.proclima.com\/de\/2016\/07\/tescon-vana-das-allroundklebend\/","url":"https:\/\/blog.proclima.com\/de\/2016\/07\/tescon-vana-das-allroundklebend\/","name":"Allroundklebeband f\u00fcr innen und au\u00dfen: TESCON VANA &#187; pro clima Blog - Deutschland","isPartOf":{"@id":"https:\/\/blog.proclima.com\/de\/#website"},"primaryImageOfPage":{"@id":"https:\/\/blog.proclima.com\/de\/2016\/07\/tescon-vana-das-allroundklebend\/#primaryimage"},"image":{"@id":"https:\/\/blog.proclima.com\/de\/2016\/07\/tescon-vana-das-allroundklebend\/#primaryimage"},"thumbnailUrl":"https:\/\/blog.proclima.com\/de\/files\/2016\/07\/Baustelle-SOLITEX-ADHERO-HuberSohn-057-scaled.jpg","datePublished":"2016-07-12T07:12:24+00:00","dateModified":"2021-11-02T13:53:01+00:00","breadcrumb":{"@id":"https:\/\/blog.proclima.com\/de\/2016\/07\/tescon-vana-das-allroundklebend\/#breadcrumb"},"inLanguage":"de","potentialAction":[{"@type":"ReadAction","target":["https:\/\/blog.proclima.com\/de\/2016\/07\/tescon-vana-das-allroundklebend\/"]}]},{"@type":"ImageObject","inLanguage":"de","@id":"https:\/\/blog.proclima.com\/de\/2016\/07\/tescon-vana-das-allroundklebend\/#primaryimage","url":"https:\/\/blog.proclima.com\/de\/files\/2016\/07\/Baustelle-SOLITEX-ADHERO-HuberSohn-057-scaled.jpg","contentUrl":"https:\/\/blog.proclima.com\/de\/files\/2016\/07\/Baustelle-SOLITEX-ADHERO-HuberSohn-057-scaled.jpg","width":2560,"height":1707},{"@type":"BreadcrumbList","@id":"https:\/\/blog.proclima.com\/de\/2016\/07\/tescon-vana-das-allroundklebend\/#breadcrumb","itemListElement":[{"@type":"ListItem","position":1,"name":"Startseite","item":"https:\/\/blog.proclima.com\/de\/"},{"@type":"ListItem","position":2,"name":"Allroundklebeband f\u00fcr innen und au\u00dfen: TESCON VANA"}]},{"@type":"WebSite","@id":"https:\/\/blog.proclima.com\/de\/#website","url":"https:\/\/blog.proclima.com\/de\/","name":"pro clima Blog - Deutschland","description":"alles was pro clima bewegt","publisher":{"@id":"https:\/\/blog.proclima.com\/de\/#organization"},"potentialAction":[{"@type":"SearchAction","target":{"@type":"EntryPoint","urlTemplate":"https:\/\/blog.proclima.com\/de\/?s={search_term_string}"},"query-input":{"@type":"PropertyValueSpecification","valueRequired":true,"valueName":"search_term_string"}}],"inLanguage":"de"},{"@type":"Organization","@id":"https:\/\/blog.proclima.com\/de\/#organization","name":"pro clima - Moll bau\u00f6kologische Produkte GmbH","url":"https:\/\/blog.proclima.com\/de\/","logo":{"@type":"ImageObject","inLanguage":"de","@id":"https:\/\/blog.proclima.com\/de\/#\/schema\/logo\/image\/","url":"https:\/\/blog.proclima.com\/de\/files\/2020\/04\/Logo-pro-clima.png","contentUrl":"https:\/\/blog.proclima.com\/de\/files\/2020\/04\/Logo-pro-clima.png","width":4210,"height":4881,"caption":"pro clima - Moll bau\u00f6kologische Produkte GmbH"},"image":{"@id":"https:\/\/blog.proclima.com\/de\/#\/schema\/logo\/image\/"},"sameAs":["https:\/\/www.facebook.com\/proclima","https:\/\/x.com\/proclimaDE"]},{"@type":"Person","@id":"https:\/\/blog.proclima.com\/de\/#\/schema\/person\/2cc86d57b4e91b6c23ab77b2ada44b16","name":"Julia Metzger","url":"https:\/\/blog.proclima.com\/de\/author\/metzger\/"}]}},"canto_acf_fields":"","_links":{"self":[{"href":"https:\/\/blog.proclima.com\/de\/wp-json\/wp\/v2\/posts\/5874","targetHints":{"allow":["GET"]}}],"collection":[{"href":"https:\/\/blog.proclima.com\/de\/wp-json\/wp\/v2\/posts"}],"about":[{"href":"https:\/\/blog.proclima.com\/de\/wp-json\/wp\/v2\/types\/post"}],"author":[{"embeddable":true,"href":"https:\/\/blog.proclima.com\/de\/wp-json\/wp\/v2\/users\/17"}],"replies":[{"embeddable":true,"href":"https:\/\/blog.proclima.com\/de\/wp-json\/wp\/v2\/comments?post=5874"}],"version-history":[{"count":20,"href":"https:\/\/blog.proclima.com\/de\/wp-json\/wp\/v2\/posts\/5874\/revisions"}],"predecessor-version":[{"id":9723,"href":"https:\/\/blog.proclima.com\/de\/wp-json\/wp\/v2\/posts\/5874\/revisions\/9723"}],"wp:featuredmedia":[{"embeddable":true,"href":"https:\/\/blog.proclima.com\/de\/wp-json\/wp\/v2\/media\/9722"}],"wp:attachment":[{"href":"https:\/\/blog.proclima.com\/de\/wp-json\/wp\/v2\/media?parent=5874"}],"wp:term":[{"taxonomy":"category","embeddable":true,"href":"https:\/\/blog.proclima.com\/de\/wp-json\/wp\/v2\/categories?post=5874"},{"taxonomy":"post_tag","embeddable":true,"href":"https:\/\/blog.proclima.com\/de\/wp-json\/wp\/v2\/tags?post=5874"}],"curies":[{"name":"wp","href":"https:\/\/api.w.org\/{rel}","templated":true}]}}