
{"id":5619,"date":"2016-03-14T11:02:46","date_gmt":"2016-03-14T10:02:46","guid":{"rendered":"http:\/\/blog.proclima.com\/de\/?p=5619"},"modified":"2016-03-14T19:39:59","modified_gmt":"2016-03-14T18:39:59","slug":"schnittbau-2016-feedback","status":"publish","type":"post","link":"https:\/\/blog.proclima.com\/de\/2016\/03\/schnittbau-2016-feedback\/","title":{"rendered":"Schnittstelle Baustelle 2016: Fotos, Videos und Teilnehmerfeedbacks"},"content":{"rendered":"<p><a href=\"https:\/\/www.flickr.com\/photos\/schnittbau\/albums\/\" rel=\"attachment wp-att-5621\"><img loading=\"lazy\" decoding=\"async\" data-size=\"1695x796\" class=\"size-medium wp-image-5621 alignleft\" src=\"https:\/\/blog.proclima.com\/de\/files\/2016\/03\/Bildschirmfoto-2016-03-11-um-19.13.15-300x141.png\" alt=\"Bildschirmfoto 2016-03-11 um 19.13.15\" width=\"300\" height=\"141\" srcset=\"https:\/\/blog.proclima.com\/de\/files\/2016\/03\/Bildschirmfoto-2016-03-11-um-19.13.15-300x141.png 300w, https:\/\/blog.proclima.com\/de\/files\/2016\/03\/Bildschirmfoto-2016-03-11-um-19.13.15-1024x481.png 1024w, https:\/\/blog.proclima.com\/de\/files\/2016\/03\/Bildschirmfoto-2016-03-11-um-19.13.15-768x361.png 768w, https:\/\/blog.proclima.com\/de\/files\/2016\/03\/Bildschirmfoto-2016-03-11-um-19.13.15-1536x721.png 1536w, https:\/\/blog.proclima.com\/de\/files\/2016\/03\/Bildschirmfoto-2016-03-11-um-19.13.15-384x180.png 384w, https:\/\/blog.proclima.com\/de\/files\/2016\/03\/Bildschirmfoto-2016-03-11-um-19.13.15.png 1695w\" sizes=\"auto, (max-width: 300px) 100vw, 300px\" \/><\/a>Durch acht Orte ist Schnittstelle Baustelle 2016 getourt. Mehr als 650 Teilnehmer haben die Workshops besucht. Das Finale war am Donnerstag in N\u00fcrnberg. Wir haben ein paar Teilnehmer pers\u00f6nlich gefragt, wie sie die gewerke\u00fcbergreifende Schulung erlebt haben. Fotoeindr\u00fccke haben wir auf flickr hochgeladen:<\/p>\n<p>Teilnehmerfeedback von <strong>Thomas Erfurth von Erfurths Service<\/strong> ums Haus:<\/p>\n<p><a href=\"https:\/\/blog.proclima.com\/de\/files\/2016\/03\/Bildschirmfoto-2016-03-11-um-19.12.35.png\" rel=\"attachment wp-att-5620\"><img loading=\"lazy\" decoding=\"async\" data-size=\"1960x1297\" class=\"aligncenter size-large wp-image-5620\" src=\"https:\/\/blog.proclima.com\/de\/files\/2016\/03\/Bildschirmfoto-2016-03-11-um-19.12.35-1024x678.png\" alt=\"Bildschirmfoto 2016-03-11 um 19.12.35\" width=\"584\" height=\"387\" srcset=\"https:\/\/blog.proclima.com\/de\/files\/2016\/03\/Bildschirmfoto-2016-03-11-um-19.12.35-1024x678.png 1024w, https:\/\/blog.proclima.com\/de\/files\/2016\/03\/Bildschirmfoto-2016-03-11-um-19.12.35-300x199.png 300w, https:\/\/blog.proclima.com\/de\/files\/2016\/03\/Bildschirmfoto-2016-03-11-um-19.12.35-768x508.png 768w, https:\/\/blog.proclima.com\/de\/files\/2016\/03\/Bildschirmfoto-2016-03-11-um-19.12.35-1536x1016.png 1536w, https:\/\/blog.proclima.com\/de\/files\/2016\/03\/Bildschirmfoto-2016-03-11-um-19.12.35-384x254.png 384w, https:\/\/blog.proclima.com\/de\/files\/2016\/03\/Bildschirmfoto-2016-03-11-um-19.12.35.png 1960w\" sizes=\"auto, (max-width: 584px) 100vw, 584px\" \/><\/a>&#8222;Ich kannte dieses Veranstaltungsformat vorher gar nicht. Herr Wugk von der Firma Claytec hat mir die Schnittstelle Baustelle ans Herz gelegt. Ihm vertraue ich da voll und ganz \u2013 er hat uns schon mehrfach gut beraten.<\/p>\n<p><strong>Interessenschwerpunkt: Lehm und die Feuchte- bzw. Schimmelsanierung<\/strong><\/p>\n<p>F\u00fcr mich waren die Themen Lehm und die Feuchte- bzw. Schimmelsanierung ganz besonders interessant. Wir befassen uns tagt\u00e4glich mit Sanierungen, Gefahrenstellen am Bau und der Asbestbeseitigung in Geb\u00e4uden. In meiner mehr als 22-j\u00e4hrigen Berufspraxis habe ich da schon viel gesehen und erlebt. Deshalb m\u00f6chte ich auch auf dem Stand der Technik bleiben und bilde mich weiter.<\/p>\n<p>Hier habe ich mir alles angesehen, was das Thema Lehm betrifft \u2013 die Schimmelsanierung von redstone steht noch aus. Es ist toll, was alles geboten wird. So kann man an nur einem Tag sein Fachwissen in verschiedenen Bereichen auffrischen. Da lohnt sich auch eine Anfahrt von fast 300 Kilometern.&#8220;<\/p>\n<p><iframe loading=\"lazy\"  id=\"_ytid_26397\" width=\"1170\" height=\"658\" src=\"https:\/\/www.youtube-nocookie.com\/embed\/zfJLX5Adr-Q?enablejsapi=1&#038;autoplay=0&#038;cc_load_policy=0&#038;iv_load_policy=1&#038;loop=0&#038;modestbranding=1&#038;rel=0&#038;showinfo=0&#038;fs=1&#038;playsinline=1&#038;controls=2&#038;autohide=2&#038;theme=light&#038;color=red&#038;hl=de_DE&#038;\" class=\"__youtube_prefs__\" title=\"YouTube player\"  allowfullscreen data-no-lazy=\"1\" data-skipgform_ajax_framebjll=\"\"><\/iframe><\/p>\n<p>Der Inhaber der <strong>Bauschreinerei Sebastian Stein Naturbaustoffe<\/strong> besch\u00e4ftigt sich seit 20 Jahren mit der Dichtung der Geb\u00e4udeh\u00fclle und mit W\u00e4rmed\u00e4mmsystemen bei Neubau und Sanierung. Er steckt tief in der Materie und liest regelm\u00e4\u00dfig, um sich weiterzubilden. <!--more--><\/p>\n<h4><strong>&#8222;Wir m\u00fcssen in Kontakt bleiben, weil wir am Bau gewerke\u00fcbergreifend arbeiten.&#8220;<\/strong><\/h4>\n<p>Er hat Schnittstelle Baustelle 2016 zum ersten Mal besucht und war beeindruckt von dem komprimierten und praktischen Wissen, das an einem Tag weitergegeben wird: \u201eMir ist es wichtig, mit anderen Kollegen in Kontakt zu bleiben, vor allem weil wir am Bau gewerke\u00fcbergreifend arbeiten. Bei solchen Fortbildungen ergibt sich immer wieder etwas Neues: sei es eine neue Gesch\u00e4ftsbeziehung oder auch ein kleines Detail, mit dem man seit 20 Jahren arbeitet und jetzt eine optimalere Herangehensweise kennenlernt. Ich hatte viele gute Gespr\u00e4che, sowohl mit den Referenten als auch den anderen Teilnehmern\u201c, sagte Sebastian Stein. (<a href=\"http:\/\/www.natur-bz.de\/\">http:\/\/www.natur-bz.de\/<\/a>)<\/p>\n<figure id=\"attachment_5627\" aria-describedby=\"caption-attachment-5627\" style=\"width: 584px\" class=\"wp-caption alignnone\"><a href=\"https:\/\/blog.proclima.com\/de\/files\/2016\/03\/Bildschirmfoto-2016-03-11-um-19.19.16-e1457959278617.png\" rel=\"attachment wp-att-5627\"><img loading=\"lazy\" decoding=\"async\" data-size=\"576x798\" class=\"wp-image-5627 size-large\" src=\"https:\/\/blog.proclima.com\/de\/files\/2016\/03\/Bildschirmfoto-2016-03-11-um-19.19.16-1024x692.png\" alt=\"Bildschirmfoto 2016-03-11 um 19.19.16\" width=\"584\" height=\"395\" \/><\/a><figcaption id=\"caption-attachment-5627\" class=\"wp-caption-text\">Sascha Kr\u00fcger und J\u00f6rg Markward haben sich auf einer fr\u00fcheren Schnittstelle Baustelle Tour kennengelernt.<\/figcaption><\/figure>\n<p><a href=\"http:\/\/www.ddm-krueger-berlin.de\/\"><strong>Sascha Kr\u00fcger<\/strong> von der gleichnamigen Dachdeckerei <\/a><b><b><a href=\"http:\/\/www.ddm-krueger-berlin.de\/\"><b>sagt<\/b>:<\/a> &#8222;<\/b><\/b>Warum ich hier bin? Weil mir das Format gut gef\u00e4llt und ich neue Impulse mit nach Hause nehme. Ich besuche bereits zum vierten Mal die Schnittstelle Baustelle. Ein Kollege aus Niedersachsen hatte mich darauf aufmerksam gemacht.<\/p>\n<p>Als erstes habe ich das Seminar zur Luftdichtung besucht. F\u00fcr mich als Dachdeckermeister geh\u00f6rt das ja zum Tagesgesch\u00e4ft. Die Erweiterung der DIN 68800 zu au\u00dfen diffusionsdichten Aufbauten zum Beispiel ist ein interessantes Thema. Wir setzen das zwar in der Praxis bereits so um, aber was die Normen betrifft, muss man sich schon gezielt informieren, um immer up to date zu sein. Die Luftdichtungssysteme von pro clima kenne ich ja schon lange und arbeite auch oft damit.<\/p>\n<p>Mal etwas ganz anderes heute: der Baustoff Lehm. Das war neu f\u00fcr mich. Ich schaue eben auch gern, was die anderen Gewerke machen, was es Neues auf dem Markt gibt. Herrn Weglage wollte ich heute auch nicht verpassen. Schlie\u00dflich muss man als Inhaber eines Dachdeckerbetriebes nicht nur fachlich auf dem neuesten Stand sein, sondern auch fit, was das Baurecht und die Haftung betrifft.<\/p>\n<p>Demn\u00e4chst besuche ich das Seminar \u201cSicher dichten\u201d \u2013 Fortbildung ist eben notwendig, um die eigene Arbeit zu erleichtern und das Ergebnis zu verbessern. Denn im Endeffekt ist ein zufriedener Bauherr das Wichtigste der ganzen Baustelle.&#8220;<\/p>\n<figure id=\"attachment_5628\" aria-describedby=\"caption-attachment-5628\" style=\"width: 584px\" class=\"wp-caption aligncenter\"><a href=\"https:\/\/blog.proclima.com\/de\/files\/2016\/03\/DSC_3130.jpg\" rel=\"attachment wp-att-5628\"><img loading=\"lazy\" decoding=\"async\" class=\"wp-image-5628 size-large\" src=\"https:\/\/blog.proclima.com\/de\/files\/2016\/03\/DSC_3130-1024x683.jpg\" alt=\"Dominique Rouxel (rechts) mit Praxisreferent Thomas G\u00e4rtner.\" width=\"584\" height=\"390\" srcset=\"https:\/\/blog.proclima.com\/de\/files\/2016\/03\/DSC_3130-1024x683.jpg 1024w, https:\/\/blog.proclima.com\/de\/files\/2016\/03\/DSC_3130-300x200.jpg 300w, https:\/\/blog.proclima.com\/de\/files\/2016\/03\/DSC_3130-768x512.jpg 768w, https:\/\/blog.proclima.com\/de\/files\/2016\/03\/DSC_3130-1536x1024.jpg 1536w, https:\/\/blog.proclima.com\/de\/files\/2016\/03\/DSC_3130-2048x1365.jpg 2048w, https:\/\/blog.proclima.com\/de\/files\/2016\/03\/DSC_3130-384x256.jpg 384w\" sizes=\"auto, (max-width: 584px) 100vw, 584px\" \/><\/a><figcaption id=\"caption-attachment-5628\" class=\"wp-caption-text\">Dominique Rouxel (rechts) mit Praxisreferent Thomas G\u00e4rtner.<\/figcaption><\/figure>\n<p>Der H\u00e4ndler <strong>Dominique Rouxel von <a href=\"http:\/\/www.hagebau-beyer.de\/\">Beyer Baustoffe<\/a><\/strong> Mainz war ein Neuling bei Schnittstelle Baustelle 2016. Die gewerke\u00fcbergreifende Schulung tourte dieses Fr\u00fchjahr zum sechsten Mal durch Deutschland. Organisiert und initiiert von pro clima und Inthermo wird jedes Jahr ein neues Programm mit neuen Inhalten und Partner zusammengestellt. Als Schwerpunkt hatte Schnittstelle Baustelle dieses Jahr den Werkstoff Lehm. \u201eDas Seminarkonzept ist super- es ist sch\u00f6n, dass man sich das Programm selbst zusammenstellen kann. Mich interessieren die \u00f6kologischen L\u00f6sungen &#8211; weil Wohngesundheit und Nachhaltigkeit immer wichtiger werden. Mein neu erworbenes Wissen m\u00f6chte ich auch meinen Kunden weitergeben. Interessant war auch der Baurechtsvortrag. Ich kann auf jeden Fall Inhalte dieser Fortbildung sofort in meiner Arbeit umsetzen.\u201c<\/p>\n<p><iframe loading=\"lazy\"  id=\"_ytid_25344\" width=\"1170\" height=\"658\" src=\"https:\/\/www.youtube-nocookie.com\/embed\/kl-zPRCEeJU?enablejsapi=1&#038;autoplay=0&#038;cc_load_policy=0&#038;iv_load_policy=1&#038;loop=0&#038;modestbranding=1&#038;rel=0&#038;showinfo=0&#038;fs=1&#038;playsinline=1&#038;controls=2&#038;autohide=2&#038;theme=light&#038;color=red&#038;hl=de_DE&#038;\" class=\"__youtube_prefs__\" title=\"YouTube player\"  allowfullscreen data-no-lazy=\"1\" data-skipgform_ajax_framebjll=\"\"><\/iframe><\/p>\n<p>Obwohl vor 18 Jahren Luftdichtung und \u00f6kologisches Bauen noch kaum verbreitet war, hat <a href=\"http:\/\/www.weichmann-d\u00e4mmungen.de\">Michael Weichmann<\/a> von Beginn an mit nachhaltigen Baustoffen gearbeitet. Dabei stie\u00df der Handwerker auch auf die Firma MOLL bau\u00f6kologische Firma, die 1994 die Marke pro clima entwickelt hat. Mit seinem Fachbetrieb f\u00fcr Einblasd\u00e4mmungen achtet er darauf, hochwertige Produkte einzusetzen.<\/p>\n<figure id=\"attachment_5625\" aria-describedby=\"caption-attachment-5625\" style=\"width: 200px\" class=\"wp-caption alignright\"><a href=\"https:\/\/blog.proclima.com\/de\/files\/2016\/03\/DSC_3185-e1457720518547.jpg\" rel=\"attachment wp-att-5625\"><img loading=\"lazy\" decoding=\"async\" class=\"wp-image-5625 size-medium\" src=\"https:\/\/blog.proclima.com\/de\/files\/2016\/03\/DSC_3185-e1457720518547-200x300.jpg\" alt=\"DSC_3185\" width=\"200\" height=\"300\" \/><\/a><figcaption id=\"caption-attachment-5625\" class=\"wp-caption-text\">Zimmerermeister Jochen G\u00f6tz (links), pro clima Au\u00dfendienst, mit Michael Weichmann.<\/figcaption><\/figure>\n<p>Bei Schnittstelle Baustelle hat ihn vor allem das Spezialthema Lehm interessiert: \u201eDurch pro clima bin ich bei Schnittstelle Baustelle gelandet \u2013 nun zum zweiten Mal, ich war auch bei der ersten Tour dabei. Ich finde das Konzept interessant, dass sich verschiedene Firmen zusammengetan haben, um gewerke\u00fcbergreifendes Wissen weiterzugeben. Es ist praktisch, dass man mehrere Seminare an einem Tag besuchen kann. Ich habe mir heute die Workshops von Claytec zu Lehm und Redstone zu Innend\u00e4mmung angeschaut.\u201c<\/p>\n<p><iframe loading=\"lazy\"  id=\"_ytid_44339\" width=\"1170\" height=\"658\" src=\"https:\/\/www.youtube-nocookie.com\/embed\/BTgscbeJS3E?enablejsapi=1&#038;autoplay=0&#038;cc_load_policy=0&#038;iv_load_policy=1&#038;loop=0&#038;modestbranding=1&#038;rel=0&#038;showinfo=0&#038;fs=1&#038;playsinline=1&#038;controls=2&#038;autohide=2&#038;theme=light&#038;color=red&#038;hl=de_DE&#038;\" class=\"__youtube_prefs__\" title=\"YouTube player\"  allowfullscreen data-no-lazy=\"1\" data-skipgform_ajax_framebjll=\"\"><\/iframe><\/p>\n<figure id=\"attachment_5622\" aria-describedby=\"caption-attachment-5622\" style=\"width: 300px\" class=\"wp-caption alignright\"><a href=\"https:\/\/blog.proclima.com\/de\/files\/2016\/03\/DSC_3322.jpg\" rel=\"attachment wp-att-5622\"><img loading=\"lazy\" decoding=\"async\" class=\"wp-image-5622 size-medium\" src=\"https:\/\/blog.proclima.com\/de\/files\/2016\/03\/DSC_3322-300x200.jpg\" alt=\"DSC_3322\" width=\"300\" height=\"200\" srcset=\"https:\/\/blog.proclima.com\/de\/files\/2016\/03\/DSC_3322-300x200.jpg 300w, https:\/\/blog.proclima.com\/de\/files\/2016\/03\/DSC_3322-1024x683.jpg 1024w, https:\/\/blog.proclima.com\/de\/files\/2016\/03\/DSC_3322-768x512.jpg 768w, https:\/\/blog.proclima.com\/de\/files\/2016\/03\/DSC_3322-1536x1024.jpg 1536w, https:\/\/blog.proclima.com\/de\/files\/2016\/03\/DSC_3322-2048x1365.jpg 2048w, https:\/\/blog.proclima.com\/de\/files\/2016\/03\/DSC_3322-384x256.jpg 384w\" sizes=\"auto, (max-width: 300px) 100vw, 300px\" \/><\/a><figcaption id=\"caption-attachment-5622\" class=\"wp-caption-text\">Zimmeremeister Hans-Gerd Schemmik (links) mit Holger Merkel, pro clima Au\u00dfendienst S\u00fcd-West.<\/figcaption><\/figure>\n<p><strong>Zimmerermeister Hans-Gerd Schemmik von <a href=\"http:\/\/www.lehmplan.de\/\">Lehmplan<\/a><\/strong>, hat sich seit 2003 auf Lehmbau spezialisiert und hat auch einiges Neues bei Schnittstelle Baustelle 2016 gelernt: \u201eSpezialthema war Lehm- aber die Motivation einen Tag bei Schnittstelle Baustelle zu verbringen war die Kombination aller Vortr\u00e4ge und Workshops. Baurecht und das Thema innliegende Abdichtungen fand ich besonders spannend. Der Rechtsvortrag war interessant, weil sich wieder einiges f\u00fcr uns Handwerker ge\u00e4ndert hat, auf das wir auf jeden Fall achten sollten.\u201c<\/p>\n<p><iframe loading=\"lazy\"  id=\"_ytid_58678\" width=\"1170\" height=\"658\" src=\"https:\/\/www.youtube-nocookie.com\/embed\/u-iGzrA_z0o?enablejsapi=1&#038;autoplay=0&#038;cc_load_policy=0&#038;iv_load_policy=1&#038;loop=0&#038;modestbranding=1&#038;rel=0&#038;showinfo=0&#038;fs=1&#038;playsinline=1&#038;controls=2&#038;autohide=2&#038;theme=light&#038;color=red&#038;hl=de_DE&#038;\" class=\"__youtube_prefs__\" title=\"YouTube player\"  allowfullscreen data-no-lazy=\"1\" data-skipgform_ajax_framebjll=\"\"><\/iframe><\/p>\n<p>Praxisreferent Thomas G\u00e4rtner erz\u00e4hlt in folgendem Video, was die Teilnehmer in seinem Workshop lernen konnten:<\/p>\n<p><iframe loading=\"lazy\"  id=\"_ytid_76558\" width=\"1170\" height=\"658\" src=\"https:\/\/www.youtube-nocookie.com\/embed\/nkuGfrGIkrw?enablejsapi=1&#038;autoplay=0&#038;cc_load_policy=0&#038;iv_load_policy=1&#038;loop=0&#038;modestbranding=1&#038;rel=0&#038;showinfo=0&#038;fs=1&#038;playsinline=1&#038;controls=2&#038;autohide=2&#038;theme=light&#038;color=red&#038;hl=de_DE&#038;\" class=\"__youtube_prefs__\" title=\"YouTube player\"  allowfullscreen data-no-lazy=\"1\" data-skipgform_ajax_framebjll=\"\"><\/iframe><\/p>\n<p>Weitere Eindr\u00fccke zur Tour finden Sie auch auf Facebook:<br \/>\n<a href=\"https:\/\/www.facebook.com\/schnittstellebaustelle\/\">https:\/\/www.facebook.com\/schnittstellebaustelle\/<\/a><br \/>\nZum Schnittstelle Baustelle Newsletter geht\u00b4s <a href=\"https:\/\/www.schnittstelle-baustelle.de\/newsletter\">hier.<\/a><\/p>\n","protected":false},"excerpt":{"rendered":"<p>Durch acht Orte ist Schnittstelle Baustelle 2016 getourt. Mehr als 650 Teilnehmer haben die Workshops besucht. Das Finale war am Donnerstag in N\u00fcrnberg. Wir haben <a href=\"https:\/\/blog.proclima.com\/de\/2016\/03\/schnittbau-2016-feedback\/\" rel=\"bookmark\">&#8230;<\/a><\/p>\n","protected":false},"author":18,"featured_media":0,"comment_status":"open","ping_status":"open","sticky":false,"template":"","format":"standard","meta":{"footnotes":""},"categories":[440,3],"tags":[791,906],"class_list":["post-5619","post","type-post","status-publish","format-standard","hentry","category-schnittstelle-baustelle","category-veranstaltung","tag-schnittbau","tag-schnittstelle-baustelle"],"yoast_head":"<!-- This site is optimized with the Yoast SEO plugin v27.5 - https:\/\/yoast.com\/product\/yoast-seo-wordpress\/ -->\n<title>Schnittstelle Baustelle 2016: Fotos, Videos und Teilnehmerfeedbacks &#187; pro clima Blog - Deutschland<\/title>\n<meta name=\"robots\" content=\"index, follow, max-snippet:-1, max-image-preview:large, max-video-preview:-1\" \/>\n<link rel=\"canonical\" href=\"https:\/\/blog.proclima.com\/de\/2016\/03\/schnittbau-2016-feedback\/\" \/>\n<meta property=\"og:locale\" content=\"de_DE\" \/>\n<meta property=\"og:type\" content=\"article\" \/>\n<meta property=\"og:title\" content=\"Schnittstelle Baustelle 2016: Fotos, Videos und Teilnehmerfeedbacks &#187; pro clima Blog - Deutschland\" \/>\n<meta property=\"og:description\" content=\"Durch acht Orte ist Schnittstelle Baustelle 2016 getourt. Mehr als 650 Teilnehmer haben die Workshops besucht. Das Finale war am Donnerstag in N\u00fcrnberg. Wir haben ...\" \/>\n<meta property=\"og:url\" content=\"https:\/\/blog.proclima.com\/de\/2016\/03\/schnittbau-2016-feedback\/\" \/>\n<meta property=\"og:site_name\" content=\"pro clima Blog - Deutschland\" \/>\n<meta property=\"article:publisher\" content=\"https:\/\/www.facebook.com\/proclima\" \/>\n<meta property=\"article:published_time\" content=\"2016-03-14T10:02:46+00:00\" \/>\n<meta property=\"article:modified_time\" content=\"2016-03-14T18:39:59+00:00\" \/>\n<meta property=\"og:image\" content=\"https:\/\/blog.proclima.com\/de\/files\/2016\/03\/Bildschirmfoto-2016-03-11-um-19.13.15.png\" \/>\n\t<meta property=\"og:image:width\" content=\"1695\" \/>\n\t<meta property=\"og:image:height\" content=\"796\" \/>\n\t<meta property=\"og:image:type\" content=\"image\/png\" \/>\n<meta name=\"author\" content=\"Heide Merkel\" \/>\n<meta name=\"twitter:card\" content=\"summary_large_image\" \/>\n<meta name=\"twitter:creator\" content=\"@proclimaDE\" \/>\n<meta name=\"twitter:site\" content=\"@proclimaDE\" \/>\n<meta name=\"twitter:label1\" content=\"Verfasst von\" \/>\n\t<meta name=\"twitter:data1\" content=\"Heide Merkel\" \/>\n\t<meta name=\"twitter:label2\" content=\"Gesch\u00e4tzte Lesezeit\" \/>\n\t<meta name=\"twitter:data2\" content=\"5\u00a0Minuten\" \/>\n<script type=\"application\/ld+json\" class=\"yoast-schema-graph\">{\"@context\":\"https:\\\/\\\/schema.org\",\"@graph\":[{\"@type\":\"Article\",\"@id\":\"https:\\\/\\\/blog.proclima.com\\\/de\\\/2016\\\/03\\\/schnittbau-2016-feedback\\\/#article\",\"isPartOf\":{\"@id\":\"https:\\\/\\\/blog.proclima.com\\\/de\\\/2016\\\/03\\\/schnittbau-2016-feedback\\\/\"},\"author\":{\"name\":\"Heide Merkel\",\"@id\":\"https:\\\/\\\/blog.proclima.com\\\/de\\\/#\\\/schema\\\/person\\\/b3490e20200d5d45b8d56f555ceffc21\"},\"headline\":\"Schnittstelle Baustelle 2016: Fotos, Videos und Teilnehmerfeedbacks\",\"datePublished\":\"2016-03-14T10:02:46+00:00\",\"dateModified\":\"2016-03-14T18:39:59+00:00\",\"mainEntityOfPage\":{\"@id\":\"https:\\\/\\\/blog.proclima.com\\\/de\\\/2016\\\/03\\\/schnittbau-2016-feedback\\\/\"},\"wordCount\":1061,\"commentCount\":0,\"publisher\":{\"@id\":\"https:\\\/\\\/blog.proclima.com\\\/de\\\/#organization\"},\"image\":{\"@id\":\"https:\\\/\\\/blog.proclima.com\\\/de\\\/2016\\\/03\\\/schnittbau-2016-feedback\\\/#primaryimage\"},\"thumbnailUrl\":\"https:\\\/\\\/blog.proclima.com\\\/de\\\/files\\\/2016\\\/03\\\/Bildschirmfoto-2016-03-11-um-19.13.15-300x141.png\",\"keywords\":[\"SchnittBau\",\"Schnittstelle Baustelle\"],\"articleSection\":[\"Schnittstelle Baustelle\",\"Veranstaltung\"],\"inLanguage\":\"de\",\"potentialAction\":[{\"@type\":\"CommentAction\",\"name\":\"Comment\",\"target\":[\"https:\\\/\\\/blog.proclima.com\\\/de\\\/2016\\\/03\\\/schnittbau-2016-feedback\\\/#respond\"]}]},{\"@type\":\"WebPage\",\"@id\":\"https:\\\/\\\/blog.proclima.com\\\/de\\\/2016\\\/03\\\/schnittbau-2016-feedback\\\/\",\"url\":\"https:\\\/\\\/blog.proclima.com\\\/de\\\/2016\\\/03\\\/schnittbau-2016-feedback\\\/\",\"name\":\"Schnittstelle Baustelle 2016: Fotos, Videos und Teilnehmerfeedbacks &#187; pro clima Blog - Deutschland\",\"isPartOf\":{\"@id\":\"https:\\\/\\\/blog.proclima.com\\\/de\\\/#website\"},\"primaryImageOfPage\":{\"@id\":\"https:\\\/\\\/blog.proclima.com\\\/de\\\/2016\\\/03\\\/schnittbau-2016-feedback\\\/#primaryimage\"},\"image\":{\"@id\":\"https:\\\/\\\/blog.proclima.com\\\/de\\\/2016\\\/03\\\/schnittbau-2016-feedback\\\/#primaryimage\"},\"thumbnailUrl\":\"https:\\\/\\\/blog.proclima.com\\\/de\\\/files\\\/2016\\\/03\\\/Bildschirmfoto-2016-03-11-um-19.13.15-300x141.png\",\"datePublished\":\"2016-03-14T10:02:46+00:00\",\"dateModified\":\"2016-03-14T18:39:59+00:00\",\"breadcrumb\":{\"@id\":\"https:\\\/\\\/blog.proclima.com\\\/de\\\/2016\\\/03\\\/schnittbau-2016-feedback\\\/#breadcrumb\"},\"inLanguage\":\"de\",\"potentialAction\":[{\"@type\":\"ReadAction\",\"target\":[\"https:\\\/\\\/blog.proclima.com\\\/de\\\/2016\\\/03\\\/schnittbau-2016-feedback\\\/\"]}]},{\"@type\":\"ImageObject\",\"inLanguage\":\"de\",\"@id\":\"https:\\\/\\\/blog.proclima.com\\\/de\\\/2016\\\/03\\\/schnittbau-2016-feedback\\\/#primaryimage\",\"url\":\"https:\\\/\\\/blog.proclima.com\\\/de\\\/files\\\/2016\\\/03\\\/Bildschirmfoto-2016-03-11-um-19.13.15.png\",\"contentUrl\":\"https:\\\/\\\/blog.proclima.com\\\/de\\\/files\\\/2016\\\/03\\\/Bildschirmfoto-2016-03-11-um-19.13.15.png\",\"width\":1695,\"height\":796},{\"@type\":\"BreadcrumbList\",\"@id\":\"https:\\\/\\\/blog.proclima.com\\\/de\\\/2016\\\/03\\\/schnittbau-2016-feedback\\\/#breadcrumb\",\"itemListElement\":[{\"@type\":\"ListItem\",\"position\":1,\"name\":\"Startseite\",\"item\":\"https:\\\/\\\/blog.proclima.com\\\/de\\\/\"},{\"@type\":\"ListItem\",\"position\":2,\"name\":\"Schnittstelle Baustelle 2016: Fotos, Videos und Teilnehmerfeedbacks\"}]},{\"@type\":\"WebSite\",\"@id\":\"https:\\\/\\\/blog.proclima.com\\\/de\\\/#website\",\"url\":\"https:\\\/\\\/blog.proclima.com\\\/de\\\/\",\"name\":\"pro clima Blog - Deutschland\",\"description\":\"alles was pro clima bewegt\",\"publisher\":{\"@id\":\"https:\\\/\\\/blog.proclima.com\\\/de\\\/#organization\"},\"potentialAction\":[{\"@type\":\"SearchAction\",\"target\":{\"@type\":\"EntryPoint\",\"urlTemplate\":\"https:\\\/\\\/blog.proclima.com\\\/de\\\/?s={search_term_string}\"},\"query-input\":{\"@type\":\"PropertyValueSpecification\",\"valueRequired\":true,\"valueName\":\"search_term_string\"}}],\"inLanguage\":\"de\"},{\"@type\":\"Organization\",\"@id\":\"https:\\\/\\\/blog.proclima.com\\\/de\\\/#organization\",\"name\":\"pro clima - Moll bau\u00f6kologische Produkte GmbH\",\"url\":\"https:\\\/\\\/blog.proclima.com\\\/de\\\/\",\"logo\":{\"@type\":\"ImageObject\",\"inLanguage\":\"de\",\"@id\":\"https:\\\/\\\/blog.proclima.com\\\/de\\\/#\\\/schema\\\/logo\\\/image\\\/\",\"url\":\"https:\\\/\\\/blog.proclima.com\\\/de\\\/files\\\/2020\\\/04\\\/Logo-pro-clima.png\",\"contentUrl\":\"https:\\\/\\\/blog.proclima.com\\\/de\\\/files\\\/2020\\\/04\\\/Logo-pro-clima.png\",\"width\":4210,\"height\":4881,\"caption\":\"pro clima - Moll bau\u00f6kologische Produkte GmbH\"},\"image\":{\"@id\":\"https:\\\/\\\/blog.proclima.com\\\/de\\\/#\\\/schema\\\/logo\\\/image\\\/\"},\"sameAs\":[\"https:\\\/\\\/www.facebook.com\\\/proclima\",\"https:\\\/\\\/x.com\\\/proclimaDE\"]},{\"@type\":\"Person\",\"@id\":\"https:\\\/\\\/blog.proclima.com\\\/de\\\/#\\\/schema\\\/person\\\/b3490e20200d5d45b8d56f555ceffc21\",\"name\":\"Heide Merkel\",\"description\":\"Fachjournalistin, Referentin, Steuerung Presse &amp; Digitale Medien bei Moll bau\u00f6kologische Produkte GmbH (pro clima). Als Japanologin und ausgebildete Redakteurin ist Heide eher zuf\u00e4llig in der Baubranche gelandet. Seit 2011 arbeitet sie f\u00fcr pro clima. Ihr Wissen zu effektiver Kommunikation gibt sie in Seminaren, Artikeln und Vortr\u00e4gen weiter. F\u00fcr den pro clima Blog, proclima.tv und das pro clima Bauradio interviewt sie interessante Menschen aus der Baubranche. Auf\u00a0 luftdichtheit-gepr\u00fcft.de bloggt Heide \u00fcber Leckagen, Luftdichtung und Qualit\u00e4ts\u00fcberpr\u00fcfung mit Blower-Door-Tests. Ihre Freizeit verbringt sie u.a. in den Vogesen, wo sie seit mehr als f\u00fcnf Jahren ein altes Bauernhaus saniert. Ihr neuestes Projekt:\u00a0 www.besser-als-marketing.de Hier gibt es Tipps, wie Unternehmen in der Baubranche ihre Sichtbarkeit erh\u00f6hen k\u00f6nnen. Die ersten Videos sind bereits online im Youtube Channel Wer mehr \u00fcber Heide Merkel erfahren m\u00f6chte, findet sie auf den g\u00e4ngigen Social Media Plattformen.\",\"url\":\"https:\\\/\\\/blog.proclima.com\\\/de\\\/author\\\/gentner\\\/\"}]}<\/script>\n<!-- \/ Yoast SEO plugin. -->","yoast_head_json":{"title":"Schnittstelle Baustelle 2016: Fotos, Videos und Teilnehmerfeedbacks &#187; pro clima Blog - Deutschland","robots":{"index":"index","follow":"follow","max-snippet":"max-snippet:-1","max-image-preview":"max-image-preview:large","max-video-preview":"max-video-preview:-1"},"canonical":"https:\/\/blog.proclima.com\/de\/2016\/03\/schnittbau-2016-feedback\/","og_locale":"de_DE","og_type":"article","og_title":"Schnittstelle Baustelle 2016: Fotos, Videos und Teilnehmerfeedbacks &#187; pro clima Blog - Deutschland","og_description":"Durch acht Orte ist Schnittstelle Baustelle 2016 getourt. Mehr als 650 Teilnehmer haben die Workshops besucht. Das Finale war am Donnerstag in N\u00fcrnberg. Wir haben ...","og_url":"https:\/\/blog.proclima.com\/de\/2016\/03\/schnittbau-2016-feedback\/","og_site_name":"pro clima Blog - Deutschland","article_publisher":"https:\/\/www.facebook.com\/proclima","article_published_time":"2016-03-14T10:02:46+00:00","article_modified_time":"2016-03-14T18:39:59+00:00","og_image":[{"width":1695,"height":796,"url":"https:\/\/blog.proclima.com\/de\/files\/2016\/03\/Bildschirmfoto-2016-03-11-um-19.13.15.png","type":"image\/png"}],"author":"Heide Merkel","twitter_card":"summary_large_image","twitter_creator":"@proclimaDE","twitter_site":"@proclimaDE","twitter_misc":{"Verfasst von":"Heide Merkel","Gesch\u00e4tzte Lesezeit":"5\u00a0Minuten"},"schema":{"@context":"https:\/\/schema.org","@graph":[{"@type":"Article","@id":"https:\/\/blog.proclima.com\/de\/2016\/03\/schnittbau-2016-feedback\/#article","isPartOf":{"@id":"https:\/\/blog.proclima.com\/de\/2016\/03\/schnittbau-2016-feedback\/"},"author":{"name":"Heide Merkel","@id":"https:\/\/blog.proclima.com\/de\/#\/schema\/person\/b3490e20200d5d45b8d56f555ceffc21"},"headline":"Schnittstelle Baustelle 2016: Fotos, Videos und Teilnehmerfeedbacks","datePublished":"2016-03-14T10:02:46+00:00","dateModified":"2016-03-14T18:39:59+00:00","mainEntityOfPage":{"@id":"https:\/\/blog.proclima.com\/de\/2016\/03\/schnittbau-2016-feedback\/"},"wordCount":1061,"commentCount":0,"publisher":{"@id":"https:\/\/blog.proclima.com\/de\/#organization"},"image":{"@id":"https:\/\/blog.proclima.com\/de\/2016\/03\/schnittbau-2016-feedback\/#primaryimage"},"thumbnailUrl":"https:\/\/blog.proclima.com\/de\/files\/2016\/03\/Bildschirmfoto-2016-03-11-um-19.13.15-300x141.png","keywords":["SchnittBau","Schnittstelle Baustelle"],"articleSection":["Schnittstelle Baustelle","Veranstaltung"],"inLanguage":"de","potentialAction":[{"@type":"CommentAction","name":"Comment","target":["https:\/\/blog.proclima.com\/de\/2016\/03\/schnittbau-2016-feedback\/#respond"]}]},{"@type":"WebPage","@id":"https:\/\/blog.proclima.com\/de\/2016\/03\/schnittbau-2016-feedback\/","url":"https:\/\/blog.proclima.com\/de\/2016\/03\/schnittbau-2016-feedback\/","name":"Schnittstelle Baustelle 2016: Fotos, Videos und Teilnehmerfeedbacks &#187; pro clima Blog - Deutschland","isPartOf":{"@id":"https:\/\/blog.proclima.com\/de\/#website"},"primaryImageOfPage":{"@id":"https:\/\/blog.proclima.com\/de\/2016\/03\/schnittbau-2016-feedback\/#primaryimage"},"image":{"@id":"https:\/\/blog.proclima.com\/de\/2016\/03\/schnittbau-2016-feedback\/#primaryimage"},"thumbnailUrl":"https:\/\/blog.proclima.com\/de\/files\/2016\/03\/Bildschirmfoto-2016-03-11-um-19.13.15-300x141.png","datePublished":"2016-03-14T10:02:46+00:00","dateModified":"2016-03-14T18:39:59+00:00","breadcrumb":{"@id":"https:\/\/blog.proclima.com\/de\/2016\/03\/schnittbau-2016-feedback\/#breadcrumb"},"inLanguage":"de","potentialAction":[{"@type":"ReadAction","target":["https:\/\/blog.proclima.com\/de\/2016\/03\/schnittbau-2016-feedback\/"]}]},{"@type":"ImageObject","inLanguage":"de","@id":"https:\/\/blog.proclima.com\/de\/2016\/03\/schnittbau-2016-feedback\/#primaryimage","url":"https:\/\/blog.proclima.com\/de\/files\/2016\/03\/Bildschirmfoto-2016-03-11-um-19.13.15.png","contentUrl":"https:\/\/blog.proclima.com\/de\/files\/2016\/03\/Bildschirmfoto-2016-03-11-um-19.13.15.png","width":1695,"height":796},{"@type":"BreadcrumbList","@id":"https:\/\/blog.proclima.com\/de\/2016\/03\/schnittbau-2016-feedback\/#breadcrumb","itemListElement":[{"@type":"ListItem","position":1,"name":"Startseite","item":"https:\/\/blog.proclima.com\/de\/"},{"@type":"ListItem","position":2,"name":"Schnittstelle Baustelle 2016: Fotos, Videos und Teilnehmerfeedbacks"}]},{"@type":"WebSite","@id":"https:\/\/blog.proclima.com\/de\/#website","url":"https:\/\/blog.proclima.com\/de\/","name":"pro clima Blog - Deutschland","description":"alles was pro clima bewegt","publisher":{"@id":"https:\/\/blog.proclima.com\/de\/#organization"},"potentialAction":[{"@type":"SearchAction","target":{"@type":"EntryPoint","urlTemplate":"https:\/\/blog.proclima.com\/de\/?s={search_term_string}"},"query-input":{"@type":"PropertyValueSpecification","valueRequired":true,"valueName":"search_term_string"}}],"inLanguage":"de"},{"@type":"Organization","@id":"https:\/\/blog.proclima.com\/de\/#organization","name":"pro clima - Moll bau\u00f6kologische Produkte GmbH","url":"https:\/\/blog.proclima.com\/de\/","logo":{"@type":"ImageObject","inLanguage":"de","@id":"https:\/\/blog.proclima.com\/de\/#\/schema\/logo\/image\/","url":"https:\/\/blog.proclima.com\/de\/files\/2020\/04\/Logo-pro-clima.png","contentUrl":"https:\/\/blog.proclima.com\/de\/files\/2020\/04\/Logo-pro-clima.png","width":4210,"height":4881,"caption":"pro clima - Moll bau\u00f6kologische Produkte GmbH"},"image":{"@id":"https:\/\/blog.proclima.com\/de\/#\/schema\/logo\/image\/"},"sameAs":["https:\/\/www.facebook.com\/proclima","https:\/\/x.com\/proclimaDE"]},{"@type":"Person","@id":"https:\/\/blog.proclima.com\/de\/#\/schema\/person\/b3490e20200d5d45b8d56f555ceffc21","name":"Heide Merkel","description":"Fachjournalistin, Referentin, Steuerung Presse &amp; Digitale Medien bei Moll bau\u00f6kologische Produkte GmbH (pro clima). Als Japanologin und ausgebildete Redakteurin ist Heide eher zuf\u00e4llig in der Baubranche gelandet. Seit 2011 arbeitet sie f\u00fcr pro clima. Ihr Wissen zu effektiver Kommunikation gibt sie in Seminaren, Artikeln und Vortr\u00e4gen weiter. F\u00fcr den pro clima Blog, proclima.tv und das pro clima Bauradio interviewt sie interessante Menschen aus der Baubranche. Auf\u00a0 luftdichtheit-gepr\u00fcft.de bloggt Heide \u00fcber Leckagen, Luftdichtung und Qualit\u00e4ts\u00fcberpr\u00fcfung mit Blower-Door-Tests. Ihre Freizeit verbringt sie u.a. in den Vogesen, wo sie seit mehr als f\u00fcnf Jahren ein altes Bauernhaus saniert. Ihr neuestes Projekt:\u00a0 www.besser-als-marketing.de Hier gibt es Tipps, wie Unternehmen in der Baubranche ihre Sichtbarkeit erh\u00f6hen k\u00f6nnen. Die ersten Videos sind bereits online im Youtube Channel Wer mehr \u00fcber Heide Merkel erfahren m\u00f6chte, findet sie auf den g\u00e4ngigen Social Media Plattformen.","url":"https:\/\/blog.proclima.com\/de\/author\/gentner\/"}]}},"canto_acf_fields":"","_links":{"self":[{"href":"https:\/\/blog.proclima.com\/de\/wp-json\/wp\/v2\/posts\/5619","targetHints":{"allow":["GET"]}}],"collection":[{"href":"https:\/\/blog.proclima.com\/de\/wp-json\/wp\/v2\/posts"}],"about":[{"href":"https:\/\/blog.proclima.com\/de\/wp-json\/wp\/v2\/types\/post"}],"author":[{"embeddable":true,"href":"https:\/\/blog.proclima.com\/de\/wp-json\/wp\/v2\/users\/18"}],"replies":[{"embeddable":true,"href":"https:\/\/blog.proclima.com\/de\/wp-json\/wp\/v2\/comments?post=5619"}],"version-history":[{"count":10,"href":"https:\/\/blog.proclima.com\/de\/wp-json\/wp\/v2\/posts\/5619\/revisions"}],"predecessor-version":[{"id":5639,"href":"https:\/\/blog.proclima.com\/de\/wp-json\/wp\/v2\/posts\/5619\/revisions\/5639"}],"wp:attachment":[{"href":"https:\/\/blog.proclima.com\/de\/wp-json\/wp\/v2\/media?parent=5619"}],"wp:term":[{"taxonomy":"category","embeddable":true,"href":"https:\/\/blog.proclima.com\/de\/wp-json\/wp\/v2\/categories?post=5619"},{"taxonomy":"post_tag","embeddable":true,"href":"https:\/\/blog.proclima.com\/de\/wp-json\/wp\/v2\/tags?post=5619"}],"curies":[{"name":"wp","href":"https:\/\/api.w.org\/{rel}","templated":true}]}}