
{"id":5604,"date":"2016-03-10T19:51:22","date_gmt":"2016-03-10T18:51:22","guid":{"rendered":"http:\/\/blog.proclima.com\/de\/?p=5604"},"modified":"2016-03-11T10:21:25","modified_gmt":"2016-03-11T09:21:25","slug":"fensterbau-frontale-2016","status":"publish","type":"post","link":"https:\/\/blog.proclima.com\/de\/2016\/03\/fensterbau-frontale-2016\/","title":{"rendered":"Sichere und schnelle L\u00f6sungen f\u00fcr den fachgerechten Fenstereinbau"},"content":{"rendered":"<p><i>Die Luftdichtungs- und Witterungsschutzsexperten von pro clima sind auf der Fensterbau Frontale &#8211; Halle 4A Stand 230<\/i><\/p>\n<p>Ein rundes System f\u00fcr alle Anschlusssituationen beim Fenstereinbau: pro clima, Entwickler f\u00fcr Systeme zur Dichtung der Geb\u00e4udeh\u00fclle, pr\u00e4sentiert seine innovativen L\u00f6sungen zum ersten Mal auf der Fensterbau Frontale in N\u00fcrnberg in Halle 4A am Stand 230.<\/p>\n<p>\u201eSeit mehr als 25 Jahren besch\u00e4ftigen wir uns mit Luftdichtung und Witterungsschutz f\u00fcr Dach, Wand und Fenster. In dieser Zeit haben wir bei pro clima Systeme entwickelt, mit denen Monteure und Verarbeiter Fenstersituation meistern k\u00f6nnen, sei es im Holz-, Mauerwerks- oder Betonbau\u201c, sagt Michael F\u00f6rster, Leiter der pro clima Anwendungstechnik.<\/p>\n<figure id=\"attachment_5606\" aria-describedby=\"caption-attachment-5606\" style=\"width: 300px\" class=\"wp-caption alignright\"><a href=\"https:\/\/blog.proclima.com\/de\/files\/2016\/03\/2_Abb_2_CONTEGAIQ_fuerWeb.jpg\" rel=\"attachment wp-att-5605\"><img loading=\"lazy\" decoding=\"async\" data-size=\"420x280\" class=\"wp-image-5606 size-medium\" src=\"https:\/\/blog.proclima.com\/de\/files\/2016\/03\/2_Abb_2_CONTEGAIQ_fuerWeb-300x200.jpg\" alt=\"\" width=\"300\" height=\"200\" srcset=\"https:\/\/blog.proclima.com\/de\/files\/2016\/03\/2_Abb_2_CONTEGAIQ_fuerWeb-300x200.jpg 300w, https:\/\/blog.proclima.com\/de\/files\/2016\/03\/2_Abb_2_CONTEGAIQ_fuerWeb-384x256.jpg 384w, https:\/\/blog.proclima.com\/de\/files\/2016\/03\/2_Abb_2_CONTEGAIQ_fuerWeb.jpg 420w\" sizes=\"auto, (max-width: 300px) 100vw, 300px\" \/><\/a><figcaption id=\"caption-attachment-5606\" class=\"wp-caption-text\">Feuchtevariables Fensteranschlussband f\u00fcr den Einsatz innen und au\u00dfen: pro clima CONTEGA IQ<\/figcaption><\/figure>\n<p>Eines der Top-Produkte f\u00fcr besonders sichere und anwendungsfreundliche L\u00f6sungen aus dem pro clima Fenstersortiment ist das Anschlussband CONTEGA IQ. Die RAL-zertifizierte Fugendichtungsfolie ist mit einem intelligenten feuchtevariablen Funktionsfilm ausgestattet. Damit ist sie gleichzeitig f\u00fcr den dampfbremsenden und luftdichten Anschluss innen wie auch f\u00fcr den diffusionsoffenen schlagregensicheren Anschluss au\u00dfen geeignet: \u201eDurch die beidseitige Einsatzm\u00f6glichkeit sinkt die Gefahr, dass ein Produkt an verkehrter Stelle montiert wird und ein Bauschaden entsteht. Dabei funktioniert CONTEGA IQ perfekt sowohl im Mauerwerksbau als auch bei Holzbaukonstruktionen\u201c, so Ingenieur F\u00f6rster.<\/p>\n<p>Die korrekte Luft- und Winddichtung ist beim Fenstereinbau elementar. Da die Anschl\u00fcsse oft gewerke\u00fcbergreifend hergestellt werden m\u00fcssen, ist das Fehlerrisiko hoch. Das pro clima Team versucht daher mit seinem Know-How zu unterst\u00fctzen. Auf der Fensterbau Frontale demonstrieren die erfahrenen Praktiker und Ingenieure aus der Technik, in welcher Situation welches Band schnell und einfach verarbeitet werden kann.<\/p>\n<p><strong>CONTEGA SOLIDO SL: extreme Klebkraft auch auf mineralischen Untergr\u00fcnden<\/strong><\/p>\n<figure id=\"attachment_5605\" aria-describedby=\"caption-attachment-5605\" style=\"width: 900px\" class=\"wp-caption alignnone\"><a href=\"https:\/\/blog.proclima.com\/de\/files\/2016\/03\/1_Abb_1_CONTEGA_SOLIDO_SLfuerWeb.jpg\" rel=\"attachment wp-att-5606\"><img loading=\"lazy\" decoding=\"async\" data-size=\"900x600\" class=\"wp-image-5605 size-full\" src=\"https:\/\/blog.proclima.com\/de\/files\/2016\/03\/1_Abb_1_CONTEGA_SOLIDO_SLfuerWeb.jpg\" alt=\"\" width=\"900\" height=\"600\" srcset=\"https:\/\/blog.proclima.com\/de\/files\/2016\/03\/1_Abb_1_CONTEGA_SOLIDO_SLfuerWeb.jpg 900w, https:\/\/blog.proclima.com\/de\/files\/2016\/03\/1_Abb_1_CONTEGA_SOLIDO_SLfuerWeb-300x200.jpg 300w, https:\/\/blog.proclima.com\/de\/files\/2016\/03\/1_Abb_1_CONTEGA_SOLIDO_SLfuerWeb-768x512.jpg 768w, https:\/\/blog.proclima.com\/de\/files\/2016\/03\/1_Abb_1_CONTEGA_SOLIDO_SLfuerWeb-384x256.jpg 384w\" sizes=\"auto, (max-width: 900px) 100vw, 900px\" \/><\/a><figcaption id=\"caption-attachment-5605\" class=\"wp-caption-text\">Vollfl\u00e4chig klebendes Fensteranschlussband f\u00fcr innen: CONTEGA SOLIDO SL<\/figcaption><\/figure>\n<p>An Praxismodellen k\u00f6nnen die Messebesucher das Sortiment durchtesten. Beispielsweise die Fensteranschlussb\u00e4nder CONTEGA SOLIDO SL f\u00fcr den Anschluss innen. Diese verkleben die Fuge sofort luftdicht und dampfbremsend und weisen eine extreme Klebkraft auch auf mineralischen Untergr\u00fcnden auf. Dahinter steckt die besondere Formel eines modifizierten wasserfesten SOLID-Klebers. Die Monteure sch\u00e4tzen, dass die CONTEGA Systeme leicht anzuarbeiten und die Verbindungen sofort belastbar sind. Ein Pendant f\u00fcr den Fensteranschluss au\u00dfen ist das diffusionsoffene und schlagregensichere CONTEGA SOLIDO EXO. Die beiden B\u00e4nder sind einfach farblich zu unterscheiden: wei\u00df f\u00fcr innen; schwarz f\u00fcr au\u00dfen.<!--more--><\/p>\n<figure id=\"attachment_5607\" aria-describedby=\"caption-attachment-5607\" style=\"width: 200px\" class=\"wp-caption alignright\"><a href=\"https:\/\/blog.proclima.com\/de\/files\/2016\/03\/3_Abb_3_CONTEGA_SOLIDO_SL_fuerWeb.jpg\" rel=\"attachment wp-att-5607\"><img loading=\"lazy\" decoding=\"async\" data-size=\"200x200\" class=\"size-full wp-image-5607\" src=\"https:\/\/blog.proclima.com\/de\/files\/2016\/03\/3_Abb_3_CONTEGA_SOLIDO_SL_fuerWeb.jpg\" alt=\"CONTEGA SOLIDO SL: Die verklebte Fuge ist sofort luftdicht und die Verbindung belastbar.\" width=\"200\" height=\"200\" srcset=\"https:\/\/blog.proclima.com\/de\/files\/2016\/03\/3_Abb_3_CONTEGA_SOLIDO_SL_fuerWeb.jpg 200w, https:\/\/blog.proclima.com\/de\/files\/2016\/03\/3_Abb_3_CONTEGA_SOLIDO_SL_fuerWeb-150x150.jpg 150w\" sizes=\"auto, (max-width: 200px) 100vw, 200px\" \/><\/a><figcaption id=\"caption-attachment-5607\" class=\"wp-caption-text\">CONTEGA SOLIDO SL: Die verklebte Fuge ist sofort luftdicht und die Verbindung belastbar.<\/figcaption><\/figure>\n<p>Egal ob ein Fenster nachtr\u00e4glich abgedichtet oder neu eingebaut werden muss \u2013 das pro clima Fenstersortiment bietet f\u00fcr Neubau und Sanierung abgestimmte L\u00f6sungen. Ein \u00dcberblick des kompletten Systems enth\u00e4lt die pro clima Fensterboxbrosch\u00fcre:<span style=\"font-family: Arial\"><br \/>\n<a href=\"https:\/\/de.proclima.com\/media\/downloads\/pro_clima_Produktbroschuere_Fensterbox.pdf\">https:\/\/de.proclima.com\/media\/downloads\/pro_clima_Produktbroschuere_Fensterbox.pdf<\/a><\/span><\/p>\n<p><i>pro clima ist die Luft-und Winddichtungsmarke der Firma Moll bau\u00f6kologische Produkte GmbH. MOLL ein Unternehmen aus S\u00fcddeutschland, das sich auf die Dichtung der Geb\u00e4udeh\u00fclle spezialisiert hat. Mit Hauptsitz in Schwetzingen (Baden-W\u00fcrttemberg) entwickelt und produziert die Firma Systeme f\u00fcr W\u00e4rmed\u00e4mmkonstruktionen. Dazu geh\u00f6ren: Luftdichtung innen mit Feuchtemanagement durch feuchtevariable Dampfbremsen, Winddichtung au\u00dfen mit aktivem Feuchtetransport (Unterspann- und Unterdeckbahnen, Wandschalungsbahnen), Anschlusskleber, Klebeb\u00e4nder und Detaill\u00f6sungen mit Manschetten. Unter der Marke pro clima ist die Firma seit mehr als 20 Jahren in \u00fcber 35 L\u00e4ndern weltweit aktiv. <\/i><\/p>\n<p><strong>Fotos und Untertitel<\/strong><\/p>\n<figure id=\"attachment_5605\" aria-describedby=\"caption-attachment-5605\" style=\"width: 900px\" class=\"wp-caption aligncenter\"><a href=\"https:\/\/blog.proclima.com\/de\/files\/2016\/03\/1_Abb_1_CONTEGA_SOLIDO_SLfuerWeb.jpg\" rel=\"attachment wp-att-5605\"><img loading=\"lazy\" decoding=\"async\" data-size=\"900x600\" class=\"wp-image-5605 size-full\" src=\"https:\/\/blog.proclima.com\/de\/files\/2016\/03\/1_Abb_1_CONTEGA_SOLIDO_SLfuerWeb.jpg\" alt=\"Vollfl\u00e4chig klebendes Fensteranschlussband f\u00fcr innen: CONTEGA SOLIDO SL\" width=\"900\" height=\"600\" srcset=\"https:\/\/blog.proclima.com\/de\/files\/2016\/03\/1_Abb_1_CONTEGA_SOLIDO_SLfuerWeb.jpg 900w, https:\/\/blog.proclima.com\/de\/files\/2016\/03\/1_Abb_1_CONTEGA_SOLIDO_SLfuerWeb-300x200.jpg 300w, https:\/\/blog.proclima.com\/de\/files\/2016\/03\/1_Abb_1_CONTEGA_SOLIDO_SLfuerWeb-768x512.jpg 768w, https:\/\/blog.proclima.com\/de\/files\/2016\/03\/1_Abb_1_CONTEGA_SOLIDO_SLfuerWeb-384x256.jpg 384w\" sizes=\"auto, (max-width: 900px) 100vw, 900px\" \/><\/a><figcaption id=\"caption-attachment-5605\" class=\"wp-caption-text\">Vollfl\u00e4chig klebendes Fensteranschlussband f\u00fcr innen: CONTEGA SOLIDO SL<\/figcaption><\/figure>\n<figure id=\"attachment_5606\" aria-describedby=\"caption-attachment-5606\" style=\"width: 420px\" class=\"wp-caption aligncenter\"><a href=\"https:\/\/blog.proclima.com\/de\/files\/2016\/03\/2_Abb_2_CONTEGAIQ_fuerWeb.jpg\" rel=\"attachment wp-att-5606\"><img loading=\"lazy\" decoding=\"async\" data-size=\"420x280\" class=\"wp-image-5606 size-full\" src=\"https:\/\/blog.proclima.com\/de\/files\/2016\/03\/2_Abb_2_CONTEGAIQ_fuerWeb.jpg\" alt=\"Feuchtevariables Fensteranschlussband f\u00fcr den Einsatz innen und au\u00dfen: pro clima CONTEGA IQ\" width=\"420\" height=\"280\" srcset=\"https:\/\/blog.proclima.com\/de\/files\/2016\/03\/2_Abb_2_CONTEGAIQ_fuerWeb.jpg 420w, https:\/\/blog.proclima.com\/de\/files\/2016\/03\/2_Abb_2_CONTEGAIQ_fuerWeb-300x200.jpg 300w, https:\/\/blog.proclima.com\/de\/files\/2016\/03\/2_Abb_2_CONTEGAIQ_fuerWeb-384x256.jpg 384w\" sizes=\"auto, (max-width: 420px) 100vw, 420px\" \/><\/a><figcaption id=\"caption-attachment-5606\" class=\"wp-caption-text\">Feuchtevariables Fensteranschlussband f\u00fcr den Einsatz innen und au\u00dfen: pro clima CONTEGA IQ<\/figcaption><\/figure>\n<figure id=\"attachment_5607\" aria-describedby=\"caption-attachment-5607\" style=\"width: 200px\" class=\"wp-caption aligncenter\"><a href=\"https:\/\/blog.proclima.com\/de\/files\/2016\/03\/3_Abb_3_CONTEGA_SOLIDO_SL_fuerWeb.jpg\" rel=\"attachment wp-att-5607\"><img loading=\"lazy\" decoding=\"async\" data-size=\"200x200\" class=\"size-full wp-image-5607\" src=\"https:\/\/blog.proclima.com\/de\/files\/2016\/03\/3_Abb_3_CONTEGA_SOLIDO_SL_fuerWeb.jpg\" alt=\"CONTEGA SOLIDO SL: Die verklebte Fuge ist sofort luftdicht und die Verbindung belastbar.\" width=\"200\" height=\"200\" srcset=\"https:\/\/blog.proclima.com\/de\/files\/2016\/03\/3_Abb_3_CONTEGA_SOLIDO_SL_fuerWeb.jpg 200w, https:\/\/blog.proclima.com\/de\/files\/2016\/03\/3_Abb_3_CONTEGA_SOLIDO_SL_fuerWeb-150x150.jpg 150w\" sizes=\"auto, (max-width: 200px) 100vw, 200px\" \/><\/a><figcaption id=\"caption-attachment-5607\" class=\"wp-caption-text\">CONTEGA SOLIDO SL: Die verklebte Fuge ist sofort luftdicht und die Verbindung belastbar.<\/figcaption><\/figure>\n<p>Fotos zu dieser Pressemitteilung f\u00fcr Druck und Web \u2013 kostenlos und ohne Anmeldung zum Download: <a href=\"http:\/\/procli.ma\/ff2016\">http:\/\/procli.ma\/ff2016<\/a><\/p>\n<p>Bildquelle und -rechte: MOLL pro clima<\/p>\n<p><strong>Technik-Hotline<br \/>\n<\/strong><i>Ingenieure aus Holzbau und Bauwesen helfen schnell, einfach und kompetent. L\u00f6sungen zur wirtschaftlichen, sicheren und wohngesunden Ausf\u00fchrung Ihrer Konstruktion.<br \/>\n<\/i>Tel. 0 62 02 &#8211; 27 82.45<br \/>\nFax 0 62 02 &#8211; 27 82.51<\/p>\n<p><a href=\"https:\/\/de.proclima.com\/service\/technikhotline\">https:\/\/de.proclima.com\/service\/technikhotline<\/a><\/p>\n<p><strong>Pressekontakt<br \/>\n<\/strong>Heide Gentner<br \/>\n<a href=\"mailto:heide.gentner@proclima.de\">heide.gentner@proclima.de<br \/>\n<\/a>Tel: 06202\/2782-56<\/p>\n<p>&nbsp;<\/p>\n","protected":false},"excerpt":{"rendered":"<p>Die Luftdichtungs- und Witterungsschutzsexperten von pro clima sind auf der Fensterbau Frontale &#8211; Halle 4A Stand 230 Ein rundes System f\u00fcr alle Anschlusssituationen beim Fenstereinbau: <a href=\"https:\/\/blog.proclima.com\/de\/2016\/03\/fensterbau-frontale-2016\/\" rel=\"bookmark\">&#8230;<\/a><\/p>\n","protected":false},"author":18,"featured_media":5605,"comment_status":"open","ping_status":"open","sticky":false,"template":"","format":"standard","meta":{"footnotes":""},"categories":[136,776],"tags":[1057,959],"class_list":["post-5604","post","type-post","status-publish","format-standard","has-post-thumbnail","hentry","category-pressemitteilung","category-produkte","tag-fensterbau-frontale","tag-produkt"],"yoast_head":"<!-- This site is optimized with the Yoast SEO plugin v27.5 - https:\/\/yoast.com\/product\/yoast-seo-wordpress\/ -->\n<title>Sichere und schnelle L\u00f6sungen f\u00fcr den fachgerechten Fenstereinbau &#187; pro clima Blog - Deutschland<\/title>\n<meta name=\"robots\" content=\"index, follow, max-snippet:-1, max-image-preview:large, max-video-preview:-1\" \/>\n<link rel=\"canonical\" href=\"https:\/\/blog.proclima.com\/de\/2016\/03\/fensterbau-frontale-2016\/\" \/>\n<meta property=\"og:locale\" content=\"de_DE\" \/>\n<meta property=\"og:type\" content=\"article\" \/>\n<meta property=\"og:title\" content=\"Sichere und schnelle L\u00f6sungen f\u00fcr den fachgerechten Fenstereinbau &#187; pro clima Blog - Deutschland\" \/>\n<meta property=\"og:description\" content=\"Die Luftdichtungs- und Witterungsschutzsexperten von pro clima sind auf der Fensterbau Frontale &#8211; Halle 4A Stand 230 Ein rundes System f\u00fcr alle Anschlusssituationen beim Fenstereinbau: ...\" \/>\n<meta property=\"og:url\" content=\"https:\/\/blog.proclima.com\/de\/2016\/03\/fensterbau-frontale-2016\/\" \/>\n<meta property=\"og:site_name\" content=\"pro clima Blog - Deutschland\" \/>\n<meta property=\"article:publisher\" content=\"https:\/\/www.facebook.com\/proclima\" \/>\n<meta property=\"article:published_time\" content=\"2016-03-10T18:51:22+00:00\" \/>\n<meta property=\"article:modified_time\" content=\"2016-03-11T09:21:25+00:00\" \/>\n<meta property=\"og:image\" content=\"https:\/\/blog.proclima.com\/de\/files\/2016\/03\/1_Abb_1_CONTEGA_SOLIDO_SLfuerWeb.jpg\" \/>\n\t<meta property=\"og:image:width\" content=\"900\" \/>\n\t<meta property=\"og:image:height\" content=\"600\" \/>\n\t<meta property=\"og:image:type\" content=\"image\/jpeg\" \/>\n<meta name=\"author\" content=\"Heide Merkel\" \/>\n<meta name=\"twitter:card\" content=\"summary_large_image\" \/>\n<meta name=\"twitter:creator\" content=\"@proclimaDE\" \/>\n<meta name=\"twitter:site\" content=\"@proclimaDE\" \/>\n<meta name=\"twitter:label1\" content=\"Verfasst von\" \/>\n\t<meta name=\"twitter:data1\" content=\"Heide Merkel\" \/>\n\t<meta name=\"twitter:label2\" content=\"Gesch\u00e4tzte Lesezeit\" \/>\n\t<meta name=\"twitter:data2\" content=\"3\u00a0Minuten\" \/>\n<script type=\"application\/ld+json\" class=\"yoast-schema-graph\">{\"@context\":\"https:\\\/\\\/schema.org\",\"@graph\":[{\"@type\":\"Article\",\"@id\":\"https:\\\/\\\/blog.proclima.com\\\/de\\\/2016\\\/03\\\/fensterbau-frontale-2016\\\/#article\",\"isPartOf\":{\"@id\":\"https:\\\/\\\/blog.proclima.com\\\/de\\\/2016\\\/03\\\/fensterbau-frontale-2016\\\/\"},\"author\":{\"name\":\"Heide Merkel\",\"@id\":\"https:\\\/\\\/blog.proclima.com\\\/de\\\/#\\\/schema\\\/person\\\/b3490e20200d5d45b8d56f555ceffc21\"},\"headline\":\"Sichere und schnelle L\u00f6sungen f\u00fcr den fachgerechten Fenstereinbau\",\"datePublished\":\"2016-03-10T18:51:22+00:00\",\"dateModified\":\"2016-03-11T09:21:25+00:00\",\"mainEntityOfPage\":{\"@id\":\"https:\\\/\\\/blog.proclima.com\\\/de\\\/2016\\\/03\\\/fensterbau-frontale-2016\\\/\"},\"wordCount\":707,\"commentCount\":0,\"publisher\":{\"@id\":\"https:\\\/\\\/blog.proclima.com\\\/de\\\/#organization\"},\"image\":{\"@id\":\"https:\\\/\\\/blog.proclima.com\\\/de\\\/2016\\\/03\\\/fensterbau-frontale-2016\\\/#primaryimage\"},\"thumbnailUrl\":\"https:\\\/\\\/blog.proclima.com\\\/de\\\/files\\\/2016\\\/03\\\/1_Abb_1_CONTEGA_SOLIDO_SLfuerWeb.jpg\",\"keywords\":[\"Fensterbau Frontale\",\"Produkt\"],\"articleSection\":[\"Pressemitteilungen\",\"Produkte\"],\"inLanguage\":\"de\",\"potentialAction\":[{\"@type\":\"CommentAction\",\"name\":\"Comment\",\"target\":[\"https:\\\/\\\/blog.proclima.com\\\/de\\\/2016\\\/03\\\/fensterbau-frontale-2016\\\/#respond\"]}]},{\"@type\":\"WebPage\",\"@id\":\"https:\\\/\\\/blog.proclima.com\\\/de\\\/2016\\\/03\\\/fensterbau-frontale-2016\\\/\",\"url\":\"https:\\\/\\\/blog.proclima.com\\\/de\\\/2016\\\/03\\\/fensterbau-frontale-2016\\\/\",\"name\":\"Sichere und schnelle L\u00f6sungen f\u00fcr den fachgerechten Fenstereinbau &#187; pro clima Blog - Deutschland\",\"isPartOf\":{\"@id\":\"https:\\\/\\\/blog.proclima.com\\\/de\\\/#website\"},\"primaryImageOfPage\":{\"@id\":\"https:\\\/\\\/blog.proclima.com\\\/de\\\/2016\\\/03\\\/fensterbau-frontale-2016\\\/#primaryimage\"},\"image\":{\"@id\":\"https:\\\/\\\/blog.proclima.com\\\/de\\\/2016\\\/03\\\/fensterbau-frontale-2016\\\/#primaryimage\"},\"thumbnailUrl\":\"https:\\\/\\\/blog.proclima.com\\\/de\\\/files\\\/2016\\\/03\\\/1_Abb_1_CONTEGA_SOLIDO_SLfuerWeb.jpg\",\"datePublished\":\"2016-03-10T18:51:22+00:00\",\"dateModified\":\"2016-03-11T09:21:25+00:00\",\"breadcrumb\":{\"@id\":\"https:\\\/\\\/blog.proclima.com\\\/de\\\/2016\\\/03\\\/fensterbau-frontale-2016\\\/#breadcrumb\"},\"inLanguage\":\"de\",\"potentialAction\":[{\"@type\":\"ReadAction\",\"target\":[\"https:\\\/\\\/blog.proclima.com\\\/de\\\/2016\\\/03\\\/fensterbau-frontale-2016\\\/\"]}]},{\"@type\":\"ImageObject\",\"inLanguage\":\"de\",\"@id\":\"https:\\\/\\\/blog.proclima.com\\\/de\\\/2016\\\/03\\\/fensterbau-frontale-2016\\\/#primaryimage\",\"url\":\"https:\\\/\\\/blog.proclima.com\\\/de\\\/files\\\/2016\\\/03\\\/1_Abb_1_CONTEGA_SOLIDO_SLfuerWeb.jpg\",\"contentUrl\":\"https:\\\/\\\/blog.proclima.com\\\/de\\\/files\\\/2016\\\/03\\\/1_Abb_1_CONTEGA_SOLIDO_SLfuerWeb.jpg\",\"width\":900,\"height\":600,\"caption\":\"Vollfl\u00e4chig klebendes Fensteranschlussband f\u00fcr innen: CONTEGA SOLIDO SL\"},{\"@type\":\"BreadcrumbList\",\"@id\":\"https:\\\/\\\/blog.proclima.com\\\/de\\\/2016\\\/03\\\/fensterbau-frontale-2016\\\/#breadcrumb\",\"itemListElement\":[{\"@type\":\"ListItem\",\"position\":1,\"name\":\"Startseite\",\"item\":\"https:\\\/\\\/blog.proclima.com\\\/de\\\/\"},{\"@type\":\"ListItem\",\"position\":2,\"name\":\"Sichere und schnelle L\u00f6sungen f\u00fcr den fachgerechten Fenstereinbau\"}]},{\"@type\":\"WebSite\",\"@id\":\"https:\\\/\\\/blog.proclima.com\\\/de\\\/#website\",\"url\":\"https:\\\/\\\/blog.proclima.com\\\/de\\\/\",\"name\":\"pro clima Blog - Deutschland\",\"description\":\"alles was pro clima bewegt\",\"publisher\":{\"@id\":\"https:\\\/\\\/blog.proclima.com\\\/de\\\/#organization\"},\"potentialAction\":[{\"@type\":\"SearchAction\",\"target\":{\"@type\":\"EntryPoint\",\"urlTemplate\":\"https:\\\/\\\/blog.proclima.com\\\/de\\\/?s={search_term_string}\"},\"query-input\":{\"@type\":\"PropertyValueSpecification\",\"valueRequired\":true,\"valueName\":\"search_term_string\"}}],\"inLanguage\":\"de\"},{\"@type\":\"Organization\",\"@id\":\"https:\\\/\\\/blog.proclima.com\\\/de\\\/#organization\",\"name\":\"pro clima - Moll bau\u00f6kologische Produkte GmbH\",\"url\":\"https:\\\/\\\/blog.proclima.com\\\/de\\\/\",\"logo\":{\"@type\":\"ImageObject\",\"inLanguage\":\"de\",\"@id\":\"https:\\\/\\\/blog.proclima.com\\\/de\\\/#\\\/schema\\\/logo\\\/image\\\/\",\"url\":\"https:\\\/\\\/blog.proclima.com\\\/de\\\/files\\\/2020\\\/04\\\/Logo-pro-clima.png\",\"contentUrl\":\"https:\\\/\\\/blog.proclima.com\\\/de\\\/files\\\/2020\\\/04\\\/Logo-pro-clima.png\",\"width\":4210,\"height\":4881,\"caption\":\"pro clima - Moll bau\u00f6kologische Produkte GmbH\"},\"image\":{\"@id\":\"https:\\\/\\\/blog.proclima.com\\\/de\\\/#\\\/schema\\\/logo\\\/image\\\/\"},\"sameAs\":[\"https:\\\/\\\/www.facebook.com\\\/proclima\",\"https:\\\/\\\/x.com\\\/proclimaDE\"]},{\"@type\":\"Person\",\"@id\":\"https:\\\/\\\/blog.proclima.com\\\/de\\\/#\\\/schema\\\/person\\\/b3490e20200d5d45b8d56f555ceffc21\",\"name\":\"Heide Merkel\",\"description\":\"Fachjournalistin, Referentin, Steuerung Presse &amp; Digitale Medien bei Moll bau\u00f6kologische Produkte GmbH (pro clima). Als Japanologin und ausgebildete Redakteurin ist Heide eher zuf\u00e4llig in der Baubranche gelandet. Seit 2011 arbeitet sie f\u00fcr pro clima. Ihr Wissen zu effektiver Kommunikation gibt sie in Seminaren, Artikeln und Vortr\u00e4gen weiter. F\u00fcr den pro clima Blog, proclima.tv und das pro clima Bauradio interviewt sie interessante Menschen aus der Baubranche. Auf\u00a0 luftdichtheit-gepr\u00fcft.de bloggt Heide \u00fcber Leckagen, Luftdichtung und Qualit\u00e4ts\u00fcberpr\u00fcfung mit Blower-Door-Tests. Ihre Freizeit verbringt sie u.a. in den Vogesen, wo sie seit mehr als f\u00fcnf Jahren ein altes Bauernhaus saniert. Ihr neuestes Projekt:\u00a0 www.besser-als-marketing.de Hier gibt es Tipps, wie Unternehmen in der Baubranche ihre Sichtbarkeit erh\u00f6hen k\u00f6nnen. Die ersten Videos sind bereits online im Youtube Channel Wer mehr \u00fcber Heide Merkel erfahren m\u00f6chte, findet sie auf den g\u00e4ngigen Social Media Plattformen.\",\"url\":\"https:\\\/\\\/blog.proclima.com\\\/de\\\/author\\\/gentner\\\/\"}]}<\/script>\n<!-- \/ Yoast SEO plugin. -->","yoast_head_json":{"title":"Sichere und schnelle L\u00f6sungen f\u00fcr den fachgerechten Fenstereinbau &#187; pro clima Blog - Deutschland","robots":{"index":"index","follow":"follow","max-snippet":"max-snippet:-1","max-image-preview":"max-image-preview:large","max-video-preview":"max-video-preview:-1"},"canonical":"https:\/\/blog.proclima.com\/de\/2016\/03\/fensterbau-frontale-2016\/","og_locale":"de_DE","og_type":"article","og_title":"Sichere und schnelle L\u00f6sungen f\u00fcr den fachgerechten Fenstereinbau &#187; pro clima Blog - Deutschland","og_description":"Die Luftdichtungs- und Witterungsschutzsexperten von pro clima sind auf der Fensterbau Frontale &#8211; Halle 4A Stand 230 Ein rundes System f\u00fcr alle Anschlusssituationen beim Fenstereinbau: ...","og_url":"https:\/\/blog.proclima.com\/de\/2016\/03\/fensterbau-frontale-2016\/","og_site_name":"pro clima Blog - Deutschland","article_publisher":"https:\/\/www.facebook.com\/proclima","article_published_time":"2016-03-10T18:51:22+00:00","article_modified_time":"2016-03-11T09:21:25+00:00","og_image":[{"width":900,"height":600,"url":"https:\/\/blog.proclima.com\/de\/files\/2016\/03\/1_Abb_1_CONTEGA_SOLIDO_SLfuerWeb.jpg","type":"image\/jpeg"}],"author":"Heide Merkel","twitter_card":"summary_large_image","twitter_creator":"@proclimaDE","twitter_site":"@proclimaDE","twitter_misc":{"Verfasst von":"Heide Merkel","Gesch\u00e4tzte Lesezeit":"3\u00a0Minuten"},"schema":{"@context":"https:\/\/schema.org","@graph":[{"@type":"Article","@id":"https:\/\/blog.proclima.com\/de\/2016\/03\/fensterbau-frontale-2016\/#article","isPartOf":{"@id":"https:\/\/blog.proclima.com\/de\/2016\/03\/fensterbau-frontale-2016\/"},"author":{"name":"Heide Merkel","@id":"https:\/\/blog.proclima.com\/de\/#\/schema\/person\/b3490e20200d5d45b8d56f555ceffc21"},"headline":"Sichere und schnelle L\u00f6sungen f\u00fcr den fachgerechten Fenstereinbau","datePublished":"2016-03-10T18:51:22+00:00","dateModified":"2016-03-11T09:21:25+00:00","mainEntityOfPage":{"@id":"https:\/\/blog.proclima.com\/de\/2016\/03\/fensterbau-frontale-2016\/"},"wordCount":707,"commentCount":0,"publisher":{"@id":"https:\/\/blog.proclima.com\/de\/#organization"},"image":{"@id":"https:\/\/blog.proclima.com\/de\/2016\/03\/fensterbau-frontale-2016\/#primaryimage"},"thumbnailUrl":"https:\/\/blog.proclima.com\/de\/files\/2016\/03\/1_Abb_1_CONTEGA_SOLIDO_SLfuerWeb.jpg","keywords":["Fensterbau Frontale","Produkt"],"articleSection":["Pressemitteilungen","Produkte"],"inLanguage":"de","potentialAction":[{"@type":"CommentAction","name":"Comment","target":["https:\/\/blog.proclima.com\/de\/2016\/03\/fensterbau-frontale-2016\/#respond"]}]},{"@type":"WebPage","@id":"https:\/\/blog.proclima.com\/de\/2016\/03\/fensterbau-frontale-2016\/","url":"https:\/\/blog.proclima.com\/de\/2016\/03\/fensterbau-frontale-2016\/","name":"Sichere und schnelle L\u00f6sungen f\u00fcr den fachgerechten Fenstereinbau &#187; pro clima Blog - Deutschland","isPartOf":{"@id":"https:\/\/blog.proclima.com\/de\/#website"},"primaryImageOfPage":{"@id":"https:\/\/blog.proclima.com\/de\/2016\/03\/fensterbau-frontale-2016\/#primaryimage"},"image":{"@id":"https:\/\/blog.proclima.com\/de\/2016\/03\/fensterbau-frontale-2016\/#primaryimage"},"thumbnailUrl":"https:\/\/blog.proclima.com\/de\/files\/2016\/03\/1_Abb_1_CONTEGA_SOLIDO_SLfuerWeb.jpg","datePublished":"2016-03-10T18:51:22+00:00","dateModified":"2016-03-11T09:21:25+00:00","breadcrumb":{"@id":"https:\/\/blog.proclima.com\/de\/2016\/03\/fensterbau-frontale-2016\/#breadcrumb"},"inLanguage":"de","potentialAction":[{"@type":"ReadAction","target":["https:\/\/blog.proclima.com\/de\/2016\/03\/fensterbau-frontale-2016\/"]}]},{"@type":"ImageObject","inLanguage":"de","@id":"https:\/\/blog.proclima.com\/de\/2016\/03\/fensterbau-frontale-2016\/#primaryimage","url":"https:\/\/blog.proclima.com\/de\/files\/2016\/03\/1_Abb_1_CONTEGA_SOLIDO_SLfuerWeb.jpg","contentUrl":"https:\/\/blog.proclima.com\/de\/files\/2016\/03\/1_Abb_1_CONTEGA_SOLIDO_SLfuerWeb.jpg","width":900,"height":600,"caption":"Vollfl\u00e4chig klebendes Fensteranschlussband f\u00fcr innen: CONTEGA SOLIDO SL"},{"@type":"BreadcrumbList","@id":"https:\/\/blog.proclima.com\/de\/2016\/03\/fensterbau-frontale-2016\/#breadcrumb","itemListElement":[{"@type":"ListItem","position":1,"name":"Startseite","item":"https:\/\/blog.proclima.com\/de\/"},{"@type":"ListItem","position":2,"name":"Sichere und schnelle L\u00f6sungen f\u00fcr den fachgerechten Fenstereinbau"}]},{"@type":"WebSite","@id":"https:\/\/blog.proclima.com\/de\/#website","url":"https:\/\/blog.proclima.com\/de\/","name":"pro clima Blog - Deutschland","description":"alles was pro clima bewegt","publisher":{"@id":"https:\/\/blog.proclima.com\/de\/#organization"},"potentialAction":[{"@type":"SearchAction","target":{"@type":"EntryPoint","urlTemplate":"https:\/\/blog.proclima.com\/de\/?s={search_term_string}"},"query-input":{"@type":"PropertyValueSpecification","valueRequired":true,"valueName":"search_term_string"}}],"inLanguage":"de"},{"@type":"Organization","@id":"https:\/\/blog.proclima.com\/de\/#organization","name":"pro clima - Moll bau\u00f6kologische Produkte GmbH","url":"https:\/\/blog.proclima.com\/de\/","logo":{"@type":"ImageObject","inLanguage":"de","@id":"https:\/\/blog.proclima.com\/de\/#\/schema\/logo\/image\/","url":"https:\/\/blog.proclima.com\/de\/files\/2020\/04\/Logo-pro-clima.png","contentUrl":"https:\/\/blog.proclima.com\/de\/files\/2020\/04\/Logo-pro-clima.png","width":4210,"height":4881,"caption":"pro clima - Moll bau\u00f6kologische Produkte GmbH"},"image":{"@id":"https:\/\/blog.proclima.com\/de\/#\/schema\/logo\/image\/"},"sameAs":["https:\/\/www.facebook.com\/proclima","https:\/\/x.com\/proclimaDE"]},{"@type":"Person","@id":"https:\/\/blog.proclima.com\/de\/#\/schema\/person\/b3490e20200d5d45b8d56f555ceffc21","name":"Heide Merkel","description":"Fachjournalistin, Referentin, Steuerung Presse &amp; Digitale Medien bei Moll bau\u00f6kologische Produkte GmbH (pro clima). Als Japanologin und ausgebildete Redakteurin ist Heide eher zuf\u00e4llig in der Baubranche gelandet. Seit 2011 arbeitet sie f\u00fcr pro clima. Ihr Wissen zu effektiver Kommunikation gibt sie in Seminaren, Artikeln und Vortr\u00e4gen weiter. F\u00fcr den pro clima Blog, proclima.tv und das pro clima Bauradio interviewt sie interessante Menschen aus der Baubranche. Auf\u00a0 luftdichtheit-gepr\u00fcft.de bloggt Heide \u00fcber Leckagen, Luftdichtung und Qualit\u00e4ts\u00fcberpr\u00fcfung mit Blower-Door-Tests. Ihre Freizeit verbringt sie u.a. in den Vogesen, wo sie seit mehr als f\u00fcnf Jahren ein altes Bauernhaus saniert. Ihr neuestes Projekt:\u00a0 www.besser-als-marketing.de Hier gibt es Tipps, wie Unternehmen in der Baubranche ihre Sichtbarkeit erh\u00f6hen k\u00f6nnen. Die ersten Videos sind bereits online im Youtube Channel Wer mehr \u00fcber Heide Merkel erfahren m\u00f6chte, findet sie auf den g\u00e4ngigen Social Media Plattformen.","url":"https:\/\/blog.proclima.com\/de\/author\/gentner\/"}]}},"canto_acf_fields":"","_links":{"self":[{"href":"https:\/\/blog.proclima.com\/de\/wp-json\/wp\/v2\/posts\/5604","targetHints":{"allow":["GET"]}}],"collection":[{"href":"https:\/\/blog.proclima.com\/de\/wp-json\/wp\/v2\/posts"}],"about":[{"href":"https:\/\/blog.proclima.com\/de\/wp-json\/wp\/v2\/types\/post"}],"author":[{"embeddable":true,"href":"https:\/\/blog.proclima.com\/de\/wp-json\/wp\/v2\/users\/18"}],"replies":[{"embeddable":true,"href":"https:\/\/blog.proclima.com\/de\/wp-json\/wp\/v2\/comments?post=5604"}],"version-history":[{"count":5,"href":"https:\/\/blog.proclima.com\/de\/wp-json\/wp\/v2\/posts\/5604\/revisions"}],"predecessor-version":[{"id":5611,"href":"https:\/\/blog.proclima.com\/de\/wp-json\/wp\/v2\/posts\/5604\/revisions\/5611"}],"wp:featuredmedia":[{"embeddable":true,"href":"https:\/\/blog.proclima.com\/de\/wp-json\/wp\/v2\/media\/5605"}],"wp:attachment":[{"href":"https:\/\/blog.proclima.com\/de\/wp-json\/wp\/v2\/media?parent=5604"}],"wp:term":[{"taxonomy":"category","embeddable":true,"href":"https:\/\/blog.proclima.com\/de\/wp-json\/wp\/v2\/categories?post=5604"},{"taxonomy":"post_tag","embeddable":true,"href":"https:\/\/blog.proclima.com\/de\/wp-json\/wp\/v2\/tags?post=5604"}],"curies":[{"name":"wp","href":"https:\/\/api.w.org\/{rel}","templated":true}]}}