
{"id":5509,"date":"2016-01-28T15:39:58","date_gmt":"2016-01-28T14:39:58","guid":{"rendered":"http:\/\/blog.proclima.com\/de\/?p=5509"},"modified":"2016-01-29T11:53:33","modified_gmt":"2016-01-29T10:53:33","slug":"wissen-2016-17","status":"publish","type":"post","link":"https:\/\/blog.proclima.com\/de\/2016\/01\/wissen-2016-17\/","title":{"rendered":"DACH+HOLZ 2016: Neuheiten f\u00fcr die sichere Dichtung der Geb\u00e4udeh\u00fclle und druckfrisches Planungs- und Sanierungshandbuch WISSEN 2016\/17"},"content":{"rendered":"<p><em>Fachkompetenz, neue L\u00f6sungen, Verarbeitungstipps und das neue Planungs- und Sanierungshandbuch WISSEN: Das finden Verarbeiter, Planer und Architekten auf der <strong>DACH+HOLZ in Halle 3, Stand 3.200<\/strong> bei pro clima. Hier steht auch eine Aktionsfl\u00e4che parat, auf der viele Produktneuheiten praktisch im Ma\u00dfstab 1:1 ausprobiert werden k\u00f6nnen.<\/em><\/p>\n<p>\u201eAls Entwickler und Hersteller von Systemen zur sicheren Luftdichtung innen und Winddichtung au\u00dfen sind uns gerade auch die praxisgerechten Detaill\u00f6sungen zur Unterst\u00fctzung von Planern und Verarbeitern auf der Baustelle wichtig\u201c, so Architekt und Marketingleiter Oliver Goldau. \u201eEnergie sparen, Bausch\u00e4den vermeiden und Wohngesund leben sind seit jeher pro clima Themen. Schon vor 22 Jahren, als die Marke pro clima entwickelt wurde, war das Ziel, die Baukultur voran zu bringen. Im neuen Planungs- und Sanierungshandbuch pro clima WISSEN haben wir unser aktuelles Knowhow zusammengef\u00fchrt. Dieses Wissen wollen wir teilen.\u201c<\/p>\n<p><strong>Das WISSEN bereitet Neubau- und Sanierungsthemen fundiert und verst\u00e4ndlich auf.<\/strong><\/p>\n<figure id=\"attachment_5510\" aria-describedby=\"caption-attachment-5510\" style=\"width: 584px\" class=\"wp-caption alignnone\"><a href=\"https:\/\/blog.proclima.com\/de\/files\/2016\/01\/Cover_WISSEN_MAGAZIN_de.jpg\" rel=\"attachment wp-att-5510\"><img loading=\"lazy\" decoding=\"async\" class=\"wp-image-5510 size-large\" src=\"https:\/\/blog.proclima.com\/de\/files\/2016\/01\/Cover_WISSEN_MAGAZIN_de-1024x752.jpg\" alt=\"Cover_WISSEN_MAGAZIN_de\" width=\"584\" height=\"429\" srcset=\"https:\/\/blog.proclima.com\/de\/files\/2016\/01\/Cover_WISSEN_MAGAZIN_de-1024x752.jpg 1024w, https:\/\/blog.proclima.com\/de\/files\/2016\/01\/Cover_WISSEN_MAGAZIN_de-300x220.jpg 300w, https:\/\/blog.proclima.com\/de\/files\/2016\/01\/Cover_WISSEN_MAGAZIN_de-768x564.jpg 768w, https:\/\/blog.proclima.com\/de\/files\/2016\/01\/Cover_WISSEN_MAGAZIN_de-1536x1127.jpg 1536w, https:\/\/blog.proclima.com\/de\/files\/2016\/01\/Cover_WISSEN_MAGAZIN_de-2048x1503.jpg 2048w, https:\/\/blog.proclima.com\/de\/files\/2016\/01\/Cover_WISSEN_MAGAZIN_de-384x282.jpg 384w\" sizes=\"auto, (max-width: 584px) 100vw, 584px\" \/><\/a><figcaption id=\"caption-attachment-5510\" class=\"wp-caption-text\">Das neue WISSEN 2016\/17: Erh\u00e4ltlich auf der Dach+Holz in Halle 3, Stand 3.200 oder per Post kostenfrei zusenden lassen<\/figcaption><\/figure>\n<p>\u201eDas neue 448 Seiten umfassende Handbuch enth\u00e4lt alle elementaren Punkte zur Luftdichtung innen und Winddichtung au\u00dfen: Eindeutige Verarbeitungshinweise zur sicheren Ausf\u00fchrung, Planungs- und Konstruktionshinweise f\u00fcr alle Systeme sowie Produkte mit technischen Daten und Lieferformen im \u00dcberblick. Ein umfangreiches Kapitel liefert Studien und Hintergrundwissen zur Bauphysik \u2013 auch f\u00fcr Nichtbauphysiker verst\u00e4ndlich formuliert. Zudem zeigt das WISSEN 2016\/17 mehr als 100 Konstruktionszeichnungen zu allen relevanten Details in der Geb\u00e4udeh\u00fclle in Neubau und Sanierung.<\/p>\n<p><strong>Das Planungs- und Sanierungshandbuch kann ab sofort kostenfrei bestellt werden:<\/strong><\/p>\n<ul>\n<li>Per Telefon:\u00a0 0 62 02 &#8211; 27 82.0<\/li>\n<li>Per Fax: 0 62 02 &#8211; 27 82.21<\/li>\n<li>Per Formular: <a href=\"https:\/\/de.proclima.com\/service\/wissen\">https:\/\/de.proclima.com\/service\/wissen<\/a><\/li>\n<li>Per E-Mail: <a href=\"mailto:info@proclima.de\">info@proclima.de<\/a><\/li>\n<\/ul>\n<p>Auf der DACH+HOLZ kann das WISSEN in Halle 3, Stand 3.200 mitgenommen werden.<\/p>\n<p><strong>Pressemitteilung als PDF: <\/strong><br \/>\n<a href=\"https:\/\/blog.proclima.com\/de\/files\/2016\/01\/PM_2016_02_DACHHOLZ2016_WISSEN2016-17.pdf\" rel=\"\">PM_2016_02_DACH+HOLZ2016_WISSEN2016-17<\/a><\/p>\n<p><strong>Bilder zur Pressemitteilung finden Sie hier:<br \/>\n<\/strong><a href=\"https:\/\/picasso.moll-group.eu\/gallary\/main.php\/v\/pub\/presse\/2016\/DACHHOLZ2016_WISSEN\/\">https:\/\/picasso.moll-group.eu\/gallary\/main.php\/v\/pub\/presse\/2016\/DACHHOLZ2016_WISSEN\/<\/a><\/p>\n<p>&nbsp;<\/p>\n","protected":false},"excerpt":{"rendered":"<p>Fachkompetenz, neue L\u00f6sungen, Verarbeitungstipps und das neue Planungs- und Sanierungshandbuch WISSEN: Das finden Verarbeiter, Planer und Architekten auf der DACH+HOLZ in Halle 3, Stand 3.200 <a href=\"https:\/\/blog.proclima.com\/de\/2016\/01\/wissen-2016-17\/\" rel=\"bookmark\">&#8230;<\/a><\/p>\n","protected":false},"author":17,"featured_media":0,"comment_status":"open","ping_status":"open","sticky":false,"template":"","format":"standard","meta":{"footnotes":""},"categories":[136],"tags":[16,340,671,112,203,303,677],"class_list":["post-5509","post","type-post","status-publish","format-standard","hentry","category-pressemitteilung","tag-bauphysik","tag-christoph-boringer","tag-dachholz","tag-luftdichtung","tag-sanierungshandbuch","tag-winddichtung-ausen","tag-wissen-2"],"yoast_head":"<!-- This site is optimized with the Yoast SEO plugin v27.5 - https:\/\/yoast.com\/product\/yoast-seo-wordpress\/ -->\n<title>DACH+HOLZ 2016: Neuheiten f\u00fcr die sichere Dichtung der Geb\u00e4udeh\u00fclle und druckfrisches Planungs- und Sanierungshandbuch WISSEN 2016\/17 &#187; pro clima Blog - Deutschland<\/title>\n<meta name=\"robots\" content=\"index, follow, max-snippet:-1, max-image-preview:large, max-video-preview:-1\" \/>\n<link rel=\"canonical\" href=\"https:\/\/blog.proclima.com\/de\/2016\/01\/wissen-2016-17\/\" \/>\n<meta property=\"og:locale\" content=\"de_DE\" \/>\n<meta property=\"og:type\" content=\"article\" \/>\n<meta property=\"og:title\" content=\"DACH+HOLZ 2016: Neuheiten f\u00fcr die sichere Dichtung der Geb\u00e4udeh\u00fclle und druckfrisches Planungs- und Sanierungshandbuch WISSEN 2016\/17 &#187; pro clima Blog - Deutschland\" \/>\n<meta property=\"og:description\" content=\"Fachkompetenz, neue L\u00f6sungen, Verarbeitungstipps und das neue Planungs- und Sanierungshandbuch WISSEN: Das finden Verarbeiter, Planer und Architekten auf der DACH+HOLZ in Halle 3, Stand 3.200 ...\" \/>\n<meta property=\"og:url\" content=\"https:\/\/blog.proclima.com\/de\/2016\/01\/wissen-2016-17\/\" \/>\n<meta property=\"og:site_name\" content=\"pro clima Blog - Deutschland\" \/>\n<meta property=\"article:publisher\" content=\"https:\/\/www.facebook.com\/proclima\" \/>\n<meta property=\"article:published_time\" content=\"2016-01-28T14:39:58+00:00\" \/>\n<meta property=\"article:modified_time\" content=\"2016-01-29T10:53:33+00:00\" \/>\n<meta property=\"og:image\" content=\"https:\/\/blog.proclima.com\/de\/files\/2016\/01\/Cover_WISSEN_MAGAZIN_de-scaled.jpg\" \/>\n\t<meta property=\"og:image:width\" content=\"2560\" \/>\n\t<meta property=\"og:image:height\" content=\"1879\" \/>\n\t<meta property=\"og:image:type\" content=\"image\/jpeg\" \/>\n<meta name=\"author\" content=\"Julia Metzger\" \/>\n<meta name=\"twitter:card\" content=\"summary_large_image\" \/>\n<meta name=\"twitter:creator\" content=\"@proclimaDE\" \/>\n<meta name=\"twitter:site\" content=\"@proclimaDE\" \/>\n<meta name=\"twitter:label1\" content=\"Verfasst von\" \/>\n\t<meta name=\"twitter:data1\" content=\"Julia Metzger\" \/>\n\t<meta name=\"twitter:label2\" content=\"Gesch\u00e4tzte Lesezeit\" \/>\n\t<meta name=\"twitter:data2\" content=\"2\u00a0Minuten\" \/>\n<script type=\"application\/ld+json\" class=\"yoast-schema-graph\">{\"@context\":\"https:\\\/\\\/schema.org\",\"@graph\":[{\"@type\":\"Article\",\"@id\":\"https:\\\/\\\/blog.proclima.com\\\/de\\\/2016\\\/01\\\/wissen-2016-17\\\/#article\",\"isPartOf\":{\"@id\":\"https:\\\/\\\/blog.proclima.com\\\/de\\\/2016\\\/01\\\/wissen-2016-17\\\/\"},\"author\":{\"name\":\"Julia Metzger\",\"@id\":\"https:\\\/\\\/blog.proclima.com\\\/de\\\/#\\\/schema\\\/person\\\/2cc86d57b4e91b6c23ab77b2ada44b16\"},\"headline\":\"DACH+HOLZ 2016: Neuheiten f\u00fcr die sichere Dichtung der Geb\u00e4udeh\u00fclle und druckfrisches Planungs- und Sanierungshandbuch WISSEN 2016\\\/17\",\"datePublished\":\"2016-01-28T14:39:58+00:00\",\"dateModified\":\"2016-01-29T10:53:33+00:00\",\"mainEntityOfPage\":{\"@id\":\"https:\\\/\\\/blog.proclima.com\\\/de\\\/2016\\\/01\\\/wissen-2016-17\\\/\"},\"wordCount\":335,\"commentCount\":0,\"publisher\":{\"@id\":\"https:\\\/\\\/blog.proclima.com\\\/de\\\/#organization\"},\"image\":{\"@id\":\"https:\\\/\\\/blog.proclima.com\\\/de\\\/2016\\\/01\\\/wissen-2016-17\\\/#primaryimage\"},\"thumbnailUrl\":\"https:\\\/\\\/blog.proclima.com\\\/de\\\/files\\\/2016\\\/01\\\/Cover_WISSEN_MAGAZIN_de-1024x752.jpg\",\"keywords\":[\"Bauphysik\",\"Christoph B\u00f6ringer\",\"Dach+Holz\",\"Luftdichtung\",\"Sanierungshandbuch\",\"Winddichtung au\u00dfen\",\"WISSEN\"],\"articleSection\":[\"Pressemitteilungen\"],\"inLanguage\":\"de\",\"potentialAction\":[{\"@type\":\"CommentAction\",\"name\":\"Comment\",\"target\":[\"https:\\\/\\\/blog.proclima.com\\\/de\\\/2016\\\/01\\\/wissen-2016-17\\\/#respond\"]}]},{\"@type\":\"WebPage\",\"@id\":\"https:\\\/\\\/blog.proclima.com\\\/de\\\/2016\\\/01\\\/wissen-2016-17\\\/\",\"url\":\"https:\\\/\\\/blog.proclima.com\\\/de\\\/2016\\\/01\\\/wissen-2016-17\\\/\",\"name\":\"DACH+HOLZ 2016: Neuheiten f\u00fcr die sichere Dichtung der Geb\u00e4udeh\u00fclle und druckfrisches Planungs- und Sanierungshandbuch WISSEN 2016\\\/17 &#187; pro clima Blog - Deutschland\",\"isPartOf\":{\"@id\":\"https:\\\/\\\/blog.proclima.com\\\/de\\\/#website\"},\"primaryImageOfPage\":{\"@id\":\"https:\\\/\\\/blog.proclima.com\\\/de\\\/2016\\\/01\\\/wissen-2016-17\\\/#primaryimage\"},\"image\":{\"@id\":\"https:\\\/\\\/blog.proclima.com\\\/de\\\/2016\\\/01\\\/wissen-2016-17\\\/#primaryimage\"},\"thumbnailUrl\":\"https:\\\/\\\/blog.proclima.com\\\/de\\\/files\\\/2016\\\/01\\\/Cover_WISSEN_MAGAZIN_de-1024x752.jpg\",\"datePublished\":\"2016-01-28T14:39:58+00:00\",\"dateModified\":\"2016-01-29T10:53:33+00:00\",\"breadcrumb\":{\"@id\":\"https:\\\/\\\/blog.proclima.com\\\/de\\\/2016\\\/01\\\/wissen-2016-17\\\/#breadcrumb\"},\"inLanguage\":\"de\",\"potentialAction\":[{\"@type\":\"ReadAction\",\"target\":[\"https:\\\/\\\/blog.proclima.com\\\/de\\\/2016\\\/01\\\/wissen-2016-17\\\/\"]}]},{\"@type\":\"ImageObject\",\"inLanguage\":\"de\",\"@id\":\"https:\\\/\\\/blog.proclima.com\\\/de\\\/2016\\\/01\\\/wissen-2016-17\\\/#primaryimage\",\"url\":\"https:\\\/\\\/blog.proclima.com\\\/de\\\/files\\\/2016\\\/01\\\/Cover_WISSEN_MAGAZIN_de-scaled.jpg\",\"contentUrl\":\"https:\\\/\\\/blog.proclima.com\\\/de\\\/files\\\/2016\\\/01\\\/Cover_WISSEN_MAGAZIN_de-scaled.jpg\",\"width\":2560,\"height\":1879},{\"@type\":\"BreadcrumbList\",\"@id\":\"https:\\\/\\\/blog.proclima.com\\\/de\\\/2016\\\/01\\\/wissen-2016-17\\\/#breadcrumb\",\"itemListElement\":[{\"@type\":\"ListItem\",\"position\":1,\"name\":\"Startseite\",\"item\":\"https:\\\/\\\/blog.proclima.com\\\/de\\\/\"},{\"@type\":\"ListItem\",\"position\":2,\"name\":\"DACH+HOLZ 2016: Neuheiten f\u00fcr die sichere Dichtung der Geb\u00e4udeh\u00fclle und druckfrisches Planungs- und Sanierungshandbuch WISSEN 2016\\\/17\"}]},{\"@type\":\"WebSite\",\"@id\":\"https:\\\/\\\/blog.proclima.com\\\/de\\\/#website\",\"url\":\"https:\\\/\\\/blog.proclima.com\\\/de\\\/\",\"name\":\"pro clima Blog - Deutschland\",\"description\":\"alles was pro clima bewegt\",\"publisher\":{\"@id\":\"https:\\\/\\\/blog.proclima.com\\\/de\\\/#organization\"},\"potentialAction\":[{\"@type\":\"SearchAction\",\"target\":{\"@type\":\"EntryPoint\",\"urlTemplate\":\"https:\\\/\\\/blog.proclima.com\\\/de\\\/?s={search_term_string}\"},\"query-input\":{\"@type\":\"PropertyValueSpecification\",\"valueRequired\":true,\"valueName\":\"search_term_string\"}}],\"inLanguage\":\"de\"},{\"@type\":\"Organization\",\"@id\":\"https:\\\/\\\/blog.proclima.com\\\/de\\\/#organization\",\"name\":\"pro clima - Moll bau\u00f6kologische Produkte GmbH\",\"url\":\"https:\\\/\\\/blog.proclima.com\\\/de\\\/\",\"logo\":{\"@type\":\"ImageObject\",\"inLanguage\":\"de\",\"@id\":\"https:\\\/\\\/blog.proclima.com\\\/de\\\/#\\\/schema\\\/logo\\\/image\\\/\",\"url\":\"https:\\\/\\\/blog.proclima.com\\\/de\\\/files\\\/2020\\\/04\\\/Logo-pro-clima.png\",\"contentUrl\":\"https:\\\/\\\/blog.proclima.com\\\/de\\\/files\\\/2020\\\/04\\\/Logo-pro-clima.png\",\"width\":4210,\"height\":4881,\"caption\":\"pro clima - Moll bau\u00f6kologische Produkte GmbH\"},\"image\":{\"@id\":\"https:\\\/\\\/blog.proclima.com\\\/de\\\/#\\\/schema\\\/logo\\\/image\\\/\"},\"sameAs\":[\"https:\\\/\\\/www.facebook.com\\\/proclima\",\"https:\\\/\\\/x.com\\\/proclimaDE\"]},{\"@type\":\"Person\",\"@id\":\"https:\\\/\\\/blog.proclima.com\\\/de\\\/#\\\/schema\\\/person\\\/2cc86d57b4e91b6c23ab77b2ada44b16\",\"name\":\"Julia Metzger\",\"url\":\"https:\\\/\\\/blog.proclima.com\\\/de\\\/author\\\/metzger\\\/\"}]}<\/script>\n<!-- \/ Yoast SEO plugin. -->","yoast_head_json":{"title":"DACH+HOLZ 2016: Neuheiten f\u00fcr die sichere Dichtung der Geb\u00e4udeh\u00fclle und druckfrisches Planungs- und Sanierungshandbuch WISSEN 2016\/17 &#187; pro clima Blog - Deutschland","robots":{"index":"index","follow":"follow","max-snippet":"max-snippet:-1","max-image-preview":"max-image-preview:large","max-video-preview":"max-video-preview:-1"},"canonical":"https:\/\/blog.proclima.com\/de\/2016\/01\/wissen-2016-17\/","og_locale":"de_DE","og_type":"article","og_title":"DACH+HOLZ 2016: Neuheiten f\u00fcr die sichere Dichtung der Geb\u00e4udeh\u00fclle und druckfrisches Planungs- und Sanierungshandbuch WISSEN 2016\/17 &#187; pro clima Blog - Deutschland","og_description":"Fachkompetenz, neue L\u00f6sungen, Verarbeitungstipps und das neue Planungs- und Sanierungshandbuch WISSEN: Das finden Verarbeiter, Planer und Architekten auf der DACH+HOLZ in Halle 3, Stand 3.200 ...","og_url":"https:\/\/blog.proclima.com\/de\/2016\/01\/wissen-2016-17\/","og_site_name":"pro clima Blog - Deutschland","article_publisher":"https:\/\/www.facebook.com\/proclima","article_published_time":"2016-01-28T14:39:58+00:00","article_modified_time":"2016-01-29T10:53:33+00:00","og_image":[{"width":2560,"height":1879,"url":"https:\/\/blog.proclima.com\/de\/files\/2016\/01\/Cover_WISSEN_MAGAZIN_de-scaled.jpg","type":"image\/jpeg"}],"author":"Julia Metzger","twitter_card":"summary_large_image","twitter_creator":"@proclimaDE","twitter_site":"@proclimaDE","twitter_misc":{"Verfasst von":"Julia Metzger","Gesch\u00e4tzte Lesezeit":"2\u00a0Minuten"},"schema":{"@context":"https:\/\/schema.org","@graph":[{"@type":"Article","@id":"https:\/\/blog.proclima.com\/de\/2016\/01\/wissen-2016-17\/#article","isPartOf":{"@id":"https:\/\/blog.proclima.com\/de\/2016\/01\/wissen-2016-17\/"},"author":{"name":"Julia Metzger","@id":"https:\/\/blog.proclima.com\/de\/#\/schema\/person\/2cc86d57b4e91b6c23ab77b2ada44b16"},"headline":"DACH+HOLZ 2016: Neuheiten f\u00fcr die sichere Dichtung der Geb\u00e4udeh\u00fclle und druckfrisches Planungs- und Sanierungshandbuch WISSEN 2016\/17","datePublished":"2016-01-28T14:39:58+00:00","dateModified":"2016-01-29T10:53:33+00:00","mainEntityOfPage":{"@id":"https:\/\/blog.proclima.com\/de\/2016\/01\/wissen-2016-17\/"},"wordCount":335,"commentCount":0,"publisher":{"@id":"https:\/\/blog.proclima.com\/de\/#organization"},"image":{"@id":"https:\/\/blog.proclima.com\/de\/2016\/01\/wissen-2016-17\/#primaryimage"},"thumbnailUrl":"https:\/\/blog.proclima.com\/de\/files\/2016\/01\/Cover_WISSEN_MAGAZIN_de-1024x752.jpg","keywords":["Bauphysik","Christoph B\u00f6ringer","Dach+Holz","Luftdichtung","Sanierungshandbuch","Winddichtung au\u00dfen","WISSEN"],"articleSection":["Pressemitteilungen"],"inLanguage":"de","potentialAction":[{"@type":"CommentAction","name":"Comment","target":["https:\/\/blog.proclima.com\/de\/2016\/01\/wissen-2016-17\/#respond"]}]},{"@type":"WebPage","@id":"https:\/\/blog.proclima.com\/de\/2016\/01\/wissen-2016-17\/","url":"https:\/\/blog.proclima.com\/de\/2016\/01\/wissen-2016-17\/","name":"DACH+HOLZ 2016: Neuheiten f\u00fcr die sichere Dichtung der Geb\u00e4udeh\u00fclle und druckfrisches Planungs- und Sanierungshandbuch WISSEN 2016\/17 &#187; pro clima Blog - Deutschland","isPartOf":{"@id":"https:\/\/blog.proclima.com\/de\/#website"},"primaryImageOfPage":{"@id":"https:\/\/blog.proclima.com\/de\/2016\/01\/wissen-2016-17\/#primaryimage"},"image":{"@id":"https:\/\/blog.proclima.com\/de\/2016\/01\/wissen-2016-17\/#primaryimage"},"thumbnailUrl":"https:\/\/blog.proclima.com\/de\/files\/2016\/01\/Cover_WISSEN_MAGAZIN_de-1024x752.jpg","datePublished":"2016-01-28T14:39:58+00:00","dateModified":"2016-01-29T10:53:33+00:00","breadcrumb":{"@id":"https:\/\/blog.proclima.com\/de\/2016\/01\/wissen-2016-17\/#breadcrumb"},"inLanguage":"de","potentialAction":[{"@type":"ReadAction","target":["https:\/\/blog.proclima.com\/de\/2016\/01\/wissen-2016-17\/"]}]},{"@type":"ImageObject","inLanguage":"de","@id":"https:\/\/blog.proclima.com\/de\/2016\/01\/wissen-2016-17\/#primaryimage","url":"https:\/\/blog.proclima.com\/de\/files\/2016\/01\/Cover_WISSEN_MAGAZIN_de-scaled.jpg","contentUrl":"https:\/\/blog.proclima.com\/de\/files\/2016\/01\/Cover_WISSEN_MAGAZIN_de-scaled.jpg","width":2560,"height":1879},{"@type":"BreadcrumbList","@id":"https:\/\/blog.proclima.com\/de\/2016\/01\/wissen-2016-17\/#breadcrumb","itemListElement":[{"@type":"ListItem","position":1,"name":"Startseite","item":"https:\/\/blog.proclima.com\/de\/"},{"@type":"ListItem","position":2,"name":"DACH+HOLZ 2016: Neuheiten f\u00fcr die sichere Dichtung der Geb\u00e4udeh\u00fclle und druckfrisches Planungs- und Sanierungshandbuch WISSEN 2016\/17"}]},{"@type":"WebSite","@id":"https:\/\/blog.proclima.com\/de\/#website","url":"https:\/\/blog.proclima.com\/de\/","name":"pro clima Blog - Deutschland","description":"alles was pro clima bewegt","publisher":{"@id":"https:\/\/blog.proclima.com\/de\/#organization"},"potentialAction":[{"@type":"SearchAction","target":{"@type":"EntryPoint","urlTemplate":"https:\/\/blog.proclima.com\/de\/?s={search_term_string}"},"query-input":{"@type":"PropertyValueSpecification","valueRequired":true,"valueName":"search_term_string"}}],"inLanguage":"de"},{"@type":"Organization","@id":"https:\/\/blog.proclima.com\/de\/#organization","name":"pro clima - Moll bau\u00f6kologische Produkte GmbH","url":"https:\/\/blog.proclima.com\/de\/","logo":{"@type":"ImageObject","inLanguage":"de","@id":"https:\/\/blog.proclima.com\/de\/#\/schema\/logo\/image\/","url":"https:\/\/blog.proclima.com\/de\/files\/2020\/04\/Logo-pro-clima.png","contentUrl":"https:\/\/blog.proclima.com\/de\/files\/2020\/04\/Logo-pro-clima.png","width":4210,"height":4881,"caption":"pro clima - Moll bau\u00f6kologische Produkte GmbH"},"image":{"@id":"https:\/\/blog.proclima.com\/de\/#\/schema\/logo\/image\/"},"sameAs":["https:\/\/www.facebook.com\/proclima","https:\/\/x.com\/proclimaDE"]},{"@type":"Person","@id":"https:\/\/blog.proclima.com\/de\/#\/schema\/person\/2cc86d57b4e91b6c23ab77b2ada44b16","name":"Julia Metzger","url":"https:\/\/blog.proclima.com\/de\/author\/metzger\/"}]}},"canto_acf_fields":"","_links":{"self":[{"href":"https:\/\/blog.proclima.com\/de\/wp-json\/wp\/v2\/posts\/5509","targetHints":{"allow":["GET"]}}],"collection":[{"href":"https:\/\/blog.proclima.com\/de\/wp-json\/wp\/v2\/posts"}],"about":[{"href":"https:\/\/blog.proclima.com\/de\/wp-json\/wp\/v2\/types\/post"}],"author":[{"embeddable":true,"href":"https:\/\/blog.proclima.com\/de\/wp-json\/wp\/v2\/users\/17"}],"replies":[{"embeddable":true,"href":"https:\/\/blog.proclima.com\/de\/wp-json\/wp\/v2\/comments?post=5509"}],"version-history":[{"count":6,"href":"https:\/\/blog.proclima.com\/de\/wp-json\/wp\/v2\/posts\/5509\/revisions"}],"predecessor-version":[{"id":5530,"href":"https:\/\/blog.proclima.com\/de\/wp-json\/wp\/v2\/posts\/5509\/revisions\/5530"}],"wp:attachment":[{"href":"https:\/\/blog.proclima.com\/de\/wp-json\/wp\/v2\/media?parent=5509"}],"wp:term":[{"taxonomy":"category","embeddable":true,"href":"https:\/\/blog.proclima.com\/de\/wp-json\/wp\/v2\/categories?post=5509"},{"taxonomy":"post_tag","embeddable":true,"href":"https:\/\/blog.proclima.com\/de\/wp-json\/wp\/v2\/tags?post=5509"}],"curies":[{"name":"wp","href":"https:\/\/api.w.org\/{rel}","templated":true}]}}