
{"id":5370,"date":"2015-12-03T11:28:03","date_gmt":"2015-12-03T10:28:03","guid":{"rendered":"http:\/\/blog.proclima.com\/de\/?p=5370"},"modified":"2015-12-03T11:28:03","modified_gmt":"2015-12-03T10:28:03","slug":"pro-clima-ihf","status":"publish","type":"post","link":"https:\/\/blog.proclima.com\/de\/2015\/12\/pro-clima-ihf\/","title":{"rendered":"21. Internationales Holzbau Forum in Garmisch"},"content":{"rendered":"<p><a href=\"https:\/\/blog.proclima.com\/de\/files\/2015\/12\/IMG_1116.jpg\"><img loading=\"lazy\" decoding=\"async\" class=\"alignnone wp-image-5373 size-large\" src=\"https:\/\/blog.proclima.com\/de\/files\/2015\/12\/IMG_1116-1024x768.jpg\" alt=\"IMG_1116\" width=\"584\" height=\"438\" srcset=\"https:\/\/blog.proclima.com\/de\/files\/2015\/12\/IMG_1116-1024x768.jpg 1024w, https:\/\/blog.proclima.com\/de\/files\/2015\/12\/IMG_1116-300x225.jpg 300w, https:\/\/blog.proclima.com\/de\/files\/2015\/12\/IMG_1116-768x576.jpg 768w, https:\/\/blog.proclima.com\/de\/files\/2015\/12\/IMG_1116-1536x1152.jpg 1536w, https:\/\/blog.proclima.com\/de\/files\/2015\/12\/IMG_1116-2048x1536.jpg 2048w, https:\/\/blog.proclima.com\/de\/files\/2015\/12\/IMG_1116-384x288.jpg 384w\" sizes=\"auto, (max-width: 584px) 100vw, 584px\" \/><\/a><\/p>\n<p>Stefan H\u00fcckst\u00e4dt, pro clima Anwendungstechniker und K\u00e4nguru-Seminar-Referent, ist derzeit mit einem pro clima Team auf dem 21. Internationalen Holzbau Forum in Garmisch.<br \/>\nSeine Eindr\u00fccke ersten Eindr\u00fccke:<\/p>\n<p>&#8222;Auch dieses Jahr ist pro clima wieder beim <a href=\"http:\/\/www.forum-holzbau.com\/ihf\/garmisch_index.html\">Internationalen Holzbauforum in Garmisch-Partenkirchen <\/a>vertreten. Das IHF stellt DIE Veranstaltung im Bereich Holzbau schlechthin dar. Allj\u00e4hrlich trifft sich in Garmisch-Partenkirchen, am Fu\u00dfe der Zugspitze, ein Gro\u00dfteil der Branche. Mit dabei sind viele einschl\u00e4gige Vertreter aus den Bereichen Holzbau, Planung, Forschung und Lehre sowie Industrie und Handel.<br \/>\n\u00dcber insgesamt drei Tage k\u00f6nnen eine Vielzahl an interessanten Vortr\u00e4gen besucht werden. Schwerpunktthemen sind dabei dieses Jahr unter anderem die Themen Modernisierung und Energieeffizientes Bauen sowie im Bereich Konstruktion: L\u00f6sungen mit Brettsperrholz und Hybrid-Bauweise (Holz-Beton). pro clima betreut wie jedes Jahr einen Stand in der Fachausstellung. Mit dabei sind neben mir: Michael F\u00f6rster (Leiter Anwendungstechnik) , Axel Schmidt (Export) , Marcus Willink (Technik-Hotline &amp; WISSEN) und\u00a0 Arnold Wittig (Vertrieb) <!--more--><\/p>\n<figure id=\"attachment_5386\" aria-describedby=\"caption-attachment-5386\" style=\"width: 960px\" class=\"wp-caption alignnone\"><a href=\"https:\/\/blog.proclima.com\/de\/files\/2015\/12\/Stefan-auf-IHF.jpg\"><img loading=\"lazy\" decoding=\"async\" data-size=\"960x720\" class=\"wp-image-5386 size-full\" src=\"https:\/\/blog.proclima.com\/de\/files\/2015\/12\/Stefan-auf-IHF.jpg\" alt=\"Stefan auf IHF\" width=\"960\" height=\"720\" srcset=\"https:\/\/blog.proclima.com\/de\/files\/2015\/12\/Stefan-auf-IHF.jpg 960w, https:\/\/blog.proclima.com\/de\/files\/2015\/12\/Stefan-auf-IHF-300x225.jpg 300w, https:\/\/blog.proclima.com\/de\/files\/2015\/12\/Stefan-auf-IHF-768x576.jpg 768w, https:\/\/blog.proclima.com\/de\/files\/2015\/12\/Stefan-auf-IHF-384x288.jpg 384w\" sizes=\"auto, (max-width: 960px) 100vw, 960px\" \/><\/a><figcaption id=\"caption-attachment-5386\" class=\"wp-caption-text\">Stefan H\u00fcckst\u00e4dt (Mitte) im Gespr\u00e4ch am pro clima Stand<\/figcaption><\/figure>\n<p>Am Stand sowie im Umfeld der gesamten Fachausstellung und im Rahmen der Abendveranstaltungen ergeben sich viele interessante Gespr\u00e4che mit Holzbauunternehmern und Industrievertretern. Das IHF ist keine klassische Endkundenmesse. Vielmehr ist es ein gro\u00dfes Branchen-internes Treffen, bei dem das Netzwerken im Vordergrund steht. Nat\u00fcrlich k\u00f6nnen auch bei dem ein oder anderen interessanten Vortrag neue Ans\u00e4tze und Entwicklungen im Holzbau verfolgt werden.<\/p>\n<p>Heuer ist das IHF sehr gut besucht. Bereits fr\u00fch morgens zur Auftaktveranstaltung waren ungew\u00f6hnlich viele Besucher in der Fachausstellung unterwegs. In den letzten Jahren war der Auftakt oft noch ein wenig ruhiger und der Gro\u00dfteil der Besuche erschien erst im Laufe des Tages.<\/p>\n<p><a href=\"https:\/\/blog.proclima.com\/de\/files\/2015\/12\/IMG_1115.jpg\"><img loading=\"lazy\" decoding=\"async\" class=\"alignleft wp-image-5372 size-medium\" src=\"https:\/\/blog.proclima.com\/de\/files\/2015\/12\/IMG_1115-300x225.jpg\" alt=\"IMG_1115\" width=\"300\" height=\"225\" srcset=\"https:\/\/blog.proclima.com\/de\/files\/2015\/12\/IMG_1115-300x225.jpg 300w, https:\/\/blog.proclima.com\/de\/files\/2015\/12\/IMG_1115-1024x768.jpg 1024w, https:\/\/blog.proclima.com\/de\/files\/2015\/12\/IMG_1115-768x576.jpg 768w, https:\/\/blog.proclima.com\/de\/files\/2015\/12\/IMG_1115-1536x1152.jpg 1536w, https:\/\/blog.proclima.com\/de\/files\/2015\/12\/IMG_1115-2048x1536.jpg 2048w, https:\/\/blog.proclima.com\/de\/files\/2015\/12\/IMG_1115-384x288.jpg 384w\" sizes=\"auto, (max-width: 300px) 100vw, 300px\" \/><\/a>Pers\u00f6nlich freut es mich neben Kunden und Partnern auch ehemalige Kommilitonen und Professoren der Hochschule Rosenheim wiederzusehen. Neben der hohen Qualit\u00e4t der Vortr\u00e4ge, Aussteller und Besucher, rundet das alpenl\u00e4ndische Ambiente bei herrlichem Winterwetter die Veranstaltung ab! Das IHF stellt auch f\u00fcr mich pers\u00f6nlich zum Jahresende nochmal ein besonders Highlight dar. Ich bin gespannt, wie die Veranstaltung weiterhin verl\u00e4uft und freue mich auf weitere interessante Gespr\u00e4che.&#8220;<\/p>\n<p><strong><a href=\"https:\/\/blog.proclima.com\/de\/files\/2015\/12\/Stefan_H\u00fcckst\u00e4dt.jpg\"><img loading=\"lazy\" decoding=\"async\" data-size=\"250x250\" class=\"alignright wp-image-5377\" src=\"https:\/\/blog.proclima.com\/de\/files\/2015\/12\/Stefan_H\u00fcckst\u00e4dt.jpg\" alt=\"Stefan_H\u00fcckst\u00e4dt\" width=\"264\" height=\"264\" srcset=\"https:\/\/blog.proclima.com\/de\/files\/2015\/12\/Stefan_H\u00fcckst\u00e4dt.jpg 250w, https:\/\/blog.proclima.com\/de\/files\/2015\/12\/Stefan_H\u00fcckst\u00e4dt-150x150.jpg 150w, https:\/\/blog.proclima.com\/de\/files\/2015\/12\/Stefan_H\u00fcckst\u00e4dt-216x216.jpg 216w\" sizes=\"auto, (max-width: 264px) 100vw, 264px\" \/><\/a>\u00dcber Stefan H\u00fcckst\u00e4dt<br \/>\n<\/strong>Nach der Ausbildung zum Zimmerer, entschloss er sich zur Weiterbildung im Bereich Holzbau und studierte nach dem nachgeholten Abitur an der Hochschule Rosenheim Holzbau und Ausbau. Bereist w\u00e4hrend des Studiums interessierte er sich f\u00fcr die Bauphysik, weil es ein spannendes Thema abseits der \u00fcblichen T\u00e4tigkeit des Holzbauingenieurs im Bereich der Statik ist. \u00dcber dieses Interesse kam er dann auch zu pro clima. Heute berate er in der Anwendungstechnik Architekten, Verarbeiter, H\u00e4ndler sowie Bauherren. F\u00fcr die pro clima <a href=\"https:\/\/www.kaenguru.me\/\">Wissenswerktstatt <\/a>fungiert er als Referent bei den Seminaren &#8222;<a href=\"https:\/\/www.kaenguru.me\/seminare\/sicher-dichten\/\">Sicher dichten<\/a>&#8220; und &#8222;<a href=\"https:\/\/www.kaenguru.me\/seminare\/sanieren\/\">Praxisgerecht sanieren<\/a>&#8222;.<\/p>\n<p>Erreichbar ist Stefan H\u00fcckst\u00e4dt unter: <a href=\"mailto:%20stefan.hueckstaedt@proclima.de\" target=\"_blank\">stefan.hueckstaedt@proclima.de<\/a><\/p>\n<p><strong>Weitere Artikel von Stefan H\u00fcckst\u00e4dt:<br \/>\n<\/strong><\/p>\n<ul>\n<li>Partnertag beim Ortenauer Baunetzwerk: <a href=\"https:\/\/blog.proclima.com\/de\/2015\/07\/ortenauer-baunetzwerk\/\">https:\/\/blog.proclima.com\/de\/2015\/07\/ortenauer-baunetzwerk\/<\/a><\/li>\n<li>Vortrag im Zimmerer Ausbildungszentrum in Biberach: Gro\u00dfes Interesse beim Thema Flachdach<br \/>\n<a href=\"https:\/\/blog.proclima.com\/de\/2014\/09\/ausbildzungszentrum-biberach\/\" target=\"_blank\">https:\/\/blog.proclima.com\/de\/2014\/09\/ausbildzungszentrum-biberach\/<\/a><\/li>\n<li>Oxfam-Trailwalker 2014: So war f\u00fcr mich der 100-Kilometer-Lauf<br \/>\n<a href=\"https:\/\/blog.proclima.com\/de\/2014\/07\/stefan-hueckstaedt-oxfam\/\" target=\"_blank\">https:\/\/blog.proclima.com\/de\/2014\/07\/stefan-hueckstaedt-oxfam\/<\/a><\/li>\n<\/ul>\n","protected":false},"excerpt":{"rendered":"<p>Stefan H\u00fcckst\u00e4dt, pro clima Anwendungstechniker und K\u00e4nguru-Seminar-Referent, ist derzeit mit einem pro clima Team auf dem 21. Internationalen Holzbau Forum in Garmisch. Seine Eindr\u00fccke ersten <a href=\"https:\/\/blog.proclima.com\/de\/2015\/12\/pro-clima-ihf\/\" rel=\"bookmark\">&#8230;<\/a><\/p>\n","protected":false},"author":17,"featured_media":0,"comment_status":"open","ping_status":"open","sticky":false,"template":"","format":"standard","meta":{"footnotes":""},"categories":[1,3],"tags":[764,223,433,375,542],"class_list":["post-5370","post","type-post","status-publish","format-standard","hentry","category-proclima","category-veranstaltung","tag-garmisch","tag-holzbauforum","tag-ihf","tag-seminare","tag-stefan-huckstadt"],"yoast_head":"<!-- This site is optimized with the Yoast SEO plugin v27.5 - https:\/\/yoast.com\/product\/yoast-seo-wordpress\/ -->\n<title>21. Internationales Holzbau Forum in Garmisch &#187; pro clima Blog - Deutschland<\/title>\n<meta name=\"robots\" content=\"index, follow, max-snippet:-1, max-image-preview:large, max-video-preview:-1\" \/>\n<link rel=\"canonical\" href=\"https:\/\/blog.proclima.com\/de\/2015\/12\/pro-clima-ihf\/\" \/>\n<meta property=\"og:locale\" content=\"de_DE\" \/>\n<meta property=\"og:type\" content=\"article\" \/>\n<meta property=\"og:title\" content=\"21. Internationales Holzbau Forum in Garmisch &#187; pro clima Blog - Deutschland\" \/>\n<meta property=\"og:description\" content=\"Stefan H\u00fcckst\u00e4dt, pro clima Anwendungstechniker und K\u00e4nguru-Seminar-Referent, ist derzeit mit einem pro clima Team auf dem 21. Internationalen Holzbau Forum in Garmisch. Seine Eindr\u00fccke ersten ...\" \/>\n<meta property=\"og:url\" content=\"https:\/\/blog.proclima.com\/de\/2015\/12\/pro-clima-ihf\/\" \/>\n<meta property=\"og:site_name\" content=\"pro clima Blog - Deutschland\" \/>\n<meta property=\"article:publisher\" content=\"https:\/\/www.facebook.com\/proclima\" \/>\n<meta property=\"article:published_time\" content=\"2015-12-03T10:28:03+00:00\" \/>\n<meta property=\"og:image\" content=\"https:\/\/blog.proclima.com\/de\/files\/2015\/12\/IMG_1116-scaled.jpg\" \/>\n\t<meta property=\"og:image:width\" content=\"2560\" \/>\n\t<meta property=\"og:image:height\" content=\"1920\" \/>\n\t<meta property=\"og:image:type\" content=\"image\/jpeg\" \/>\n<meta name=\"author\" content=\"Julia Metzger\" \/>\n<meta name=\"twitter:card\" content=\"summary_large_image\" \/>\n<meta name=\"twitter:creator\" content=\"@proclimaDE\" \/>\n<meta name=\"twitter:site\" content=\"@proclimaDE\" \/>\n<meta name=\"twitter:label1\" content=\"Verfasst von\" \/>\n\t<meta name=\"twitter:data1\" content=\"Julia Metzger\" \/>\n\t<meta name=\"twitter:label2\" content=\"Gesch\u00e4tzte Lesezeit\" \/>\n\t<meta name=\"twitter:data2\" content=\"3\u00a0Minuten\" \/>\n<script type=\"application\/ld+json\" class=\"yoast-schema-graph\">{\"@context\":\"https:\\\/\\\/schema.org\",\"@graph\":[{\"@type\":\"Article\",\"@id\":\"https:\\\/\\\/blog.proclima.com\\\/de\\\/2015\\\/12\\\/pro-clima-ihf\\\/#article\",\"isPartOf\":{\"@id\":\"https:\\\/\\\/blog.proclima.com\\\/de\\\/2015\\\/12\\\/pro-clima-ihf\\\/\"},\"author\":{\"name\":\"Julia Metzger\",\"@id\":\"https:\\\/\\\/blog.proclima.com\\\/de\\\/#\\\/schema\\\/person\\\/2cc86d57b4e91b6c23ab77b2ada44b16\"},\"headline\":\"21. Internationales Holzbau Forum in Garmisch\",\"datePublished\":\"2015-12-03T10:28:03+00:00\",\"mainEntityOfPage\":{\"@id\":\"https:\\\/\\\/blog.proclima.com\\\/de\\\/2015\\\/12\\\/pro-clima-ihf\\\/\"},\"wordCount\":527,\"commentCount\":0,\"publisher\":{\"@id\":\"https:\\\/\\\/blog.proclima.com\\\/de\\\/#organization\"},\"image\":{\"@id\":\"https:\\\/\\\/blog.proclima.com\\\/de\\\/2015\\\/12\\\/pro-clima-ihf\\\/#primaryimage\"},\"thumbnailUrl\":\"https:\\\/\\\/blog.proclima.com\\\/de\\\/files\\\/2015\\\/12\\\/IMG_1116-1024x768.jpg\",\"keywords\":[\"Garmisch\",\"Holzbauforum\",\"IHF\",\"Seminare\",\"Stefan H\u00fcckst\u00e4dt\"],\"articleSection\":[\"pro clima\",\"Veranstaltung\"],\"inLanguage\":\"de\",\"potentialAction\":[{\"@type\":\"CommentAction\",\"name\":\"Comment\",\"target\":[\"https:\\\/\\\/blog.proclima.com\\\/de\\\/2015\\\/12\\\/pro-clima-ihf\\\/#respond\"]}]},{\"@type\":\"WebPage\",\"@id\":\"https:\\\/\\\/blog.proclima.com\\\/de\\\/2015\\\/12\\\/pro-clima-ihf\\\/\",\"url\":\"https:\\\/\\\/blog.proclima.com\\\/de\\\/2015\\\/12\\\/pro-clima-ihf\\\/\",\"name\":\"21. Internationales Holzbau Forum in Garmisch &#187; pro clima Blog - Deutschland\",\"isPartOf\":{\"@id\":\"https:\\\/\\\/blog.proclima.com\\\/de\\\/#website\"},\"primaryImageOfPage\":{\"@id\":\"https:\\\/\\\/blog.proclima.com\\\/de\\\/2015\\\/12\\\/pro-clima-ihf\\\/#primaryimage\"},\"image\":{\"@id\":\"https:\\\/\\\/blog.proclima.com\\\/de\\\/2015\\\/12\\\/pro-clima-ihf\\\/#primaryimage\"},\"thumbnailUrl\":\"https:\\\/\\\/blog.proclima.com\\\/de\\\/files\\\/2015\\\/12\\\/IMG_1116-1024x768.jpg\",\"datePublished\":\"2015-12-03T10:28:03+00:00\",\"breadcrumb\":{\"@id\":\"https:\\\/\\\/blog.proclima.com\\\/de\\\/2015\\\/12\\\/pro-clima-ihf\\\/#breadcrumb\"},\"inLanguage\":\"de\",\"potentialAction\":[{\"@type\":\"ReadAction\",\"target\":[\"https:\\\/\\\/blog.proclima.com\\\/de\\\/2015\\\/12\\\/pro-clima-ihf\\\/\"]}]},{\"@type\":\"ImageObject\",\"inLanguage\":\"de\",\"@id\":\"https:\\\/\\\/blog.proclima.com\\\/de\\\/2015\\\/12\\\/pro-clima-ihf\\\/#primaryimage\",\"url\":\"https:\\\/\\\/blog.proclima.com\\\/de\\\/files\\\/2015\\\/12\\\/IMG_1116-scaled.jpg\",\"contentUrl\":\"https:\\\/\\\/blog.proclima.com\\\/de\\\/files\\\/2015\\\/12\\\/IMG_1116-scaled.jpg\",\"width\":2560,\"height\":1920},{\"@type\":\"BreadcrumbList\",\"@id\":\"https:\\\/\\\/blog.proclima.com\\\/de\\\/2015\\\/12\\\/pro-clima-ihf\\\/#breadcrumb\",\"itemListElement\":[{\"@type\":\"ListItem\",\"position\":1,\"name\":\"Startseite\",\"item\":\"https:\\\/\\\/blog.proclima.com\\\/de\\\/\"},{\"@type\":\"ListItem\",\"position\":2,\"name\":\"21. Internationales Holzbau Forum in Garmisch\"}]},{\"@type\":\"WebSite\",\"@id\":\"https:\\\/\\\/blog.proclima.com\\\/de\\\/#website\",\"url\":\"https:\\\/\\\/blog.proclima.com\\\/de\\\/\",\"name\":\"pro clima Blog - Deutschland\",\"description\":\"alles was pro clima bewegt\",\"publisher\":{\"@id\":\"https:\\\/\\\/blog.proclima.com\\\/de\\\/#organization\"},\"potentialAction\":[{\"@type\":\"SearchAction\",\"target\":{\"@type\":\"EntryPoint\",\"urlTemplate\":\"https:\\\/\\\/blog.proclima.com\\\/de\\\/?s={search_term_string}\"},\"query-input\":{\"@type\":\"PropertyValueSpecification\",\"valueRequired\":true,\"valueName\":\"search_term_string\"}}],\"inLanguage\":\"de\"},{\"@type\":\"Organization\",\"@id\":\"https:\\\/\\\/blog.proclima.com\\\/de\\\/#organization\",\"name\":\"pro clima - Moll bau\u00f6kologische Produkte GmbH\",\"url\":\"https:\\\/\\\/blog.proclima.com\\\/de\\\/\",\"logo\":{\"@type\":\"ImageObject\",\"inLanguage\":\"de\",\"@id\":\"https:\\\/\\\/blog.proclima.com\\\/de\\\/#\\\/schema\\\/logo\\\/image\\\/\",\"url\":\"https:\\\/\\\/blog.proclima.com\\\/de\\\/files\\\/2020\\\/04\\\/Logo-pro-clima.png\",\"contentUrl\":\"https:\\\/\\\/blog.proclima.com\\\/de\\\/files\\\/2020\\\/04\\\/Logo-pro-clima.png\",\"width\":4210,\"height\":4881,\"caption\":\"pro clima - Moll bau\u00f6kologische Produkte GmbH\"},\"image\":{\"@id\":\"https:\\\/\\\/blog.proclima.com\\\/de\\\/#\\\/schema\\\/logo\\\/image\\\/\"},\"sameAs\":[\"https:\\\/\\\/www.facebook.com\\\/proclima\",\"https:\\\/\\\/x.com\\\/proclimaDE\"]},{\"@type\":\"Person\",\"@id\":\"https:\\\/\\\/blog.proclima.com\\\/de\\\/#\\\/schema\\\/person\\\/2cc86d57b4e91b6c23ab77b2ada44b16\",\"name\":\"Julia Metzger\",\"url\":\"https:\\\/\\\/blog.proclima.com\\\/de\\\/author\\\/metzger\\\/\"}]}<\/script>\n<!-- \/ Yoast SEO plugin. -->","yoast_head_json":{"title":"21. Internationales Holzbau Forum in Garmisch &#187; pro clima Blog - Deutschland","robots":{"index":"index","follow":"follow","max-snippet":"max-snippet:-1","max-image-preview":"max-image-preview:large","max-video-preview":"max-video-preview:-1"},"canonical":"https:\/\/blog.proclima.com\/de\/2015\/12\/pro-clima-ihf\/","og_locale":"de_DE","og_type":"article","og_title":"21. Internationales Holzbau Forum in Garmisch &#187; pro clima Blog - Deutschland","og_description":"Stefan H\u00fcckst\u00e4dt, pro clima Anwendungstechniker und K\u00e4nguru-Seminar-Referent, ist derzeit mit einem pro clima Team auf dem 21. Internationalen Holzbau Forum in Garmisch. Seine Eindr\u00fccke ersten ...","og_url":"https:\/\/blog.proclima.com\/de\/2015\/12\/pro-clima-ihf\/","og_site_name":"pro clima Blog - Deutschland","article_publisher":"https:\/\/www.facebook.com\/proclima","article_published_time":"2015-12-03T10:28:03+00:00","og_image":[{"width":2560,"height":1920,"url":"https:\/\/blog.proclima.com\/de\/files\/2015\/12\/IMG_1116-scaled.jpg","type":"image\/jpeg"}],"author":"Julia Metzger","twitter_card":"summary_large_image","twitter_creator":"@proclimaDE","twitter_site":"@proclimaDE","twitter_misc":{"Verfasst von":"Julia Metzger","Gesch\u00e4tzte Lesezeit":"3\u00a0Minuten"},"schema":{"@context":"https:\/\/schema.org","@graph":[{"@type":"Article","@id":"https:\/\/blog.proclima.com\/de\/2015\/12\/pro-clima-ihf\/#article","isPartOf":{"@id":"https:\/\/blog.proclima.com\/de\/2015\/12\/pro-clima-ihf\/"},"author":{"name":"Julia Metzger","@id":"https:\/\/blog.proclima.com\/de\/#\/schema\/person\/2cc86d57b4e91b6c23ab77b2ada44b16"},"headline":"21. Internationales Holzbau Forum in Garmisch","datePublished":"2015-12-03T10:28:03+00:00","mainEntityOfPage":{"@id":"https:\/\/blog.proclima.com\/de\/2015\/12\/pro-clima-ihf\/"},"wordCount":527,"commentCount":0,"publisher":{"@id":"https:\/\/blog.proclima.com\/de\/#organization"},"image":{"@id":"https:\/\/blog.proclima.com\/de\/2015\/12\/pro-clima-ihf\/#primaryimage"},"thumbnailUrl":"https:\/\/blog.proclima.com\/de\/files\/2015\/12\/IMG_1116-1024x768.jpg","keywords":["Garmisch","Holzbauforum","IHF","Seminare","Stefan H\u00fcckst\u00e4dt"],"articleSection":["pro clima","Veranstaltung"],"inLanguage":"de","potentialAction":[{"@type":"CommentAction","name":"Comment","target":["https:\/\/blog.proclima.com\/de\/2015\/12\/pro-clima-ihf\/#respond"]}]},{"@type":"WebPage","@id":"https:\/\/blog.proclima.com\/de\/2015\/12\/pro-clima-ihf\/","url":"https:\/\/blog.proclima.com\/de\/2015\/12\/pro-clima-ihf\/","name":"21. Internationales Holzbau Forum in Garmisch &#187; pro clima Blog - Deutschland","isPartOf":{"@id":"https:\/\/blog.proclima.com\/de\/#website"},"primaryImageOfPage":{"@id":"https:\/\/blog.proclima.com\/de\/2015\/12\/pro-clima-ihf\/#primaryimage"},"image":{"@id":"https:\/\/blog.proclima.com\/de\/2015\/12\/pro-clima-ihf\/#primaryimage"},"thumbnailUrl":"https:\/\/blog.proclima.com\/de\/files\/2015\/12\/IMG_1116-1024x768.jpg","datePublished":"2015-12-03T10:28:03+00:00","breadcrumb":{"@id":"https:\/\/blog.proclima.com\/de\/2015\/12\/pro-clima-ihf\/#breadcrumb"},"inLanguage":"de","potentialAction":[{"@type":"ReadAction","target":["https:\/\/blog.proclima.com\/de\/2015\/12\/pro-clima-ihf\/"]}]},{"@type":"ImageObject","inLanguage":"de","@id":"https:\/\/blog.proclima.com\/de\/2015\/12\/pro-clima-ihf\/#primaryimage","url":"https:\/\/blog.proclima.com\/de\/files\/2015\/12\/IMG_1116-scaled.jpg","contentUrl":"https:\/\/blog.proclima.com\/de\/files\/2015\/12\/IMG_1116-scaled.jpg","width":2560,"height":1920},{"@type":"BreadcrumbList","@id":"https:\/\/blog.proclima.com\/de\/2015\/12\/pro-clima-ihf\/#breadcrumb","itemListElement":[{"@type":"ListItem","position":1,"name":"Startseite","item":"https:\/\/blog.proclima.com\/de\/"},{"@type":"ListItem","position":2,"name":"21. Internationales Holzbau Forum in Garmisch"}]},{"@type":"WebSite","@id":"https:\/\/blog.proclima.com\/de\/#website","url":"https:\/\/blog.proclima.com\/de\/","name":"pro clima Blog - Deutschland","description":"alles was pro clima bewegt","publisher":{"@id":"https:\/\/blog.proclima.com\/de\/#organization"},"potentialAction":[{"@type":"SearchAction","target":{"@type":"EntryPoint","urlTemplate":"https:\/\/blog.proclima.com\/de\/?s={search_term_string}"},"query-input":{"@type":"PropertyValueSpecification","valueRequired":true,"valueName":"search_term_string"}}],"inLanguage":"de"},{"@type":"Organization","@id":"https:\/\/blog.proclima.com\/de\/#organization","name":"pro clima - Moll bau\u00f6kologische Produkte GmbH","url":"https:\/\/blog.proclima.com\/de\/","logo":{"@type":"ImageObject","inLanguage":"de","@id":"https:\/\/blog.proclima.com\/de\/#\/schema\/logo\/image\/","url":"https:\/\/blog.proclima.com\/de\/files\/2020\/04\/Logo-pro-clima.png","contentUrl":"https:\/\/blog.proclima.com\/de\/files\/2020\/04\/Logo-pro-clima.png","width":4210,"height":4881,"caption":"pro clima - Moll bau\u00f6kologische Produkte GmbH"},"image":{"@id":"https:\/\/blog.proclima.com\/de\/#\/schema\/logo\/image\/"},"sameAs":["https:\/\/www.facebook.com\/proclima","https:\/\/x.com\/proclimaDE"]},{"@type":"Person","@id":"https:\/\/blog.proclima.com\/de\/#\/schema\/person\/2cc86d57b4e91b6c23ab77b2ada44b16","name":"Julia Metzger","url":"https:\/\/blog.proclima.com\/de\/author\/metzger\/"}]}},"canto_acf_fields":"","_links":{"self":[{"href":"https:\/\/blog.proclima.com\/de\/wp-json\/wp\/v2\/posts\/5370","targetHints":{"allow":["GET"]}}],"collection":[{"href":"https:\/\/blog.proclima.com\/de\/wp-json\/wp\/v2\/posts"}],"about":[{"href":"https:\/\/blog.proclima.com\/de\/wp-json\/wp\/v2\/types\/post"}],"author":[{"embeddable":true,"href":"https:\/\/blog.proclima.com\/de\/wp-json\/wp\/v2\/users\/17"}],"replies":[{"embeddable":true,"href":"https:\/\/blog.proclima.com\/de\/wp-json\/wp\/v2\/comments?post=5370"}],"version-history":[{"count":9,"href":"https:\/\/blog.proclima.com\/de\/wp-json\/wp\/v2\/posts\/5370\/revisions"}],"predecessor-version":[{"id":5387,"href":"https:\/\/blog.proclima.com\/de\/wp-json\/wp\/v2\/posts\/5370\/revisions\/5387"}],"wp:attachment":[{"href":"https:\/\/blog.proclima.com\/de\/wp-json\/wp\/v2\/media?parent=5370"}],"wp:term":[{"taxonomy":"category","embeddable":true,"href":"https:\/\/blog.proclima.com\/de\/wp-json\/wp\/v2\/categories?post=5370"},{"taxonomy":"post_tag","embeddable":true,"href":"https:\/\/blog.proclima.com\/de\/wp-json\/wp\/v2\/tags?post=5370"}],"curies":[{"name":"wp","href":"https:\/\/api.w.org\/{rel}","templated":true}]}}