
{"id":5269,"date":"2015-11-16T08:15:36","date_gmt":"2015-11-16T07:15:36","guid":{"rendered":"http:\/\/blog.proclima.com\/de\/?p=5269"},"modified":"2015-11-15T18:20:36","modified_gmt":"2015-11-15T17:20:36","slug":"so-tickt-pro-clima-interview","status":"publish","type":"post","link":"https:\/\/blog.proclima.com\/de\/2015\/11\/so-tickt-pro-clima-interview\/","title":{"rendered":"So tickt pro clima: \u201eBei einem erfolgreichen Unternehmen muss der Mensch im Mittelpunkt stehen\u201c"},"content":{"rendered":"<figure id=\"attachment_5274\" aria-describedby=\"caption-attachment-5274\" style=\"width: 249px\" class=\"wp-caption alignleft\"><a href=\"https:\/\/blog.proclima.com\/de\/files\/2015\/11\/2015_11_Uwe_unbearbeitet131-e1447599725123.jpg\"><img loading=\"lazy\" decoding=\"async\" class=\"size-medium wp-image-5274\" src=\"https:\/\/blog.proclima.com\/de\/files\/2015\/11\/2015_11_Uwe_unbearbeitet131-e1447599725123-249x300.jpg\" alt=\"Uwe Bartholomai, Gesch\u00e4ftsf\u00fchrer bei pro clima spricht \u00fcber proclima als Arbeitgeber, die Entwicklung und Philosophie der Firma.\" width=\"249\" height=\"300\" \/><\/a><figcaption id=\"caption-attachment-5274\" class=\"wp-caption-text\">Uwe Bartholomai, Gesch\u00e4ftsf\u00fchrer bei pro clima spricht \u00fcber proclima als Arbeitgeber, die Entwicklung und Philosophie der Firma.<\/figcaption><\/figure>\n<p><em>Firmenphilosophie und Entwicklung von MOLL pro clima \u2013 Interview mit dem Gesch\u00e4ftsf\u00fchrer Uwe Bartholom\u00e4i.<\/em><\/p>\n<p>Wer die Zentrale von MOLL pro clima in Schwetzingen besucht, betritt ein modernes, von Licht durchstr\u00f6mtes Geb\u00e4ude. Die R\u00e4ume gro\u00dfz\u00fcgig gestaltet, mit einem hohen Eingangsbereich und einem multimedialen Besucherzimmer. MOLL bau\u00f6kologische Produkte erweitert derzeit B\u00fcro- und Meetingr\u00e4ume. Ein Bereich ist gerade fertig geworden.<\/p>\n<p>Die andauernden Bauarbeiten symbolisieren das stetige Wachstum der erfolgreichen Marke pro clima. Inzwischen arbeiten rund 100 M\u00e4nner und Frauen f\u00fcr das mittelst\u00e4ndische Unternehmen, das sich auf die Entwicklung und Produktion von Systemen zur dichten Geb\u00e4udeh\u00fclle spezialisiert hat. Die Mitarbeiter arbeiten verteilt \u00fcber ganz Deutschland: Am Standort Schwetzingen, Berlin und in vielen deutschen St\u00e4dten in Home Offices und Co-Working-Places.<\/p>\n<p>Uwe Bartholom\u00e4i war vor \u00fcber 20 Jahren entscheidend an der Entwicklung der Marke pro clima beteiligt und pr\u00e4gte die Unternehmensidee, Philosophie, Organisation, Vertrieb und Kommunikation. Heute ist er verantwortlich f\u00fcr die Bereiche Organisation, Kommunikation, Vertrieb und Personalentwicklung. In diesem Interview spricht er \u00fcber neue R\u00e4ume zum Kreativsein, warum bei pro clima jeder in seinem Arbeitsfeld selbst viel Gestaltungsraum vorfindet, warum gute Ideen nicht immer erfolgreich sind und wie sich die Firma in den vergangenen 21 Jahren entwickelt hat.<\/p>\n<p><strong>Frage: Die neuen B\u00fcros sind gerade frisch eingerichtet und bezogen \u2013 die Bauarbeiten gehen jedoch weiter. Wo werden die n\u00e4chsten R\u00e4ume entstehen? <\/strong><!--more--><\/p>\n<p><em>Uwe Bartholom\u00e4i: Wer uns in Schwetzingen besucht, sieht, dass wir einige Arbeitscontainer auf dem Hof aufgestellt haben. Das soll nat\u00fcrlich nur eine mittelfristige L\u00f6sung sein. Wir wollen rund 250 Quadratmeter neue B\u00fcrofl\u00e4chen schaffen. Gerade sind wir schon dabei den Seminarbereich auszubauen. Wir haben eine neue Sanierungspraxishalle \u2013 wer bei unserem Seminar <a href=\"https:\/\/www.kaenguru.me\/seminare\/sanieren\/\">Praxisgerecht sanieren<\/a> oder beim <a href=\"https:\/\/blog.proclima.com\/de\/bauslam\/\">Bauslam <\/a>dabei war, kennt die gro\u00dfen Hallen. Neben einem erweiterten Schulungshaus f\u00fcr viel praktische \u00dcbungsm\u00f6glichkeiten wird langfristig der Seminarbereich auch dorthin verlegt werden. Das jetzige Forum 41 \u2013 das f\u00fcr Seminare und Veranstaltungen genutzt wird \u2013 wird nach und nach in Arbeitsr\u00e4ume umgewandelt. Das sch\u00f6ne f\u00fcr unsere Mitarbeiter: Das jetzige Bistro wird ein exklusiver Bereich f\u00fcr die Mitarbeiter. Sie k\u00f6nnen dort zus\u00e4tzlich zu unserer anderen Mitarbeiterk\u00fcche Essen zubereiten, sich austauschen oder einfach nur sein. <\/em><!--more--><\/p>\n<p><strong>Frage: pro clima tr\u00e4gt als Philosophie nach au\u00dfen, dass der Mensch im Mittelpunkt steht. Was bedeutet das f\u00fcr pro clima Mitarbeiter? Wie wird das im Arbeitsalltag umgesetzt? <\/strong><\/p>\n<p><em>Uwe Bartholom\u00e4i: In einem erfolgreichen Unternehmen muss der Mensch im Mittelpunkt stehen. Schlie\u00dflich werden die Produkte und Strategien von den Menschen gemacht. Wir als Gesch\u00e4ftsleitung versuchen Menschen einen Raum zu geben, um sich zu begegnen und um kreativ zu werden. <\/em><\/p>\n<p><strong>Wie wird das konkret umgesetzt? <\/strong><\/p>\n<p><em>Uwe Bartholom\u00e4i: Wenn der Mensch im Mittelpunkt steht, dann wird er auch mit seinen Bed\u00fcrfnissen und Erfahrungen beachtet. Wer neu zu pro clima kommt, hat somit Zeit sich mit der Firma, der Philosophie und seinen Aufgaben auseinanderzusetzen. Zwar ist ein Aufgabenbereich definiert, aber jeder soll die M\u00f6glichkeit erhalten im Rahmen der Aufgabenstellung m\u00f6glichst viel eigenes Potenzial einzubringen. Wenn ein Mensch sich aktiv einbringen kann, seine eigenen F\u00e4higkeiten bzw. Potenzial in seinen Arbeitsalltag leben kann, entsteht die gr\u00f6\u00dftm\u00f6gliche Zufriedenheit und Freude. Durch diese Freiheit entsteht gro\u00dfes Potenzial, neue Ideen, die die Firma und Marke noch vorne bringen. Denn der Mensch ist der Schl\u00fcssel f\u00fcr die Entwicklung. Das ist nat\u00fcrlich auch im negativen Fall so: Wenn der Mensch schlechte Ideen hat und demotiviert ist, schadet das der Firma. Und um an dieser Stelle selbstkritisch zu bleiben: das gilt nicht nur f\u00fcr Mitarbeiter, sondern auf f\u00fcr die Gesch\u00e4ftsleitung. Trifft die F\u00fchrungsebene falsche Entscheidungen, kann es nachhaltig allen schaden. Es gibt F\u00e4lle in Wirtschaftsgeschichte, bei denen gro\u00dfe Unternehmen gescheitert sind, weil die Gesch\u00e4ftsleitung neue Anforderungen und Entwicklungen falsch eingesch\u00e4tzt haben bzw. gar nicht wahrgenommen haben.<\/em><\/p>\n<p><strong>Bei pro clima sind die Hierarchien recht flach, alle duzen sich, es gibt kaum ernannte F\u00fchrungskr\u00e4fte und jeder muss Verantwortung \u00fcbernehmen. Wo klappt das gut und wo geht etwas schief? <\/strong><\/p>\n<p><em>Uwe Bartholom\u00e4i: Jeder Mitarbeiter sollte am besten wissen, wie seine Arbeit am effektivsten angegangen wird. So kann jeder die Prozesse optimieren und mitwirken. Da wir gerade im Wachstumsprozess sind, gibt es nat\u00fcrlich auch Dinge, die nicht sofort umgesetzt werden oder \u201ehinten runter fallen\u201c. Wir arbeiten jedoch daran, dass jeder Mitarbeiter geh\u00f6rt wird. Denn durch die Fachkompetenz, Bereitschaft zur Verantwortung, kann er oder sie diesen Unternehmensbereich erfolgreich nach vorne bringen.<\/em><\/p>\n<p><em>Wer entscheidet, entscheidet manchmal auch falsch. So kommen in dieser Philosophie auch nicht ganz zielf\u00fchrende Entscheidungen vor. Aber kontraproduktiver ist es, gar keine Entscheidung zu treffen und keine Verantwortung zu \u00fcbernehmen. Das blockiert viel eher ein Unternehmen. <\/em><\/p>\n<p><em>Unser Unternehmen ist auch nicht besonders im Sinne, dass bei pro clima die Menschen ausschlie\u00dflich au\u00dfergew\u00f6hnlich sind. Wir, und hier schlie\u00dfe ich mich ausdr\u00fccklich mit ein, sind ganz normale Menschen mit den bekannten Pr\u00e4gungen, Verhaltensmustern, St\u00e4rken und Schw\u00e4chen. Die Vielfalt des Ganzen bringt unseren Fortschritt. Die Aufgabe besteht darin, diese Vielfalt zu organisieren und dem System pro clima erfolgreich zuzuf\u00fchren.<\/em><\/p>\n<p><strong>Die Marke pro clima ist 1994 entstanden, um sich mit guten Produkten und Systeml\u00f6sungen f\u00fcr besseres Bauen einzusetzen. Diesen Anspruch haben viele \u2013 wo liegt der Unterschied bei pro clima, was macht die Marke so erfolgreich? <\/strong><\/p>\n<p><em>Uwe Bartholom\u00e4i: Das pro clima Logo hat sich seit 1994 nicht ver\u00e4ndert. Auch der Slogan \u201e &#8230;und die D\u00e4mmung ist perfekt\u201c ist gleich geblieben und passt heute mehr denn je. Lothar Moll, Gr\u00fcnder und Inhaber der MOLL bau\u00f6kologische Produkte GmbH, und ich hatten die Vision die Bauqualit\u00e4t zu erh\u00f6hen und zu ver\u00e4ndern. Wir wussten jedoch, dass man nur eine erfolgreiche \u00f6kologische Alternative anbieten kann, wenn sie auch \u00f6konomisch erfolgreich ist. Das bedeutet, es reicht nicht, ein gutes Produkt zu haben. Es muss auch unabh\u00e4ngig, ohne F\u00f6rderungen wirtschaftlich \u2013 also finanzierbar f\u00fcr den K\u00e4ufer sein. <\/em><\/p>\n<p><em>Schon vor der Gr\u00fcndung der Marke pro clima hat MOLL angefangen sich mit der Dichtung der Geb\u00e4udeh\u00fclle auseinanderzusetzen und Bahnen f\u00fcr die Geb\u00e4udeh\u00fclle zu entwickeln. Die erste Bahn hie\u00df BI Baupappe und dies war bereits 1985<\/em><\/p>\n<p><em>Unsere Grundmotivation war es nicht, erfolgreich zu werden, sondern Wissen weiterzugeben, Produkte zu entwickeln, beraten und zu verkaufen, die Sinn machen. <\/em><\/p>\n<p><strong>pro clima geh\u00f6rte mit zu denersten Unternehmen, die sich ganzheitlich dem Thema Dichtung der Geb\u00e4udeh\u00fclle angenommen haben. Vor allem feuchtevariable Systeme entwickelt und verkauft haben. Sp\u00e4ter kamen immer mehr Marktbegleiter hinzu. Warum konnte und kann sich pro clima weiter behaupten? <\/strong><\/p>\n<p><em>Uwe Bartholom\u00e4i: Wir sind tats\u00e4chlich als Spezialistinteressant und werdenauch entsprechend angefragt. Unsere Philosophie ist es jedoch, unabh\u00e4ngig zu sein. W\u00fcrden wir uns an Investoren binden, h\u00e4tten wir zwar mehr Kapital zur Verf\u00fcgung, aber w\u00e4ren abh\u00e4ngig und m\u00fcssten immer schnell Ergebnisse erzielen. Wir w\u00fcrden sicherlich schneller wachsen, aber auch hier w\u00fcrde der Mitarbeiter &#8211; also Mensch &#8211; wieder zu kurz kommen. Daher wollen wir uns lieber organisch weiterentwickeln.<\/em><\/p>\n<p><strong>Wo liegt das Besondere an der Marke, was andere nicht unbedingt haben? <\/strong><\/p>\n<p><em>Uwe Bartholom\u00e4i: Wir haben uns auf Detaill\u00f6sungen spezialisiert: Wir schauen, welchen Bedarf Handwerker und Planer bei Bauprojekten haben und entwickeln L\u00f6sungen, wie sie die Luft- und Winddichtungsebene schnell und sicher verarbeiten k\u00f6nnen. Oft entwickeln wir ein Produkt f\u00fcr ein Problem, das zwar bekannt war, aber nicht gel\u00f6st wurde. <\/em><\/p>\n<p><em>Unsere Mission ist es, aufzukl\u00e4ren: Warum brauche ich eine dichte Geb\u00e4udeh\u00fclle, wie kann ich diese schaffen, wo liegen die T\u00fccken? Indem wir unser Wissen weitertragen, verhindern wir Bausch\u00e4den &#8211; aber um wieder auf den \u00f6konomischen Aspekt zur\u00fcck zukommen: damit verkaufen wir nat\u00fcrlich auch unsere Systeme. Es ist sch\u00f6n, dass bei pro clima Ideale und Erfolg kein Widerspruch sind, sondern gemeinsam umgesetzt wird. <\/em><\/p>\n<p><em>Fachkompetenz war schon immer unsere Basis und diese wollen wir auch weitergeben: <\/em><\/p>\n<p><em>Unser Wissen vermitteln wir auf verschiedenen Wegen und Plattformen: Technik-Hotline, Wissen Wiki, Handbuch WISSEN, Wissenswerkstatt K\u00e4nguru und spezielle Schulungstouren f\u00fcr Themen wie gewerke\u00fcbergreifendes Arbeiten oder Herausforderungen der Dachsanierung. <\/em><\/p>\n<p><strong>Vielen Dank f\u00fcr das Interview.<\/strong><\/p>\n<p><b>Weitere Interviews mit Uwe Bartholom\u00e4i: <\/b><\/p>\n<ul>\n<li>Bauradio-Folge 12 &#8222;Wieviel Energie sparen wir wirklich?&#8220;:<br \/>\n<a href=\"https:\/\/blog.proclima.com\/de\/2015\/11\/bauradio-012\/\">https:\/\/blog.proclima.com\/de\/2015\/11\/bauradio-012\/<\/a><\/li>\n<li>Bauradio-Folge 13 &#8222;Wissensvermittlung mal anders&#8220;:<br \/>\n<a href=\"https:\/\/blog.proclima.com\/de\/2015\/11\/bauradio-013\/\">https:\/\/blog.proclima.com\/de\/2015\/11\/bauradio-013\/<\/a><\/li>\n<li>Oxfam-Trailwalk: <span id=\"OBJ_PREFIX_DWT820_com_zimbra_url\" class=\"Object\"><span id=\"OBJ_PREFIX_DWT848_com_zimbra_url\" class=\"Object\"><a class=\"moz-txt-link-freetext\" href=\"https:\/\/blog.proclima.com\/de\/2012\/07\/spende-und-know-how\/\" target=\"_blank\">https:\/\/blog.proclima.com\/de\/2012\/07\/spende-und-know-how\/<\/a><\/span><\/span><\/li>\n<\/ul>\n<p>&nbsp;<\/p>\n<p>&nbsp;<\/p>\n<p>&nbsp;<\/p>\n<p>&nbsp;<\/p>\n<p>&nbsp;<\/p>\n<p>&nbsp;<\/p>\n<p>&nbsp;<\/p>\n<p>&nbsp;<\/p>\n<p>&nbsp;<\/p>\n","protected":false},"excerpt":{"rendered":"<p>Firmenphilosophie und Entwicklung von MOLL pro clima \u2013 Interview mit dem Gesch\u00e4ftsf\u00fchrer Uwe Bartholom\u00e4i. Wer die Zentrale von MOLL pro clima in Schwetzingen besucht, betritt <a href=\"https:\/\/blog.proclima.com\/de\/2015\/11\/so-tickt-pro-clima-interview\/\" rel=\"bookmark\">&#8230;<\/a><\/p>\n","protected":false},"author":18,"featured_media":5272,"comment_status":"open","ping_status":"open","sticky":false,"template":"","format":"standard","meta":{"footnotes":""},"categories":[52],"tags":[574],"class_list":["post-5269","post","type-post","status-publish","format-standard","has-post-thumbnail","hentry","category-welt-und-gesellschaft","tag-interview"],"yoast_head":"<!-- This site is optimized with the Yoast SEO plugin v27.5 - https:\/\/yoast.com\/product\/yoast-seo-wordpress\/ -->\n<title>So tickt pro clima: \u201eBei einem erfolgreichen Unternehmen muss der Mensch im Mittelpunkt stehen\u201c &#187; pro clima Blog - Deutschland<\/title>\n<meta name=\"robots\" content=\"index, follow, max-snippet:-1, max-image-preview:large, max-video-preview:-1\" \/>\n<link rel=\"canonical\" href=\"https:\/\/blog.proclima.com\/de\/2015\/11\/so-tickt-pro-clima-interview\/\" \/>\n<meta property=\"og:locale\" content=\"de_DE\" \/>\n<meta property=\"og:type\" content=\"article\" \/>\n<meta property=\"og:title\" content=\"So tickt pro clima: \u201eBei einem erfolgreichen Unternehmen muss der Mensch im Mittelpunkt stehen\u201c &#187; pro clima Blog - Deutschland\" \/>\n<meta property=\"og:description\" content=\"Firmenphilosophie und Entwicklung von MOLL pro clima \u2013 Interview mit dem Gesch\u00e4ftsf\u00fchrer Uwe Bartholom\u00e4i. Wer die Zentrale von MOLL pro clima in Schwetzingen besucht, betritt ...\" \/>\n<meta property=\"og:url\" content=\"https:\/\/blog.proclima.com\/de\/2015\/11\/so-tickt-pro-clima-interview\/\" \/>\n<meta property=\"og:site_name\" content=\"pro clima Blog - Deutschland\" \/>\n<meta property=\"article:publisher\" content=\"https:\/\/www.facebook.com\/proclima\" \/>\n<meta property=\"article:published_time\" content=\"2015-11-16T07:15:36+00:00\" \/>\n<meta property=\"og:image\" content=\"https:\/\/blog.proclima.com\/de\/files\/2015\/11\/2015_11_Uwe_unbearbeitet12-e1447600341636-rotated.jpg\" \/>\n\t<meta property=\"og:image:width\" content=\"993\" \/>\n\t<meta property=\"og:image:height\" content=\"1918\" \/>\n\t<meta property=\"og:image:type\" content=\"image\/jpeg\" \/>\n<meta name=\"author\" content=\"Heide Merkel\" \/>\n<meta name=\"twitter:card\" content=\"summary_large_image\" \/>\n<meta name=\"twitter:creator\" content=\"@proclimaDE\" \/>\n<meta name=\"twitter:site\" content=\"@proclimaDE\" \/>\n<meta name=\"twitter:label1\" content=\"Verfasst von\" \/>\n\t<meta name=\"twitter:data1\" content=\"Heide Merkel\" \/>\n\t<meta name=\"twitter:label2\" content=\"Gesch\u00e4tzte Lesezeit\" \/>\n\t<meta name=\"twitter:data2\" content=\"7\u00a0Minuten\" \/>\n<script type=\"application\/ld+json\" class=\"yoast-schema-graph\">{\"@context\":\"https:\\\/\\\/schema.org\",\"@graph\":[{\"@type\":\"Article\",\"@id\":\"https:\\\/\\\/blog.proclima.com\\\/de\\\/2015\\\/11\\\/so-tickt-pro-clima-interview\\\/#article\",\"isPartOf\":{\"@id\":\"https:\\\/\\\/blog.proclima.com\\\/de\\\/2015\\\/11\\\/so-tickt-pro-clima-interview\\\/\"},\"author\":{\"name\":\"Heide Merkel\",\"@id\":\"https:\\\/\\\/blog.proclima.com\\\/de\\\/#\\\/schema\\\/person\\\/b3490e20200d5d45b8d56f555ceffc21\"},\"headline\":\"So tickt pro clima: \u201eBei einem erfolgreichen Unternehmen muss der Mensch im Mittelpunkt stehen\u201c\",\"datePublished\":\"2015-11-16T07:15:36+00:00\",\"mainEntityOfPage\":{\"@id\":\"https:\\\/\\\/blog.proclima.com\\\/de\\\/2015\\\/11\\\/so-tickt-pro-clima-interview\\\/\"},\"wordCount\":1455,\"commentCount\":1,\"publisher\":{\"@id\":\"https:\\\/\\\/blog.proclima.com\\\/de\\\/#organization\"},\"image\":{\"@id\":\"https:\\\/\\\/blog.proclima.com\\\/de\\\/2015\\\/11\\\/so-tickt-pro-clima-interview\\\/#primaryimage\"},\"thumbnailUrl\":\"https:\\\/\\\/blog.proclima.com\\\/de\\\/files\\\/2015\\\/11\\\/2015_11_Uwe_unbearbeitet12-e1447600341636-rotated.jpg\",\"keywords\":[\"Interview\"],\"articleSection\":[\"Welt und Gesellschaft\"],\"inLanguage\":\"de\",\"potentialAction\":[{\"@type\":\"CommentAction\",\"name\":\"Comment\",\"target\":[\"https:\\\/\\\/blog.proclima.com\\\/de\\\/2015\\\/11\\\/so-tickt-pro-clima-interview\\\/#respond\"]}]},{\"@type\":\"WebPage\",\"@id\":\"https:\\\/\\\/blog.proclima.com\\\/de\\\/2015\\\/11\\\/so-tickt-pro-clima-interview\\\/\",\"url\":\"https:\\\/\\\/blog.proclima.com\\\/de\\\/2015\\\/11\\\/so-tickt-pro-clima-interview\\\/\",\"name\":\"So tickt pro clima: \u201eBei einem erfolgreichen Unternehmen muss der Mensch im Mittelpunkt stehen\u201c &#187; pro clima Blog - Deutschland\",\"isPartOf\":{\"@id\":\"https:\\\/\\\/blog.proclima.com\\\/de\\\/#website\"},\"primaryImageOfPage\":{\"@id\":\"https:\\\/\\\/blog.proclima.com\\\/de\\\/2015\\\/11\\\/so-tickt-pro-clima-interview\\\/#primaryimage\"},\"image\":{\"@id\":\"https:\\\/\\\/blog.proclima.com\\\/de\\\/2015\\\/11\\\/so-tickt-pro-clima-interview\\\/#primaryimage\"},\"thumbnailUrl\":\"https:\\\/\\\/blog.proclima.com\\\/de\\\/files\\\/2015\\\/11\\\/2015_11_Uwe_unbearbeitet12-e1447600341636-rotated.jpg\",\"datePublished\":\"2015-11-16T07:15:36+00:00\",\"breadcrumb\":{\"@id\":\"https:\\\/\\\/blog.proclima.com\\\/de\\\/2015\\\/11\\\/so-tickt-pro-clima-interview\\\/#breadcrumb\"},\"inLanguage\":\"de\",\"potentialAction\":[{\"@type\":\"ReadAction\",\"target\":[\"https:\\\/\\\/blog.proclima.com\\\/de\\\/2015\\\/11\\\/so-tickt-pro-clima-interview\\\/\"]}]},{\"@type\":\"ImageObject\",\"inLanguage\":\"de\",\"@id\":\"https:\\\/\\\/blog.proclima.com\\\/de\\\/2015\\\/11\\\/so-tickt-pro-clima-interview\\\/#primaryimage\",\"url\":\"https:\\\/\\\/blog.proclima.com\\\/de\\\/files\\\/2015\\\/11\\\/2015_11_Uwe_unbearbeitet12-e1447600341636-rotated.jpg\",\"contentUrl\":\"https:\\\/\\\/blog.proclima.com\\\/de\\\/files\\\/2015\\\/11\\\/2015_11_Uwe_unbearbeitet12-e1447600341636-rotated.jpg\",\"width\":993,\"height\":1918},{\"@type\":\"BreadcrumbList\",\"@id\":\"https:\\\/\\\/blog.proclima.com\\\/de\\\/2015\\\/11\\\/so-tickt-pro-clima-interview\\\/#breadcrumb\",\"itemListElement\":[{\"@type\":\"ListItem\",\"position\":1,\"name\":\"Startseite\",\"item\":\"https:\\\/\\\/blog.proclima.com\\\/de\\\/\"},{\"@type\":\"ListItem\",\"position\":2,\"name\":\"So tickt pro clima: \u201eBei einem erfolgreichen Unternehmen muss der Mensch im Mittelpunkt stehen\u201c\"}]},{\"@type\":\"WebSite\",\"@id\":\"https:\\\/\\\/blog.proclima.com\\\/de\\\/#website\",\"url\":\"https:\\\/\\\/blog.proclima.com\\\/de\\\/\",\"name\":\"pro clima Blog - Deutschland\",\"description\":\"alles was pro clima bewegt\",\"publisher\":{\"@id\":\"https:\\\/\\\/blog.proclima.com\\\/de\\\/#organization\"},\"potentialAction\":[{\"@type\":\"SearchAction\",\"target\":{\"@type\":\"EntryPoint\",\"urlTemplate\":\"https:\\\/\\\/blog.proclima.com\\\/de\\\/?s={search_term_string}\"},\"query-input\":{\"@type\":\"PropertyValueSpecification\",\"valueRequired\":true,\"valueName\":\"search_term_string\"}}],\"inLanguage\":\"de\"},{\"@type\":\"Organization\",\"@id\":\"https:\\\/\\\/blog.proclima.com\\\/de\\\/#organization\",\"name\":\"pro clima - Moll bau\u00f6kologische Produkte GmbH\",\"url\":\"https:\\\/\\\/blog.proclima.com\\\/de\\\/\",\"logo\":{\"@type\":\"ImageObject\",\"inLanguage\":\"de\",\"@id\":\"https:\\\/\\\/blog.proclima.com\\\/de\\\/#\\\/schema\\\/logo\\\/image\\\/\",\"url\":\"https:\\\/\\\/blog.proclima.com\\\/de\\\/files\\\/2020\\\/04\\\/Logo-pro-clima.png\",\"contentUrl\":\"https:\\\/\\\/blog.proclima.com\\\/de\\\/files\\\/2020\\\/04\\\/Logo-pro-clima.png\",\"width\":4210,\"height\":4881,\"caption\":\"pro clima - Moll bau\u00f6kologische Produkte GmbH\"},\"image\":{\"@id\":\"https:\\\/\\\/blog.proclima.com\\\/de\\\/#\\\/schema\\\/logo\\\/image\\\/\"},\"sameAs\":[\"https:\\\/\\\/www.facebook.com\\\/proclima\",\"https:\\\/\\\/x.com\\\/proclimaDE\"]},{\"@type\":\"Person\",\"@id\":\"https:\\\/\\\/blog.proclima.com\\\/de\\\/#\\\/schema\\\/person\\\/b3490e20200d5d45b8d56f555ceffc21\",\"name\":\"Heide Merkel\",\"description\":\"Fachjournalistin, Referentin, Steuerung Presse &amp; Digitale Medien bei Moll bau\u00f6kologische Produkte GmbH (pro clima). Als Japanologin und ausgebildete Redakteurin ist Heide eher zuf\u00e4llig in der Baubranche gelandet. Seit 2011 arbeitet sie f\u00fcr pro clima. Ihr Wissen zu effektiver Kommunikation gibt sie in Seminaren, Artikeln und Vortr\u00e4gen weiter. F\u00fcr den pro clima Blog, proclima.tv und das pro clima Bauradio interviewt sie interessante Menschen aus der Baubranche. Auf\u00a0 luftdichtheit-gepr\u00fcft.de bloggt Heide \u00fcber Leckagen, Luftdichtung und Qualit\u00e4ts\u00fcberpr\u00fcfung mit Blower-Door-Tests. Ihre Freizeit verbringt sie u.a. in den Vogesen, wo sie seit mehr als f\u00fcnf Jahren ein altes Bauernhaus saniert. Ihr neuestes Projekt:\u00a0 www.besser-als-marketing.de Hier gibt es Tipps, wie Unternehmen in der Baubranche ihre Sichtbarkeit erh\u00f6hen k\u00f6nnen. Die ersten Videos sind bereits online im Youtube Channel Wer mehr \u00fcber Heide Merkel erfahren m\u00f6chte, findet sie auf den g\u00e4ngigen Social Media Plattformen.\",\"url\":\"https:\\\/\\\/blog.proclima.com\\\/de\\\/author\\\/gentner\\\/\"}]}<\/script>\n<!-- \/ Yoast SEO plugin. -->","yoast_head_json":{"title":"So tickt pro clima: \u201eBei einem erfolgreichen Unternehmen muss der Mensch im Mittelpunkt stehen\u201c &#187; pro clima Blog - Deutschland","robots":{"index":"index","follow":"follow","max-snippet":"max-snippet:-1","max-image-preview":"max-image-preview:large","max-video-preview":"max-video-preview:-1"},"canonical":"https:\/\/blog.proclima.com\/de\/2015\/11\/so-tickt-pro-clima-interview\/","og_locale":"de_DE","og_type":"article","og_title":"So tickt pro clima: \u201eBei einem erfolgreichen Unternehmen muss der Mensch im Mittelpunkt stehen\u201c &#187; pro clima Blog - Deutschland","og_description":"Firmenphilosophie und Entwicklung von MOLL pro clima \u2013 Interview mit dem Gesch\u00e4ftsf\u00fchrer Uwe Bartholom\u00e4i. Wer die Zentrale von MOLL pro clima in Schwetzingen besucht, betritt ...","og_url":"https:\/\/blog.proclima.com\/de\/2015\/11\/so-tickt-pro-clima-interview\/","og_site_name":"pro clima Blog - Deutschland","article_publisher":"https:\/\/www.facebook.com\/proclima","article_published_time":"2015-11-16T07:15:36+00:00","og_image":[{"width":993,"height":1918,"url":"https:\/\/blog.proclima.com\/de\/files\/2015\/11\/2015_11_Uwe_unbearbeitet12-e1447600341636-rotated.jpg","type":"image\/jpeg"}],"author":"Heide Merkel","twitter_card":"summary_large_image","twitter_creator":"@proclimaDE","twitter_site":"@proclimaDE","twitter_misc":{"Verfasst von":"Heide Merkel","Gesch\u00e4tzte Lesezeit":"7\u00a0Minuten"},"schema":{"@context":"https:\/\/schema.org","@graph":[{"@type":"Article","@id":"https:\/\/blog.proclima.com\/de\/2015\/11\/so-tickt-pro-clima-interview\/#article","isPartOf":{"@id":"https:\/\/blog.proclima.com\/de\/2015\/11\/so-tickt-pro-clima-interview\/"},"author":{"name":"Heide Merkel","@id":"https:\/\/blog.proclima.com\/de\/#\/schema\/person\/b3490e20200d5d45b8d56f555ceffc21"},"headline":"So tickt pro clima: \u201eBei einem erfolgreichen Unternehmen muss der Mensch im Mittelpunkt stehen\u201c","datePublished":"2015-11-16T07:15:36+00:00","mainEntityOfPage":{"@id":"https:\/\/blog.proclima.com\/de\/2015\/11\/so-tickt-pro-clima-interview\/"},"wordCount":1455,"commentCount":1,"publisher":{"@id":"https:\/\/blog.proclima.com\/de\/#organization"},"image":{"@id":"https:\/\/blog.proclima.com\/de\/2015\/11\/so-tickt-pro-clima-interview\/#primaryimage"},"thumbnailUrl":"https:\/\/blog.proclima.com\/de\/files\/2015\/11\/2015_11_Uwe_unbearbeitet12-e1447600341636-rotated.jpg","keywords":["Interview"],"articleSection":["Welt und Gesellschaft"],"inLanguage":"de","potentialAction":[{"@type":"CommentAction","name":"Comment","target":["https:\/\/blog.proclima.com\/de\/2015\/11\/so-tickt-pro-clima-interview\/#respond"]}]},{"@type":"WebPage","@id":"https:\/\/blog.proclima.com\/de\/2015\/11\/so-tickt-pro-clima-interview\/","url":"https:\/\/blog.proclima.com\/de\/2015\/11\/so-tickt-pro-clima-interview\/","name":"So tickt pro clima: \u201eBei einem erfolgreichen Unternehmen muss der Mensch im Mittelpunkt stehen\u201c &#187; pro clima Blog - Deutschland","isPartOf":{"@id":"https:\/\/blog.proclima.com\/de\/#website"},"primaryImageOfPage":{"@id":"https:\/\/blog.proclima.com\/de\/2015\/11\/so-tickt-pro-clima-interview\/#primaryimage"},"image":{"@id":"https:\/\/blog.proclima.com\/de\/2015\/11\/so-tickt-pro-clima-interview\/#primaryimage"},"thumbnailUrl":"https:\/\/blog.proclima.com\/de\/files\/2015\/11\/2015_11_Uwe_unbearbeitet12-e1447600341636-rotated.jpg","datePublished":"2015-11-16T07:15:36+00:00","breadcrumb":{"@id":"https:\/\/blog.proclima.com\/de\/2015\/11\/so-tickt-pro-clima-interview\/#breadcrumb"},"inLanguage":"de","potentialAction":[{"@type":"ReadAction","target":["https:\/\/blog.proclima.com\/de\/2015\/11\/so-tickt-pro-clima-interview\/"]}]},{"@type":"ImageObject","inLanguage":"de","@id":"https:\/\/blog.proclima.com\/de\/2015\/11\/so-tickt-pro-clima-interview\/#primaryimage","url":"https:\/\/blog.proclima.com\/de\/files\/2015\/11\/2015_11_Uwe_unbearbeitet12-e1447600341636-rotated.jpg","contentUrl":"https:\/\/blog.proclima.com\/de\/files\/2015\/11\/2015_11_Uwe_unbearbeitet12-e1447600341636-rotated.jpg","width":993,"height":1918},{"@type":"BreadcrumbList","@id":"https:\/\/blog.proclima.com\/de\/2015\/11\/so-tickt-pro-clima-interview\/#breadcrumb","itemListElement":[{"@type":"ListItem","position":1,"name":"Startseite","item":"https:\/\/blog.proclima.com\/de\/"},{"@type":"ListItem","position":2,"name":"So tickt pro clima: \u201eBei einem erfolgreichen Unternehmen muss der Mensch im Mittelpunkt stehen\u201c"}]},{"@type":"WebSite","@id":"https:\/\/blog.proclima.com\/de\/#website","url":"https:\/\/blog.proclima.com\/de\/","name":"pro clima Blog - Deutschland","description":"alles was pro clima bewegt","publisher":{"@id":"https:\/\/blog.proclima.com\/de\/#organization"},"potentialAction":[{"@type":"SearchAction","target":{"@type":"EntryPoint","urlTemplate":"https:\/\/blog.proclima.com\/de\/?s={search_term_string}"},"query-input":{"@type":"PropertyValueSpecification","valueRequired":true,"valueName":"search_term_string"}}],"inLanguage":"de"},{"@type":"Organization","@id":"https:\/\/blog.proclima.com\/de\/#organization","name":"pro clima - Moll bau\u00f6kologische Produkte GmbH","url":"https:\/\/blog.proclima.com\/de\/","logo":{"@type":"ImageObject","inLanguage":"de","@id":"https:\/\/blog.proclima.com\/de\/#\/schema\/logo\/image\/","url":"https:\/\/blog.proclima.com\/de\/files\/2020\/04\/Logo-pro-clima.png","contentUrl":"https:\/\/blog.proclima.com\/de\/files\/2020\/04\/Logo-pro-clima.png","width":4210,"height":4881,"caption":"pro clima - Moll bau\u00f6kologische Produkte GmbH"},"image":{"@id":"https:\/\/blog.proclima.com\/de\/#\/schema\/logo\/image\/"},"sameAs":["https:\/\/www.facebook.com\/proclima","https:\/\/x.com\/proclimaDE"]},{"@type":"Person","@id":"https:\/\/blog.proclima.com\/de\/#\/schema\/person\/b3490e20200d5d45b8d56f555ceffc21","name":"Heide Merkel","description":"Fachjournalistin, Referentin, Steuerung Presse &amp; Digitale Medien bei Moll bau\u00f6kologische Produkte GmbH (pro clima). Als Japanologin und ausgebildete Redakteurin ist Heide eher zuf\u00e4llig in der Baubranche gelandet. Seit 2011 arbeitet sie f\u00fcr pro clima. Ihr Wissen zu effektiver Kommunikation gibt sie in Seminaren, Artikeln und Vortr\u00e4gen weiter. F\u00fcr den pro clima Blog, proclima.tv und das pro clima Bauradio interviewt sie interessante Menschen aus der Baubranche. Auf\u00a0 luftdichtheit-gepr\u00fcft.de bloggt Heide \u00fcber Leckagen, Luftdichtung und Qualit\u00e4ts\u00fcberpr\u00fcfung mit Blower-Door-Tests. Ihre Freizeit verbringt sie u.a. in den Vogesen, wo sie seit mehr als f\u00fcnf Jahren ein altes Bauernhaus saniert. Ihr neuestes Projekt:\u00a0 www.besser-als-marketing.de Hier gibt es Tipps, wie Unternehmen in der Baubranche ihre Sichtbarkeit erh\u00f6hen k\u00f6nnen. Die ersten Videos sind bereits online im Youtube Channel Wer mehr \u00fcber Heide Merkel erfahren m\u00f6chte, findet sie auf den g\u00e4ngigen Social Media Plattformen.","url":"https:\/\/blog.proclima.com\/de\/author\/gentner\/"}]}},"canto_acf_fields":"","_links":{"self":[{"href":"https:\/\/blog.proclima.com\/de\/wp-json\/wp\/v2\/posts\/5269","targetHints":{"allow":["GET"]}}],"collection":[{"href":"https:\/\/blog.proclima.com\/de\/wp-json\/wp\/v2\/posts"}],"about":[{"href":"https:\/\/blog.proclima.com\/de\/wp-json\/wp\/v2\/types\/post"}],"author":[{"embeddable":true,"href":"https:\/\/blog.proclima.com\/de\/wp-json\/wp\/v2\/users\/18"}],"replies":[{"embeddable":true,"href":"https:\/\/blog.proclima.com\/de\/wp-json\/wp\/v2\/comments?post=5269"}],"version-history":[{"count":9,"href":"https:\/\/blog.proclima.com\/de\/wp-json\/wp\/v2\/posts\/5269\/revisions"}],"predecessor-version":[{"id":9468,"href":"https:\/\/blog.proclima.com\/de\/wp-json\/wp\/v2\/posts\/5269\/revisions\/9468"}],"wp:featuredmedia":[{"embeddable":true,"href":"https:\/\/blog.proclima.com\/de\/wp-json\/wp\/v2\/media\/5272"}],"wp:attachment":[{"href":"https:\/\/blog.proclima.com\/de\/wp-json\/wp\/v2\/media?parent=5269"}],"wp:term":[{"taxonomy":"category","embeddable":true,"href":"https:\/\/blog.proclima.com\/de\/wp-json\/wp\/v2\/categories?post=5269"},{"taxonomy":"post_tag","embeddable":true,"href":"https:\/\/blog.proclima.com\/de\/wp-json\/wp\/v2\/tags?post=5269"}],"curies":[{"name":"wp","href":"https:\/\/api.w.org\/{rel}","templated":true}]}}