
{"id":5149,"date":"2015-11-06T07:02:43","date_gmt":"2015-11-06T06:02:43","guid":{"rendered":"http:\/\/blog.proclima.com\/de\/?p=5149"},"modified":"2015-11-06T07:30:43","modified_gmt":"2015-11-06T06:30:43","slug":"pm-tescon-profect","status":"publish","type":"post","link":"https:\/\/blog.proclima.com\/de\/2015\/11\/pm-tescon-profect\/","title":{"rendered":"Neues anschmiegsames, vorgefaltetes Winkelanschlussband f\u00fcr Eckanschl\u00fcsse innen und au\u00dfen: pro clima TESCON PROFECT"},"content":{"rendered":"<p>Schmale Ecken, Balkendurchdringungen, Fensterrahmen, T\u00fcrzargen: Diese Anschlusssituationen bei der Luftdichtung innen und Winddichtung au\u00dfen k\u00f6nnen ab sofort noch schneller gel\u00f6st werden: Das Winkelanschlussband pro clima <a href=\"https:\/\/de.proclima.com\/produkte\/verbindungsmittel\/anschlussklebebaender\/tescon-profect\">TESCON PROFECT<\/a> ist vorgefaltet und hat keine Trennfolie am ersten Klebeschenkel. So wird das Klebeband direkt von der Rolle abgel\u00f6st und an die Dampfbrems- und Luftdichtungsebenen &#8211; wie zum Beispiel die <a href=\"https:\/\/de.proclima.com\/produkte\/dichtung-innen\/intello-plus\">INTELLO <\/a>\u2013 angebracht.<\/p>\n<figure id=\"attachment_5150\" aria-describedby=\"caption-attachment-5150\" style=\"width: 640px\" class=\"wp-caption alignnone\"><a href=\"https:\/\/blog.proclima.com\/de\/files\/2015\/10\/v_tescon_profect_7274_ret_900x600px_rgb.jpg\"><img loading=\"lazy\" decoding=\"async\" data-size=\"640x427\" class=\"wp-image-5150 size-full\" src=\"https:\/\/blog.proclima.com\/de\/files\/2015\/10\/v_tescon_profect_7274_ret_900x600px_rgb.jpg\" alt=\"v_tescon_profect_7274_ret_900x600px_rgb\" width=\"640\" height=\"427\" srcset=\"https:\/\/blog.proclima.com\/de\/files\/2015\/10\/v_tescon_profect_7274_ret_900x600px_rgb.jpg 640w, https:\/\/blog.proclima.com\/de\/files\/2015\/10\/v_tescon_profect_7274_ret_900x600px_rgb-300x200.jpg 300w, https:\/\/blog.proclima.com\/de\/files\/2015\/10\/v_tescon_profect_7274_ret_900x600px_rgb-384x256.jpg 384w\" sizes=\"auto, (max-width: 640px) 100vw, 640px\" \/><\/a><figcaption id=\"caption-attachment-5150\" class=\"wp-caption-text\">TESCON PROFECT: Vorgefaltetes Winkelanschlussband, z.B. f\u00fcr die Verklebung von Anschl\u00fcssen an angrenzende Bauteile, wie Fenster, T\u00fcren usw., innen und au\u00dfen<\/figcaption><\/figure>\n<p><a href=\"https:\/\/de.proclima.com\/produkte\/verbindungsmittel\/anschlussklebebaender\/tescon-profect\">TESCON PROFECT<\/a> eignet sich auch zur Verklebung von Luftdichtungsebenen aus Holzwerkstoffplatten wie beispielsweise OSB. Auch bei der Verklebung von Unterdeck-, Unterspann- und Wandschalungsbahnen untereinander unterst\u00fctzt TESCON PROFECT die saubere und schnelle Verarbeitung.<\/p>\n<p>Das Tr\u00e4germaterial des TESCON PROFECT kann nicht so leicht wie Papier durchsto\u00dfen werden, ist sehr strapazierf\u00e4hig und \u00fcberputzbar. TESCON PROFECT ist wasserfest, was das Band f\u00fcr den Einsatz f\u00fcr die Luftdichtung innen als auch f\u00fcr die Winddichtung au\u00dfen pr\u00e4destiniert.<\/p>\n<figure id=\"attachment_5151\" aria-describedby=\"caption-attachment-5151\" style=\"width: 640px\" class=\"wp-caption alignnone\"><a href=\"https:\/\/blog.proclima.com\/de\/files\/2015\/10\/p_tescon_profect50_6562_900x600px_rgb.jpg\"><img loading=\"lazy\" decoding=\"async\" data-size=\"640x427\" class=\"wp-image-5151 size-full\" src=\"https:\/\/blog.proclima.com\/de\/files\/2015\/10\/p_tescon_profect50_6562_900x600px_rgb.jpg\" alt=\"p_tescon_profect50_6562_900x600px_rgb\" width=\"640\" height=\"427\" srcset=\"https:\/\/blog.proclima.com\/de\/files\/2015\/10\/p_tescon_profect50_6562_900x600px_rgb.jpg 640w, https:\/\/blog.proclima.com\/de\/files\/2015\/10\/p_tescon_profect50_6562_900x600px_rgb-300x200.jpg 300w, https:\/\/blog.proclima.com\/de\/files\/2015\/10\/p_tescon_profect50_6562_900x600px_rgb-384x256.jpg 384w\" sizes=\"auto, (max-width: 640px) 100vw, 640px\" \/><\/a><figcaption id=\"caption-attachment-5151\" class=\"wp-caption-text\">Neu: vorgefaltetes Winkelanschlussband TESCON PROFECT<\/figcaption><\/figure>\n<p>Das vorgefaltete Winkelanschlussband ist in zwei Teilungsbreiten erh\u00e4ltlich, in 25\/35mm und 12\/38mm. So sind auch Verklebungen an Fensterrahmen m\u00f6glich, die sp\u00e4ter durch Putz oder Gipsbauplatten verdeckt werden.<\/p>\n<p>MOLL pro clima, Entwickler und Hersteller von Systemen zur Luftdichtung innen und Winddichtung au\u00dfen, legt einen Schwerpunkt auf Entwicklungen von Detaill\u00f6sungen, die die Verarbeitung der Geb\u00e4udeh\u00fclle sicherer und schneller machen.<\/p>\n<p><strong>Weitere Infos:<\/strong><\/p>\n<p><strong>Technisches Datenblatt:<br \/>\n<\/strong><a href=\"https:\/\/blog.proclima.com\/de\/files\/2015\/10\/Datenblatt-TESCON-PROFECT.pdf\">Datenblatt TESCON PROFECT<\/a><\/p>\n<p><strong>Verarbeitungshinweise:<br \/>\n<\/strong><a href=\"http:\/\/procli.ma\/ghls\">http:\/\/procli.ma\/ghls<\/a><\/p>\n<p><strong>Verarbeitungsvideo:<br \/>\n<\/strong><span id=\"lvwResults_ctrl0_lblShareLink\" class=\"copycode\"><iframe loading=\"lazy\"  id=\"_ytid_42409\" width=\"1170\" height=\"658\" src=\"https:\/\/www.youtube-nocookie.com\/embed\/YCXF5mgJWZc?enablejsapi=1&autoplay=0&cc_load_policy=0&iv_load_policy=1&loop=0&modestbranding=1&rel=0&showinfo=0&fs=1&playsinline=1&controls=2&autohide=2&theme=light&color=red&hl=de_DE&\" class=\"__youtube_prefs__\" title=\"YouTube player\"  allowfullscreen data-no-lazy=\"1\" data-skipgform_ajax_framebjll=\"\"><\/iframe><\/span><\/p>\n<p><!--more--><\/p>\n<p><strong>Fotos zur Pressemitteilung:<br \/>\n<\/strong><a href=\"http:\/\/procli.ma\/nbfj\">http:\/\/procli.ma\/nbfj<\/a><\/p>\n<p><strong>Bildunterschrift 1:<br \/>\n<\/strong>TESCON PROFECT: Vorgefaltetes Winkelanschlussband, z.B. f\u00fcr die Verklebung von Anschl\u00fcssen an angrenzende Bauteile, wie Fenster, T\u00fcren usw., innen und au\u00dfen<\/p>\n<p><strong>Bildunterschrift 2:<br \/>\n<\/strong>Neu: vorgefaltetes Winkelanschlussband TESCON PROFECT<\/p>\n<p><strong>Fotos zu allen pro clima Neuheiten \u2013 f\u00fcr Web (Quelle: MOLL pro clima)<br \/>\n<\/strong><a href=\"http:\/\/procli.ma\/vzva\">http:\/\/procli.ma\/vzva<\/a><\/p>\n<p><strong>Fotos zu allen pro clima Neuheiten \u2013 f\u00fcr Print und Web (Quelle: MOLL pro clima)<br \/>\n<\/strong><a href=\"http:\/\/procli.ma\/mepp\">http:\/\/procli.ma\/mepp<\/a><\/p>\n<p><strong>Alle pro clima Neuheiten 2015 im \u00dcberblick:<br \/>\n<\/strong><a href=\"https:\/\/de.proclima.com\/produkte\/neuheiten\">https:\/\/de.proclima.com\/produkte\/neuheiten<\/a><\/p>\n<p><strong>Neuheitenbrosch\u00fcre zum Download:<br \/>\n<\/strong><a href=\"https:\/\/blog.proclima.com\/de\/files\/2015\/10\/Neuheiten-2015-16-Brosch\u00fcre.pdf\">Neuheiten 2015-16 Brosch\u00fcre<\/a><\/p>\n<p><strong>Diese Pressemitteilung als PDF:<br \/>\n<\/strong><a href=\"https:\/\/blog.proclima.com\/de\/files\/2015\/11\/PM-Neuheiten-2015-16-TESCON-PROFECT1.pdf\">PM &#8211; Neuheiten 2015-16 TESCON PROFECT<\/a><\/p>\n<p><strong>Infos zum 100 Jahre Klebetest:<br \/>\n<\/strong><a href=\"https:\/\/de.proclima.com\/service\/100-jahre-klebkraft\">https:\/\/de.proclima.com\/service\/100-jahre-klebkraft<\/a><\/p>\n<p><strong>Pressekontakt:<br \/>\n<\/strong>Heide Gentner<br \/>\nheide.gentner@proclima.de<br \/>\nTel: 06202\/2782-56<\/p>\n","protected":false},"excerpt":{"rendered":"<p>Schmale Ecken, Balkendurchdringungen, Fensterrahmen, T\u00fcrzargen: Diese Anschlusssituationen bei der Luftdichtung innen und Winddichtung au\u00dfen k\u00f6nnen ab sofort noch schneller gel\u00f6st werden: Das Winkelanschlussband pro clima <a href=\"https:\/\/blog.proclima.com\/de\/2015\/11\/pm-tescon-profect\/\" rel=\"bookmark\">&#8230;<\/a><\/p>\n","protected":false},"author":17,"featured_media":0,"comment_status":"open","ping_status":"open","sticky":false,"template":"","format":"standard","meta":{"footnotes":""},"categories":[136,776],"tags":[579,956],"class_list":["post-5149","post","type-post","status-publish","format-standard","hentry","category-pressemitteilung","category-produkte","tag-klebeband","tag-neuheiten-2015"],"yoast_head":"<!-- This site is optimized with the Yoast SEO plugin v27.5 - https:\/\/yoast.com\/product\/yoast-seo-wordpress\/ -->\n<title>Neues anschmiegsames, vorgefaltetes Winkelanschlussband f\u00fcr Eckanschl\u00fcsse innen und au\u00dfen: pro clima TESCON PROFECT &#187; pro clima Blog - Deutschland<\/title>\n<meta name=\"robots\" content=\"index, follow, max-snippet:-1, max-image-preview:large, max-video-preview:-1\" \/>\n<link rel=\"canonical\" href=\"https:\/\/blog.proclima.com\/de\/2015\/11\/pm-tescon-profect\/\" \/>\n<meta property=\"og:locale\" content=\"de_DE\" \/>\n<meta property=\"og:type\" content=\"article\" \/>\n<meta property=\"og:title\" content=\"Neues anschmiegsames, vorgefaltetes Winkelanschlussband f\u00fcr Eckanschl\u00fcsse innen und au\u00dfen: pro clima TESCON PROFECT &#187; pro clima Blog - Deutschland\" \/>\n<meta property=\"og:description\" content=\"Schmale Ecken, Balkendurchdringungen, Fensterrahmen, T\u00fcrzargen: Diese Anschlusssituationen bei der Luftdichtung innen und Winddichtung au\u00dfen k\u00f6nnen ab sofort noch schneller gel\u00f6st werden: Das Winkelanschlussband pro clima ...\" \/>\n<meta property=\"og:url\" content=\"https:\/\/blog.proclima.com\/de\/2015\/11\/pm-tescon-profect\/\" \/>\n<meta property=\"og:site_name\" content=\"pro clima Blog - Deutschland\" \/>\n<meta property=\"article:publisher\" content=\"https:\/\/www.facebook.com\/proclima\" \/>\n<meta property=\"article:published_time\" content=\"2015-11-06T06:02:43+00:00\" \/>\n<meta property=\"article:modified_time\" content=\"2015-11-06T06:30:43+00:00\" \/>\n<meta property=\"og:image\" content=\"https:\/\/blog.proclima.com\/de\/files\/2015\/10\/v_tescon_profect_7274_ret_900x600px_rgb.jpg\" \/>\n\t<meta property=\"og:image:width\" content=\"640\" \/>\n\t<meta property=\"og:image:height\" content=\"427\" \/>\n\t<meta property=\"og:image:type\" content=\"image\/jpeg\" \/>\n<meta name=\"author\" content=\"Julia Metzger\" \/>\n<meta name=\"twitter:card\" content=\"summary_large_image\" \/>\n<meta name=\"twitter:creator\" content=\"@proclimaDE\" \/>\n<meta name=\"twitter:site\" content=\"@proclimaDE\" \/>\n<meta name=\"twitter:label1\" content=\"Verfasst von\" \/>\n\t<meta name=\"twitter:data1\" content=\"Julia Metzger\" \/>\n\t<meta name=\"twitter:label2\" content=\"Gesch\u00e4tzte Lesezeit\" \/>\n\t<meta name=\"twitter:data2\" content=\"2\u00a0Minuten\" \/>\n<script type=\"application\/ld+json\" class=\"yoast-schema-graph\">{\"@context\":\"https:\\\/\\\/schema.org\",\"@graph\":[{\"@type\":\"Article\",\"@id\":\"https:\\\/\\\/blog.proclima.com\\\/de\\\/2015\\\/11\\\/pm-tescon-profect\\\/#article\",\"isPartOf\":{\"@id\":\"https:\\\/\\\/blog.proclima.com\\\/de\\\/2015\\\/11\\\/pm-tescon-profect\\\/\"},\"author\":{\"name\":\"Julia Metzger\",\"@id\":\"https:\\\/\\\/blog.proclima.com\\\/de\\\/#\\\/schema\\\/person\\\/2cc86d57b4e91b6c23ab77b2ada44b16\"},\"headline\":\"Neues anschmiegsames, vorgefaltetes Winkelanschlussband f\u00fcr Eckanschl\u00fcsse innen und au\u00dfen: pro clima TESCON PROFECT\",\"datePublished\":\"2015-11-06T06:02:43+00:00\",\"dateModified\":\"2015-11-06T06:30:43+00:00\",\"mainEntityOfPage\":{\"@id\":\"https:\\\/\\\/blog.proclima.com\\\/de\\\/2015\\\/11\\\/pm-tescon-profect\\\/\"},\"wordCount\":414,\"commentCount\":0,\"publisher\":{\"@id\":\"https:\\\/\\\/blog.proclima.com\\\/de\\\/#organization\"},\"image\":{\"@id\":\"https:\\\/\\\/blog.proclima.com\\\/de\\\/2015\\\/11\\\/pm-tescon-profect\\\/#primaryimage\"},\"thumbnailUrl\":\"https:\\\/\\\/blog.proclima.com\\\/de\\\/files\\\/2015\\\/10\\\/v_tescon_profect_7274_ret_900x600px_rgb.jpg\",\"keywords\":[\"Klebeband\",\"Neuheiten 2015\"],\"articleSection\":[\"Pressemitteilungen\",\"Produkte\"],\"inLanguage\":\"de\",\"potentialAction\":[{\"@type\":\"CommentAction\",\"name\":\"Comment\",\"target\":[\"https:\\\/\\\/blog.proclima.com\\\/de\\\/2015\\\/11\\\/pm-tescon-profect\\\/#respond\"]}]},{\"@type\":\"WebPage\",\"@id\":\"https:\\\/\\\/blog.proclima.com\\\/de\\\/2015\\\/11\\\/pm-tescon-profect\\\/\",\"url\":\"https:\\\/\\\/blog.proclima.com\\\/de\\\/2015\\\/11\\\/pm-tescon-profect\\\/\",\"name\":\"Neues anschmiegsames, vorgefaltetes Winkelanschlussband f\u00fcr Eckanschl\u00fcsse innen und au\u00dfen: pro clima TESCON PROFECT &#187; pro clima Blog - Deutschland\",\"isPartOf\":{\"@id\":\"https:\\\/\\\/blog.proclima.com\\\/de\\\/#website\"},\"primaryImageOfPage\":{\"@id\":\"https:\\\/\\\/blog.proclima.com\\\/de\\\/2015\\\/11\\\/pm-tescon-profect\\\/#primaryimage\"},\"image\":{\"@id\":\"https:\\\/\\\/blog.proclima.com\\\/de\\\/2015\\\/11\\\/pm-tescon-profect\\\/#primaryimage\"},\"thumbnailUrl\":\"https:\\\/\\\/blog.proclima.com\\\/de\\\/files\\\/2015\\\/10\\\/v_tescon_profect_7274_ret_900x600px_rgb.jpg\",\"datePublished\":\"2015-11-06T06:02:43+00:00\",\"dateModified\":\"2015-11-06T06:30:43+00:00\",\"breadcrumb\":{\"@id\":\"https:\\\/\\\/blog.proclima.com\\\/de\\\/2015\\\/11\\\/pm-tescon-profect\\\/#breadcrumb\"},\"inLanguage\":\"de\",\"potentialAction\":[{\"@type\":\"ReadAction\",\"target\":[\"https:\\\/\\\/blog.proclima.com\\\/de\\\/2015\\\/11\\\/pm-tescon-profect\\\/\"]}]},{\"@type\":\"ImageObject\",\"inLanguage\":\"de\",\"@id\":\"https:\\\/\\\/blog.proclima.com\\\/de\\\/2015\\\/11\\\/pm-tescon-profect\\\/#primaryimage\",\"url\":\"https:\\\/\\\/blog.proclima.com\\\/de\\\/files\\\/2015\\\/10\\\/v_tescon_profect_7274_ret_900x600px_rgb.jpg\",\"contentUrl\":\"https:\\\/\\\/blog.proclima.com\\\/de\\\/files\\\/2015\\\/10\\\/v_tescon_profect_7274_ret_900x600px_rgb.jpg\"},{\"@type\":\"BreadcrumbList\",\"@id\":\"https:\\\/\\\/blog.proclima.com\\\/de\\\/2015\\\/11\\\/pm-tescon-profect\\\/#breadcrumb\",\"itemListElement\":[{\"@type\":\"ListItem\",\"position\":1,\"name\":\"Startseite\",\"item\":\"https:\\\/\\\/blog.proclima.com\\\/de\\\/\"},{\"@type\":\"ListItem\",\"position\":2,\"name\":\"Neues anschmiegsames, vorgefaltetes Winkelanschlussband f\u00fcr Eckanschl\u00fcsse innen und au\u00dfen: pro clima TESCON PROFECT\"}]},{\"@type\":\"WebSite\",\"@id\":\"https:\\\/\\\/blog.proclima.com\\\/de\\\/#website\",\"url\":\"https:\\\/\\\/blog.proclima.com\\\/de\\\/\",\"name\":\"pro clima Blog - Deutschland\",\"description\":\"alles was pro clima bewegt\",\"publisher\":{\"@id\":\"https:\\\/\\\/blog.proclima.com\\\/de\\\/#organization\"},\"potentialAction\":[{\"@type\":\"SearchAction\",\"target\":{\"@type\":\"EntryPoint\",\"urlTemplate\":\"https:\\\/\\\/blog.proclima.com\\\/de\\\/?s={search_term_string}\"},\"query-input\":{\"@type\":\"PropertyValueSpecification\",\"valueRequired\":true,\"valueName\":\"search_term_string\"}}],\"inLanguage\":\"de\"},{\"@type\":\"Organization\",\"@id\":\"https:\\\/\\\/blog.proclima.com\\\/de\\\/#organization\",\"name\":\"pro clima - Moll bau\u00f6kologische Produkte GmbH\",\"url\":\"https:\\\/\\\/blog.proclima.com\\\/de\\\/\",\"logo\":{\"@type\":\"ImageObject\",\"inLanguage\":\"de\",\"@id\":\"https:\\\/\\\/blog.proclima.com\\\/de\\\/#\\\/schema\\\/logo\\\/image\\\/\",\"url\":\"https:\\\/\\\/blog.proclima.com\\\/de\\\/files\\\/2020\\\/04\\\/Logo-pro-clima.png\",\"contentUrl\":\"https:\\\/\\\/blog.proclima.com\\\/de\\\/files\\\/2020\\\/04\\\/Logo-pro-clima.png\",\"width\":4210,\"height\":4881,\"caption\":\"pro clima - Moll bau\u00f6kologische Produkte GmbH\"},\"image\":{\"@id\":\"https:\\\/\\\/blog.proclima.com\\\/de\\\/#\\\/schema\\\/logo\\\/image\\\/\"},\"sameAs\":[\"https:\\\/\\\/www.facebook.com\\\/proclima\",\"https:\\\/\\\/x.com\\\/proclimaDE\"]},{\"@type\":\"Person\",\"@id\":\"https:\\\/\\\/blog.proclima.com\\\/de\\\/#\\\/schema\\\/person\\\/2cc86d57b4e91b6c23ab77b2ada44b16\",\"name\":\"Julia Metzger\",\"url\":\"https:\\\/\\\/blog.proclima.com\\\/de\\\/author\\\/metzger\\\/\"}]}<\/script>\n<!-- \/ Yoast SEO plugin. -->","yoast_head_json":{"title":"Neues anschmiegsames, vorgefaltetes Winkelanschlussband f\u00fcr Eckanschl\u00fcsse innen und au\u00dfen: pro clima TESCON PROFECT &#187; pro clima Blog - Deutschland","robots":{"index":"index","follow":"follow","max-snippet":"max-snippet:-1","max-image-preview":"max-image-preview:large","max-video-preview":"max-video-preview:-1"},"canonical":"https:\/\/blog.proclima.com\/de\/2015\/11\/pm-tescon-profect\/","og_locale":"de_DE","og_type":"article","og_title":"Neues anschmiegsames, vorgefaltetes Winkelanschlussband f\u00fcr Eckanschl\u00fcsse innen und au\u00dfen: pro clima TESCON PROFECT &#187; pro clima Blog - Deutschland","og_description":"Schmale Ecken, Balkendurchdringungen, Fensterrahmen, T\u00fcrzargen: Diese Anschlusssituationen bei der Luftdichtung innen und Winddichtung au\u00dfen k\u00f6nnen ab sofort noch schneller gel\u00f6st werden: Das Winkelanschlussband pro clima ...","og_url":"https:\/\/blog.proclima.com\/de\/2015\/11\/pm-tescon-profect\/","og_site_name":"pro clima Blog - Deutschland","article_publisher":"https:\/\/www.facebook.com\/proclima","article_published_time":"2015-11-06T06:02:43+00:00","article_modified_time":"2015-11-06T06:30:43+00:00","og_image":[{"width":640,"height":427,"url":"https:\/\/blog.proclima.com\/de\/files\/2015\/10\/v_tescon_profect_7274_ret_900x600px_rgb.jpg","type":"image\/jpeg"}],"author":"Julia Metzger","twitter_card":"summary_large_image","twitter_creator":"@proclimaDE","twitter_site":"@proclimaDE","twitter_misc":{"Verfasst von":"Julia Metzger","Gesch\u00e4tzte Lesezeit":"2\u00a0Minuten"},"schema":{"@context":"https:\/\/schema.org","@graph":[{"@type":"Article","@id":"https:\/\/blog.proclima.com\/de\/2015\/11\/pm-tescon-profect\/#article","isPartOf":{"@id":"https:\/\/blog.proclima.com\/de\/2015\/11\/pm-tescon-profect\/"},"author":{"name":"Julia Metzger","@id":"https:\/\/blog.proclima.com\/de\/#\/schema\/person\/2cc86d57b4e91b6c23ab77b2ada44b16"},"headline":"Neues anschmiegsames, vorgefaltetes Winkelanschlussband f\u00fcr Eckanschl\u00fcsse innen und au\u00dfen: pro clima TESCON PROFECT","datePublished":"2015-11-06T06:02:43+00:00","dateModified":"2015-11-06T06:30:43+00:00","mainEntityOfPage":{"@id":"https:\/\/blog.proclima.com\/de\/2015\/11\/pm-tescon-profect\/"},"wordCount":414,"commentCount":0,"publisher":{"@id":"https:\/\/blog.proclima.com\/de\/#organization"},"image":{"@id":"https:\/\/blog.proclima.com\/de\/2015\/11\/pm-tescon-profect\/#primaryimage"},"thumbnailUrl":"https:\/\/blog.proclima.com\/de\/files\/2015\/10\/v_tescon_profect_7274_ret_900x600px_rgb.jpg","keywords":["Klebeband","Neuheiten 2015"],"articleSection":["Pressemitteilungen","Produkte"],"inLanguage":"de","potentialAction":[{"@type":"CommentAction","name":"Comment","target":["https:\/\/blog.proclima.com\/de\/2015\/11\/pm-tescon-profect\/#respond"]}]},{"@type":"WebPage","@id":"https:\/\/blog.proclima.com\/de\/2015\/11\/pm-tescon-profect\/","url":"https:\/\/blog.proclima.com\/de\/2015\/11\/pm-tescon-profect\/","name":"Neues anschmiegsames, vorgefaltetes Winkelanschlussband f\u00fcr Eckanschl\u00fcsse innen und au\u00dfen: pro clima TESCON PROFECT &#187; pro clima Blog - Deutschland","isPartOf":{"@id":"https:\/\/blog.proclima.com\/de\/#website"},"primaryImageOfPage":{"@id":"https:\/\/blog.proclima.com\/de\/2015\/11\/pm-tescon-profect\/#primaryimage"},"image":{"@id":"https:\/\/blog.proclima.com\/de\/2015\/11\/pm-tescon-profect\/#primaryimage"},"thumbnailUrl":"https:\/\/blog.proclima.com\/de\/files\/2015\/10\/v_tescon_profect_7274_ret_900x600px_rgb.jpg","datePublished":"2015-11-06T06:02:43+00:00","dateModified":"2015-11-06T06:30:43+00:00","breadcrumb":{"@id":"https:\/\/blog.proclima.com\/de\/2015\/11\/pm-tescon-profect\/#breadcrumb"},"inLanguage":"de","potentialAction":[{"@type":"ReadAction","target":["https:\/\/blog.proclima.com\/de\/2015\/11\/pm-tescon-profect\/"]}]},{"@type":"ImageObject","inLanguage":"de","@id":"https:\/\/blog.proclima.com\/de\/2015\/11\/pm-tescon-profect\/#primaryimage","url":"https:\/\/blog.proclima.com\/de\/files\/2015\/10\/v_tescon_profect_7274_ret_900x600px_rgb.jpg","contentUrl":"https:\/\/blog.proclima.com\/de\/files\/2015\/10\/v_tescon_profect_7274_ret_900x600px_rgb.jpg"},{"@type":"BreadcrumbList","@id":"https:\/\/blog.proclima.com\/de\/2015\/11\/pm-tescon-profect\/#breadcrumb","itemListElement":[{"@type":"ListItem","position":1,"name":"Startseite","item":"https:\/\/blog.proclima.com\/de\/"},{"@type":"ListItem","position":2,"name":"Neues anschmiegsames, vorgefaltetes Winkelanschlussband f\u00fcr Eckanschl\u00fcsse innen und au\u00dfen: pro clima TESCON PROFECT"}]},{"@type":"WebSite","@id":"https:\/\/blog.proclima.com\/de\/#website","url":"https:\/\/blog.proclima.com\/de\/","name":"pro clima Blog - Deutschland","description":"alles was pro clima bewegt","publisher":{"@id":"https:\/\/blog.proclima.com\/de\/#organization"},"potentialAction":[{"@type":"SearchAction","target":{"@type":"EntryPoint","urlTemplate":"https:\/\/blog.proclima.com\/de\/?s={search_term_string}"},"query-input":{"@type":"PropertyValueSpecification","valueRequired":true,"valueName":"search_term_string"}}],"inLanguage":"de"},{"@type":"Organization","@id":"https:\/\/blog.proclima.com\/de\/#organization","name":"pro clima - Moll bau\u00f6kologische Produkte GmbH","url":"https:\/\/blog.proclima.com\/de\/","logo":{"@type":"ImageObject","inLanguage":"de","@id":"https:\/\/blog.proclima.com\/de\/#\/schema\/logo\/image\/","url":"https:\/\/blog.proclima.com\/de\/files\/2020\/04\/Logo-pro-clima.png","contentUrl":"https:\/\/blog.proclima.com\/de\/files\/2020\/04\/Logo-pro-clima.png","width":4210,"height":4881,"caption":"pro clima - Moll bau\u00f6kologische Produkte GmbH"},"image":{"@id":"https:\/\/blog.proclima.com\/de\/#\/schema\/logo\/image\/"},"sameAs":["https:\/\/www.facebook.com\/proclima","https:\/\/x.com\/proclimaDE"]},{"@type":"Person","@id":"https:\/\/blog.proclima.com\/de\/#\/schema\/person\/2cc86d57b4e91b6c23ab77b2ada44b16","name":"Julia Metzger","url":"https:\/\/blog.proclima.com\/de\/author\/metzger\/"}]}},"canto_acf_fields":"","_links":{"self":[{"href":"https:\/\/blog.proclima.com\/de\/wp-json\/wp\/v2\/posts\/5149","targetHints":{"allow":["GET"]}}],"collection":[{"href":"https:\/\/blog.proclima.com\/de\/wp-json\/wp\/v2\/posts"}],"about":[{"href":"https:\/\/blog.proclima.com\/de\/wp-json\/wp\/v2\/types\/post"}],"author":[{"embeddable":true,"href":"https:\/\/blog.proclima.com\/de\/wp-json\/wp\/v2\/users\/17"}],"replies":[{"embeddable":true,"href":"https:\/\/blog.proclima.com\/de\/wp-json\/wp\/v2\/comments?post=5149"}],"version-history":[{"count":18,"href":"https:\/\/blog.proclima.com\/de\/wp-json\/wp\/v2\/posts\/5149\/revisions"}],"predecessor-version":[{"id":5209,"href":"https:\/\/blog.proclima.com\/de\/wp-json\/wp\/v2\/posts\/5149\/revisions\/5209"}],"wp:attachment":[{"href":"https:\/\/blog.proclima.com\/de\/wp-json\/wp\/v2\/media?parent=5149"}],"wp:term":[{"taxonomy":"category","embeddable":true,"href":"https:\/\/blog.proclima.com\/de\/wp-json\/wp\/v2\/categories?post=5149"},{"taxonomy":"post_tag","embeddable":true,"href":"https:\/\/blog.proclima.com\/de\/wp-json\/wp\/v2\/tags?post=5149"}],"curies":[{"name":"wp","href":"https:\/\/api.w.org\/{rel}","templated":true}]}}