
{"id":4968,"date":"2015-08-27T09:00:15","date_gmt":"2015-08-27T07:00:15","guid":{"rendered":"http:\/\/blog.proclima.com\/de\/?p=4968"},"modified":"2015-08-27T18:30:52","modified_gmt":"2015-08-27T16:30:52","slug":"gih-proclima-pm","status":"publish","type":"post","link":"https:\/\/blog.proclima.com\/de\/2015\/08\/gih-proclima-pm\/","title":{"rendered":"pro clima unterst\u00fctzt GIH Geb\u00e4udeenergieberater Ingenieure Handwerker e.V."},"content":{"rendered":"<p><a href=\"http:\/\/airtight-junkies.de\/2015\/07\/gih-proclima-kooperation\/\" target=\"_blank\"><img loading=\"lazy\" decoding=\"async\" data-size=\"754x934\" class=\"aligncenter wp-image-4969 size-full\" src=\"https:\/\/blog.proclima.com\/de\/files\/2015\/08\/Bildschirmfoto-2015-08-26-um-19.05.14.png\" alt=\"Bildschirmfoto 2015-08-26 um 19.05.14\" width=\"754\" height=\"934\" srcset=\"https:\/\/blog.proclima.com\/de\/files\/2015\/08\/Bildschirmfoto-2015-08-26-um-19.05.14.png 754w, https:\/\/blog.proclima.com\/de\/files\/2015\/08\/Bildschirmfoto-2015-08-26-um-19.05.14-242x300.png 242w, https:\/\/blog.proclima.com\/de\/files\/2015\/08\/Bildschirmfoto-2015-08-26-um-19.05.14-310x384.png 310w\" sizes=\"auto, (max-width: 754px) 100vw, 754px\" \/><\/a>pro clima unterst\u00fctzt seit kurzem die Energieberater des Verbands GIH Geb\u00e4udenergieberater Ingenieure Handwerker e.V.<br \/>\nWeitere Informationen dazu hier:<br \/>\n<a href=\"http:\/\/www.presseportal.de\/pm\/61883\/3106952\">http:\/\/www.presseportal.de\/pm\/61883\/3106952<\/a><\/p>\n","protected":false},"excerpt":{"rendered":"<p>pro clima unterst\u00fctzt seit kurzem die Energieberater des Verbands GIH Geb\u00e4udenergieberater Ingenieure Handwerker e.V. Weitere Informationen dazu hier: http:\/\/www.presseportal.de\/pm\/61883\/3106952<\/p>\n","protected":false},"author":18,"featured_media":0,"comment_status":"open","ping_status":"open","sticky":false,"template":"","format":"standard","meta":{"footnotes":""},"categories":[136],"tags":[],"class_list":["post-4968","post","type-post","status-publish","format-standard","hentry","category-pressemitteilung"],"yoast_head":"<!-- This site is optimized with the Yoast SEO plugin v27.5 - https:\/\/yoast.com\/product\/yoast-seo-wordpress\/ -->\n<title>pro clima unterst\u00fctzt GIH Geb\u00e4udeenergieberater Ingenieure Handwerker e.V. &#187; pro clima Blog - Deutschland<\/title>\n<meta name=\"robots\" content=\"index, follow, max-snippet:-1, max-image-preview:large, max-video-preview:-1\" \/>\n<link rel=\"canonical\" href=\"https:\/\/blog.proclima.com\/de\/2015\/08\/gih-proclima-pm\/\" \/>\n<meta property=\"og:locale\" content=\"de_DE\" \/>\n<meta property=\"og:type\" content=\"article\" \/>\n<meta property=\"og:title\" content=\"pro clima unterst\u00fctzt GIH Geb\u00e4udeenergieberater Ingenieure Handwerker e.V. &#187; pro clima Blog - Deutschland\" \/>\n<meta property=\"og:description\" content=\"pro clima unterst\u00fctzt seit kurzem die Energieberater des Verbands GIH Geb\u00e4udenergieberater Ingenieure Handwerker e.V. Weitere Informationen dazu hier: http:\/\/www.presseportal.de\/pm\/61883\/3106952\" \/>\n<meta property=\"og:url\" content=\"https:\/\/blog.proclima.com\/de\/2015\/08\/gih-proclima-pm\/\" \/>\n<meta property=\"og:site_name\" content=\"pro clima Blog - Deutschland\" \/>\n<meta property=\"article:publisher\" content=\"https:\/\/www.facebook.com\/proclima\" \/>\n<meta property=\"article:published_time\" content=\"2015-08-27T07:00:15+00:00\" \/>\n<meta property=\"article:modified_time\" content=\"2015-08-27T16:30:52+00:00\" \/>\n<meta property=\"og:image\" content=\"https:\/\/blog.proclima.com\/de\/files\/2015\/08\/Bildschirmfoto-2015-08-26-um-19.05.14.png\" \/>\n\t<meta property=\"og:image:width\" content=\"754\" \/>\n\t<meta property=\"og:image:height\" content=\"934\" \/>\n\t<meta property=\"og:image:type\" content=\"image\/png\" \/>\n<meta name=\"author\" content=\"Heide Merkel\" \/>\n<meta name=\"twitter:card\" content=\"summary_large_image\" \/>\n<meta name=\"twitter:creator\" content=\"@proclimaDE\" \/>\n<meta name=\"twitter:site\" content=\"@proclimaDE\" \/>\n<meta name=\"twitter:label1\" content=\"Verfasst von\" \/>\n\t<meta name=\"twitter:data1\" content=\"Heide Merkel\" \/>\n<script type=\"application\/ld+json\" class=\"yoast-schema-graph\">{\"@context\":\"https:\\\/\\\/schema.org\",\"@graph\":[{\"@type\":\"Article\",\"@id\":\"https:\\\/\\\/blog.proclima.com\\\/de\\\/2015\\\/08\\\/gih-proclima-pm\\\/#article\",\"isPartOf\":{\"@id\":\"https:\\\/\\\/blog.proclima.com\\\/de\\\/2015\\\/08\\\/gih-proclima-pm\\\/\"},\"author\":{\"name\":\"Heide Merkel\",\"@id\":\"https:\\\/\\\/blog.proclima.com\\\/de\\\/#\\\/schema\\\/person\\\/b3490e20200d5d45b8d56f555ceffc21\"},\"headline\":\"pro clima unterst\u00fctzt GIH Geb\u00e4udeenergieberater Ingenieure Handwerker e.V.\",\"datePublished\":\"2015-08-27T07:00:15+00:00\",\"dateModified\":\"2015-08-27T16:30:52+00:00\",\"mainEntityOfPage\":{\"@id\":\"https:\\\/\\\/blog.proclima.com\\\/de\\\/2015\\\/08\\\/gih-proclima-pm\\\/\"},\"wordCount\":37,\"commentCount\":0,\"publisher\":{\"@id\":\"https:\\\/\\\/blog.proclima.com\\\/de\\\/#organization\"},\"image\":{\"@id\":\"https:\\\/\\\/blog.proclima.com\\\/de\\\/2015\\\/08\\\/gih-proclima-pm\\\/#primaryimage\"},\"thumbnailUrl\":\"https:\\\/\\\/blog.proclima.com\\\/de\\\/files\\\/2015\\\/08\\\/Bildschirmfoto-2015-08-26-um-19.05.14.png\",\"articleSection\":[\"Pressemitteilungen\"],\"inLanguage\":\"de\",\"potentialAction\":[{\"@type\":\"CommentAction\",\"name\":\"Comment\",\"target\":[\"https:\\\/\\\/blog.proclima.com\\\/de\\\/2015\\\/08\\\/gih-proclima-pm\\\/#respond\"]}]},{\"@type\":\"WebPage\",\"@id\":\"https:\\\/\\\/blog.proclima.com\\\/de\\\/2015\\\/08\\\/gih-proclima-pm\\\/\",\"url\":\"https:\\\/\\\/blog.proclima.com\\\/de\\\/2015\\\/08\\\/gih-proclima-pm\\\/\",\"name\":\"pro clima unterst\u00fctzt GIH Geb\u00e4udeenergieberater Ingenieure Handwerker e.V. &#187; pro clima Blog - Deutschland\",\"isPartOf\":{\"@id\":\"https:\\\/\\\/blog.proclima.com\\\/de\\\/#website\"},\"primaryImageOfPage\":{\"@id\":\"https:\\\/\\\/blog.proclima.com\\\/de\\\/2015\\\/08\\\/gih-proclima-pm\\\/#primaryimage\"},\"image\":{\"@id\":\"https:\\\/\\\/blog.proclima.com\\\/de\\\/2015\\\/08\\\/gih-proclima-pm\\\/#primaryimage\"},\"thumbnailUrl\":\"https:\\\/\\\/blog.proclima.com\\\/de\\\/files\\\/2015\\\/08\\\/Bildschirmfoto-2015-08-26-um-19.05.14.png\",\"datePublished\":\"2015-08-27T07:00:15+00:00\",\"dateModified\":\"2015-08-27T16:30:52+00:00\",\"breadcrumb\":{\"@id\":\"https:\\\/\\\/blog.proclima.com\\\/de\\\/2015\\\/08\\\/gih-proclima-pm\\\/#breadcrumb\"},\"inLanguage\":\"de\",\"potentialAction\":[{\"@type\":\"ReadAction\",\"target\":[\"https:\\\/\\\/blog.proclima.com\\\/de\\\/2015\\\/08\\\/gih-proclima-pm\\\/\"]}]},{\"@type\":\"ImageObject\",\"inLanguage\":\"de\",\"@id\":\"https:\\\/\\\/blog.proclima.com\\\/de\\\/2015\\\/08\\\/gih-proclima-pm\\\/#primaryimage\",\"url\":\"https:\\\/\\\/blog.proclima.com\\\/de\\\/files\\\/2015\\\/08\\\/Bildschirmfoto-2015-08-26-um-19.05.14.png\",\"contentUrl\":\"https:\\\/\\\/blog.proclima.com\\\/de\\\/files\\\/2015\\\/08\\\/Bildschirmfoto-2015-08-26-um-19.05.14.png\",\"width\":754,\"height\":934},{\"@type\":\"BreadcrumbList\",\"@id\":\"https:\\\/\\\/blog.proclima.com\\\/de\\\/2015\\\/08\\\/gih-proclima-pm\\\/#breadcrumb\",\"itemListElement\":[{\"@type\":\"ListItem\",\"position\":1,\"name\":\"Startseite\",\"item\":\"https:\\\/\\\/blog.proclima.com\\\/de\\\/\"},{\"@type\":\"ListItem\",\"position\":2,\"name\":\"pro clima unterst\u00fctzt GIH Geb\u00e4udeenergieberater Ingenieure Handwerker e.V.\"}]},{\"@type\":\"WebSite\",\"@id\":\"https:\\\/\\\/blog.proclima.com\\\/de\\\/#website\",\"url\":\"https:\\\/\\\/blog.proclima.com\\\/de\\\/\",\"name\":\"pro clima Blog - Deutschland\",\"description\":\"alles was pro clima bewegt\",\"publisher\":{\"@id\":\"https:\\\/\\\/blog.proclima.com\\\/de\\\/#organization\"},\"potentialAction\":[{\"@type\":\"SearchAction\",\"target\":{\"@type\":\"EntryPoint\",\"urlTemplate\":\"https:\\\/\\\/blog.proclima.com\\\/de\\\/?s={search_term_string}\"},\"query-input\":{\"@type\":\"PropertyValueSpecification\",\"valueRequired\":true,\"valueName\":\"search_term_string\"}}],\"inLanguage\":\"de\"},{\"@type\":\"Organization\",\"@id\":\"https:\\\/\\\/blog.proclima.com\\\/de\\\/#organization\",\"name\":\"pro clima - Moll bau\u00f6kologische Produkte GmbH\",\"url\":\"https:\\\/\\\/blog.proclima.com\\\/de\\\/\",\"logo\":{\"@type\":\"ImageObject\",\"inLanguage\":\"de\",\"@id\":\"https:\\\/\\\/blog.proclima.com\\\/de\\\/#\\\/schema\\\/logo\\\/image\\\/\",\"url\":\"https:\\\/\\\/blog.proclima.com\\\/de\\\/files\\\/2020\\\/04\\\/Logo-pro-clima.png\",\"contentUrl\":\"https:\\\/\\\/blog.proclima.com\\\/de\\\/files\\\/2020\\\/04\\\/Logo-pro-clima.png\",\"width\":4210,\"height\":4881,\"caption\":\"pro clima - Moll bau\u00f6kologische Produkte GmbH\"},\"image\":{\"@id\":\"https:\\\/\\\/blog.proclima.com\\\/de\\\/#\\\/schema\\\/logo\\\/image\\\/\"},\"sameAs\":[\"https:\\\/\\\/www.facebook.com\\\/proclima\",\"https:\\\/\\\/x.com\\\/proclimaDE\"]},{\"@type\":\"Person\",\"@id\":\"https:\\\/\\\/blog.proclima.com\\\/de\\\/#\\\/schema\\\/person\\\/b3490e20200d5d45b8d56f555ceffc21\",\"name\":\"Heide Merkel\",\"description\":\"Fachjournalistin, Referentin, Steuerung Presse &amp; Digitale Medien bei Moll bau\u00f6kologische Produkte GmbH (pro clima). Als Japanologin und ausgebildete Redakteurin ist Heide eher zuf\u00e4llig in der Baubranche gelandet. Seit 2011 arbeitet sie f\u00fcr pro clima. Ihr Wissen zu effektiver Kommunikation gibt sie in Seminaren, Artikeln und Vortr\u00e4gen weiter. F\u00fcr den pro clima Blog, proclima.tv und das pro clima Bauradio interviewt sie interessante Menschen aus der Baubranche. Auf\u00a0 luftdichtheit-gepr\u00fcft.de bloggt Heide \u00fcber Leckagen, Luftdichtung und Qualit\u00e4ts\u00fcberpr\u00fcfung mit Blower-Door-Tests. Ihre Freizeit verbringt sie u.a. in den Vogesen, wo sie seit mehr als f\u00fcnf Jahren ein altes Bauernhaus saniert. Ihr neuestes Projekt:\u00a0 www.besser-als-marketing.de Hier gibt es Tipps, wie Unternehmen in der Baubranche ihre Sichtbarkeit erh\u00f6hen k\u00f6nnen. Die ersten Videos sind bereits online im Youtube Channel Wer mehr \u00fcber Heide Merkel erfahren m\u00f6chte, findet sie auf den g\u00e4ngigen Social Media Plattformen.\",\"url\":\"https:\\\/\\\/blog.proclima.com\\\/de\\\/author\\\/gentner\\\/\"}]}<\/script>\n<!-- \/ Yoast SEO plugin. -->","yoast_head_json":{"title":"pro clima unterst\u00fctzt GIH Geb\u00e4udeenergieberater Ingenieure Handwerker e.V. &#187; pro clima Blog - Deutschland","robots":{"index":"index","follow":"follow","max-snippet":"max-snippet:-1","max-image-preview":"max-image-preview:large","max-video-preview":"max-video-preview:-1"},"canonical":"https:\/\/blog.proclima.com\/de\/2015\/08\/gih-proclima-pm\/","og_locale":"de_DE","og_type":"article","og_title":"pro clima unterst\u00fctzt GIH Geb\u00e4udeenergieberater Ingenieure Handwerker e.V. &#187; pro clima Blog - Deutschland","og_description":"pro clima unterst\u00fctzt seit kurzem die Energieberater des Verbands GIH Geb\u00e4udenergieberater Ingenieure Handwerker e.V. Weitere Informationen dazu hier: http:\/\/www.presseportal.de\/pm\/61883\/3106952","og_url":"https:\/\/blog.proclima.com\/de\/2015\/08\/gih-proclima-pm\/","og_site_name":"pro clima Blog - Deutschland","article_publisher":"https:\/\/www.facebook.com\/proclima","article_published_time":"2015-08-27T07:00:15+00:00","article_modified_time":"2015-08-27T16:30:52+00:00","og_image":[{"width":754,"height":934,"url":"https:\/\/blog.proclima.com\/de\/files\/2015\/08\/Bildschirmfoto-2015-08-26-um-19.05.14.png","type":"image\/png"}],"author":"Heide Merkel","twitter_card":"summary_large_image","twitter_creator":"@proclimaDE","twitter_site":"@proclimaDE","twitter_misc":{"Verfasst von":"Heide Merkel"},"schema":{"@context":"https:\/\/schema.org","@graph":[{"@type":"Article","@id":"https:\/\/blog.proclima.com\/de\/2015\/08\/gih-proclima-pm\/#article","isPartOf":{"@id":"https:\/\/blog.proclima.com\/de\/2015\/08\/gih-proclima-pm\/"},"author":{"name":"Heide Merkel","@id":"https:\/\/blog.proclima.com\/de\/#\/schema\/person\/b3490e20200d5d45b8d56f555ceffc21"},"headline":"pro clima unterst\u00fctzt GIH Geb\u00e4udeenergieberater Ingenieure Handwerker e.V.","datePublished":"2015-08-27T07:00:15+00:00","dateModified":"2015-08-27T16:30:52+00:00","mainEntityOfPage":{"@id":"https:\/\/blog.proclima.com\/de\/2015\/08\/gih-proclima-pm\/"},"wordCount":37,"commentCount":0,"publisher":{"@id":"https:\/\/blog.proclima.com\/de\/#organization"},"image":{"@id":"https:\/\/blog.proclima.com\/de\/2015\/08\/gih-proclima-pm\/#primaryimage"},"thumbnailUrl":"https:\/\/blog.proclima.com\/de\/files\/2015\/08\/Bildschirmfoto-2015-08-26-um-19.05.14.png","articleSection":["Pressemitteilungen"],"inLanguage":"de","potentialAction":[{"@type":"CommentAction","name":"Comment","target":["https:\/\/blog.proclima.com\/de\/2015\/08\/gih-proclima-pm\/#respond"]}]},{"@type":"WebPage","@id":"https:\/\/blog.proclima.com\/de\/2015\/08\/gih-proclima-pm\/","url":"https:\/\/blog.proclima.com\/de\/2015\/08\/gih-proclima-pm\/","name":"pro clima unterst\u00fctzt GIH Geb\u00e4udeenergieberater Ingenieure Handwerker e.V. &#187; pro clima Blog - Deutschland","isPartOf":{"@id":"https:\/\/blog.proclima.com\/de\/#website"},"primaryImageOfPage":{"@id":"https:\/\/blog.proclima.com\/de\/2015\/08\/gih-proclima-pm\/#primaryimage"},"image":{"@id":"https:\/\/blog.proclima.com\/de\/2015\/08\/gih-proclima-pm\/#primaryimage"},"thumbnailUrl":"https:\/\/blog.proclima.com\/de\/files\/2015\/08\/Bildschirmfoto-2015-08-26-um-19.05.14.png","datePublished":"2015-08-27T07:00:15+00:00","dateModified":"2015-08-27T16:30:52+00:00","breadcrumb":{"@id":"https:\/\/blog.proclima.com\/de\/2015\/08\/gih-proclima-pm\/#breadcrumb"},"inLanguage":"de","potentialAction":[{"@type":"ReadAction","target":["https:\/\/blog.proclima.com\/de\/2015\/08\/gih-proclima-pm\/"]}]},{"@type":"ImageObject","inLanguage":"de","@id":"https:\/\/blog.proclima.com\/de\/2015\/08\/gih-proclima-pm\/#primaryimage","url":"https:\/\/blog.proclima.com\/de\/files\/2015\/08\/Bildschirmfoto-2015-08-26-um-19.05.14.png","contentUrl":"https:\/\/blog.proclima.com\/de\/files\/2015\/08\/Bildschirmfoto-2015-08-26-um-19.05.14.png","width":754,"height":934},{"@type":"BreadcrumbList","@id":"https:\/\/blog.proclima.com\/de\/2015\/08\/gih-proclima-pm\/#breadcrumb","itemListElement":[{"@type":"ListItem","position":1,"name":"Startseite","item":"https:\/\/blog.proclima.com\/de\/"},{"@type":"ListItem","position":2,"name":"pro clima unterst\u00fctzt GIH Geb\u00e4udeenergieberater Ingenieure Handwerker e.V."}]},{"@type":"WebSite","@id":"https:\/\/blog.proclima.com\/de\/#website","url":"https:\/\/blog.proclima.com\/de\/","name":"pro clima Blog - Deutschland","description":"alles was pro clima bewegt","publisher":{"@id":"https:\/\/blog.proclima.com\/de\/#organization"},"potentialAction":[{"@type":"SearchAction","target":{"@type":"EntryPoint","urlTemplate":"https:\/\/blog.proclima.com\/de\/?s={search_term_string}"},"query-input":{"@type":"PropertyValueSpecification","valueRequired":true,"valueName":"search_term_string"}}],"inLanguage":"de"},{"@type":"Organization","@id":"https:\/\/blog.proclima.com\/de\/#organization","name":"pro clima - Moll bau\u00f6kologische Produkte GmbH","url":"https:\/\/blog.proclima.com\/de\/","logo":{"@type":"ImageObject","inLanguage":"de","@id":"https:\/\/blog.proclima.com\/de\/#\/schema\/logo\/image\/","url":"https:\/\/blog.proclima.com\/de\/files\/2020\/04\/Logo-pro-clima.png","contentUrl":"https:\/\/blog.proclima.com\/de\/files\/2020\/04\/Logo-pro-clima.png","width":4210,"height":4881,"caption":"pro clima - Moll bau\u00f6kologische Produkte GmbH"},"image":{"@id":"https:\/\/blog.proclima.com\/de\/#\/schema\/logo\/image\/"},"sameAs":["https:\/\/www.facebook.com\/proclima","https:\/\/x.com\/proclimaDE"]},{"@type":"Person","@id":"https:\/\/blog.proclima.com\/de\/#\/schema\/person\/b3490e20200d5d45b8d56f555ceffc21","name":"Heide Merkel","description":"Fachjournalistin, Referentin, Steuerung Presse &amp; Digitale Medien bei Moll bau\u00f6kologische Produkte GmbH (pro clima). Als Japanologin und ausgebildete Redakteurin ist Heide eher zuf\u00e4llig in der Baubranche gelandet. Seit 2011 arbeitet sie f\u00fcr pro clima. Ihr Wissen zu effektiver Kommunikation gibt sie in Seminaren, Artikeln und Vortr\u00e4gen weiter. F\u00fcr den pro clima Blog, proclima.tv und das pro clima Bauradio interviewt sie interessante Menschen aus der Baubranche. Auf\u00a0 luftdichtheit-gepr\u00fcft.de bloggt Heide \u00fcber Leckagen, Luftdichtung und Qualit\u00e4ts\u00fcberpr\u00fcfung mit Blower-Door-Tests. Ihre Freizeit verbringt sie u.a. in den Vogesen, wo sie seit mehr als f\u00fcnf Jahren ein altes Bauernhaus saniert. Ihr neuestes Projekt:\u00a0 www.besser-als-marketing.de Hier gibt es Tipps, wie Unternehmen in der Baubranche ihre Sichtbarkeit erh\u00f6hen k\u00f6nnen. Die ersten Videos sind bereits online im Youtube Channel Wer mehr \u00fcber Heide Merkel erfahren m\u00f6chte, findet sie auf den g\u00e4ngigen Social Media Plattformen.","url":"https:\/\/blog.proclima.com\/de\/author\/gentner\/"}]}},"canto_acf_fields":"","_links":{"self":[{"href":"https:\/\/blog.proclima.com\/de\/wp-json\/wp\/v2\/posts\/4968","targetHints":{"allow":["GET"]}}],"collection":[{"href":"https:\/\/blog.proclima.com\/de\/wp-json\/wp\/v2\/posts"}],"about":[{"href":"https:\/\/blog.proclima.com\/de\/wp-json\/wp\/v2\/types\/post"}],"author":[{"embeddable":true,"href":"https:\/\/blog.proclima.com\/de\/wp-json\/wp\/v2\/users\/18"}],"replies":[{"embeddable":true,"href":"https:\/\/blog.proclima.com\/de\/wp-json\/wp\/v2\/comments?post=4968"}],"version-history":[{"count":2,"href":"https:\/\/blog.proclima.com\/de\/wp-json\/wp\/v2\/posts\/4968\/revisions"}],"predecessor-version":[{"id":4980,"href":"https:\/\/blog.proclima.com\/de\/wp-json\/wp\/v2\/posts\/4968\/revisions\/4980"}],"wp:attachment":[{"href":"https:\/\/blog.proclima.com\/de\/wp-json\/wp\/v2\/media?parent=4968"}],"wp:term":[{"taxonomy":"category","embeddable":true,"href":"https:\/\/blog.proclima.com\/de\/wp-json\/wp\/v2\/categories?post=4968"},{"taxonomy":"post_tag","embeddable":true,"href":"https:\/\/blog.proclima.com\/de\/wp-json\/wp\/v2\/tags?post=4968"}],"curies":[{"name":"wp","href":"https:\/\/api.w.org\/{rel}","templated":true}]}}