
{"id":4910,"date":"2015-08-30T08:00:14","date_gmt":"2015-08-30T06:00:14","guid":{"rendered":"http:\/\/blog.proclima.com\/de\/?p=4910"},"modified":"2015-08-13T17:25:00","modified_gmt":"2015-08-13T15:25:00","slug":"sanieren-zum-passivhaus-2","status":"publish","type":"post","link":"https:\/\/blog.proclima.com\/de\/2015\/08\/sanieren-zum-passivhaus-2\/","title":{"rendered":"Sanieren zum Passivhaus \u2013 Interview mit Fachbuchautor Roland Matzig"},"content":{"rendered":"<p><iframe loading=\"lazy\"  id=\"_ytid_48431\" width=\"1170\" height=\"658\" src=\"https:\/\/www.youtube-nocookie.com\/embed\/idxKMPpDnxk?enablejsapi=1&#038;autoplay=0&#038;cc_load_policy=0&#038;iv_load_policy=1&#038;loop=0&#038;modestbranding=1&#038;rel=0&#038;showinfo=0&#038;fs=1&#038;playsinline=1&#038;controls=2&#038;autohide=2&#038;theme=light&#038;color=red&#038;hl=de_DE&#038;\" class=\"__youtube_prefs__\" title=\"YouTube player\"  allowfullscreen data-no-lazy=\"1\" data-skipgform_ajax_framebjll=\"\"><\/iframe><\/p>\n<p>Ein altes Geb\u00e4ude so zu sanieren, dass es einen Passivhausstandard erreicht und hoch energieeffizent ist &#8211; dieser Gedanke schreckt heutzutage noch viele Bauherren und auch Architekten ab. Schlie\u00dflich sind Sanierungen immer eine Herausforderung und bereits bei Passivhaus-Neubauten muss auf viele Details bei D\u00e4mmung und Luftdichtung geachtet werden.<br \/>\nArchitekt Roland Matzig m\u00f6chte den Menschen die mentale H\u00fcrde vor der Sanierung zum Passivhaus nehmen und hat das erste Buch dar\u00fcber geschrieben. Das Fachbuch enth\u00e4lt auch Leitf\u00e4den und Planungshilfen, die sofort in aktuelle Sanierungsprojekte integriert werden k\u00f6nnen.<br \/>\nBeim pro clima TV Interview erkl\u00e4rt Passivhausdozent Matzig, warum er sein Know-How weitergibt und inwiefern Architekten und Eigenheimbesitzer finanziell von einer Sanierung zum Passivhaus profitieren k\u00f6nnen.<\/p>\n<p><strong>Das Fachbuch Sanieren zum Passivhaus:<\/strong><br \/>\n<a class=\"yt-uix-redirect-link\" dir=\"ltr\" title=\"http:\/\/shop.weka.de\/sanieren-passivhaus\" href=\"http:\/\/shop.weka.de\/sanieren-passivhaus\" target=\"_blank\" rel=\"nofollow\">http:\/\/shop.weka.de\/sanieren-passivhaus<\/a><!--more--><\/p>\n<p><a href=\"http:\/\/shop.weka.de\/sanieren-passivhaus\"><img loading=\"lazy\" decoding=\"async\" data-size=\"1946x1740\" class=\"aligncenter size-large wp-image-4914\" src=\"https:\/\/blog.proclima.com\/de\/files\/2015\/08\/Bildschirmfoto-2015-08-13-um-17.26.51-1024x916.png\" alt=\"Bildschirmfoto 2015-08-13 um 17.26.51\" width=\"584\" height=\"522\" srcset=\"https:\/\/blog.proclima.com\/de\/files\/2015\/08\/Bildschirmfoto-2015-08-13-um-17.26.51-1024x916.png 1024w, https:\/\/blog.proclima.com\/de\/files\/2015\/08\/Bildschirmfoto-2015-08-13-um-17.26.51-300x268.png 300w, https:\/\/blog.proclima.com\/de\/files\/2015\/08\/Bildschirmfoto-2015-08-13-um-17.26.51-768x687.png 768w, https:\/\/blog.proclima.com\/de\/files\/2015\/08\/Bildschirmfoto-2015-08-13-um-17.26.51-1536x1373.png 1536w, https:\/\/blog.proclima.com\/de\/files\/2015\/08\/Bildschirmfoto-2015-08-13-um-17.26.51-384x343.png 384w, https:\/\/blog.proclima.com\/de\/files\/2015\/08\/Bildschirmfoto-2015-08-13-um-17.26.51.png 1946w\" sizes=\"auto, (max-width: 584px) 100vw, 584px\" \/><\/a><\/p>\n<p><em>Die pro clima TV Folgen mit Roland Matzig:<\/em><\/p>\n<ul>\n<li><span style=\"font-family: Arial,sans-serif;\"><strong>Interview zu den schlimmsten Passivhausmythen<\/strong><br \/>\n<\/span><span style=\"font-family: Arial,sans-serif;\"><a href=\"https:\/\/youtu.be\/G87nxb7D2eQ\" target=\"_blank\">https:\/\/youtu.be\/G87nxb7D2eQ<\/a><\/span><\/li>\n<li><span style=\"font-family: Arial,sans-serif;\"><strong>Interview zur kostendeckenden Sanierung<\/strong><br \/>\n<\/span><span style=\"font-family: Arial,sans-serif;\"><a href=\"https:\/\/youtu.be\/_Gi6Ak0sEpk\" target=\"_blank\">https:\/\/youtu.be\/_Gi6Ak0sEpk<\/a><\/span><\/li>\n<li><strong><span style=\"font-family: Arial,sans-serif;\"><span style=\"font-size: medium;\">Sanieren zum Passivhaus \u2013 das Interview zum Fach<\/span><\/span><span style=\"font-family: Arial,sans-serif;\"><span style=\"font-size: medium;\">b<\/span><\/span><span style=\"font-family: Arial,sans-serif;\"><span style=\"font-size: medium;\">uch<br \/>\n<\/span><\/span><\/strong><a href=\"https:\/\/youtu.be\/idxKMPpDnxk\"><span style=\"font-family: Arial,sans-serif;\"><span style=\"font-size: medium;\">https:\/\/youtu.be\/idxKMPpDnxk<\/span><\/span><\/a><\/li>\n<\/ul>\n<p><strong>Kontakt<\/strong><br \/>\nRoland Matzig<br \/>\nr-m-p Architekten und Ingenieure<br \/>\nTel: 0621 7900071<br \/>\n<a href=\"mailto:info@r-m-p.de\">info@r-m-p.de<\/a><br \/>\n<a href=\"http:\/\/www.r-m-p.de\">www.r-m-p.de<\/a><\/p>\n<p><strong>Infos &amp;Kontakt zur pro clima TV Redaktion:<\/strong><br \/>\n<a class=\"yt-uix-redirect-link\" dir=\"ltr\" title=\"https:\/\/blog.proclima.com\/de\/redaktion\/\" href=\"https:\/\/blog.proclima.com\/de\/redaktion\/\" target=\"_blank\" rel=\"nofollow\">https:\/\/blog.proclima.com\/de\/redaktion\/<\/a><\/p>\n","protected":false},"excerpt":{"rendered":"<p>Ein altes Geb\u00e4ude so zu sanieren, dass es einen Passivhausstandard erreicht und hoch energieeffizent ist &#8211; dieser Gedanke schreckt heutzutage noch viele Bauherren und auch <a href=\"https:\/\/blog.proclima.com\/de\/2015\/08\/sanieren-zum-passivhaus-2\/\" rel=\"bookmark\">&#8230;<\/a><\/p>\n","protected":false},"author":18,"featured_media":0,"comment_status":"open","ping_status":"open","sticky":false,"template":"","format":"standard","meta":{"footnotes":""},"categories":[887,448],"tags":[320,191,888,896],"class_list":["post-4910","post","type-post","status-publish","format-standard","hentry","category-passivhaus","category-pro-clima-tv","tag-fachbuch","tag-passivhaus","tag-roland-matzig","tag-sanieren"],"yoast_head":"<!-- This site is optimized with the Yoast SEO plugin v27.5 - https:\/\/yoast.com\/product\/yoast-seo-wordpress\/ -->\n<title>Sanieren zum Passivhaus \u2013 Interview mit Fachbuchautor Roland Matzig &#187; pro clima Blog - Deutschland<\/title>\n<meta name=\"robots\" content=\"index, follow, max-snippet:-1, max-image-preview:large, max-video-preview:-1\" \/>\n<link rel=\"canonical\" href=\"https:\/\/blog.proclima.com\/de\/2015\/08\/sanieren-zum-passivhaus-2\/\" \/>\n<meta property=\"og:locale\" content=\"de_DE\" \/>\n<meta property=\"og:type\" content=\"article\" \/>\n<meta property=\"og:title\" content=\"Sanieren zum Passivhaus \u2013 Interview mit Fachbuchautor Roland Matzig &#187; pro clima Blog - Deutschland\" \/>\n<meta property=\"og:description\" content=\"Ein altes Geb\u00e4ude so zu sanieren, dass es einen Passivhausstandard erreicht und hoch energieeffizent ist &#8211; dieser Gedanke schreckt heutzutage noch viele Bauherren und auch ...\" \/>\n<meta property=\"og:url\" content=\"https:\/\/blog.proclima.com\/de\/2015\/08\/sanieren-zum-passivhaus-2\/\" \/>\n<meta property=\"og:site_name\" content=\"pro clima Blog - Deutschland\" \/>\n<meta property=\"article:publisher\" content=\"https:\/\/www.facebook.com\/proclima\" \/>\n<meta property=\"article:published_time\" content=\"2015-08-30T06:00:14+00:00\" \/>\n<meta property=\"og:image\" content=\"https:\/\/blog.proclima.com\/de\/files\/2015\/08\/Bildschirmfoto-2015-08-13-um-17.26.51.png\" \/>\n\t<meta property=\"og:image:width\" content=\"1946\" \/>\n\t<meta property=\"og:image:height\" content=\"1740\" \/>\n\t<meta property=\"og:image:type\" content=\"image\/png\" \/>\n<meta name=\"author\" content=\"Heide Merkel\" \/>\n<meta name=\"twitter:card\" content=\"summary_large_image\" \/>\n<meta name=\"twitter:creator\" content=\"@proclimaDE\" \/>\n<meta name=\"twitter:site\" content=\"@proclimaDE\" \/>\n<meta name=\"twitter:label1\" content=\"Verfasst von\" \/>\n\t<meta name=\"twitter:data1\" content=\"Heide Merkel\" \/>\n\t<meta name=\"twitter:label2\" content=\"Gesch\u00e4tzte Lesezeit\" \/>\n\t<meta name=\"twitter:data2\" content=\"1\u00a0Minute\" \/>\n<script type=\"application\/ld+json\" class=\"yoast-schema-graph\">{\"@context\":\"https:\\\/\\\/schema.org\",\"@graph\":[{\"@type\":\"Article\",\"@id\":\"https:\\\/\\\/blog.proclima.com\\\/de\\\/2015\\\/08\\\/sanieren-zum-passivhaus-2\\\/#article\",\"isPartOf\":{\"@id\":\"https:\\\/\\\/blog.proclima.com\\\/de\\\/2015\\\/08\\\/sanieren-zum-passivhaus-2\\\/\"},\"author\":{\"name\":\"Heide Merkel\",\"@id\":\"https:\\\/\\\/blog.proclima.com\\\/de\\\/#\\\/schema\\\/person\\\/b3490e20200d5d45b8d56f555ceffc21\"},\"headline\":\"Sanieren zum Passivhaus \u2013 Interview mit Fachbuchautor Roland Matzig\",\"datePublished\":\"2015-08-30T06:00:14+00:00\",\"mainEntityOfPage\":{\"@id\":\"https:\\\/\\\/blog.proclima.com\\\/de\\\/2015\\\/08\\\/sanieren-zum-passivhaus-2\\\/\"},\"wordCount\":220,\"commentCount\":1,\"publisher\":{\"@id\":\"https:\\\/\\\/blog.proclima.com\\\/de\\\/#organization\"},\"image\":{\"@id\":\"https:\\\/\\\/blog.proclima.com\\\/de\\\/2015\\\/08\\\/sanieren-zum-passivhaus-2\\\/#primaryimage\"},\"thumbnailUrl\":\"https:\\\/\\\/blog.proclima.com\\\/de\\\/files\\\/2015\\\/08\\\/Bildschirmfoto-2015-08-13-um-17.26.51-1024x916.png\",\"keywords\":[\"Fachbuch\",\"Passivhaus\",\"Roland Matzig\",\"Sanieren\"],\"articleSection\":[\"Passivhaus\",\"proclima.TV\"],\"inLanguage\":\"de\",\"potentialAction\":[{\"@type\":\"CommentAction\",\"name\":\"Comment\",\"target\":[\"https:\\\/\\\/blog.proclima.com\\\/de\\\/2015\\\/08\\\/sanieren-zum-passivhaus-2\\\/#respond\"]}]},{\"@type\":\"WebPage\",\"@id\":\"https:\\\/\\\/blog.proclima.com\\\/de\\\/2015\\\/08\\\/sanieren-zum-passivhaus-2\\\/\",\"url\":\"https:\\\/\\\/blog.proclima.com\\\/de\\\/2015\\\/08\\\/sanieren-zum-passivhaus-2\\\/\",\"name\":\"Sanieren zum Passivhaus \u2013 Interview mit Fachbuchautor Roland Matzig &#187; pro clima Blog - Deutschland\",\"isPartOf\":{\"@id\":\"https:\\\/\\\/blog.proclima.com\\\/de\\\/#website\"},\"primaryImageOfPage\":{\"@id\":\"https:\\\/\\\/blog.proclima.com\\\/de\\\/2015\\\/08\\\/sanieren-zum-passivhaus-2\\\/#primaryimage\"},\"image\":{\"@id\":\"https:\\\/\\\/blog.proclima.com\\\/de\\\/2015\\\/08\\\/sanieren-zum-passivhaus-2\\\/#primaryimage\"},\"thumbnailUrl\":\"https:\\\/\\\/blog.proclima.com\\\/de\\\/files\\\/2015\\\/08\\\/Bildschirmfoto-2015-08-13-um-17.26.51-1024x916.png\",\"datePublished\":\"2015-08-30T06:00:14+00:00\",\"breadcrumb\":{\"@id\":\"https:\\\/\\\/blog.proclima.com\\\/de\\\/2015\\\/08\\\/sanieren-zum-passivhaus-2\\\/#breadcrumb\"},\"inLanguage\":\"de\",\"potentialAction\":[{\"@type\":\"ReadAction\",\"target\":[\"https:\\\/\\\/blog.proclima.com\\\/de\\\/2015\\\/08\\\/sanieren-zum-passivhaus-2\\\/\"]}]},{\"@type\":\"ImageObject\",\"inLanguage\":\"de\",\"@id\":\"https:\\\/\\\/blog.proclima.com\\\/de\\\/2015\\\/08\\\/sanieren-zum-passivhaus-2\\\/#primaryimage\",\"url\":\"https:\\\/\\\/blog.proclima.com\\\/de\\\/files\\\/2015\\\/08\\\/Bildschirmfoto-2015-08-13-um-17.26.51.png\",\"contentUrl\":\"https:\\\/\\\/blog.proclima.com\\\/de\\\/files\\\/2015\\\/08\\\/Bildschirmfoto-2015-08-13-um-17.26.51.png\",\"width\":1946,\"height\":1740},{\"@type\":\"BreadcrumbList\",\"@id\":\"https:\\\/\\\/blog.proclima.com\\\/de\\\/2015\\\/08\\\/sanieren-zum-passivhaus-2\\\/#breadcrumb\",\"itemListElement\":[{\"@type\":\"ListItem\",\"position\":1,\"name\":\"Startseite\",\"item\":\"https:\\\/\\\/blog.proclima.com\\\/de\\\/\"},{\"@type\":\"ListItem\",\"position\":2,\"name\":\"Sanieren zum Passivhaus \u2013 Interview mit Fachbuchautor Roland Matzig\"}]},{\"@type\":\"WebSite\",\"@id\":\"https:\\\/\\\/blog.proclima.com\\\/de\\\/#website\",\"url\":\"https:\\\/\\\/blog.proclima.com\\\/de\\\/\",\"name\":\"pro clima Blog - Deutschland\",\"description\":\"alles was pro clima bewegt\",\"publisher\":{\"@id\":\"https:\\\/\\\/blog.proclima.com\\\/de\\\/#organization\"},\"potentialAction\":[{\"@type\":\"SearchAction\",\"target\":{\"@type\":\"EntryPoint\",\"urlTemplate\":\"https:\\\/\\\/blog.proclima.com\\\/de\\\/?s={search_term_string}\"},\"query-input\":{\"@type\":\"PropertyValueSpecification\",\"valueRequired\":true,\"valueName\":\"search_term_string\"}}],\"inLanguage\":\"de\"},{\"@type\":\"Organization\",\"@id\":\"https:\\\/\\\/blog.proclima.com\\\/de\\\/#organization\",\"name\":\"pro clima - Moll bau\u00f6kologische Produkte GmbH\",\"url\":\"https:\\\/\\\/blog.proclima.com\\\/de\\\/\",\"logo\":{\"@type\":\"ImageObject\",\"inLanguage\":\"de\",\"@id\":\"https:\\\/\\\/blog.proclima.com\\\/de\\\/#\\\/schema\\\/logo\\\/image\\\/\",\"url\":\"https:\\\/\\\/blog.proclima.com\\\/de\\\/files\\\/2020\\\/04\\\/Logo-pro-clima.png\",\"contentUrl\":\"https:\\\/\\\/blog.proclima.com\\\/de\\\/files\\\/2020\\\/04\\\/Logo-pro-clima.png\",\"width\":4210,\"height\":4881,\"caption\":\"pro clima - Moll bau\u00f6kologische Produkte GmbH\"},\"image\":{\"@id\":\"https:\\\/\\\/blog.proclima.com\\\/de\\\/#\\\/schema\\\/logo\\\/image\\\/\"},\"sameAs\":[\"https:\\\/\\\/www.facebook.com\\\/proclima\",\"https:\\\/\\\/x.com\\\/proclimaDE\"]},{\"@type\":\"Person\",\"@id\":\"https:\\\/\\\/blog.proclima.com\\\/de\\\/#\\\/schema\\\/person\\\/b3490e20200d5d45b8d56f555ceffc21\",\"name\":\"Heide Merkel\",\"description\":\"Fachjournalistin, Referentin, Steuerung Presse &amp; Digitale Medien bei Moll bau\u00f6kologische Produkte GmbH (pro clima). Als Japanologin und ausgebildete Redakteurin ist Heide eher zuf\u00e4llig in der Baubranche gelandet. Seit 2011 arbeitet sie f\u00fcr pro clima. Ihr Wissen zu effektiver Kommunikation gibt sie in Seminaren, Artikeln und Vortr\u00e4gen weiter. F\u00fcr den pro clima Blog, proclima.tv und das pro clima Bauradio interviewt sie interessante Menschen aus der Baubranche. Auf\u00a0 luftdichtheit-gepr\u00fcft.de bloggt Heide \u00fcber Leckagen, Luftdichtung und Qualit\u00e4ts\u00fcberpr\u00fcfung mit Blower-Door-Tests. Ihre Freizeit verbringt sie u.a. in den Vogesen, wo sie seit mehr als f\u00fcnf Jahren ein altes Bauernhaus saniert. Ihr neuestes Projekt:\u00a0 www.besser-als-marketing.de Hier gibt es Tipps, wie Unternehmen in der Baubranche ihre Sichtbarkeit erh\u00f6hen k\u00f6nnen. Die ersten Videos sind bereits online im Youtube Channel Wer mehr \u00fcber Heide Merkel erfahren m\u00f6chte, findet sie auf den g\u00e4ngigen Social Media Plattformen.\",\"url\":\"https:\\\/\\\/blog.proclima.com\\\/de\\\/author\\\/gentner\\\/\"}]}<\/script>\n<!-- \/ Yoast SEO plugin. -->","yoast_head_json":{"title":"Sanieren zum Passivhaus \u2013 Interview mit Fachbuchautor Roland Matzig &#187; pro clima Blog - Deutschland","robots":{"index":"index","follow":"follow","max-snippet":"max-snippet:-1","max-image-preview":"max-image-preview:large","max-video-preview":"max-video-preview:-1"},"canonical":"https:\/\/blog.proclima.com\/de\/2015\/08\/sanieren-zum-passivhaus-2\/","og_locale":"de_DE","og_type":"article","og_title":"Sanieren zum Passivhaus \u2013 Interview mit Fachbuchautor Roland Matzig &#187; pro clima Blog - Deutschland","og_description":"Ein altes Geb\u00e4ude so zu sanieren, dass es einen Passivhausstandard erreicht und hoch energieeffizent ist &#8211; dieser Gedanke schreckt heutzutage noch viele Bauherren und auch ...","og_url":"https:\/\/blog.proclima.com\/de\/2015\/08\/sanieren-zum-passivhaus-2\/","og_site_name":"pro clima Blog - Deutschland","article_publisher":"https:\/\/www.facebook.com\/proclima","article_published_time":"2015-08-30T06:00:14+00:00","og_image":[{"width":1946,"height":1740,"url":"https:\/\/blog.proclima.com\/de\/files\/2015\/08\/Bildschirmfoto-2015-08-13-um-17.26.51.png","type":"image\/png"}],"author":"Heide Merkel","twitter_card":"summary_large_image","twitter_creator":"@proclimaDE","twitter_site":"@proclimaDE","twitter_misc":{"Verfasst von":"Heide Merkel","Gesch\u00e4tzte Lesezeit":"1\u00a0Minute"},"schema":{"@context":"https:\/\/schema.org","@graph":[{"@type":"Article","@id":"https:\/\/blog.proclima.com\/de\/2015\/08\/sanieren-zum-passivhaus-2\/#article","isPartOf":{"@id":"https:\/\/blog.proclima.com\/de\/2015\/08\/sanieren-zum-passivhaus-2\/"},"author":{"name":"Heide Merkel","@id":"https:\/\/blog.proclima.com\/de\/#\/schema\/person\/b3490e20200d5d45b8d56f555ceffc21"},"headline":"Sanieren zum Passivhaus \u2013 Interview mit Fachbuchautor Roland Matzig","datePublished":"2015-08-30T06:00:14+00:00","mainEntityOfPage":{"@id":"https:\/\/blog.proclima.com\/de\/2015\/08\/sanieren-zum-passivhaus-2\/"},"wordCount":220,"commentCount":1,"publisher":{"@id":"https:\/\/blog.proclima.com\/de\/#organization"},"image":{"@id":"https:\/\/blog.proclima.com\/de\/2015\/08\/sanieren-zum-passivhaus-2\/#primaryimage"},"thumbnailUrl":"https:\/\/blog.proclima.com\/de\/files\/2015\/08\/Bildschirmfoto-2015-08-13-um-17.26.51-1024x916.png","keywords":["Fachbuch","Passivhaus","Roland Matzig","Sanieren"],"articleSection":["Passivhaus","proclima.TV"],"inLanguage":"de","potentialAction":[{"@type":"CommentAction","name":"Comment","target":["https:\/\/blog.proclima.com\/de\/2015\/08\/sanieren-zum-passivhaus-2\/#respond"]}]},{"@type":"WebPage","@id":"https:\/\/blog.proclima.com\/de\/2015\/08\/sanieren-zum-passivhaus-2\/","url":"https:\/\/blog.proclima.com\/de\/2015\/08\/sanieren-zum-passivhaus-2\/","name":"Sanieren zum Passivhaus \u2013 Interview mit Fachbuchautor Roland Matzig &#187; pro clima Blog - Deutschland","isPartOf":{"@id":"https:\/\/blog.proclima.com\/de\/#website"},"primaryImageOfPage":{"@id":"https:\/\/blog.proclima.com\/de\/2015\/08\/sanieren-zum-passivhaus-2\/#primaryimage"},"image":{"@id":"https:\/\/blog.proclima.com\/de\/2015\/08\/sanieren-zum-passivhaus-2\/#primaryimage"},"thumbnailUrl":"https:\/\/blog.proclima.com\/de\/files\/2015\/08\/Bildschirmfoto-2015-08-13-um-17.26.51-1024x916.png","datePublished":"2015-08-30T06:00:14+00:00","breadcrumb":{"@id":"https:\/\/blog.proclima.com\/de\/2015\/08\/sanieren-zum-passivhaus-2\/#breadcrumb"},"inLanguage":"de","potentialAction":[{"@type":"ReadAction","target":["https:\/\/blog.proclima.com\/de\/2015\/08\/sanieren-zum-passivhaus-2\/"]}]},{"@type":"ImageObject","inLanguage":"de","@id":"https:\/\/blog.proclima.com\/de\/2015\/08\/sanieren-zum-passivhaus-2\/#primaryimage","url":"https:\/\/blog.proclima.com\/de\/files\/2015\/08\/Bildschirmfoto-2015-08-13-um-17.26.51.png","contentUrl":"https:\/\/blog.proclima.com\/de\/files\/2015\/08\/Bildschirmfoto-2015-08-13-um-17.26.51.png","width":1946,"height":1740},{"@type":"BreadcrumbList","@id":"https:\/\/blog.proclima.com\/de\/2015\/08\/sanieren-zum-passivhaus-2\/#breadcrumb","itemListElement":[{"@type":"ListItem","position":1,"name":"Startseite","item":"https:\/\/blog.proclima.com\/de\/"},{"@type":"ListItem","position":2,"name":"Sanieren zum Passivhaus \u2013 Interview mit Fachbuchautor Roland Matzig"}]},{"@type":"WebSite","@id":"https:\/\/blog.proclima.com\/de\/#website","url":"https:\/\/blog.proclima.com\/de\/","name":"pro clima Blog - Deutschland","description":"alles was pro clima bewegt","publisher":{"@id":"https:\/\/blog.proclima.com\/de\/#organization"},"potentialAction":[{"@type":"SearchAction","target":{"@type":"EntryPoint","urlTemplate":"https:\/\/blog.proclima.com\/de\/?s={search_term_string}"},"query-input":{"@type":"PropertyValueSpecification","valueRequired":true,"valueName":"search_term_string"}}],"inLanguage":"de"},{"@type":"Organization","@id":"https:\/\/blog.proclima.com\/de\/#organization","name":"pro clima - Moll bau\u00f6kologische Produkte GmbH","url":"https:\/\/blog.proclima.com\/de\/","logo":{"@type":"ImageObject","inLanguage":"de","@id":"https:\/\/blog.proclima.com\/de\/#\/schema\/logo\/image\/","url":"https:\/\/blog.proclima.com\/de\/files\/2020\/04\/Logo-pro-clima.png","contentUrl":"https:\/\/blog.proclima.com\/de\/files\/2020\/04\/Logo-pro-clima.png","width":4210,"height":4881,"caption":"pro clima - Moll bau\u00f6kologische Produkte GmbH"},"image":{"@id":"https:\/\/blog.proclima.com\/de\/#\/schema\/logo\/image\/"},"sameAs":["https:\/\/www.facebook.com\/proclima","https:\/\/x.com\/proclimaDE"]},{"@type":"Person","@id":"https:\/\/blog.proclima.com\/de\/#\/schema\/person\/b3490e20200d5d45b8d56f555ceffc21","name":"Heide Merkel","description":"Fachjournalistin, Referentin, Steuerung Presse &amp; Digitale Medien bei Moll bau\u00f6kologische Produkte GmbH (pro clima). Als Japanologin und ausgebildete Redakteurin ist Heide eher zuf\u00e4llig in der Baubranche gelandet. Seit 2011 arbeitet sie f\u00fcr pro clima. Ihr Wissen zu effektiver Kommunikation gibt sie in Seminaren, Artikeln und Vortr\u00e4gen weiter. F\u00fcr den pro clima Blog, proclima.tv und das pro clima Bauradio interviewt sie interessante Menschen aus der Baubranche. Auf\u00a0 luftdichtheit-gepr\u00fcft.de bloggt Heide \u00fcber Leckagen, Luftdichtung und Qualit\u00e4ts\u00fcberpr\u00fcfung mit Blower-Door-Tests. Ihre Freizeit verbringt sie u.a. in den Vogesen, wo sie seit mehr als f\u00fcnf Jahren ein altes Bauernhaus saniert. Ihr neuestes Projekt:\u00a0 www.besser-als-marketing.de Hier gibt es Tipps, wie Unternehmen in der Baubranche ihre Sichtbarkeit erh\u00f6hen k\u00f6nnen. Die ersten Videos sind bereits online im Youtube Channel Wer mehr \u00fcber Heide Merkel erfahren m\u00f6chte, findet sie auf den g\u00e4ngigen Social Media Plattformen.","url":"https:\/\/blog.proclima.com\/de\/author\/gentner\/"}]}},"canto_acf_fields":"","_links":{"self":[{"href":"https:\/\/blog.proclima.com\/de\/wp-json\/wp\/v2\/posts\/4910","targetHints":{"allow":["GET"]}}],"collection":[{"href":"https:\/\/blog.proclima.com\/de\/wp-json\/wp\/v2\/posts"}],"about":[{"href":"https:\/\/blog.proclima.com\/de\/wp-json\/wp\/v2\/types\/post"}],"author":[{"embeddable":true,"href":"https:\/\/blog.proclima.com\/de\/wp-json\/wp\/v2\/users\/18"}],"replies":[{"embeddable":true,"href":"https:\/\/blog.proclima.com\/de\/wp-json\/wp\/v2\/comments?post=4910"}],"version-history":[{"count":4,"href":"https:\/\/blog.proclima.com\/de\/wp-json\/wp\/v2\/posts\/4910\/revisions"}],"predecessor-version":[{"id":4915,"href":"https:\/\/blog.proclima.com\/de\/wp-json\/wp\/v2\/posts\/4910\/revisions\/4915"}],"wp:attachment":[{"href":"https:\/\/blog.proclima.com\/de\/wp-json\/wp\/v2\/media?parent=4910"}],"wp:term":[{"taxonomy":"category","embeddable":true,"href":"https:\/\/blog.proclima.com\/de\/wp-json\/wp\/v2\/categories?post=4910"},{"taxonomy":"post_tag","embeddable":true,"href":"https:\/\/blog.proclima.com\/de\/wp-json\/wp\/v2\/tags?post=4910"}],"curies":[{"name":"wp","href":"https:\/\/api.w.org\/{rel}","templated":true}]}}