
{"id":4734,"date":"2015-07-13T14:19:21","date_gmt":"2015-07-13T12:19:21","guid":{"rendered":"http:\/\/blog.proclima.com\/de\/?p=4734"},"modified":"2017-10-11T20:39:45","modified_gmt":"2017-10-11T18:39:45","slug":"bauslam-2015-feedback","status":"publish","type":"post","link":"https:\/\/blog.proclima.com\/de\/2015\/07\/bauslam-2015-feedback\/","title":{"rendered":"6 Bauvortr\u00e4ge an einem Abend: So f\u00fchlte sich der 1. Bauslam an"},"content":{"rendered":"<p><a href=\"https:\/\/blog.proclima.com\/de\/files\/2015\/07\/2015_06_Bauslam_Abend145.jpg\"><img loading=\"lazy\" decoding=\"async\" class=\"alignright wp-image-4742 size-medium\" src=\"https:\/\/blog.proclima.com\/de\/files\/2015\/07\/2015_06_Bauslam_Abend145-300x200.jpg\" alt=\"2015_06_Bauslam_Abend145\" width=\"300\" height=\"200\" srcset=\"https:\/\/blog.proclima.com\/de\/files\/2015\/07\/2015_06_Bauslam_Abend145-300x200.jpg 300w, https:\/\/blog.proclima.com\/de\/files\/2015\/07\/2015_06_Bauslam_Abend145-1024x683.jpg 1024w, https:\/\/blog.proclima.com\/de\/files\/2015\/07\/2015_06_Bauslam_Abend145-768x513.jpg 768w, https:\/\/blog.proclima.com\/de\/files\/2015\/07\/2015_06_Bauslam_Abend145-1536x1025.jpg 1536w, https:\/\/blog.proclima.com\/de\/files\/2015\/07\/2015_06_Bauslam_Abend145-2048x1367.jpg 2048w, https:\/\/blog.proclima.com\/de\/files\/2015\/07\/2015_06_Bauslam_Abend145-384x256.jpg 384w\" sizes=\"auto, (max-width: 300px) 100vw, 300px\" \/><\/a>Zum 1. Bauslam in Schwetzingen sind mehr als 60 Teilnehmer angereist. Das Ziel der Veranstaltung war es, Bauwissen unterhaltsam zu vermitteln. Ob das geklappt hat und wie es sich angef\u00fchlt hat, wollten die pro clima Kollegen <a href=\"https:\/\/www.xing.com\/profile\/Julia_Metzger14\" target=\"_blank\" rel=\"noopener\">Julia Metzger<\/a>, <a href=\"https:\/\/www.xing.com\/profile\/Iris_Leber2\" target=\"_blank\" rel=\"noopener\">Iris Leber<\/a> und <a href=\"https:\/\/twitter.com\/lotharleber\" target=\"_blank\" rel=\"noopener\">Lothar Leber<\/a> wissen. Daher haben sie nach der Bauslam-Premiere Besucher und Referenten befragt. Hier ein paar der gesammelten R\u00fcckmeldungen.<\/p>\n<p>Dem H\u00e4ndler Rainer Amos von der Baustoff + Metall Handels GmbH aus Neckarsulm hat der Bauslam gefallen. Er sagte: \u201eAm interessantesten fand ich den Vortrag von Uwe Bartholom\u00e4i, da es f\u00fcr mich ein neues Thema war, was ich sehr ansprechend fand. Toll fand ich es auch, dass wir uns nach dem Bauslam in lockerer, legerer Atmosph\u00e4re au\u00dferhalb des stressigen Berufsalltags einmal in Ruhe mit uns bekannten pro clima Mitarbeitern unterhalten konnten. Es gef\u00e4llt mir, dass pro clima mit solchen Aktionen sein Interesse an uns Kunden zeigt. Bei einem zweiten Bauslam w\u00e4re ich wieder dabei.\u201c<\/p>\n<figure id=\"attachment_4750\" aria-describedby=\"caption-attachment-4750\" style=\"width: 584px\" class=\"wp-caption aligncenter\"><a href=\"https:\/\/blog.proclima.com\/de\/files\/2015\/07\/2015_06_Bauslam_Abend361.jpg\"><img loading=\"lazy\" decoding=\"async\" class=\"size-large wp-image-4750\" src=\"https:\/\/blog.proclima.com\/de\/files\/2015\/07\/2015_06_Bauslam_Abend361-683x1024.jpg\" alt=\"Energieberater J\u00fcrgen Eichhorn aus Mannheim. \" width=\"584\" height=\"876\" srcset=\"https:\/\/blog.proclima.com\/de\/files\/2015\/07\/2015_06_Bauslam_Abend361-683x1024.jpg 683w, https:\/\/blog.proclima.com\/de\/files\/2015\/07\/2015_06_Bauslam_Abend361-200x300.jpg 200w, https:\/\/blog.proclima.com\/de\/files\/2015\/07\/2015_06_Bauslam_Abend361-768x1151.jpg 768w, https:\/\/blog.proclima.com\/de\/files\/2015\/07\/2015_06_Bauslam_Abend361-1025x1536.jpg 1025w, https:\/\/blog.proclima.com\/de\/files\/2015\/07\/2015_06_Bauslam_Abend361-1367x2048.jpg 1367w, https:\/\/blog.proclima.com\/de\/files\/2015\/07\/2015_06_Bauslam_Abend361-256x384.jpg 256w, https:\/\/blog.proclima.com\/de\/files\/2015\/07\/2015_06_Bauslam_Abend361-scaled.jpg 1709w\" sizes=\"auto, (max-width: 584px) 100vw, 584px\" \/><\/a><figcaption id=\"caption-attachment-4750\" class=\"wp-caption-text\">Energieberater J\u00fcrgen Eichhorn aus Mannheim.<\/figcaption><\/figure>\n<p>Energieberater J\u00fcrgen Eichhorn aus Mannheim erz\u00e4hlte: \u201eDie Veranstaltung fand ich sehr positiv, pro clima wirkt sehr offen, freundlich und entspannt. F\u00fcr die Seminare interessiere ich mich sehr, da beispielsweise f\u00fcr \u201eSicher dichten\u201c auch acht dena Unterrichtseinheiten angerechnet werden k\u00f6nnen.\u201c<\/p>\n<figure id=\"attachment_4748\" aria-describedby=\"caption-attachment-4748\" style=\"width: 584px\" class=\"wp-caption aligncenter\"><a href=\"https:\/\/blog.proclima.com\/de\/files\/2015\/07\/2015_06_Bauslam_Abend359.jpg\"><img loading=\"lazy\" decoding=\"async\" class=\"wp-image-4748 size-large\" src=\"https:\/\/blog.proclima.com\/de\/files\/2015\/07\/2015_06_Bauslam_Abend359-1024x683.jpg\" alt=\"2015_06_Bauslam_Abend359\" width=\"584\" height=\"390\" srcset=\"https:\/\/blog.proclima.com\/de\/files\/2015\/07\/2015_06_Bauslam_Abend359-1024x683.jpg 1024w, https:\/\/blog.proclima.com\/de\/files\/2015\/07\/2015_06_Bauslam_Abend359-300x200.jpg 300w, https:\/\/blog.proclima.com\/de\/files\/2015\/07\/2015_06_Bauslam_Abend359-768x513.jpg 768w, https:\/\/blog.proclima.com\/de\/files\/2015\/07\/2015_06_Bauslam_Abend359-1536x1025.jpg 1536w, https:\/\/blog.proclima.com\/de\/files\/2015\/07\/2015_06_Bauslam_Abend359-2048x1367.jpg 2048w, https:\/\/blog.proclima.com\/de\/files\/2015\/07\/2015_06_Bauslam_Abend359-384x256.jpg 384w\" sizes=\"auto, (max-width: 584px) 100vw, 584px\" \/><\/a><figcaption id=\"caption-attachment-4748\" class=\"wp-caption-text\">Schornsteinfegermeister Thomas Faller kannte vor diesem Abend pro clima noch gar nicht und war begeistert vom Bauslam. Julia Metzger von pro clima interviewte Teilnehmer und Referenten.<\/figcaption><\/figure>\n<p>Auch der Schornsteinfegermeister Thomas Faller freute sich \u00fcber den Abend: \u201eVor dem Bauslam kannte ich pro clima noch gar nicht. Ich habe mich auf der Webseite des FLIB e.V. &#8211; dem Fachverband Luftdichtheit im Bauwesen &#8211; \u00fcber andere Unternehmen im Netzwerk aus meiner Umgebung informiert und bin dabei auf pro clima gesto\u00dfen. Dort habe ich dann den Hinweis auf den Bauslam gesehen und mich spontan angemeldet. Die Themen fand ich ziemlich ausf\u00fchrlich und anschaulich erkl\u00e4rt \u2013 und das in nur zehn Minuten. Jens-L\u00fcder Herms hat es mit seinen Spaghetti auf den Punkt getroffen und alle Themen haben sehr gut gepasst.\u201c<!--more--><\/p>\n<p>Der Energieberater Horst Seidenspinner war aus Lorch angereist, um das Experiment Bauslam mitzuerleben: \u201eIch fand die Veranstaltung klasse und die Themen breitgef\u00e4chert. Am meisten haben mich die Vortr\u00e4ge \u201eKlebstoffe\u201c von Jens-L\u00fcder Herms und \u201eRaumklima\u201c von Leo Morche angesprochen. Die Pr\u00e4sentation war super und das Hintergrundwissen zu den Themen wurde gut vermittelt. Ich w\u00fcrde gerne wieder kommen, wenn es einen zweiten Bauslam gibt.\u201c<br \/>\nMoritz Seifert ist Inhaber eines Architekturb\u00fcros und war aus Kernen angereist: \u201eIch kannte bisher keinen der Referenten pers\u00f6nlich und war super \u00fcberrascht, was f\u00fcr eine tolle Performance sie auf der B\u00fchne leisteten. Besonders gut fand ich den Auftritt von Leo Morche \u2013 mit den kreativen Zeichnungen \u00fcber das Raumklima. Sch\u00f6n war auch die Vielfalt der Themen an einem Abend. Alles in allem eine gute Idee und vor allem eine freundliche Atmosph\u00e4re.\u201c<\/p>\n<figure id=\"attachment_4747\" aria-describedby=\"caption-attachment-4747\" style=\"width: 584px\" class=\"wp-caption aligncenter\"><a href=\"https:\/\/blog.proclima.com\/de\/files\/2015\/07\/2015_06_Bauslam_Abend43.jpg\"><img loading=\"lazy\" decoding=\"async\" class=\"size-large wp-image-4747\" src=\"https:\/\/blog.proclima.com\/de\/files\/2015\/07\/2015_06_Bauslam_Abend43-1024x683.jpg\" alt=\"pro clima Gr\u00fcnder und Gesch\u00e4ftsf\u00fchrer Lothar Moll von MOLL bau\u00f6kologische Produkte GmbH.\" width=\"584\" height=\"390\" srcset=\"https:\/\/blog.proclima.com\/de\/files\/2015\/07\/2015_06_Bauslam_Abend43-1024x683.jpg 1024w, https:\/\/blog.proclima.com\/de\/files\/2015\/07\/2015_06_Bauslam_Abend43-300x200.jpg 300w, https:\/\/blog.proclima.com\/de\/files\/2015\/07\/2015_06_Bauslam_Abend43-768x513.jpg 768w, https:\/\/blog.proclima.com\/de\/files\/2015\/07\/2015_06_Bauslam_Abend43-1536x1025.jpg 1536w, https:\/\/blog.proclima.com\/de\/files\/2015\/07\/2015_06_Bauslam_Abend43-2048x1367.jpg 2048w, https:\/\/blog.proclima.com\/de\/files\/2015\/07\/2015_06_Bauslam_Abend43-384x256.jpg 384w\" sizes=\"auto, (max-width: 584px) 100vw, 584px\" \/><\/a><figcaption id=\"caption-attachment-4747\" class=\"wp-caption-text\">pro clima Gr\u00fcnder und Gesch\u00e4ftsf\u00fchrer Lothar Moll von MOLL bau\u00f6kologische Produkte GmbH.<\/figcaption><\/figure>\n<p>Auch Lothar Moll, pro clima Gr\u00fcnder und Gesch\u00e4ftsf\u00fchrer, sa\u00df im Publikum: \u201eDer Bauslam war eine neue, interessante Art Wissen zu vermitteln. Die gegebenen zehn Minuten f\u00fcr einen Vortrag k\u00f6nnen reichen, um ein Fachthema kompetent zu vermitteln; es ist eine Frage der Visualisierung, welche jeder Referent gut gemeistert hat. Vor 25 Jahren konnte ich mir ein Event mit so einer Performance nicht vorstellen. Ich bin sehr froh \u00fcber die Entwicklung der Firma, welche m\u00f6glich war, indem man Eigeninitiative in die Zukunft projiziert. Der Bauslam ist das Resultat der vielen proaktiven Potentiale von pro clima &#8211; die gemeinsam Neues schaffen, indem Kreativit\u00e4t bei pro clima umgesetzt werden kann.\u201c<\/p>\n<p>Architektin Sigrid Kornberger-Mehl, Gesch\u00e4ftsf\u00fchrerin von BAUdialog &#8211; Gutachten, Bauen, Sanieren, arbeitet schon l\u00e4nger mit pro clima zusammen und wollte sie sich daher auch das neue, innovative Projekt anschauen: &#8222;Der Bauslam war recht locker, kurzweilig. Die Themen waren sehr interessant.&#8220;<\/p>\n<figure id=\"attachment_4765\" aria-describedby=\"caption-attachment-4765\" style=\"width: 584px\" class=\"wp-caption aligncenter\"><a href=\"https:\/\/blog.proclima.com\/de\/files\/2015\/07\/2015_06_Bauslam_Abend306.jpg\"><img loading=\"lazy\" decoding=\"async\" class=\"size-large wp-image-4765\" src=\"https:\/\/blog.proclima.com\/de\/files\/2015\/07\/2015_06_Bauslam_Abend306-1024x683.jpg\" alt=\"Baubiologe J\u00f6rg-Michael Tappeser (links) mit pro clima Gesch\u00e4ftsf\u00fchrer Uwe Bartholom\u00e4i, der auch beim Bauslam angetreten ist. Sein Thema: \u00d6kobau am Ende? \" width=\"584\" height=\"390\" srcset=\"https:\/\/blog.proclima.com\/de\/files\/2015\/07\/2015_06_Bauslam_Abend306-1024x683.jpg 1024w, https:\/\/blog.proclima.com\/de\/files\/2015\/07\/2015_06_Bauslam_Abend306-300x200.jpg 300w, https:\/\/blog.proclima.com\/de\/files\/2015\/07\/2015_06_Bauslam_Abend306-768x513.jpg 768w, https:\/\/blog.proclima.com\/de\/files\/2015\/07\/2015_06_Bauslam_Abend306-1536x1025.jpg 1536w, https:\/\/blog.proclima.com\/de\/files\/2015\/07\/2015_06_Bauslam_Abend306-2048x1367.jpg 2048w, https:\/\/blog.proclima.com\/de\/files\/2015\/07\/2015_06_Bauslam_Abend306-384x256.jpg 384w\" sizes=\"auto, (max-width: 584px) 100vw, 584px\" \/><\/a><figcaption id=\"caption-attachment-4765\" class=\"wp-caption-text\">Baubiologe J\u00f6rg-Michael Tappeser (links) mit pro clima Gesch\u00e4ftsf\u00fchrer Uwe Bartholom\u00e4i, der auch beim Bauslam angetreten ist. <a href=\"https:\/\/youtu.be\/_2oRMiigirE?list=PLu-PcQTh51rvdbEmfsuiA5JKA6WXEzlft\" target=\"_blank\" rel=\"noopener\">Sein Thema: \u00d6kobau am Ende?<\/a><\/figcaption><\/figure>\n<p>J\u00f6rg-Michael Tappeser kennt als ehemaliger Mitarbeiter von pro clima und durch seine Arbeit als Baubiologe pro clima sehr gut: \u201eDie interessante Themenauswahl und der Unterhaltungswert heute Abend waren sehr gut. Das lag sicherlich auch an der Mischung der Referenten und der guten Chemie im Publikum.\u201c<\/p>\n<figure id=\"attachment_4767\" aria-describedby=\"caption-attachment-4767\" style=\"width: 584px\" class=\"wp-caption aligncenter\"><a href=\"https:\/\/blog.proclima.com\/de\/files\/2015\/07\/2015_06_Bauslam_Abend397.jpg\"><img loading=\"lazy\" decoding=\"async\" class=\"size-large wp-image-4767\" src=\"https:\/\/blog.proclima.com\/de\/files\/2015\/07\/2015_06_Bauslam_Abend397-1024x683.jpg\" alt=\"Rolf Thoma (links) und Malte Gerth. Malte half als Kameramann beim Bauslam-Abend mit. Der Bauslam wurde live ins Internet \u00fcbertragen. Alle Bauslam-Videos k\u00f6nnen auf proclima.tv angeschaut werden.\" width=\"584\" height=\"390\" srcset=\"https:\/\/blog.proclima.com\/de\/files\/2015\/07\/2015_06_Bauslam_Abend397-1024x683.jpg 1024w, https:\/\/blog.proclima.com\/de\/files\/2015\/07\/2015_06_Bauslam_Abend397-300x200.jpg 300w, https:\/\/blog.proclima.com\/de\/files\/2015\/07\/2015_06_Bauslam_Abend397-768x513.jpg 768w, https:\/\/blog.proclima.com\/de\/files\/2015\/07\/2015_06_Bauslam_Abend397-1536x1025.jpg 1536w, https:\/\/blog.proclima.com\/de\/files\/2015\/07\/2015_06_Bauslam_Abend397-2048x1367.jpg 2048w, https:\/\/blog.proclima.com\/de\/files\/2015\/07\/2015_06_Bauslam_Abend397-384x256.jpg 384w\" sizes=\"auto, (max-width: 584px) 100vw, 584px\" \/><\/a><figcaption id=\"caption-attachment-4767\" class=\"wp-caption-text\"><a href=\"http:\/\/rolf-thoma-btc.de\/\" target=\"_blank\" rel=\"noopener\">Rolf Thoma<\/a> (links) und Malte Gerth von der pro clima IT. Malte half als Kameramann beim Bauslam-Abend mit. Der Bauslam wurde live ins Internet \u00fcbertragen. Alle Bauslam-Videos k\u00f6nnen auf proclima.tv angeschaut werden. Rechts: Josef Pfaller, Gebietsvertretung S\u00fcd-Ost, war extra f\u00fcr die Bauslam-Premiere nach Schwetzingen gereist.<\/figcaption><\/figure>\n<p><a href=\"http:\/\/rolf-thoma-btc.de\/\" target=\"_blank\" rel=\"noopener\">Rolf Thoma <\/a>coacht regelm\u00e4\u00dfig die pro clima Referenten: \u201eIch hatte und habe auch noch viel mit den Referenten zu tun und kenne sie gut, doch \u00fcberrascht haben mich trotzdem alle aufs Neue. Vor allem die Darstellungen waren gut gew\u00e4hlt und interessant anzuschauen. Am meisten hat mir Jens-L\u00fcder Herms Art des Vortrags gefallen. Auch die Strichm\u00e4nnchen von Leo Morche waren sehr humorvoll gew\u00e4hlt. Ich freue mich schon auf das n\u00e4chste Event von pro clima.\u201c<\/p>\n<p><strong>Das sagen die Bauslam-Referenten<\/strong><\/p>\n<figure id=\"attachment_4753\" aria-describedby=\"caption-attachment-4753\" style=\"width: 584px\" class=\"wp-caption aligncenter\"><a href=\"https:\/\/blog.proclima.com\/de\/files\/2015\/07\/2015_06_Bauslam_Abend103.jpg\"><img loading=\"lazy\" decoding=\"async\" class=\"size-large wp-image-4753\" src=\"https:\/\/blog.proclima.com\/de\/files\/2015\/07\/2015_06_Bauslam_Abend103-1024x683.jpg\" alt=\"Stefan H\u00fcckst\u00e4dt von der pro clima Anwendungstechnik. Sein Bauslam-Thema: Diffusion.\" width=\"584\" height=\"390\" srcset=\"https:\/\/blog.proclima.com\/de\/files\/2015\/07\/2015_06_Bauslam_Abend103-1024x683.jpg 1024w, https:\/\/blog.proclima.com\/de\/files\/2015\/07\/2015_06_Bauslam_Abend103-300x200.jpg 300w, https:\/\/blog.proclima.com\/de\/files\/2015\/07\/2015_06_Bauslam_Abend103-768x513.jpg 768w, https:\/\/blog.proclima.com\/de\/files\/2015\/07\/2015_06_Bauslam_Abend103-1536x1025.jpg 1536w, https:\/\/blog.proclima.com\/de\/files\/2015\/07\/2015_06_Bauslam_Abend103-2048x1367.jpg 2048w, https:\/\/blog.proclima.com\/de\/files\/2015\/07\/2015_06_Bauslam_Abend103-384x256.jpg 384w\" sizes=\"auto, (max-width: 584px) 100vw, 584px\" \/><\/a><figcaption id=\"caption-attachment-4753\" class=\"wp-caption-text\">Stefan H\u00fcckst\u00e4dt von der pro clima Anwendungstechnik. Sein Bauslam-Thema: Diffusion.<\/figcaption><\/figure>\n<p>pro clima Bauslammer Stefan H\u00fcckst\u00e4dt war in der Nacht vorher aus seinem Urlaub zur\u00fcckgekehrt. Das Vortragsthema des Anwendungstechnikers war Diffusion: \u201eIch war etwas nerv\u00f6s vor meinen Vortrag. Durch meinen Urlaub konnte ich aber gar nicht viel planen und mich damit richtig nerv\u00f6s machen. Ich habe die gesamte Pr\u00e4sentation so richtig an einem Tag geplant, die grobe Idee stand aber schon l\u00e4nger. Das Publikum war toll, wenn auch anf\u00e4nglich etwas zur\u00fcckhaltend. Das lag vielleicht daran, dass sie noch nicht so richtig wussten, was sie beim Bauslam erwartet. Im Publikum ein paar ehemalige Seminarteilnehmer zu entdecken, fand ich auch toll.\u201c<\/p>\n<figure id=\"attachment_4740\" aria-describedby=\"caption-attachment-4740\" style=\"width: 584px\" class=\"wp-caption aligncenter\"><a href=\"https:\/\/blog.proclima.com\/de\/files\/2015\/07\/2015_06_Bauslam_Abend59.jpg\"><img loading=\"lazy\" decoding=\"async\" class=\"size-large wp-image-4740\" src=\"https:\/\/blog.proclima.com\/de\/files\/2015\/07\/2015_06_Bauslam_Abend59-1024x683.jpg\" alt=\"Bisher redet kaum jemand \u00fcber Manipulationen bei Blower-Door-Messungen. Bei Auftraggebern und Kontrolleuren herrscht jedoch eine gro\u00dfe Unsicherheit, ob eine Messung korrekt ausgef\u00fchrt wurde. Bauslammer Holger Merkel betitelte daher seinen Votrag mit &quot;Unzul\u00e4ssige Einflussnahme auf das Ergebnis einer Differenzdruckmessung&quot; und zog sich sicherheitshalber dieses T-Shirt an.\" width=\"584\" height=\"390\" srcset=\"https:\/\/blog.proclima.com\/de\/files\/2015\/07\/2015_06_Bauslam_Abend59-1024x683.jpg 1024w, https:\/\/blog.proclima.com\/de\/files\/2015\/07\/2015_06_Bauslam_Abend59-300x200.jpg 300w, https:\/\/blog.proclima.com\/de\/files\/2015\/07\/2015_06_Bauslam_Abend59-768x513.jpg 768w, https:\/\/blog.proclima.com\/de\/files\/2015\/07\/2015_06_Bauslam_Abend59-1536x1025.jpg 1536w, https:\/\/blog.proclima.com\/de\/files\/2015\/07\/2015_06_Bauslam_Abend59-2048x1367.jpg 2048w, https:\/\/blog.proclima.com\/de\/files\/2015\/07\/2015_06_Bauslam_Abend59-384x256.jpg 384w\" sizes=\"auto, (max-width: 584px) 100vw, 584px\" \/><\/a><figcaption id=\"caption-attachment-4740\" class=\"wp-caption-text\">Bisher redet kaum jemand \u00fcber Manipulationen bei Blower-Door-Messungen. Bei Auftraggebern und Kontrolleuren herrscht jedoch eine gro\u00dfe Unsicherheit, ob eine Messung korrekt ausgef\u00fchrt wurde. Bauslammer Holger Merkel betitelte daher seinen Votrag mit &#8222;Unzul\u00e4ssige Einflussnahme auf das Ergebnis einer Differenzdruckmessung&#8220; und zog sich sicherheitshalber dieses T-Shirt an.<\/figcaption><\/figure>\n<p>Holger Merkel, BlowerDoor-Referent und <a href=\"http:\/\/airtight-junkies.de\" target=\"_blank\" rel=\"noopener\">\u00fcberzeugter Luftdichtheitspr\u00fcfer<\/a> (<a href=\"http:\/\/airtight-junkies.de\" target=\"_blank\" rel=\"noopener\">http:\/\/airtight-junkies.de<\/a>) sprach \u00fcber Blower-Door-Manipulationen und hatte sich ein T-Shirt mit dem Titel &#8222;Nestbeschmutzer&#8220; angezogen: \u201eEs war gar nicht so einfach ein Thema auf zehn Minuten herunterzubrechen. Aber genau das hat Spa\u00df gemacht, weil es eine nicht allt\u00e4gliche Herausforderung war. Bauslam ist ein cooles Format. Ich habe das Thema Blower-Door-Manipulationen gew\u00e4hlt, weil ich immer wieder in meinen Seminaren darauf angesprochen werde, es jedoch kaum offizielle Informationen dazu gibt. Ich wollte zeigen, wie man als Gutachter oder Auftraggeber erkennt, dass eine Messung korrekt durchgef\u00fchrt wurde.\u201c<\/p>\n<figure id=\"attachment_4752\" aria-describedby=\"caption-attachment-4752\" style=\"width: 584px\" class=\"wp-caption aligncenter\"><a href=\"https:\/\/blog.proclima.com\/de\/files\/2015\/07\/2015_06_Bauslam_Abend183.jpg\"><img loading=\"lazy\" decoding=\"async\" class=\"size-large wp-image-4752\" src=\"https:\/\/blog.proclima.com\/de\/files\/2015\/07\/2015_06_Bauslam_Abend183-1024x683.jpg\" alt=\"Holger Merkel gibt auch Blower-Door-Seminare. Sein Vortrag besch\u00e4ftigte sich mit Blower-Door-Manipulationen.\" width=\"584\" height=\"390\" srcset=\"https:\/\/blog.proclima.com\/de\/files\/2015\/07\/2015_06_Bauslam_Abend183-1024x683.jpg 1024w, https:\/\/blog.proclima.com\/de\/files\/2015\/07\/2015_06_Bauslam_Abend183-300x200.jpg 300w, https:\/\/blog.proclima.com\/de\/files\/2015\/07\/2015_06_Bauslam_Abend183-768x513.jpg 768w, https:\/\/blog.proclima.com\/de\/files\/2015\/07\/2015_06_Bauslam_Abend183-1536x1025.jpg 1536w, https:\/\/blog.proclima.com\/de\/files\/2015\/07\/2015_06_Bauslam_Abend183-2048x1367.jpg 2048w, https:\/\/blog.proclima.com\/de\/files\/2015\/07\/2015_06_Bauslam_Abend183-384x256.jpg 384w\" sizes=\"auto, (max-width: 584px) 100vw, 584px\" \/><\/a><figcaption id=\"caption-attachment-4752\" class=\"wp-caption-text\">Holger Merkel gibt auch Blower-Door-Seminare. Sein Vortrag besch\u00e4ftigte sich mit Blower-Door-Manipulationen.<\/figcaption><\/figure>\n<p>Ingenieur Jens-L\u00fcder Herms, von der pro clima Forschung und Entwicklung, thematisierte Klebekraft und -techniken: &#8222;Der Bauslam war aufregend und spannend, es hat sehr viel Spa\u00df gemacht. Im Publikum habe ich einige bekannte und viele unbekannte Gesichter gesehen. Ich w\u00fcrde jederzeit wieder mitmachen. Das Format fordert eine intensive Vorbereitung, um komplexe Themen in kurzer Zeit entsprechend darstellen zu k\u00f6nnen. Ich war in letzter Zeit viel mit dem Auto unterwegs, die Zeit habe ich dann optimal f\u00fcr die Vorbereitung nutzen k\u00f6nnen.\u201c<\/p>\n<figure id=\"attachment_4757\" aria-describedby=\"caption-attachment-4757\" style=\"width: 584px\" class=\"wp-caption aligncenter\"><a href=\"https:\/\/blog.proclima.com\/de\/files\/2015\/07\/2015_06_Bauslam_Abend207.jpg\"><img loading=\"lazy\" decoding=\"async\" class=\"size-large wp-image-4757\" src=\"https:\/\/blog.proclima.com\/de\/files\/2015\/07\/2015_06_Bauslam_Abend207-1024x683.jpg\" alt=\"Jens L\u00fcder Herms ist Exportmanager und arbeitet intensiv in der pro clima Forschung und Entwicklung mit. Der Ingenieur w\u00e4hlte den Titel: Klebt es oder Klebt es nicht?\" width=\"584\" height=\"390\" srcset=\"https:\/\/blog.proclima.com\/de\/files\/2015\/07\/2015_06_Bauslam_Abend207-1024x683.jpg 1024w, https:\/\/blog.proclima.com\/de\/files\/2015\/07\/2015_06_Bauslam_Abend207-300x200.jpg 300w, https:\/\/blog.proclima.com\/de\/files\/2015\/07\/2015_06_Bauslam_Abend207-768x513.jpg 768w, https:\/\/blog.proclima.com\/de\/files\/2015\/07\/2015_06_Bauslam_Abend207-1536x1025.jpg 1536w, https:\/\/blog.proclima.com\/de\/files\/2015\/07\/2015_06_Bauslam_Abend207-2048x1367.jpg 2048w, https:\/\/blog.proclima.com\/de\/files\/2015\/07\/2015_06_Bauslam_Abend207-384x256.jpg 384w\" sizes=\"auto, (max-width: 584px) 100vw, 584px\" \/><\/a><figcaption id=\"caption-attachment-4757\" class=\"wp-caption-text\">Jens-L\u00fcder Herms ist Exportmanager und arbeitet intensiv in der pro clima Forschung und Entwicklung mit. Der Ingenieur w\u00e4hlte den Titel: Klebt es oder klebt es nicht?<\/figcaption><\/figure>\n<figure id=\"attachment_4759\" aria-describedby=\"caption-attachment-4759\" style=\"width: 584px\" class=\"wp-caption aligncenter\"><a href=\"https:\/\/blog.proclima.com\/de\/files\/2015\/07\/2015_06_Bauslam_Abend257.jpg\"><img loading=\"lazy\" decoding=\"async\" class=\"size-large wp-image-4759\" src=\"https:\/\/blog.proclima.com\/de\/files\/2015\/07\/2015_06_Bauslam_Abend257-1024x683.jpg\" alt=\"Holzbauingenieur Leo Morche sprach \u00fcber Faktoren, die das Raumklima beeinflussen. \" width=\"584\" height=\"390\" srcset=\"https:\/\/blog.proclima.com\/de\/files\/2015\/07\/2015_06_Bauslam_Abend257-1024x683.jpg 1024w, https:\/\/blog.proclima.com\/de\/files\/2015\/07\/2015_06_Bauslam_Abend257-300x200.jpg 300w, https:\/\/blog.proclima.com\/de\/files\/2015\/07\/2015_06_Bauslam_Abend257-768x513.jpg 768w, https:\/\/blog.proclima.com\/de\/files\/2015\/07\/2015_06_Bauslam_Abend257-1536x1025.jpg 1536w, https:\/\/blog.proclima.com\/de\/files\/2015\/07\/2015_06_Bauslam_Abend257-2048x1367.jpg 2048w, https:\/\/blog.proclima.com\/de\/files\/2015\/07\/2015_06_Bauslam_Abend257-384x256.jpg 384w\" sizes=\"auto, (max-width: 584px) 100vw, 584px\" \/><\/a><figcaption id=\"caption-attachment-4759\" class=\"wp-caption-text\">Holzbauingenieur Leo Morche sprach \u00fcber Faktoren, die das Raumklima beeinflussen.<\/figcaption><\/figure>\n<p>Holzbauingenieur Leo Morche hatte Spa\u00df, war jedoch vor seinem Bauslam-Auftritt auch aufgeregt. \u201eBauslam war eine Herausforderung, da ich ja ein Thema vorgestellt habe, das nicht unbedingt direkt mit der allt\u00e4glichen Arbeit von pro clima zu tun hat. Es war spannend vor Leuten zu sprechen, die sich f\u00fcr diese Veranstaltung angemeldet hatten, ohne dass sie schon eine Verbindung zu pro clima hatten. Das Publikum war ordentlich: Es ist sicherlich schwierig f\u00fcr die Zuh\u00f6rer, da sie in k\u00fcrzester Zeit sehr viel pr\u00e4sentiert bekommen. Da kann gegen Ende schon mal die Aufnahmekapazit\u00e4t leiden, dennoch waren die Leute aufmerksam und haben gut mitgemacht. Es war auf jeden Fall eine tolle Erfahrung und ein gutes Training. Stimmung, Raum, Ambiente, Leute, fand ich alles gut &#8211; nur ist Slammen eine komplett andere Art des Vortragens und das muss man auch erst lernen. Aber ich mag solche Situationen, deswegen w\u00fcrde ich beim n\u00e4chsten Mal auch wieder mitmachen.&#8220;<\/p>\n<figure id=\"attachment_4770\" aria-describedby=\"caption-attachment-4770\" style=\"width: 584px\" class=\"wp-caption aligncenter\"><a href=\"https:\/\/blog.proclima.com\/de\/files\/2015\/07\/2015_06_Bauslam_Abend264.jpg\"><img loading=\"lazy\" decoding=\"async\" class=\"size-large wp-image-4770\" src=\"https:\/\/blog.proclima.com\/de\/files\/2015\/07\/2015_06_Bauslam_Abend264-1024x683.jpg\" alt=\"Uwe Barthlom\u00e4i, pro clima Gesch\u00e4ftsf\u00fchrer, besch\u00e4ftigt sich schon seit mehr als 35 Jahren mit \u00f6kologischen Themen. \" width=\"584\" height=\"390\" srcset=\"https:\/\/blog.proclima.com\/de\/files\/2015\/07\/2015_06_Bauslam_Abend264-1024x683.jpg 1024w, https:\/\/blog.proclima.com\/de\/files\/2015\/07\/2015_06_Bauslam_Abend264-300x200.jpg 300w, https:\/\/blog.proclima.com\/de\/files\/2015\/07\/2015_06_Bauslam_Abend264-768x513.jpg 768w, https:\/\/blog.proclima.com\/de\/files\/2015\/07\/2015_06_Bauslam_Abend264-1536x1025.jpg 1536w, https:\/\/blog.proclima.com\/de\/files\/2015\/07\/2015_06_Bauslam_Abend264-2048x1367.jpg 2048w, https:\/\/blog.proclima.com\/de\/files\/2015\/07\/2015_06_Bauslam_Abend264-384x256.jpg 384w\" sizes=\"auto, (max-width: 584px) 100vw, 584px\" \/><\/a><figcaption id=\"caption-attachment-4770\" class=\"wp-caption-text\">Uwe Barthlom\u00e4i, pro clima Gesch\u00e4ftsf\u00fchrer, besch\u00e4ftigt sich schon seit mehr als 35 Jahren mit \u00f6kologischen Themen.<\/figcaption><\/figure>\n<p>pro clima Gesch\u00e4ftsf\u00fchrer Uwe Bartholom\u00e4i hat den Bauslam erst m\u00f6glich gemacht. Er hat den Initiatoren und Organisatoren Heide Gentner mit dem Medienteam komplette Freiheit gelassen: von der Idee bis zur Umsetzung. Zus\u00e4tzlich ist er auch als Bauslammer aufgetreten. Sein Vortragsthema \u201e\u00d6kobau am Ende?\u201c Nach den Vortr\u00e4gen sagte er: \u201eIch freue mich \u00fcber das innovative Projekt Bauslam. Ich kannte das Format Science Slam und war gespannt auf die pro clima Referenten. Die Veranstaltung war super, es herrschte eine tolle Dynamik mit vielen kompetenten Menschen. Dieses Format zeigt, dass pro clima den Mut hat, neue Ideen zu entwickeln und Wissen wirkungsvoll weiterzugeben.&#8220;<\/p>\n<figure id=\"attachment_4743\" aria-describedby=\"caption-attachment-4743\" style=\"width: 584px\" class=\"wp-caption aligncenter\"><a href=\"https:\/\/blog.proclima.com\/de\/files\/2015\/07\/2015_06_Bauslam_Abend321.jpg\"><img loading=\"lazy\" decoding=\"async\" class=\"size-large wp-image-4743\" src=\"https:\/\/blog.proclima.com\/de\/files\/2015\/07\/2015_06_Bauslam_Abend321-1024x683.jpg\" alt=\"Iris Leber von pro clima interviewte Gesch\u00e4ftsf\u00fchrer Uwe Bartholom\u00e4i nach seinem Bauslam-Auftritt.\" width=\"584\" height=\"390\" srcset=\"https:\/\/blog.proclima.com\/de\/files\/2015\/07\/2015_06_Bauslam_Abend321-1024x683.jpg 1024w, https:\/\/blog.proclima.com\/de\/files\/2015\/07\/2015_06_Bauslam_Abend321-300x200.jpg 300w, https:\/\/blog.proclima.com\/de\/files\/2015\/07\/2015_06_Bauslam_Abend321-768x513.jpg 768w, https:\/\/blog.proclima.com\/de\/files\/2015\/07\/2015_06_Bauslam_Abend321-1536x1025.jpg 1536w, https:\/\/blog.proclima.com\/de\/files\/2015\/07\/2015_06_Bauslam_Abend321-2048x1367.jpg 2048w, https:\/\/blog.proclima.com\/de\/files\/2015\/07\/2015_06_Bauslam_Abend321-384x256.jpg 384w\" sizes=\"auto, (max-width: 584px) 100vw, 584px\" \/><\/a><figcaption id=\"caption-attachment-4743\" class=\"wp-caption-text\">Iris Leber von pro clima interviewte Gesch\u00e4ftsf\u00fchrer Uwe Bartholom\u00e4i nach seinem Bauslam-Auftritt.<\/figcaption><\/figure>\n<figure id=\"attachment_4754\" aria-describedby=\"caption-attachment-4754\" style=\"width: 584px\" class=\"wp-caption aligncenter\"><a href=\"https:\/\/blog.proclima.com\/de\/files\/2015\/07\/2015_06_Bauslam_Abend62.jpg\"><img loading=\"lazy\" decoding=\"async\" class=\"size-large wp-image-4754\" src=\"https:\/\/blog.proclima.com\/de\/files\/2015\/07\/2015_06_Bauslam_Abend62-1024x683.jpg\" alt=\"Bauschadensfreiheitspotenzial - was hinter dieser Idee steckt, erkl\u00e4rte der Leiter der Anwendungstechniker Michael F\u00f6rster in 10 Minuten.\" width=\"584\" height=\"390\" srcset=\"https:\/\/blog.proclima.com\/de\/files\/2015\/07\/2015_06_Bauslam_Abend62-1024x683.jpg 1024w, https:\/\/blog.proclima.com\/de\/files\/2015\/07\/2015_06_Bauslam_Abend62-300x200.jpg 300w, https:\/\/blog.proclima.com\/de\/files\/2015\/07\/2015_06_Bauslam_Abend62-768x513.jpg 768w, https:\/\/blog.proclima.com\/de\/files\/2015\/07\/2015_06_Bauslam_Abend62-1536x1025.jpg 1536w, https:\/\/blog.proclima.com\/de\/files\/2015\/07\/2015_06_Bauslam_Abend62-2048x1367.jpg 2048w, https:\/\/blog.proclima.com\/de\/files\/2015\/07\/2015_06_Bauslam_Abend62-384x256.jpg 384w\" sizes=\"auto, (max-width: 584px) 100vw, 584px\" \/><\/a><figcaption id=\"caption-attachment-4754\" class=\"wp-caption-text\">Bauschadensfreiheitspotenzial &#8211; was hinter dieser Idee steckt, erkl\u00e4rte, der Leiter der Anwendungstechnik, Michael F\u00f6rster in 10 Minuten.<\/figcaption><\/figure>\n<p>Michael F\u00f6rster, Leiter der Anwendungstechnik, besch\u00e4ftigt sich t\u00e4glich mit bauphysikalischen Zusammenh\u00e4ngen und hat auch mehrere Studien dazu verfasst: \u201eDas Thema Bauschadensfreiheitspotenzial auf 10 Minuten zu komprimieren; auf diese Idee w\u00e4re ich nicht von selbst gekommen. Unsere Studie mit demselben Titel erstreckt sich \u00fcber mehrere Seiten. Dennoch war es spannend, sich zu \u00fcberlegen, was die Zuh\u00f6rer an dem Thema interessieren k\u00f6nnte und die wichtigsten Punkte herauszupicken. Bauphysik ist ein sehr faktenreiches, trockenes Themengebiet \u2013 es war sch\u00f6n zu sehen, dass das Publikum w\u00e4hrend meines Auftritts trotzdem gelacht hat und Teilnehmer hinterher gesagt haben, dass es sie nun endlich verstanden haben, wie viel hinter dem Begriff Bauschadensfreiheitspotenzial steckt.<\/p>\n<p>Alle Bauslam-Vortr\u00e4ge k\u00f6nnen hier angeschaut werden: <a href=\"http:\/\/procli.ma\/nrpu\" target=\"_blank\" rel=\"noopener\">http:\/\/procli.ma\/nrpu<br \/>\n<\/a><a href=\"http:\/\/procli.ma\/nrpu\" target=\"_blank\" rel=\"noopener\"><img loading=\"lazy\" decoding=\"async\" data-size=\"3036x1488\" class=\"aligncenter size-large wp-image-4763\" src=\"https:\/\/blog.proclima.com\/de\/files\/2015\/07\/Bildschirmfoto-2015-07-13-um-13.11.19-1024x502.png\" alt=\"Bildschirmfoto 2015-07-13 um 13.11.19\" width=\"584\" height=\"286\" srcset=\"https:\/\/blog.proclima.com\/de\/files\/2015\/07\/Bildschirmfoto-2015-07-13-um-13.11.19-1024x502.png 1024w, https:\/\/blog.proclima.com\/de\/files\/2015\/07\/Bildschirmfoto-2015-07-13-um-13.11.19-300x147.png 300w, https:\/\/blog.proclima.com\/de\/files\/2015\/07\/Bildschirmfoto-2015-07-13-um-13.11.19-768x376.png 768w, https:\/\/blog.proclima.com\/de\/files\/2015\/07\/Bildschirmfoto-2015-07-13-um-13.11.19-1536x753.png 1536w, https:\/\/blog.proclima.com\/de\/files\/2015\/07\/Bildschirmfoto-2015-07-13-um-13.11.19-2048x1004.png 2048w, https:\/\/blog.proclima.com\/de\/files\/2015\/07\/Bildschirmfoto-2015-07-13-um-13.11.19-384x188.png 384w\" sizes=\"auto, (max-width: 584px) 100vw, 584px\" \/><\/a><\/p>\n<p>Festgehaltene Augeblicke des Bauslam-Abends auf <a href=\"https:\/\/www.flickr.com\/photos\/proclima\/sets\/72157652956887373\" target=\"_blank\" rel=\"noopener\">flickr &#8211; zum Anschauen und Herunterladen.<\/a><br \/>\n<a href=\"http:\/\/procli.ma\/nrpu\" target=\"_blank\" rel=\"noopener\"><br \/>\n<\/a>Die Bauslam-Referenten halten auch regelm\u00e4\u00dfig pro clima Seminare. Alle Themen, Termine und Orte auf einen Blick: <a href=\"https:\/\/de.proclima.com\/service\/seminare\" target=\"_blank\" rel=\"noopener\">https:\/\/de.proclima.com\/service\/seminare<br \/>\n<\/a><a href=\"https:\/\/de.proclima.com\/service\/seminare\" target=\"_blank\" rel=\"noopener\"><img loading=\"lazy\" decoding=\"async\" data-size=\"1732x2162\" class=\"aligncenter size-large wp-image-4762\" src=\"https:\/\/blog.proclima.com\/de\/files\/2015\/07\/Bildschirmfoto-2015-07-13-um-13.10.56-820x1024.png\" alt=\"Bildschirmfoto 2015-07-13 um 13.10.56\" width=\"584\" height=\"729\" srcset=\"https:\/\/blog.proclima.com\/de\/files\/2015\/07\/Bildschirmfoto-2015-07-13-um-13.10.56-820x1024.png 820w, https:\/\/blog.proclima.com\/de\/files\/2015\/07\/Bildschirmfoto-2015-07-13-um-13.10.56-240x300.png 240w, https:\/\/blog.proclima.com\/de\/files\/2015\/07\/Bildschirmfoto-2015-07-13-um-13.10.56-768x959.png 768w, https:\/\/blog.proclima.com\/de\/files\/2015\/07\/Bildschirmfoto-2015-07-13-um-13.10.56-1231x1536.png 1231w, https:\/\/blog.proclima.com\/de\/files\/2015\/07\/Bildschirmfoto-2015-07-13-um-13.10.56-1641x2048.png 1641w, https:\/\/blog.proclima.com\/de\/files\/2015\/07\/Bildschirmfoto-2015-07-13-um-13.10.56-308x384.png 308w, https:\/\/blog.proclima.com\/de\/files\/2015\/07\/Bildschirmfoto-2015-07-13-um-13.10.56.png 1732w\" sizes=\"auto, (max-width: 584px) 100vw, 584px\" \/><\/a><\/p>\n","protected":false},"excerpt":{"rendered":"<p>Zum 1. Bauslam in Schwetzingen sind mehr als 60 Teilnehmer angereist. Das Ziel der Veranstaltung war es, Bauwissen unterhaltsam zu vermitteln. Ob das geklappt hat <a href=\"https:\/\/blog.proclima.com\/de\/2015\/07\/bauslam-2015-feedback\/\" rel=\"bookmark\">&#8230;<\/a><\/p>\n","protected":false},"author":18,"featured_media":0,"comment_status":"open","ping_status":"open","sticky":false,"template":"","format":"standard","meta":{"footnotes":""},"categories":[448,3],"tags":[16,863,691,868,263,684,133,499,144,126,864,542],"class_list":["post-4734","post","type-post","status-publish","format-standard","hentry","category-pro-clima-tv","category-veranstaltung","tag-bauphysik","tag-bauslam","tag-blower-door-2","tag-diffusion","tag-holger-merkel","tag-jens-lueder-herms","tag-leo-morche","tag-leonhard-morche","tag-lothar-moll","tag-michael-forster","tag-oekobau","tag-stefan-huckstadt"],"yoast_head":"<!-- This site is optimized with the Yoast SEO plugin v27.5 - https:\/\/yoast.com\/product\/yoast-seo-wordpress\/ -->\n<title>6 Bauvortr\u00e4ge an einem Abend: So f\u00fchlte sich der 1. Bauslam an &#187; pro clima Blog - Deutschland<\/title>\n<meta name=\"robots\" content=\"index, follow, max-snippet:-1, max-image-preview:large, max-video-preview:-1\" \/>\n<link rel=\"canonical\" href=\"https:\/\/blog.proclima.com\/de\/2015\/07\/bauslam-2015-feedback\/\" \/>\n<meta property=\"og:locale\" content=\"de_DE\" \/>\n<meta property=\"og:type\" content=\"article\" \/>\n<meta property=\"og:title\" content=\"6 Bauvortr\u00e4ge an einem Abend: So f\u00fchlte sich der 1. Bauslam an &#187; pro clima Blog - Deutschland\" \/>\n<meta property=\"og:description\" content=\"Zum 1. Bauslam in Schwetzingen sind mehr als 60 Teilnehmer angereist. Das Ziel der Veranstaltung war es, Bauwissen unterhaltsam zu vermitteln. Ob das geklappt hat ...\" \/>\n<meta property=\"og:url\" content=\"https:\/\/blog.proclima.com\/de\/2015\/07\/bauslam-2015-feedback\/\" \/>\n<meta property=\"og:site_name\" content=\"pro clima Blog - Deutschland\" \/>\n<meta property=\"article:publisher\" content=\"https:\/\/www.facebook.com\/proclima\" \/>\n<meta property=\"article:published_time\" content=\"2015-07-13T12:19:21+00:00\" \/>\n<meta property=\"article:modified_time\" content=\"2017-10-11T18:39:45+00:00\" \/>\n<meta property=\"og:image\" content=\"https:\/\/blog.proclima.com\/de\/files\/2015\/07\/2015_06_Bauslam_Abend145-scaled.jpg\" \/>\n\t<meta property=\"og:image:width\" content=\"2560\" \/>\n\t<meta property=\"og:image:height\" content=\"1709\" \/>\n\t<meta property=\"og:image:type\" content=\"image\/jpeg\" \/>\n<meta name=\"author\" content=\"Heide Merkel\" \/>\n<meta name=\"twitter:card\" content=\"summary_large_image\" \/>\n<meta name=\"twitter:creator\" content=\"@proclimaDE\" \/>\n<meta name=\"twitter:site\" content=\"@proclimaDE\" \/>\n<meta name=\"twitter:label1\" content=\"Verfasst von\" \/>\n\t<meta name=\"twitter:data1\" content=\"Heide Merkel\" \/>\n\t<meta name=\"twitter:label2\" content=\"Gesch\u00e4tzte Lesezeit\" \/>\n\t<meta name=\"twitter:data2\" content=\"9\u00a0Minuten\" \/>\n<script type=\"application\/ld+json\" class=\"yoast-schema-graph\">{\"@context\":\"https:\\\/\\\/schema.org\",\"@graph\":[{\"@type\":\"Article\",\"@id\":\"https:\\\/\\\/blog.proclima.com\\\/de\\\/2015\\\/07\\\/bauslam-2015-feedback\\\/#article\",\"isPartOf\":{\"@id\":\"https:\\\/\\\/blog.proclima.com\\\/de\\\/2015\\\/07\\\/bauslam-2015-feedback\\\/\"},\"author\":{\"name\":\"Heide Merkel\",\"@id\":\"https:\\\/\\\/blog.proclima.com\\\/de\\\/#\\\/schema\\\/person\\\/b3490e20200d5d45b8d56f555ceffc21\"},\"headline\":\"6 Bauvortr\u00e4ge an einem Abend: So f\u00fchlte sich der 1. Bauslam an\",\"datePublished\":\"2015-07-13T12:19:21+00:00\",\"dateModified\":\"2017-10-11T18:39:45+00:00\",\"mainEntityOfPage\":{\"@id\":\"https:\\\/\\\/blog.proclima.com\\\/de\\\/2015\\\/07\\\/bauslam-2015-feedback\\\/\"},\"wordCount\":1831,\"commentCount\":2,\"publisher\":{\"@id\":\"https:\\\/\\\/blog.proclima.com\\\/de\\\/#organization\"},\"image\":{\"@id\":\"https:\\\/\\\/blog.proclima.com\\\/de\\\/2015\\\/07\\\/bauslam-2015-feedback\\\/#primaryimage\"},\"thumbnailUrl\":\"https:\\\/\\\/blog.proclima.com\\\/de\\\/files\\\/2015\\\/07\\\/2015_06_Bauslam_Abend145-300x200.jpg\",\"keywords\":[\"Bauphysik\",\"Bauslam\",\"Blower-Door\",\"Diffusion\",\"Holger Merkel\",\"Jens L\u00fcder Herms\",\"Leo Morche\",\"Leonhard Morche\",\"Lothar Moll\",\"Michael F\u00f6rster\",\"\u00d6kobau\",\"Stefan H\u00fcckst\u00e4dt\"],\"articleSection\":[\"proclima.TV\",\"Veranstaltung\"],\"inLanguage\":\"de\",\"potentialAction\":[{\"@type\":\"CommentAction\",\"name\":\"Comment\",\"target\":[\"https:\\\/\\\/blog.proclima.com\\\/de\\\/2015\\\/07\\\/bauslam-2015-feedback\\\/#respond\"]}]},{\"@type\":\"WebPage\",\"@id\":\"https:\\\/\\\/blog.proclima.com\\\/de\\\/2015\\\/07\\\/bauslam-2015-feedback\\\/\",\"url\":\"https:\\\/\\\/blog.proclima.com\\\/de\\\/2015\\\/07\\\/bauslam-2015-feedback\\\/\",\"name\":\"6 Bauvortr\u00e4ge an einem Abend: So f\u00fchlte sich der 1. Bauslam an &#187; pro clima Blog - Deutschland\",\"isPartOf\":{\"@id\":\"https:\\\/\\\/blog.proclima.com\\\/de\\\/#website\"},\"primaryImageOfPage\":{\"@id\":\"https:\\\/\\\/blog.proclima.com\\\/de\\\/2015\\\/07\\\/bauslam-2015-feedback\\\/#primaryimage\"},\"image\":{\"@id\":\"https:\\\/\\\/blog.proclima.com\\\/de\\\/2015\\\/07\\\/bauslam-2015-feedback\\\/#primaryimage\"},\"thumbnailUrl\":\"https:\\\/\\\/blog.proclima.com\\\/de\\\/files\\\/2015\\\/07\\\/2015_06_Bauslam_Abend145-300x200.jpg\",\"datePublished\":\"2015-07-13T12:19:21+00:00\",\"dateModified\":\"2017-10-11T18:39:45+00:00\",\"breadcrumb\":{\"@id\":\"https:\\\/\\\/blog.proclima.com\\\/de\\\/2015\\\/07\\\/bauslam-2015-feedback\\\/#breadcrumb\"},\"inLanguage\":\"de\",\"potentialAction\":[{\"@type\":\"ReadAction\",\"target\":[\"https:\\\/\\\/blog.proclima.com\\\/de\\\/2015\\\/07\\\/bauslam-2015-feedback\\\/\"]}]},{\"@type\":\"ImageObject\",\"inLanguage\":\"de\",\"@id\":\"https:\\\/\\\/blog.proclima.com\\\/de\\\/2015\\\/07\\\/bauslam-2015-feedback\\\/#primaryimage\",\"url\":\"https:\\\/\\\/blog.proclima.com\\\/de\\\/files\\\/2015\\\/07\\\/2015_06_Bauslam_Abend145-scaled.jpg\",\"contentUrl\":\"https:\\\/\\\/blog.proclima.com\\\/de\\\/files\\\/2015\\\/07\\\/2015_06_Bauslam_Abend145-scaled.jpg\",\"width\":2560,\"height\":1709},{\"@type\":\"BreadcrumbList\",\"@id\":\"https:\\\/\\\/blog.proclima.com\\\/de\\\/2015\\\/07\\\/bauslam-2015-feedback\\\/#breadcrumb\",\"itemListElement\":[{\"@type\":\"ListItem\",\"position\":1,\"name\":\"Startseite\",\"item\":\"https:\\\/\\\/blog.proclima.com\\\/de\\\/\"},{\"@type\":\"ListItem\",\"position\":2,\"name\":\"6 Bauvortr\u00e4ge an einem Abend: So f\u00fchlte sich der 1. Bauslam an\"}]},{\"@type\":\"WebSite\",\"@id\":\"https:\\\/\\\/blog.proclima.com\\\/de\\\/#website\",\"url\":\"https:\\\/\\\/blog.proclima.com\\\/de\\\/\",\"name\":\"pro clima Blog - Deutschland\",\"description\":\"alles was pro clima bewegt\",\"publisher\":{\"@id\":\"https:\\\/\\\/blog.proclima.com\\\/de\\\/#organization\"},\"potentialAction\":[{\"@type\":\"SearchAction\",\"target\":{\"@type\":\"EntryPoint\",\"urlTemplate\":\"https:\\\/\\\/blog.proclima.com\\\/de\\\/?s={search_term_string}\"},\"query-input\":{\"@type\":\"PropertyValueSpecification\",\"valueRequired\":true,\"valueName\":\"search_term_string\"}}],\"inLanguage\":\"de\"},{\"@type\":\"Organization\",\"@id\":\"https:\\\/\\\/blog.proclima.com\\\/de\\\/#organization\",\"name\":\"pro clima - Moll bau\u00f6kologische Produkte GmbH\",\"url\":\"https:\\\/\\\/blog.proclima.com\\\/de\\\/\",\"logo\":{\"@type\":\"ImageObject\",\"inLanguage\":\"de\",\"@id\":\"https:\\\/\\\/blog.proclima.com\\\/de\\\/#\\\/schema\\\/logo\\\/image\\\/\",\"url\":\"https:\\\/\\\/blog.proclima.com\\\/de\\\/files\\\/2020\\\/04\\\/Logo-pro-clima.png\",\"contentUrl\":\"https:\\\/\\\/blog.proclima.com\\\/de\\\/files\\\/2020\\\/04\\\/Logo-pro-clima.png\",\"width\":4210,\"height\":4881,\"caption\":\"pro clima - Moll bau\u00f6kologische Produkte GmbH\"},\"image\":{\"@id\":\"https:\\\/\\\/blog.proclima.com\\\/de\\\/#\\\/schema\\\/logo\\\/image\\\/\"},\"sameAs\":[\"https:\\\/\\\/www.facebook.com\\\/proclima\",\"https:\\\/\\\/x.com\\\/proclimaDE\"]},{\"@type\":\"Person\",\"@id\":\"https:\\\/\\\/blog.proclima.com\\\/de\\\/#\\\/schema\\\/person\\\/b3490e20200d5d45b8d56f555ceffc21\",\"name\":\"Heide Merkel\",\"description\":\"Fachjournalistin, Referentin, Steuerung Presse &amp; Digitale Medien bei Moll bau\u00f6kologische Produkte GmbH (pro clima). Als Japanologin und ausgebildete Redakteurin ist Heide eher zuf\u00e4llig in der Baubranche gelandet. Seit 2011 arbeitet sie f\u00fcr pro clima. Ihr Wissen zu effektiver Kommunikation gibt sie in Seminaren, Artikeln und Vortr\u00e4gen weiter. F\u00fcr den pro clima Blog, proclima.tv und das pro clima Bauradio interviewt sie interessante Menschen aus der Baubranche. Auf\u00a0 luftdichtheit-gepr\u00fcft.de bloggt Heide \u00fcber Leckagen, Luftdichtung und Qualit\u00e4ts\u00fcberpr\u00fcfung mit Blower-Door-Tests. Ihre Freizeit verbringt sie u.a. in den Vogesen, wo sie seit mehr als f\u00fcnf Jahren ein altes Bauernhaus saniert. Ihr neuestes Projekt:\u00a0 www.besser-als-marketing.de Hier gibt es Tipps, wie Unternehmen in der Baubranche ihre Sichtbarkeit erh\u00f6hen k\u00f6nnen. Die ersten Videos sind bereits online im Youtube Channel Wer mehr \u00fcber Heide Merkel erfahren m\u00f6chte, findet sie auf den g\u00e4ngigen Social Media Plattformen.\",\"url\":\"https:\\\/\\\/blog.proclima.com\\\/de\\\/author\\\/gentner\\\/\"}]}<\/script>\n<!-- \/ Yoast SEO plugin. -->","yoast_head_json":{"title":"6 Bauvortr\u00e4ge an einem Abend: So f\u00fchlte sich der 1. Bauslam an &#187; pro clima Blog - Deutschland","robots":{"index":"index","follow":"follow","max-snippet":"max-snippet:-1","max-image-preview":"max-image-preview:large","max-video-preview":"max-video-preview:-1"},"canonical":"https:\/\/blog.proclima.com\/de\/2015\/07\/bauslam-2015-feedback\/","og_locale":"de_DE","og_type":"article","og_title":"6 Bauvortr\u00e4ge an einem Abend: So f\u00fchlte sich der 1. Bauslam an &#187; pro clima Blog - Deutschland","og_description":"Zum 1. Bauslam in Schwetzingen sind mehr als 60 Teilnehmer angereist. Das Ziel der Veranstaltung war es, Bauwissen unterhaltsam zu vermitteln. Ob das geklappt hat ...","og_url":"https:\/\/blog.proclima.com\/de\/2015\/07\/bauslam-2015-feedback\/","og_site_name":"pro clima Blog - Deutschland","article_publisher":"https:\/\/www.facebook.com\/proclima","article_published_time":"2015-07-13T12:19:21+00:00","article_modified_time":"2017-10-11T18:39:45+00:00","og_image":[{"width":2560,"height":1709,"url":"https:\/\/blog.proclima.com\/de\/files\/2015\/07\/2015_06_Bauslam_Abend145-scaled.jpg","type":"image\/jpeg"}],"author":"Heide Merkel","twitter_card":"summary_large_image","twitter_creator":"@proclimaDE","twitter_site":"@proclimaDE","twitter_misc":{"Verfasst von":"Heide Merkel","Gesch\u00e4tzte Lesezeit":"9\u00a0Minuten"},"schema":{"@context":"https:\/\/schema.org","@graph":[{"@type":"Article","@id":"https:\/\/blog.proclima.com\/de\/2015\/07\/bauslam-2015-feedback\/#article","isPartOf":{"@id":"https:\/\/blog.proclima.com\/de\/2015\/07\/bauslam-2015-feedback\/"},"author":{"name":"Heide Merkel","@id":"https:\/\/blog.proclima.com\/de\/#\/schema\/person\/b3490e20200d5d45b8d56f555ceffc21"},"headline":"6 Bauvortr\u00e4ge an einem Abend: So f\u00fchlte sich der 1. Bauslam an","datePublished":"2015-07-13T12:19:21+00:00","dateModified":"2017-10-11T18:39:45+00:00","mainEntityOfPage":{"@id":"https:\/\/blog.proclima.com\/de\/2015\/07\/bauslam-2015-feedback\/"},"wordCount":1831,"commentCount":2,"publisher":{"@id":"https:\/\/blog.proclima.com\/de\/#organization"},"image":{"@id":"https:\/\/blog.proclima.com\/de\/2015\/07\/bauslam-2015-feedback\/#primaryimage"},"thumbnailUrl":"https:\/\/blog.proclima.com\/de\/files\/2015\/07\/2015_06_Bauslam_Abend145-300x200.jpg","keywords":["Bauphysik","Bauslam","Blower-Door","Diffusion","Holger Merkel","Jens L\u00fcder Herms","Leo Morche","Leonhard Morche","Lothar Moll","Michael F\u00f6rster","\u00d6kobau","Stefan H\u00fcckst\u00e4dt"],"articleSection":["proclima.TV","Veranstaltung"],"inLanguage":"de","potentialAction":[{"@type":"CommentAction","name":"Comment","target":["https:\/\/blog.proclima.com\/de\/2015\/07\/bauslam-2015-feedback\/#respond"]}]},{"@type":"WebPage","@id":"https:\/\/blog.proclima.com\/de\/2015\/07\/bauslam-2015-feedback\/","url":"https:\/\/blog.proclima.com\/de\/2015\/07\/bauslam-2015-feedback\/","name":"6 Bauvortr\u00e4ge an einem Abend: So f\u00fchlte sich der 1. Bauslam an &#187; pro clima Blog - Deutschland","isPartOf":{"@id":"https:\/\/blog.proclima.com\/de\/#website"},"primaryImageOfPage":{"@id":"https:\/\/blog.proclima.com\/de\/2015\/07\/bauslam-2015-feedback\/#primaryimage"},"image":{"@id":"https:\/\/blog.proclima.com\/de\/2015\/07\/bauslam-2015-feedback\/#primaryimage"},"thumbnailUrl":"https:\/\/blog.proclima.com\/de\/files\/2015\/07\/2015_06_Bauslam_Abend145-300x200.jpg","datePublished":"2015-07-13T12:19:21+00:00","dateModified":"2017-10-11T18:39:45+00:00","breadcrumb":{"@id":"https:\/\/blog.proclima.com\/de\/2015\/07\/bauslam-2015-feedback\/#breadcrumb"},"inLanguage":"de","potentialAction":[{"@type":"ReadAction","target":["https:\/\/blog.proclima.com\/de\/2015\/07\/bauslam-2015-feedback\/"]}]},{"@type":"ImageObject","inLanguage":"de","@id":"https:\/\/blog.proclima.com\/de\/2015\/07\/bauslam-2015-feedback\/#primaryimage","url":"https:\/\/blog.proclima.com\/de\/files\/2015\/07\/2015_06_Bauslam_Abend145-scaled.jpg","contentUrl":"https:\/\/blog.proclima.com\/de\/files\/2015\/07\/2015_06_Bauslam_Abend145-scaled.jpg","width":2560,"height":1709},{"@type":"BreadcrumbList","@id":"https:\/\/blog.proclima.com\/de\/2015\/07\/bauslam-2015-feedback\/#breadcrumb","itemListElement":[{"@type":"ListItem","position":1,"name":"Startseite","item":"https:\/\/blog.proclima.com\/de\/"},{"@type":"ListItem","position":2,"name":"6 Bauvortr\u00e4ge an einem Abend: So f\u00fchlte sich der 1. Bauslam an"}]},{"@type":"WebSite","@id":"https:\/\/blog.proclima.com\/de\/#website","url":"https:\/\/blog.proclima.com\/de\/","name":"pro clima Blog - Deutschland","description":"alles was pro clima bewegt","publisher":{"@id":"https:\/\/blog.proclima.com\/de\/#organization"},"potentialAction":[{"@type":"SearchAction","target":{"@type":"EntryPoint","urlTemplate":"https:\/\/blog.proclima.com\/de\/?s={search_term_string}"},"query-input":{"@type":"PropertyValueSpecification","valueRequired":true,"valueName":"search_term_string"}}],"inLanguage":"de"},{"@type":"Organization","@id":"https:\/\/blog.proclima.com\/de\/#organization","name":"pro clima - Moll bau\u00f6kologische Produkte GmbH","url":"https:\/\/blog.proclima.com\/de\/","logo":{"@type":"ImageObject","inLanguage":"de","@id":"https:\/\/blog.proclima.com\/de\/#\/schema\/logo\/image\/","url":"https:\/\/blog.proclima.com\/de\/files\/2020\/04\/Logo-pro-clima.png","contentUrl":"https:\/\/blog.proclima.com\/de\/files\/2020\/04\/Logo-pro-clima.png","width":4210,"height":4881,"caption":"pro clima - Moll bau\u00f6kologische Produkte GmbH"},"image":{"@id":"https:\/\/blog.proclima.com\/de\/#\/schema\/logo\/image\/"},"sameAs":["https:\/\/www.facebook.com\/proclima","https:\/\/x.com\/proclimaDE"]},{"@type":"Person","@id":"https:\/\/blog.proclima.com\/de\/#\/schema\/person\/b3490e20200d5d45b8d56f555ceffc21","name":"Heide Merkel","description":"Fachjournalistin, Referentin, Steuerung Presse &amp; Digitale Medien bei Moll bau\u00f6kologische Produkte GmbH (pro clima). Als Japanologin und ausgebildete Redakteurin ist Heide eher zuf\u00e4llig in der Baubranche gelandet. Seit 2011 arbeitet sie f\u00fcr pro clima. Ihr Wissen zu effektiver Kommunikation gibt sie in Seminaren, Artikeln und Vortr\u00e4gen weiter. F\u00fcr den pro clima Blog, proclima.tv und das pro clima Bauradio interviewt sie interessante Menschen aus der Baubranche. Auf\u00a0 luftdichtheit-gepr\u00fcft.de bloggt Heide \u00fcber Leckagen, Luftdichtung und Qualit\u00e4ts\u00fcberpr\u00fcfung mit Blower-Door-Tests. Ihre Freizeit verbringt sie u.a. in den Vogesen, wo sie seit mehr als f\u00fcnf Jahren ein altes Bauernhaus saniert. Ihr neuestes Projekt:\u00a0 www.besser-als-marketing.de Hier gibt es Tipps, wie Unternehmen in der Baubranche ihre Sichtbarkeit erh\u00f6hen k\u00f6nnen. Die ersten Videos sind bereits online im Youtube Channel Wer mehr \u00fcber Heide Merkel erfahren m\u00f6chte, findet sie auf den g\u00e4ngigen Social Media Plattformen.","url":"https:\/\/blog.proclima.com\/de\/author\/gentner\/"}]}},"canto_acf_fields":"","_links":{"self":[{"href":"https:\/\/blog.proclima.com\/de\/wp-json\/wp\/v2\/posts\/4734","targetHints":{"allow":["GET"]}}],"collection":[{"href":"https:\/\/blog.proclima.com\/de\/wp-json\/wp\/v2\/posts"}],"about":[{"href":"https:\/\/blog.proclima.com\/de\/wp-json\/wp\/v2\/types\/post"}],"author":[{"embeddable":true,"href":"https:\/\/blog.proclima.com\/de\/wp-json\/wp\/v2\/users\/18"}],"replies":[{"embeddable":true,"href":"https:\/\/blog.proclima.com\/de\/wp-json\/wp\/v2\/comments?post=4734"}],"version-history":[{"count":15,"href":"https:\/\/blog.proclima.com\/de\/wp-json\/wp\/v2\/posts\/4734\/revisions"}],"predecessor-version":[{"id":7233,"href":"https:\/\/blog.proclima.com\/de\/wp-json\/wp\/v2\/posts\/4734\/revisions\/7233"}],"wp:attachment":[{"href":"https:\/\/blog.proclima.com\/de\/wp-json\/wp\/v2\/media?parent=4734"}],"wp:term":[{"taxonomy":"category","embeddable":true,"href":"https:\/\/blog.proclima.com\/de\/wp-json\/wp\/v2\/categories?post=4734"},{"taxonomy":"post_tag","embeddable":true,"href":"https:\/\/blog.proclima.com\/de\/wp-json\/wp\/v2\/tags?post=4734"}],"curies":[{"name":"wp","href":"https:\/\/api.w.org\/{rel}","templated":true}]}}