
{"id":4720,"date":"2015-07-03T16:47:02","date_gmt":"2015-07-03T14:47:02","guid":{"rendered":"http:\/\/blog.proclima.com\/de\/?p=4720"},"modified":"2015-07-06T09:30:15","modified_gmt":"2015-07-06T07:30:15","slug":"bauslam-oekobau","status":"publish","type":"post","link":"https:\/\/blog.proclima.com\/de\/2015\/07\/bauslam-oekobau\/","title":{"rendered":"Bauslam 2015: Mehr Erfolg im \u00d6kobau durch effektive Kommunikation"},"content":{"rendered":"<p><iframe loading=\"lazy\"  id=\"_ytid_97816\" width=\"1170\" height=\"658\" src=\"https:\/\/www.youtube-nocookie.com\/embed\/_2oRMiigirE?enablejsapi=1&#038;autoplay=0&#038;cc_load_policy=0&#038;iv_load_policy=1&#038;loop=0&#038;modestbranding=1&#038;rel=0&#038;showinfo=0&#038;fs=1&#038;playsinline=1&#038;controls=2&#038;autohide=2&#038;theme=light&#038;color=red&#038;hl=de_DE&#038;\" class=\"__youtube_prefs__\" title=\"YouTube player\"  allowfullscreen data-no-lazy=\"1\" data-skipgform_ajax_framebjll=\"\"><\/iframe><\/p>\n<p>\u201e\u00d6kobau am Ende?\u201c &#8211; so lautet der Titel des Slambeitrags des pro clima Gesch\u00e4ftsf\u00fchrers Uwe Bartholom\u00e4i beim 1. Bauslam in Schwetzingen. Die gute Nachricht ist: \u00f6kologisches Bauen trifft den Zeitgeist. Immer mehr Menschen f\u00fchren einen Lebensstil, der zu \u00f6kologischem Bauen und Wohnen passt.<\/p>\n<p>Die schlechte Nachricht: Viele Spezialisten der \u00d6kobranche schaffen es nicht, ihre Produkte, Dienstleistungen und ihren Service diesen Menschen zu vermitteln. In seinem Bauslam-Vortrag zeigt Uwe Bartholom\u00e4i, wo einige Probleme in der Kommunikation liegen und wie man diese l\u00f6sen kann. Manchmal \u00fcberraschend einfach, beispielsweise indem man den Blickwinkel der Kunden einnimmt.<\/p>\n<p>Uwe Bartholom\u00e4i ist Gesch\u00e4ftsf\u00fchrer der MOLL bau\u00f6kologische Produkte GmbH. Mit dem Unternehmen ist er seit mehr als 30 Jahren verbunden. Er hat wesentlich das pro clima Projekt mitentwickelt.<\/p>\n<p>Weitere Infos zum bauslam: <a href=\"http:\/\/bauslam.de\" target=\"_blank\">http:\/\/bauslam.de<\/a><br \/>\nFotos zum ersten Bauslam finden Sie in unserem flickr Account:<br \/>\n<a href=\"https:\/\/www.flickr.com\/photos\/proclima\/sets\/72157652956887373\">https:\/\/www.flickr.com\/photos\/proclima\/sets\/72157652956887373<\/a><\/p>\n","protected":false},"excerpt":{"rendered":"<p>\u201e\u00d6kobau am Ende?\u201c &#8211; so lautet der Titel des Slambeitrags des pro clima Gesch\u00e4ftsf\u00fchrers Uwe Bartholom\u00e4i beim 1. Bauslam in Schwetzingen. Die gute Nachricht ist: <a href=\"https:\/\/blog.proclima.com\/de\/2015\/07\/bauslam-oekobau\/\" rel=\"bookmark\">&#8230;<\/a><\/p>\n","protected":false},"author":18,"featured_media":4721,"comment_status":"open","ping_status":"open","sticky":false,"template":"","format":"standard","meta":{"footnotes":""},"categories":[448],"tags":[863,862,867,864,38],"class_list":["post-4720","post","type-post","status-publish","format-standard","has-post-thumbnail","hentry","category-pro-clima-tv","tag-bauslam","tag-bauslam-2015","tag-fotos","tag-oekobau","tag-video"],"yoast_head":"<!-- This site is optimized with the Yoast SEO plugin v27.5 - https:\/\/yoast.com\/product\/yoast-seo-wordpress\/ -->\n<title>Bauslam 2015: Mehr Erfolg im \u00d6kobau durch effektive Kommunikation &#187; pro clima Blog - Deutschland<\/title>\n<meta name=\"robots\" content=\"index, follow, max-snippet:-1, max-image-preview:large, max-video-preview:-1\" \/>\n<link rel=\"canonical\" href=\"https:\/\/blog.proclima.com\/de\/2015\/07\/bauslam-oekobau\/\" \/>\n<meta property=\"og:locale\" content=\"de_DE\" \/>\n<meta property=\"og:type\" content=\"article\" \/>\n<meta property=\"og:title\" content=\"Bauslam 2015: Mehr Erfolg im \u00d6kobau durch effektive Kommunikation &#187; pro clima Blog - Deutschland\" \/>\n<meta property=\"og:description\" content=\"\u201e\u00d6kobau am Ende?\u201c &#8211; so lautet der Titel des Slambeitrags des pro clima Gesch\u00e4ftsf\u00fchrers Uwe Bartholom\u00e4i beim 1. Bauslam in Schwetzingen. Die gute Nachricht ist: ...\" \/>\n<meta property=\"og:url\" content=\"https:\/\/blog.proclima.com\/de\/2015\/07\/bauslam-oekobau\/\" \/>\n<meta property=\"og:site_name\" content=\"pro clima Blog - Deutschland\" \/>\n<meta property=\"article:publisher\" content=\"https:\/\/www.facebook.com\/proclima\" \/>\n<meta property=\"article:published_time\" content=\"2015-07-03T14:47:02+00:00\" \/>\n<meta property=\"article:modified_time\" content=\"2015-07-06T07:30:15+00:00\" \/>\n<meta property=\"og:image\" content=\"https:\/\/blog.proclima.com\/de\/files\/2015\/07\/Bildschirmfoto-2015-07-03-um-16.46.40.png\" \/>\n\t<meta property=\"og:image:width\" content=\"1524\" \/>\n\t<meta property=\"og:image:height\" content=\"1064\" \/>\n\t<meta property=\"og:image:type\" content=\"image\/png\" \/>\n<meta name=\"author\" content=\"Heide Merkel\" \/>\n<meta name=\"twitter:card\" content=\"summary_large_image\" \/>\n<meta name=\"twitter:creator\" content=\"@proclimaDE\" \/>\n<meta name=\"twitter:site\" content=\"@proclimaDE\" \/>\n<meta name=\"twitter:label1\" content=\"Verfasst von\" \/>\n\t<meta name=\"twitter:data1\" content=\"Heide Merkel\" \/>\n\t<meta name=\"twitter:label2\" content=\"Gesch\u00e4tzte Lesezeit\" \/>\n\t<meta name=\"twitter:data2\" content=\"1\u00a0Minute\" \/>\n<script type=\"application\/ld+json\" class=\"yoast-schema-graph\">{\"@context\":\"https:\\\/\\\/schema.org\",\"@graph\":[{\"@type\":\"Article\",\"@id\":\"https:\\\/\\\/blog.proclima.com\\\/de\\\/2015\\\/07\\\/bauslam-oekobau\\\/#article\",\"isPartOf\":{\"@id\":\"https:\\\/\\\/blog.proclima.com\\\/de\\\/2015\\\/07\\\/bauslam-oekobau\\\/\"},\"author\":{\"name\":\"Heide Merkel\",\"@id\":\"https:\\\/\\\/blog.proclima.com\\\/de\\\/#\\\/schema\\\/person\\\/b3490e20200d5d45b8d56f555ceffc21\"},\"headline\":\"Bauslam 2015: Mehr Erfolg im \u00d6kobau durch effektive Kommunikation\",\"datePublished\":\"2015-07-03T14:47:02+00:00\",\"dateModified\":\"2015-07-06T07:30:15+00:00\",\"mainEntityOfPage\":{\"@id\":\"https:\\\/\\\/blog.proclima.com\\\/de\\\/2015\\\/07\\\/bauslam-oekobau\\\/\"},\"wordCount\":172,\"commentCount\":4,\"publisher\":{\"@id\":\"https:\\\/\\\/blog.proclima.com\\\/de\\\/#organization\"},\"image\":{\"@id\":\"https:\\\/\\\/blog.proclima.com\\\/de\\\/2015\\\/07\\\/bauslam-oekobau\\\/#primaryimage\"},\"thumbnailUrl\":\"https:\\\/\\\/blog.proclima.com\\\/de\\\/files\\\/2015\\\/07\\\/Bildschirmfoto-2015-07-03-um-16.46.40.png\",\"keywords\":[\"Bauslam\",\"Bauslam 2015\",\"Fotos\",\"\u00d6kobau\",\"video\"],\"articleSection\":[\"proclima.TV\"],\"inLanguage\":\"de\",\"potentialAction\":[{\"@type\":\"CommentAction\",\"name\":\"Comment\",\"target\":[\"https:\\\/\\\/blog.proclima.com\\\/de\\\/2015\\\/07\\\/bauslam-oekobau\\\/#respond\"]}]},{\"@type\":\"WebPage\",\"@id\":\"https:\\\/\\\/blog.proclima.com\\\/de\\\/2015\\\/07\\\/bauslam-oekobau\\\/\",\"url\":\"https:\\\/\\\/blog.proclima.com\\\/de\\\/2015\\\/07\\\/bauslam-oekobau\\\/\",\"name\":\"Bauslam 2015: Mehr Erfolg im \u00d6kobau durch effektive Kommunikation &#187; pro clima Blog - Deutschland\",\"isPartOf\":{\"@id\":\"https:\\\/\\\/blog.proclima.com\\\/de\\\/#website\"},\"primaryImageOfPage\":{\"@id\":\"https:\\\/\\\/blog.proclima.com\\\/de\\\/2015\\\/07\\\/bauslam-oekobau\\\/#primaryimage\"},\"image\":{\"@id\":\"https:\\\/\\\/blog.proclima.com\\\/de\\\/2015\\\/07\\\/bauslam-oekobau\\\/#primaryimage\"},\"thumbnailUrl\":\"https:\\\/\\\/blog.proclima.com\\\/de\\\/files\\\/2015\\\/07\\\/Bildschirmfoto-2015-07-03-um-16.46.40.png\",\"datePublished\":\"2015-07-03T14:47:02+00:00\",\"dateModified\":\"2015-07-06T07:30:15+00:00\",\"breadcrumb\":{\"@id\":\"https:\\\/\\\/blog.proclima.com\\\/de\\\/2015\\\/07\\\/bauslam-oekobau\\\/#breadcrumb\"},\"inLanguage\":\"de\",\"potentialAction\":[{\"@type\":\"ReadAction\",\"target\":[\"https:\\\/\\\/blog.proclima.com\\\/de\\\/2015\\\/07\\\/bauslam-oekobau\\\/\"]}]},{\"@type\":\"ImageObject\",\"inLanguage\":\"de\",\"@id\":\"https:\\\/\\\/blog.proclima.com\\\/de\\\/2015\\\/07\\\/bauslam-oekobau\\\/#primaryimage\",\"url\":\"https:\\\/\\\/blog.proclima.com\\\/de\\\/files\\\/2015\\\/07\\\/Bildschirmfoto-2015-07-03-um-16.46.40.png\",\"contentUrl\":\"https:\\\/\\\/blog.proclima.com\\\/de\\\/files\\\/2015\\\/07\\\/Bildschirmfoto-2015-07-03-um-16.46.40.png\",\"width\":1524,\"height\":1064},{\"@type\":\"BreadcrumbList\",\"@id\":\"https:\\\/\\\/blog.proclima.com\\\/de\\\/2015\\\/07\\\/bauslam-oekobau\\\/#breadcrumb\",\"itemListElement\":[{\"@type\":\"ListItem\",\"position\":1,\"name\":\"Startseite\",\"item\":\"https:\\\/\\\/blog.proclima.com\\\/de\\\/\"},{\"@type\":\"ListItem\",\"position\":2,\"name\":\"Bauslam 2015: Mehr Erfolg im \u00d6kobau durch effektive Kommunikation\"}]},{\"@type\":\"WebSite\",\"@id\":\"https:\\\/\\\/blog.proclima.com\\\/de\\\/#website\",\"url\":\"https:\\\/\\\/blog.proclima.com\\\/de\\\/\",\"name\":\"pro clima Blog - Deutschland\",\"description\":\"alles was pro clima bewegt\",\"publisher\":{\"@id\":\"https:\\\/\\\/blog.proclima.com\\\/de\\\/#organization\"},\"potentialAction\":[{\"@type\":\"SearchAction\",\"target\":{\"@type\":\"EntryPoint\",\"urlTemplate\":\"https:\\\/\\\/blog.proclima.com\\\/de\\\/?s={search_term_string}\"},\"query-input\":{\"@type\":\"PropertyValueSpecification\",\"valueRequired\":true,\"valueName\":\"search_term_string\"}}],\"inLanguage\":\"de\"},{\"@type\":\"Organization\",\"@id\":\"https:\\\/\\\/blog.proclima.com\\\/de\\\/#organization\",\"name\":\"pro clima - Moll bau\u00f6kologische Produkte GmbH\",\"url\":\"https:\\\/\\\/blog.proclima.com\\\/de\\\/\",\"logo\":{\"@type\":\"ImageObject\",\"inLanguage\":\"de\",\"@id\":\"https:\\\/\\\/blog.proclima.com\\\/de\\\/#\\\/schema\\\/logo\\\/image\\\/\",\"url\":\"https:\\\/\\\/blog.proclima.com\\\/de\\\/files\\\/2020\\\/04\\\/Logo-pro-clima.png\",\"contentUrl\":\"https:\\\/\\\/blog.proclima.com\\\/de\\\/files\\\/2020\\\/04\\\/Logo-pro-clima.png\",\"width\":4210,\"height\":4881,\"caption\":\"pro clima - Moll bau\u00f6kologische Produkte GmbH\"},\"image\":{\"@id\":\"https:\\\/\\\/blog.proclima.com\\\/de\\\/#\\\/schema\\\/logo\\\/image\\\/\"},\"sameAs\":[\"https:\\\/\\\/www.facebook.com\\\/proclima\",\"https:\\\/\\\/x.com\\\/proclimaDE\"]},{\"@type\":\"Person\",\"@id\":\"https:\\\/\\\/blog.proclima.com\\\/de\\\/#\\\/schema\\\/person\\\/b3490e20200d5d45b8d56f555ceffc21\",\"name\":\"Heide Merkel\",\"description\":\"Fachjournalistin, Referentin, Steuerung Presse &amp; Digitale Medien bei Moll bau\u00f6kologische Produkte GmbH (pro clima). Als Japanologin und ausgebildete Redakteurin ist Heide eher zuf\u00e4llig in der Baubranche gelandet. Seit 2011 arbeitet sie f\u00fcr pro clima. Ihr Wissen zu effektiver Kommunikation gibt sie in Seminaren, Artikeln und Vortr\u00e4gen weiter. F\u00fcr den pro clima Blog, proclima.tv und das pro clima Bauradio interviewt sie interessante Menschen aus der Baubranche. Auf\u00a0 luftdichtheit-gepr\u00fcft.de bloggt Heide \u00fcber Leckagen, Luftdichtung und Qualit\u00e4ts\u00fcberpr\u00fcfung mit Blower-Door-Tests. Ihre Freizeit verbringt sie u.a. in den Vogesen, wo sie seit mehr als f\u00fcnf Jahren ein altes Bauernhaus saniert. Ihr neuestes Projekt:\u00a0 www.besser-als-marketing.de Hier gibt es Tipps, wie Unternehmen in der Baubranche ihre Sichtbarkeit erh\u00f6hen k\u00f6nnen. Die ersten Videos sind bereits online im Youtube Channel Wer mehr \u00fcber Heide Merkel erfahren m\u00f6chte, findet sie auf den g\u00e4ngigen Social Media Plattformen.\",\"url\":\"https:\\\/\\\/blog.proclima.com\\\/de\\\/author\\\/gentner\\\/\"}]}<\/script>\n<!-- \/ Yoast SEO plugin. -->","yoast_head_json":{"title":"Bauslam 2015: Mehr Erfolg im \u00d6kobau durch effektive Kommunikation &#187; pro clima Blog - Deutschland","robots":{"index":"index","follow":"follow","max-snippet":"max-snippet:-1","max-image-preview":"max-image-preview:large","max-video-preview":"max-video-preview:-1"},"canonical":"https:\/\/blog.proclima.com\/de\/2015\/07\/bauslam-oekobau\/","og_locale":"de_DE","og_type":"article","og_title":"Bauslam 2015: Mehr Erfolg im \u00d6kobau durch effektive Kommunikation &#187; pro clima Blog - Deutschland","og_description":"\u201e\u00d6kobau am Ende?\u201c &#8211; so lautet der Titel des Slambeitrags des pro clima Gesch\u00e4ftsf\u00fchrers Uwe Bartholom\u00e4i beim 1. Bauslam in Schwetzingen. Die gute Nachricht ist: ...","og_url":"https:\/\/blog.proclima.com\/de\/2015\/07\/bauslam-oekobau\/","og_site_name":"pro clima Blog - Deutschland","article_publisher":"https:\/\/www.facebook.com\/proclima","article_published_time":"2015-07-03T14:47:02+00:00","article_modified_time":"2015-07-06T07:30:15+00:00","og_image":[{"width":1524,"height":1064,"url":"https:\/\/blog.proclima.com\/de\/files\/2015\/07\/Bildschirmfoto-2015-07-03-um-16.46.40.png","type":"image\/png"}],"author":"Heide Merkel","twitter_card":"summary_large_image","twitter_creator":"@proclimaDE","twitter_site":"@proclimaDE","twitter_misc":{"Verfasst von":"Heide Merkel","Gesch\u00e4tzte Lesezeit":"1\u00a0Minute"},"schema":{"@context":"https:\/\/schema.org","@graph":[{"@type":"Article","@id":"https:\/\/blog.proclima.com\/de\/2015\/07\/bauslam-oekobau\/#article","isPartOf":{"@id":"https:\/\/blog.proclima.com\/de\/2015\/07\/bauslam-oekobau\/"},"author":{"name":"Heide Merkel","@id":"https:\/\/blog.proclima.com\/de\/#\/schema\/person\/b3490e20200d5d45b8d56f555ceffc21"},"headline":"Bauslam 2015: Mehr Erfolg im \u00d6kobau durch effektive Kommunikation","datePublished":"2015-07-03T14:47:02+00:00","dateModified":"2015-07-06T07:30:15+00:00","mainEntityOfPage":{"@id":"https:\/\/blog.proclima.com\/de\/2015\/07\/bauslam-oekobau\/"},"wordCount":172,"commentCount":4,"publisher":{"@id":"https:\/\/blog.proclima.com\/de\/#organization"},"image":{"@id":"https:\/\/blog.proclima.com\/de\/2015\/07\/bauslam-oekobau\/#primaryimage"},"thumbnailUrl":"https:\/\/blog.proclima.com\/de\/files\/2015\/07\/Bildschirmfoto-2015-07-03-um-16.46.40.png","keywords":["Bauslam","Bauslam 2015","Fotos","\u00d6kobau","video"],"articleSection":["proclima.TV"],"inLanguage":"de","potentialAction":[{"@type":"CommentAction","name":"Comment","target":["https:\/\/blog.proclima.com\/de\/2015\/07\/bauslam-oekobau\/#respond"]}]},{"@type":"WebPage","@id":"https:\/\/blog.proclima.com\/de\/2015\/07\/bauslam-oekobau\/","url":"https:\/\/blog.proclima.com\/de\/2015\/07\/bauslam-oekobau\/","name":"Bauslam 2015: Mehr Erfolg im \u00d6kobau durch effektive Kommunikation &#187; pro clima Blog - Deutschland","isPartOf":{"@id":"https:\/\/blog.proclima.com\/de\/#website"},"primaryImageOfPage":{"@id":"https:\/\/blog.proclima.com\/de\/2015\/07\/bauslam-oekobau\/#primaryimage"},"image":{"@id":"https:\/\/blog.proclima.com\/de\/2015\/07\/bauslam-oekobau\/#primaryimage"},"thumbnailUrl":"https:\/\/blog.proclima.com\/de\/files\/2015\/07\/Bildschirmfoto-2015-07-03-um-16.46.40.png","datePublished":"2015-07-03T14:47:02+00:00","dateModified":"2015-07-06T07:30:15+00:00","breadcrumb":{"@id":"https:\/\/blog.proclima.com\/de\/2015\/07\/bauslam-oekobau\/#breadcrumb"},"inLanguage":"de","potentialAction":[{"@type":"ReadAction","target":["https:\/\/blog.proclima.com\/de\/2015\/07\/bauslam-oekobau\/"]}]},{"@type":"ImageObject","inLanguage":"de","@id":"https:\/\/blog.proclima.com\/de\/2015\/07\/bauslam-oekobau\/#primaryimage","url":"https:\/\/blog.proclima.com\/de\/files\/2015\/07\/Bildschirmfoto-2015-07-03-um-16.46.40.png","contentUrl":"https:\/\/blog.proclima.com\/de\/files\/2015\/07\/Bildschirmfoto-2015-07-03-um-16.46.40.png","width":1524,"height":1064},{"@type":"BreadcrumbList","@id":"https:\/\/blog.proclima.com\/de\/2015\/07\/bauslam-oekobau\/#breadcrumb","itemListElement":[{"@type":"ListItem","position":1,"name":"Startseite","item":"https:\/\/blog.proclima.com\/de\/"},{"@type":"ListItem","position":2,"name":"Bauslam 2015: Mehr Erfolg im \u00d6kobau durch effektive Kommunikation"}]},{"@type":"WebSite","@id":"https:\/\/blog.proclima.com\/de\/#website","url":"https:\/\/blog.proclima.com\/de\/","name":"pro clima Blog - Deutschland","description":"alles was pro clima bewegt","publisher":{"@id":"https:\/\/blog.proclima.com\/de\/#organization"},"potentialAction":[{"@type":"SearchAction","target":{"@type":"EntryPoint","urlTemplate":"https:\/\/blog.proclima.com\/de\/?s={search_term_string}"},"query-input":{"@type":"PropertyValueSpecification","valueRequired":true,"valueName":"search_term_string"}}],"inLanguage":"de"},{"@type":"Organization","@id":"https:\/\/blog.proclima.com\/de\/#organization","name":"pro clima - Moll bau\u00f6kologische Produkte GmbH","url":"https:\/\/blog.proclima.com\/de\/","logo":{"@type":"ImageObject","inLanguage":"de","@id":"https:\/\/blog.proclima.com\/de\/#\/schema\/logo\/image\/","url":"https:\/\/blog.proclima.com\/de\/files\/2020\/04\/Logo-pro-clima.png","contentUrl":"https:\/\/blog.proclima.com\/de\/files\/2020\/04\/Logo-pro-clima.png","width":4210,"height":4881,"caption":"pro clima - Moll bau\u00f6kologische Produkte GmbH"},"image":{"@id":"https:\/\/blog.proclima.com\/de\/#\/schema\/logo\/image\/"},"sameAs":["https:\/\/www.facebook.com\/proclima","https:\/\/x.com\/proclimaDE"]},{"@type":"Person","@id":"https:\/\/blog.proclima.com\/de\/#\/schema\/person\/b3490e20200d5d45b8d56f555ceffc21","name":"Heide Merkel","description":"Fachjournalistin, Referentin, Steuerung Presse &amp; Digitale Medien bei Moll bau\u00f6kologische Produkte GmbH (pro clima). Als Japanologin und ausgebildete Redakteurin ist Heide eher zuf\u00e4llig in der Baubranche gelandet. Seit 2011 arbeitet sie f\u00fcr pro clima. Ihr Wissen zu effektiver Kommunikation gibt sie in Seminaren, Artikeln und Vortr\u00e4gen weiter. F\u00fcr den pro clima Blog, proclima.tv und das pro clima Bauradio interviewt sie interessante Menschen aus der Baubranche. Auf\u00a0 luftdichtheit-gepr\u00fcft.de bloggt Heide \u00fcber Leckagen, Luftdichtung und Qualit\u00e4ts\u00fcberpr\u00fcfung mit Blower-Door-Tests. Ihre Freizeit verbringt sie u.a. in den Vogesen, wo sie seit mehr als f\u00fcnf Jahren ein altes Bauernhaus saniert. Ihr neuestes Projekt:\u00a0 www.besser-als-marketing.de Hier gibt es Tipps, wie Unternehmen in der Baubranche ihre Sichtbarkeit erh\u00f6hen k\u00f6nnen. Die ersten Videos sind bereits online im Youtube Channel Wer mehr \u00fcber Heide Merkel erfahren m\u00f6chte, findet sie auf den g\u00e4ngigen Social Media Plattformen.","url":"https:\/\/blog.proclima.com\/de\/author\/gentner\/"}]}},"canto_acf_fields":"","_links":{"self":[{"href":"https:\/\/blog.proclima.com\/de\/wp-json\/wp\/v2\/posts\/4720","targetHints":{"allow":["GET"]}}],"collection":[{"href":"https:\/\/blog.proclima.com\/de\/wp-json\/wp\/v2\/posts"}],"about":[{"href":"https:\/\/blog.proclima.com\/de\/wp-json\/wp\/v2\/types\/post"}],"author":[{"embeddable":true,"href":"https:\/\/blog.proclima.com\/de\/wp-json\/wp\/v2\/users\/18"}],"replies":[{"embeddable":true,"href":"https:\/\/blog.proclima.com\/de\/wp-json\/wp\/v2\/comments?post=4720"}],"version-history":[{"count":5,"href":"https:\/\/blog.proclima.com\/de\/wp-json\/wp\/v2\/posts\/4720\/revisions"}],"predecessor-version":[{"id":4731,"href":"https:\/\/blog.proclima.com\/de\/wp-json\/wp\/v2\/posts\/4720\/revisions\/4731"}],"wp:featuredmedia":[{"embeddable":true,"href":"https:\/\/blog.proclima.com\/de\/wp-json\/wp\/v2\/media\/4721"}],"wp:attachment":[{"href":"https:\/\/blog.proclima.com\/de\/wp-json\/wp\/v2\/media?parent=4720"}],"wp:term":[{"taxonomy":"category","embeddable":true,"href":"https:\/\/blog.proclima.com\/de\/wp-json\/wp\/v2\/categories?post=4720"},{"taxonomy":"post_tag","embeddable":true,"href":"https:\/\/blog.proclima.com\/de\/wp-json\/wp\/v2\/tags?post=4720"}],"curies":[{"name":"wp","href":"https:\/\/api.w.org\/{rel}","templated":true}]}}