
{"id":4671,"date":"2015-06-22T08:00:22","date_gmt":"2015-06-22T06:00:22","guid":{"rendered":"http:\/\/blog.proclima.com\/de\/?p=4671"},"modified":"2015-06-23T09:38:30","modified_gmt":"2015-06-23T07:38:30","slug":"pressemitteilung-orcon-f","status":"publish","type":"post","link":"https:\/\/blog.proclima.com\/de\/2015\/06\/pressemitteilung-orcon-f\/","title":{"rendered":"[Pressemitteilung] : ORCON F"},"content":{"rendered":"<p><strong><span style=\"font-family: Rotis Sans Serif Pro,sans-serif;\"><span style=\"font-size: large;\"><a href=\"https:\/\/blog.proclima.com\/de\/files\/2015\/06\/Bildschirmfoto-2015-06-15-um-17.31.15.png\"><img loading=\"lazy\" decoding=\"async\" data-size=\"1758x1046\" class=\"aligncenter size-large wp-image-4673\" src=\"https:\/\/blog.proclima.com\/de\/files\/2015\/06\/Bildschirmfoto-2015-06-15-um-17.31.15-1024x609.png\" alt=\"Bildschirmfoto 2015-06-15 um 17.31.15\" width=\"584\" height=\"347\" srcset=\"https:\/\/blog.proclima.com\/de\/files\/2015\/06\/Bildschirmfoto-2015-06-15-um-17.31.15-1024x609.png 1024w, https:\/\/blog.proclima.com\/de\/files\/2015\/06\/Bildschirmfoto-2015-06-15-um-17.31.15-300x178.png 300w, https:\/\/blog.proclima.com\/de\/files\/2015\/06\/Bildschirmfoto-2015-06-15-um-17.31.15-768x457.png 768w, https:\/\/blog.proclima.com\/de\/files\/2015\/06\/Bildschirmfoto-2015-06-15-um-17.31.15-1536x914.png 1536w, https:\/\/blog.proclima.com\/de\/files\/2015\/06\/Bildschirmfoto-2015-06-15-um-17.31.15-384x228.png 384w, https:\/\/blog.proclima.com\/de\/files\/2015\/06\/Bildschirmfoto-2015-06-15-um-17.31.15.png 1758w\" sizes=\"auto, (max-width: 584px) 100vw, 584px\" \/><\/a>ORCON F: Der Anschlusskleber f\u00fcr Bahnen zur Luftdichtung innen und Winddichtung au\u00dfen mit besten Werten im Schadstofftest <\/span><\/span><\/strong><\/p>\n<p>Schwetzingen, Juni 2015- pro clima ORCON F ist ein Allround-Anschlusskleber, der sich durch seine hohe Klebekraft, schnelle Trocknung und beste Werte im Schadstofftest auszeichnet.<\/p>\n<p>Mit ORCON F k\u00f6nnen luftdichte Anschl\u00fcsse von Dampfbrems- und Luftdichtungsbahnen zu angrenzenden rauen- und mineralischen Bauteilen hergestellt werden. Zudem eignet sich ORCON F zur Herstellung von winddichten Anschl\u00fcssen im Au\u00dfenbereich. Bei Handwerkern ist ORCON F sehr beliebt, weil sie bei der Verarbeitung auf tragf\u00e4higen Untergr\u00fcnden keine Anpresslatte ben\u00f6tigen. Weitere Arbeitserleichterung ist, dass ORCON F stark dehnbar, dauerelastisch ist und tief in den Untergrund eindringt. Dieser Anschlusskleber kann auch bei Minustemperaturen verarbeitet und bei Frost problemlos gelagert werden.<\/p>\n<p><strong>Testsieger bei Stiftung Warentest<\/strong><\/p>\n<p>Die Einfachheit und Sicherheit der Verarbeitung von ORCON F hat auch das Team von Stiftung Warentest beeindruckt. 2012 haben hat die unabh\u00e4ngige Verbraucherorganisation acht Luftdichtungssysteme gepr\u00fcft, darunter auch ORCON F, das pro clima Allround Klebeband TESCON VANA und die feuchtevariable Dampfbremse Iund Luftichtungsbahn NTELLO PLUS. Das Fazit: \u201eKein D\u00e4mmen ohne Abdichten: Folie und Klebematerialien von pro clima haben im Test am besten abgeschnitten. Das schrieb die Verbraucherzeitschrift in ihrer April 2012 Ausgabe.<\/p>\n<p><strong>Garantiert wohngesunde Raumluft<\/strong><!--more--><\/p>\n<p>ORCON F und seine Systemkompetenten erf\u00fcllen auch hohe Anforderungen an gesundes Wohnen. Der Anschlusskleber ist frei von Weichmachern und wurde wie die meisten Produkte von pro clima auf Schadstoffemissionen getestet und vom Sentinel Haus Institut SHI empfohlen. pro clima geh\u00f6rt zu den Vorreitern und F\u00fcrsprechern f\u00fcr eine gute Qualit\u00e4t der Innenraumluft. Denn Wohngesundheit bezieht sich vor allem auf das Raumklima. Gute Innenraumluft erreicht man, indem man Baustoffe einbaut, die auf Emissionen gepr\u00fcft sind. Eine genaue Kriterienliste hat das Sentinel Haus Institut erarbeitet, das Konzepte f\u00fcr wohngesunde Lebensr\u00e4ume erstellt.<\/p>\n<p>\u00dcberblick \u00fcber die pro clima Initiativen, Systeme und Serviceangebote gibt es im Bau- und Sanierungshandbuch WISSEN 2014\/15, das kostenlos unter 0 62 02 \u2013 27 82 0, per <a href=\"mailto:info@proclima.de\">E-Mail <\/a>(<a href=\"mailto:info@proclima.de\">info@proclima.de)<\/a> und mit diesem Formular bestellt werden kann: <a href=\"https:\/\/de.proclima.com\/service\/wissen\">https:\/\/de.proclima.com\/service\/wissen<\/a><\/p>\n<p><em> pro clima ist die Luft-und Winddichtungsmarke der Firma MOLL bau\u00f6kologische Produkte GmbH. MOLL ein Unternehmen aus S\u00fcddeutschland, das sich auf die Dichtung der Geb\u00e4udeh\u00fclle spezialisiert hat. Mit Hauptsitz in Schwetzingen (Baden-W\u00fcrttemberg) entwickelt und produziert die Firma Systeme f\u00fcr W\u00e4rmed\u00e4mmkonstruktionen. Dazu geh\u00f6ren: Luftdichtung innen mit Feuchtemanagement durch feuchtevariable Dampfbremsen, Winddichtung au\u00dfen mit aktivem Feuchtetransport (Unterspann- und Unterdeckbahnen, Wandschalungsbahnen), Anschlusskleber, Klebeb\u00e4nder und Detaill\u00f6sungen mit Manschetten.\u00a0Unter der Marke pro clima ist die Firma seit 20 Jahren in mehr als 35 L\u00e4ndern weltweit aktiv.<\/em><\/p>\n<p>Der komplette Testbericht von Stiftung Warentest ist online abrufbar unter<em> <a href=\"http:\/\/www.test.de\/themen\/haus-garten\/test\/Dachdaemmung-Bloss-keine-Waermebruecke-4348205-4348207\/.\" target=\"_blank\">http:\/\/www.test.de\/themen\/haus-garten\/test\/Dachdaemmung-Bloss-keine-Waermebruecke-4348205-4348207\/.<\/a><\/em><\/p>\n<p><strong>Bild\u00adma\u00adte\u00adri\u00adal &#8211; in Druck- und in We\u00adbaufl\u00f6sung:\u00a0<\/strong><br \/>\n<a href=\"https:\/\/de.proclima.com\/service\/presse\/pressebilder\/\" target=\"_blank\">https:\/\/de.proclima.com\/service\/presse\/pressebilder <\/a><\/p>\n<p><strong>Links:<\/strong><\/p>\n<p>Produktinformationen ORCON F<br \/>\n<a href=\"https:\/\/de.proclima.com\/produkte\/verbindungsmittel\/luftdichtungskleber\/orcon-f\" target=\"_blank\">https:\/\/de.proclima.com\/produkte\/verbindungsmittel\/luftdichtungskleber\/orcon-f<\/a><\/p>\n<p>Technische Daten ORCON F:<br \/>\n<a href=\"https:\/\/eb.proclima.com\/pdm\/datasheets\/ORCF\/datasheet\/ORCON%20F.pdf?language=de-de\" target=\"_blank\">https:\/\/eb.proclima.com\/pdm\/datasheets\/ORCF\/datasheet\/ORCON%20F.pdf?language=de-de<\/a><\/p>\n<p><strong>Pressekontakt:<\/strong><br \/>\nHeide Gentner<br \/>\n06202\/2782-56<br \/>\n<a href=\"mailto:heide.gentner@proclima.de\" target=\"_blank\">heide.gentner@proclima.de<\/a><\/p>\n","protected":false},"excerpt":{"rendered":"<p>ORCON F: Der Anschlusskleber f\u00fcr Bahnen zur Luftdichtung innen und Winddichtung au\u00dfen mit besten Werten im Schadstofftest Schwetzingen, Juni 2015- pro clima ORCON F ist <a href=\"https:\/\/blog.proclima.com\/de\/2015\/06\/pressemitteilung-orcon-f\/\" rel=\"bookmark\">&#8230;<\/a><\/p>\n","protected":false},"author":18,"featured_media":0,"comment_status":"open","ping_status":"open","sticky":false,"template":"","format":"standard","meta":{"footnotes":""},"categories":[136,776],"tags":[69],"class_list":["post-4671","post","type-post","status-publish","format-standard","hentry","category-pressemitteilung","category-produkte","tag-orcon-f"],"yoast_head":"<!-- This site is optimized with the Yoast SEO plugin v27.5 - https:\/\/yoast.com\/product\/yoast-seo-wordpress\/ -->\n<title>[Pressemitteilung] : ORCON F &#187; pro clima Blog - Deutschland<\/title>\n<meta name=\"robots\" content=\"index, follow, max-snippet:-1, max-image-preview:large, max-video-preview:-1\" \/>\n<link rel=\"canonical\" href=\"https:\/\/blog.proclima.com\/de\/2015\/06\/pressemitteilung-orcon-f\/\" \/>\n<meta property=\"og:locale\" content=\"de_DE\" \/>\n<meta property=\"og:type\" content=\"article\" \/>\n<meta property=\"og:title\" content=\"[Pressemitteilung] : ORCON F &#187; pro clima Blog - Deutschland\" \/>\n<meta property=\"og:description\" content=\"ORCON F: Der Anschlusskleber f\u00fcr Bahnen zur Luftdichtung innen und Winddichtung au\u00dfen mit besten Werten im Schadstofftest Schwetzingen, Juni 2015- pro clima ORCON F ist ...\" \/>\n<meta property=\"og:url\" content=\"https:\/\/blog.proclima.com\/de\/2015\/06\/pressemitteilung-orcon-f\/\" \/>\n<meta property=\"og:site_name\" content=\"pro clima Blog - Deutschland\" \/>\n<meta property=\"article:publisher\" content=\"https:\/\/www.facebook.com\/proclima\" \/>\n<meta property=\"article:published_time\" content=\"2015-06-22T06:00:22+00:00\" \/>\n<meta property=\"article:modified_time\" content=\"2015-06-23T07:38:30+00:00\" \/>\n<meta property=\"og:image\" content=\"https:\/\/blog.proclima.com\/de\/files\/2015\/06\/Bildschirmfoto-2015-06-15-um-17.31.15.png\" \/>\n\t<meta property=\"og:image:width\" content=\"1758\" \/>\n\t<meta property=\"og:image:height\" content=\"1046\" \/>\n\t<meta property=\"og:image:type\" content=\"image\/png\" \/>\n<meta name=\"author\" content=\"Heide Merkel\" \/>\n<meta name=\"twitter:card\" content=\"summary_large_image\" \/>\n<meta name=\"twitter:creator\" content=\"@proclimaDE\" \/>\n<meta name=\"twitter:site\" content=\"@proclimaDE\" \/>\n<meta name=\"twitter:label1\" content=\"Verfasst von\" \/>\n\t<meta name=\"twitter:data1\" content=\"Heide Merkel\" \/>\n\t<meta name=\"twitter:label2\" content=\"Gesch\u00e4tzte Lesezeit\" \/>\n\t<meta name=\"twitter:data2\" content=\"3\u00a0Minuten\" \/>\n<script type=\"application\/ld+json\" class=\"yoast-schema-graph\">{\"@context\":\"https:\\\/\\\/schema.org\",\"@graph\":[{\"@type\":\"Article\",\"@id\":\"https:\\\/\\\/blog.proclima.com\\\/de\\\/2015\\\/06\\\/pressemitteilung-orcon-f\\\/#article\",\"isPartOf\":{\"@id\":\"https:\\\/\\\/blog.proclima.com\\\/de\\\/2015\\\/06\\\/pressemitteilung-orcon-f\\\/\"},\"author\":{\"name\":\"Heide Merkel\",\"@id\":\"https:\\\/\\\/blog.proclima.com\\\/de\\\/#\\\/schema\\\/person\\\/b3490e20200d5d45b8d56f555ceffc21\"},\"headline\":\"[Pressemitteilung] : ORCON F\",\"datePublished\":\"2015-06-22T06:00:22+00:00\",\"dateModified\":\"2015-06-23T07:38:30+00:00\",\"mainEntityOfPage\":{\"@id\":\"https:\\\/\\\/blog.proclima.com\\\/de\\\/2015\\\/06\\\/pressemitteilung-orcon-f\\\/\"},\"wordCount\":511,\"commentCount\":0,\"publisher\":{\"@id\":\"https:\\\/\\\/blog.proclima.com\\\/de\\\/#organization\"},\"image\":{\"@id\":\"https:\\\/\\\/blog.proclima.com\\\/de\\\/2015\\\/06\\\/pressemitteilung-orcon-f\\\/#primaryimage\"},\"thumbnailUrl\":\"https:\\\/\\\/blog.proclima.com\\\/de\\\/files\\\/2015\\\/06\\\/Bildschirmfoto-2015-06-15-um-17.31.15-1024x609.png\",\"keywords\":[\"Orcon-F\"],\"articleSection\":[\"Pressemitteilungen\",\"Produkte\"],\"inLanguage\":\"de\",\"potentialAction\":[{\"@type\":\"CommentAction\",\"name\":\"Comment\",\"target\":[\"https:\\\/\\\/blog.proclima.com\\\/de\\\/2015\\\/06\\\/pressemitteilung-orcon-f\\\/#respond\"]}]},{\"@type\":\"WebPage\",\"@id\":\"https:\\\/\\\/blog.proclima.com\\\/de\\\/2015\\\/06\\\/pressemitteilung-orcon-f\\\/\",\"url\":\"https:\\\/\\\/blog.proclima.com\\\/de\\\/2015\\\/06\\\/pressemitteilung-orcon-f\\\/\",\"name\":\"[Pressemitteilung] : ORCON F &#187; pro clima Blog - Deutschland\",\"isPartOf\":{\"@id\":\"https:\\\/\\\/blog.proclima.com\\\/de\\\/#website\"},\"primaryImageOfPage\":{\"@id\":\"https:\\\/\\\/blog.proclima.com\\\/de\\\/2015\\\/06\\\/pressemitteilung-orcon-f\\\/#primaryimage\"},\"image\":{\"@id\":\"https:\\\/\\\/blog.proclima.com\\\/de\\\/2015\\\/06\\\/pressemitteilung-orcon-f\\\/#primaryimage\"},\"thumbnailUrl\":\"https:\\\/\\\/blog.proclima.com\\\/de\\\/files\\\/2015\\\/06\\\/Bildschirmfoto-2015-06-15-um-17.31.15-1024x609.png\",\"datePublished\":\"2015-06-22T06:00:22+00:00\",\"dateModified\":\"2015-06-23T07:38:30+00:00\",\"breadcrumb\":{\"@id\":\"https:\\\/\\\/blog.proclima.com\\\/de\\\/2015\\\/06\\\/pressemitteilung-orcon-f\\\/#breadcrumb\"},\"inLanguage\":\"de\",\"potentialAction\":[{\"@type\":\"ReadAction\",\"target\":[\"https:\\\/\\\/blog.proclima.com\\\/de\\\/2015\\\/06\\\/pressemitteilung-orcon-f\\\/\"]}]},{\"@type\":\"ImageObject\",\"inLanguage\":\"de\",\"@id\":\"https:\\\/\\\/blog.proclima.com\\\/de\\\/2015\\\/06\\\/pressemitteilung-orcon-f\\\/#primaryimage\",\"url\":\"https:\\\/\\\/blog.proclima.com\\\/de\\\/files\\\/2015\\\/06\\\/Bildschirmfoto-2015-06-15-um-17.31.15.png\",\"contentUrl\":\"https:\\\/\\\/blog.proclima.com\\\/de\\\/files\\\/2015\\\/06\\\/Bildschirmfoto-2015-06-15-um-17.31.15.png\",\"width\":1758,\"height\":1046},{\"@type\":\"BreadcrumbList\",\"@id\":\"https:\\\/\\\/blog.proclima.com\\\/de\\\/2015\\\/06\\\/pressemitteilung-orcon-f\\\/#breadcrumb\",\"itemListElement\":[{\"@type\":\"ListItem\",\"position\":1,\"name\":\"Startseite\",\"item\":\"https:\\\/\\\/blog.proclima.com\\\/de\\\/\"},{\"@type\":\"ListItem\",\"position\":2,\"name\":\"[Pressemitteilung] : ORCON F\"}]},{\"@type\":\"WebSite\",\"@id\":\"https:\\\/\\\/blog.proclima.com\\\/de\\\/#website\",\"url\":\"https:\\\/\\\/blog.proclima.com\\\/de\\\/\",\"name\":\"pro clima Blog - Deutschland\",\"description\":\"alles was pro clima bewegt\",\"publisher\":{\"@id\":\"https:\\\/\\\/blog.proclima.com\\\/de\\\/#organization\"},\"potentialAction\":[{\"@type\":\"SearchAction\",\"target\":{\"@type\":\"EntryPoint\",\"urlTemplate\":\"https:\\\/\\\/blog.proclima.com\\\/de\\\/?s={search_term_string}\"},\"query-input\":{\"@type\":\"PropertyValueSpecification\",\"valueRequired\":true,\"valueName\":\"search_term_string\"}}],\"inLanguage\":\"de\"},{\"@type\":\"Organization\",\"@id\":\"https:\\\/\\\/blog.proclima.com\\\/de\\\/#organization\",\"name\":\"pro clima - Moll bau\u00f6kologische Produkte GmbH\",\"url\":\"https:\\\/\\\/blog.proclima.com\\\/de\\\/\",\"logo\":{\"@type\":\"ImageObject\",\"inLanguage\":\"de\",\"@id\":\"https:\\\/\\\/blog.proclima.com\\\/de\\\/#\\\/schema\\\/logo\\\/image\\\/\",\"url\":\"https:\\\/\\\/blog.proclima.com\\\/de\\\/files\\\/2020\\\/04\\\/Logo-pro-clima.png\",\"contentUrl\":\"https:\\\/\\\/blog.proclima.com\\\/de\\\/files\\\/2020\\\/04\\\/Logo-pro-clima.png\",\"width\":4210,\"height\":4881,\"caption\":\"pro clima - Moll bau\u00f6kologische Produkte GmbH\"},\"image\":{\"@id\":\"https:\\\/\\\/blog.proclima.com\\\/de\\\/#\\\/schema\\\/logo\\\/image\\\/\"},\"sameAs\":[\"https:\\\/\\\/www.facebook.com\\\/proclima\",\"https:\\\/\\\/x.com\\\/proclimaDE\"]},{\"@type\":\"Person\",\"@id\":\"https:\\\/\\\/blog.proclima.com\\\/de\\\/#\\\/schema\\\/person\\\/b3490e20200d5d45b8d56f555ceffc21\",\"name\":\"Heide Merkel\",\"description\":\"Fachjournalistin, Referentin, Steuerung Presse &amp; Digitale Medien bei Moll bau\u00f6kologische Produkte GmbH (pro clima). Als Japanologin und ausgebildete Redakteurin ist Heide eher zuf\u00e4llig in der Baubranche gelandet. Seit 2011 arbeitet sie f\u00fcr pro clima. Ihr Wissen zu effektiver Kommunikation gibt sie in Seminaren, Artikeln und Vortr\u00e4gen weiter. F\u00fcr den pro clima Blog, proclima.tv und das pro clima Bauradio interviewt sie interessante Menschen aus der Baubranche. Auf\u00a0 luftdichtheit-gepr\u00fcft.de bloggt Heide \u00fcber Leckagen, Luftdichtung und Qualit\u00e4ts\u00fcberpr\u00fcfung mit Blower-Door-Tests. Ihre Freizeit verbringt sie u.a. in den Vogesen, wo sie seit mehr als f\u00fcnf Jahren ein altes Bauernhaus saniert. Ihr neuestes Projekt:\u00a0 www.besser-als-marketing.de Hier gibt es Tipps, wie Unternehmen in der Baubranche ihre Sichtbarkeit erh\u00f6hen k\u00f6nnen. Die ersten Videos sind bereits online im Youtube Channel Wer mehr \u00fcber Heide Merkel erfahren m\u00f6chte, findet sie auf den g\u00e4ngigen Social Media Plattformen.\",\"url\":\"https:\\\/\\\/blog.proclima.com\\\/de\\\/author\\\/gentner\\\/\"}]}<\/script>\n<!-- \/ Yoast SEO plugin. -->","yoast_head_json":{"title":"[Pressemitteilung] : ORCON F &#187; pro clima Blog - Deutschland","robots":{"index":"index","follow":"follow","max-snippet":"max-snippet:-1","max-image-preview":"max-image-preview:large","max-video-preview":"max-video-preview:-1"},"canonical":"https:\/\/blog.proclima.com\/de\/2015\/06\/pressemitteilung-orcon-f\/","og_locale":"de_DE","og_type":"article","og_title":"[Pressemitteilung] : ORCON F &#187; pro clima Blog - Deutschland","og_description":"ORCON F: Der Anschlusskleber f\u00fcr Bahnen zur Luftdichtung innen und Winddichtung au\u00dfen mit besten Werten im Schadstofftest Schwetzingen, Juni 2015- pro clima ORCON F ist ...","og_url":"https:\/\/blog.proclima.com\/de\/2015\/06\/pressemitteilung-orcon-f\/","og_site_name":"pro clima Blog - Deutschland","article_publisher":"https:\/\/www.facebook.com\/proclima","article_published_time":"2015-06-22T06:00:22+00:00","article_modified_time":"2015-06-23T07:38:30+00:00","og_image":[{"width":1758,"height":1046,"url":"https:\/\/blog.proclima.com\/de\/files\/2015\/06\/Bildschirmfoto-2015-06-15-um-17.31.15.png","type":"image\/png"}],"author":"Heide Merkel","twitter_card":"summary_large_image","twitter_creator":"@proclimaDE","twitter_site":"@proclimaDE","twitter_misc":{"Verfasst von":"Heide Merkel","Gesch\u00e4tzte Lesezeit":"3\u00a0Minuten"},"schema":{"@context":"https:\/\/schema.org","@graph":[{"@type":"Article","@id":"https:\/\/blog.proclima.com\/de\/2015\/06\/pressemitteilung-orcon-f\/#article","isPartOf":{"@id":"https:\/\/blog.proclima.com\/de\/2015\/06\/pressemitteilung-orcon-f\/"},"author":{"name":"Heide Merkel","@id":"https:\/\/blog.proclima.com\/de\/#\/schema\/person\/b3490e20200d5d45b8d56f555ceffc21"},"headline":"[Pressemitteilung] : ORCON F","datePublished":"2015-06-22T06:00:22+00:00","dateModified":"2015-06-23T07:38:30+00:00","mainEntityOfPage":{"@id":"https:\/\/blog.proclima.com\/de\/2015\/06\/pressemitteilung-orcon-f\/"},"wordCount":511,"commentCount":0,"publisher":{"@id":"https:\/\/blog.proclima.com\/de\/#organization"},"image":{"@id":"https:\/\/blog.proclima.com\/de\/2015\/06\/pressemitteilung-orcon-f\/#primaryimage"},"thumbnailUrl":"https:\/\/blog.proclima.com\/de\/files\/2015\/06\/Bildschirmfoto-2015-06-15-um-17.31.15-1024x609.png","keywords":["Orcon-F"],"articleSection":["Pressemitteilungen","Produkte"],"inLanguage":"de","potentialAction":[{"@type":"CommentAction","name":"Comment","target":["https:\/\/blog.proclima.com\/de\/2015\/06\/pressemitteilung-orcon-f\/#respond"]}]},{"@type":"WebPage","@id":"https:\/\/blog.proclima.com\/de\/2015\/06\/pressemitteilung-orcon-f\/","url":"https:\/\/blog.proclima.com\/de\/2015\/06\/pressemitteilung-orcon-f\/","name":"[Pressemitteilung] : ORCON F &#187; pro clima Blog - Deutschland","isPartOf":{"@id":"https:\/\/blog.proclima.com\/de\/#website"},"primaryImageOfPage":{"@id":"https:\/\/blog.proclima.com\/de\/2015\/06\/pressemitteilung-orcon-f\/#primaryimage"},"image":{"@id":"https:\/\/blog.proclima.com\/de\/2015\/06\/pressemitteilung-orcon-f\/#primaryimage"},"thumbnailUrl":"https:\/\/blog.proclima.com\/de\/files\/2015\/06\/Bildschirmfoto-2015-06-15-um-17.31.15-1024x609.png","datePublished":"2015-06-22T06:00:22+00:00","dateModified":"2015-06-23T07:38:30+00:00","breadcrumb":{"@id":"https:\/\/blog.proclima.com\/de\/2015\/06\/pressemitteilung-orcon-f\/#breadcrumb"},"inLanguage":"de","potentialAction":[{"@type":"ReadAction","target":["https:\/\/blog.proclima.com\/de\/2015\/06\/pressemitteilung-orcon-f\/"]}]},{"@type":"ImageObject","inLanguage":"de","@id":"https:\/\/blog.proclima.com\/de\/2015\/06\/pressemitteilung-orcon-f\/#primaryimage","url":"https:\/\/blog.proclima.com\/de\/files\/2015\/06\/Bildschirmfoto-2015-06-15-um-17.31.15.png","contentUrl":"https:\/\/blog.proclima.com\/de\/files\/2015\/06\/Bildschirmfoto-2015-06-15-um-17.31.15.png","width":1758,"height":1046},{"@type":"BreadcrumbList","@id":"https:\/\/blog.proclima.com\/de\/2015\/06\/pressemitteilung-orcon-f\/#breadcrumb","itemListElement":[{"@type":"ListItem","position":1,"name":"Startseite","item":"https:\/\/blog.proclima.com\/de\/"},{"@type":"ListItem","position":2,"name":"[Pressemitteilung] : ORCON F"}]},{"@type":"WebSite","@id":"https:\/\/blog.proclima.com\/de\/#website","url":"https:\/\/blog.proclima.com\/de\/","name":"pro clima Blog - Deutschland","description":"alles was pro clima bewegt","publisher":{"@id":"https:\/\/blog.proclima.com\/de\/#organization"},"potentialAction":[{"@type":"SearchAction","target":{"@type":"EntryPoint","urlTemplate":"https:\/\/blog.proclima.com\/de\/?s={search_term_string}"},"query-input":{"@type":"PropertyValueSpecification","valueRequired":true,"valueName":"search_term_string"}}],"inLanguage":"de"},{"@type":"Organization","@id":"https:\/\/blog.proclima.com\/de\/#organization","name":"pro clima - Moll bau\u00f6kologische Produkte GmbH","url":"https:\/\/blog.proclima.com\/de\/","logo":{"@type":"ImageObject","inLanguage":"de","@id":"https:\/\/blog.proclima.com\/de\/#\/schema\/logo\/image\/","url":"https:\/\/blog.proclima.com\/de\/files\/2020\/04\/Logo-pro-clima.png","contentUrl":"https:\/\/blog.proclima.com\/de\/files\/2020\/04\/Logo-pro-clima.png","width":4210,"height":4881,"caption":"pro clima - Moll bau\u00f6kologische Produkte GmbH"},"image":{"@id":"https:\/\/blog.proclima.com\/de\/#\/schema\/logo\/image\/"},"sameAs":["https:\/\/www.facebook.com\/proclima","https:\/\/x.com\/proclimaDE"]},{"@type":"Person","@id":"https:\/\/blog.proclima.com\/de\/#\/schema\/person\/b3490e20200d5d45b8d56f555ceffc21","name":"Heide Merkel","description":"Fachjournalistin, Referentin, Steuerung Presse &amp; Digitale Medien bei Moll bau\u00f6kologische Produkte GmbH (pro clima). Als Japanologin und ausgebildete Redakteurin ist Heide eher zuf\u00e4llig in der Baubranche gelandet. Seit 2011 arbeitet sie f\u00fcr pro clima. Ihr Wissen zu effektiver Kommunikation gibt sie in Seminaren, Artikeln und Vortr\u00e4gen weiter. F\u00fcr den pro clima Blog, proclima.tv und das pro clima Bauradio interviewt sie interessante Menschen aus der Baubranche. Auf\u00a0 luftdichtheit-gepr\u00fcft.de bloggt Heide \u00fcber Leckagen, Luftdichtung und Qualit\u00e4ts\u00fcberpr\u00fcfung mit Blower-Door-Tests. Ihre Freizeit verbringt sie u.a. in den Vogesen, wo sie seit mehr als f\u00fcnf Jahren ein altes Bauernhaus saniert. Ihr neuestes Projekt:\u00a0 www.besser-als-marketing.de Hier gibt es Tipps, wie Unternehmen in der Baubranche ihre Sichtbarkeit erh\u00f6hen k\u00f6nnen. Die ersten Videos sind bereits online im Youtube Channel Wer mehr \u00fcber Heide Merkel erfahren m\u00f6chte, findet sie auf den g\u00e4ngigen Social Media Plattformen.","url":"https:\/\/blog.proclima.com\/de\/author\/gentner\/"}]}},"canto_acf_fields":"","_links":{"self":[{"href":"https:\/\/blog.proclima.com\/de\/wp-json\/wp\/v2\/posts\/4671","targetHints":{"allow":["GET"]}}],"collection":[{"href":"https:\/\/blog.proclima.com\/de\/wp-json\/wp\/v2\/posts"}],"about":[{"href":"https:\/\/blog.proclima.com\/de\/wp-json\/wp\/v2\/types\/post"}],"author":[{"embeddable":true,"href":"https:\/\/blog.proclima.com\/de\/wp-json\/wp\/v2\/users\/18"}],"replies":[{"embeddable":true,"href":"https:\/\/blog.proclima.com\/de\/wp-json\/wp\/v2\/comments?post=4671"}],"version-history":[{"count":5,"href":"https:\/\/blog.proclima.com\/de\/wp-json\/wp\/v2\/posts\/4671\/revisions"}],"predecessor-version":[{"id":4700,"href":"https:\/\/blog.proclima.com\/de\/wp-json\/wp\/v2\/posts\/4671\/revisions\/4700"}],"wp:attachment":[{"href":"https:\/\/blog.proclima.com\/de\/wp-json\/wp\/v2\/media?parent=4671"}],"wp:term":[{"taxonomy":"category","embeddable":true,"href":"https:\/\/blog.proclima.com\/de\/wp-json\/wp\/v2\/categories?post=4671"},{"taxonomy":"post_tag","embeddable":true,"href":"https:\/\/blog.proclima.com\/de\/wp-json\/wp\/v2\/tags?post=4671"}],"curies":[{"name":"wp","href":"https:\/\/api.w.org\/{rel}","templated":true}]}}