
{"id":4159,"date":"2014-12-19T10:30:56","date_gmt":"2014-12-19T09:30:56","guid":{"rendered":"http:\/\/blog.proclima.com\/de\/?p=4159"},"modified":"2015-01-08T08:24:39","modified_gmt":"2015-01-08T07:24:39","slug":"ihf-garmisch-2014","status":"publish","type":"post","link":"https:\/\/blog.proclima.com\/de\/2014\/12\/ihf-garmisch-2014\/","title":{"rendered":"R\u00fcckblick auf Internationales Holzbauforum 2014 in Garmisch-Partenkirchen: Hier zeigt sich die Affinit\u00e4t zum Werkstoff Holz"},"content":{"rendered":"<p><a href=\"https:\/\/blog.proclima.com\/de\/files\/2014\/12\/IMG_0044.jpg\"><img loading=\"lazy\" decoding=\"async\" class=\"aligncenter size-large wp-image-4171\" src=\"https:\/\/blog.proclima.com\/de\/files\/2014\/12\/IMG_0044-1024x768.jpg\" alt=\"IMG_0044\" width=\"584\" height=\"438\" srcset=\"https:\/\/blog.proclima.com\/de\/files\/2014\/12\/IMG_0044-1024x768.jpg 1024w, https:\/\/blog.proclima.com\/de\/files\/2014\/12\/IMG_0044-300x225.jpg 300w, https:\/\/blog.proclima.com\/de\/files\/2014\/12\/IMG_0044-768x576.jpg 768w, https:\/\/blog.proclima.com\/de\/files\/2014\/12\/IMG_0044-1536x1152.jpg 1536w, https:\/\/blog.proclima.com\/de\/files\/2014\/12\/IMG_0044-2048x1536.jpg 2048w, https:\/\/blog.proclima.com\/de\/files\/2014\/12\/IMG_0044-384x288.jpg 384w\" sizes=\"auto, (max-width: 584px) 100vw, 584px\" \/><\/a>Nachdem ich das Internationale Holzbauforum (IHF) in Garmisch 2010 zum ersten Mal besuchte \u2013 damals noch als Student der Hochschule Rosenheim und Praktikant bei pro clima \u2013\u00a0 war ich dieses Jahr wieder dabei f\u00fcr pro clima. Neben mir waren au\u00dferdem vor Ort: Michael F\u00f6rster (Leiter der pro clima Anwendungstechnik), Marcus Willink (WISSEN Wiki Redakteur) und\u00a0 vom Vertrieb Arnold Wittig.<\/p>\n<p>Wie in den Jahren zuvor, betreuten wir auch dieses Jahr wieder einen Stand in der Fachausstellung. Der g\u00fcnstig platzierte Stand bescherte uns viele interessante Gespr\u00e4che. Besucht haben uns vor allem Planer, Handwerker und Vertreter aus Industrie und Forschung bzw. Lehre.<\/p>\n<p>Nat\u00fcrlich hatten wir auch wieder Muster und Informationsmaterial zu unseren Produkten ausgestellt. Das IHF in Garmisch ist jedoch keine reine Produktmesse, vielmehr geht es um den gegenseitigen Austausch, die Vermittlung von Informationen und die Diskussion \u00fcber Themen den Holzbau betreffend. Das IHF in Garmisch ist DIE einschl\u00e4gige Veranstaltung des Jahres. Hier trifft sich das Who&#8217;s Who der Holzbaubranche. Allen gemeinsam ist die Affinit\u00e4t zum Holz bzw. zum Holzbau.<!--more--><\/p>\n<p>Besonders gefreut hat mich, dass ich vor Ort auch pro clima Partner getroffen habe, die ich bisher gar nicht oder nur vom Telefon oder der E-Mail her kannte. Jetzt hatte ich die Gelegenheit diese Menschen auch pers\u00f6nlich kennenzulernen. Au\u00dferdem habe ich ehemalige Kommilitonen und Professoren aus meiner Studienzeit wieder gesehen. Sch\u00f6n ist, dass ehemalige Kommilitonen zum Teil mittlerweile in Holzbaubetrieben arbeiten, die auch pro clima Produkte verarbeiten.<\/p>\n<p>Ich habe ein bisschen fotografiert und ein paar Eindr\u00fccke festgehalten:<\/p>\n<p><a href=\"https:\/\/blog.proclima.com\/de\/files\/2014\/12\/IMG_0049.jpg\"><img loading=\"lazy\" decoding=\"async\" class=\"aligncenter size-large wp-image-4173\" src=\"https:\/\/blog.proclima.com\/de\/files\/2014\/12\/IMG_0049-1024x768.jpg\" alt=\"IMG_0049\" width=\"584\" height=\"438\" srcset=\"https:\/\/blog.proclima.com\/de\/files\/2014\/12\/IMG_0049-1024x768.jpg 1024w, https:\/\/blog.proclima.com\/de\/files\/2014\/12\/IMG_0049-300x225.jpg 300w, https:\/\/blog.proclima.com\/de\/files\/2014\/12\/IMG_0049-768x576.jpg 768w, https:\/\/blog.proclima.com\/de\/files\/2014\/12\/IMG_0049-1536x1152.jpg 1536w, https:\/\/blog.proclima.com\/de\/files\/2014\/12\/IMG_0049-2048x1536.jpg 2048w, https:\/\/blog.proclima.com\/de\/files\/2014\/12\/IMG_0049-384x288.jpg 384w\" sizes=\"auto, (max-width: 584px) 100vw, 584px\" \/><\/a><a href=\"https:\/\/blog.proclima.com\/de\/files\/2014\/12\/IMG_0046.jpg\"><img loading=\"lazy\" decoding=\"async\" class=\"aligncenter size-large wp-image-4172\" src=\"https:\/\/blog.proclima.com\/de\/files\/2014\/12\/IMG_0046-1024x768.jpg\" alt=\"IMG_0046\" width=\"584\" height=\"438\" srcset=\"https:\/\/blog.proclima.com\/de\/files\/2014\/12\/IMG_0046-1024x768.jpg 1024w, https:\/\/blog.proclima.com\/de\/files\/2014\/12\/IMG_0046-300x225.jpg 300w, https:\/\/blog.proclima.com\/de\/files\/2014\/12\/IMG_0046-768x576.jpg 768w, https:\/\/blog.proclima.com\/de\/files\/2014\/12\/IMG_0046-1536x1152.jpg 1536w, https:\/\/blog.proclima.com\/de\/files\/2014\/12\/IMG_0046-2048x1536.jpg 2048w, https:\/\/blog.proclima.com\/de\/files\/2014\/12\/IMG_0046-384x288.jpg 384w\" sizes=\"auto, (max-width: 584px) 100vw, 584px\" \/><\/a><a href=\"https:\/\/blog.proclima.com\/de\/files\/2014\/12\/FullSizeRender.jpg\"><img loading=\"lazy\" decoding=\"async\" class=\"aligncenter size-large wp-image-4170\" src=\"https:\/\/blog.proclima.com\/de\/files\/2014\/12\/FullSizeRender-708x1024.jpg\" alt=\"FullSizeRender\" width=\"584\" height=\"845\" srcset=\"https:\/\/blog.proclima.com\/de\/files\/2014\/12\/FullSizeRender-708x1024.jpg 708w, https:\/\/blog.proclima.com\/de\/files\/2014\/12\/FullSizeRender-207x300.jpg 207w, https:\/\/blog.proclima.com\/de\/files\/2014\/12\/FullSizeRender-768x1111.jpg 768w, https:\/\/blog.proclima.com\/de\/files\/2014\/12\/FullSizeRender-1062x1536.jpg 1062w, https:\/\/blog.proclima.com\/de\/files\/2014\/12\/FullSizeRender-1415x2048.jpg 1415w, https:\/\/blog.proclima.com\/de\/files\/2014\/12\/FullSizeRender-265x384.jpg 265w, https:\/\/blog.proclima.com\/de\/files\/2014\/12\/FullSizeRender-scaled.jpg 1769w\" sizes=\"auto, (max-width: 584px) 100vw, 584px\" \/><\/a><a href=\"https:\/\/blog.proclima.com\/de\/files\/2014\/12\/IMG_0052.jpg\"><img loading=\"lazy\" decoding=\"async\" class=\"aligncenter size-large wp-image-4164\" src=\"https:\/\/blog.proclima.com\/de\/files\/2014\/12\/IMG_0052-1024x768.jpg\" alt=\"IMG_0052\" width=\"584\" height=\"438\" srcset=\"https:\/\/blog.proclima.com\/de\/files\/2014\/12\/IMG_0052-1024x768.jpg 1024w, https:\/\/blog.proclima.com\/de\/files\/2014\/12\/IMG_0052-300x225.jpg 300w, https:\/\/blog.proclima.com\/de\/files\/2014\/12\/IMG_0052-768x576.jpg 768w, https:\/\/blog.proclima.com\/de\/files\/2014\/12\/IMG_0052-1536x1152.jpg 1536w, https:\/\/blog.proclima.com\/de\/files\/2014\/12\/IMG_0052-2048x1536.jpg 2048w, https:\/\/blog.proclima.com\/de\/files\/2014\/12\/IMG_0052-384x288.jpg 384w\" sizes=\"auto, (max-width: 584px) 100vw, 584px\" \/><\/a><\/p>\n<p><strong class=\"size-large wp-image-4083\">\u00dcber mich<\/strong><\/p>\n<figure id=\"attachment_4165\" aria-describedby=\"caption-attachment-4165\" style=\"width: 225px\" class=\"wp-caption alignleft\"><a href=\"https:\/\/blog.proclima.com\/de\/files\/2014\/12\/IMG_1025.jpg\"><img loading=\"lazy\" decoding=\"async\" class=\"size-medium wp-image-4165\" src=\"https:\/\/blog.proclima.com\/de\/files\/2014\/12\/IMG_1025-225x300.jpg\" alt=\"Das bin ich beim IHF in Garmisch 2014.\" width=\"225\" height=\"300\" srcset=\"https:\/\/blog.proclima.com\/de\/files\/2014\/12\/IMG_1025-225x300.jpg 225w, https:\/\/blog.proclima.com\/de\/files\/2014\/12\/IMG_1025-768x1024.jpg 768w, https:\/\/blog.proclima.com\/de\/files\/2014\/12\/IMG_1025-1152x1536.jpg 1152w, https:\/\/blog.proclima.com\/de\/files\/2014\/12\/IMG_1025-1536x2048.jpg 1536w, https:\/\/blog.proclima.com\/de\/files\/2014\/12\/IMG_1025-288x384.jpg 288w, https:\/\/blog.proclima.com\/de\/files\/2014\/12\/IMG_1025-scaled.jpg 1920w\" sizes=\"auto, (max-width: 225px) 100vw, 225px\" \/><\/a><figcaption id=\"caption-attachment-4165\" class=\"wp-caption-text\">Das bin ich beim IHF in Garmisch 2014.<\/figcaption><\/figure>\n<p>Nach der Ausbildung zum Zimmerer, entschloss ich mich zur Weiterbildung im Bereich Holzbau. Nachdem ich anschlie\u00dfend das Abitur nachgeholt hatte, studierte ich dann an der Hochschule Rosenheim Holzbau und Ausbau. Bereist w\u00e4hrend des Studiums interessierte ich mich f\u00fcr die Bauphysik, weil es ein spannendes Thema abseits der \u00fcblichen T\u00e4tigkeit des Holzbauingenieurs im Bereich der Statik ist. \u00dcber dieses Interesse kam ich dann auch zu pro clima. Heute berate ich hier in der Anwendungstechnik Architekten, Verarbeiter, H\u00e4ndler sowie Bauherren und halte als Referent Vortr\u00e4ge zu den Themen Luftdichtung und Feuchteschutz. Aktuell leite ich jetzt auch das neue pro clima Seminar \u201cPraxisgerecht sanieren\u201d. Wenn Sie Interesse haben, schauen Sie vorbei:<br \/>\n<a href=\"https:\/\/de.proclima.com\/service\/seminare\/praxisgerecht-sanieren\" target=\"_blank\">https:\/\/de.proclima.com\/service\/seminare\/praxisgerecht-sanieren<\/a><br \/>\nErreichbar bin ich auch \u00fcber: <a href=\"mailto:%20stefan.hueckstaedt@proclima.de\" target=\"_blank\">stefan.hueckstaedt@proclima.de<\/a><\/p>\n<p><strong>Weitere Artikel von mir<\/strong><\/p>\n<ul>\n<li>Fotobuch Holzbau Klefenz: Dokumentation einer Dachsanierung<br \/>\n<a href=\"https:\/\/blog.proclima.com\/de\/2014\/10\/fotobuch-doku-sanierung\/\" target=\"_blank\">https:\/\/blog.proclima.com\/de\/2014\/10\/fotobuch-doku-sanierung\/<\/a><\/li>\n<li>Vortrag im Zimmerer Ausbildungszentrum in Biberach: Gro\u00dfes Interesse beim Thema Flachdach<br \/>\n<a href=\"https:\/\/blog.proclima.com\/de\/2014\/09\/ausbildzungszentrum-biberach\/\" target=\"_blank\">https:\/\/blog.proclima.com\/de\/2014\/09\/ausbildzungszentrum-biberach\/<\/a><\/li>\n<li>Oxfam-Trailwalker 2014: So war f\u00fcr mich der 100-Kilometer-Lauf<br \/>\n<a href=\"https:\/\/blog.proclima.com\/de\/2014\/07\/stefan-hueckstaedt-oxfam\/\" target=\"_blank\">https:\/\/blog.proclima.com\/de\/2014\/07\/stefan-hueckstaedt-oxfam\/<\/a><\/li>\n<\/ul>\n","protected":false},"excerpt":{"rendered":"<p>Nachdem ich das Internationale Holzbauforum (IHF) in Garmisch 2010 zum ersten Mal besuchte \u2013 damals noch als Student der Hochschule Rosenheim und Praktikant bei pro <a href=\"https:\/\/blog.proclima.com\/de\/2014\/12\/ihf-garmisch-2014\/\" rel=\"bookmark\">&#8230;<\/a><\/p>\n","protected":false},"author":24,"featured_media":0,"comment_status":"open","ping_status":"open","sticky":false,"template":"","format":"standard","meta":{"footnotes":""},"categories":[3],"tags":[764,435,433,454,542],"class_list":["post-4159","post","type-post","status-publish","format-standard","hentry","category-veranstaltung","tag-garmisch","tag-garmisch-partenkirchen","tag-ihf","tag-pro-clima-stand","tag-stefan-huckstadt"],"yoast_head":"<!-- This site is optimized with the Yoast SEO plugin v27.5 - https:\/\/yoast.com\/product\/yoast-seo-wordpress\/ -->\n<title>R\u00fcckblick auf Internationales Holzbauforum 2014 in Garmisch-Partenkirchen: Hier zeigt sich die Affinit\u00e4t zum Werkstoff Holz &#187; pro clima Blog - Deutschland<\/title>\n<meta name=\"robots\" content=\"index, follow, max-snippet:-1, max-image-preview:large, max-video-preview:-1\" \/>\n<link rel=\"canonical\" href=\"https:\/\/blog.proclima.com\/de\/2014\/12\/ihf-garmisch-2014\/\" \/>\n<meta property=\"og:locale\" content=\"de_DE\" \/>\n<meta property=\"og:type\" content=\"article\" \/>\n<meta property=\"og:title\" content=\"R\u00fcckblick auf Internationales Holzbauforum 2014 in Garmisch-Partenkirchen: Hier zeigt sich die Affinit\u00e4t zum Werkstoff Holz &#187; pro clima Blog - Deutschland\" \/>\n<meta property=\"og:description\" content=\"Nachdem ich das Internationale Holzbauforum (IHF) in Garmisch 2010 zum ersten Mal besuchte \u2013 damals noch als Student der Hochschule Rosenheim und Praktikant bei pro ...\" \/>\n<meta property=\"og:url\" content=\"https:\/\/blog.proclima.com\/de\/2014\/12\/ihf-garmisch-2014\/\" \/>\n<meta property=\"og:site_name\" content=\"pro clima Blog - Deutschland\" \/>\n<meta property=\"article:publisher\" content=\"https:\/\/www.facebook.com\/proclima\" \/>\n<meta property=\"article:published_time\" content=\"2014-12-19T09:30:56+00:00\" \/>\n<meta property=\"article:modified_time\" content=\"2015-01-08T07:24:39+00:00\" \/>\n<meta property=\"og:image\" content=\"https:\/\/blog.proclima.com\/de\/files\/2014\/12\/IMG_0044-scaled.jpg\" \/>\n\t<meta property=\"og:image:width\" content=\"2560\" \/>\n\t<meta property=\"og:image:height\" content=\"1920\" \/>\n\t<meta property=\"og:image:type\" content=\"image\/jpeg\" \/>\n<meta name=\"author\" content=\"Stefan H\u00fcckst\u00e4dt\" \/>\n<meta name=\"twitter:card\" content=\"summary_large_image\" \/>\n<meta name=\"twitter:creator\" content=\"@proclimaDE\" \/>\n<meta name=\"twitter:site\" content=\"@proclimaDE\" \/>\n<meta name=\"twitter:label1\" content=\"Verfasst von\" \/>\n\t<meta name=\"twitter:data1\" content=\"Stefan H\u00fcckst\u00e4dt\" \/>\n\t<meta name=\"twitter:label2\" content=\"Gesch\u00e4tzte Lesezeit\" \/>\n\t<meta name=\"twitter:data2\" content=\"2\u00a0Minuten\" \/>\n<script type=\"application\/ld+json\" class=\"yoast-schema-graph\">{\"@context\":\"https:\\\/\\\/schema.org\",\"@graph\":[{\"@type\":\"Article\",\"@id\":\"https:\\\/\\\/blog.proclima.com\\\/de\\\/2014\\\/12\\\/ihf-garmisch-2014\\\/#article\",\"isPartOf\":{\"@id\":\"https:\\\/\\\/blog.proclima.com\\\/de\\\/2014\\\/12\\\/ihf-garmisch-2014\\\/\"},\"author\":{\"name\":\"Stefan H\u00fcckst\u00e4dt\",\"@id\":\"https:\\\/\\\/blog.proclima.com\\\/de\\\/#\\\/schema\\\/person\\\/d8bba7d67c4bbe4ac1d0b64b66388926\"},\"headline\":\"R\u00fcckblick auf Internationales Holzbauforum 2014 in Garmisch-Partenkirchen: Hier zeigt sich die Affinit\u00e4t zum Werkstoff Holz\",\"datePublished\":\"2014-12-19T09:30:56+00:00\",\"dateModified\":\"2015-01-08T07:24:39+00:00\",\"mainEntityOfPage\":{\"@id\":\"https:\\\/\\\/blog.proclima.com\\\/de\\\/2014\\\/12\\\/ihf-garmisch-2014\\\/\"},\"wordCount\":463,\"commentCount\":1,\"publisher\":{\"@id\":\"https:\\\/\\\/blog.proclima.com\\\/de\\\/#organization\"},\"image\":{\"@id\":\"https:\\\/\\\/blog.proclima.com\\\/de\\\/2014\\\/12\\\/ihf-garmisch-2014\\\/#primaryimage\"},\"thumbnailUrl\":\"https:\\\/\\\/blog.proclima.com\\\/de\\\/files\\\/2014\\\/12\\\/IMG_0044-1024x768.jpg\",\"keywords\":[\"Garmisch\",\"Garmisch-Partenkirchen\",\"IHF\",\"pro clima stand\",\"Stefan H\u00fcckst\u00e4dt\"],\"articleSection\":[\"Veranstaltung\"],\"inLanguage\":\"de\",\"potentialAction\":[{\"@type\":\"CommentAction\",\"name\":\"Comment\",\"target\":[\"https:\\\/\\\/blog.proclima.com\\\/de\\\/2014\\\/12\\\/ihf-garmisch-2014\\\/#respond\"]}]},{\"@type\":\"WebPage\",\"@id\":\"https:\\\/\\\/blog.proclima.com\\\/de\\\/2014\\\/12\\\/ihf-garmisch-2014\\\/\",\"url\":\"https:\\\/\\\/blog.proclima.com\\\/de\\\/2014\\\/12\\\/ihf-garmisch-2014\\\/\",\"name\":\"R\u00fcckblick auf Internationales Holzbauforum 2014 in Garmisch-Partenkirchen: Hier zeigt sich die Affinit\u00e4t zum Werkstoff Holz &#187; pro clima Blog - Deutschland\",\"isPartOf\":{\"@id\":\"https:\\\/\\\/blog.proclima.com\\\/de\\\/#website\"},\"primaryImageOfPage\":{\"@id\":\"https:\\\/\\\/blog.proclima.com\\\/de\\\/2014\\\/12\\\/ihf-garmisch-2014\\\/#primaryimage\"},\"image\":{\"@id\":\"https:\\\/\\\/blog.proclima.com\\\/de\\\/2014\\\/12\\\/ihf-garmisch-2014\\\/#primaryimage\"},\"thumbnailUrl\":\"https:\\\/\\\/blog.proclima.com\\\/de\\\/files\\\/2014\\\/12\\\/IMG_0044-1024x768.jpg\",\"datePublished\":\"2014-12-19T09:30:56+00:00\",\"dateModified\":\"2015-01-08T07:24:39+00:00\",\"breadcrumb\":{\"@id\":\"https:\\\/\\\/blog.proclima.com\\\/de\\\/2014\\\/12\\\/ihf-garmisch-2014\\\/#breadcrumb\"},\"inLanguage\":\"de\",\"potentialAction\":[{\"@type\":\"ReadAction\",\"target\":[\"https:\\\/\\\/blog.proclima.com\\\/de\\\/2014\\\/12\\\/ihf-garmisch-2014\\\/\"]}]},{\"@type\":\"ImageObject\",\"inLanguage\":\"de\",\"@id\":\"https:\\\/\\\/blog.proclima.com\\\/de\\\/2014\\\/12\\\/ihf-garmisch-2014\\\/#primaryimage\",\"url\":\"https:\\\/\\\/blog.proclima.com\\\/de\\\/files\\\/2014\\\/12\\\/IMG_0044-scaled.jpg\",\"contentUrl\":\"https:\\\/\\\/blog.proclima.com\\\/de\\\/files\\\/2014\\\/12\\\/IMG_0044-scaled.jpg\",\"width\":2560,\"height\":1920},{\"@type\":\"BreadcrumbList\",\"@id\":\"https:\\\/\\\/blog.proclima.com\\\/de\\\/2014\\\/12\\\/ihf-garmisch-2014\\\/#breadcrumb\",\"itemListElement\":[{\"@type\":\"ListItem\",\"position\":1,\"name\":\"Startseite\",\"item\":\"https:\\\/\\\/blog.proclima.com\\\/de\\\/\"},{\"@type\":\"ListItem\",\"position\":2,\"name\":\"R\u00fcckblick auf Internationales Holzbauforum 2014 in Garmisch-Partenkirchen: Hier zeigt sich die Affinit\u00e4t zum Werkstoff Holz\"}]},{\"@type\":\"WebSite\",\"@id\":\"https:\\\/\\\/blog.proclima.com\\\/de\\\/#website\",\"url\":\"https:\\\/\\\/blog.proclima.com\\\/de\\\/\",\"name\":\"pro clima Blog - Deutschland\",\"description\":\"alles was pro clima bewegt\",\"publisher\":{\"@id\":\"https:\\\/\\\/blog.proclima.com\\\/de\\\/#organization\"},\"potentialAction\":[{\"@type\":\"SearchAction\",\"target\":{\"@type\":\"EntryPoint\",\"urlTemplate\":\"https:\\\/\\\/blog.proclima.com\\\/de\\\/?s={search_term_string}\"},\"query-input\":{\"@type\":\"PropertyValueSpecification\",\"valueRequired\":true,\"valueName\":\"search_term_string\"}}],\"inLanguage\":\"de\"},{\"@type\":\"Organization\",\"@id\":\"https:\\\/\\\/blog.proclima.com\\\/de\\\/#organization\",\"name\":\"pro clima - Moll bau\u00f6kologische Produkte GmbH\",\"url\":\"https:\\\/\\\/blog.proclima.com\\\/de\\\/\",\"logo\":{\"@type\":\"ImageObject\",\"inLanguage\":\"de\",\"@id\":\"https:\\\/\\\/blog.proclima.com\\\/de\\\/#\\\/schema\\\/logo\\\/image\\\/\",\"url\":\"https:\\\/\\\/blog.proclima.com\\\/de\\\/files\\\/2020\\\/04\\\/Logo-pro-clima.png\",\"contentUrl\":\"https:\\\/\\\/blog.proclima.com\\\/de\\\/files\\\/2020\\\/04\\\/Logo-pro-clima.png\",\"width\":4210,\"height\":4881,\"caption\":\"pro clima - Moll bau\u00f6kologische Produkte GmbH\"},\"image\":{\"@id\":\"https:\\\/\\\/blog.proclima.com\\\/de\\\/#\\\/schema\\\/logo\\\/image\\\/\"},\"sameAs\":[\"https:\\\/\\\/www.facebook.com\\\/proclima\",\"https:\\\/\\\/x.com\\\/proclimaDE\"]},{\"@type\":\"Person\",\"@id\":\"https:\\\/\\\/blog.proclima.com\\\/de\\\/#\\\/schema\\\/person\\\/d8bba7d67c4bbe4ac1d0b64b66388926\",\"name\":\"Stefan H\u00fcckst\u00e4dt\",\"description\":\"Dipl.-Ing.(FH) Holzbau und Ausbau Zertifizierter Sachverst\u00e4ndiger f\u00fcr hygrothermische Bauphysik gelernter Zimmerer In der pro clima Technik-Hotline ber\u00e4t Stefan H\u00fcckst\u00e4dt Planer und Verarbeiter und h\u00e4lt Vortr\u00e4ge zu Themen rund um Luftdichtung und Feuchteschutz. F\u00fcr die pro clima Wissenswerkstatt fungiert er als Referent bei den Seminaren \u201cSicher dichten\u201d und \u201cPraxisgerecht sanieren\u201c sowie bei diversen Online-Seminaren. Er schreibt Fachartikel zu einschl\u00e4gigen Themen und ist weiterhin in verschiedenen Verb\u00e4nden und Fachgremien aktiv t\u00e4tig - z.B. Vorstand im FLiB, in mehreren WTA-Arbeitsgruppen oder dem Normungsausschuss zur DIN 4108-7.\",\"url\":\"https:\\\/\\\/blog.proclima.com\\\/de\\\/author\\\/hueckstaedt\\\/\"}]}<\/script>\n<!-- \/ Yoast SEO plugin. -->","yoast_head_json":{"title":"R\u00fcckblick auf Internationales Holzbauforum 2014 in Garmisch-Partenkirchen: Hier zeigt sich die Affinit\u00e4t zum Werkstoff Holz &#187; pro clima Blog - Deutschland","robots":{"index":"index","follow":"follow","max-snippet":"max-snippet:-1","max-image-preview":"max-image-preview:large","max-video-preview":"max-video-preview:-1"},"canonical":"https:\/\/blog.proclima.com\/de\/2014\/12\/ihf-garmisch-2014\/","og_locale":"de_DE","og_type":"article","og_title":"R\u00fcckblick auf Internationales Holzbauforum 2014 in Garmisch-Partenkirchen: Hier zeigt sich die Affinit\u00e4t zum Werkstoff Holz &#187; pro clima Blog - Deutschland","og_description":"Nachdem ich das Internationale Holzbauforum (IHF) in Garmisch 2010 zum ersten Mal besuchte \u2013 damals noch als Student der Hochschule Rosenheim und Praktikant bei pro ...","og_url":"https:\/\/blog.proclima.com\/de\/2014\/12\/ihf-garmisch-2014\/","og_site_name":"pro clima Blog - Deutschland","article_publisher":"https:\/\/www.facebook.com\/proclima","article_published_time":"2014-12-19T09:30:56+00:00","article_modified_time":"2015-01-08T07:24:39+00:00","og_image":[{"width":2560,"height":1920,"url":"https:\/\/blog.proclima.com\/de\/files\/2014\/12\/IMG_0044-scaled.jpg","type":"image\/jpeg"}],"author":"Stefan H\u00fcckst\u00e4dt","twitter_card":"summary_large_image","twitter_creator":"@proclimaDE","twitter_site":"@proclimaDE","twitter_misc":{"Verfasst von":"Stefan H\u00fcckst\u00e4dt","Gesch\u00e4tzte Lesezeit":"2\u00a0Minuten"},"schema":{"@context":"https:\/\/schema.org","@graph":[{"@type":"Article","@id":"https:\/\/blog.proclima.com\/de\/2014\/12\/ihf-garmisch-2014\/#article","isPartOf":{"@id":"https:\/\/blog.proclima.com\/de\/2014\/12\/ihf-garmisch-2014\/"},"author":{"name":"Stefan H\u00fcckst\u00e4dt","@id":"https:\/\/blog.proclima.com\/de\/#\/schema\/person\/d8bba7d67c4bbe4ac1d0b64b66388926"},"headline":"R\u00fcckblick auf Internationales Holzbauforum 2014 in Garmisch-Partenkirchen: Hier zeigt sich die Affinit\u00e4t zum Werkstoff Holz","datePublished":"2014-12-19T09:30:56+00:00","dateModified":"2015-01-08T07:24:39+00:00","mainEntityOfPage":{"@id":"https:\/\/blog.proclima.com\/de\/2014\/12\/ihf-garmisch-2014\/"},"wordCount":463,"commentCount":1,"publisher":{"@id":"https:\/\/blog.proclima.com\/de\/#organization"},"image":{"@id":"https:\/\/blog.proclima.com\/de\/2014\/12\/ihf-garmisch-2014\/#primaryimage"},"thumbnailUrl":"https:\/\/blog.proclima.com\/de\/files\/2014\/12\/IMG_0044-1024x768.jpg","keywords":["Garmisch","Garmisch-Partenkirchen","IHF","pro clima stand","Stefan H\u00fcckst\u00e4dt"],"articleSection":["Veranstaltung"],"inLanguage":"de","potentialAction":[{"@type":"CommentAction","name":"Comment","target":["https:\/\/blog.proclima.com\/de\/2014\/12\/ihf-garmisch-2014\/#respond"]}]},{"@type":"WebPage","@id":"https:\/\/blog.proclima.com\/de\/2014\/12\/ihf-garmisch-2014\/","url":"https:\/\/blog.proclima.com\/de\/2014\/12\/ihf-garmisch-2014\/","name":"R\u00fcckblick auf Internationales Holzbauforum 2014 in Garmisch-Partenkirchen: Hier zeigt sich die Affinit\u00e4t zum Werkstoff Holz &#187; pro clima Blog - Deutschland","isPartOf":{"@id":"https:\/\/blog.proclima.com\/de\/#website"},"primaryImageOfPage":{"@id":"https:\/\/blog.proclima.com\/de\/2014\/12\/ihf-garmisch-2014\/#primaryimage"},"image":{"@id":"https:\/\/blog.proclima.com\/de\/2014\/12\/ihf-garmisch-2014\/#primaryimage"},"thumbnailUrl":"https:\/\/blog.proclima.com\/de\/files\/2014\/12\/IMG_0044-1024x768.jpg","datePublished":"2014-12-19T09:30:56+00:00","dateModified":"2015-01-08T07:24:39+00:00","breadcrumb":{"@id":"https:\/\/blog.proclima.com\/de\/2014\/12\/ihf-garmisch-2014\/#breadcrumb"},"inLanguage":"de","potentialAction":[{"@type":"ReadAction","target":["https:\/\/blog.proclima.com\/de\/2014\/12\/ihf-garmisch-2014\/"]}]},{"@type":"ImageObject","inLanguage":"de","@id":"https:\/\/blog.proclima.com\/de\/2014\/12\/ihf-garmisch-2014\/#primaryimage","url":"https:\/\/blog.proclima.com\/de\/files\/2014\/12\/IMG_0044-scaled.jpg","contentUrl":"https:\/\/blog.proclima.com\/de\/files\/2014\/12\/IMG_0044-scaled.jpg","width":2560,"height":1920},{"@type":"BreadcrumbList","@id":"https:\/\/blog.proclima.com\/de\/2014\/12\/ihf-garmisch-2014\/#breadcrumb","itemListElement":[{"@type":"ListItem","position":1,"name":"Startseite","item":"https:\/\/blog.proclima.com\/de\/"},{"@type":"ListItem","position":2,"name":"R\u00fcckblick auf Internationales Holzbauforum 2014 in Garmisch-Partenkirchen: Hier zeigt sich die Affinit\u00e4t zum Werkstoff Holz"}]},{"@type":"WebSite","@id":"https:\/\/blog.proclima.com\/de\/#website","url":"https:\/\/blog.proclima.com\/de\/","name":"pro clima Blog - Deutschland","description":"alles was pro clima bewegt","publisher":{"@id":"https:\/\/blog.proclima.com\/de\/#organization"},"potentialAction":[{"@type":"SearchAction","target":{"@type":"EntryPoint","urlTemplate":"https:\/\/blog.proclima.com\/de\/?s={search_term_string}"},"query-input":{"@type":"PropertyValueSpecification","valueRequired":true,"valueName":"search_term_string"}}],"inLanguage":"de"},{"@type":"Organization","@id":"https:\/\/blog.proclima.com\/de\/#organization","name":"pro clima - Moll bau\u00f6kologische Produkte GmbH","url":"https:\/\/blog.proclima.com\/de\/","logo":{"@type":"ImageObject","inLanguage":"de","@id":"https:\/\/blog.proclima.com\/de\/#\/schema\/logo\/image\/","url":"https:\/\/blog.proclima.com\/de\/files\/2020\/04\/Logo-pro-clima.png","contentUrl":"https:\/\/blog.proclima.com\/de\/files\/2020\/04\/Logo-pro-clima.png","width":4210,"height":4881,"caption":"pro clima - Moll bau\u00f6kologische Produkte GmbH"},"image":{"@id":"https:\/\/blog.proclima.com\/de\/#\/schema\/logo\/image\/"},"sameAs":["https:\/\/www.facebook.com\/proclima","https:\/\/x.com\/proclimaDE"]},{"@type":"Person","@id":"https:\/\/blog.proclima.com\/de\/#\/schema\/person\/d8bba7d67c4bbe4ac1d0b64b66388926","name":"Stefan H\u00fcckst\u00e4dt","description":"Dipl.-Ing.(FH) Holzbau und Ausbau Zertifizierter Sachverst\u00e4ndiger f\u00fcr hygrothermische Bauphysik gelernter Zimmerer In der pro clima Technik-Hotline ber\u00e4t Stefan H\u00fcckst\u00e4dt Planer und Verarbeiter und h\u00e4lt Vortr\u00e4ge zu Themen rund um Luftdichtung und Feuchteschutz. F\u00fcr die pro clima Wissenswerkstatt fungiert er als Referent bei den Seminaren \u201cSicher dichten\u201d und \u201cPraxisgerecht sanieren\u201c sowie bei diversen Online-Seminaren. Er schreibt Fachartikel zu einschl\u00e4gigen Themen und ist weiterhin in verschiedenen Verb\u00e4nden und Fachgremien aktiv t\u00e4tig - z.B. Vorstand im FLiB, in mehreren WTA-Arbeitsgruppen oder dem Normungsausschuss zur DIN 4108-7.","url":"https:\/\/blog.proclima.com\/de\/author\/hueckstaedt\/"}]}},"canto_acf_fields":"","_links":{"self":[{"href":"https:\/\/blog.proclima.com\/de\/wp-json\/wp\/v2\/posts\/4159","targetHints":{"allow":["GET"]}}],"collection":[{"href":"https:\/\/blog.proclima.com\/de\/wp-json\/wp\/v2\/posts"}],"about":[{"href":"https:\/\/blog.proclima.com\/de\/wp-json\/wp\/v2\/types\/post"}],"author":[{"embeddable":true,"href":"https:\/\/blog.proclima.com\/de\/wp-json\/wp\/v2\/users\/24"}],"replies":[{"embeddable":true,"href":"https:\/\/blog.proclima.com\/de\/wp-json\/wp\/v2\/comments?post=4159"}],"version-history":[{"count":7,"href":"https:\/\/blog.proclima.com\/de\/wp-json\/wp\/v2\/posts\/4159\/revisions"}],"predecessor-version":[{"id":4211,"href":"https:\/\/blog.proclima.com\/de\/wp-json\/wp\/v2\/posts\/4159\/revisions\/4211"}],"wp:attachment":[{"href":"https:\/\/blog.proclima.com\/de\/wp-json\/wp\/v2\/media?parent=4159"}],"wp:term":[{"taxonomy":"category","embeddable":true,"href":"https:\/\/blog.proclima.com\/de\/wp-json\/wp\/v2\/categories?post=4159"},{"taxonomy":"post_tag","embeddable":true,"href":"https:\/\/blog.proclima.com\/de\/wp-json\/wp\/v2\/tags?post=4159"}],"curies":[{"name":"wp","href":"https:\/\/api.w.org\/{rel}","templated":true}]}}