
{"id":4139,"date":"2014-12-01T20:58:31","date_gmt":"2014-12-01T19:58:31","guid":{"rendered":"http:\/\/blog.proclima.com\/de\/?p=4139"},"modified":"2014-12-01T20:58:31","modified_gmt":"2014-12-01T19:58:31","slug":"schnittstelle-baustelle-2015","status":"publish","type":"post","link":"https:\/\/blog.proclima.com\/de\/2014\/12\/schnittstelle-baustelle-2015\/","title":{"rendered":"Schnittstelle Baustelle 2015: Acht neue Termine und Orte"},"content":{"rendered":"<p><a href=\"http:\/\/schnittstelle-baustelle.de\/\" target=\"_blank\"><img loading=\"lazy\" decoding=\"async\" data-size=\"1289x886\" class=\"aligncenter wp-image-4141 size-large\" src=\"https:\/\/blog.proclima.com\/de\/files\/2014\/12\/screenshot-1024x703.jpg\" alt=\"screenshot\" width=\"584\" height=\"400\" \/><\/a>Die neuen Tourdaten der beliebten gewerke\u00fcbergreifenden Kompaktschulung Schnittstelle Baustelle stehen fest:<\/p>\n<p><strong>Schnittstelle Baustelle 2015: Neue Termine, neues Programm und neue Orte<\/strong><br \/>\n<a href=\"http:\/\/blog.schnittstelle-baustelle.de\/2014\/schnittbau-2015\/\" target=\"_blank\">http:\/\/blog.schnittstelle-baustelle.de\/2014\/schnittbau-2015\/<\/a><\/p>\n","protected":false},"excerpt":{"rendered":"<p>Die neuen Tourdaten der beliebten gewerke\u00fcbergreifenden Kompaktschulung Schnittstelle Baustelle stehen fest: Schnittstelle Baustelle 2015: Neue Termine, neues Programm und neue Orte http:\/\/blog.schnittstelle-baustelle.de\/2014\/schnittbau-2015\/<\/p>\n","protected":false},"author":18,"featured_media":0,"comment_status":"open","ping_status":"open","sticky":false,"template":"","format":"standard","meta":{"footnotes":""},"categories":[440],"tags":[],"class_list":["post-4139","post","type-post","status-publish","format-standard","hentry","category-schnittstelle-baustelle"],"yoast_head":"<!-- This site is optimized with the Yoast SEO plugin v27.5 - https:\/\/yoast.com\/product\/yoast-seo-wordpress\/ -->\n<title>Schnittstelle Baustelle 2015: Acht neue Termine und Orte  &#187; pro clima Blog - Deutschland<\/title>\n<meta name=\"robots\" content=\"index, follow, max-snippet:-1, max-image-preview:large, max-video-preview:-1\" \/>\n<link rel=\"canonical\" href=\"https:\/\/blog.proclima.com\/de\/2014\/12\/schnittstelle-baustelle-2015\/\" \/>\n<meta property=\"og:locale\" content=\"de_DE\" \/>\n<meta property=\"og:type\" content=\"article\" \/>\n<meta property=\"og:title\" content=\"Schnittstelle Baustelle 2015: Acht neue Termine und Orte  &#187; pro clima Blog - Deutschland\" \/>\n<meta property=\"og:description\" content=\"Die neuen Tourdaten der beliebten gewerke\u00fcbergreifenden Kompaktschulung Schnittstelle Baustelle stehen fest: Schnittstelle Baustelle 2015: Neue Termine, neues Programm und neue Orte http:\/\/blog.schnittstelle-baustelle.de\/2014\/schnittbau-2015\/\" \/>\n<meta property=\"og:url\" content=\"https:\/\/blog.proclima.com\/de\/2014\/12\/schnittstelle-baustelle-2015\/\" \/>\n<meta property=\"og:site_name\" content=\"pro clima Blog - Deutschland\" \/>\n<meta property=\"article:publisher\" content=\"https:\/\/www.facebook.com\/proclima\" \/>\n<meta property=\"article:published_time\" content=\"2014-12-01T19:58:31+00:00\" \/>\n<meta property=\"og:image\" content=\"https:\/\/blog.proclima.com\/de\/files\/2014\/12\/screenshot.jpg\" \/>\n\t<meta property=\"og:image:width\" content=\"1289\" \/>\n\t<meta property=\"og:image:height\" content=\"886\" \/>\n\t<meta property=\"og:image:type\" content=\"image\/jpeg\" \/>\n<meta name=\"author\" content=\"Heide Merkel\" \/>\n<meta name=\"twitter:card\" content=\"summary_large_image\" \/>\n<meta name=\"twitter:creator\" content=\"@proclimaDE\" \/>\n<meta name=\"twitter:site\" content=\"@proclimaDE\" \/>\n<meta name=\"twitter:label1\" content=\"Verfasst von\" \/>\n\t<meta name=\"twitter:data1\" content=\"Heide Merkel\" \/>\n<script type=\"application\/ld+json\" class=\"yoast-schema-graph\">{\"@context\":\"https:\\\/\\\/schema.org\",\"@graph\":[{\"@type\":\"Article\",\"@id\":\"https:\\\/\\\/blog.proclima.com\\\/de\\\/2014\\\/12\\\/schnittstelle-baustelle-2015\\\/#article\",\"isPartOf\":{\"@id\":\"https:\\\/\\\/blog.proclima.com\\\/de\\\/2014\\\/12\\\/schnittstelle-baustelle-2015\\\/\"},\"author\":{\"name\":\"Heide Merkel\",\"@id\":\"https:\\\/\\\/blog.proclima.com\\\/de\\\/#\\\/schema\\\/person\\\/b3490e20200d5d45b8d56f555ceffc21\"},\"headline\":\"Schnittstelle Baustelle 2015: Acht neue Termine und Orte\",\"datePublished\":\"2014-12-01T19:58:31+00:00\",\"mainEntityOfPage\":{\"@id\":\"https:\\\/\\\/blog.proclima.com\\\/de\\\/2014\\\/12\\\/schnittstelle-baustelle-2015\\\/\"},\"wordCount\":33,\"commentCount\":0,\"publisher\":{\"@id\":\"https:\\\/\\\/blog.proclima.com\\\/de\\\/#organization\"},\"image\":{\"@id\":\"https:\\\/\\\/blog.proclima.com\\\/de\\\/2014\\\/12\\\/schnittstelle-baustelle-2015\\\/#primaryimage\"},\"thumbnailUrl\":\"https:\\\/\\\/blog.proclima.com\\\/de\\\/files\\\/2014\\\/12\\\/screenshot-1024x703.jpg\",\"articleSection\":[\"Schnittstelle Baustelle\"],\"inLanguage\":\"de\",\"potentialAction\":[{\"@type\":\"CommentAction\",\"name\":\"Comment\",\"target\":[\"https:\\\/\\\/blog.proclima.com\\\/de\\\/2014\\\/12\\\/schnittstelle-baustelle-2015\\\/#respond\"]}]},{\"@type\":\"WebPage\",\"@id\":\"https:\\\/\\\/blog.proclima.com\\\/de\\\/2014\\\/12\\\/schnittstelle-baustelle-2015\\\/\",\"url\":\"https:\\\/\\\/blog.proclima.com\\\/de\\\/2014\\\/12\\\/schnittstelle-baustelle-2015\\\/\",\"name\":\"Schnittstelle Baustelle 2015: Acht neue Termine und Orte &#187; pro clima Blog - Deutschland\",\"isPartOf\":{\"@id\":\"https:\\\/\\\/blog.proclima.com\\\/de\\\/#website\"},\"primaryImageOfPage\":{\"@id\":\"https:\\\/\\\/blog.proclima.com\\\/de\\\/2014\\\/12\\\/schnittstelle-baustelle-2015\\\/#primaryimage\"},\"image\":{\"@id\":\"https:\\\/\\\/blog.proclima.com\\\/de\\\/2014\\\/12\\\/schnittstelle-baustelle-2015\\\/#primaryimage\"},\"thumbnailUrl\":\"https:\\\/\\\/blog.proclima.com\\\/de\\\/files\\\/2014\\\/12\\\/screenshot-1024x703.jpg\",\"datePublished\":\"2014-12-01T19:58:31+00:00\",\"breadcrumb\":{\"@id\":\"https:\\\/\\\/blog.proclima.com\\\/de\\\/2014\\\/12\\\/schnittstelle-baustelle-2015\\\/#breadcrumb\"},\"inLanguage\":\"de\",\"potentialAction\":[{\"@type\":\"ReadAction\",\"target\":[\"https:\\\/\\\/blog.proclima.com\\\/de\\\/2014\\\/12\\\/schnittstelle-baustelle-2015\\\/\"]}]},{\"@type\":\"ImageObject\",\"inLanguage\":\"de\",\"@id\":\"https:\\\/\\\/blog.proclima.com\\\/de\\\/2014\\\/12\\\/schnittstelle-baustelle-2015\\\/#primaryimage\",\"url\":\"https:\\\/\\\/blog.proclima.com\\\/de\\\/files\\\/2014\\\/12\\\/screenshot.jpg\",\"contentUrl\":\"https:\\\/\\\/blog.proclima.com\\\/de\\\/files\\\/2014\\\/12\\\/screenshot.jpg\",\"width\":1289,\"height\":886},{\"@type\":\"BreadcrumbList\",\"@id\":\"https:\\\/\\\/blog.proclima.com\\\/de\\\/2014\\\/12\\\/schnittstelle-baustelle-2015\\\/#breadcrumb\",\"itemListElement\":[{\"@type\":\"ListItem\",\"position\":1,\"name\":\"Startseite\",\"item\":\"https:\\\/\\\/blog.proclima.com\\\/de\\\/\"},{\"@type\":\"ListItem\",\"position\":2,\"name\":\"Schnittstelle Baustelle 2015: Acht neue Termine und Orte\"}]},{\"@type\":\"WebSite\",\"@id\":\"https:\\\/\\\/blog.proclima.com\\\/de\\\/#website\",\"url\":\"https:\\\/\\\/blog.proclima.com\\\/de\\\/\",\"name\":\"pro clima Blog - Deutschland\",\"description\":\"alles was pro clima bewegt\",\"publisher\":{\"@id\":\"https:\\\/\\\/blog.proclima.com\\\/de\\\/#organization\"},\"potentialAction\":[{\"@type\":\"SearchAction\",\"target\":{\"@type\":\"EntryPoint\",\"urlTemplate\":\"https:\\\/\\\/blog.proclima.com\\\/de\\\/?s={search_term_string}\"},\"query-input\":{\"@type\":\"PropertyValueSpecification\",\"valueRequired\":true,\"valueName\":\"search_term_string\"}}],\"inLanguage\":\"de\"},{\"@type\":\"Organization\",\"@id\":\"https:\\\/\\\/blog.proclima.com\\\/de\\\/#organization\",\"name\":\"pro clima - Moll bau\u00f6kologische Produkte GmbH\",\"url\":\"https:\\\/\\\/blog.proclima.com\\\/de\\\/\",\"logo\":{\"@type\":\"ImageObject\",\"inLanguage\":\"de\",\"@id\":\"https:\\\/\\\/blog.proclima.com\\\/de\\\/#\\\/schema\\\/logo\\\/image\\\/\",\"url\":\"https:\\\/\\\/blog.proclima.com\\\/de\\\/files\\\/2020\\\/04\\\/Logo-pro-clima.png\",\"contentUrl\":\"https:\\\/\\\/blog.proclima.com\\\/de\\\/files\\\/2020\\\/04\\\/Logo-pro-clima.png\",\"width\":4210,\"height\":4881,\"caption\":\"pro clima - Moll bau\u00f6kologische Produkte GmbH\"},\"image\":{\"@id\":\"https:\\\/\\\/blog.proclima.com\\\/de\\\/#\\\/schema\\\/logo\\\/image\\\/\"},\"sameAs\":[\"https:\\\/\\\/www.facebook.com\\\/proclima\",\"https:\\\/\\\/x.com\\\/proclimaDE\"]},{\"@type\":\"Person\",\"@id\":\"https:\\\/\\\/blog.proclima.com\\\/de\\\/#\\\/schema\\\/person\\\/b3490e20200d5d45b8d56f555ceffc21\",\"name\":\"Heide Merkel\",\"description\":\"Fachjournalistin, Referentin, Steuerung Presse &amp; Digitale Medien bei Moll bau\u00f6kologische Produkte GmbH (pro clima). Als Japanologin und ausgebildete Redakteurin ist Heide eher zuf\u00e4llig in der Baubranche gelandet. Seit 2011 arbeitet sie f\u00fcr pro clima. Ihr Wissen zu effektiver Kommunikation gibt sie in Seminaren, Artikeln und Vortr\u00e4gen weiter. F\u00fcr den pro clima Blog, proclima.tv und das pro clima Bauradio interviewt sie interessante Menschen aus der Baubranche. Auf\u00a0 luftdichtheit-gepr\u00fcft.de bloggt Heide \u00fcber Leckagen, Luftdichtung und Qualit\u00e4ts\u00fcberpr\u00fcfung mit Blower-Door-Tests. Ihre Freizeit verbringt sie u.a. in den Vogesen, wo sie seit mehr als f\u00fcnf Jahren ein altes Bauernhaus saniert. Ihr neuestes Projekt:\u00a0 www.besser-als-marketing.de Hier gibt es Tipps, wie Unternehmen in der Baubranche ihre Sichtbarkeit erh\u00f6hen k\u00f6nnen. Die ersten Videos sind bereits online im Youtube Channel Wer mehr \u00fcber Heide Merkel erfahren m\u00f6chte, findet sie auf den g\u00e4ngigen Social Media Plattformen.\",\"url\":\"https:\\\/\\\/blog.proclima.com\\\/de\\\/author\\\/gentner\\\/\"}]}<\/script>\n<!-- \/ Yoast SEO plugin. -->","yoast_head_json":{"title":"Schnittstelle Baustelle 2015: Acht neue Termine und Orte  &#187; pro clima Blog - Deutschland","robots":{"index":"index","follow":"follow","max-snippet":"max-snippet:-1","max-image-preview":"max-image-preview:large","max-video-preview":"max-video-preview:-1"},"canonical":"https:\/\/blog.proclima.com\/de\/2014\/12\/schnittstelle-baustelle-2015\/","og_locale":"de_DE","og_type":"article","og_title":"Schnittstelle Baustelle 2015: Acht neue Termine und Orte  &#187; pro clima Blog - Deutschland","og_description":"Die neuen Tourdaten der beliebten gewerke\u00fcbergreifenden Kompaktschulung Schnittstelle Baustelle stehen fest: Schnittstelle Baustelle 2015: Neue Termine, neues Programm und neue Orte http:\/\/blog.schnittstelle-baustelle.de\/2014\/schnittbau-2015\/","og_url":"https:\/\/blog.proclima.com\/de\/2014\/12\/schnittstelle-baustelle-2015\/","og_site_name":"pro clima Blog - Deutschland","article_publisher":"https:\/\/www.facebook.com\/proclima","article_published_time":"2014-12-01T19:58:31+00:00","og_image":[{"width":1289,"height":886,"url":"https:\/\/blog.proclima.com\/de\/files\/2014\/12\/screenshot.jpg","type":"image\/jpeg"}],"author":"Heide Merkel","twitter_card":"summary_large_image","twitter_creator":"@proclimaDE","twitter_site":"@proclimaDE","twitter_misc":{"Verfasst von":"Heide Merkel"},"schema":{"@context":"https:\/\/schema.org","@graph":[{"@type":"Article","@id":"https:\/\/blog.proclima.com\/de\/2014\/12\/schnittstelle-baustelle-2015\/#article","isPartOf":{"@id":"https:\/\/blog.proclima.com\/de\/2014\/12\/schnittstelle-baustelle-2015\/"},"author":{"name":"Heide Merkel","@id":"https:\/\/blog.proclima.com\/de\/#\/schema\/person\/b3490e20200d5d45b8d56f555ceffc21"},"headline":"Schnittstelle Baustelle 2015: Acht neue Termine und Orte","datePublished":"2014-12-01T19:58:31+00:00","mainEntityOfPage":{"@id":"https:\/\/blog.proclima.com\/de\/2014\/12\/schnittstelle-baustelle-2015\/"},"wordCount":33,"commentCount":0,"publisher":{"@id":"https:\/\/blog.proclima.com\/de\/#organization"},"image":{"@id":"https:\/\/blog.proclima.com\/de\/2014\/12\/schnittstelle-baustelle-2015\/#primaryimage"},"thumbnailUrl":"https:\/\/blog.proclima.com\/de\/files\/2014\/12\/screenshot-1024x703.jpg","articleSection":["Schnittstelle Baustelle"],"inLanguage":"de","potentialAction":[{"@type":"CommentAction","name":"Comment","target":["https:\/\/blog.proclima.com\/de\/2014\/12\/schnittstelle-baustelle-2015\/#respond"]}]},{"@type":"WebPage","@id":"https:\/\/blog.proclima.com\/de\/2014\/12\/schnittstelle-baustelle-2015\/","url":"https:\/\/blog.proclima.com\/de\/2014\/12\/schnittstelle-baustelle-2015\/","name":"Schnittstelle Baustelle 2015: Acht neue Termine und Orte &#187; pro clima Blog - Deutschland","isPartOf":{"@id":"https:\/\/blog.proclima.com\/de\/#website"},"primaryImageOfPage":{"@id":"https:\/\/blog.proclima.com\/de\/2014\/12\/schnittstelle-baustelle-2015\/#primaryimage"},"image":{"@id":"https:\/\/blog.proclima.com\/de\/2014\/12\/schnittstelle-baustelle-2015\/#primaryimage"},"thumbnailUrl":"https:\/\/blog.proclima.com\/de\/files\/2014\/12\/screenshot-1024x703.jpg","datePublished":"2014-12-01T19:58:31+00:00","breadcrumb":{"@id":"https:\/\/blog.proclima.com\/de\/2014\/12\/schnittstelle-baustelle-2015\/#breadcrumb"},"inLanguage":"de","potentialAction":[{"@type":"ReadAction","target":["https:\/\/blog.proclima.com\/de\/2014\/12\/schnittstelle-baustelle-2015\/"]}]},{"@type":"ImageObject","inLanguage":"de","@id":"https:\/\/blog.proclima.com\/de\/2014\/12\/schnittstelle-baustelle-2015\/#primaryimage","url":"https:\/\/blog.proclima.com\/de\/files\/2014\/12\/screenshot.jpg","contentUrl":"https:\/\/blog.proclima.com\/de\/files\/2014\/12\/screenshot.jpg","width":1289,"height":886},{"@type":"BreadcrumbList","@id":"https:\/\/blog.proclima.com\/de\/2014\/12\/schnittstelle-baustelle-2015\/#breadcrumb","itemListElement":[{"@type":"ListItem","position":1,"name":"Startseite","item":"https:\/\/blog.proclima.com\/de\/"},{"@type":"ListItem","position":2,"name":"Schnittstelle Baustelle 2015: Acht neue Termine und Orte"}]},{"@type":"WebSite","@id":"https:\/\/blog.proclima.com\/de\/#website","url":"https:\/\/blog.proclima.com\/de\/","name":"pro clima Blog - Deutschland","description":"alles was pro clima bewegt","publisher":{"@id":"https:\/\/blog.proclima.com\/de\/#organization"},"potentialAction":[{"@type":"SearchAction","target":{"@type":"EntryPoint","urlTemplate":"https:\/\/blog.proclima.com\/de\/?s={search_term_string}"},"query-input":{"@type":"PropertyValueSpecification","valueRequired":true,"valueName":"search_term_string"}}],"inLanguage":"de"},{"@type":"Organization","@id":"https:\/\/blog.proclima.com\/de\/#organization","name":"pro clima - Moll bau\u00f6kologische Produkte GmbH","url":"https:\/\/blog.proclima.com\/de\/","logo":{"@type":"ImageObject","inLanguage":"de","@id":"https:\/\/blog.proclima.com\/de\/#\/schema\/logo\/image\/","url":"https:\/\/blog.proclima.com\/de\/files\/2020\/04\/Logo-pro-clima.png","contentUrl":"https:\/\/blog.proclima.com\/de\/files\/2020\/04\/Logo-pro-clima.png","width":4210,"height":4881,"caption":"pro clima - Moll bau\u00f6kologische Produkte GmbH"},"image":{"@id":"https:\/\/blog.proclima.com\/de\/#\/schema\/logo\/image\/"},"sameAs":["https:\/\/www.facebook.com\/proclima","https:\/\/x.com\/proclimaDE"]},{"@type":"Person","@id":"https:\/\/blog.proclima.com\/de\/#\/schema\/person\/b3490e20200d5d45b8d56f555ceffc21","name":"Heide Merkel","description":"Fachjournalistin, Referentin, Steuerung Presse &amp; Digitale Medien bei Moll bau\u00f6kologische Produkte GmbH (pro clima). Als Japanologin und ausgebildete Redakteurin ist Heide eher zuf\u00e4llig in der Baubranche gelandet. Seit 2011 arbeitet sie f\u00fcr pro clima. Ihr Wissen zu effektiver Kommunikation gibt sie in Seminaren, Artikeln und Vortr\u00e4gen weiter. F\u00fcr den pro clima Blog, proclima.tv und das pro clima Bauradio interviewt sie interessante Menschen aus der Baubranche. Auf\u00a0 luftdichtheit-gepr\u00fcft.de bloggt Heide \u00fcber Leckagen, Luftdichtung und Qualit\u00e4ts\u00fcberpr\u00fcfung mit Blower-Door-Tests. Ihre Freizeit verbringt sie u.a. in den Vogesen, wo sie seit mehr als f\u00fcnf Jahren ein altes Bauernhaus saniert. Ihr neuestes Projekt:\u00a0 www.besser-als-marketing.de Hier gibt es Tipps, wie Unternehmen in der Baubranche ihre Sichtbarkeit erh\u00f6hen k\u00f6nnen. Die ersten Videos sind bereits online im Youtube Channel Wer mehr \u00fcber Heide Merkel erfahren m\u00f6chte, findet sie auf den g\u00e4ngigen Social Media Plattformen.","url":"https:\/\/blog.proclima.com\/de\/author\/gentner\/"}]}},"canto_acf_fields":"","_links":{"self":[{"href":"https:\/\/blog.proclima.com\/de\/wp-json\/wp\/v2\/posts\/4139","targetHints":{"allow":["GET"]}}],"collection":[{"href":"https:\/\/blog.proclima.com\/de\/wp-json\/wp\/v2\/posts"}],"about":[{"href":"https:\/\/blog.proclima.com\/de\/wp-json\/wp\/v2\/types\/post"}],"author":[{"embeddable":true,"href":"https:\/\/blog.proclima.com\/de\/wp-json\/wp\/v2\/users\/18"}],"replies":[{"embeddable":true,"href":"https:\/\/blog.proclima.com\/de\/wp-json\/wp\/v2\/comments?post=4139"}],"version-history":[{"count":1,"href":"https:\/\/blog.proclima.com\/de\/wp-json\/wp\/v2\/posts\/4139\/revisions"}],"predecessor-version":[{"id":4142,"href":"https:\/\/blog.proclima.com\/de\/wp-json\/wp\/v2\/posts\/4139\/revisions\/4142"}],"wp:attachment":[{"href":"https:\/\/blog.proclima.com\/de\/wp-json\/wp\/v2\/media?parent=4139"}],"wp:term":[{"taxonomy":"category","embeddable":true,"href":"https:\/\/blog.proclima.com\/de\/wp-json\/wp\/v2\/categories?post=4139"},{"taxonomy":"post_tag","embeddable":true,"href":"https:\/\/blog.proclima.com\/de\/wp-json\/wp\/v2\/tags?post=4139"}],"curies":[{"name":"wp","href":"https:\/\/api.w.org\/{rel}","templated":true}]}}