
{"id":4040,"date":"2014-09-30T11:34:28","date_gmt":"2014-09-30T09:34:28","guid":{"rendered":"http:\/\/blog.proclima.com\/de\/?p=4040"},"modified":"2014-10-01T10:39:35","modified_gmt":"2014-10-01T08:39:35","slug":"pm-tescon-fix-neuheit","status":"publish","type":"post","link":"https:\/\/blog.proclima.com\/de\/2014\/09\/pm-tescon-fix-neuheit\/","title":{"rendered":"[Pressemitteilung]: Neue Detaill\u00f6sung f\u00fcr die Dachsanierung von au\u00dfen: Montagewinkelleiste erleichtert luftdichte Verklebung am Sparren"},"content":{"rendered":"<p><a href=\"https:\/\/blog.proclima.com\/de\/files\/2014\/09\/v_tesconfix_dasapl001_IMG_9696.jpg\"><img loading=\"lazy\" decoding=\"async\" data-size=\"1772x1181\" class=\"aligncenter wp-image-4052 size-full\" src=\"https:\/\/blog.proclima.com\/de\/files\/2014\/09\/v_tesconfix_dasapl001_IMG_9696.jpg\" alt=\"v_tesconfix_dasapl001_IMG_9696\" width=\"1772\" height=\"1181\" srcset=\"https:\/\/blog.proclima.com\/de\/files\/2014\/09\/v_tesconfix_dasapl001_IMG_9696.jpg 1772w, https:\/\/blog.proclima.com\/de\/files\/2014\/09\/v_tesconfix_dasapl001_IMG_9696-300x200.jpg 300w, https:\/\/blog.proclima.com\/de\/files\/2014\/09\/v_tesconfix_dasapl001_IMG_9696-1024x682.jpg 1024w, https:\/\/blog.proclima.com\/de\/files\/2014\/09\/v_tesconfix_dasapl001_IMG_9696-768x512.jpg 768w, https:\/\/blog.proclima.com\/de\/files\/2014\/09\/v_tesconfix_dasapl001_IMG_9696-1536x1024.jpg 1536w, https:\/\/blog.proclima.com\/de\/files\/2014\/09\/v_tesconfix_dasapl001_IMG_9696-384x256.jpg 384w\" sizes=\"auto, (max-width: 1772px) 100vw, 1772px\" \/><\/a>Schwetzingen \u2013 Die Luftdichtungsbahn fl\u00e4chig \u00fcber die Sparren verlegen \u2013 diese M\u00f6glichkeit der Dachsanierung von au\u00dfen ist eine beliebte und oft gew\u00e4hlte Sanierungsvariante, da in der Fl\u00e4che die Luftdichtungsebene schnell hergestellt ist. Schwierig sind jedoch die Anschl\u00fcsse: Vor allem wenn es darum geht, die Sparren im Traufbereich durch die Luftdichtungsbahn zu f\u00fchren. Denn hier muss f\u00fcr den fachgerechten Anschluss die Bahn rundum an den Sparrenflanken angeklebt werden. Hier kann ab sofort die neue Montagewinkelleiste TESCON FIX von MOLL pro clima eingesetzt werden.<\/p>\n<figure id=\"attachment_4046\" aria-describedby=\"caption-attachment-4046\" style=\"width: 1390px\" class=\"wp-caption aligncenter\"><a href=\"https:\/\/blog.proclima.com\/de\/files\/2014\/09\/p_tescon_fix.jpg\"><img loading=\"lazy\" decoding=\"async\" data-size=\"1390x957\" class=\"size-full wp-image-4046\" src=\"https:\/\/blog.proclima.com\/de\/files\/2014\/09\/p_tescon_fix.jpg\" alt=\"Neue Detaill\u00f6sung f\u00fcr die Dachsanierung von au\u00dfen: Montagewinkelleiste erleichtert luftdichte Verklebung \" width=\"1390\" height=\"957\" srcset=\"https:\/\/blog.proclima.com\/de\/files\/2014\/09\/p_tescon_fix.jpg 1390w, https:\/\/blog.proclima.com\/de\/files\/2014\/09\/p_tescon_fix-300x207.jpg 300w, https:\/\/blog.proclima.com\/de\/files\/2014\/09\/p_tescon_fix-1024x705.jpg 1024w, https:\/\/blog.proclima.com\/de\/files\/2014\/09\/p_tescon_fix-768x529.jpg 768w, https:\/\/blog.proclima.com\/de\/files\/2014\/09\/p_tescon_fix-384x264.jpg 384w\" sizes=\"auto, (max-width: 1390px) 100vw, 1390px\" \/><\/a><figcaption id=\"caption-attachment-4046\" class=\"wp-caption-text\">Neue Detaill\u00f6sung f\u00fcr die Dachsanierung von au\u00dfen: Montagewinkelleiste erleichtert luftdichte Verklebung<\/figcaption><\/figure>\n<p>Der Hersteller von Systemen f\u00fcr die Luftdichtung innen und Winddichtung au\u00dfen hat die Montagewinkelleiste entwickelt, um Handwerkern die Verarbeitung zu erleichtern: \u201eAuf Baustellenbesuchen und Gespr\u00e4chen mit Kunden haben wir erfahren, dass viele Verarbeiter vor allem damit k\u00e4mpfen, wie die Luftdichtungsbahn im Traufbereich an den Sparren links und rechts heruntergef\u00fchrt werden kann. Das ist eine Herausforderung, da die Bahn m\u00f6glichst l\u00fcckenlos am D\u00e4mmstoff anliegen soll und gleichzeitig luftdicht mit dem Sparren verklebt werden muss. Da der D\u00e4mmstoff meist weich ist und verrutscht, ist es kompliziert einen sicheren und stabilen Anschluss herzustellen\u201c, sagt Jens L\u00fcder Herms von der Forschungs- und Entwicklungsabteilung.<!--more--><\/p>\n<p>Mit der Detaill\u00f6sung TESCON FIX k\u00f6nnen Handwerker schnell eine saubere und gerade Verklebungsebene schaffen: f\u00fcr den luftdichten Anschluss bei sowohl eckigen als auch leicht runden Durchdringungen. Der wasserfeste, patentierte SOLID-Kleber em\u00f6glicht die sichere luftdichte Verklebung. TESCON FIX erg\u00e4nzt die Dachsanierungssysteme DASAPLANO 0,01 und DASPLANO 0,50 \u2013 diese sind vom s<sub>d<\/sub>-Wert perfekt auf den jeweiligen D\u00e4mmaufbau abgestimmt.<\/p>\n<p><strong>Verarbeitungshinweise zu TESCON FIX:<\/strong><br \/>\n<a href=\"https:\/\/de.proclima.com\/systeme\/anschluesse\/detailloesungen\/tescon-fix\" target=\"_blank\">https:\/\/de.proclima.com\/systeme\/anschluesse\/detailloesungen\/tescon-fix<\/a><\/p>\n<p><strong>Alle pro clima Neuheiten 2014\/15 auf einen Blick:<\/strong><br \/>\n<a href=\"https:\/\/de.proclima.com\/produkte\/neuheiten\" target=\"_blank\">https:\/\/de.proclima.com\/produkte\/neuheiten<\/a><\/p>\n<p><strong>Fotos einer Musterbaustelle: Dachsanierung von au\u00dfen mit TESCON FIX (Bilder sind freigegeben, Quelle: MOLL pro clima):<\/strong><br \/>\n<a href=\"http:\/\/procli.ma\/2be8\" target=\"_blank\">http:\/\/procli.ma\/2be8<\/a><\/p>\n<p><strong>Fotos zu allen pro clima Neuheiten \u2013 f\u00fcr Druck und Web (Quelle: MOLL pro clima):<\/strong><br \/>\n<a href=\"http:\/\/procli.ma\/291e\">http:\/\/procli.ma\/291e<\/a><\/p>\n<p><strong>Fotos zur Pressemitteilung:<\/strong><br \/>\n<a href=\"https:\/\/picasso.moll-group.eu\/gallary\/main.php\/v\/pub\/tescon-fix-pm\/\" target=\"_blank\">https:\/\/picasso.moll-group.eu\/gallary\/main.php\/v\/pub\/tescon-fix-pm\/<\/a><\/p>\n<p><strong>Fotos der Neuheiten sind auch auf flickr abrufbar:<\/strong><br \/>\n<a href=\"https:\/\/www.flickr.com\/photos\/proclima\/sets\/72157648208064605\/\" target=\"_blank\">https:\/\/www.flickr.com\/photos\/proclima\/sets\/72157648208064605\/<\/a><\/p>\n<p>Diese Pressemitteilung als PDF zum Ausdrucken:<br \/>\n<a href=\"https:\/\/blog.proclima.com\/de\/files\/2014\/09\/PM_tesconfix.pdf\" target=\"_blank\">https:\/\/blog.proclima.com\/de\/files\/2014\/09\/PM_tesconfix.pdf<\/a><\/p>\n<p><strong>Pressekontakt<\/strong><br \/>\nHeide Gentner<br \/>\n<a href=\"mailto:heide.gentner@proclima.de\" target=\"_blank\">heide.gentner@proclima.de<\/a><br \/>\nTel: 06202\/2782-56<\/p>\n","protected":false},"excerpt":{"rendered":"<p>Schwetzingen \u2013 Die Luftdichtungsbahn fl\u00e4chig \u00fcber die Sparren verlegen \u2013 diese M\u00f6glichkeit der Dachsanierung von au\u00dfen ist eine beliebte und oft gew\u00e4hlte Sanierungsvariante, da in <a href=\"https:\/\/blog.proclima.com\/de\/2014\/09\/pm-tescon-fix-neuheit\/\" rel=\"bookmark\">&#8230;<\/a><\/p>\n","protected":false},"author":18,"featured_media":0,"comment_status":"open","ping_status":"open","sticky":false,"template":"","format":"standard","meta":{"footnotes":""},"categories":[136],"tags":[630,312,746],"class_list":["post-4040","post","type-post","status-publish","format-standard","hentry","category-pressemitteilung","tag-anschluss","tag-dachsanierung","tag-tescon-fix"],"yoast_head":"<!-- This site is optimized with the Yoast SEO plugin v27.5 - https:\/\/yoast.com\/product\/yoast-seo-wordpress\/ -->\n<title>[Pressemitteilung]: Neue Detaill\u00f6sung f\u00fcr die Dachsanierung von au\u00dfen: Montagewinkelleiste erleichtert luftdichte Verklebung am Sparren  &#187; pro clima Blog - Deutschland<\/title>\n<meta name=\"robots\" content=\"index, follow, max-snippet:-1, max-image-preview:large, max-video-preview:-1\" \/>\n<link rel=\"canonical\" href=\"https:\/\/blog.proclima.com\/de\/2014\/09\/pm-tescon-fix-neuheit\/\" \/>\n<meta property=\"og:locale\" content=\"de_DE\" \/>\n<meta property=\"og:type\" content=\"article\" \/>\n<meta property=\"og:title\" content=\"[Pressemitteilung]: Neue Detaill\u00f6sung f\u00fcr die Dachsanierung von au\u00dfen: Montagewinkelleiste erleichtert luftdichte Verklebung am Sparren  &#187; pro clima Blog - Deutschland\" \/>\n<meta property=\"og:description\" content=\"Schwetzingen \u2013 Die Luftdichtungsbahn fl\u00e4chig \u00fcber die Sparren verlegen \u2013 diese M\u00f6glichkeit der Dachsanierung von au\u00dfen ist eine beliebte und oft gew\u00e4hlte Sanierungsvariante, da in ...\" \/>\n<meta property=\"og:url\" content=\"https:\/\/blog.proclima.com\/de\/2014\/09\/pm-tescon-fix-neuheit\/\" \/>\n<meta property=\"og:site_name\" content=\"pro clima Blog - Deutschland\" \/>\n<meta property=\"article:publisher\" content=\"https:\/\/www.facebook.com\/proclima\" \/>\n<meta property=\"article:published_time\" content=\"2014-09-30T09:34:28+00:00\" \/>\n<meta property=\"article:modified_time\" content=\"2014-10-01T08:39:35+00:00\" \/>\n<meta property=\"og:image\" content=\"https:\/\/blog.proclima.com\/de\/files\/2014\/09\/v_tesconfix_dasapl001_IMG_9696.jpg\" \/>\n\t<meta property=\"og:image:width\" content=\"1772\" \/>\n\t<meta property=\"og:image:height\" content=\"1181\" \/>\n\t<meta property=\"og:image:type\" content=\"image\/jpeg\" \/>\n<meta name=\"author\" content=\"Heide Merkel\" \/>\n<meta name=\"twitter:card\" content=\"summary_large_image\" \/>\n<meta name=\"twitter:creator\" content=\"@proclimaDE\" \/>\n<meta name=\"twitter:site\" content=\"@proclimaDE\" \/>\n<meta name=\"twitter:label1\" content=\"Verfasst von\" \/>\n\t<meta name=\"twitter:data1\" content=\"Heide Merkel\" \/>\n\t<meta name=\"twitter:label2\" content=\"Gesch\u00e4tzte Lesezeit\" \/>\n\t<meta name=\"twitter:data2\" content=\"2\u00a0Minuten\" \/>\n<script type=\"application\/ld+json\" class=\"yoast-schema-graph\">{\"@context\":\"https:\\\/\\\/schema.org\",\"@graph\":[{\"@type\":\"Article\",\"@id\":\"https:\\\/\\\/blog.proclima.com\\\/de\\\/2014\\\/09\\\/pm-tescon-fix-neuheit\\\/#article\",\"isPartOf\":{\"@id\":\"https:\\\/\\\/blog.proclima.com\\\/de\\\/2014\\\/09\\\/pm-tescon-fix-neuheit\\\/\"},\"author\":{\"name\":\"Heide Merkel\",\"@id\":\"https:\\\/\\\/blog.proclima.com\\\/de\\\/#\\\/schema\\\/person\\\/b3490e20200d5d45b8d56f555ceffc21\"},\"headline\":\"[Pressemitteilung]: Neue Detaill\u00f6sung f\u00fcr die Dachsanierung von au\u00dfen: Montagewinkelleiste erleichtert luftdichte Verklebung am Sparren\",\"datePublished\":\"2014-09-30T09:34:28+00:00\",\"dateModified\":\"2014-10-01T08:39:35+00:00\",\"mainEntityOfPage\":{\"@id\":\"https:\\\/\\\/blog.proclima.com\\\/de\\\/2014\\\/09\\\/pm-tescon-fix-neuheit\\\/\"},\"wordCount\":411,\"commentCount\":0,\"publisher\":{\"@id\":\"https:\\\/\\\/blog.proclima.com\\\/de\\\/#organization\"},\"image\":{\"@id\":\"https:\\\/\\\/blog.proclima.com\\\/de\\\/2014\\\/09\\\/pm-tescon-fix-neuheit\\\/#primaryimage\"},\"thumbnailUrl\":\"https:\\\/\\\/blog.proclima.com\\\/de\\\/files\\\/2014\\\/09\\\/v_tesconfix_dasapl001_IMG_9696.jpg\",\"keywords\":[\"Anschluss\",\"Dachsanierung\",\"TESCON FIX\"],\"articleSection\":[\"Pressemitteilungen\"],\"inLanguage\":\"de\",\"potentialAction\":[{\"@type\":\"CommentAction\",\"name\":\"Comment\",\"target\":[\"https:\\\/\\\/blog.proclima.com\\\/de\\\/2014\\\/09\\\/pm-tescon-fix-neuheit\\\/#respond\"]}]},{\"@type\":\"WebPage\",\"@id\":\"https:\\\/\\\/blog.proclima.com\\\/de\\\/2014\\\/09\\\/pm-tescon-fix-neuheit\\\/\",\"url\":\"https:\\\/\\\/blog.proclima.com\\\/de\\\/2014\\\/09\\\/pm-tescon-fix-neuheit\\\/\",\"name\":\"[Pressemitteilung]: Neue Detaill\u00f6sung f\u00fcr die Dachsanierung von au\u00dfen: Montagewinkelleiste erleichtert luftdichte Verklebung am Sparren &#187; pro clima Blog - Deutschland\",\"isPartOf\":{\"@id\":\"https:\\\/\\\/blog.proclima.com\\\/de\\\/#website\"},\"primaryImageOfPage\":{\"@id\":\"https:\\\/\\\/blog.proclima.com\\\/de\\\/2014\\\/09\\\/pm-tescon-fix-neuheit\\\/#primaryimage\"},\"image\":{\"@id\":\"https:\\\/\\\/blog.proclima.com\\\/de\\\/2014\\\/09\\\/pm-tescon-fix-neuheit\\\/#primaryimage\"},\"thumbnailUrl\":\"https:\\\/\\\/blog.proclima.com\\\/de\\\/files\\\/2014\\\/09\\\/v_tesconfix_dasapl001_IMG_9696.jpg\",\"datePublished\":\"2014-09-30T09:34:28+00:00\",\"dateModified\":\"2014-10-01T08:39:35+00:00\",\"breadcrumb\":{\"@id\":\"https:\\\/\\\/blog.proclima.com\\\/de\\\/2014\\\/09\\\/pm-tescon-fix-neuheit\\\/#breadcrumb\"},\"inLanguage\":\"de\",\"potentialAction\":[{\"@type\":\"ReadAction\",\"target\":[\"https:\\\/\\\/blog.proclima.com\\\/de\\\/2014\\\/09\\\/pm-tescon-fix-neuheit\\\/\"]}]},{\"@type\":\"ImageObject\",\"inLanguage\":\"de\",\"@id\":\"https:\\\/\\\/blog.proclima.com\\\/de\\\/2014\\\/09\\\/pm-tescon-fix-neuheit\\\/#primaryimage\",\"url\":\"https:\\\/\\\/blog.proclima.com\\\/de\\\/files\\\/2014\\\/09\\\/v_tesconfix_dasapl001_IMG_9696.jpg\",\"contentUrl\":\"https:\\\/\\\/blog.proclima.com\\\/de\\\/files\\\/2014\\\/09\\\/v_tesconfix_dasapl001_IMG_9696.jpg\"},{\"@type\":\"BreadcrumbList\",\"@id\":\"https:\\\/\\\/blog.proclima.com\\\/de\\\/2014\\\/09\\\/pm-tescon-fix-neuheit\\\/#breadcrumb\",\"itemListElement\":[{\"@type\":\"ListItem\",\"position\":1,\"name\":\"Startseite\",\"item\":\"https:\\\/\\\/blog.proclima.com\\\/de\\\/\"},{\"@type\":\"ListItem\",\"position\":2,\"name\":\"[Pressemitteilung]: Neue Detaill\u00f6sung f\u00fcr die Dachsanierung von au\u00dfen: Montagewinkelleiste erleichtert luftdichte Verklebung am Sparren\"}]},{\"@type\":\"WebSite\",\"@id\":\"https:\\\/\\\/blog.proclima.com\\\/de\\\/#website\",\"url\":\"https:\\\/\\\/blog.proclima.com\\\/de\\\/\",\"name\":\"pro clima Blog - Deutschland\",\"description\":\"alles was pro clima bewegt\",\"publisher\":{\"@id\":\"https:\\\/\\\/blog.proclima.com\\\/de\\\/#organization\"},\"potentialAction\":[{\"@type\":\"SearchAction\",\"target\":{\"@type\":\"EntryPoint\",\"urlTemplate\":\"https:\\\/\\\/blog.proclima.com\\\/de\\\/?s={search_term_string}\"},\"query-input\":{\"@type\":\"PropertyValueSpecification\",\"valueRequired\":true,\"valueName\":\"search_term_string\"}}],\"inLanguage\":\"de\"},{\"@type\":\"Organization\",\"@id\":\"https:\\\/\\\/blog.proclima.com\\\/de\\\/#organization\",\"name\":\"pro clima - Moll bau\u00f6kologische Produkte GmbH\",\"url\":\"https:\\\/\\\/blog.proclima.com\\\/de\\\/\",\"logo\":{\"@type\":\"ImageObject\",\"inLanguage\":\"de\",\"@id\":\"https:\\\/\\\/blog.proclima.com\\\/de\\\/#\\\/schema\\\/logo\\\/image\\\/\",\"url\":\"https:\\\/\\\/blog.proclima.com\\\/de\\\/files\\\/2020\\\/04\\\/Logo-pro-clima.png\",\"contentUrl\":\"https:\\\/\\\/blog.proclima.com\\\/de\\\/files\\\/2020\\\/04\\\/Logo-pro-clima.png\",\"width\":4210,\"height\":4881,\"caption\":\"pro clima - Moll bau\u00f6kologische Produkte GmbH\"},\"image\":{\"@id\":\"https:\\\/\\\/blog.proclima.com\\\/de\\\/#\\\/schema\\\/logo\\\/image\\\/\"},\"sameAs\":[\"https:\\\/\\\/www.facebook.com\\\/proclima\",\"https:\\\/\\\/x.com\\\/proclimaDE\"]},{\"@type\":\"Person\",\"@id\":\"https:\\\/\\\/blog.proclima.com\\\/de\\\/#\\\/schema\\\/person\\\/b3490e20200d5d45b8d56f555ceffc21\",\"name\":\"Heide Merkel\",\"description\":\"Fachjournalistin, Referentin, Steuerung Presse &amp; Digitale Medien bei Moll bau\u00f6kologische Produkte GmbH (pro clima). Als Japanologin und ausgebildete Redakteurin ist Heide eher zuf\u00e4llig in der Baubranche gelandet. Seit 2011 arbeitet sie f\u00fcr pro clima. Ihr Wissen zu effektiver Kommunikation gibt sie in Seminaren, Artikeln und Vortr\u00e4gen weiter. F\u00fcr den pro clima Blog, proclima.tv und das pro clima Bauradio interviewt sie interessante Menschen aus der Baubranche. Auf\u00a0 luftdichtheit-gepr\u00fcft.de bloggt Heide \u00fcber Leckagen, Luftdichtung und Qualit\u00e4ts\u00fcberpr\u00fcfung mit Blower-Door-Tests. Ihre Freizeit verbringt sie u.a. in den Vogesen, wo sie seit mehr als f\u00fcnf Jahren ein altes Bauernhaus saniert. Ihr neuestes Projekt:\u00a0 www.besser-als-marketing.de Hier gibt es Tipps, wie Unternehmen in der Baubranche ihre Sichtbarkeit erh\u00f6hen k\u00f6nnen. Die ersten Videos sind bereits online im Youtube Channel Wer mehr \u00fcber Heide Merkel erfahren m\u00f6chte, findet sie auf den g\u00e4ngigen Social Media Plattformen.\",\"url\":\"https:\\\/\\\/blog.proclima.com\\\/de\\\/author\\\/gentner\\\/\"}]}<\/script>\n<!-- \/ Yoast SEO plugin. -->","yoast_head_json":{"title":"[Pressemitteilung]: Neue Detaill\u00f6sung f\u00fcr die Dachsanierung von au\u00dfen: Montagewinkelleiste erleichtert luftdichte Verklebung am Sparren  &#187; pro clima Blog - Deutschland","robots":{"index":"index","follow":"follow","max-snippet":"max-snippet:-1","max-image-preview":"max-image-preview:large","max-video-preview":"max-video-preview:-1"},"canonical":"https:\/\/blog.proclima.com\/de\/2014\/09\/pm-tescon-fix-neuheit\/","og_locale":"de_DE","og_type":"article","og_title":"[Pressemitteilung]: Neue Detaill\u00f6sung f\u00fcr die Dachsanierung von au\u00dfen: Montagewinkelleiste erleichtert luftdichte Verklebung am Sparren  &#187; pro clima Blog - Deutschland","og_description":"Schwetzingen \u2013 Die Luftdichtungsbahn fl\u00e4chig \u00fcber die Sparren verlegen \u2013 diese M\u00f6glichkeit der Dachsanierung von au\u00dfen ist eine beliebte und oft gew\u00e4hlte Sanierungsvariante, da in ...","og_url":"https:\/\/blog.proclima.com\/de\/2014\/09\/pm-tescon-fix-neuheit\/","og_site_name":"pro clima Blog - Deutschland","article_publisher":"https:\/\/www.facebook.com\/proclima","article_published_time":"2014-09-30T09:34:28+00:00","article_modified_time":"2014-10-01T08:39:35+00:00","og_image":[{"width":1772,"height":1181,"url":"https:\/\/blog.proclima.com\/de\/files\/2014\/09\/v_tesconfix_dasapl001_IMG_9696.jpg","type":"image\/jpeg"}],"author":"Heide Merkel","twitter_card":"summary_large_image","twitter_creator":"@proclimaDE","twitter_site":"@proclimaDE","twitter_misc":{"Verfasst von":"Heide Merkel","Gesch\u00e4tzte Lesezeit":"2\u00a0Minuten"},"schema":{"@context":"https:\/\/schema.org","@graph":[{"@type":"Article","@id":"https:\/\/blog.proclima.com\/de\/2014\/09\/pm-tescon-fix-neuheit\/#article","isPartOf":{"@id":"https:\/\/blog.proclima.com\/de\/2014\/09\/pm-tescon-fix-neuheit\/"},"author":{"name":"Heide Merkel","@id":"https:\/\/blog.proclima.com\/de\/#\/schema\/person\/b3490e20200d5d45b8d56f555ceffc21"},"headline":"[Pressemitteilung]: Neue Detaill\u00f6sung f\u00fcr die Dachsanierung von au\u00dfen: Montagewinkelleiste erleichtert luftdichte Verklebung am Sparren","datePublished":"2014-09-30T09:34:28+00:00","dateModified":"2014-10-01T08:39:35+00:00","mainEntityOfPage":{"@id":"https:\/\/blog.proclima.com\/de\/2014\/09\/pm-tescon-fix-neuheit\/"},"wordCount":411,"commentCount":0,"publisher":{"@id":"https:\/\/blog.proclima.com\/de\/#organization"},"image":{"@id":"https:\/\/blog.proclima.com\/de\/2014\/09\/pm-tescon-fix-neuheit\/#primaryimage"},"thumbnailUrl":"https:\/\/blog.proclima.com\/de\/files\/2014\/09\/v_tesconfix_dasapl001_IMG_9696.jpg","keywords":["Anschluss","Dachsanierung","TESCON FIX"],"articleSection":["Pressemitteilungen"],"inLanguage":"de","potentialAction":[{"@type":"CommentAction","name":"Comment","target":["https:\/\/blog.proclima.com\/de\/2014\/09\/pm-tescon-fix-neuheit\/#respond"]}]},{"@type":"WebPage","@id":"https:\/\/blog.proclima.com\/de\/2014\/09\/pm-tescon-fix-neuheit\/","url":"https:\/\/blog.proclima.com\/de\/2014\/09\/pm-tescon-fix-neuheit\/","name":"[Pressemitteilung]: Neue Detaill\u00f6sung f\u00fcr die Dachsanierung von au\u00dfen: Montagewinkelleiste erleichtert luftdichte Verklebung am Sparren &#187; pro clima Blog - Deutschland","isPartOf":{"@id":"https:\/\/blog.proclima.com\/de\/#website"},"primaryImageOfPage":{"@id":"https:\/\/blog.proclima.com\/de\/2014\/09\/pm-tescon-fix-neuheit\/#primaryimage"},"image":{"@id":"https:\/\/blog.proclima.com\/de\/2014\/09\/pm-tescon-fix-neuheit\/#primaryimage"},"thumbnailUrl":"https:\/\/blog.proclima.com\/de\/files\/2014\/09\/v_tesconfix_dasapl001_IMG_9696.jpg","datePublished":"2014-09-30T09:34:28+00:00","dateModified":"2014-10-01T08:39:35+00:00","breadcrumb":{"@id":"https:\/\/blog.proclima.com\/de\/2014\/09\/pm-tescon-fix-neuheit\/#breadcrumb"},"inLanguage":"de","potentialAction":[{"@type":"ReadAction","target":["https:\/\/blog.proclima.com\/de\/2014\/09\/pm-tescon-fix-neuheit\/"]}]},{"@type":"ImageObject","inLanguage":"de","@id":"https:\/\/blog.proclima.com\/de\/2014\/09\/pm-tescon-fix-neuheit\/#primaryimage","url":"https:\/\/blog.proclima.com\/de\/files\/2014\/09\/v_tesconfix_dasapl001_IMG_9696.jpg","contentUrl":"https:\/\/blog.proclima.com\/de\/files\/2014\/09\/v_tesconfix_dasapl001_IMG_9696.jpg"},{"@type":"BreadcrumbList","@id":"https:\/\/blog.proclima.com\/de\/2014\/09\/pm-tescon-fix-neuheit\/#breadcrumb","itemListElement":[{"@type":"ListItem","position":1,"name":"Startseite","item":"https:\/\/blog.proclima.com\/de\/"},{"@type":"ListItem","position":2,"name":"[Pressemitteilung]: Neue Detaill\u00f6sung f\u00fcr die Dachsanierung von au\u00dfen: Montagewinkelleiste erleichtert luftdichte Verklebung am Sparren"}]},{"@type":"WebSite","@id":"https:\/\/blog.proclima.com\/de\/#website","url":"https:\/\/blog.proclima.com\/de\/","name":"pro clima Blog - Deutschland","description":"alles was pro clima bewegt","publisher":{"@id":"https:\/\/blog.proclima.com\/de\/#organization"},"potentialAction":[{"@type":"SearchAction","target":{"@type":"EntryPoint","urlTemplate":"https:\/\/blog.proclima.com\/de\/?s={search_term_string}"},"query-input":{"@type":"PropertyValueSpecification","valueRequired":true,"valueName":"search_term_string"}}],"inLanguage":"de"},{"@type":"Organization","@id":"https:\/\/blog.proclima.com\/de\/#organization","name":"pro clima - Moll bau\u00f6kologische Produkte GmbH","url":"https:\/\/blog.proclima.com\/de\/","logo":{"@type":"ImageObject","inLanguage":"de","@id":"https:\/\/blog.proclima.com\/de\/#\/schema\/logo\/image\/","url":"https:\/\/blog.proclima.com\/de\/files\/2020\/04\/Logo-pro-clima.png","contentUrl":"https:\/\/blog.proclima.com\/de\/files\/2020\/04\/Logo-pro-clima.png","width":4210,"height":4881,"caption":"pro clima - Moll bau\u00f6kologische Produkte GmbH"},"image":{"@id":"https:\/\/blog.proclima.com\/de\/#\/schema\/logo\/image\/"},"sameAs":["https:\/\/www.facebook.com\/proclima","https:\/\/x.com\/proclimaDE"]},{"@type":"Person","@id":"https:\/\/blog.proclima.com\/de\/#\/schema\/person\/b3490e20200d5d45b8d56f555ceffc21","name":"Heide Merkel","description":"Fachjournalistin, Referentin, Steuerung Presse &amp; Digitale Medien bei Moll bau\u00f6kologische Produkte GmbH (pro clima). Als Japanologin und ausgebildete Redakteurin ist Heide eher zuf\u00e4llig in der Baubranche gelandet. Seit 2011 arbeitet sie f\u00fcr pro clima. Ihr Wissen zu effektiver Kommunikation gibt sie in Seminaren, Artikeln und Vortr\u00e4gen weiter. F\u00fcr den pro clima Blog, proclima.tv und das pro clima Bauradio interviewt sie interessante Menschen aus der Baubranche. Auf\u00a0 luftdichtheit-gepr\u00fcft.de bloggt Heide \u00fcber Leckagen, Luftdichtung und Qualit\u00e4ts\u00fcberpr\u00fcfung mit Blower-Door-Tests. Ihre Freizeit verbringt sie u.a. in den Vogesen, wo sie seit mehr als f\u00fcnf Jahren ein altes Bauernhaus saniert. Ihr neuestes Projekt:\u00a0 www.besser-als-marketing.de Hier gibt es Tipps, wie Unternehmen in der Baubranche ihre Sichtbarkeit erh\u00f6hen k\u00f6nnen. Die ersten Videos sind bereits online im Youtube Channel Wer mehr \u00fcber Heide Merkel erfahren m\u00f6chte, findet sie auf den g\u00e4ngigen Social Media Plattformen.","url":"https:\/\/blog.proclima.com\/de\/author\/gentner\/"}]}},"canto_acf_fields":"","_links":{"self":[{"href":"https:\/\/blog.proclima.com\/de\/wp-json\/wp\/v2\/posts\/4040","targetHints":{"allow":["GET"]}}],"collection":[{"href":"https:\/\/blog.proclima.com\/de\/wp-json\/wp\/v2\/posts"}],"about":[{"href":"https:\/\/blog.proclima.com\/de\/wp-json\/wp\/v2\/types\/post"}],"author":[{"embeddable":true,"href":"https:\/\/blog.proclima.com\/de\/wp-json\/wp\/v2\/users\/18"}],"replies":[{"embeddable":true,"href":"https:\/\/blog.proclima.com\/de\/wp-json\/wp\/v2\/comments?post=4040"}],"version-history":[{"count":7,"href":"https:\/\/blog.proclima.com\/de\/wp-json\/wp\/v2\/posts\/4040\/revisions"}],"predecessor-version":[{"id":4061,"href":"https:\/\/blog.proclima.com\/de\/wp-json\/wp\/v2\/posts\/4040\/revisions\/4061"}],"wp:attachment":[{"href":"https:\/\/blog.proclima.com\/de\/wp-json\/wp\/v2\/media?parent=4040"}],"wp:term":[{"taxonomy":"category","embeddable":true,"href":"https:\/\/blog.proclima.com\/de\/wp-json\/wp\/v2\/categories?post=4040"},{"taxonomy":"post_tag","embeddable":true,"href":"https:\/\/blog.proclima.com\/de\/wp-json\/wp\/v2\/tags?post=4040"}],"curies":[{"name":"wp","href":"https:\/\/api.w.org\/{rel}","templated":true}]}}