
{"id":390,"date":"2011-12-09T10:26:46","date_gmt":"2011-12-09T09:26:46","guid":{"rendered":"http:\/\/blog.proclima.com\/de\/?p=390"},"modified":"2011-12-15T08:49:12","modified_gmt":"2011-12-15T07:49:12","slug":"startschuss-des-17-internationalen-holzbau-forums-ihf-pro-clima-ist-vor-ort-und-stellt-die-gewerkeubgreifende-fenster-dammung-dichtung-kompaktschulung-vor","status":"publish","type":"post","link":"https:\/\/blog.proclima.com\/de\/2011\/12\/startschuss-des-17-internationalen-holzbau-forums-ihf-pro-clima-ist-vor-ort-und-stellt-die-gewerkeubgreifende-fenster-dammung-dichtung-kompaktschulung-vor\/","title":{"rendered":"Startschuss des 17. Internationalen Holzbau-Forums  IHF: pro clima ist vor Ort und stellt  die gewerke\u00fcbgreifende Fenster-D\u00e4mmung-Dichtung-Kompaktschulung vor"},"content":{"rendered":"<p>Austauschen, Netzwerken und Lernen: Am 7. Dezember 2011, ist das 17. Internationale Holzbau-Forum IHF in Garmisch-Partenkirchen gestartet. Auch pro clima ist auf dem Kongress vertreten. Hier stellt das pro clima-Team die neue deutschlandweite <a title=\"Kompaktschulung Fenster-D\u00e4mmung-Dichtung\" href=\"http:\/\/www.fenster-daemmung-dichtung.de\">Kompaktschulung Fenster-D\u00e4mmung-Dichtung<\/a> vor.<\/p>\n<p>Gemeinsam haben die Systemhersteller INTHERMO GmbH, Gaulhofer Deutschland GmbH &amp; Co. KG und MOLL bau\u00f6kologische Produkte GmbH einen kompakten Workshop mit Praxisschulungen zusammengestellt.<!--more--><\/p>\n<figure id=\"attachment_399\" aria-describedby=\"caption-attachment-399\" style=\"width: 300px\" class=\"wp-caption alignleft\"><a href=\"https:\/\/blog.proclima.com\/de\/files\/2011\/12\/ScreenshotKompaktschulung.jpg\"><img loading=\"lazy\" decoding=\"async\" data-size=\"745x399\" class=\"size-medium wp-image-399 \" src=\"https:\/\/blog.proclima.com\/de\/files\/2011\/12\/ScreenshotKompaktschulung-300x160.jpg\" alt=\"Screenshot Kompaktschulung Fenster D\u00e4mmung Dichtung\" width=\"300\" height=\"160\" \/><\/a><figcaption id=\"caption-attachment-399\" class=\"wp-caption-text\">Der Webautritt zur Kompaktschulung Fenster D\u00e4mmung Dichtung<\/figcaption><\/figure>\n<p>Das Besondere des Seminars: Es vereint das Wissen zum Einbau, D\u00e4mmung und zur Dichtung von Fenstern. \u201eHier werden die Schnittstellen gewerke\u00fcbergreifend betrachtet und gel\u00f6st\u201c, sagt Marketing-Leiter Oliver Goldau von pro clima, dem Spezialisten f\u00fcr die Dichtung der Geb\u00e4udeh\u00fclle und der Erfinder intelligenten Luftdichtung.<\/p>\n<p>Nach dem Seminar haben die Teilnehmer das R\u00fcstzeug, um in Zukunft schneller, sicherer und praxisgerechter zu arbeiten. Auch an schwierigen Anschlussdetails.<\/p>\n<p>Wann und wo die <a title=\"Fenster-D\u00e4mmung-Dichtung-Kompaktschulungen\" href=\"http:\/\/www.fenster-daemmung-dichtung.de\">Fenster-D\u00e4mmung-Dichtung -Kompaktschulungen<\/a> stattfinden und wie man sich anmeldet steht auf der <a title=\"Homepage\" href=\"http:\/\/www.fenster-daemmung-dichtung.de\">Homepage<\/a>.<\/p>\n<p><strong>Neue WISSEN Wiki-Rubrik: Unternehmensportr\u00e4ts<\/strong><\/p>\n<p>Auch die WISSEN Wiki Redaktion wird vor Ort sein. Redakteur Marcus Willink pr\u00e4sentiert die neue <a title=\"WISSEN Wiki\" href=\"http:\/\/www.wissenwiki.de\/Hauptseite\">WISSEN Wiki<\/a>-Rubrik \u201eUnternehmensportr\u00e4ts\u201c.<\/p>\n<p>\u201eWir stellen hier Firmen mit Ihrer Philosophie und Ihren Bauprodukten vor\u201c, sagt Willink , \u201ewir wollen das Netzwerk ausbauen, einen Sog-Effekt ausl\u00f6sen und hoffen, dass mehr engagierte Autoren auch Lust bekommen, beim WISSEN Wiki mitzuschreiben.\u201c<\/p>\n<p><em>Das <a title=\"17. Internationale Holzbau-Forum IHF\" href=\"http:\/\/www.forum-holzbau.com\/ihf\/garmisch_index.html\">17. Internationale Holzbau-Forum IHF<\/a> findet vom 7. Dezember \u00a0bis 9. Dezember 2011 in Garmisch-Partenkirchen statt.<\/em><\/p>\n","protected":false},"excerpt":{"rendered":"<p>Austauschen, Netzwerken und Lernen: Am 7. Dezember 2011, ist das 17. Internationale Holzbau-Forum IHF in Garmisch-Partenkirchen gestartet. Auch pro clima ist auf dem Kongress vertreten. <a href=\"https:\/\/blog.proclima.com\/de\/2011\/12\/startschuss-des-17-internationalen-holzbau-forums-ihf-pro-clima-ist-vor-ort-und-stellt-die-gewerkeubgreifende-fenster-dammung-dichtung-kompaktschulung-vor\/\" rel=\"bookmark\">&#8230;<\/a><\/p>\n","protected":false},"author":18,"featured_media":0,"comment_status":"open","ping_status":"open","sticky":false,"template":"","format":"standard","meta":{"footnotes":""},"categories":[1],"tags":[],"class_list":["post-390","post","type-post","status-publish","format-standard","hentry","category-proclima"],"yoast_head":"<!-- This site is optimized with the Yoast SEO plugin v27.5 - https:\/\/yoast.com\/product\/yoast-seo-wordpress\/ -->\n<title>Startschuss des 17. Internationalen Holzbau-Forums IHF: pro clima ist vor Ort und stellt die gewerke\u00fcbgreifende Fenster-D\u00e4mmung-Dichtung-Kompaktschulung vor &#187; pro clima Blog - Deutschland<\/title>\n<meta name=\"robots\" content=\"index, follow, max-snippet:-1, max-image-preview:large, max-video-preview:-1\" \/>\n<link rel=\"canonical\" href=\"https:\/\/blog.proclima.com\/de\/2011\/12\/startschuss-des-17-internationalen-holzbau-forums-ihf-pro-clima-ist-vor-ort-und-stellt-die-gewerkeubgreifende-fenster-dammung-dichtung-kompaktschulung-vor\/\" \/>\n<meta property=\"og:locale\" content=\"de_DE\" \/>\n<meta property=\"og:type\" content=\"article\" \/>\n<meta property=\"og:title\" content=\"Startschuss des 17. Internationalen Holzbau-Forums IHF: pro clima ist vor Ort und stellt die gewerke\u00fcbgreifende Fenster-D\u00e4mmung-Dichtung-Kompaktschulung vor &#187; pro clima Blog - Deutschland\" \/>\n<meta property=\"og:description\" content=\"Austauschen, Netzwerken und Lernen: Am 7. Dezember 2011, ist das 17. Internationale Holzbau-Forum IHF in Garmisch-Partenkirchen gestartet. Auch pro clima ist auf dem Kongress vertreten. ...\" \/>\n<meta property=\"og:url\" content=\"https:\/\/blog.proclima.com\/de\/2011\/12\/startschuss-des-17-internationalen-holzbau-forums-ihf-pro-clima-ist-vor-ort-und-stellt-die-gewerkeubgreifende-fenster-dammung-dichtung-kompaktschulung-vor\/\" \/>\n<meta property=\"og:site_name\" content=\"pro clima Blog - Deutschland\" \/>\n<meta property=\"article:publisher\" content=\"https:\/\/www.facebook.com\/proclima\" \/>\n<meta property=\"article:published_time\" content=\"2011-12-09T09:26:46+00:00\" \/>\n<meta property=\"article:modified_time\" content=\"2011-12-15T07:49:12+00:00\" \/>\n<meta property=\"og:image\" content=\"https:\/\/blog.proclima.com\/de\/files\/2011\/12\/ScreenshotKompaktschulung.jpg\" \/>\n\t<meta property=\"og:image:width\" content=\"745\" \/>\n\t<meta property=\"og:image:height\" content=\"399\" \/>\n\t<meta property=\"og:image:type\" content=\"image\/jpeg\" \/>\n<meta name=\"author\" content=\"Heide Merkel\" \/>\n<meta name=\"twitter:card\" content=\"summary_large_image\" \/>\n<meta name=\"twitter:creator\" content=\"@proclimaDE\" \/>\n<meta name=\"twitter:site\" content=\"@proclimaDE\" \/>\n<meta name=\"twitter:label1\" content=\"Verfasst von\" \/>\n\t<meta name=\"twitter:data1\" content=\"Heide Merkel\" \/>\n\t<meta name=\"twitter:label2\" content=\"Gesch\u00e4tzte Lesezeit\" \/>\n\t<meta name=\"twitter:data2\" content=\"1\u00a0Minute\" \/>\n<script type=\"application\/ld+json\" class=\"yoast-schema-graph\">{\"@context\":\"https:\\\/\\\/schema.org\",\"@graph\":[{\"@type\":\"Article\",\"@id\":\"https:\\\/\\\/blog.proclima.com\\\/de\\\/2011\\\/12\\\/startschuss-des-17-internationalen-holzbau-forums-ihf-pro-clima-ist-vor-ort-und-stellt-die-gewerkeubgreifende-fenster-dammung-dichtung-kompaktschulung-vor\\\/#article\",\"isPartOf\":{\"@id\":\"https:\\\/\\\/blog.proclima.com\\\/de\\\/2011\\\/12\\\/startschuss-des-17-internationalen-holzbau-forums-ihf-pro-clima-ist-vor-ort-und-stellt-die-gewerkeubgreifende-fenster-dammung-dichtung-kompaktschulung-vor\\\/\"},\"author\":{\"name\":\"Heide Merkel\",\"@id\":\"https:\\\/\\\/blog.proclima.com\\\/de\\\/#\\\/schema\\\/person\\\/b3490e20200d5d45b8d56f555ceffc21\"},\"headline\":\"Startschuss des 17. Internationalen Holzbau-Forums IHF: pro clima ist vor Ort und stellt die gewerke\u00fcbgreifende Fenster-D\u00e4mmung-Dichtung-Kompaktschulung vor\",\"datePublished\":\"2011-12-09T09:26:46+00:00\",\"dateModified\":\"2011-12-15T07:49:12+00:00\",\"mainEntityOfPage\":{\"@id\":\"https:\\\/\\\/blog.proclima.com\\\/de\\\/2011\\\/12\\\/startschuss-des-17-internationalen-holzbau-forums-ihf-pro-clima-ist-vor-ort-und-stellt-die-gewerkeubgreifende-fenster-dammung-dichtung-kompaktschulung-vor\\\/\"},\"wordCount\":252,\"commentCount\":0,\"publisher\":{\"@id\":\"https:\\\/\\\/blog.proclima.com\\\/de\\\/#organization\"},\"image\":{\"@id\":\"https:\\\/\\\/blog.proclima.com\\\/de\\\/2011\\\/12\\\/startschuss-des-17-internationalen-holzbau-forums-ihf-pro-clima-ist-vor-ort-und-stellt-die-gewerkeubgreifende-fenster-dammung-dichtung-kompaktschulung-vor\\\/#primaryimage\"},\"thumbnailUrl\":\"https:\\\/\\\/blog.proclima.com\\\/de\\\/files\\\/2011\\\/12\\\/ScreenshotKompaktschulung-300x160.jpg\",\"articleSection\":[\"pro clima\"],\"inLanguage\":\"de\",\"potentialAction\":[{\"@type\":\"CommentAction\",\"name\":\"Comment\",\"target\":[\"https:\\\/\\\/blog.proclima.com\\\/de\\\/2011\\\/12\\\/startschuss-des-17-internationalen-holzbau-forums-ihf-pro-clima-ist-vor-ort-und-stellt-die-gewerkeubgreifende-fenster-dammung-dichtung-kompaktschulung-vor\\\/#respond\"]}]},{\"@type\":\"WebPage\",\"@id\":\"https:\\\/\\\/blog.proclima.com\\\/de\\\/2011\\\/12\\\/startschuss-des-17-internationalen-holzbau-forums-ihf-pro-clima-ist-vor-ort-und-stellt-die-gewerkeubgreifende-fenster-dammung-dichtung-kompaktschulung-vor\\\/\",\"url\":\"https:\\\/\\\/blog.proclima.com\\\/de\\\/2011\\\/12\\\/startschuss-des-17-internationalen-holzbau-forums-ihf-pro-clima-ist-vor-ort-und-stellt-die-gewerkeubgreifende-fenster-dammung-dichtung-kompaktschulung-vor\\\/\",\"name\":\"Startschuss des 17. Internationalen Holzbau-Forums IHF: pro clima ist vor Ort und stellt die gewerke\u00fcbgreifende Fenster-D\u00e4mmung-Dichtung-Kompaktschulung vor &#187; pro clima Blog - Deutschland\",\"isPartOf\":{\"@id\":\"https:\\\/\\\/blog.proclima.com\\\/de\\\/#website\"},\"primaryImageOfPage\":{\"@id\":\"https:\\\/\\\/blog.proclima.com\\\/de\\\/2011\\\/12\\\/startschuss-des-17-internationalen-holzbau-forums-ihf-pro-clima-ist-vor-ort-und-stellt-die-gewerkeubgreifende-fenster-dammung-dichtung-kompaktschulung-vor\\\/#primaryimage\"},\"image\":{\"@id\":\"https:\\\/\\\/blog.proclima.com\\\/de\\\/2011\\\/12\\\/startschuss-des-17-internationalen-holzbau-forums-ihf-pro-clima-ist-vor-ort-und-stellt-die-gewerkeubgreifende-fenster-dammung-dichtung-kompaktschulung-vor\\\/#primaryimage\"},\"thumbnailUrl\":\"https:\\\/\\\/blog.proclima.com\\\/de\\\/files\\\/2011\\\/12\\\/ScreenshotKompaktschulung-300x160.jpg\",\"datePublished\":\"2011-12-09T09:26:46+00:00\",\"dateModified\":\"2011-12-15T07:49:12+00:00\",\"breadcrumb\":{\"@id\":\"https:\\\/\\\/blog.proclima.com\\\/de\\\/2011\\\/12\\\/startschuss-des-17-internationalen-holzbau-forums-ihf-pro-clima-ist-vor-ort-und-stellt-die-gewerkeubgreifende-fenster-dammung-dichtung-kompaktschulung-vor\\\/#breadcrumb\"},\"inLanguage\":\"de\",\"potentialAction\":[{\"@type\":\"ReadAction\",\"target\":[\"https:\\\/\\\/blog.proclima.com\\\/de\\\/2011\\\/12\\\/startschuss-des-17-internationalen-holzbau-forums-ihf-pro-clima-ist-vor-ort-und-stellt-die-gewerkeubgreifende-fenster-dammung-dichtung-kompaktschulung-vor\\\/\"]}]},{\"@type\":\"ImageObject\",\"inLanguage\":\"de\",\"@id\":\"https:\\\/\\\/blog.proclima.com\\\/de\\\/2011\\\/12\\\/startschuss-des-17-internationalen-holzbau-forums-ihf-pro-clima-ist-vor-ort-und-stellt-die-gewerkeubgreifende-fenster-dammung-dichtung-kompaktschulung-vor\\\/#primaryimage\",\"url\":\"https:\\\/\\\/blog.proclima.com\\\/de\\\/files\\\/2011\\\/12\\\/ScreenshotKompaktschulung.jpg\",\"contentUrl\":\"https:\\\/\\\/blog.proclima.com\\\/de\\\/files\\\/2011\\\/12\\\/ScreenshotKompaktschulung.jpg\",\"width\":745,\"height\":399,\"caption\":\"Der Webautritt zur Kompaktschulung Fenster D\u00e4mmung Dichtung\"},{\"@type\":\"BreadcrumbList\",\"@id\":\"https:\\\/\\\/blog.proclima.com\\\/de\\\/2011\\\/12\\\/startschuss-des-17-internationalen-holzbau-forums-ihf-pro-clima-ist-vor-ort-und-stellt-die-gewerkeubgreifende-fenster-dammung-dichtung-kompaktschulung-vor\\\/#breadcrumb\",\"itemListElement\":[{\"@type\":\"ListItem\",\"position\":1,\"name\":\"Startseite\",\"item\":\"https:\\\/\\\/blog.proclima.com\\\/de\\\/\"},{\"@type\":\"ListItem\",\"position\":2,\"name\":\"Startschuss des 17. Internationalen Holzbau-Forums IHF: pro clima ist vor Ort und stellt die gewerke\u00fcbgreifende Fenster-D\u00e4mmung-Dichtung-Kompaktschulung vor\"}]},{\"@type\":\"WebSite\",\"@id\":\"https:\\\/\\\/blog.proclima.com\\\/de\\\/#website\",\"url\":\"https:\\\/\\\/blog.proclima.com\\\/de\\\/\",\"name\":\"pro clima Blog - Deutschland\",\"description\":\"alles was pro clima bewegt\",\"publisher\":{\"@id\":\"https:\\\/\\\/blog.proclima.com\\\/de\\\/#organization\"},\"potentialAction\":[{\"@type\":\"SearchAction\",\"target\":{\"@type\":\"EntryPoint\",\"urlTemplate\":\"https:\\\/\\\/blog.proclima.com\\\/de\\\/?s={search_term_string}\"},\"query-input\":{\"@type\":\"PropertyValueSpecification\",\"valueRequired\":true,\"valueName\":\"search_term_string\"}}],\"inLanguage\":\"de\"},{\"@type\":\"Organization\",\"@id\":\"https:\\\/\\\/blog.proclima.com\\\/de\\\/#organization\",\"name\":\"pro clima - Moll bau\u00f6kologische Produkte GmbH\",\"url\":\"https:\\\/\\\/blog.proclima.com\\\/de\\\/\",\"logo\":{\"@type\":\"ImageObject\",\"inLanguage\":\"de\",\"@id\":\"https:\\\/\\\/blog.proclima.com\\\/de\\\/#\\\/schema\\\/logo\\\/image\\\/\",\"url\":\"https:\\\/\\\/blog.proclima.com\\\/de\\\/files\\\/2020\\\/04\\\/Logo-pro-clima.png\",\"contentUrl\":\"https:\\\/\\\/blog.proclima.com\\\/de\\\/files\\\/2020\\\/04\\\/Logo-pro-clima.png\",\"width\":4210,\"height\":4881,\"caption\":\"pro clima - Moll bau\u00f6kologische Produkte GmbH\"},\"image\":{\"@id\":\"https:\\\/\\\/blog.proclima.com\\\/de\\\/#\\\/schema\\\/logo\\\/image\\\/\"},\"sameAs\":[\"https:\\\/\\\/www.facebook.com\\\/proclima\",\"https:\\\/\\\/x.com\\\/proclimaDE\"]},{\"@type\":\"Person\",\"@id\":\"https:\\\/\\\/blog.proclima.com\\\/de\\\/#\\\/schema\\\/person\\\/b3490e20200d5d45b8d56f555ceffc21\",\"name\":\"Heide Merkel\",\"description\":\"Fachjournalistin, Referentin, Steuerung Presse &amp; Digitale Medien bei Moll bau\u00f6kologische Produkte GmbH (pro clima). Als Japanologin und ausgebildete Redakteurin ist Heide eher zuf\u00e4llig in der Baubranche gelandet. Seit 2011 arbeitet sie f\u00fcr pro clima. Ihr Wissen zu effektiver Kommunikation gibt sie in Seminaren, Artikeln und Vortr\u00e4gen weiter. F\u00fcr den pro clima Blog, proclima.tv und das pro clima Bauradio interviewt sie interessante Menschen aus der Baubranche. Auf\u00a0 luftdichtheit-gepr\u00fcft.de bloggt Heide \u00fcber Leckagen, Luftdichtung und Qualit\u00e4ts\u00fcberpr\u00fcfung mit Blower-Door-Tests. Ihre Freizeit verbringt sie u.a. in den Vogesen, wo sie seit mehr als f\u00fcnf Jahren ein altes Bauernhaus saniert. Ihr neuestes Projekt:\u00a0 www.besser-als-marketing.de Hier gibt es Tipps, wie Unternehmen in der Baubranche ihre Sichtbarkeit erh\u00f6hen k\u00f6nnen. Die ersten Videos sind bereits online im Youtube Channel Wer mehr \u00fcber Heide Merkel erfahren m\u00f6chte, findet sie auf den g\u00e4ngigen Social Media Plattformen.\",\"url\":\"https:\\\/\\\/blog.proclima.com\\\/de\\\/author\\\/gentner\\\/\"}]}<\/script>\n<!-- \/ Yoast SEO plugin. -->","yoast_head_json":{"title":"Startschuss des 17. Internationalen Holzbau-Forums IHF: pro clima ist vor Ort und stellt die gewerke\u00fcbgreifende Fenster-D\u00e4mmung-Dichtung-Kompaktschulung vor &#187; pro clima Blog - Deutschland","robots":{"index":"index","follow":"follow","max-snippet":"max-snippet:-1","max-image-preview":"max-image-preview:large","max-video-preview":"max-video-preview:-1"},"canonical":"https:\/\/blog.proclima.com\/de\/2011\/12\/startschuss-des-17-internationalen-holzbau-forums-ihf-pro-clima-ist-vor-ort-und-stellt-die-gewerkeubgreifende-fenster-dammung-dichtung-kompaktschulung-vor\/","og_locale":"de_DE","og_type":"article","og_title":"Startschuss des 17. Internationalen Holzbau-Forums IHF: pro clima ist vor Ort und stellt die gewerke\u00fcbgreifende Fenster-D\u00e4mmung-Dichtung-Kompaktschulung vor &#187; pro clima Blog - Deutschland","og_description":"Austauschen, Netzwerken und Lernen: Am 7. Dezember 2011, ist das 17. Internationale Holzbau-Forum IHF in Garmisch-Partenkirchen gestartet. Auch pro clima ist auf dem Kongress vertreten. ...","og_url":"https:\/\/blog.proclima.com\/de\/2011\/12\/startschuss-des-17-internationalen-holzbau-forums-ihf-pro-clima-ist-vor-ort-und-stellt-die-gewerkeubgreifende-fenster-dammung-dichtung-kompaktschulung-vor\/","og_site_name":"pro clima Blog - Deutschland","article_publisher":"https:\/\/www.facebook.com\/proclima","article_published_time":"2011-12-09T09:26:46+00:00","article_modified_time":"2011-12-15T07:49:12+00:00","og_image":[{"width":745,"height":399,"url":"https:\/\/blog.proclima.com\/de\/files\/2011\/12\/ScreenshotKompaktschulung.jpg","type":"image\/jpeg"}],"author":"Heide Merkel","twitter_card":"summary_large_image","twitter_creator":"@proclimaDE","twitter_site":"@proclimaDE","twitter_misc":{"Verfasst von":"Heide Merkel","Gesch\u00e4tzte Lesezeit":"1\u00a0Minute"},"schema":{"@context":"https:\/\/schema.org","@graph":[{"@type":"Article","@id":"https:\/\/blog.proclima.com\/de\/2011\/12\/startschuss-des-17-internationalen-holzbau-forums-ihf-pro-clima-ist-vor-ort-und-stellt-die-gewerkeubgreifende-fenster-dammung-dichtung-kompaktschulung-vor\/#article","isPartOf":{"@id":"https:\/\/blog.proclima.com\/de\/2011\/12\/startschuss-des-17-internationalen-holzbau-forums-ihf-pro-clima-ist-vor-ort-und-stellt-die-gewerkeubgreifende-fenster-dammung-dichtung-kompaktschulung-vor\/"},"author":{"name":"Heide Merkel","@id":"https:\/\/blog.proclima.com\/de\/#\/schema\/person\/b3490e20200d5d45b8d56f555ceffc21"},"headline":"Startschuss des 17. Internationalen Holzbau-Forums IHF: pro clima ist vor Ort und stellt die gewerke\u00fcbgreifende Fenster-D\u00e4mmung-Dichtung-Kompaktschulung vor","datePublished":"2011-12-09T09:26:46+00:00","dateModified":"2011-12-15T07:49:12+00:00","mainEntityOfPage":{"@id":"https:\/\/blog.proclima.com\/de\/2011\/12\/startschuss-des-17-internationalen-holzbau-forums-ihf-pro-clima-ist-vor-ort-und-stellt-die-gewerkeubgreifende-fenster-dammung-dichtung-kompaktschulung-vor\/"},"wordCount":252,"commentCount":0,"publisher":{"@id":"https:\/\/blog.proclima.com\/de\/#organization"},"image":{"@id":"https:\/\/blog.proclima.com\/de\/2011\/12\/startschuss-des-17-internationalen-holzbau-forums-ihf-pro-clima-ist-vor-ort-und-stellt-die-gewerkeubgreifende-fenster-dammung-dichtung-kompaktschulung-vor\/#primaryimage"},"thumbnailUrl":"https:\/\/blog.proclima.com\/de\/files\/2011\/12\/ScreenshotKompaktschulung-300x160.jpg","articleSection":["pro clima"],"inLanguage":"de","potentialAction":[{"@type":"CommentAction","name":"Comment","target":["https:\/\/blog.proclima.com\/de\/2011\/12\/startschuss-des-17-internationalen-holzbau-forums-ihf-pro-clima-ist-vor-ort-und-stellt-die-gewerkeubgreifende-fenster-dammung-dichtung-kompaktschulung-vor\/#respond"]}]},{"@type":"WebPage","@id":"https:\/\/blog.proclima.com\/de\/2011\/12\/startschuss-des-17-internationalen-holzbau-forums-ihf-pro-clima-ist-vor-ort-und-stellt-die-gewerkeubgreifende-fenster-dammung-dichtung-kompaktschulung-vor\/","url":"https:\/\/blog.proclima.com\/de\/2011\/12\/startschuss-des-17-internationalen-holzbau-forums-ihf-pro-clima-ist-vor-ort-und-stellt-die-gewerkeubgreifende-fenster-dammung-dichtung-kompaktschulung-vor\/","name":"Startschuss des 17. Internationalen Holzbau-Forums IHF: pro clima ist vor Ort und stellt die gewerke\u00fcbgreifende Fenster-D\u00e4mmung-Dichtung-Kompaktschulung vor &#187; pro clima Blog - Deutschland","isPartOf":{"@id":"https:\/\/blog.proclima.com\/de\/#website"},"primaryImageOfPage":{"@id":"https:\/\/blog.proclima.com\/de\/2011\/12\/startschuss-des-17-internationalen-holzbau-forums-ihf-pro-clima-ist-vor-ort-und-stellt-die-gewerkeubgreifende-fenster-dammung-dichtung-kompaktschulung-vor\/#primaryimage"},"image":{"@id":"https:\/\/blog.proclima.com\/de\/2011\/12\/startschuss-des-17-internationalen-holzbau-forums-ihf-pro-clima-ist-vor-ort-und-stellt-die-gewerkeubgreifende-fenster-dammung-dichtung-kompaktschulung-vor\/#primaryimage"},"thumbnailUrl":"https:\/\/blog.proclima.com\/de\/files\/2011\/12\/ScreenshotKompaktschulung-300x160.jpg","datePublished":"2011-12-09T09:26:46+00:00","dateModified":"2011-12-15T07:49:12+00:00","breadcrumb":{"@id":"https:\/\/blog.proclima.com\/de\/2011\/12\/startschuss-des-17-internationalen-holzbau-forums-ihf-pro-clima-ist-vor-ort-und-stellt-die-gewerkeubgreifende-fenster-dammung-dichtung-kompaktschulung-vor\/#breadcrumb"},"inLanguage":"de","potentialAction":[{"@type":"ReadAction","target":["https:\/\/blog.proclima.com\/de\/2011\/12\/startschuss-des-17-internationalen-holzbau-forums-ihf-pro-clima-ist-vor-ort-und-stellt-die-gewerkeubgreifende-fenster-dammung-dichtung-kompaktschulung-vor\/"]}]},{"@type":"ImageObject","inLanguage":"de","@id":"https:\/\/blog.proclima.com\/de\/2011\/12\/startschuss-des-17-internationalen-holzbau-forums-ihf-pro-clima-ist-vor-ort-und-stellt-die-gewerkeubgreifende-fenster-dammung-dichtung-kompaktschulung-vor\/#primaryimage","url":"https:\/\/blog.proclima.com\/de\/files\/2011\/12\/ScreenshotKompaktschulung.jpg","contentUrl":"https:\/\/blog.proclima.com\/de\/files\/2011\/12\/ScreenshotKompaktschulung.jpg","width":745,"height":399,"caption":"Der Webautritt zur Kompaktschulung Fenster D\u00e4mmung Dichtung"},{"@type":"BreadcrumbList","@id":"https:\/\/blog.proclima.com\/de\/2011\/12\/startschuss-des-17-internationalen-holzbau-forums-ihf-pro-clima-ist-vor-ort-und-stellt-die-gewerkeubgreifende-fenster-dammung-dichtung-kompaktschulung-vor\/#breadcrumb","itemListElement":[{"@type":"ListItem","position":1,"name":"Startseite","item":"https:\/\/blog.proclima.com\/de\/"},{"@type":"ListItem","position":2,"name":"Startschuss des 17. Internationalen Holzbau-Forums IHF: pro clima ist vor Ort und stellt die gewerke\u00fcbgreifende Fenster-D\u00e4mmung-Dichtung-Kompaktschulung vor"}]},{"@type":"WebSite","@id":"https:\/\/blog.proclima.com\/de\/#website","url":"https:\/\/blog.proclima.com\/de\/","name":"pro clima Blog - Deutschland","description":"alles was pro clima bewegt","publisher":{"@id":"https:\/\/blog.proclima.com\/de\/#organization"},"potentialAction":[{"@type":"SearchAction","target":{"@type":"EntryPoint","urlTemplate":"https:\/\/blog.proclima.com\/de\/?s={search_term_string}"},"query-input":{"@type":"PropertyValueSpecification","valueRequired":true,"valueName":"search_term_string"}}],"inLanguage":"de"},{"@type":"Organization","@id":"https:\/\/blog.proclima.com\/de\/#organization","name":"pro clima - Moll bau\u00f6kologische Produkte GmbH","url":"https:\/\/blog.proclima.com\/de\/","logo":{"@type":"ImageObject","inLanguage":"de","@id":"https:\/\/blog.proclima.com\/de\/#\/schema\/logo\/image\/","url":"https:\/\/blog.proclima.com\/de\/files\/2020\/04\/Logo-pro-clima.png","contentUrl":"https:\/\/blog.proclima.com\/de\/files\/2020\/04\/Logo-pro-clima.png","width":4210,"height":4881,"caption":"pro clima - Moll bau\u00f6kologische Produkte GmbH"},"image":{"@id":"https:\/\/blog.proclima.com\/de\/#\/schema\/logo\/image\/"},"sameAs":["https:\/\/www.facebook.com\/proclima","https:\/\/x.com\/proclimaDE"]},{"@type":"Person","@id":"https:\/\/blog.proclima.com\/de\/#\/schema\/person\/b3490e20200d5d45b8d56f555ceffc21","name":"Heide Merkel","description":"Fachjournalistin, Referentin, Steuerung Presse &amp; Digitale Medien bei Moll bau\u00f6kologische Produkte GmbH (pro clima). Als Japanologin und ausgebildete Redakteurin ist Heide eher zuf\u00e4llig in der Baubranche gelandet. Seit 2011 arbeitet sie f\u00fcr pro clima. Ihr Wissen zu effektiver Kommunikation gibt sie in Seminaren, Artikeln und Vortr\u00e4gen weiter. F\u00fcr den pro clima Blog, proclima.tv und das pro clima Bauradio interviewt sie interessante Menschen aus der Baubranche. Auf\u00a0 luftdichtheit-gepr\u00fcft.de bloggt Heide \u00fcber Leckagen, Luftdichtung und Qualit\u00e4ts\u00fcberpr\u00fcfung mit Blower-Door-Tests. Ihre Freizeit verbringt sie u.a. in den Vogesen, wo sie seit mehr als f\u00fcnf Jahren ein altes Bauernhaus saniert. Ihr neuestes Projekt:\u00a0 www.besser-als-marketing.de Hier gibt es Tipps, wie Unternehmen in der Baubranche ihre Sichtbarkeit erh\u00f6hen k\u00f6nnen. Die ersten Videos sind bereits online im Youtube Channel Wer mehr \u00fcber Heide Merkel erfahren m\u00f6chte, findet sie auf den g\u00e4ngigen Social Media Plattformen.","url":"https:\/\/blog.proclima.com\/de\/author\/gentner\/"}]}},"canto_acf_fields":"","_links":{"self":[{"href":"https:\/\/blog.proclima.com\/de\/wp-json\/wp\/v2\/posts\/390","targetHints":{"allow":["GET"]}}],"collection":[{"href":"https:\/\/blog.proclima.com\/de\/wp-json\/wp\/v2\/posts"}],"about":[{"href":"https:\/\/blog.proclima.com\/de\/wp-json\/wp\/v2\/types\/post"}],"author":[{"embeddable":true,"href":"https:\/\/blog.proclima.com\/de\/wp-json\/wp\/v2\/users\/18"}],"replies":[{"embeddable":true,"href":"https:\/\/blog.proclima.com\/de\/wp-json\/wp\/v2\/comments?post=390"}],"version-history":[{"count":15,"href":"https:\/\/blog.proclima.com\/de\/wp-json\/wp\/v2\/posts\/390\/revisions"}],"predecessor-version":[{"id":440,"href":"https:\/\/blog.proclima.com\/de\/wp-json\/wp\/v2\/posts\/390\/revisions\/440"}],"wp:attachment":[{"href":"https:\/\/blog.proclima.com\/de\/wp-json\/wp\/v2\/media?parent=390"}],"wp:term":[{"taxonomy":"category","embeddable":true,"href":"https:\/\/blog.proclima.com\/de\/wp-json\/wp\/v2\/categories?post=390"},{"taxonomy":"post_tag","embeddable":true,"href":"https:\/\/blog.proclima.com\/de\/wp-json\/wp\/v2\/tags?post=390"}],"curies":[{"name":"wp","href":"https:\/\/api.w.org\/{rel}","templated":true}]}}