
{"id":3550,"date":"2014-02-18T16:38:05","date_gmt":"2014-02-18T15:38:05","guid":{"rendered":"http:\/\/blog.proclima.com\/de\/?p=3550"},"modified":"2014-02-18T16:42:28","modified_gmt":"2014-02-18T15:42:28","slug":"wissen-2014-2015","status":"publish","type":"post","link":"https:\/\/blog.proclima.com\/de\/2014\/02\/wissen-2014-2015\/","title":{"rendered":"Neues Planungs- und Sanierungshandbuch zur perfekten Dichtung der Geb\u00e4udeh\u00fclle: pro clima WISSEN 2014\/15 ab sofort verf\u00fcgbar"},"content":{"rendered":"<figure id=\"attachment_3535\" aria-describedby=\"caption-attachment-3535\" style=\"width: 212px\" class=\"wp-caption alignleft\"><a href=\"https:\/\/blog.proclima.com\/de\/files\/2014\/02\/WISSEN_cover_20141.jpg\"><img loading=\"lazy\" decoding=\"async\" class=\"size-medium wp-image-3535\" alt=\"Das neue Planungs- und Sanierungshandbuch WISSEN 2014\/15\" src=\"https:\/\/blog.proclima.com\/de\/files\/2014\/02\/WISSEN_cover_20141-212x300.jpg\" width=\"212\" height=\"300\" srcset=\"https:\/\/blog.proclima.com\/de\/files\/2014\/02\/WISSEN_cover_20141-212x300.jpg 212w, https:\/\/blog.proclima.com\/de\/files\/2014\/02\/WISSEN_cover_20141-725x1024.jpg 725w, https:\/\/blog.proclima.com\/de\/files\/2014\/02\/WISSEN_cover_20141-768x1085.jpg 768w, https:\/\/blog.proclima.com\/de\/files\/2014\/02\/WISSEN_cover_20141-1087x1536.jpg 1087w, https:\/\/blog.proclima.com\/de\/files\/2014\/02\/WISSEN_cover_20141-1449x2048.jpg 1449w, https:\/\/blog.proclima.com\/de\/files\/2014\/02\/WISSEN_cover_20141-272x384.jpg 272w, https:\/\/blog.proclima.com\/de\/files\/2014\/02\/WISSEN_cover_20141-scaled.jpg 1811w\" sizes=\"auto, (max-width: 212px) 100vw, 212px\" \/><\/a><figcaption id=\"caption-attachment-3535\" class=\"wp-caption-text\">Das neue Planungs- und Sanierungshandbuch WISSEN 2014\/15<\/figcaption><\/figure>\n<p>Schwetzingen \u2013 Konstruktionsdetails, Anwendungsempfehlungen, bauphysikalische Grundlagen und vieles mehr: das neue Planungs- und Sanierungshandbuch WISSEN 2014\/15 erkl\u00e4rt anschaulich und umfassend, was alles zu einer perfekten Dichtung der Geb\u00e4udeh\u00fclle ben\u00f6tigt wird.<\/p>\n<p>\u201eDieses 433-Seiten umfassende Handbuch enth\u00e4lt die wichtigsten Informationen zum Thema Luftdichtung innen und Winddichtung au\u00dfen. Man muss jedoch nicht das komplette Werk\u00a0 von vorne bis hinten lesen \u2013 durch die gut gegliederten Kapitel kann jeder das herausziehen, was er braucht \u201c, sagt Architekt Oliver Goldau von pro clima, \u201emit vielen Fotos und Grafiken wird der Leser in die Systeme zum besten Schutz vor Bausch\u00e4den und Schimmel eingef\u00fchrt, erf\u00e4hrt alltagstaugliche L\u00f6sungen f\u00fcr die Baupraxis und die korrekte Anwendung von neuen Produkten.\u201c <!--more--><br \/>\n<strong><\/strong><\/p>\n<figure id=\"attachment_3552\" aria-describedby=\"caption-attachment-3552\" style=\"width: 300px\" class=\"wp-caption alignright\"><a href=\"https:\/\/blog.proclima.com\/de\/files\/2014\/02\/DSC_0745.jpg\"><img loading=\"lazy\" decoding=\"async\" class=\"size-medium wp-image-3552\" alt=\"Das WISSEN 2014\/15 zum Mitnehmen auf der Dach+Holz in Halle 7.\" src=\"https:\/\/blog.proclima.com\/de\/files\/2014\/02\/DSC_0745-300x200.jpg\" width=\"300\" height=\"200\" srcset=\"https:\/\/blog.proclima.com\/de\/files\/2014\/02\/DSC_0745-300x200.jpg 300w, https:\/\/blog.proclima.com\/de\/files\/2014\/02\/DSC_0745-1024x683.jpg 1024w, https:\/\/blog.proclima.com\/de\/files\/2014\/02\/DSC_0745-768x512.jpg 768w, https:\/\/blog.proclima.com\/de\/files\/2014\/02\/DSC_0745-1536x1024.jpg 1536w, https:\/\/blog.proclima.com\/de\/files\/2014\/02\/DSC_0745-2048x1365.jpg 2048w, https:\/\/blog.proclima.com\/de\/files\/2014\/02\/DSC_0745-384x256.jpg 384w\" sizes=\"auto, (max-width: 300px) 100vw, 300px\" \/><\/a><figcaption id=\"caption-attachment-3552\" class=\"wp-caption-text\">Das WISSEN 2014\/15 zum Mitnehmen auf der Dach+Holz in Halle 7.<\/figcaption><\/figure>\n<p><strong>Studie zur Berechnung des Bauschadensfreiheitspotenzials<\/strong><br \/>\nDas\u00a0 WISSEN 2014\/15 enth\u00e4lt auch eine Studie zur Berechnung des Bauschadensfreiheitspotenzials. Diese untersucht und bewertet auf Basis der aktuellen Empfehlungen des Fraunhofer Instituts f\u00fcr Bauphysik verschiedene Konstruktionsvarianten und zeigt den Weg zur fehlertoleranten, praxisgerechten und sicheren Ausf\u00fchrung der luftdichten Ebene.<\/p>\n<p><strong>Viele Details: Mehr als 100 Konstruktionszeichnungen<\/strong><br \/>\nDas WISSEN bereitet Neubau- und Sanierungsthemen fundiert und verst\u00e4ndlich auf. Dazu geh\u00f6ren auch mehr als 100 Konstruktionszeichnungen. Diese zeigen u.a. Details der Luftdichtung innen\u00a0 mit Dampfbremsbahnen, Holzwerkstoffplatten und im Mauerwerksbau. \u201eTypische Situationen bei der Planung und Verarbeitung sind in unseren Zeichnungen dargestellt. Das Handbuch eignet sich also auch sehr gut f\u00fcr Planer und Handwerker, die ihren Kunden spezielle Situationen erkl\u00e4ren wollen,\u201c so Architekt Goldau.<\/p>\n<p><strong>Das Planungs- und Sanierungshandbuch kann ab sofort kostenfrei bestellt werden:<\/strong><br \/>\n&#8211; Per Telefon: 0 62 02 &#8211; 27 82.0<br \/>\n&#8211; Per Fax: 0 62 02 &#8211; 27 82.21<br \/>\n&#8211; Per Formular: <a href=\"https:\/\/de.proclima.com\/service\/wissen\" target=\"_blank\">https:\/\/de.proclima.com\/service\/wissen<\/a><br \/>\n&#8211; Per E-Mail: <a href=\"mailto:info@proclima.de\" target=\"_blank\">info@proclima.de<\/a><\/p>\n<p>Fotos zum kostenfreien Download in der pro clima Bilddatenbank<br \/>\n<a href=\"https:\/\/picasso.moll-group.eu\/gallary\/main.php\/v\/pub\/\" target=\"_blank\">https:\/\/picasso.moll-group.eu\/gallary\/main.php\/v\/pub\/ <\/a><\/p>\n<p>Mehr zur Geschichte und Philosophie der MOLL bau\u00f6kologische Produkte GmbH:<br \/>\n<a href=\"http:\/\/procli.ma\/1pn\" target=\"_blank\">http:\/\/procli.ma\/1pn<\/a><\/p>\n<p><a href=\"https:\/\/blog.proclima.com\/de\/files\/2014\/02\/DSC_0902.jpg\"><img loading=\"lazy\" decoding=\"async\" class=\"aligncenter size-full wp-image-3555\" alt=\"DSC_0902\" src=\"https:\/\/blog.proclima.com\/de\/files\/2014\/02\/DSC_0902.jpg\" width=\"6000\" height=\"4000\" \/><\/a><\/p>\n<p><em>Pressekontakt:<\/em><br \/>\n<em>Heide Gentner<\/em><br \/>\n<em>MOLL bau\u00f6kologische Produkte GmbH<\/em><br \/>\n<em>Rheintalstra\u00dfe 35 \u2013 43<\/em><br \/>\n<em>68723 Schwetzingen<\/em><br \/>\n<em>Tel.: 06202\/2782-56<\/em><br \/>\n<em>heide.gentner@proclima.de<\/em><\/p>\n","protected":false},"excerpt":{"rendered":"<p>Schwetzingen \u2013 Konstruktionsdetails, Anwendungsempfehlungen, bauphysikalische Grundlagen und vieles mehr: das neue Planungs- und Sanierungshandbuch WISSEN 2014\/15 erkl\u00e4rt anschaulich und umfassend, was alles zu einer perfekten <a href=\"https:\/\/blog.proclima.com\/de\/2014\/02\/wissen-2014-2015\/\" rel=\"bookmark\">&#8230;<\/a><\/p>\n","protected":false},"author":18,"featured_media":0,"comment_status":"open","ping_status":"open","sticky":false,"template":"","format":"standard","meta":{"footnotes":""},"categories":[136],"tags":[671,208,677,678],"class_list":["post-3550","post","type-post","status-publish","format-standard","hentry","category-pressemitteilung","tag-dachholz","tag-koln","tag-wissen-2","tag-wissen-201415"],"yoast_head":"<!-- This site is optimized with the Yoast SEO plugin v27.5 - https:\/\/yoast.com\/product\/yoast-seo-wordpress\/ -->\n<title>Neues Planungs- und Sanierungshandbuch zur perfekten Dichtung der Geb\u00e4udeh\u00fclle: pro clima WISSEN 2014\/15 ab sofort verf\u00fcgbar  &#187; pro clima Blog - Deutschland<\/title>\n<meta name=\"robots\" content=\"index, follow, max-snippet:-1, max-image-preview:large, max-video-preview:-1\" \/>\n<link rel=\"canonical\" href=\"https:\/\/blog.proclima.com\/de\/2014\/02\/wissen-2014-2015\/\" \/>\n<meta property=\"og:locale\" content=\"de_DE\" \/>\n<meta property=\"og:type\" content=\"article\" \/>\n<meta property=\"og:title\" content=\"Neues Planungs- und Sanierungshandbuch zur perfekten Dichtung der Geb\u00e4udeh\u00fclle: pro clima WISSEN 2014\/15 ab sofort verf\u00fcgbar  &#187; pro clima Blog - Deutschland\" \/>\n<meta property=\"og:description\" content=\"Schwetzingen \u2013 Konstruktionsdetails, Anwendungsempfehlungen, bauphysikalische Grundlagen und vieles mehr: das neue Planungs- und Sanierungshandbuch WISSEN 2014\/15 erkl\u00e4rt anschaulich und umfassend, was alles zu einer perfekten ...\" \/>\n<meta property=\"og:url\" content=\"https:\/\/blog.proclima.com\/de\/2014\/02\/wissen-2014-2015\/\" \/>\n<meta property=\"og:site_name\" content=\"pro clima Blog - Deutschland\" \/>\n<meta property=\"article:publisher\" content=\"https:\/\/www.facebook.com\/proclima\" \/>\n<meta property=\"article:published_time\" content=\"2014-02-18T15:38:05+00:00\" \/>\n<meta property=\"article:modified_time\" content=\"2014-02-18T15:42:28+00:00\" \/>\n<meta property=\"og:image\" content=\"https:\/\/blog.proclima.com\/de\/files\/2014\/02\/WISSEN_cover_20141-scaled.jpg\" \/>\n\t<meta property=\"og:image:width\" content=\"1811\" \/>\n\t<meta property=\"og:image:height\" content=\"2560\" \/>\n\t<meta property=\"og:image:type\" content=\"image\/jpeg\" \/>\n<meta name=\"author\" content=\"Heide Merkel\" \/>\n<meta name=\"twitter:card\" content=\"summary_large_image\" \/>\n<meta name=\"twitter:creator\" content=\"@proclimaDE\" \/>\n<meta name=\"twitter:site\" content=\"@proclimaDE\" \/>\n<meta name=\"twitter:label1\" content=\"Verfasst von\" \/>\n\t<meta name=\"twitter:data1\" content=\"Heide Merkel\" \/>\n\t<meta name=\"twitter:label2\" content=\"Gesch\u00e4tzte Lesezeit\" \/>\n\t<meta name=\"twitter:data2\" content=\"2\u00a0Minuten\" \/>\n<script type=\"application\/ld+json\" class=\"yoast-schema-graph\">{\"@context\":\"https:\\\/\\\/schema.org\",\"@graph\":[{\"@type\":\"Article\",\"@id\":\"https:\\\/\\\/blog.proclima.com\\\/de\\\/2014\\\/02\\\/wissen-2014-2015\\\/#article\",\"isPartOf\":{\"@id\":\"https:\\\/\\\/blog.proclima.com\\\/de\\\/2014\\\/02\\\/wissen-2014-2015\\\/\"},\"author\":{\"name\":\"Heide Merkel\",\"@id\":\"https:\\\/\\\/blog.proclima.com\\\/de\\\/#\\\/schema\\\/person\\\/b3490e20200d5d45b8d56f555ceffc21\"},\"headline\":\"Neues Planungs- und Sanierungshandbuch zur perfekten Dichtung der Geb\u00e4udeh\u00fclle: pro clima WISSEN 2014\\\/15 ab sofort verf\u00fcgbar\",\"datePublished\":\"2014-02-18T15:38:05+00:00\",\"dateModified\":\"2014-02-18T15:42:28+00:00\",\"mainEntityOfPage\":{\"@id\":\"https:\\\/\\\/blog.proclima.com\\\/de\\\/2014\\\/02\\\/wissen-2014-2015\\\/\"},\"wordCount\":368,\"commentCount\":0,\"publisher\":{\"@id\":\"https:\\\/\\\/blog.proclima.com\\\/de\\\/#organization\"},\"image\":{\"@id\":\"https:\\\/\\\/blog.proclima.com\\\/de\\\/2014\\\/02\\\/wissen-2014-2015\\\/#primaryimage\"},\"thumbnailUrl\":\"https:\\\/\\\/blog.proclima.com\\\/de\\\/files\\\/2014\\\/02\\\/WISSEN_cover_20141-212x300.jpg\",\"keywords\":[\"Dach+Holz\",\"K\u00f6ln\",\"WISSEN\",\"WISSEN 2014\\\/15\"],\"articleSection\":[\"Pressemitteilungen\"],\"inLanguage\":\"de\",\"potentialAction\":[{\"@type\":\"CommentAction\",\"name\":\"Comment\",\"target\":[\"https:\\\/\\\/blog.proclima.com\\\/de\\\/2014\\\/02\\\/wissen-2014-2015\\\/#respond\"]}]},{\"@type\":\"WebPage\",\"@id\":\"https:\\\/\\\/blog.proclima.com\\\/de\\\/2014\\\/02\\\/wissen-2014-2015\\\/\",\"url\":\"https:\\\/\\\/blog.proclima.com\\\/de\\\/2014\\\/02\\\/wissen-2014-2015\\\/\",\"name\":\"Neues Planungs- und Sanierungshandbuch zur perfekten Dichtung der Geb\u00e4udeh\u00fclle: pro clima WISSEN 2014\\\/15 ab sofort verf\u00fcgbar &#187; pro clima Blog - Deutschland\",\"isPartOf\":{\"@id\":\"https:\\\/\\\/blog.proclima.com\\\/de\\\/#website\"},\"primaryImageOfPage\":{\"@id\":\"https:\\\/\\\/blog.proclima.com\\\/de\\\/2014\\\/02\\\/wissen-2014-2015\\\/#primaryimage\"},\"image\":{\"@id\":\"https:\\\/\\\/blog.proclima.com\\\/de\\\/2014\\\/02\\\/wissen-2014-2015\\\/#primaryimage\"},\"thumbnailUrl\":\"https:\\\/\\\/blog.proclima.com\\\/de\\\/files\\\/2014\\\/02\\\/WISSEN_cover_20141-212x300.jpg\",\"datePublished\":\"2014-02-18T15:38:05+00:00\",\"dateModified\":\"2014-02-18T15:42:28+00:00\",\"breadcrumb\":{\"@id\":\"https:\\\/\\\/blog.proclima.com\\\/de\\\/2014\\\/02\\\/wissen-2014-2015\\\/#breadcrumb\"},\"inLanguage\":\"de\",\"potentialAction\":[{\"@type\":\"ReadAction\",\"target\":[\"https:\\\/\\\/blog.proclima.com\\\/de\\\/2014\\\/02\\\/wissen-2014-2015\\\/\"]}]},{\"@type\":\"ImageObject\",\"inLanguage\":\"de\",\"@id\":\"https:\\\/\\\/blog.proclima.com\\\/de\\\/2014\\\/02\\\/wissen-2014-2015\\\/#primaryimage\",\"url\":\"https:\\\/\\\/blog.proclima.com\\\/de\\\/files\\\/2014\\\/02\\\/WISSEN_cover_20141-scaled.jpg\",\"contentUrl\":\"https:\\\/\\\/blog.proclima.com\\\/de\\\/files\\\/2014\\\/02\\\/WISSEN_cover_20141-scaled.jpg\",\"width\":1811,\"height\":2560,\"caption\":\"Das neue Planungs- und Sanierungshandbuch WISSEN 2014\\\/15\"},{\"@type\":\"BreadcrumbList\",\"@id\":\"https:\\\/\\\/blog.proclima.com\\\/de\\\/2014\\\/02\\\/wissen-2014-2015\\\/#breadcrumb\",\"itemListElement\":[{\"@type\":\"ListItem\",\"position\":1,\"name\":\"Startseite\",\"item\":\"https:\\\/\\\/blog.proclima.com\\\/de\\\/\"},{\"@type\":\"ListItem\",\"position\":2,\"name\":\"Neues Planungs- und Sanierungshandbuch zur perfekten Dichtung der Geb\u00e4udeh\u00fclle: pro clima WISSEN 2014\\\/15 ab sofort verf\u00fcgbar\"}]},{\"@type\":\"WebSite\",\"@id\":\"https:\\\/\\\/blog.proclima.com\\\/de\\\/#website\",\"url\":\"https:\\\/\\\/blog.proclima.com\\\/de\\\/\",\"name\":\"pro clima Blog - Deutschland\",\"description\":\"alles was pro clima bewegt\",\"publisher\":{\"@id\":\"https:\\\/\\\/blog.proclima.com\\\/de\\\/#organization\"},\"potentialAction\":[{\"@type\":\"SearchAction\",\"target\":{\"@type\":\"EntryPoint\",\"urlTemplate\":\"https:\\\/\\\/blog.proclima.com\\\/de\\\/?s={search_term_string}\"},\"query-input\":{\"@type\":\"PropertyValueSpecification\",\"valueRequired\":true,\"valueName\":\"search_term_string\"}}],\"inLanguage\":\"de\"},{\"@type\":\"Organization\",\"@id\":\"https:\\\/\\\/blog.proclima.com\\\/de\\\/#organization\",\"name\":\"pro clima - Moll bau\u00f6kologische Produkte GmbH\",\"url\":\"https:\\\/\\\/blog.proclima.com\\\/de\\\/\",\"logo\":{\"@type\":\"ImageObject\",\"inLanguage\":\"de\",\"@id\":\"https:\\\/\\\/blog.proclima.com\\\/de\\\/#\\\/schema\\\/logo\\\/image\\\/\",\"url\":\"https:\\\/\\\/blog.proclima.com\\\/de\\\/files\\\/2020\\\/04\\\/Logo-pro-clima.png\",\"contentUrl\":\"https:\\\/\\\/blog.proclima.com\\\/de\\\/files\\\/2020\\\/04\\\/Logo-pro-clima.png\",\"width\":4210,\"height\":4881,\"caption\":\"pro clima - Moll bau\u00f6kologische Produkte GmbH\"},\"image\":{\"@id\":\"https:\\\/\\\/blog.proclima.com\\\/de\\\/#\\\/schema\\\/logo\\\/image\\\/\"},\"sameAs\":[\"https:\\\/\\\/www.facebook.com\\\/proclima\",\"https:\\\/\\\/x.com\\\/proclimaDE\"]},{\"@type\":\"Person\",\"@id\":\"https:\\\/\\\/blog.proclima.com\\\/de\\\/#\\\/schema\\\/person\\\/b3490e20200d5d45b8d56f555ceffc21\",\"name\":\"Heide Merkel\",\"description\":\"Fachjournalistin, Referentin, Steuerung Presse &amp; Digitale Medien bei Moll bau\u00f6kologische Produkte GmbH (pro clima). Als Japanologin und ausgebildete Redakteurin ist Heide eher zuf\u00e4llig in der Baubranche gelandet. Seit 2011 arbeitet sie f\u00fcr pro clima. Ihr Wissen zu effektiver Kommunikation gibt sie in Seminaren, Artikeln und Vortr\u00e4gen weiter. F\u00fcr den pro clima Blog, proclima.tv und das pro clima Bauradio interviewt sie interessante Menschen aus der Baubranche. Auf\u00a0 luftdichtheit-gepr\u00fcft.de bloggt Heide \u00fcber Leckagen, Luftdichtung und Qualit\u00e4ts\u00fcberpr\u00fcfung mit Blower-Door-Tests. Ihre Freizeit verbringt sie u.a. in den Vogesen, wo sie seit mehr als f\u00fcnf Jahren ein altes Bauernhaus saniert. Ihr neuestes Projekt:\u00a0 www.besser-als-marketing.de Hier gibt es Tipps, wie Unternehmen in der Baubranche ihre Sichtbarkeit erh\u00f6hen k\u00f6nnen. Die ersten Videos sind bereits online im Youtube Channel Wer mehr \u00fcber Heide Merkel erfahren m\u00f6chte, findet sie auf den g\u00e4ngigen Social Media Plattformen.\",\"url\":\"https:\\\/\\\/blog.proclima.com\\\/de\\\/author\\\/gentner\\\/\"}]}<\/script>\n<!-- \/ Yoast SEO plugin. -->","yoast_head_json":{"title":"Neues Planungs- und Sanierungshandbuch zur perfekten Dichtung der Geb\u00e4udeh\u00fclle: pro clima WISSEN 2014\/15 ab sofort verf\u00fcgbar  &#187; pro clima Blog - Deutschland","robots":{"index":"index","follow":"follow","max-snippet":"max-snippet:-1","max-image-preview":"max-image-preview:large","max-video-preview":"max-video-preview:-1"},"canonical":"https:\/\/blog.proclima.com\/de\/2014\/02\/wissen-2014-2015\/","og_locale":"de_DE","og_type":"article","og_title":"Neues Planungs- und Sanierungshandbuch zur perfekten Dichtung der Geb\u00e4udeh\u00fclle: pro clima WISSEN 2014\/15 ab sofort verf\u00fcgbar  &#187; pro clima Blog - Deutschland","og_description":"Schwetzingen \u2013 Konstruktionsdetails, Anwendungsempfehlungen, bauphysikalische Grundlagen und vieles mehr: das neue Planungs- und Sanierungshandbuch WISSEN 2014\/15 erkl\u00e4rt anschaulich und umfassend, was alles zu einer perfekten ...","og_url":"https:\/\/blog.proclima.com\/de\/2014\/02\/wissen-2014-2015\/","og_site_name":"pro clima Blog - Deutschland","article_publisher":"https:\/\/www.facebook.com\/proclima","article_published_time":"2014-02-18T15:38:05+00:00","article_modified_time":"2014-02-18T15:42:28+00:00","og_image":[{"width":1811,"height":2560,"url":"https:\/\/blog.proclima.com\/de\/files\/2014\/02\/WISSEN_cover_20141-scaled.jpg","type":"image\/jpeg"}],"author":"Heide Merkel","twitter_card":"summary_large_image","twitter_creator":"@proclimaDE","twitter_site":"@proclimaDE","twitter_misc":{"Verfasst von":"Heide Merkel","Gesch\u00e4tzte Lesezeit":"2\u00a0Minuten"},"schema":{"@context":"https:\/\/schema.org","@graph":[{"@type":"Article","@id":"https:\/\/blog.proclima.com\/de\/2014\/02\/wissen-2014-2015\/#article","isPartOf":{"@id":"https:\/\/blog.proclima.com\/de\/2014\/02\/wissen-2014-2015\/"},"author":{"name":"Heide Merkel","@id":"https:\/\/blog.proclima.com\/de\/#\/schema\/person\/b3490e20200d5d45b8d56f555ceffc21"},"headline":"Neues Planungs- und Sanierungshandbuch zur perfekten Dichtung der Geb\u00e4udeh\u00fclle: pro clima WISSEN 2014\/15 ab sofort verf\u00fcgbar","datePublished":"2014-02-18T15:38:05+00:00","dateModified":"2014-02-18T15:42:28+00:00","mainEntityOfPage":{"@id":"https:\/\/blog.proclima.com\/de\/2014\/02\/wissen-2014-2015\/"},"wordCount":368,"commentCount":0,"publisher":{"@id":"https:\/\/blog.proclima.com\/de\/#organization"},"image":{"@id":"https:\/\/blog.proclima.com\/de\/2014\/02\/wissen-2014-2015\/#primaryimage"},"thumbnailUrl":"https:\/\/blog.proclima.com\/de\/files\/2014\/02\/WISSEN_cover_20141-212x300.jpg","keywords":["Dach+Holz","K\u00f6ln","WISSEN","WISSEN 2014\/15"],"articleSection":["Pressemitteilungen"],"inLanguage":"de","potentialAction":[{"@type":"CommentAction","name":"Comment","target":["https:\/\/blog.proclima.com\/de\/2014\/02\/wissen-2014-2015\/#respond"]}]},{"@type":"WebPage","@id":"https:\/\/blog.proclima.com\/de\/2014\/02\/wissen-2014-2015\/","url":"https:\/\/blog.proclima.com\/de\/2014\/02\/wissen-2014-2015\/","name":"Neues Planungs- und Sanierungshandbuch zur perfekten Dichtung der Geb\u00e4udeh\u00fclle: pro clima WISSEN 2014\/15 ab sofort verf\u00fcgbar &#187; pro clima Blog - Deutschland","isPartOf":{"@id":"https:\/\/blog.proclima.com\/de\/#website"},"primaryImageOfPage":{"@id":"https:\/\/blog.proclima.com\/de\/2014\/02\/wissen-2014-2015\/#primaryimage"},"image":{"@id":"https:\/\/blog.proclima.com\/de\/2014\/02\/wissen-2014-2015\/#primaryimage"},"thumbnailUrl":"https:\/\/blog.proclima.com\/de\/files\/2014\/02\/WISSEN_cover_20141-212x300.jpg","datePublished":"2014-02-18T15:38:05+00:00","dateModified":"2014-02-18T15:42:28+00:00","breadcrumb":{"@id":"https:\/\/blog.proclima.com\/de\/2014\/02\/wissen-2014-2015\/#breadcrumb"},"inLanguage":"de","potentialAction":[{"@type":"ReadAction","target":["https:\/\/blog.proclima.com\/de\/2014\/02\/wissen-2014-2015\/"]}]},{"@type":"ImageObject","inLanguage":"de","@id":"https:\/\/blog.proclima.com\/de\/2014\/02\/wissen-2014-2015\/#primaryimage","url":"https:\/\/blog.proclima.com\/de\/files\/2014\/02\/WISSEN_cover_20141-scaled.jpg","contentUrl":"https:\/\/blog.proclima.com\/de\/files\/2014\/02\/WISSEN_cover_20141-scaled.jpg","width":1811,"height":2560,"caption":"Das neue Planungs- und Sanierungshandbuch WISSEN 2014\/15"},{"@type":"BreadcrumbList","@id":"https:\/\/blog.proclima.com\/de\/2014\/02\/wissen-2014-2015\/#breadcrumb","itemListElement":[{"@type":"ListItem","position":1,"name":"Startseite","item":"https:\/\/blog.proclima.com\/de\/"},{"@type":"ListItem","position":2,"name":"Neues Planungs- und Sanierungshandbuch zur perfekten Dichtung der Geb\u00e4udeh\u00fclle: pro clima WISSEN 2014\/15 ab sofort verf\u00fcgbar"}]},{"@type":"WebSite","@id":"https:\/\/blog.proclima.com\/de\/#website","url":"https:\/\/blog.proclima.com\/de\/","name":"pro clima Blog - Deutschland","description":"alles was pro clima bewegt","publisher":{"@id":"https:\/\/blog.proclima.com\/de\/#organization"},"potentialAction":[{"@type":"SearchAction","target":{"@type":"EntryPoint","urlTemplate":"https:\/\/blog.proclima.com\/de\/?s={search_term_string}"},"query-input":{"@type":"PropertyValueSpecification","valueRequired":true,"valueName":"search_term_string"}}],"inLanguage":"de"},{"@type":"Organization","@id":"https:\/\/blog.proclima.com\/de\/#organization","name":"pro clima - Moll bau\u00f6kologische Produkte GmbH","url":"https:\/\/blog.proclima.com\/de\/","logo":{"@type":"ImageObject","inLanguage":"de","@id":"https:\/\/blog.proclima.com\/de\/#\/schema\/logo\/image\/","url":"https:\/\/blog.proclima.com\/de\/files\/2020\/04\/Logo-pro-clima.png","contentUrl":"https:\/\/blog.proclima.com\/de\/files\/2020\/04\/Logo-pro-clima.png","width":4210,"height":4881,"caption":"pro clima - Moll bau\u00f6kologische Produkte GmbH"},"image":{"@id":"https:\/\/blog.proclima.com\/de\/#\/schema\/logo\/image\/"},"sameAs":["https:\/\/www.facebook.com\/proclima","https:\/\/x.com\/proclimaDE"]},{"@type":"Person","@id":"https:\/\/blog.proclima.com\/de\/#\/schema\/person\/b3490e20200d5d45b8d56f555ceffc21","name":"Heide Merkel","description":"Fachjournalistin, Referentin, Steuerung Presse &amp; Digitale Medien bei Moll bau\u00f6kologische Produkte GmbH (pro clima). Als Japanologin und ausgebildete Redakteurin ist Heide eher zuf\u00e4llig in der Baubranche gelandet. Seit 2011 arbeitet sie f\u00fcr pro clima. Ihr Wissen zu effektiver Kommunikation gibt sie in Seminaren, Artikeln und Vortr\u00e4gen weiter. F\u00fcr den pro clima Blog, proclima.tv und das pro clima Bauradio interviewt sie interessante Menschen aus der Baubranche. Auf\u00a0 luftdichtheit-gepr\u00fcft.de bloggt Heide \u00fcber Leckagen, Luftdichtung und Qualit\u00e4ts\u00fcberpr\u00fcfung mit Blower-Door-Tests. Ihre Freizeit verbringt sie u.a. in den Vogesen, wo sie seit mehr als f\u00fcnf Jahren ein altes Bauernhaus saniert. Ihr neuestes Projekt:\u00a0 www.besser-als-marketing.de Hier gibt es Tipps, wie Unternehmen in der Baubranche ihre Sichtbarkeit erh\u00f6hen k\u00f6nnen. Die ersten Videos sind bereits online im Youtube Channel Wer mehr \u00fcber Heide Merkel erfahren m\u00f6chte, findet sie auf den g\u00e4ngigen Social Media Plattformen.","url":"https:\/\/blog.proclima.com\/de\/author\/gentner\/"}]}},"canto_acf_fields":"","_links":{"self":[{"href":"https:\/\/blog.proclima.com\/de\/wp-json\/wp\/v2\/posts\/3550","targetHints":{"allow":["GET"]}}],"collection":[{"href":"https:\/\/blog.proclima.com\/de\/wp-json\/wp\/v2\/posts"}],"about":[{"href":"https:\/\/blog.proclima.com\/de\/wp-json\/wp\/v2\/types\/post"}],"author":[{"embeddable":true,"href":"https:\/\/blog.proclima.com\/de\/wp-json\/wp\/v2\/users\/18"}],"replies":[{"embeddable":true,"href":"https:\/\/blog.proclima.com\/de\/wp-json\/wp\/v2\/comments?post=3550"}],"version-history":[{"count":2,"href":"https:\/\/blog.proclima.com\/de\/wp-json\/wp\/v2\/posts\/3550\/revisions"}],"predecessor-version":[{"id":3557,"href":"https:\/\/blog.proclima.com\/de\/wp-json\/wp\/v2\/posts\/3550\/revisions\/3557"}],"wp:attachment":[{"href":"https:\/\/blog.proclima.com\/de\/wp-json\/wp\/v2\/media?parent=3550"}],"wp:term":[{"taxonomy":"category","embeddable":true,"href":"https:\/\/blog.proclima.com\/de\/wp-json\/wp\/v2\/categories?post=3550"},{"taxonomy":"post_tag","embeddable":true,"href":"https:\/\/blog.proclima.com\/de\/wp-json\/wp\/v2\/tags?post=3550"}],"curies":[{"name":"wp","href":"https:\/\/api.w.org\/{rel}","templated":true}]}}