
{"id":3470,"date":"2014-01-15T18:21:37","date_gmt":"2014-01-15T17:21:37","guid":{"rendered":"http:\/\/blog.proclima.com\/de\/?p=3470"},"modified":"2014-01-15T18:36:01","modified_gmt":"2014-01-15T17:36:01","slug":"sicher-dichten-springe","status":"publish","type":"post","link":"https:\/\/blog.proclima.com\/de\/2014\/01\/sicher-dichten-springe\/","title":{"rendered":"Sicher-Dichten-Seminar in Springe Eldagsen &#8211; ein  Erfahrungsbericht"},"content":{"rendered":"<figure id=\"attachment_3474\" aria-describedby=\"caption-attachment-3474\" style=\"width: 300px\" class=\"wp-caption alignleft\"><a href=\"https:\/\/blog.proclima.com\/de\/files\/2014\/01\/IMG_3736.jpg\"><img loading=\"lazy\" decoding=\"async\" data-size=\"1024x683\" class=\"size-medium wp-image-3474\" alt=\"pro clima Techniker Martin Gro\u00dfekath\u00f6fer beim Sicher-Dichten-Seminar.\" src=\"https:\/\/blog.proclima.com\/de\/files\/2014\/01\/IMG_3736-300x200.jpg\" width=\"300\" height=\"200\" srcset=\"https:\/\/blog.proclima.com\/de\/files\/2014\/01\/IMG_3736-300x200.jpg 300w, https:\/\/blog.proclima.com\/de\/files\/2014\/01\/IMG_3736-768x512.jpg 768w, https:\/\/blog.proclima.com\/de\/files\/2014\/01\/IMG_3736-384x256.jpg 384w, https:\/\/blog.proclima.com\/de\/files\/2014\/01\/IMG_3736.jpg 1024w\" sizes=\"auto, (max-width: 300px) 100vw, 300px\" \/><\/a><figcaption id=\"caption-attachment-3474\" class=\"wp-caption-text\">pro clima Techniker Martin Gro\u00dfekath\u00f6fer beim Sicher-Dichten-Seminar.<\/figcaption><\/figure>\n<figure id=\"attachment_3479\" aria-describedby=\"caption-attachment-3479\" style=\"width: 300px\" class=\"wp-caption alignleft\"><a href=\"https:\/\/blog.proclima.com\/de\/files\/2014\/01\/IMG_3744.jpg\"><img loading=\"lazy\" decoding=\"async\" data-size=\"1024x683\" class=\"size-medium wp-image-3479\" alt=\"IMG_3744\" src=\"https:\/\/blog.proclima.com\/de\/files\/2014\/01\/IMG_3744-300x200.jpg\" width=\"300\" height=\"200\" srcset=\"https:\/\/blog.proclima.com\/de\/files\/2014\/01\/IMG_3744-300x200.jpg 300w, https:\/\/blog.proclima.com\/de\/files\/2014\/01\/IMG_3744-768x512.jpg 768w, https:\/\/blog.proclima.com\/de\/files\/2014\/01\/IMG_3744-384x256.jpg 384w, https:\/\/blog.proclima.com\/de\/files\/2014\/01\/IMG_3744.jpg 1024w\" sizes=\"auto, (max-width: 300px) 100vw, 300px\" \/><\/a><figcaption id=\"caption-attachment-3479\" class=\"wp-caption-text\">Rechts: Joachim Gro\u00df von Gro\u00df Baupraxis, pro clima Gebietsvertretung Nord.<\/figcaption><\/figure>\n<p>Joachim Gro\u00df, pro clima Gebietsvertretung Nord, hat im Januar 2013 das Sicher-Dichten-Seminar in Eldagsen mitbetreut und berichtet:<\/p>\n<p>\u201eImmer wieder anders, immer wieder spannend. Die Veranstaltung &#8222;Sicher Dichten&#8220; mit einem Theorie- und Praxisteil lebt von seinen Teilnehmern, die aus unterschiedlichen Branchen kommen und sich gegenseitig befruchten. Bei dem neuerlichen Seminar im Energie- und Umweltzentrum (EUZ) in Eldagsen gab es auch dieses Mal einen regen Informationsaustausch zwischen Teilnehmern aus dem Bereichen (Holz-) Fachhandel, Planung sowie Handwerkern (Zimmerer, Bauleitung).<\/p>\n<p>pro clima Techniker Martin Gro\u00dfekath\u00f6fer hat am Vormittag die Grundlagen der Bauphysik erkl\u00e4rt. Durch interessante R\u00fcckfragen der Teilnehmer konnte dieser manchmal sehr trockene Stoff ganz lebendig vermittelt werden. An den Beispielen unterschiedlicher Bauteile schienen selbst Wasserdampfmolek\u00fcle zum Greifen nah zu sein. Besonders nachgefragt wurden die verschiedenen L\u00f6sungsvorschl\u00e4ge f\u00fcr die Dachsanierung von au\u00dfen, die bei den Auftr\u00e4gen der Handwerker einen gro\u00dfen Umfang einnimmt.<!--more--><a href=\"https:\/\/blog.proclima.com\/de\/files\/2014\/01\/IMG_3742.jpg\"><img loading=\"lazy\" decoding=\"async\" data-size=\"1024x683\" class=\"aligncenter size-full wp-image-3477\" alt=\"IMG_3742\" src=\"https:\/\/blog.proclima.com\/de\/files\/2014\/01\/IMG_3742.jpg\" width=\"1024\" height=\"683\" srcset=\"https:\/\/blog.proclima.com\/de\/files\/2014\/01\/IMG_3742.jpg 1024w, https:\/\/blog.proclima.com\/de\/files\/2014\/01\/IMG_3742-300x200.jpg 300w, https:\/\/blog.proclima.com\/de\/files\/2014\/01\/IMG_3742-768x512.jpg 768w, https:\/\/blog.proclima.com\/de\/files\/2014\/01\/IMG_3742-384x256.jpg 384w\" sizes=\"auto, (max-width: 1024px) 100vw, 1024px\" \/><\/a>Nach einer sowohl kulinarischen, als auch unterhaltsamen Mittagspause, wurden zun\u00e4chst die noch offenen Fragen gekl\u00e4rt. Anschlie\u00dfend ging es in den praktischen Teil des Seminars \u00fcber. Joachim Gro\u00df forderte hierbei die Teilnehmer auf, mit Hilfe von Cuttermesser, Handtacker und Trittleiter eine Dampfbrems- und Luftdichtungsebene herzustellen. Nachdem er die entsprechenden Verarbeitungshinweise gegeben hatte, wurden die St\u00f6\u00dfe, Anschl\u00fcsse und Durchdringungen der verlegten &#8222;INTELLO PLUS&#8220; mit den entsprechenden Verbindungsmitteln abgedichtet. Bei der anschlie\u00dfenden Qualit\u00e4tssicherung durch einen Blower Door Test, konnten Schwachstellen aufgezeigt und nachgebessert werden.<\/p>\n<p>Nach der Abschlussrunde gab es eine herzliche Verabschiedung mit dem Hinweis, dass man sich auf der n\u00e4chsten gro\u00dfen Veranstaltung, der Schnittstelle\/Baustelle in Hannover oder Hamburg wiedertreffen k\u00f6nnte.\u201c<\/p>\n<p>Die n\u00e4chsten Termine der Sicher-Dichten-Seminare:<\/p>\n<ul>\n<li>Mi, 26.02.14<\/li>\n<li>Mi, 19.03.14<\/li>\n<li>Di, 29.04.14Anmeldung und Programm auf der pro clima Seite:<br \/>\n<a href=\"http:\/\/de.proclima.com\/service\/seminare\/sicher-dichten\" target=\"_blank\">http:\/\/de.proclima.com\/service\/seminare\/sicher-dichten<\/a><\/li>\n<\/ul>\n<p>Ein paar fotografische Eindr\u00fccke des Seminars in Springe:<\/p>\n<p><a href=\"https:\/\/blog.proclima.com\/de\/files\/2014\/01\/IMG_3735.jpg\"><img loading=\"lazy\" decoding=\"async\" data-size=\"1024x683\" class=\"aligncenter size-full wp-image-3473\" alt=\"IMG_3735\" src=\"https:\/\/blog.proclima.com\/de\/files\/2014\/01\/IMG_3735.jpg\" width=\"1024\" height=\"683\" srcset=\"https:\/\/blog.proclima.com\/de\/files\/2014\/01\/IMG_3735.jpg 1024w, https:\/\/blog.proclima.com\/de\/files\/2014\/01\/IMG_3735-300x200.jpg 300w, https:\/\/blog.proclima.com\/de\/files\/2014\/01\/IMG_3735-768x512.jpg 768w, https:\/\/blog.proclima.com\/de\/files\/2014\/01\/IMG_3735-384x256.jpg 384w\" sizes=\"auto, (max-width: 1024px) 100vw, 1024px\" \/><\/a><a href=\"https:\/\/blog.proclima.com\/de\/files\/2014\/01\/IMG_3740.jpg\"><img loading=\"lazy\" decoding=\"async\" data-size=\"1024x683\" class=\"aligncenter size-full wp-image-3476\" alt=\"IMG_3740\" src=\"https:\/\/blog.proclima.com\/de\/files\/2014\/01\/IMG_3740.jpg\" width=\"1024\" height=\"683\" srcset=\"https:\/\/blog.proclima.com\/de\/files\/2014\/01\/IMG_3740.jpg 1024w, https:\/\/blog.proclima.com\/de\/files\/2014\/01\/IMG_3740-300x200.jpg 300w, https:\/\/blog.proclima.com\/de\/files\/2014\/01\/IMG_3740-768x512.jpg 768w, https:\/\/blog.proclima.com\/de\/files\/2014\/01\/IMG_3740-384x256.jpg 384w\" sizes=\"auto, (max-width: 1024px) 100vw, 1024px\" \/><\/a><\/p>\n<p>&nbsp;<\/p>\n","protected":false},"excerpt":{"rendered":"<p>Joachim Gro\u00df, pro clima Gebietsvertretung Nord, hat im Januar 2013 das Sicher-Dichten-Seminar in Eldagsen mitbetreut und berichtet: \u201eImmer wieder anders, immer wieder spannend. Die Veranstaltung <a href=\"https:\/\/blog.proclima.com\/de\/2014\/01\/sicher-dichten-springe\/\" rel=\"bookmark\">&#8230;<\/a><\/p>\n","protected":false},"author":18,"featured_media":0,"comment_status":"open","ping_status":"open","sticky":false,"template":"","format":"standard","meta":{"footnotes":""},"categories":[6,3],"tags":[586,668,259,339],"class_list":["post-3470","post","type-post","status-publish","format-standard","hentry","category-schulungen","category-veranstaltung","tag-euz","tag-gross-baupraxis","tag-joachim-gros","tag-martin-grosekathofer"],"yoast_head":"<!-- This site is optimized with the Yoast SEO plugin v27.5 - https:\/\/yoast.com\/product\/yoast-seo-wordpress\/ -->\n<title>Sicher-Dichten-Seminar in Springe Eldagsen - ein Erfahrungsbericht &#187; pro clima Blog - Deutschland<\/title>\n<meta name=\"robots\" content=\"index, follow, max-snippet:-1, max-image-preview:large, max-video-preview:-1\" \/>\n<link rel=\"canonical\" href=\"https:\/\/blog.proclima.com\/de\/2014\/01\/sicher-dichten-springe\/\" \/>\n<meta property=\"og:locale\" content=\"de_DE\" \/>\n<meta property=\"og:type\" content=\"article\" \/>\n<meta property=\"og:title\" content=\"Sicher-Dichten-Seminar in Springe Eldagsen - ein Erfahrungsbericht &#187; pro clima Blog - Deutschland\" \/>\n<meta property=\"og:description\" content=\"Joachim Gro\u00df, pro clima Gebietsvertretung Nord, hat im Januar 2013 das Sicher-Dichten-Seminar in Eldagsen mitbetreut und berichtet: \u201eImmer wieder anders, immer wieder spannend. Die Veranstaltung ...\" \/>\n<meta property=\"og:url\" content=\"https:\/\/blog.proclima.com\/de\/2014\/01\/sicher-dichten-springe\/\" \/>\n<meta property=\"og:site_name\" content=\"pro clima Blog - Deutschland\" \/>\n<meta property=\"article:publisher\" content=\"https:\/\/www.facebook.com\/proclima\" \/>\n<meta property=\"article:published_time\" content=\"2014-01-15T17:21:37+00:00\" \/>\n<meta property=\"article:modified_time\" content=\"2014-01-15T17:36:01+00:00\" \/>\n<meta property=\"og:image\" content=\"https:\/\/blog.proclima.com\/de\/files\/2014\/01\/IMG_3736.jpg\" \/>\n\t<meta property=\"og:image:width\" content=\"1024\" \/>\n\t<meta property=\"og:image:height\" content=\"683\" \/>\n\t<meta property=\"og:image:type\" content=\"image\/jpeg\" \/>\n<meta name=\"author\" content=\"Heide Merkel\" \/>\n<meta name=\"twitter:card\" content=\"summary_large_image\" \/>\n<meta name=\"twitter:creator\" content=\"@proclimaDE\" \/>\n<meta name=\"twitter:site\" content=\"@proclimaDE\" \/>\n<meta name=\"twitter:label1\" content=\"Verfasst von\" \/>\n\t<meta name=\"twitter:data1\" content=\"Heide Merkel\" \/>\n\t<meta name=\"twitter:label2\" content=\"Gesch\u00e4tzte Lesezeit\" \/>\n\t<meta name=\"twitter:data2\" content=\"2\u00a0Minuten\" \/>\n<script type=\"application\/ld+json\" class=\"yoast-schema-graph\">{\"@context\":\"https:\\\/\\\/schema.org\",\"@graph\":[{\"@type\":\"Article\",\"@id\":\"https:\\\/\\\/blog.proclima.com\\\/de\\\/2014\\\/01\\\/sicher-dichten-springe\\\/#article\",\"isPartOf\":{\"@id\":\"https:\\\/\\\/blog.proclima.com\\\/de\\\/2014\\\/01\\\/sicher-dichten-springe\\\/\"},\"author\":{\"name\":\"Heide Merkel\",\"@id\":\"https:\\\/\\\/blog.proclima.com\\\/de\\\/#\\\/schema\\\/person\\\/b3490e20200d5d45b8d56f555ceffc21\"},\"headline\":\"Sicher-Dichten-Seminar in Springe Eldagsen &#8211; ein Erfahrungsbericht\",\"datePublished\":\"2014-01-15T17:21:37+00:00\",\"dateModified\":\"2014-01-15T17:36:01+00:00\",\"mainEntityOfPage\":{\"@id\":\"https:\\\/\\\/blog.proclima.com\\\/de\\\/2014\\\/01\\\/sicher-dichten-springe\\\/\"},\"wordCount\":341,\"commentCount\":0,\"publisher\":{\"@id\":\"https:\\\/\\\/blog.proclima.com\\\/de\\\/#organization\"},\"image\":{\"@id\":\"https:\\\/\\\/blog.proclima.com\\\/de\\\/2014\\\/01\\\/sicher-dichten-springe\\\/#primaryimage\"},\"thumbnailUrl\":\"https:\\\/\\\/blog.proclima.com\\\/de\\\/files\\\/2014\\\/01\\\/IMG_3736-300x200.jpg\",\"keywords\":[\"EUZ\",\"Gro\u00df Baupraxis\",\"Joachim Gro\u00df\",\"Martin Gro\u00dfekath\u00f6fer\"],\"articleSection\":[\"Schulungen\\\/Seminare\",\"Veranstaltung\"],\"inLanguage\":\"de\",\"potentialAction\":[{\"@type\":\"CommentAction\",\"name\":\"Comment\",\"target\":[\"https:\\\/\\\/blog.proclima.com\\\/de\\\/2014\\\/01\\\/sicher-dichten-springe\\\/#respond\"]}]},{\"@type\":\"WebPage\",\"@id\":\"https:\\\/\\\/blog.proclima.com\\\/de\\\/2014\\\/01\\\/sicher-dichten-springe\\\/\",\"url\":\"https:\\\/\\\/blog.proclima.com\\\/de\\\/2014\\\/01\\\/sicher-dichten-springe\\\/\",\"name\":\"Sicher-Dichten-Seminar in Springe Eldagsen - ein Erfahrungsbericht &#187; pro clima Blog - Deutschland\",\"isPartOf\":{\"@id\":\"https:\\\/\\\/blog.proclima.com\\\/de\\\/#website\"},\"primaryImageOfPage\":{\"@id\":\"https:\\\/\\\/blog.proclima.com\\\/de\\\/2014\\\/01\\\/sicher-dichten-springe\\\/#primaryimage\"},\"image\":{\"@id\":\"https:\\\/\\\/blog.proclima.com\\\/de\\\/2014\\\/01\\\/sicher-dichten-springe\\\/#primaryimage\"},\"thumbnailUrl\":\"https:\\\/\\\/blog.proclima.com\\\/de\\\/files\\\/2014\\\/01\\\/IMG_3736-300x200.jpg\",\"datePublished\":\"2014-01-15T17:21:37+00:00\",\"dateModified\":\"2014-01-15T17:36:01+00:00\",\"breadcrumb\":{\"@id\":\"https:\\\/\\\/blog.proclima.com\\\/de\\\/2014\\\/01\\\/sicher-dichten-springe\\\/#breadcrumb\"},\"inLanguage\":\"de\",\"potentialAction\":[{\"@type\":\"ReadAction\",\"target\":[\"https:\\\/\\\/blog.proclima.com\\\/de\\\/2014\\\/01\\\/sicher-dichten-springe\\\/\"]}]},{\"@type\":\"ImageObject\",\"inLanguage\":\"de\",\"@id\":\"https:\\\/\\\/blog.proclima.com\\\/de\\\/2014\\\/01\\\/sicher-dichten-springe\\\/#primaryimage\",\"url\":\"https:\\\/\\\/blog.proclima.com\\\/de\\\/files\\\/2014\\\/01\\\/IMG_3736.jpg\",\"contentUrl\":\"https:\\\/\\\/blog.proclima.com\\\/de\\\/files\\\/2014\\\/01\\\/IMG_3736.jpg\",\"width\":1024,\"height\":683,\"caption\":\"pro clima Techniker Martin Gro\u00dfekath\u00f6fer beim Sicher-Dichten-Seminar.\"},{\"@type\":\"BreadcrumbList\",\"@id\":\"https:\\\/\\\/blog.proclima.com\\\/de\\\/2014\\\/01\\\/sicher-dichten-springe\\\/#breadcrumb\",\"itemListElement\":[{\"@type\":\"ListItem\",\"position\":1,\"name\":\"Startseite\",\"item\":\"https:\\\/\\\/blog.proclima.com\\\/de\\\/\"},{\"@type\":\"ListItem\",\"position\":2,\"name\":\"Sicher-Dichten-Seminar in Springe Eldagsen &#8211; ein Erfahrungsbericht\"}]},{\"@type\":\"WebSite\",\"@id\":\"https:\\\/\\\/blog.proclima.com\\\/de\\\/#website\",\"url\":\"https:\\\/\\\/blog.proclima.com\\\/de\\\/\",\"name\":\"pro clima Blog - Deutschland\",\"description\":\"alles was pro clima bewegt\",\"publisher\":{\"@id\":\"https:\\\/\\\/blog.proclima.com\\\/de\\\/#organization\"},\"potentialAction\":[{\"@type\":\"SearchAction\",\"target\":{\"@type\":\"EntryPoint\",\"urlTemplate\":\"https:\\\/\\\/blog.proclima.com\\\/de\\\/?s={search_term_string}\"},\"query-input\":{\"@type\":\"PropertyValueSpecification\",\"valueRequired\":true,\"valueName\":\"search_term_string\"}}],\"inLanguage\":\"de\"},{\"@type\":\"Organization\",\"@id\":\"https:\\\/\\\/blog.proclima.com\\\/de\\\/#organization\",\"name\":\"pro clima - Moll bau\u00f6kologische Produkte GmbH\",\"url\":\"https:\\\/\\\/blog.proclima.com\\\/de\\\/\",\"logo\":{\"@type\":\"ImageObject\",\"inLanguage\":\"de\",\"@id\":\"https:\\\/\\\/blog.proclima.com\\\/de\\\/#\\\/schema\\\/logo\\\/image\\\/\",\"url\":\"https:\\\/\\\/blog.proclima.com\\\/de\\\/files\\\/2020\\\/04\\\/Logo-pro-clima.png\",\"contentUrl\":\"https:\\\/\\\/blog.proclima.com\\\/de\\\/files\\\/2020\\\/04\\\/Logo-pro-clima.png\",\"width\":4210,\"height\":4881,\"caption\":\"pro clima - Moll bau\u00f6kologische Produkte GmbH\"},\"image\":{\"@id\":\"https:\\\/\\\/blog.proclima.com\\\/de\\\/#\\\/schema\\\/logo\\\/image\\\/\"},\"sameAs\":[\"https:\\\/\\\/www.facebook.com\\\/proclima\",\"https:\\\/\\\/x.com\\\/proclimaDE\"]},{\"@type\":\"Person\",\"@id\":\"https:\\\/\\\/blog.proclima.com\\\/de\\\/#\\\/schema\\\/person\\\/b3490e20200d5d45b8d56f555ceffc21\",\"name\":\"Heide Merkel\",\"description\":\"Fachjournalistin, Referentin, Steuerung Presse &amp; Digitale Medien bei Moll bau\u00f6kologische Produkte GmbH (pro clima). Als Japanologin und ausgebildete Redakteurin ist Heide eher zuf\u00e4llig in der Baubranche gelandet. Seit 2011 arbeitet sie f\u00fcr pro clima. Ihr Wissen zu effektiver Kommunikation gibt sie in Seminaren, Artikeln und Vortr\u00e4gen weiter. F\u00fcr den pro clima Blog, proclima.tv und das pro clima Bauradio interviewt sie interessante Menschen aus der Baubranche. Auf\u00a0 luftdichtheit-gepr\u00fcft.de bloggt Heide \u00fcber Leckagen, Luftdichtung und Qualit\u00e4ts\u00fcberpr\u00fcfung mit Blower-Door-Tests. Ihre Freizeit verbringt sie u.a. in den Vogesen, wo sie seit mehr als f\u00fcnf Jahren ein altes Bauernhaus saniert. Ihr neuestes Projekt:\u00a0 www.besser-als-marketing.de Hier gibt es Tipps, wie Unternehmen in der Baubranche ihre Sichtbarkeit erh\u00f6hen k\u00f6nnen. Die ersten Videos sind bereits online im Youtube Channel Wer mehr \u00fcber Heide Merkel erfahren m\u00f6chte, findet sie auf den g\u00e4ngigen Social Media Plattformen.\",\"url\":\"https:\\\/\\\/blog.proclima.com\\\/de\\\/author\\\/gentner\\\/\"}]}<\/script>\n<!-- \/ Yoast SEO plugin. -->","yoast_head_json":{"title":"Sicher-Dichten-Seminar in Springe Eldagsen - ein Erfahrungsbericht &#187; pro clima Blog - Deutschland","robots":{"index":"index","follow":"follow","max-snippet":"max-snippet:-1","max-image-preview":"max-image-preview:large","max-video-preview":"max-video-preview:-1"},"canonical":"https:\/\/blog.proclima.com\/de\/2014\/01\/sicher-dichten-springe\/","og_locale":"de_DE","og_type":"article","og_title":"Sicher-Dichten-Seminar in Springe Eldagsen - ein Erfahrungsbericht &#187; pro clima Blog - Deutschland","og_description":"Joachim Gro\u00df, pro clima Gebietsvertretung Nord, hat im Januar 2013 das Sicher-Dichten-Seminar in Eldagsen mitbetreut und berichtet: \u201eImmer wieder anders, immer wieder spannend. Die Veranstaltung ...","og_url":"https:\/\/blog.proclima.com\/de\/2014\/01\/sicher-dichten-springe\/","og_site_name":"pro clima Blog - Deutschland","article_publisher":"https:\/\/www.facebook.com\/proclima","article_published_time":"2014-01-15T17:21:37+00:00","article_modified_time":"2014-01-15T17:36:01+00:00","og_image":[{"width":1024,"height":683,"url":"https:\/\/blog.proclima.com\/de\/files\/2014\/01\/IMG_3736.jpg","type":"image\/jpeg"}],"author":"Heide Merkel","twitter_card":"summary_large_image","twitter_creator":"@proclimaDE","twitter_site":"@proclimaDE","twitter_misc":{"Verfasst von":"Heide Merkel","Gesch\u00e4tzte Lesezeit":"2\u00a0Minuten"},"schema":{"@context":"https:\/\/schema.org","@graph":[{"@type":"Article","@id":"https:\/\/blog.proclima.com\/de\/2014\/01\/sicher-dichten-springe\/#article","isPartOf":{"@id":"https:\/\/blog.proclima.com\/de\/2014\/01\/sicher-dichten-springe\/"},"author":{"name":"Heide Merkel","@id":"https:\/\/blog.proclima.com\/de\/#\/schema\/person\/b3490e20200d5d45b8d56f555ceffc21"},"headline":"Sicher-Dichten-Seminar in Springe Eldagsen &#8211; ein Erfahrungsbericht","datePublished":"2014-01-15T17:21:37+00:00","dateModified":"2014-01-15T17:36:01+00:00","mainEntityOfPage":{"@id":"https:\/\/blog.proclima.com\/de\/2014\/01\/sicher-dichten-springe\/"},"wordCount":341,"commentCount":0,"publisher":{"@id":"https:\/\/blog.proclima.com\/de\/#organization"},"image":{"@id":"https:\/\/blog.proclima.com\/de\/2014\/01\/sicher-dichten-springe\/#primaryimage"},"thumbnailUrl":"https:\/\/blog.proclima.com\/de\/files\/2014\/01\/IMG_3736-300x200.jpg","keywords":["EUZ","Gro\u00df Baupraxis","Joachim Gro\u00df","Martin Gro\u00dfekath\u00f6fer"],"articleSection":["Schulungen\/Seminare","Veranstaltung"],"inLanguage":"de","potentialAction":[{"@type":"CommentAction","name":"Comment","target":["https:\/\/blog.proclima.com\/de\/2014\/01\/sicher-dichten-springe\/#respond"]}]},{"@type":"WebPage","@id":"https:\/\/blog.proclima.com\/de\/2014\/01\/sicher-dichten-springe\/","url":"https:\/\/blog.proclima.com\/de\/2014\/01\/sicher-dichten-springe\/","name":"Sicher-Dichten-Seminar in Springe Eldagsen - ein Erfahrungsbericht &#187; pro clima Blog - Deutschland","isPartOf":{"@id":"https:\/\/blog.proclima.com\/de\/#website"},"primaryImageOfPage":{"@id":"https:\/\/blog.proclima.com\/de\/2014\/01\/sicher-dichten-springe\/#primaryimage"},"image":{"@id":"https:\/\/blog.proclima.com\/de\/2014\/01\/sicher-dichten-springe\/#primaryimage"},"thumbnailUrl":"https:\/\/blog.proclima.com\/de\/files\/2014\/01\/IMG_3736-300x200.jpg","datePublished":"2014-01-15T17:21:37+00:00","dateModified":"2014-01-15T17:36:01+00:00","breadcrumb":{"@id":"https:\/\/blog.proclima.com\/de\/2014\/01\/sicher-dichten-springe\/#breadcrumb"},"inLanguage":"de","potentialAction":[{"@type":"ReadAction","target":["https:\/\/blog.proclima.com\/de\/2014\/01\/sicher-dichten-springe\/"]}]},{"@type":"ImageObject","inLanguage":"de","@id":"https:\/\/blog.proclima.com\/de\/2014\/01\/sicher-dichten-springe\/#primaryimage","url":"https:\/\/blog.proclima.com\/de\/files\/2014\/01\/IMG_3736.jpg","contentUrl":"https:\/\/blog.proclima.com\/de\/files\/2014\/01\/IMG_3736.jpg","width":1024,"height":683,"caption":"pro clima Techniker Martin Gro\u00dfekath\u00f6fer beim Sicher-Dichten-Seminar."},{"@type":"BreadcrumbList","@id":"https:\/\/blog.proclima.com\/de\/2014\/01\/sicher-dichten-springe\/#breadcrumb","itemListElement":[{"@type":"ListItem","position":1,"name":"Startseite","item":"https:\/\/blog.proclima.com\/de\/"},{"@type":"ListItem","position":2,"name":"Sicher-Dichten-Seminar in Springe Eldagsen &#8211; ein Erfahrungsbericht"}]},{"@type":"WebSite","@id":"https:\/\/blog.proclima.com\/de\/#website","url":"https:\/\/blog.proclima.com\/de\/","name":"pro clima Blog - Deutschland","description":"alles was pro clima bewegt","publisher":{"@id":"https:\/\/blog.proclima.com\/de\/#organization"},"potentialAction":[{"@type":"SearchAction","target":{"@type":"EntryPoint","urlTemplate":"https:\/\/blog.proclima.com\/de\/?s={search_term_string}"},"query-input":{"@type":"PropertyValueSpecification","valueRequired":true,"valueName":"search_term_string"}}],"inLanguage":"de"},{"@type":"Organization","@id":"https:\/\/blog.proclima.com\/de\/#organization","name":"pro clima - Moll bau\u00f6kologische Produkte GmbH","url":"https:\/\/blog.proclima.com\/de\/","logo":{"@type":"ImageObject","inLanguage":"de","@id":"https:\/\/blog.proclima.com\/de\/#\/schema\/logo\/image\/","url":"https:\/\/blog.proclima.com\/de\/files\/2020\/04\/Logo-pro-clima.png","contentUrl":"https:\/\/blog.proclima.com\/de\/files\/2020\/04\/Logo-pro-clima.png","width":4210,"height":4881,"caption":"pro clima - Moll bau\u00f6kologische Produkte GmbH"},"image":{"@id":"https:\/\/blog.proclima.com\/de\/#\/schema\/logo\/image\/"},"sameAs":["https:\/\/www.facebook.com\/proclima","https:\/\/x.com\/proclimaDE"]},{"@type":"Person","@id":"https:\/\/blog.proclima.com\/de\/#\/schema\/person\/b3490e20200d5d45b8d56f555ceffc21","name":"Heide Merkel","description":"Fachjournalistin, Referentin, Steuerung Presse &amp; Digitale Medien bei Moll bau\u00f6kologische Produkte GmbH (pro clima). Als Japanologin und ausgebildete Redakteurin ist Heide eher zuf\u00e4llig in der Baubranche gelandet. Seit 2011 arbeitet sie f\u00fcr pro clima. Ihr Wissen zu effektiver Kommunikation gibt sie in Seminaren, Artikeln und Vortr\u00e4gen weiter. F\u00fcr den pro clima Blog, proclima.tv und das pro clima Bauradio interviewt sie interessante Menschen aus der Baubranche. Auf\u00a0 luftdichtheit-gepr\u00fcft.de bloggt Heide \u00fcber Leckagen, Luftdichtung und Qualit\u00e4ts\u00fcberpr\u00fcfung mit Blower-Door-Tests. Ihre Freizeit verbringt sie u.a. in den Vogesen, wo sie seit mehr als f\u00fcnf Jahren ein altes Bauernhaus saniert. Ihr neuestes Projekt:\u00a0 www.besser-als-marketing.de Hier gibt es Tipps, wie Unternehmen in der Baubranche ihre Sichtbarkeit erh\u00f6hen k\u00f6nnen. Die ersten Videos sind bereits online im Youtube Channel Wer mehr \u00fcber Heide Merkel erfahren m\u00f6chte, findet sie auf den g\u00e4ngigen Social Media Plattformen.","url":"https:\/\/blog.proclima.com\/de\/author\/gentner\/"}]}},"canto_acf_fields":"","_links":{"self":[{"href":"https:\/\/blog.proclima.com\/de\/wp-json\/wp\/v2\/posts\/3470","targetHints":{"allow":["GET"]}}],"collection":[{"href":"https:\/\/blog.proclima.com\/de\/wp-json\/wp\/v2\/posts"}],"about":[{"href":"https:\/\/blog.proclima.com\/de\/wp-json\/wp\/v2\/types\/post"}],"author":[{"embeddable":true,"href":"https:\/\/blog.proclima.com\/de\/wp-json\/wp\/v2\/users\/18"}],"replies":[{"embeddable":true,"href":"https:\/\/blog.proclima.com\/de\/wp-json\/wp\/v2\/comments?post=3470"}],"version-history":[{"count":5,"href":"https:\/\/blog.proclima.com\/de\/wp-json\/wp\/v2\/posts\/3470\/revisions"}],"predecessor-version":[{"id":3484,"href":"https:\/\/blog.proclima.com\/de\/wp-json\/wp\/v2\/posts\/3470\/revisions\/3484"}],"wp:attachment":[{"href":"https:\/\/blog.proclima.com\/de\/wp-json\/wp\/v2\/media?parent=3470"}],"wp:term":[{"taxonomy":"category","embeddable":true,"href":"https:\/\/blog.proclima.com\/de\/wp-json\/wp\/v2\/categories?post=3470"},{"taxonomy":"post_tag","embeddable":true,"href":"https:\/\/blog.proclima.com\/de\/wp-json\/wp\/v2\/tags?post=3470"}],"curies":[{"name":"wp","href":"https:\/\/api.w.org\/{rel}","templated":true}]}}