
{"id":3458,"date":"2014-01-03T20:42:53","date_gmt":"2014-01-03T19:42:53","guid":{"rendered":"http:\/\/blog.proclima.com\/de\/?p=3458"},"modified":"2014-01-03T20:42:53","modified_gmt":"2014-01-03T19:42:53","slug":"atum-netzwerk","status":"publish","type":"post","link":"https:\/\/blog.proclima.com\/de\/2014\/01\/atum-netzwerk\/","title":{"rendered":"Neu: Das Netzwerk Atum bloggt -F\u00fcr mehr Wissen zu Energieeffizienz und Luftdichtung"},"content":{"rendered":"<p><a href=\"https:\/\/blog.proclima.com\/de\/files\/2014\/01\/screenshot.jpg\"><img loading=\"lazy\" decoding=\"async\" data-size=\"1220x557\" class=\"alignleft  wp-image-3459\" alt=\"screenshot\" src=\"https:\/\/blog.proclima.com\/de\/files\/2014\/01\/screenshot-300x136.jpg\" width=\"300\" height=\"136\" \/><\/a>Eine dichte Geb\u00e4udeh\u00fclle ist der wesentliche Faktor f\u00fcr ein energieeffizientes Geb\u00e4ude. Das ist vielen bekannt, dennoch werden oft Fehler bei Planung und Verarbeitung gemacht. Das Energienetzwerk atum aus Berlin m\u00f6chte hier aufkl\u00e4ren und ver\u00f6ffentlicht regelm\u00e4\u00dfig Artikel in seinem Blog zur Bedeutung der Luftdichtung von Geb\u00e4uden, Neuigkeiten zu den F\u00f6rderprogrammen der Kreditanstalt f\u00fcr Wiederaufbau KfW und zu energetischen Sanierungen. <!--more-->&#8222;Je mehr \u00fcber Luftdichtheit reden und schreiben, desto besser wird die luftdichte<\/p>\n<figure id=\"attachment_3460\" aria-describedby=\"caption-attachment-3460\" style=\"width: 300px\" class=\"wp-caption alignright\"><a href=\"https:\/\/blog.proclima.com\/de\/files\/2014\/01\/Lueth_Jan.jpg\"><img loading=\"lazy\" decoding=\"async\" data-size=\"2128x1416\" class=\"size-medium wp-image-3460\" alt=\"Luftdichtungsexperte Jan L\u00fcth\" src=\"https:\/\/blog.proclima.com\/de\/files\/2014\/01\/Lueth_Jan-300x199.jpg\" width=\"300\" height=\"199\" \/><\/a><figcaption id=\"caption-attachment-3460\" class=\"wp-caption-text\">Luftdichtungsexperte Jan L\u00fcth<\/figcaption><\/figure>\n<p>Geb\u00e4udeh\u00fclle umgesetzt und wir sparen Energie und verringern den CO2-Aussto\u00df\u201c, sagt Jan L\u00fcth, pro clima Gebietsvertretung Ost., der auch Teil des atum Netzwerks ist. Der Holzingenieur ber\u00e4t nicht nur Systeme zur Luftdichtug innen und Winddichtung au\u00dfen. Mit seiner Firma 3d Bauservice f\u00fchrt er auch baubegleitende Qualit\u00e4ts\u00fcberpr\u00fcfungen mit BlowerDoor durch: \u201eViele Undichtheiten die ich dadurch entdecke, k\u00f6nnten mit einer vorausschauenden Planung und detaillierten Hinweisen zur Verarbeitung verhindert werden. Vor allem die Abdichtung von Durchdringungen sind schwierig, hier helfen Detaill\u00f6sungen wie Rohr- und Kabelmanschetten.\u201c<\/p>\n<p>Das Blog von atum \u2013 Energieefizenz im gr\u00fcnen Bereich:<br \/>\n<a href=\"http:\/\/www.atum-e.de\/netzwerk.html\" target=\"_blank\">http:\/\/www.atum-e.de\/netzwerk.html<\/a><\/p>\n<p>Jan L\u00fcth, Ingenieur f\u00fcr Holztechnik<br \/>\npro clima Gebietsvertretung Ost<br \/>\nGraf-Spre\u00adti-Str.24<br \/>\nD-15366 Neu\u00aden\u00adha\u00adgen b. Ber\u00adlin<br \/>\nFon: 0 33 42 &#8211; 15 83 46<br \/>\nFax: 0 33 42 &#8211; 15 83 47<br \/>\nmo\u00adbil: 0 151 &#8211; 24 10 48 67<br \/>\n<a href=\"mailto:jan.lueth@3d-bau\u00adser\u00advice.de\" target=\"_blank\">jan.lueth@3d-bau\u00adser\u00advice.de<\/a><br \/>\n<a href=\"www.3d-bau\u00adser\u00advice.de\" target=\"_blank\">www.3d-bau\u00adser\u00advice.de<\/a><br \/>\n<a href=\"http:\/\/www.atum-e.de\/netzwerk.html\" target=\"_blank\">http:\/\/de.proclima.com\/service\/aussendienst\/ost<\/a><\/p>\n","protected":false},"excerpt":{"rendered":"<p>Eine dichte Geb\u00e4udeh\u00fclle ist der wesentliche Faktor f\u00fcr ein energieeffizientes Geb\u00e4ude. Das ist vielen bekannt, dennoch werden oft Fehler bei Planung und Verarbeitung gemacht. Das <a href=\"https:\/\/blog.proclima.com\/de\/2014\/01\/atum-netzwerk\/\" rel=\"bookmark\">&#8230;<\/a><\/p>\n","protected":false},"author":18,"featured_media":0,"comment_status":"open","ping_status":"open","sticky":false,"template":"","format":"standard","meta":{"footnotes":""},"categories":[1],"tags":[],"class_list":["post-3458","post","type-post","status-publish","format-standard","hentry","category-proclima"],"yoast_head":"<!-- This site is optimized with the Yoast SEO plugin v27.5 - https:\/\/yoast.com\/product\/yoast-seo-wordpress\/ -->\n<title>Neu: Das Netzwerk Atum bloggt -F\u00fcr mehr Wissen zu Energieeffizienz und Luftdichtung  &#187; pro clima Blog - Deutschland<\/title>\n<meta name=\"robots\" content=\"index, follow, max-snippet:-1, max-image-preview:large, max-video-preview:-1\" \/>\n<link rel=\"canonical\" href=\"https:\/\/blog.proclima.com\/de\/2014\/01\/atum-netzwerk\/\" \/>\n<meta property=\"og:locale\" content=\"de_DE\" \/>\n<meta property=\"og:type\" content=\"article\" \/>\n<meta property=\"og:title\" content=\"Neu: Das Netzwerk Atum bloggt -F\u00fcr mehr Wissen zu Energieeffizienz und Luftdichtung  &#187; pro clima Blog - Deutschland\" \/>\n<meta property=\"og:description\" content=\"Eine dichte Geb\u00e4udeh\u00fclle ist der wesentliche Faktor f\u00fcr ein energieeffizientes Geb\u00e4ude. Das ist vielen bekannt, dennoch werden oft Fehler bei Planung und Verarbeitung gemacht. Das ...\" \/>\n<meta property=\"og:url\" content=\"https:\/\/blog.proclima.com\/de\/2014\/01\/atum-netzwerk\/\" \/>\n<meta property=\"og:site_name\" content=\"pro clima Blog - Deutschland\" \/>\n<meta property=\"article:publisher\" content=\"https:\/\/www.facebook.com\/proclima\" \/>\n<meta property=\"article:published_time\" content=\"2014-01-03T19:42:53+00:00\" \/>\n<meta property=\"og:image\" content=\"https:\/\/blog.proclima.com\/de\/files\/2014\/01\/screenshot.jpg\" \/>\n\t<meta property=\"og:image:width\" content=\"1220\" \/>\n\t<meta property=\"og:image:height\" content=\"557\" \/>\n\t<meta property=\"og:image:type\" content=\"image\/jpeg\" \/>\n<meta name=\"author\" content=\"Heide Merkel\" \/>\n<meta name=\"twitter:card\" content=\"summary_large_image\" \/>\n<meta name=\"twitter:creator\" content=\"@proclimaDE\" \/>\n<meta name=\"twitter:site\" content=\"@proclimaDE\" \/>\n<meta name=\"twitter:label1\" content=\"Verfasst von\" \/>\n\t<meta name=\"twitter:data1\" content=\"Heide Merkel\" \/>\n\t<meta name=\"twitter:label2\" content=\"Gesch\u00e4tzte Lesezeit\" \/>\n\t<meta name=\"twitter:data2\" content=\"1\u00a0Minute\" \/>\n<script type=\"application\/ld+json\" class=\"yoast-schema-graph\">{\"@context\":\"https:\\\/\\\/schema.org\",\"@graph\":[{\"@type\":\"Article\",\"@id\":\"https:\\\/\\\/blog.proclima.com\\\/de\\\/2014\\\/01\\\/atum-netzwerk\\\/#article\",\"isPartOf\":{\"@id\":\"https:\\\/\\\/blog.proclima.com\\\/de\\\/2014\\\/01\\\/atum-netzwerk\\\/\"},\"author\":{\"name\":\"Heide Merkel\",\"@id\":\"https:\\\/\\\/blog.proclima.com\\\/de\\\/#\\\/schema\\\/person\\\/b3490e20200d5d45b8d56f555ceffc21\"},\"headline\":\"Neu: Das Netzwerk Atum bloggt -F\u00fcr mehr Wissen zu Energieeffizienz und Luftdichtung\",\"datePublished\":\"2014-01-03T19:42:53+00:00\",\"mainEntityOfPage\":{\"@id\":\"https:\\\/\\\/blog.proclima.com\\\/de\\\/2014\\\/01\\\/atum-netzwerk\\\/\"},\"wordCount\":260,\"commentCount\":0,\"publisher\":{\"@id\":\"https:\\\/\\\/blog.proclima.com\\\/de\\\/#organization\"},\"image\":{\"@id\":\"https:\\\/\\\/blog.proclima.com\\\/de\\\/2014\\\/01\\\/atum-netzwerk\\\/#primaryimage\"},\"thumbnailUrl\":\"https:\\\/\\\/blog.proclima.com\\\/de\\\/files\\\/2014\\\/01\\\/screenshot-300x136.jpg\",\"articleSection\":[\"pro clima\"],\"inLanguage\":\"de\",\"potentialAction\":[{\"@type\":\"CommentAction\",\"name\":\"Comment\",\"target\":[\"https:\\\/\\\/blog.proclima.com\\\/de\\\/2014\\\/01\\\/atum-netzwerk\\\/#respond\"]}]},{\"@type\":\"WebPage\",\"@id\":\"https:\\\/\\\/blog.proclima.com\\\/de\\\/2014\\\/01\\\/atum-netzwerk\\\/\",\"url\":\"https:\\\/\\\/blog.proclima.com\\\/de\\\/2014\\\/01\\\/atum-netzwerk\\\/\",\"name\":\"Neu: Das Netzwerk Atum bloggt -F\u00fcr mehr Wissen zu Energieeffizienz und Luftdichtung &#187; pro clima Blog - Deutschland\",\"isPartOf\":{\"@id\":\"https:\\\/\\\/blog.proclima.com\\\/de\\\/#website\"},\"primaryImageOfPage\":{\"@id\":\"https:\\\/\\\/blog.proclima.com\\\/de\\\/2014\\\/01\\\/atum-netzwerk\\\/#primaryimage\"},\"image\":{\"@id\":\"https:\\\/\\\/blog.proclima.com\\\/de\\\/2014\\\/01\\\/atum-netzwerk\\\/#primaryimage\"},\"thumbnailUrl\":\"https:\\\/\\\/blog.proclima.com\\\/de\\\/files\\\/2014\\\/01\\\/screenshot-300x136.jpg\",\"datePublished\":\"2014-01-03T19:42:53+00:00\",\"breadcrumb\":{\"@id\":\"https:\\\/\\\/blog.proclima.com\\\/de\\\/2014\\\/01\\\/atum-netzwerk\\\/#breadcrumb\"},\"inLanguage\":\"de\",\"potentialAction\":[{\"@type\":\"ReadAction\",\"target\":[\"https:\\\/\\\/blog.proclima.com\\\/de\\\/2014\\\/01\\\/atum-netzwerk\\\/\"]}]},{\"@type\":\"ImageObject\",\"inLanguage\":\"de\",\"@id\":\"https:\\\/\\\/blog.proclima.com\\\/de\\\/2014\\\/01\\\/atum-netzwerk\\\/#primaryimage\",\"url\":\"https:\\\/\\\/blog.proclima.com\\\/de\\\/files\\\/2014\\\/01\\\/screenshot.jpg\",\"contentUrl\":\"https:\\\/\\\/blog.proclima.com\\\/de\\\/files\\\/2014\\\/01\\\/screenshot.jpg\",\"width\":1220,\"height\":557},{\"@type\":\"BreadcrumbList\",\"@id\":\"https:\\\/\\\/blog.proclima.com\\\/de\\\/2014\\\/01\\\/atum-netzwerk\\\/#breadcrumb\",\"itemListElement\":[{\"@type\":\"ListItem\",\"position\":1,\"name\":\"Startseite\",\"item\":\"https:\\\/\\\/blog.proclima.com\\\/de\\\/\"},{\"@type\":\"ListItem\",\"position\":2,\"name\":\"Neu: Das Netzwerk Atum bloggt -F\u00fcr mehr Wissen zu Energieeffizienz und Luftdichtung\"}]},{\"@type\":\"WebSite\",\"@id\":\"https:\\\/\\\/blog.proclima.com\\\/de\\\/#website\",\"url\":\"https:\\\/\\\/blog.proclima.com\\\/de\\\/\",\"name\":\"pro clima Blog - Deutschland\",\"description\":\"alles was pro clima bewegt\",\"publisher\":{\"@id\":\"https:\\\/\\\/blog.proclima.com\\\/de\\\/#organization\"},\"potentialAction\":[{\"@type\":\"SearchAction\",\"target\":{\"@type\":\"EntryPoint\",\"urlTemplate\":\"https:\\\/\\\/blog.proclima.com\\\/de\\\/?s={search_term_string}\"},\"query-input\":{\"@type\":\"PropertyValueSpecification\",\"valueRequired\":true,\"valueName\":\"search_term_string\"}}],\"inLanguage\":\"de\"},{\"@type\":\"Organization\",\"@id\":\"https:\\\/\\\/blog.proclima.com\\\/de\\\/#organization\",\"name\":\"pro clima - Moll bau\u00f6kologische Produkte GmbH\",\"url\":\"https:\\\/\\\/blog.proclima.com\\\/de\\\/\",\"logo\":{\"@type\":\"ImageObject\",\"inLanguage\":\"de\",\"@id\":\"https:\\\/\\\/blog.proclima.com\\\/de\\\/#\\\/schema\\\/logo\\\/image\\\/\",\"url\":\"https:\\\/\\\/blog.proclima.com\\\/de\\\/files\\\/2020\\\/04\\\/Logo-pro-clima.png\",\"contentUrl\":\"https:\\\/\\\/blog.proclima.com\\\/de\\\/files\\\/2020\\\/04\\\/Logo-pro-clima.png\",\"width\":4210,\"height\":4881,\"caption\":\"pro clima - Moll bau\u00f6kologische Produkte GmbH\"},\"image\":{\"@id\":\"https:\\\/\\\/blog.proclima.com\\\/de\\\/#\\\/schema\\\/logo\\\/image\\\/\"},\"sameAs\":[\"https:\\\/\\\/www.facebook.com\\\/proclima\",\"https:\\\/\\\/x.com\\\/proclimaDE\"]},{\"@type\":\"Person\",\"@id\":\"https:\\\/\\\/blog.proclima.com\\\/de\\\/#\\\/schema\\\/person\\\/b3490e20200d5d45b8d56f555ceffc21\",\"name\":\"Heide Merkel\",\"description\":\"Fachjournalistin, Referentin, Steuerung Presse &amp; Digitale Medien bei Moll bau\u00f6kologische Produkte GmbH (pro clima). Als Japanologin und ausgebildete Redakteurin ist Heide eher zuf\u00e4llig in der Baubranche gelandet. Seit 2011 arbeitet sie f\u00fcr pro clima. Ihr Wissen zu effektiver Kommunikation gibt sie in Seminaren, Artikeln und Vortr\u00e4gen weiter. F\u00fcr den pro clima Blog, proclima.tv und das pro clima Bauradio interviewt sie interessante Menschen aus der Baubranche. Auf\u00a0 luftdichtheit-gepr\u00fcft.de bloggt Heide \u00fcber Leckagen, Luftdichtung und Qualit\u00e4ts\u00fcberpr\u00fcfung mit Blower-Door-Tests. Ihre Freizeit verbringt sie u.a. in den Vogesen, wo sie seit mehr als f\u00fcnf Jahren ein altes Bauernhaus saniert. Ihr neuestes Projekt:\u00a0 www.besser-als-marketing.de Hier gibt es Tipps, wie Unternehmen in der Baubranche ihre Sichtbarkeit erh\u00f6hen k\u00f6nnen. Die ersten Videos sind bereits online im Youtube Channel Wer mehr \u00fcber Heide Merkel erfahren m\u00f6chte, findet sie auf den g\u00e4ngigen Social Media Plattformen.\",\"url\":\"https:\\\/\\\/blog.proclima.com\\\/de\\\/author\\\/gentner\\\/\"}]}<\/script>\n<!-- \/ Yoast SEO plugin. -->","yoast_head_json":{"title":"Neu: Das Netzwerk Atum bloggt -F\u00fcr mehr Wissen zu Energieeffizienz und Luftdichtung  &#187; pro clima Blog - Deutschland","robots":{"index":"index","follow":"follow","max-snippet":"max-snippet:-1","max-image-preview":"max-image-preview:large","max-video-preview":"max-video-preview:-1"},"canonical":"https:\/\/blog.proclima.com\/de\/2014\/01\/atum-netzwerk\/","og_locale":"de_DE","og_type":"article","og_title":"Neu: Das Netzwerk Atum bloggt -F\u00fcr mehr Wissen zu Energieeffizienz und Luftdichtung  &#187; pro clima Blog - Deutschland","og_description":"Eine dichte Geb\u00e4udeh\u00fclle ist der wesentliche Faktor f\u00fcr ein energieeffizientes Geb\u00e4ude. Das ist vielen bekannt, dennoch werden oft Fehler bei Planung und Verarbeitung gemacht. Das ...","og_url":"https:\/\/blog.proclima.com\/de\/2014\/01\/atum-netzwerk\/","og_site_name":"pro clima Blog - Deutschland","article_publisher":"https:\/\/www.facebook.com\/proclima","article_published_time":"2014-01-03T19:42:53+00:00","og_image":[{"width":1220,"height":557,"url":"https:\/\/blog.proclima.com\/de\/files\/2014\/01\/screenshot.jpg","type":"image\/jpeg"}],"author":"Heide Merkel","twitter_card":"summary_large_image","twitter_creator":"@proclimaDE","twitter_site":"@proclimaDE","twitter_misc":{"Verfasst von":"Heide Merkel","Gesch\u00e4tzte Lesezeit":"1\u00a0Minute"},"schema":{"@context":"https:\/\/schema.org","@graph":[{"@type":"Article","@id":"https:\/\/blog.proclima.com\/de\/2014\/01\/atum-netzwerk\/#article","isPartOf":{"@id":"https:\/\/blog.proclima.com\/de\/2014\/01\/atum-netzwerk\/"},"author":{"name":"Heide Merkel","@id":"https:\/\/blog.proclima.com\/de\/#\/schema\/person\/b3490e20200d5d45b8d56f555ceffc21"},"headline":"Neu: Das Netzwerk Atum bloggt -F\u00fcr mehr Wissen zu Energieeffizienz und Luftdichtung","datePublished":"2014-01-03T19:42:53+00:00","mainEntityOfPage":{"@id":"https:\/\/blog.proclima.com\/de\/2014\/01\/atum-netzwerk\/"},"wordCount":260,"commentCount":0,"publisher":{"@id":"https:\/\/blog.proclima.com\/de\/#organization"},"image":{"@id":"https:\/\/blog.proclima.com\/de\/2014\/01\/atum-netzwerk\/#primaryimage"},"thumbnailUrl":"https:\/\/blog.proclima.com\/de\/files\/2014\/01\/screenshot-300x136.jpg","articleSection":["pro clima"],"inLanguage":"de","potentialAction":[{"@type":"CommentAction","name":"Comment","target":["https:\/\/blog.proclima.com\/de\/2014\/01\/atum-netzwerk\/#respond"]}]},{"@type":"WebPage","@id":"https:\/\/blog.proclima.com\/de\/2014\/01\/atum-netzwerk\/","url":"https:\/\/blog.proclima.com\/de\/2014\/01\/atum-netzwerk\/","name":"Neu: Das Netzwerk Atum bloggt -F\u00fcr mehr Wissen zu Energieeffizienz und Luftdichtung &#187; pro clima Blog - Deutschland","isPartOf":{"@id":"https:\/\/blog.proclima.com\/de\/#website"},"primaryImageOfPage":{"@id":"https:\/\/blog.proclima.com\/de\/2014\/01\/atum-netzwerk\/#primaryimage"},"image":{"@id":"https:\/\/blog.proclima.com\/de\/2014\/01\/atum-netzwerk\/#primaryimage"},"thumbnailUrl":"https:\/\/blog.proclima.com\/de\/files\/2014\/01\/screenshot-300x136.jpg","datePublished":"2014-01-03T19:42:53+00:00","breadcrumb":{"@id":"https:\/\/blog.proclima.com\/de\/2014\/01\/atum-netzwerk\/#breadcrumb"},"inLanguage":"de","potentialAction":[{"@type":"ReadAction","target":["https:\/\/blog.proclima.com\/de\/2014\/01\/atum-netzwerk\/"]}]},{"@type":"ImageObject","inLanguage":"de","@id":"https:\/\/blog.proclima.com\/de\/2014\/01\/atum-netzwerk\/#primaryimage","url":"https:\/\/blog.proclima.com\/de\/files\/2014\/01\/screenshot.jpg","contentUrl":"https:\/\/blog.proclima.com\/de\/files\/2014\/01\/screenshot.jpg","width":1220,"height":557},{"@type":"BreadcrumbList","@id":"https:\/\/blog.proclima.com\/de\/2014\/01\/atum-netzwerk\/#breadcrumb","itemListElement":[{"@type":"ListItem","position":1,"name":"Startseite","item":"https:\/\/blog.proclima.com\/de\/"},{"@type":"ListItem","position":2,"name":"Neu: Das Netzwerk Atum bloggt -F\u00fcr mehr Wissen zu Energieeffizienz und Luftdichtung"}]},{"@type":"WebSite","@id":"https:\/\/blog.proclima.com\/de\/#website","url":"https:\/\/blog.proclima.com\/de\/","name":"pro clima Blog - Deutschland","description":"alles was pro clima bewegt","publisher":{"@id":"https:\/\/blog.proclima.com\/de\/#organization"},"potentialAction":[{"@type":"SearchAction","target":{"@type":"EntryPoint","urlTemplate":"https:\/\/blog.proclima.com\/de\/?s={search_term_string}"},"query-input":{"@type":"PropertyValueSpecification","valueRequired":true,"valueName":"search_term_string"}}],"inLanguage":"de"},{"@type":"Organization","@id":"https:\/\/blog.proclima.com\/de\/#organization","name":"pro clima - Moll bau\u00f6kologische Produkte GmbH","url":"https:\/\/blog.proclima.com\/de\/","logo":{"@type":"ImageObject","inLanguage":"de","@id":"https:\/\/blog.proclima.com\/de\/#\/schema\/logo\/image\/","url":"https:\/\/blog.proclima.com\/de\/files\/2020\/04\/Logo-pro-clima.png","contentUrl":"https:\/\/blog.proclima.com\/de\/files\/2020\/04\/Logo-pro-clima.png","width":4210,"height":4881,"caption":"pro clima - Moll bau\u00f6kologische Produkte GmbH"},"image":{"@id":"https:\/\/blog.proclima.com\/de\/#\/schema\/logo\/image\/"},"sameAs":["https:\/\/www.facebook.com\/proclima","https:\/\/x.com\/proclimaDE"]},{"@type":"Person","@id":"https:\/\/blog.proclima.com\/de\/#\/schema\/person\/b3490e20200d5d45b8d56f555ceffc21","name":"Heide Merkel","description":"Fachjournalistin, Referentin, Steuerung Presse &amp; Digitale Medien bei Moll bau\u00f6kologische Produkte GmbH (pro clima). Als Japanologin und ausgebildete Redakteurin ist Heide eher zuf\u00e4llig in der Baubranche gelandet. Seit 2011 arbeitet sie f\u00fcr pro clima. Ihr Wissen zu effektiver Kommunikation gibt sie in Seminaren, Artikeln und Vortr\u00e4gen weiter. F\u00fcr den pro clima Blog, proclima.tv und das pro clima Bauradio interviewt sie interessante Menschen aus der Baubranche. Auf\u00a0 luftdichtheit-gepr\u00fcft.de bloggt Heide \u00fcber Leckagen, Luftdichtung und Qualit\u00e4ts\u00fcberpr\u00fcfung mit Blower-Door-Tests. Ihre Freizeit verbringt sie u.a. in den Vogesen, wo sie seit mehr als f\u00fcnf Jahren ein altes Bauernhaus saniert. Ihr neuestes Projekt:\u00a0 www.besser-als-marketing.de Hier gibt es Tipps, wie Unternehmen in der Baubranche ihre Sichtbarkeit erh\u00f6hen k\u00f6nnen. Die ersten Videos sind bereits online im Youtube Channel Wer mehr \u00fcber Heide Merkel erfahren m\u00f6chte, findet sie auf den g\u00e4ngigen Social Media Plattformen.","url":"https:\/\/blog.proclima.com\/de\/author\/gentner\/"}]}},"canto_acf_fields":"","_links":{"self":[{"href":"https:\/\/blog.proclima.com\/de\/wp-json\/wp\/v2\/posts\/3458","targetHints":{"allow":["GET"]}}],"collection":[{"href":"https:\/\/blog.proclima.com\/de\/wp-json\/wp\/v2\/posts"}],"about":[{"href":"https:\/\/blog.proclima.com\/de\/wp-json\/wp\/v2\/types\/post"}],"author":[{"embeddable":true,"href":"https:\/\/blog.proclima.com\/de\/wp-json\/wp\/v2\/users\/18"}],"replies":[{"embeddable":true,"href":"https:\/\/blog.proclima.com\/de\/wp-json\/wp\/v2\/comments?post=3458"}],"version-history":[{"count":1,"href":"https:\/\/blog.proclima.com\/de\/wp-json\/wp\/v2\/posts\/3458\/revisions"}],"predecessor-version":[{"id":3461,"href":"https:\/\/blog.proclima.com\/de\/wp-json\/wp\/v2\/posts\/3458\/revisions\/3461"}],"wp:attachment":[{"href":"https:\/\/blog.proclima.com\/de\/wp-json\/wp\/v2\/media?parent=3458"}],"wp:term":[{"taxonomy":"category","embeddable":true,"href":"https:\/\/blog.proclima.com\/de\/wp-json\/wp\/v2\/categories?post=3458"},{"taxonomy":"post_tag","embeddable":true,"href":"https:\/\/blog.proclima.com\/de\/wp-json\/wp\/v2\/tags?post=3458"}],"curies":[{"name":"wp","href":"https:\/\/api.w.org\/{rel}","templated":true}]}}