
{"id":3280,"date":"2013-09-25T05:39:24","date_gmt":"2013-09-25T03:39:24","guid":{"rendered":"http:\/\/blog.proclima.com\/de\/?p=3280"},"modified":"2013-09-24T12:48:51","modified_gmt":"2013-09-24T10:48:51","slug":"streichdichtstoff","status":"publish","type":"post","link":"https:\/\/blog.proclima.com\/de\/2013\/09\/streichdichtstoff\/","title":{"rendered":"[Pressemitteilung]: Erster feuchtevariabler Streichdichtstoff: pro clima WYFLEXA"},"content":{"rendered":"<figure id=\"attachment_3294\" aria-describedby=\"caption-attachment-3294\" style=\"width: 252px\" class=\"wp-caption alignleft\"><a href=\"https:\/\/blog.proclima.com\/de\/files\/2013\/09\/v_wyflexa_engstellen_01_420x280px_rgb.jpg\"><img loading=\"lazy\" decoding=\"async\" data-size=\"420x280\" class=\" wp-image-3294 \" alt=\"Streichdichtstoff WYFLEXA\" src=\"https:\/\/blog.proclima.com\/de\/files\/2013\/09\/v_wyflexa_engstellen_01_420x280px_rgb.jpg\" width=\"252\" height=\"168\" srcset=\"https:\/\/blog.proclima.com\/de\/files\/2013\/09\/v_wyflexa_engstellen_01_420x280px_rgb.jpg 420w, https:\/\/blog.proclima.com\/de\/files\/2013\/09\/v_wyflexa_engstellen_01_420x280px_rgb-300x200.jpg 300w, https:\/\/blog.proclima.com\/de\/files\/2013\/09\/v_wyflexa_engstellen_01_420x280px_rgb-384x256.jpg 384w\" sizes=\"auto, (max-width: 252px) 100vw, 252px\" \/><\/a><figcaption id=\"caption-attachment-3294\" class=\"wp-caption-text\">Streichdichtstoff WYFLEXA<\/figcaption><\/figure>\n<p>Schwierige Anschl\u00fcsse unkompliziert und sicher abdichten: Der erste feuchtevariable Streichdichtstoff pro clima WYFLEXA erm\u00f6glicht schnelles, sicheres und genaues Arbeiten &#8211; auch bei schwer zug\u00e4nglichen Durchdringungen und Anschl\u00fcssen.<\/p>\n<p>WYFLEXA eignet sich sowohl f\u00fcr die Luftdichtung innen als auch f\u00fcr die Winddichtung au\u00dfen im Neubau und bei der Sanierung. Verarbeiter k\u00f6nnen den Streichdichtstoff mit einem handels\u00fcblichen Pinsel auftragen, er haftet auf allen bau\u00fcblichen Oberfl\u00e4chen. Ein Tr\u00e4gervlies sorgt f\u00fcr die notwendige Schichtdicke und \u00fcberbr\u00fcckt eventuelle Fehlstellen in der Dichtungsebene.<\/p>\n<p><!--more--><\/p>\n<figure id=\"attachment_3293\" aria-describedby=\"caption-attachment-3293\" style=\"width: 270px\" class=\"wp-caption alignleft\"><a href=\"https:\/\/blog.proclima.com\/de\/files\/2013\/09\/n_p_wyflexa_eimer.jpg\"><img loading=\"lazy\" decoding=\"async\" data-size=\"1204x1333\" class=\"size-medium wp-image-3293\" alt=\"Fu\u00adgen- und Streich\u00addicht\u00adstoff zum Ab\u00addich\u00adten von schwer zug\u00e4ng\u00adli\u00adchen und schwer zu ver\u00adkle\u00adben\u00adden Durch\u00addrin\u00adgun\u00adgen und An\u00adschl\u00fcssen in Neu\u00adbau und Sa\u00adnie\u00adrung in\u00adnen und au\u00dfen. WYFLEXA haf\u00adtet auf al\u00adlen bau\u00fcbli\u00adchen Ma\u00adte\u00adria\u00adli\u00aden, al\u00adlen pro cli\u00adma Bah\u00adnen so\u00adwie Bah\u00adnen aus PP, PE, PA, Alu\u00admi\u00adni\u00adum und Pa\u00adpier.\" src=\"https:\/\/blog.proclima.com\/de\/files\/2013\/09\/n_p_wyflexa_eimer-270x300.jpg\" width=\"270\" height=\"300\" \/><\/a><figcaption id=\"caption-attachment-3293\" class=\"wp-caption-text\">Fu\u00adgen- und Streich\u00addicht\u00adstoff zum Ab\u00addich\u00adten von schwer zug\u00e4ng\u00adli\u00adchen und schwer zu ver\u00adkle\u00adben\u00adden Durch\u00addrin\u00adgun\u00adgen und An\u00adschl\u00fcssen in Neu\u00adbau und Sa\u00adnie\u00adrung in\u00adnen und au\u00dfen.<br \/>WYFLEXA haf\u00adtet auf al\u00adlen bau\u00fcbli\u00adchen Ma\u00adte\u00adria\u00adli\u00aden, al\u00adlen pro cli\u00adma Bah\u00adnen so\u00adwie Bah\u00adnen aus PP, PE, PA, Alu\u00admi\u00adni\u00adum und Pa\u00adpier.<\/figcaption><\/figure>\n<p>Durch die besondere feuchtevariable Eigenschaft stellt sich WYFLEXA optimal auf den jeweils erforderlichen Diffusionswiderstand ein: WYFLEXA sch\u00fctzt auf der Innenseite vor Diffusionsfeuchte und l\u00e4sst bei der Anwendung auf der Au\u00dfenseite Feuchtigkeit nach au\u00dfen entweichen.<\/p>\n<p>\u201eWYFLEXA ist eine ideale L\u00f6sung f\u00fcr Anschl\u00fcsse und Durchdringungen, bei denen Verarbeiter mit herk\u00f6mmlichen L\u00f6sungen nicht 100 Prozent sicher arbeiten k\u00f6nnen. Viele Details k\u00f6nnen nur zum Teil sicher verklebt werden. Teilbereiche konnte man mit herk\u00f6mmlichen L\u00f6sungen gar nicht erreichen. Fehlstellen waren die Folge\u201c, sagt Ingenieur Jens-L\u00fcder Herms von der pro clima Forschung und Entwicklung, \u201egenau bei diesen Situationen ist WYFLEXA unschlagbar, da es mit dem Vlies und dem Pinsel vielseitig und sicher verwendet werden kann.\u201c<\/p>\n<ul>\n<li><a href=\"http:\/\/de.proclima.com\/produkte\/verbindungsmittel\/detailloesungen\/wyflexa\" target=\"_blank\"><strong>Technische Daten zur WYFLEXA:<\/strong><\/a><br \/>\n<a href=\"http:\/\/de.proclima.com\/produkte\/verbindungsmittel\/detailloesungen\/wyflexa\" target=\"_blank\">http:\/\/de.proclima.com\/produkte\/verbindungsmittel\/detailloesungen\/wyflexa<\/a><\/li>\n<li><a href=\"https:\/\/blog.proclima.com\/de\/files\/2013\/09\/14877_de_Neuheiten-Flyer_WYFLEXA_low.pdf\" target=\"_blank\"><strong>Anwendungsbereich und Vearbeitungshinweise:<\/strong><\/a><br \/>\n<a href=\"https:\/\/blog.proclima.com\/de\/files\/2013\/09\/14877_de_Neuheiten-Flyer_WYFLEXA_low.pdf\" target=\"_blank\">https:\/\/blog.proclima.com\/de\/files\/2013\/09\/14877_de_Neuheiten-Flyer_WYFLEXA_low.pdf<\/a><\/li>\n<li><a href=\"http:\/\/de.proclima.com\/produkte\/neuheiten-2013-14\" target=\"_blank\"><strong>Alle pro clima Produktneuheiten:<\/strong><\/a><br \/>\n<a href=\"http:\/\/de.proclima.com\/produkte\/neuheiten-2013-14\" target=\"_blank\">http:\/\/de.proclima.com\/produkte\/neuheiten-2013-14<\/a><\/li>\n<li><a href=\"http:\/\/www.flickr.com\/photos\/proclima\/sets\/72157635833751983\/\" target=\"_blank\"><strong>Alle Neuheiten auf der Fotoplattform Flickr:<\/strong><\/a><br \/>\n<a href=\"http:\/\/www.flickr.com\/photos\/proclima\/sets\/72157635833751983\/\" target=\"_blank\">http:\/\/www.flickr.com\/photos\/proclima\/sets\/72157635833751983\/<\/a><\/li>\n<li><strong><strong>Fotos zum direkten Herunterladen (Mit Computermaus auf das Bild\u00a0 mit linker Taste klicken, dann rechts klicken und &#8222;Ziel speichern unter&#8220; ausw\u00e4hlen&#8220;)<\/strong><\/strong><img loading=\"lazy\" decoding=\"async\" data-size=\"1204x1333\" class=\"size-full wp-image-3293\" alt=\"Fu\u00adgen- und Streich\u00addicht\u00adstoff zum Ab\u00addich\u00adten von schwer zug\u00e4ng\u00adli\u00adchen und schwer zu ver\u00adkle\u00adben\u00adden Durch\u00addrin\u00adgun\u00adgen und An\u00adschl\u00fcssen in Neu\u00adbau und Sa\u00adnie\u00adrung in\u00adnen und au\u00dfen. WYFLEXA haf\u00adtet auf al\u00adlen bau\u00fcbli\u00adchen Ma\u00adte\u00adria\u00adli\u00aden, al\u00adlen pro cli\u00adma Bah\u00adnen so\u00adwie Bah\u00adnen aus PP, PE, PA, Alu\u00admi\u00adni\u00adum und Pa\u00adpier.\" src=\"https:\/\/blog.proclima.com\/de\/files\/2013\/09\/n_p_wyflexa_eimer.jpg\" width=\"1204\" height=\"1333\" srcset=\"https:\/\/blog.proclima.com\/de\/files\/2013\/09\/n_p_wyflexa_eimer.jpg 1204w, https:\/\/blog.proclima.com\/de\/files\/2013\/09\/n_p_wyflexa_eimer-271x300.jpg 271w, https:\/\/blog.proclima.com\/de\/files\/2013\/09\/n_p_wyflexa_eimer-925x1024.jpg 925w, https:\/\/blog.proclima.com\/de\/files\/2013\/09\/n_p_wyflexa_eimer-768x850.jpg 768w, https:\/\/blog.proclima.com\/de\/files\/2013\/09\/n_p_wyflexa_eimer-347x384.jpg 347w\" sizes=\"auto, (max-width: 1204px) 100vw, 1204px\" \/><\/li>\n<\/ul>\n<p><a href=\"https:\/\/blog.proclima.com\/de\/files\/2013\/09\/p_wyflexa_310ml.jpg\"><img loading=\"lazy\" decoding=\"async\" data-size=\"886x591\" class=\"aligncenter size-full wp-image-3292\" alt=\"p_wyflexa_310ml\" src=\"https:\/\/blog.proclima.com\/de\/files\/2013\/09\/p_wyflexa_310ml.jpg\" width=\"886\" height=\"591\" srcset=\"https:\/\/blog.proclima.com\/de\/files\/2013\/09\/p_wyflexa_310ml.jpg 886w, https:\/\/blog.proclima.com\/de\/files\/2013\/09\/p_wyflexa_310ml-300x200.jpg 300w, https:\/\/blog.proclima.com\/de\/files\/2013\/09\/p_wyflexa_310ml-768x512.jpg 768w, https:\/\/blog.proclima.com\/de\/files\/2013\/09\/p_wyflexa_310ml-384x256.jpg 384w\" sizes=\"auto, (max-width: 886px) 100vw, 886px\" \/><\/a><\/p>\n<p><img loading=\"lazy\" decoding=\"async\" data-size=\"420x280\" class=\"size-full wp-image-3294\" alt=\"Streichdichtstoff WYFLEXA\" src=\"https:\/\/blog.proclima.com\/de\/files\/2013\/09\/v_wyflexa_engstellen_01_420x280px_rgb.jpg\" width=\"420\" height=\"280\" srcset=\"https:\/\/blog.proclima.com\/de\/files\/2013\/09\/v_wyflexa_engstellen_01_420x280px_rgb.jpg 420w, https:\/\/blog.proclima.com\/de\/files\/2013\/09\/v_wyflexa_engstellen_01_420x280px_rgb-300x200.jpg 300w, https:\/\/blog.proclima.com\/de\/files\/2013\/09\/v_wyflexa_engstellen_01_420x280px_rgb-384x256.jpg 384w\" sizes=\"auto, (max-width: 420px) 100vw, 420px\" \/><a href=\"https:\/\/blog.proclima.com\/de\/files\/2013\/09\/wyflexa2.jpg\"><img loading=\"lazy\" decoding=\"async\" data-size=\"1022x775\" class=\"aligncenter size-full wp-image-3301\" alt=\"wyflexa\" src=\"https:\/\/blog.proclima.com\/de\/files\/2013\/09\/wyflexa2.jpg\" width=\"1022\" height=\"775\" srcset=\"https:\/\/blog.proclima.com\/de\/files\/2013\/09\/wyflexa2.jpg 1022w, https:\/\/blog.proclima.com\/de\/files\/2013\/09\/wyflexa2-300x227.jpg 300w, https:\/\/blog.proclima.com\/de\/files\/2013\/09\/wyflexa2-768x582.jpg 768w, https:\/\/blog.proclima.com\/de\/files\/2013\/09\/wyflexa2-384x291.jpg 384w\" sizes=\"auto, (max-width: 1022px) 100vw, 1022px\" \/><\/a><\/p>\n<p><strong>Pressekontakt<\/strong><br \/>\nHeide Gentner<br \/>\n0 62 02\/27 82-56<br \/>\nheide.gentner@proclima.de<\/p>\n<p>&nbsp;<\/p>\n","protected":false},"excerpt":{"rendered":"<p>Schwierige Anschl\u00fcsse unkompliziert und sicher abdichten: Der erste feuchtevariable Streichdichtstoff pro clima WYFLEXA erm\u00f6glicht schnelles, sicheres und genaues Arbeiten &#8211; auch bei schwer zug\u00e4nglichen Durchdringungen <a href=\"https:\/\/blog.proclima.com\/de\/2013\/09\/streichdichtstoff\/\" rel=\"bookmark\">&#8230;<\/a><\/p>\n","protected":false},"author":18,"featured_media":0,"comment_status":"open","ping_status":"open","sticky":false,"template":"","format":"standard","meta":{"footnotes":""},"categories":[136],"tags":[399],"class_list":["post-3280","post","type-post","status-publish","format-standard","hentry","category-pressemitteilung","tag-detaillosung"],"yoast_head":"<!-- This site is optimized with the Yoast SEO plugin v27.5 - https:\/\/yoast.com\/product\/yoast-seo-wordpress\/ -->\n<title>[Pressemitteilung]: Erster feuchtevariabler Streichdichtstoff: pro clima WYFLEXA  &#187; pro clima Blog - Deutschland<\/title>\n<meta name=\"robots\" content=\"index, follow, max-snippet:-1, max-image-preview:large, max-video-preview:-1\" \/>\n<link rel=\"canonical\" href=\"https:\/\/blog.proclima.com\/de\/2013\/09\/streichdichtstoff\/\" \/>\n<meta property=\"og:locale\" content=\"de_DE\" \/>\n<meta property=\"og:type\" content=\"article\" \/>\n<meta property=\"og:title\" content=\"[Pressemitteilung]: Erster feuchtevariabler Streichdichtstoff: pro clima WYFLEXA  &#187; pro clima Blog - Deutschland\" \/>\n<meta property=\"og:description\" content=\"Schwierige Anschl\u00fcsse unkompliziert und sicher abdichten: Der erste feuchtevariable Streichdichtstoff pro clima WYFLEXA erm\u00f6glicht schnelles, sicheres und genaues Arbeiten &#8211; auch bei schwer zug\u00e4nglichen Durchdringungen ...\" \/>\n<meta property=\"og:url\" content=\"https:\/\/blog.proclima.com\/de\/2013\/09\/streichdichtstoff\/\" \/>\n<meta property=\"og:site_name\" content=\"pro clima Blog - Deutschland\" \/>\n<meta property=\"article:publisher\" content=\"https:\/\/www.facebook.com\/proclima\" \/>\n<meta property=\"article:published_time\" content=\"2013-09-25T03:39:24+00:00\" \/>\n<meta property=\"og:image\" content=\"https:\/\/blog.proclima.com\/de\/files\/2013\/09\/v_wyflexa_engstellen_01_420x280px_rgb.jpg\" \/>\n\t<meta property=\"og:image:width\" content=\"420\" \/>\n\t<meta property=\"og:image:height\" content=\"280\" \/>\n\t<meta property=\"og:image:type\" content=\"image\/jpeg\" \/>\n<meta name=\"author\" content=\"Heide Merkel\" \/>\n<meta name=\"twitter:card\" content=\"summary_large_image\" \/>\n<meta name=\"twitter:creator\" content=\"@proclimaDE\" \/>\n<meta name=\"twitter:site\" content=\"@proclimaDE\" \/>\n<meta name=\"twitter:label1\" content=\"Verfasst von\" \/>\n\t<meta name=\"twitter:data1\" content=\"Heide Merkel\" \/>\n\t<meta name=\"twitter:label2\" content=\"Gesch\u00e4tzte Lesezeit\" \/>\n\t<meta name=\"twitter:data2\" content=\"2\u00a0Minuten\" \/>\n<script type=\"application\/ld+json\" class=\"yoast-schema-graph\">{\"@context\":\"https:\\\/\\\/schema.org\",\"@graph\":[{\"@type\":\"Article\",\"@id\":\"https:\\\/\\\/blog.proclima.com\\\/de\\\/2013\\\/09\\\/streichdichtstoff\\\/#article\",\"isPartOf\":{\"@id\":\"https:\\\/\\\/blog.proclima.com\\\/de\\\/2013\\\/09\\\/streichdichtstoff\\\/\"},\"author\":{\"name\":\"Heide Merkel\",\"@id\":\"https:\\\/\\\/blog.proclima.com\\\/de\\\/#\\\/schema\\\/person\\\/b3490e20200d5d45b8d56f555ceffc21\"},\"headline\":\"[Pressemitteilung]: Erster feuchtevariabler Streichdichtstoff: pro clima WYFLEXA\",\"datePublished\":\"2013-09-25T03:39:24+00:00\",\"mainEntityOfPage\":{\"@id\":\"https:\\\/\\\/blog.proclima.com\\\/de\\\/2013\\\/09\\\/streichdichtstoff\\\/\"},\"wordCount\":395,\"commentCount\":0,\"publisher\":{\"@id\":\"https:\\\/\\\/blog.proclima.com\\\/de\\\/#organization\"},\"image\":{\"@id\":\"https:\\\/\\\/blog.proclima.com\\\/de\\\/2013\\\/09\\\/streichdichtstoff\\\/#primaryimage\"},\"thumbnailUrl\":\"https:\\\/\\\/blog.proclima.com\\\/de\\\/files\\\/2013\\\/09\\\/v_wyflexa_engstellen_01_420x280px_rgb.jpg\",\"keywords\":[\"Detaill\u00f6sung\"],\"articleSection\":[\"Pressemitteilungen\"],\"inLanguage\":\"de\",\"potentialAction\":[{\"@type\":\"CommentAction\",\"name\":\"Comment\",\"target\":[\"https:\\\/\\\/blog.proclima.com\\\/de\\\/2013\\\/09\\\/streichdichtstoff\\\/#respond\"]}]},{\"@type\":\"WebPage\",\"@id\":\"https:\\\/\\\/blog.proclima.com\\\/de\\\/2013\\\/09\\\/streichdichtstoff\\\/\",\"url\":\"https:\\\/\\\/blog.proclima.com\\\/de\\\/2013\\\/09\\\/streichdichtstoff\\\/\",\"name\":\"[Pressemitteilung]: Erster feuchtevariabler Streichdichtstoff: pro clima WYFLEXA &#187; pro clima Blog - Deutschland\",\"isPartOf\":{\"@id\":\"https:\\\/\\\/blog.proclima.com\\\/de\\\/#website\"},\"primaryImageOfPage\":{\"@id\":\"https:\\\/\\\/blog.proclima.com\\\/de\\\/2013\\\/09\\\/streichdichtstoff\\\/#primaryimage\"},\"image\":{\"@id\":\"https:\\\/\\\/blog.proclima.com\\\/de\\\/2013\\\/09\\\/streichdichtstoff\\\/#primaryimage\"},\"thumbnailUrl\":\"https:\\\/\\\/blog.proclima.com\\\/de\\\/files\\\/2013\\\/09\\\/v_wyflexa_engstellen_01_420x280px_rgb.jpg\",\"datePublished\":\"2013-09-25T03:39:24+00:00\",\"breadcrumb\":{\"@id\":\"https:\\\/\\\/blog.proclima.com\\\/de\\\/2013\\\/09\\\/streichdichtstoff\\\/#breadcrumb\"},\"inLanguage\":\"de\",\"potentialAction\":[{\"@type\":\"ReadAction\",\"target\":[\"https:\\\/\\\/blog.proclima.com\\\/de\\\/2013\\\/09\\\/streichdichtstoff\\\/\"]}]},{\"@type\":\"ImageObject\",\"inLanguage\":\"de\",\"@id\":\"https:\\\/\\\/blog.proclima.com\\\/de\\\/2013\\\/09\\\/streichdichtstoff\\\/#primaryimage\",\"url\":\"https:\\\/\\\/blog.proclima.com\\\/de\\\/files\\\/2013\\\/09\\\/v_wyflexa_engstellen_01_420x280px_rgb.jpg\",\"contentUrl\":\"https:\\\/\\\/blog.proclima.com\\\/de\\\/files\\\/2013\\\/09\\\/v_wyflexa_engstellen_01_420x280px_rgb.jpg\"},{\"@type\":\"BreadcrumbList\",\"@id\":\"https:\\\/\\\/blog.proclima.com\\\/de\\\/2013\\\/09\\\/streichdichtstoff\\\/#breadcrumb\",\"itemListElement\":[{\"@type\":\"ListItem\",\"position\":1,\"name\":\"Startseite\",\"item\":\"https:\\\/\\\/blog.proclima.com\\\/de\\\/\"},{\"@type\":\"ListItem\",\"position\":2,\"name\":\"[Pressemitteilung]: Erster feuchtevariabler Streichdichtstoff: pro clima WYFLEXA\"}]},{\"@type\":\"WebSite\",\"@id\":\"https:\\\/\\\/blog.proclima.com\\\/de\\\/#website\",\"url\":\"https:\\\/\\\/blog.proclima.com\\\/de\\\/\",\"name\":\"pro clima Blog - Deutschland\",\"description\":\"alles was pro clima bewegt\",\"publisher\":{\"@id\":\"https:\\\/\\\/blog.proclima.com\\\/de\\\/#organization\"},\"potentialAction\":[{\"@type\":\"SearchAction\",\"target\":{\"@type\":\"EntryPoint\",\"urlTemplate\":\"https:\\\/\\\/blog.proclima.com\\\/de\\\/?s={search_term_string}\"},\"query-input\":{\"@type\":\"PropertyValueSpecification\",\"valueRequired\":true,\"valueName\":\"search_term_string\"}}],\"inLanguage\":\"de\"},{\"@type\":\"Organization\",\"@id\":\"https:\\\/\\\/blog.proclima.com\\\/de\\\/#organization\",\"name\":\"pro clima - Moll bau\u00f6kologische Produkte GmbH\",\"url\":\"https:\\\/\\\/blog.proclima.com\\\/de\\\/\",\"logo\":{\"@type\":\"ImageObject\",\"inLanguage\":\"de\",\"@id\":\"https:\\\/\\\/blog.proclima.com\\\/de\\\/#\\\/schema\\\/logo\\\/image\\\/\",\"url\":\"https:\\\/\\\/blog.proclima.com\\\/de\\\/files\\\/2020\\\/04\\\/Logo-pro-clima.png\",\"contentUrl\":\"https:\\\/\\\/blog.proclima.com\\\/de\\\/files\\\/2020\\\/04\\\/Logo-pro-clima.png\",\"width\":4210,\"height\":4881,\"caption\":\"pro clima - Moll bau\u00f6kologische Produkte GmbH\"},\"image\":{\"@id\":\"https:\\\/\\\/blog.proclima.com\\\/de\\\/#\\\/schema\\\/logo\\\/image\\\/\"},\"sameAs\":[\"https:\\\/\\\/www.facebook.com\\\/proclima\",\"https:\\\/\\\/x.com\\\/proclimaDE\"]},{\"@type\":\"Person\",\"@id\":\"https:\\\/\\\/blog.proclima.com\\\/de\\\/#\\\/schema\\\/person\\\/b3490e20200d5d45b8d56f555ceffc21\",\"name\":\"Heide Merkel\",\"description\":\"Fachjournalistin, Referentin, Steuerung Presse &amp; Digitale Medien bei Moll bau\u00f6kologische Produkte GmbH (pro clima). Als Japanologin und ausgebildete Redakteurin ist Heide eher zuf\u00e4llig in der Baubranche gelandet. Seit 2011 arbeitet sie f\u00fcr pro clima. Ihr Wissen zu effektiver Kommunikation gibt sie in Seminaren, Artikeln und Vortr\u00e4gen weiter. F\u00fcr den pro clima Blog, proclima.tv und das pro clima Bauradio interviewt sie interessante Menschen aus der Baubranche. Auf\u00a0 luftdichtheit-gepr\u00fcft.de bloggt Heide \u00fcber Leckagen, Luftdichtung und Qualit\u00e4ts\u00fcberpr\u00fcfung mit Blower-Door-Tests. Ihre Freizeit verbringt sie u.a. in den Vogesen, wo sie seit mehr als f\u00fcnf Jahren ein altes Bauernhaus saniert. Ihr neuestes Projekt:\u00a0 www.besser-als-marketing.de Hier gibt es Tipps, wie Unternehmen in der Baubranche ihre Sichtbarkeit erh\u00f6hen k\u00f6nnen. Die ersten Videos sind bereits online im Youtube Channel Wer mehr \u00fcber Heide Merkel erfahren m\u00f6chte, findet sie auf den g\u00e4ngigen Social Media Plattformen.\",\"url\":\"https:\\\/\\\/blog.proclima.com\\\/de\\\/author\\\/gentner\\\/\"}]}<\/script>\n<!-- \/ Yoast SEO plugin. -->","yoast_head_json":{"title":"[Pressemitteilung]: Erster feuchtevariabler Streichdichtstoff: pro clima WYFLEXA  &#187; pro clima Blog - Deutschland","robots":{"index":"index","follow":"follow","max-snippet":"max-snippet:-1","max-image-preview":"max-image-preview:large","max-video-preview":"max-video-preview:-1"},"canonical":"https:\/\/blog.proclima.com\/de\/2013\/09\/streichdichtstoff\/","og_locale":"de_DE","og_type":"article","og_title":"[Pressemitteilung]: Erster feuchtevariabler Streichdichtstoff: pro clima WYFLEXA  &#187; pro clima Blog - Deutschland","og_description":"Schwierige Anschl\u00fcsse unkompliziert und sicher abdichten: Der erste feuchtevariable Streichdichtstoff pro clima WYFLEXA erm\u00f6glicht schnelles, sicheres und genaues Arbeiten &#8211; auch bei schwer zug\u00e4nglichen Durchdringungen ...","og_url":"https:\/\/blog.proclima.com\/de\/2013\/09\/streichdichtstoff\/","og_site_name":"pro clima Blog - Deutschland","article_publisher":"https:\/\/www.facebook.com\/proclima","article_published_time":"2013-09-25T03:39:24+00:00","og_image":[{"width":420,"height":280,"url":"https:\/\/blog.proclima.com\/de\/files\/2013\/09\/v_wyflexa_engstellen_01_420x280px_rgb.jpg","type":"image\/jpeg"}],"author":"Heide Merkel","twitter_card":"summary_large_image","twitter_creator":"@proclimaDE","twitter_site":"@proclimaDE","twitter_misc":{"Verfasst von":"Heide Merkel","Gesch\u00e4tzte Lesezeit":"2\u00a0Minuten"},"schema":{"@context":"https:\/\/schema.org","@graph":[{"@type":"Article","@id":"https:\/\/blog.proclima.com\/de\/2013\/09\/streichdichtstoff\/#article","isPartOf":{"@id":"https:\/\/blog.proclima.com\/de\/2013\/09\/streichdichtstoff\/"},"author":{"name":"Heide Merkel","@id":"https:\/\/blog.proclima.com\/de\/#\/schema\/person\/b3490e20200d5d45b8d56f555ceffc21"},"headline":"[Pressemitteilung]: Erster feuchtevariabler Streichdichtstoff: pro clima WYFLEXA","datePublished":"2013-09-25T03:39:24+00:00","mainEntityOfPage":{"@id":"https:\/\/blog.proclima.com\/de\/2013\/09\/streichdichtstoff\/"},"wordCount":395,"commentCount":0,"publisher":{"@id":"https:\/\/blog.proclima.com\/de\/#organization"},"image":{"@id":"https:\/\/blog.proclima.com\/de\/2013\/09\/streichdichtstoff\/#primaryimage"},"thumbnailUrl":"https:\/\/blog.proclima.com\/de\/files\/2013\/09\/v_wyflexa_engstellen_01_420x280px_rgb.jpg","keywords":["Detaill\u00f6sung"],"articleSection":["Pressemitteilungen"],"inLanguage":"de","potentialAction":[{"@type":"CommentAction","name":"Comment","target":["https:\/\/blog.proclima.com\/de\/2013\/09\/streichdichtstoff\/#respond"]}]},{"@type":"WebPage","@id":"https:\/\/blog.proclima.com\/de\/2013\/09\/streichdichtstoff\/","url":"https:\/\/blog.proclima.com\/de\/2013\/09\/streichdichtstoff\/","name":"[Pressemitteilung]: Erster feuchtevariabler Streichdichtstoff: pro clima WYFLEXA &#187; pro clima Blog - Deutschland","isPartOf":{"@id":"https:\/\/blog.proclima.com\/de\/#website"},"primaryImageOfPage":{"@id":"https:\/\/blog.proclima.com\/de\/2013\/09\/streichdichtstoff\/#primaryimage"},"image":{"@id":"https:\/\/blog.proclima.com\/de\/2013\/09\/streichdichtstoff\/#primaryimage"},"thumbnailUrl":"https:\/\/blog.proclima.com\/de\/files\/2013\/09\/v_wyflexa_engstellen_01_420x280px_rgb.jpg","datePublished":"2013-09-25T03:39:24+00:00","breadcrumb":{"@id":"https:\/\/blog.proclima.com\/de\/2013\/09\/streichdichtstoff\/#breadcrumb"},"inLanguage":"de","potentialAction":[{"@type":"ReadAction","target":["https:\/\/blog.proclima.com\/de\/2013\/09\/streichdichtstoff\/"]}]},{"@type":"ImageObject","inLanguage":"de","@id":"https:\/\/blog.proclima.com\/de\/2013\/09\/streichdichtstoff\/#primaryimage","url":"https:\/\/blog.proclima.com\/de\/files\/2013\/09\/v_wyflexa_engstellen_01_420x280px_rgb.jpg","contentUrl":"https:\/\/blog.proclima.com\/de\/files\/2013\/09\/v_wyflexa_engstellen_01_420x280px_rgb.jpg"},{"@type":"BreadcrumbList","@id":"https:\/\/blog.proclima.com\/de\/2013\/09\/streichdichtstoff\/#breadcrumb","itemListElement":[{"@type":"ListItem","position":1,"name":"Startseite","item":"https:\/\/blog.proclima.com\/de\/"},{"@type":"ListItem","position":2,"name":"[Pressemitteilung]: Erster feuchtevariabler Streichdichtstoff: pro clima WYFLEXA"}]},{"@type":"WebSite","@id":"https:\/\/blog.proclima.com\/de\/#website","url":"https:\/\/blog.proclima.com\/de\/","name":"pro clima Blog - Deutschland","description":"alles was pro clima bewegt","publisher":{"@id":"https:\/\/blog.proclima.com\/de\/#organization"},"potentialAction":[{"@type":"SearchAction","target":{"@type":"EntryPoint","urlTemplate":"https:\/\/blog.proclima.com\/de\/?s={search_term_string}"},"query-input":{"@type":"PropertyValueSpecification","valueRequired":true,"valueName":"search_term_string"}}],"inLanguage":"de"},{"@type":"Organization","@id":"https:\/\/blog.proclima.com\/de\/#organization","name":"pro clima - Moll bau\u00f6kologische Produkte GmbH","url":"https:\/\/blog.proclima.com\/de\/","logo":{"@type":"ImageObject","inLanguage":"de","@id":"https:\/\/blog.proclima.com\/de\/#\/schema\/logo\/image\/","url":"https:\/\/blog.proclima.com\/de\/files\/2020\/04\/Logo-pro-clima.png","contentUrl":"https:\/\/blog.proclima.com\/de\/files\/2020\/04\/Logo-pro-clima.png","width":4210,"height":4881,"caption":"pro clima - Moll bau\u00f6kologische Produkte GmbH"},"image":{"@id":"https:\/\/blog.proclima.com\/de\/#\/schema\/logo\/image\/"},"sameAs":["https:\/\/www.facebook.com\/proclima","https:\/\/x.com\/proclimaDE"]},{"@type":"Person","@id":"https:\/\/blog.proclima.com\/de\/#\/schema\/person\/b3490e20200d5d45b8d56f555ceffc21","name":"Heide Merkel","description":"Fachjournalistin, Referentin, Steuerung Presse &amp; Digitale Medien bei Moll bau\u00f6kologische Produkte GmbH (pro clima). Als Japanologin und ausgebildete Redakteurin ist Heide eher zuf\u00e4llig in der Baubranche gelandet. Seit 2011 arbeitet sie f\u00fcr pro clima. Ihr Wissen zu effektiver Kommunikation gibt sie in Seminaren, Artikeln und Vortr\u00e4gen weiter. F\u00fcr den pro clima Blog, proclima.tv und das pro clima Bauradio interviewt sie interessante Menschen aus der Baubranche. Auf\u00a0 luftdichtheit-gepr\u00fcft.de bloggt Heide \u00fcber Leckagen, Luftdichtung und Qualit\u00e4ts\u00fcberpr\u00fcfung mit Blower-Door-Tests. Ihre Freizeit verbringt sie u.a. in den Vogesen, wo sie seit mehr als f\u00fcnf Jahren ein altes Bauernhaus saniert. Ihr neuestes Projekt:\u00a0 www.besser-als-marketing.de Hier gibt es Tipps, wie Unternehmen in der Baubranche ihre Sichtbarkeit erh\u00f6hen k\u00f6nnen. Die ersten Videos sind bereits online im Youtube Channel Wer mehr \u00fcber Heide Merkel erfahren m\u00f6chte, findet sie auf den g\u00e4ngigen Social Media Plattformen.","url":"https:\/\/blog.proclima.com\/de\/author\/gentner\/"}]}},"canto_acf_fields":"","_links":{"self":[{"href":"https:\/\/blog.proclima.com\/de\/wp-json\/wp\/v2\/posts\/3280","targetHints":{"allow":["GET"]}}],"collection":[{"href":"https:\/\/blog.proclima.com\/de\/wp-json\/wp\/v2\/posts"}],"about":[{"href":"https:\/\/blog.proclima.com\/de\/wp-json\/wp\/v2\/types\/post"}],"author":[{"embeddable":true,"href":"https:\/\/blog.proclima.com\/de\/wp-json\/wp\/v2\/users\/18"}],"replies":[{"embeddable":true,"href":"https:\/\/blog.proclima.com\/de\/wp-json\/wp\/v2\/comments?post=3280"}],"version-history":[{"count":6,"href":"https:\/\/blog.proclima.com\/de\/wp-json\/wp\/v2\/posts\/3280\/revisions"}],"predecessor-version":[{"id":3302,"href":"https:\/\/blog.proclima.com\/de\/wp-json\/wp\/v2\/posts\/3280\/revisions\/3302"}],"wp:attachment":[{"href":"https:\/\/blog.proclima.com\/de\/wp-json\/wp\/v2\/media?parent=3280"}],"wp:term":[{"taxonomy":"category","embeddable":true,"href":"https:\/\/blog.proclima.com\/de\/wp-json\/wp\/v2\/categories?post=3280"},{"taxonomy":"post_tag","embeddable":true,"href":"https:\/\/blog.proclima.com\/de\/wp-json\/wp\/v2\/tags?post=3280"}],"curies":[{"name":"wp","href":"https:\/\/api.w.org\/{rel}","templated":true}]}}