
{"id":3248,"date":"2013-09-18T06:00:23","date_gmt":"2013-09-18T04:00:23","guid":{"rendered":"http:\/\/blog.proclima.com\/de\/?p=3248"},"modified":"2013-09-17T19:02:24","modified_gmt":"2013-09-17T17:02:24","slug":"bachmann-interview-nordbau","status":"publish","type":"post","link":"https:\/\/blog.proclima.com\/de\/2013\/09\/bachmann-interview-nordbau\/","title":{"rendered":"Wer profitiert von Wohngesundheit? &#8211; Interview mit Wohngesundheitsexperte Peter Bachmann auf der Nordbau 2013"},"content":{"rendered":"<p>pro clima hat den Wohngesundheitsvorreiter Peter Bachmann vom Sentinel Haus Institut auf der Nordbau 2013 getroffen. Im Interview spricht Bachmann dar\u00fcber, ob Wohngesundheit mehr kostet und inwiefern Hausbesitzer, Institutionen und Handwerker davon profitieren. Er erz\u00e4hlt, welche Konsequenzen es haben kann, wenn der Wohngesundheitsaspekt vernachl\u00e4ssigt wird. Bachmann diskutiert auch die Frage, ob gesundes Bauen f\u00fcr alle umsetzbar ist, u.a. auch f\u00fcr soziale Bauten.<\/p>\n<p>[youtube Tr7Z_OPNg8w]<br \/>\nEin \u00dcberblick der Fragen:<!--more--><\/p>\n<ul>\n<li>Schleswig Holsteins Ministerpr\u00e4sident Torsten Albig hat auch der Nordbau angek\u00fcndigt, dass auch soziale Wohnungen k\u00fcnftig wohngesund gebaut werden sollen. Ist das nicht viel teurer?<\/li>\n<li>Ist Wohngesundheit bei der ersten Planung teurer?<\/li>\n<li>Ist Ministerpr\u00e4sident Torsten Albig ein Vorreiter der Wohngesundheit oder ist dieses Thema schon in allen Bundesl\u00e4ndern angekommen?<\/li>\n<li>Wer profitiert von Wohngesundheit?<\/li>\n<li>Wieso sollten Hausbesitzer von beliebten Wohngegenden in Wohngesundheit investieren?<\/li>\n<li>Ist Wohngesundheit ein Trend?<\/li>\n<li>Ist es m\u00f6glich, dass k\u00fcnftig wohngesundes Bauen genauso viel kostet wie normales Bauen?<\/li>\n<\/ul>\n<p>Die Nordbau ist eine der gr\u00f6\u00dften Baumessen Nordeuropas. 2013 hat sie vom 12. bis 17. September stattgefunden. Themenschwerpunkte waren \u201esicher bauen \u2013 sicher wohnen\u201c und \u201eJahresneuheiten bei Baumaschine und Bauger\u00e4t.\u201c Weitere Informationen: http:\/\/www.nordbau.de\/<\/p>\n<p><strong>Weitere Artikel zur Messe Nordbau und Wohngesundheit:<\/strong><\/p>\n<ul>\n<li><strong><a href=\"https:\/\/blog.proclima.com\/de\/2013\/09\/roto-proclima-nordbau\/\" target=\"_blank\">Nordbau 2013: Nachfrage nach wohngesunden Systemen steigt- Rechtssicherheit mit neuem Ausschreibungsleitfaden<\/a><\/strong><br \/>\n<a href=\"https:\/\/blog.proclima.com\/de\/2013\/09\/roto-proclima-nordbau\/\" target=\"_blank\">https:\/\/blog.proclima.com\/de\/2013\/09\/roto-proclima-nordbau\/<\/a><\/li>\n<li><strong><a href=\"https:\/\/blog.proclima.com\/de\/2013\/09\/nordbau-torsten-albig\/\" target=\"_blank\">Nordbau 2013: Albig will gesundes Bauen auch im sozialen Bereich f\u00f6rdern<\/a><\/strong><br \/>\n<a href=\"https:\/\/blog.proclima.com\/de\/2013\/09\/nordbau-torsten-albig\/\" target=\"_blank\">https:\/\/blog.proclima.com\/de\/2013\/09\/nordbau-torsten-albig\/<\/a><\/li>\n<li><strong><a href=\"https:\/\/blog.proclima.com\/de\/2013\/09\/nordbau-wohngesundheit\/\" target=\"_blank\">NordBau 2013 \u2013 Interview mit pro clima Gesch\u00e4ftsf\u00fchrer: \u201eAlle profitieren von Wohngesundheit\u201c<\/a><\/strong><br \/>\n<a href=\"https:\/\/blog.proclima.com\/de\/2013\/09\/nordbau-wohngesundheit\/\" target=\"_blank\">https:\/\/blog.proclima.com\/de\/2013\/09\/nordbau-wohngesundheit\/<\/a><\/li>\n<li><strong><a href=\"https:\/\/blog.proclima.com\/de\/2013\/09\/nordbau-neumuenster\/\" target=\"_blank\">NordBau 2013 \u201312.-17.09. in Neum\u00fcnster: \u201eWohngesundheit und sicheres Bauen\u201c<\/a><\/strong><br \/>\n<a href=\"https:\/\/blog.proclima.com\/de\/2013\/09\/nordbau-neumuenster\/\" target=\"_blank\">https:\/\/blog.proclima.com\/de\/2013\/09\/nordbau-neumuenster\/<\/a><\/li>\n<li><strong><a href=\"http:\/\/www.presseportal.de\/pm\/103616\/2411993\/erstes-bauteilsystem-mit-gesundheitspruefung\" target=\"_blank\">Erstes Bauteilsystem mit Gesundheitspr\u00fcfung<\/a><\/strong><br \/>\n<a href=\"http:\/\/www.presseportal.de\/pm\/103616\/2411993\/erstes-bauteilsystem-mit-gesundheitspruefung\" target=\"_blank\">http:\/\/www.presseportal.de\/pm\/103616\/2411993\/erstes-bauteilsystem-mit-gesundheitspruefung<\/a><\/li>\n<\/ul>\n","protected":false},"excerpt":{"rendered":"<p>pro clima hat den Wohngesundheitsvorreiter Peter Bachmann vom Sentinel Haus Institut auf der Nordbau 2013 getroffen. Im Interview spricht Bachmann dar\u00fcber, ob Wohngesundheit mehr kostet <a href=\"https:\/\/blog.proclima.com\/de\/2013\/09\/bachmann-interview-nordbau\/\" rel=\"bookmark\">&#8230;<\/a><\/p>\n","protected":false},"author":18,"featured_media":0,"comment_status":"open","ping_status":"open","sticky":false,"template":"","format":"standard","meta":{"footnotes":""},"categories":[1],"tags":[612,614,483,617,139],"class_list":["post-3248","post","type-post","status-publish","format-standard","hentry","category-proclima","tag-nordbau","tag-nordbau-2013","tag-peter-bachmann","tag-torsten-albig","tag-wohngesundheit"],"yoast_head":"<!-- This site is optimized with the Yoast SEO plugin v27.5 - https:\/\/yoast.com\/product\/yoast-seo-wordpress\/ -->\n<title>Wer profitiert von Wohngesundheit? - Interview mit Wohngesundheitsexperte Peter Bachmann auf der Nordbau 2013  &#187; pro clima Blog - Deutschland<\/title>\n<meta name=\"robots\" content=\"index, follow, max-snippet:-1, max-image-preview:large, max-video-preview:-1\" \/>\n<link rel=\"canonical\" href=\"https:\/\/blog.proclima.com\/de\/2013\/09\/bachmann-interview-nordbau\/\" \/>\n<meta property=\"og:locale\" content=\"de_DE\" \/>\n<meta property=\"og:type\" content=\"article\" \/>\n<meta property=\"og:title\" content=\"Wer profitiert von Wohngesundheit? - Interview mit Wohngesundheitsexperte Peter Bachmann auf der Nordbau 2013  &#187; pro clima Blog - Deutschland\" \/>\n<meta property=\"og:description\" content=\"pro clima hat den Wohngesundheitsvorreiter Peter Bachmann vom Sentinel Haus Institut auf der Nordbau 2013 getroffen. Im Interview spricht Bachmann dar\u00fcber, ob Wohngesundheit mehr kostet ...\" \/>\n<meta property=\"og:url\" content=\"https:\/\/blog.proclima.com\/de\/2013\/09\/bachmann-interview-nordbau\/\" \/>\n<meta property=\"og:site_name\" content=\"pro clima Blog - Deutschland\" \/>\n<meta property=\"article:publisher\" content=\"https:\/\/www.facebook.com\/proclima\" \/>\n<meta property=\"article:published_time\" content=\"2013-09-18T04:00:23+00:00\" \/>\n<meta name=\"author\" content=\"Heide Merkel\" \/>\n<meta name=\"twitter:card\" content=\"summary_large_image\" \/>\n<meta name=\"twitter:creator\" content=\"@proclimaDE\" \/>\n<meta name=\"twitter:site\" content=\"@proclimaDE\" \/>\n<meta name=\"twitter:label1\" content=\"Verfasst von\" \/>\n\t<meta name=\"twitter:data1\" content=\"Heide Merkel\" \/>\n\t<meta name=\"twitter:label2\" content=\"Gesch\u00e4tzte Lesezeit\" \/>\n\t<meta name=\"twitter:data2\" content=\"1\u00a0Minute\" \/>\n<script type=\"application\/ld+json\" class=\"yoast-schema-graph\">{\"@context\":\"https:\\\/\\\/schema.org\",\"@graph\":[{\"@type\":\"Article\",\"@id\":\"https:\\\/\\\/blog.proclima.com\\\/de\\\/2013\\\/09\\\/bachmann-interview-nordbau\\\/#article\",\"isPartOf\":{\"@id\":\"https:\\\/\\\/blog.proclima.com\\\/de\\\/2013\\\/09\\\/bachmann-interview-nordbau\\\/\"},\"author\":{\"name\":\"Heide Merkel\",\"@id\":\"https:\\\/\\\/blog.proclima.com\\\/de\\\/#\\\/schema\\\/person\\\/b3490e20200d5d45b8d56f555ceffc21\"},\"headline\":\"Wer profitiert von Wohngesundheit? &#8211; Interview mit Wohngesundheitsexperte Peter Bachmann auf der Nordbau 2013\",\"datePublished\":\"2013-09-18T04:00:23+00:00\",\"mainEntityOfPage\":{\"@id\":\"https:\\\/\\\/blog.proclima.com\\\/de\\\/2013\\\/09\\\/bachmann-interview-nordbau\\\/\"},\"wordCount\":292,\"commentCount\":1,\"publisher\":{\"@id\":\"https:\\\/\\\/blog.proclima.com\\\/de\\\/#organization\"},\"keywords\":[\"Nordbau\",\"Nordbau 2013\",\"Peter Bachmann\",\"Torsten Albig\",\"Wohngesundheit\"],\"articleSection\":[\"pro clima\"],\"inLanguage\":\"de\",\"potentialAction\":[{\"@type\":\"CommentAction\",\"name\":\"Comment\",\"target\":[\"https:\\\/\\\/blog.proclima.com\\\/de\\\/2013\\\/09\\\/bachmann-interview-nordbau\\\/#respond\"]}]},{\"@type\":\"WebPage\",\"@id\":\"https:\\\/\\\/blog.proclima.com\\\/de\\\/2013\\\/09\\\/bachmann-interview-nordbau\\\/\",\"url\":\"https:\\\/\\\/blog.proclima.com\\\/de\\\/2013\\\/09\\\/bachmann-interview-nordbau\\\/\",\"name\":\"Wer profitiert von Wohngesundheit? - Interview mit Wohngesundheitsexperte Peter Bachmann auf der Nordbau 2013 &#187; pro clima Blog - Deutschland\",\"isPartOf\":{\"@id\":\"https:\\\/\\\/blog.proclima.com\\\/de\\\/#website\"},\"datePublished\":\"2013-09-18T04:00:23+00:00\",\"breadcrumb\":{\"@id\":\"https:\\\/\\\/blog.proclima.com\\\/de\\\/2013\\\/09\\\/bachmann-interview-nordbau\\\/#breadcrumb\"},\"inLanguage\":\"de\",\"potentialAction\":[{\"@type\":\"ReadAction\",\"target\":[\"https:\\\/\\\/blog.proclima.com\\\/de\\\/2013\\\/09\\\/bachmann-interview-nordbau\\\/\"]}]},{\"@type\":\"BreadcrumbList\",\"@id\":\"https:\\\/\\\/blog.proclima.com\\\/de\\\/2013\\\/09\\\/bachmann-interview-nordbau\\\/#breadcrumb\",\"itemListElement\":[{\"@type\":\"ListItem\",\"position\":1,\"name\":\"Startseite\",\"item\":\"https:\\\/\\\/blog.proclima.com\\\/de\\\/\"},{\"@type\":\"ListItem\",\"position\":2,\"name\":\"Wer profitiert von Wohngesundheit? &#8211; Interview mit Wohngesundheitsexperte Peter Bachmann auf der Nordbau 2013\"}]},{\"@type\":\"WebSite\",\"@id\":\"https:\\\/\\\/blog.proclima.com\\\/de\\\/#website\",\"url\":\"https:\\\/\\\/blog.proclima.com\\\/de\\\/\",\"name\":\"pro clima Blog - Deutschland\",\"description\":\"alles was pro clima bewegt\",\"publisher\":{\"@id\":\"https:\\\/\\\/blog.proclima.com\\\/de\\\/#organization\"},\"potentialAction\":[{\"@type\":\"SearchAction\",\"target\":{\"@type\":\"EntryPoint\",\"urlTemplate\":\"https:\\\/\\\/blog.proclima.com\\\/de\\\/?s={search_term_string}\"},\"query-input\":{\"@type\":\"PropertyValueSpecification\",\"valueRequired\":true,\"valueName\":\"search_term_string\"}}],\"inLanguage\":\"de\"},{\"@type\":\"Organization\",\"@id\":\"https:\\\/\\\/blog.proclima.com\\\/de\\\/#organization\",\"name\":\"pro clima - Moll bau\u00f6kologische Produkte GmbH\",\"url\":\"https:\\\/\\\/blog.proclima.com\\\/de\\\/\",\"logo\":{\"@type\":\"ImageObject\",\"inLanguage\":\"de\",\"@id\":\"https:\\\/\\\/blog.proclima.com\\\/de\\\/#\\\/schema\\\/logo\\\/image\\\/\",\"url\":\"https:\\\/\\\/blog.proclima.com\\\/de\\\/files\\\/2020\\\/04\\\/Logo-pro-clima.png\",\"contentUrl\":\"https:\\\/\\\/blog.proclima.com\\\/de\\\/files\\\/2020\\\/04\\\/Logo-pro-clima.png\",\"width\":4210,\"height\":4881,\"caption\":\"pro clima - Moll bau\u00f6kologische Produkte GmbH\"},\"image\":{\"@id\":\"https:\\\/\\\/blog.proclima.com\\\/de\\\/#\\\/schema\\\/logo\\\/image\\\/\"},\"sameAs\":[\"https:\\\/\\\/www.facebook.com\\\/proclima\",\"https:\\\/\\\/x.com\\\/proclimaDE\"]},{\"@type\":\"Person\",\"@id\":\"https:\\\/\\\/blog.proclima.com\\\/de\\\/#\\\/schema\\\/person\\\/b3490e20200d5d45b8d56f555ceffc21\",\"name\":\"Heide Merkel\",\"description\":\"Fachjournalistin, Referentin, Steuerung Presse &amp; Digitale Medien bei Moll bau\u00f6kologische Produkte GmbH (pro clima). Als Japanologin und ausgebildete Redakteurin ist Heide eher zuf\u00e4llig in der Baubranche gelandet. Seit 2011 arbeitet sie f\u00fcr pro clima. Ihr Wissen zu effektiver Kommunikation gibt sie in Seminaren, Artikeln und Vortr\u00e4gen weiter. F\u00fcr den pro clima Blog, proclima.tv und das pro clima Bauradio interviewt sie interessante Menschen aus der Baubranche. Auf\u00a0 luftdichtheit-gepr\u00fcft.de bloggt Heide \u00fcber Leckagen, Luftdichtung und Qualit\u00e4ts\u00fcberpr\u00fcfung mit Blower-Door-Tests. Ihre Freizeit verbringt sie u.a. in den Vogesen, wo sie seit mehr als f\u00fcnf Jahren ein altes Bauernhaus saniert. Ihr neuestes Projekt:\u00a0 www.besser-als-marketing.de Hier gibt es Tipps, wie Unternehmen in der Baubranche ihre Sichtbarkeit erh\u00f6hen k\u00f6nnen. Die ersten Videos sind bereits online im Youtube Channel Wer mehr \u00fcber Heide Merkel erfahren m\u00f6chte, findet sie auf den g\u00e4ngigen Social Media Plattformen.\",\"url\":\"https:\\\/\\\/blog.proclima.com\\\/de\\\/author\\\/gentner\\\/\"}]}<\/script>\n<!-- \/ Yoast SEO plugin. -->","yoast_head_json":{"title":"Wer profitiert von Wohngesundheit? - Interview mit Wohngesundheitsexperte Peter Bachmann auf der Nordbau 2013  &#187; pro clima Blog - Deutschland","robots":{"index":"index","follow":"follow","max-snippet":"max-snippet:-1","max-image-preview":"max-image-preview:large","max-video-preview":"max-video-preview:-1"},"canonical":"https:\/\/blog.proclima.com\/de\/2013\/09\/bachmann-interview-nordbau\/","og_locale":"de_DE","og_type":"article","og_title":"Wer profitiert von Wohngesundheit? - Interview mit Wohngesundheitsexperte Peter Bachmann auf der Nordbau 2013  &#187; pro clima Blog - Deutschland","og_description":"pro clima hat den Wohngesundheitsvorreiter Peter Bachmann vom Sentinel Haus Institut auf der Nordbau 2013 getroffen. Im Interview spricht Bachmann dar\u00fcber, ob Wohngesundheit mehr kostet ...","og_url":"https:\/\/blog.proclima.com\/de\/2013\/09\/bachmann-interview-nordbau\/","og_site_name":"pro clima Blog - Deutschland","article_publisher":"https:\/\/www.facebook.com\/proclima","article_published_time":"2013-09-18T04:00:23+00:00","author":"Heide Merkel","twitter_card":"summary_large_image","twitter_creator":"@proclimaDE","twitter_site":"@proclimaDE","twitter_misc":{"Verfasst von":"Heide Merkel","Gesch\u00e4tzte Lesezeit":"1\u00a0Minute"},"schema":{"@context":"https:\/\/schema.org","@graph":[{"@type":"Article","@id":"https:\/\/blog.proclima.com\/de\/2013\/09\/bachmann-interview-nordbau\/#article","isPartOf":{"@id":"https:\/\/blog.proclima.com\/de\/2013\/09\/bachmann-interview-nordbau\/"},"author":{"name":"Heide Merkel","@id":"https:\/\/blog.proclima.com\/de\/#\/schema\/person\/b3490e20200d5d45b8d56f555ceffc21"},"headline":"Wer profitiert von Wohngesundheit? &#8211; Interview mit Wohngesundheitsexperte Peter Bachmann auf der Nordbau 2013","datePublished":"2013-09-18T04:00:23+00:00","mainEntityOfPage":{"@id":"https:\/\/blog.proclima.com\/de\/2013\/09\/bachmann-interview-nordbau\/"},"wordCount":292,"commentCount":1,"publisher":{"@id":"https:\/\/blog.proclima.com\/de\/#organization"},"keywords":["Nordbau","Nordbau 2013","Peter Bachmann","Torsten Albig","Wohngesundheit"],"articleSection":["pro clima"],"inLanguage":"de","potentialAction":[{"@type":"CommentAction","name":"Comment","target":["https:\/\/blog.proclima.com\/de\/2013\/09\/bachmann-interview-nordbau\/#respond"]}]},{"@type":"WebPage","@id":"https:\/\/blog.proclima.com\/de\/2013\/09\/bachmann-interview-nordbau\/","url":"https:\/\/blog.proclima.com\/de\/2013\/09\/bachmann-interview-nordbau\/","name":"Wer profitiert von Wohngesundheit? - Interview mit Wohngesundheitsexperte Peter Bachmann auf der Nordbau 2013 &#187; pro clima Blog - Deutschland","isPartOf":{"@id":"https:\/\/blog.proclima.com\/de\/#website"},"datePublished":"2013-09-18T04:00:23+00:00","breadcrumb":{"@id":"https:\/\/blog.proclima.com\/de\/2013\/09\/bachmann-interview-nordbau\/#breadcrumb"},"inLanguage":"de","potentialAction":[{"@type":"ReadAction","target":["https:\/\/blog.proclima.com\/de\/2013\/09\/bachmann-interview-nordbau\/"]}]},{"@type":"BreadcrumbList","@id":"https:\/\/blog.proclima.com\/de\/2013\/09\/bachmann-interview-nordbau\/#breadcrumb","itemListElement":[{"@type":"ListItem","position":1,"name":"Startseite","item":"https:\/\/blog.proclima.com\/de\/"},{"@type":"ListItem","position":2,"name":"Wer profitiert von Wohngesundheit? &#8211; Interview mit Wohngesundheitsexperte Peter Bachmann auf der Nordbau 2013"}]},{"@type":"WebSite","@id":"https:\/\/blog.proclima.com\/de\/#website","url":"https:\/\/blog.proclima.com\/de\/","name":"pro clima Blog - Deutschland","description":"alles was pro clima bewegt","publisher":{"@id":"https:\/\/blog.proclima.com\/de\/#organization"},"potentialAction":[{"@type":"SearchAction","target":{"@type":"EntryPoint","urlTemplate":"https:\/\/blog.proclima.com\/de\/?s={search_term_string}"},"query-input":{"@type":"PropertyValueSpecification","valueRequired":true,"valueName":"search_term_string"}}],"inLanguage":"de"},{"@type":"Organization","@id":"https:\/\/blog.proclima.com\/de\/#organization","name":"pro clima - Moll bau\u00f6kologische Produkte GmbH","url":"https:\/\/blog.proclima.com\/de\/","logo":{"@type":"ImageObject","inLanguage":"de","@id":"https:\/\/blog.proclima.com\/de\/#\/schema\/logo\/image\/","url":"https:\/\/blog.proclima.com\/de\/files\/2020\/04\/Logo-pro-clima.png","contentUrl":"https:\/\/blog.proclima.com\/de\/files\/2020\/04\/Logo-pro-clima.png","width":4210,"height":4881,"caption":"pro clima - Moll bau\u00f6kologische Produkte GmbH"},"image":{"@id":"https:\/\/blog.proclima.com\/de\/#\/schema\/logo\/image\/"},"sameAs":["https:\/\/www.facebook.com\/proclima","https:\/\/x.com\/proclimaDE"]},{"@type":"Person","@id":"https:\/\/blog.proclima.com\/de\/#\/schema\/person\/b3490e20200d5d45b8d56f555ceffc21","name":"Heide Merkel","description":"Fachjournalistin, Referentin, Steuerung Presse &amp; Digitale Medien bei Moll bau\u00f6kologische Produkte GmbH (pro clima). Als Japanologin und ausgebildete Redakteurin ist Heide eher zuf\u00e4llig in der Baubranche gelandet. Seit 2011 arbeitet sie f\u00fcr pro clima. Ihr Wissen zu effektiver Kommunikation gibt sie in Seminaren, Artikeln und Vortr\u00e4gen weiter. F\u00fcr den pro clima Blog, proclima.tv und das pro clima Bauradio interviewt sie interessante Menschen aus der Baubranche. Auf\u00a0 luftdichtheit-gepr\u00fcft.de bloggt Heide \u00fcber Leckagen, Luftdichtung und Qualit\u00e4ts\u00fcberpr\u00fcfung mit Blower-Door-Tests. Ihre Freizeit verbringt sie u.a. in den Vogesen, wo sie seit mehr als f\u00fcnf Jahren ein altes Bauernhaus saniert. Ihr neuestes Projekt:\u00a0 www.besser-als-marketing.de Hier gibt es Tipps, wie Unternehmen in der Baubranche ihre Sichtbarkeit erh\u00f6hen k\u00f6nnen. Die ersten Videos sind bereits online im Youtube Channel Wer mehr \u00fcber Heide Merkel erfahren m\u00f6chte, findet sie auf den g\u00e4ngigen Social Media Plattformen.","url":"https:\/\/blog.proclima.com\/de\/author\/gentner\/"}]}},"canto_acf_fields":"","_links":{"self":[{"href":"https:\/\/blog.proclima.com\/de\/wp-json\/wp\/v2\/posts\/3248","targetHints":{"allow":["GET"]}}],"collection":[{"href":"https:\/\/blog.proclima.com\/de\/wp-json\/wp\/v2\/posts"}],"about":[{"href":"https:\/\/blog.proclima.com\/de\/wp-json\/wp\/v2\/types\/post"}],"author":[{"embeddable":true,"href":"https:\/\/blog.proclima.com\/de\/wp-json\/wp\/v2\/users\/18"}],"replies":[{"embeddable":true,"href":"https:\/\/blog.proclima.com\/de\/wp-json\/wp\/v2\/comments?post=3248"}],"version-history":[{"count":3,"href":"https:\/\/blog.proclima.com\/de\/wp-json\/wp\/v2\/posts\/3248\/revisions"}],"predecessor-version":[{"id":3252,"href":"https:\/\/blog.proclima.com\/de\/wp-json\/wp\/v2\/posts\/3248\/revisions\/3252"}],"wp:attachment":[{"href":"https:\/\/blog.proclima.com\/de\/wp-json\/wp\/v2\/media?parent=3248"}],"wp:term":[{"taxonomy":"category","embeddable":true,"href":"https:\/\/blog.proclima.com\/de\/wp-json\/wp\/v2\/categories?post=3248"},{"taxonomy":"post_tag","embeddable":true,"href":"https:\/\/blog.proclima.com\/de\/wp-json\/wp\/v2\/tags?post=3248"}],"curies":[{"name":"wp","href":"https:\/\/api.w.org\/{rel}","templated":true}]}}