
{"id":2867,"date":"2013-03-12T15:37:34","date_gmt":"2013-03-12T14:37:34","guid":{"rendered":"http:\/\/blog.proclima.com\/de\/?p=2867"},"modified":"2013-03-12T17:06:48","modified_gmt":"2013-03-12T16:06:48","slug":"pm-hannover","status":"publish","type":"post","link":"https:\/\/blog.proclima.com\/de\/2013\/03\/pm-hannover\/","title":{"rendered":"[Pressemitteilung]: Nach ausgebuchter Tour: Fachschulungs-Zusatztermin in Hannover am 22.03.2013"},"content":{"rendered":"<p><a href=\"https:\/\/blog.proclima.com\/de\/files\/2013\/02\/Screenshot.jpg\"><img loading=\"lazy\" decoding=\"async\" data-size=\"1093x725\" class=\"alignleft size-medium wp-image-2831\" alt=\"Screenshot\" src=\"https:\/\/blog.proclima.com\/de\/files\/2013\/02\/Screenshot-300x198.jpg\" width=\"300\" height=\"198\" \/><\/a>Kompaktes und praktisches Wissen an einem Tag: Mehr als 700 Verarbeiter und Planer in Deutschland und \u00d6sterreich haben dieses Jahr die Fachschulung Schnittstelle Baustelle bereits besucht. Da alle bevorstehende Veranstaltungsorte ausgebucht sind, gibt es nun einen Zusatztermin in Hannover:\u00a0 am Freitag, den 22.03.2013 im Park Inn Hotel.<\/p>\n<p>\u201eWir freuen uns \u00fcber das gro\u00dfe Interesse. Schnittstelle Baustelle bietet Praxisworkshops und Fachseminare aus sechs Themenbereichen an einem Tag an. Jeder Teilnehmer kann seinen Schwerpunkt selbst setzen\u201c, sagt Organisator Oliver Goldau von pro clima. Vor allem das praktische Arbeiten an 1:1 Modellen begeistert Besucher der gewerke\u00fcbergreifenden Fachschulung. Praxisschulungsleiter Thomas G\u00e4rtner erkl\u00e4rt: \u201eJeder Teilnehmer hat die Chance, auch richtig mit anzupacken und die diskutierten L\u00f6sungen gleich an unseren Praxismodellen auszuprobieren. Denn erst wenn man die L\u00f6sungen selbst erarbeitet, kann man diese auch langfristig und in schwierigen Baustellen-Situationen umsetzen.\u201c<!--more--><\/p>\n<p><strong>Veranstalter<\/strong><br \/>\nVeranstalter sind pro clima (Entwickler und Hersteller von Systemen zur Dichtung der Geb\u00e4udeh\u00fclle), INTHERMO (Entwickler und Produzent von \u00f6kologischen W\u00e4rme-D\u00e4mmverbundsystemen), BlowerDoor GmbH (Entwickler und Vertreiber von Messsystemen f\u00fcr Luftdichtheit) und Klimagriff GmbH (Entwickler und Produzent eines L\u00fcftungs-Indikators).<\/p>\n<p><strong>Programm, Anmeldung und Kosten<\/strong><br \/>\nDas Programm auf einen Blick: <a href=\"http:\/\/procli.ma\/6a\">procli.ma\/6a<\/a><br \/>\nDie Infobrosch\u00fcre als PDF: <a href=\"http:\/\/procli.ma\/69\">procli.ma\/69 <\/a><br \/>\nAnnmeldung: <a href=\"http:\/\/schnittstelle-baustelle.de\/anmelden\">schnittstelle-baustelle.de\/anmelden<\/a><\/p>\n<p>Der Teilnahmebeitrag betr\u00e4gt 69 EUR pro Person inkl. MwSt.<\/p>\n<p><strong>Schnittstelle Baustelle im Internet-TV-Magazin<\/strong><\/p>\n<figure id=\"attachment_2868\" aria-describedby=\"caption-attachment-2868\" style=\"width: 255px\" class=\"wp-caption alignright\"><a href=\"http:\/\/auf-achse.baufreitag.de\/warum-schimmeln-neue-hauser\/\"><img loading=\"lazy\" decoding=\"async\" data-size=\"692x812\" class=\"size-medium wp-image-2868\" alt=\"http:\/\/auf-achse.baufreitag.de\/warum-schimmeln-neue-hauser\/\" src=\"https:\/\/blog.proclima.com\/de\/files\/2013\/03\/auf-achse-255x300.jpg\" width=\"255\" height=\"300\" \/><\/a><figcaption id=\"caption-attachment-2868\" class=\"wp-caption-text\">http:\/\/auf-achse.baufreitag.de\/warum-schimmeln-neue-hauser\/<\/figcaption><\/figure>\n<p>Das Internet-TV-Magazin baufreitag auf Achse hat die gewerke\u00fcbergreifende Fachschulung Schnittstelle Baustelle in Reutlingen besucht. Das baufreitag auf Achse-Team ging dabei den Fragen nach \u201eWarum schimmeln neue H\u00e4user? Wer haftet daf\u00fcr und wie kann man Bausch\u00e4den vermeiden?\u201c Der Beitrag kann hier kostenfrei angeschaut werden:<\/p>\n<p><a href=\"http:\/\/auf-achse.baufreitag.de\/warum-schimmeln-neue-hauser\/\">auf-achse.baufreitag.de<\/a><br \/>\n<strong>Teilnehmerfeedback, Informationen und Fotos zu Schnittstelle Baustelle:<\/strong><br \/>\n<a href=\"http:\/\/blog.schnittstelle-baustelle.de\/\">blog.schnittstelle-baustelle.de\/<\/a><\/p>\n<p><strong>Fotos<\/strong><br \/>\nFotografisch eingefangene Momente von Schnittstelle-Baustelle k\u00f6nnen hier auf flickr \u2013 ohne Anmeldung \u2013 angeschaut und heruntergeladen werden:<br \/>\n<a href=\"http:\/\/www.flickr.com\/photos\/schnittbau\/sets\/72157632822946388\/\">www.flickr.com\/photos\/schnittbau\/<\/a><br \/>\n<strong>Pressekontakt<\/strong><br \/>\nHeide Gentner<br \/>\nTel:\u00a0 0 62 02\/27 82-56<br \/>\nE-Mail: heide.gentner@proclima.de<\/p>\n","protected":false},"excerpt":{"rendered":"<p>Kompaktes und praktisches Wissen an einem Tag: Mehr als 700 Verarbeiter und Planer in Deutschland und \u00d6sterreich haben dieses Jahr die Fachschulung Schnittstelle Baustelle bereits <a href=\"https:\/\/blog.proclima.com\/de\/2013\/03\/pm-hannover\/\" rel=\"bookmark\">&#8230;<\/a><\/p>\n","protected":false},"author":18,"featured_media":0,"comment_status":"open","ping_status":"open","sticky":false,"template":"","format":"standard","meta":{"footnotes":""},"categories":[136,440],"tags":[906],"class_list":["post-2867","post","type-post","status-publish","format-standard","hentry","category-pressemitteilung","category-schnittstelle-baustelle","tag-schnittstelle-baustelle"],"yoast_head":"<!-- This site is optimized with the Yoast SEO plugin v27.5 - https:\/\/yoast.com\/product\/yoast-seo-wordpress\/ -->\n<title>[Pressemitteilung]: Nach ausgebuchter Tour: Fachschulungs-Zusatztermin in Hannover am 22.03.2013 &#187; pro clima Blog - Deutschland<\/title>\n<meta name=\"robots\" content=\"index, follow, max-snippet:-1, max-image-preview:large, max-video-preview:-1\" \/>\n<link rel=\"canonical\" href=\"https:\/\/blog.proclima.com\/de\/2013\/03\/pm-hannover\/\" \/>\n<meta property=\"og:locale\" content=\"de_DE\" \/>\n<meta property=\"og:type\" content=\"article\" \/>\n<meta property=\"og:title\" content=\"[Pressemitteilung]: Nach ausgebuchter Tour: Fachschulungs-Zusatztermin in Hannover am 22.03.2013 &#187; pro clima Blog - Deutschland\" \/>\n<meta property=\"og:description\" content=\"Kompaktes und praktisches Wissen an einem Tag: Mehr als 700 Verarbeiter und Planer in Deutschland und \u00d6sterreich haben dieses Jahr die Fachschulung Schnittstelle Baustelle bereits ...\" \/>\n<meta property=\"og:url\" content=\"https:\/\/blog.proclima.com\/de\/2013\/03\/pm-hannover\/\" \/>\n<meta property=\"og:site_name\" content=\"pro clima Blog - Deutschland\" \/>\n<meta property=\"article:publisher\" content=\"https:\/\/www.facebook.com\/proclima\" \/>\n<meta property=\"article:published_time\" content=\"2013-03-12T14:37:34+00:00\" \/>\n<meta property=\"article:modified_time\" content=\"2013-03-12T16:06:48+00:00\" \/>\n<meta property=\"og:image\" content=\"https:\/\/blog.proclima.com\/de\/files\/2013\/02\/Screenshot.jpg\" \/>\n\t<meta property=\"og:image:width\" content=\"1093\" \/>\n\t<meta property=\"og:image:height\" content=\"725\" \/>\n\t<meta property=\"og:image:type\" content=\"image\/jpeg\" \/>\n<meta name=\"author\" content=\"Heide Merkel\" \/>\n<meta name=\"twitter:card\" content=\"summary_large_image\" \/>\n<meta name=\"twitter:creator\" content=\"@proclimaDE\" \/>\n<meta name=\"twitter:site\" content=\"@proclimaDE\" \/>\n<meta name=\"twitter:label1\" content=\"Verfasst von\" \/>\n\t<meta name=\"twitter:data1\" content=\"Heide Merkel\" \/>\n\t<meta name=\"twitter:label2\" content=\"Gesch\u00e4tzte Lesezeit\" \/>\n\t<meta name=\"twitter:data2\" content=\"2\u00a0Minuten\" \/>\n<script type=\"application\/ld+json\" class=\"yoast-schema-graph\">{\"@context\":\"https:\\\/\\\/schema.org\",\"@graph\":[{\"@type\":\"Article\",\"@id\":\"https:\\\/\\\/blog.proclima.com\\\/de\\\/2013\\\/03\\\/pm-hannover\\\/#article\",\"isPartOf\":{\"@id\":\"https:\\\/\\\/blog.proclima.com\\\/de\\\/2013\\\/03\\\/pm-hannover\\\/\"},\"author\":{\"name\":\"Heide Merkel\",\"@id\":\"https:\\\/\\\/blog.proclima.com\\\/de\\\/#\\\/schema\\\/person\\\/b3490e20200d5d45b8d56f555ceffc21\"},\"headline\":\"[Pressemitteilung]: Nach ausgebuchter Tour: Fachschulungs-Zusatztermin in Hannover am 22.03.2013\",\"datePublished\":\"2013-03-12T14:37:34+00:00\",\"dateModified\":\"2013-03-12T16:06:48+00:00\",\"mainEntityOfPage\":{\"@id\":\"https:\\\/\\\/blog.proclima.com\\\/de\\\/2013\\\/03\\\/pm-hannover\\\/\"},\"wordCount\":329,\"commentCount\":0,\"publisher\":{\"@id\":\"https:\\\/\\\/blog.proclima.com\\\/de\\\/#organization\"},\"image\":{\"@id\":\"https:\\\/\\\/blog.proclima.com\\\/de\\\/2013\\\/03\\\/pm-hannover\\\/#primaryimage\"},\"thumbnailUrl\":\"https:\\\/\\\/blog.proclima.com\\\/de\\\/files\\\/2013\\\/02\\\/Screenshot-300x198.jpg\",\"keywords\":[\"Schnittstelle Baustelle\"],\"articleSection\":[\"Pressemitteilungen\",\"Schnittstelle Baustelle\"],\"inLanguage\":\"de\",\"potentialAction\":[{\"@type\":\"CommentAction\",\"name\":\"Comment\",\"target\":[\"https:\\\/\\\/blog.proclima.com\\\/de\\\/2013\\\/03\\\/pm-hannover\\\/#respond\"]}]},{\"@type\":\"WebPage\",\"@id\":\"https:\\\/\\\/blog.proclima.com\\\/de\\\/2013\\\/03\\\/pm-hannover\\\/\",\"url\":\"https:\\\/\\\/blog.proclima.com\\\/de\\\/2013\\\/03\\\/pm-hannover\\\/\",\"name\":\"[Pressemitteilung]: Nach ausgebuchter Tour: Fachschulungs-Zusatztermin in Hannover am 22.03.2013 &#187; pro clima Blog - Deutschland\",\"isPartOf\":{\"@id\":\"https:\\\/\\\/blog.proclima.com\\\/de\\\/#website\"},\"primaryImageOfPage\":{\"@id\":\"https:\\\/\\\/blog.proclima.com\\\/de\\\/2013\\\/03\\\/pm-hannover\\\/#primaryimage\"},\"image\":{\"@id\":\"https:\\\/\\\/blog.proclima.com\\\/de\\\/2013\\\/03\\\/pm-hannover\\\/#primaryimage\"},\"thumbnailUrl\":\"https:\\\/\\\/blog.proclima.com\\\/de\\\/files\\\/2013\\\/02\\\/Screenshot-300x198.jpg\",\"datePublished\":\"2013-03-12T14:37:34+00:00\",\"dateModified\":\"2013-03-12T16:06:48+00:00\",\"breadcrumb\":{\"@id\":\"https:\\\/\\\/blog.proclima.com\\\/de\\\/2013\\\/03\\\/pm-hannover\\\/#breadcrumb\"},\"inLanguage\":\"de\",\"potentialAction\":[{\"@type\":\"ReadAction\",\"target\":[\"https:\\\/\\\/blog.proclima.com\\\/de\\\/2013\\\/03\\\/pm-hannover\\\/\"]}]},{\"@type\":\"ImageObject\",\"inLanguage\":\"de\",\"@id\":\"https:\\\/\\\/blog.proclima.com\\\/de\\\/2013\\\/03\\\/pm-hannover\\\/#primaryimage\",\"url\":\"https:\\\/\\\/blog.proclima.com\\\/de\\\/files\\\/2013\\\/02\\\/Screenshot.jpg\",\"contentUrl\":\"https:\\\/\\\/blog.proclima.com\\\/de\\\/files\\\/2013\\\/02\\\/Screenshot.jpg\",\"width\":1093,\"height\":725},{\"@type\":\"BreadcrumbList\",\"@id\":\"https:\\\/\\\/blog.proclima.com\\\/de\\\/2013\\\/03\\\/pm-hannover\\\/#breadcrumb\",\"itemListElement\":[{\"@type\":\"ListItem\",\"position\":1,\"name\":\"Startseite\",\"item\":\"https:\\\/\\\/blog.proclima.com\\\/de\\\/\"},{\"@type\":\"ListItem\",\"position\":2,\"name\":\"[Pressemitteilung]: Nach ausgebuchter Tour: Fachschulungs-Zusatztermin in Hannover am 22.03.2013\"}]},{\"@type\":\"WebSite\",\"@id\":\"https:\\\/\\\/blog.proclima.com\\\/de\\\/#website\",\"url\":\"https:\\\/\\\/blog.proclima.com\\\/de\\\/\",\"name\":\"pro clima Blog - Deutschland\",\"description\":\"alles was pro clima bewegt\",\"publisher\":{\"@id\":\"https:\\\/\\\/blog.proclima.com\\\/de\\\/#organization\"},\"potentialAction\":[{\"@type\":\"SearchAction\",\"target\":{\"@type\":\"EntryPoint\",\"urlTemplate\":\"https:\\\/\\\/blog.proclima.com\\\/de\\\/?s={search_term_string}\"},\"query-input\":{\"@type\":\"PropertyValueSpecification\",\"valueRequired\":true,\"valueName\":\"search_term_string\"}}],\"inLanguage\":\"de\"},{\"@type\":\"Organization\",\"@id\":\"https:\\\/\\\/blog.proclima.com\\\/de\\\/#organization\",\"name\":\"pro clima - Moll bau\u00f6kologische Produkte GmbH\",\"url\":\"https:\\\/\\\/blog.proclima.com\\\/de\\\/\",\"logo\":{\"@type\":\"ImageObject\",\"inLanguage\":\"de\",\"@id\":\"https:\\\/\\\/blog.proclima.com\\\/de\\\/#\\\/schema\\\/logo\\\/image\\\/\",\"url\":\"https:\\\/\\\/blog.proclima.com\\\/de\\\/files\\\/2020\\\/04\\\/Logo-pro-clima.png\",\"contentUrl\":\"https:\\\/\\\/blog.proclima.com\\\/de\\\/files\\\/2020\\\/04\\\/Logo-pro-clima.png\",\"width\":4210,\"height\":4881,\"caption\":\"pro clima - Moll bau\u00f6kologische Produkte GmbH\"},\"image\":{\"@id\":\"https:\\\/\\\/blog.proclima.com\\\/de\\\/#\\\/schema\\\/logo\\\/image\\\/\"},\"sameAs\":[\"https:\\\/\\\/www.facebook.com\\\/proclima\",\"https:\\\/\\\/x.com\\\/proclimaDE\"]},{\"@type\":\"Person\",\"@id\":\"https:\\\/\\\/blog.proclima.com\\\/de\\\/#\\\/schema\\\/person\\\/b3490e20200d5d45b8d56f555ceffc21\",\"name\":\"Heide Merkel\",\"description\":\"Fachjournalistin, Referentin, Steuerung Presse &amp; Digitale Medien bei Moll bau\u00f6kologische Produkte GmbH (pro clima). Als Japanologin und ausgebildete Redakteurin ist Heide eher zuf\u00e4llig in der Baubranche gelandet. Seit 2011 arbeitet sie f\u00fcr pro clima. Ihr Wissen zu effektiver Kommunikation gibt sie in Seminaren, Artikeln und Vortr\u00e4gen weiter. F\u00fcr den pro clima Blog, proclima.tv und das pro clima Bauradio interviewt sie interessante Menschen aus der Baubranche. Auf\u00a0 luftdichtheit-gepr\u00fcft.de bloggt Heide \u00fcber Leckagen, Luftdichtung und Qualit\u00e4ts\u00fcberpr\u00fcfung mit Blower-Door-Tests. Ihre Freizeit verbringt sie u.a. in den Vogesen, wo sie seit mehr als f\u00fcnf Jahren ein altes Bauernhaus saniert. Ihr neuestes Projekt:\u00a0 www.besser-als-marketing.de Hier gibt es Tipps, wie Unternehmen in der Baubranche ihre Sichtbarkeit erh\u00f6hen k\u00f6nnen. Die ersten Videos sind bereits online im Youtube Channel Wer mehr \u00fcber Heide Merkel erfahren m\u00f6chte, findet sie auf den g\u00e4ngigen Social Media Plattformen.\",\"url\":\"https:\\\/\\\/blog.proclima.com\\\/de\\\/author\\\/gentner\\\/\"}]}<\/script>\n<!-- \/ Yoast SEO plugin. -->","yoast_head_json":{"title":"[Pressemitteilung]: Nach ausgebuchter Tour: Fachschulungs-Zusatztermin in Hannover am 22.03.2013 &#187; pro clima Blog - Deutschland","robots":{"index":"index","follow":"follow","max-snippet":"max-snippet:-1","max-image-preview":"max-image-preview:large","max-video-preview":"max-video-preview:-1"},"canonical":"https:\/\/blog.proclima.com\/de\/2013\/03\/pm-hannover\/","og_locale":"de_DE","og_type":"article","og_title":"[Pressemitteilung]: Nach ausgebuchter Tour: Fachschulungs-Zusatztermin in Hannover am 22.03.2013 &#187; pro clima Blog - Deutschland","og_description":"Kompaktes und praktisches Wissen an einem Tag: Mehr als 700 Verarbeiter und Planer in Deutschland und \u00d6sterreich haben dieses Jahr die Fachschulung Schnittstelle Baustelle bereits ...","og_url":"https:\/\/blog.proclima.com\/de\/2013\/03\/pm-hannover\/","og_site_name":"pro clima Blog - Deutschland","article_publisher":"https:\/\/www.facebook.com\/proclima","article_published_time":"2013-03-12T14:37:34+00:00","article_modified_time":"2013-03-12T16:06:48+00:00","og_image":[{"width":1093,"height":725,"url":"https:\/\/blog.proclima.com\/de\/files\/2013\/02\/Screenshot.jpg","type":"image\/jpeg"}],"author":"Heide Merkel","twitter_card":"summary_large_image","twitter_creator":"@proclimaDE","twitter_site":"@proclimaDE","twitter_misc":{"Verfasst von":"Heide Merkel","Gesch\u00e4tzte Lesezeit":"2\u00a0Minuten"},"schema":{"@context":"https:\/\/schema.org","@graph":[{"@type":"Article","@id":"https:\/\/blog.proclima.com\/de\/2013\/03\/pm-hannover\/#article","isPartOf":{"@id":"https:\/\/blog.proclima.com\/de\/2013\/03\/pm-hannover\/"},"author":{"name":"Heide Merkel","@id":"https:\/\/blog.proclima.com\/de\/#\/schema\/person\/b3490e20200d5d45b8d56f555ceffc21"},"headline":"[Pressemitteilung]: Nach ausgebuchter Tour: Fachschulungs-Zusatztermin in Hannover am 22.03.2013","datePublished":"2013-03-12T14:37:34+00:00","dateModified":"2013-03-12T16:06:48+00:00","mainEntityOfPage":{"@id":"https:\/\/blog.proclima.com\/de\/2013\/03\/pm-hannover\/"},"wordCount":329,"commentCount":0,"publisher":{"@id":"https:\/\/blog.proclima.com\/de\/#organization"},"image":{"@id":"https:\/\/blog.proclima.com\/de\/2013\/03\/pm-hannover\/#primaryimage"},"thumbnailUrl":"https:\/\/blog.proclima.com\/de\/files\/2013\/02\/Screenshot-300x198.jpg","keywords":["Schnittstelle Baustelle"],"articleSection":["Pressemitteilungen","Schnittstelle Baustelle"],"inLanguage":"de","potentialAction":[{"@type":"CommentAction","name":"Comment","target":["https:\/\/blog.proclima.com\/de\/2013\/03\/pm-hannover\/#respond"]}]},{"@type":"WebPage","@id":"https:\/\/blog.proclima.com\/de\/2013\/03\/pm-hannover\/","url":"https:\/\/blog.proclima.com\/de\/2013\/03\/pm-hannover\/","name":"[Pressemitteilung]: Nach ausgebuchter Tour: Fachschulungs-Zusatztermin in Hannover am 22.03.2013 &#187; pro clima Blog - Deutschland","isPartOf":{"@id":"https:\/\/blog.proclima.com\/de\/#website"},"primaryImageOfPage":{"@id":"https:\/\/blog.proclima.com\/de\/2013\/03\/pm-hannover\/#primaryimage"},"image":{"@id":"https:\/\/blog.proclima.com\/de\/2013\/03\/pm-hannover\/#primaryimage"},"thumbnailUrl":"https:\/\/blog.proclima.com\/de\/files\/2013\/02\/Screenshot-300x198.jpg","datePublished":"2013-03-12T14:37:34+00:00","dateModified":"2013-03-12T16:06:48+00:00","breadcrumb":{"@id":"https:\/\/blog.proclima.com\/de\/2013\/03\/pm-hannover\/#breadcrumb"},"inLanguage":"de","potentialAction":[{"@type":"ReadAction","target":["https:\/\/blog.proclima.com\/de\/2013\/03\/pm-hannover\/"]}]},{"@type":"ImageObject","inLanguage":"de","@id":"https:\/\/blog.proclima.com\/de\/2013\/03\/pm-hannover\/#primaryimage","url":"https:\/\/blog.proclima.com\/de\/files\/2013\/02\/Screenshot.jpg","contentUrl":"https:\/\/blog.proclima.com\/de\/files\/2013\/02\/Screenshot.jpg","width":1093,"height":725},{"@type":"BreadcrumbList","@id":"https:\/\/blog.proclima.com\/de\/2013\/03\/pm-hannover\/#breadcrumb","itemListElement":[{"@type":"ListItem","position":1,"name":"Startseite","item":"https:\/\/blog.proclima.com\/de\/"},{"@type":"ListItem","position":2,"name":"[Pressemitteilung]: Nach ausgebuchter Tour: Fachschulungs-Zusatztermin in Hannover am 22.03.2013"}]},{"@type":"WebSite","@id":"https:\/\/blog.proclima.com\/de\/#website","url":"https:\/\/blog.proclima.com\/de\/","name":"pro clima Blog - Deutschland","description":"alles was pro clima bewegt","publisher":{"@id":"https:\/\/blog.proclima.com\/de\/#organization"},"potentialAction":[{"@type":"SearchAction","target":{"@type":"EntryPoint","urlTemplate":"https:\/\/blog.proclima.com\/de\/?s={search_term_string}"},"query-input":{"@type":"PropertyValueSpecification","valueRequired":true,"valueName":"search_term_string"}}],"inLanguage":"de"},{"@type":"Organization","@id":"https:\/\/blog.proclima.com\/de\/#organization","name":"pro clima - Moll bau\u00f6kologische Produkte GmbH","url":"https:\/\/blog.proclima.com\/de\/","logo":{"@type":"ImageObject","inLanguage":"de","@id":"https:\/\/blog.proclima.com\/de\/#\/schema\/logo\/image\/","url":"https:\/\/blog.proclima.com\/de\/files\/2020\/04\/Logo-pro-clima.png","contentUrl":"https:\/\/blog.proclima.com\/de\/files\/2020\/04\/Logo-pro-clima.png","width":4210,"height":4881,"caption":"pro clima - Moll bau\u00f6kologische Produkte GmbH"},"image":{"@id":"https:\/\/blog.proclima.com\/de\/#\/schema\/logo\/image\/"},"sameAs":["https:\/\/www.facebook.com\/proclima","https:\/\/x.com\/proclimaDE"]},{"@type":"Person","@id":"https:\/\/blog.proclima.com\/de\/#\/schema\/person\/b3490e20200d5d45b8d56f555ceffc21","name":"Heide Merkel","description":"Fachjournalistin, Referentin, Steuerung Presse &amp; Digitale Medien bei Moll bau\u00f6kologische Produkte GmbH (pro clima). Als Japanologin und ausgebildete Redakteurin ist Heide eher zuf\u00e4llig in der Baubranche gelandet. Seit 2011 arbeitet sie f\u00fcr pro clima. Ihr Wissen zu effektiver Kommunikation gibt sie in Seminaren, Artikeln und Vortr\u00e4gen weiter. F\u00fcr den pro clima Blog, proclima.tv und das pro clima Bauradio interviewt sie interessante Menschen aus der Baubranche. Auf\u00a0 luftdichtheit-gepr\u00fcft.de bloggt Heide \u00fcber Leckagen, Luftdichtung und Qualit\u00e4ts\u00fcberpr\u00fcfung mit Blower-Door-Tests. Ihre Freizeit verbringt sie u.a. in den Vogesen, wo sie seit mehr als f\u00fcnf Jahren ein altes Bauernhaus saniert. Ihr neuestes Projekt:\u00a0 www.besser-als-marketing.de Hier gibt es Tipps, wie Unternehmen in der Baubranche ihre Sichtbarkeit erh\u00f6hen k\u00f6nnen. Die ersten Videos sind bereits online im Youtube Channel Wer mehr \u00fcber Heide Merkel erfahren m\u00f6chte, findet sie auf den g\u00e4ngigen Social Media Plattformen.","url":"https:\/\/blog.proclima.com\/de\/author\/gentner\/"}]}},"canto_acf_fields":"","_links":{"self":[{"href":"https:\/\/blog.proclima.com\/de\/wp-json\/wp\/v2\/posts\/2867","targetHints":{"allow":["GET"]}}],"collection":[{"href":"https:\/\/blog.proclima.com\/de\/wp-json\/wp\/v2\/posts"}],"about":[{"href":"https:\/\/blog.proclima.com\/de\/wp-json\/wp\/v2\/types\/post"}],"author":[{"embeddable":true,"href":"https:\/\/blog.proclima.com\/de\/wp-json\/wp\/v2\/users\/18"}],"replies":[{"embeddable":true,"href":"https:\/\/blog.proclima.com\/de\/wp-json\/wp\/v2\/comments?post=2867"}],"version-history":[{"count":4,"href":"https:\/\/blog.proclima.com\/de\/wp-json\/wp\/v2\/posts\/2867\/revisions"}],"predecessor-version":[{"id":2874,"href":"https:\/\/blog.proclima.com\/de\/wp-json\/wp\/v2\/posts\/2867\/revisions\/2874"}],"wp:attachment":[{"href":"https:\/\/blog.proclima.com\/de\/wp-json\/wp\/v2\/media?parent=2867"}],"wp:term":[{"taxonomy":"category","embeddable":true,"href":"https:\/\/blog.proclima.com\/de\/wp-json\/wp\/v2\/categories?post=2867"},{"taxonomy":"post_tag","embeddable":true,"href":"https:\/\/blog.proclima.com\/de\/wp-json\/wp\/v2\/tags?post=2867"}],"curies":[{"name":"wp","href":"https:\/\/api.w.org\/{rel}","templated":true}]}}