
{"id":2716,"date":"2013-01-14T06:00:45","date_gmt":"2013-01-14T05:00:45","guid":{"rendered":"http:\/\/blog.proclima.com\/de\/?p=2716"},"modified":"2013-01-14T06:00:45","modified_gmt":"2013-01-14T05:00:45","slug":"roto-shi-bauteilsystem","status":"publish","type":"post","link":"https:\/\/blog.proclima.com\/de\/2013\/01\/roto-shi-bauteilsystem\/","title":{"rendered":"[Pressemitteilung]: BAU 2013: pro clima und Roto pr\u00e4sentieren erstes wohngesundheitlich gepr\u00fcftes Bauteilsystem"},"content":{"rendered":"<p>Mit der Kombination der feuchtevariablen Dichtungsbahn INTELLO und dem Allroundklebeband TESCON VANA mit dem Wohndachfenster Roto Designo R7 stellen der Luftdichtigkeitsspezialist pro clima und der deutsche Qualit\u00e4tshersteller Roto das erste vom Sentinel Haus Institut zertifiziertes System f\u00fcr wohngesunde Dachfl\u00e4chenfenster vor.<\/p>\n<p>Am Mittwoch, den 16.1.2013 um 11.00 Uhr \u00fcbergibt Peter Bachmann, Gesch\u00e4ftsf\u00fchrer des Sentinel Haus Instituts, das Zertifikat an Uwe Bartholom\u00e4i, Gesch\u00e4ftsf\u00fchrer von pro clima, und an Christoph Hugenberg, f\u00fcr die Roto Dach- und Solartechnologie GmbH zust\u00e4ndiges Vorstandsmitglied der Roto Frank AG. Anschlie\u00dfend wird die Frage diskutiert, welche Vorteile Bauteil- Systeme f\u00fcr die Baubranche bieten. Beispielsweise mehr Sicherheit bei der Planung und Montage. <!--more--><br \/>\n\u201eMit der Pr\u00fcfung kompletter Systeme bieten wir Investoren, Planern, Verarbeitern und Nutzern eine h\u00f6here Sicherheit, um anspruchsvolle gesundheitliche Standards der Luftqualit\u00e4t in Innenr\u00e4umen zu erreichen\u201c, sagt Peter Bachmann, Gesch\u00e4ftsf\u00fchrer des Sentinel Haus Instituts.<\/p>\n<p>Immer wieder sorgt die Kombination von Produkten mehrerer Hersteller f\u00fcr Probleme, weil sich in deren Zusammenspiel unvorhergesehen Schadstoffe entwickeln, die die Gesundheit beeintr\u00e4chtigen k\u00f6nnen. Das ist bei vom Sentinel Haus Institut gepr\u00fcften Systemen bei richtiger Verarbeitung ausgeschlossen.<\/p>\n<p>pro clima hat f\u00fcr die Messe BAU 2013 in M\u00fcnchen ein Fachforum organisiert. 14 Vortr\u00e4ge greifen Problemstellungen und L\u00f6sungen auf. Die Referenten geben Ausblicke zu Wohngesundheit, Bauschadensfreiheit, praktischen Baustellenl\u00f6sungen und gewerke\u00fcbergreifenden Schnittstellen.<\/p>\n<p>Das Fachforum BAU 2013 kann live vor Ort \u2013 am pro clima Messstand 200 in Halle A5 \u2013 und im Internet auf fachforum.tv besucht werden. Die Beitr\u00e4ge k\u00f6nnen auch nachtr\u00e4glich auf der Fachforum-Plattform abgerufen werden.<\/p>\n<p>Das komplette Programm des pro clima Fachforums hier: <a title=\"[Pressemitteilung]: BAU 2013: pro clima und INTHERMO stellen die Kompaktschulung Schnittstelle Baustelle vor \u2013 live beim pro clima Fachforum in M\u00fcnchen\" href=\"http:\/\/www.fachforum.tv\/programm\/\" target=\"_blank\">http:\/\/www.fachforum.tv\/<\/a><\/p>\n<p><strong>Auf einen Blick<\/strong><\/p>\n<ul>\n<li>Live-\u00dcbertragung: pro clima Fachforum BAU 2013 \u2013 14 Sendungen zu Energie sparen, wohngesund leben und Bausch\u00e4den vermeiden<\/li>\n<li>Sendung: Pr\u00e4sentation Sentinel-zertifiziertes Bauteilsystem f\u00fcr Dachfl\u00e4chenfenster<\/li>\n<li>Termin: Mittwoch, 15. Januar 2013, 11 Uhr<\/li>\n<li>Ort: BAU 2013, M\u00fcnchen: Halle A5, pro clima Stand 200<\/li>\n<li>Das komplette Programm des pro clima Fachforums BAU 2013: <a href=\"http:\/\/www.fachforum.tv\/programm\/\" target=\"_blank\">http:\/\/www.fachforum.tv\/programm\/<\/a><\/li>\n<\/ul>\n<p><strong>Pressekontakt:<\/strong><br \/>\nHeide Gentner<br \/>\n<a href=\"mailto:heide.gentner@proclima.de\" target=\"_blank\">heide.gentner@proclima.de<\/a><br \/>\n06202\/2782-56<\/p>\n","protected":false},"excerpt":{"rendered":"<p>Mit der Kombination der feuchtevariablen Dichtungsbahn INTELLO und dem Allroundklebeband TESCON VANA mit dem Wohndachfenster Roto Designo R7 stellen der Luftdichtigkeitsspezialist pro clima und der <a href=\"https:\/\/blog.proclima.com\/de\/2013\/01\/roto-shi-bauteilsystem\/\" rel=\"bookmark\">&#8230;<\/a><\/p>\n","protected":false},"author":18,"featured_media":0,"comment_status":"open","ping_status":"open","sticky":false,"template":"","format":"standard","meta":{"footnotes":""},"categories":[136],"tags":[445,481,482,455,122,483,480,471],"class_list":["post-2716","post","type-post","status-publish","format-standard","hentry","category-pressemitteilung","tag-bau-2013","tag-christoph-hugenberg","tag-dachfenster","tag-fachforum","tag-munchen","tag-peter-bachmann","tag-roto","tag-shi"],"yoast_head":"<!-- This site is optimized with the Yoast SEO plugin v27.5 - https:\/\/yoast.com\/product\/yoast-seo-wordpress\/ -->\n<title>[Pressemitteilung]: BAU 2013: pro clima und Roto pr\u00e4sentieren erstes wohngesundheitlich gepr\u00fcftes Bauteilsystem  &#187; pro clima Blog - Deutschland<\/title>\n<meta name=\"robots\" content=\"index, follow, max-snippet:-1, max-image-preview:large, max-video-preview:-1\" \/>\n<link rel=\"canonical\" href=\"https:\/\/blog.proclima.com\/de\/2013\/01\/roto-shi-bauteilsystem\/\" \/>\n<meta property=\"og:locale\" content=\"de_DE\" \/>\n<meta property=\"og:type\" content=\"article\" \/>\n<meta property=\"og:title\" content=\"[Pressemitteilung]: BAU 2013: pro clima und Roto pr\u00e4sentieren erstes wohngesundheitlich gepr\u00fcftes Bauteilsystem  &#187; pro clima Blog - Deutschland\" \/>\n<meta property=\"og:description\" content=\"Mit der Kombination der feuchtevariablen Dichtungsbahn INTELLO und dem Allroundklebeband TESCON VANA mit dem Wohndachfenster Roto Designo R7 stellen der Luftdichtigkeitsspezialist pro clima und der ...\" \/>\n<meta property=\"og:url\" content=\"https:\/\/blog.proclima.com\/de\/2013\/01\/roto-shi-bauteilsystem\/\" \/>\n<meta property=\"og:site_name\" content=\"pro clima Blog - Deutschland\" \/>\n<meta property=\"article:publisher\" content=\"https:\/\/www.facebook.com\/proclima\" \/>\n<meta property=\"article:published_time\" content=\"2013-01-14T05:00:45+00:00\" \/>\n<meta name=\"author\" content=\"Heide Merkel\" \/>\n<meta name=\"twitter:card\" content=\"summary_large_image\" \/>\n<meta name=\"twitter:creator\" content=\"@proclimaDE\" \/>\n<meta name=\"twitter:site\" content=\"@proclimaDE\" \/>\n<meta name=\"twitter:label1\" content=\"Verfasst von\" \/>\n\t<meta name=\"twitter:data1\" content=\"Heide Merkel\" \/>\n\t<meta name=\"twitter:label2\" content=\"Gesch\u00e4tzte Lesezeit\" \/>\n\t<meta name=\"twitter:data2\" content=\"2\u00a0Minuten\" \/>\n<script type=\"application\/ld+json\" class=\"yoast-schema-graph\">{\"@context\":\"https:\\\/\\\/schema.org\",\"@graph\":[{\"@type\":\"Article\",\"@id\":\"https:\\\/\\\/blog.proclima.com\\\/de\\\/2013\\\/01\\\/roto-shi-bauteilsystem\\\/#article\",\"isPartOf\":{\"@id\":\"https:\\\/\\\/blog.proclima.com\\\/de\\\/2013\\\/01\\\/roto-shi-bauteilsystem\\\/\"},\"author\":{\"name\":\"Heide Merkel\",\"@id\":\"https:\\\/\\\/blog.proclima.com\\\/de\\\/#\\\/schema\\\/person\\\/b3490e20200d5d45b8d56f555ceffc21\"},\"headline\":\"[Pressemitteilung]: BAU 2013: pro clima und Roto pr\u00e4sentieren erstes wohngesundheitlich gepr\u00fcftes Bauteilsystem\",\"datePublished\":\"2013-01-14T05:00:45+00:00\",\"mainEntityOfPage\":{\"@id\":\"https:\\\/\\\/blog.proclima.com\\\/de\\\/2013\\\/01\\\/roto-shi-bauteilsystem\\\/\"},\"wordCount\":350,\"commentCount\":0,\"publisher\":{\"@id\":\"https:\\\/\\\/blog.proclima.com\\\/de\\\/#organization\"},\"keywords\":[\"BAU 2013\",\"Christoph Hugenberg\",\"Dachfenster\",\"Fachforum\",\"m\u00fcnchen\",\"Peter Bachmann\",\"Roto\",\"SHI\"],\"articleSection\":[\"Pressemitteilungen\"],\"inLanguage\":\"de\",\"potentialAction\":[{\"@type\":\"CommentAction\",\"name\":\"Comment\",\"target\":[\"https:\\\/\\\/blog.proclima.com\\\/de\\\/2013\\\/01\\\/roto-shi-bauteilsystem\\\/#respond\"]}]},{\"@type\":\"WebPage\",\"@id\":\"https:\\\/\\\/blog.proclima.com\\\/de\\\/2013\\\/01\\\/roto-shi-bauteilsystem\\\/\",\"url\":\"https:\\\/\\\/blog.proclima.com\\\/de\\\/2013\\\/01\\\/roto-shi-bauteilsystem\\\/\",\"name\":\"[Pressemitteilung]: BAU 2013: pro clima und Roto pr\u00e4sentieren erstes wohngesundheitlich gepr\u00fcftes Bauteilsystem &#187; pro clima Blog - Deutschland\",\"isPartOf\":{\"@id\":\"https:\\\/\\\/blog.proclima.com\\\/de\\\/#website\"},\"datePublished\":\"2013-01-14T05:00:45+00:00\",\"breadcrumb\":{\"@id\":\"https:\\\/\\\/blog.proclima.com\\\/de\\\/2013\\\/01\\\/roto-shi-bauteilsystem\\\/#breadcrumb\"},\"inLanguage\":\"de\",\"potentialAction\":[{\"@type\":\"ReadAction\",\"target\":[\"https:\\\/\\\/blog.proclima.com\\\/de\\\/2013\\\/01\\\/roto-shi-bauteilsystem\\\/\"]}]},{\"@type\":\"BreadcrumbList\",\"@id\":\"https:\\\/\\\/blog.proclima.com\\\/de\\\/2013\\\/01\\\/roto-shi-bauteilsystem\\\/#breadcrumb\",\"itemListElement\":[{\"@type\":\"ListItem\",\"position\":1,\"name\":\"Startseite\",\"item\":\"https:\\\/\\\/blog.proclima.com\\\/de\\\/\"},{\"@type\":\"ListItem\",\"position\":2,\"name\":\"[Pressemitteilung]: BAU 2013: pro clima und Roto pr\u00e4sentieren erstes wohngesundheitlich gepr\u00fcftes Bauteilsystem\"}]},{\"@type\":\"WebSite\",\"@id\":\"https:\\\/\\\/blog.proclima.com\\\/de\\\/#website\",\"url\":\"https:\\\/\\\/blog.proclima.com\\\/de\\\/\",\"name\":\"pro clima Blog - Deutschland\",\"description\":\"alles was pro clima bewegt\",\"publisher\":{\"@id\":\"https:\\\/\\\/blog.proclima.com\\\/de\\\/#organization\"},\"potentialAction\":[{\"@type\":\"SearchAction\",\"target\":{\"@type\":\"EntryPoint\",\"urlTemplate\":\"https:\\\/\\\/blog.proclima.com\\\/de\\\/?s={search_term_string}\"},\"query-input\":{\"@type\":\"PropertyValueSpecification\",\"valueRequired\":true,\"valueName\":\"search_term_string\"}}],\"inLanguage\":\"de\"},{\"@type\":\"Organization\",\"@id\":\"https:\\\/\\\/blog.proclima.com\\\/de\\\/#organization\",\"name\":\"pro clima - Moll bau\u00f6kologische Produkte GmbH\",\"url\":\"https:\\\/\\\/blog.proclima.com\\\/de\\\/\",\"logo\":{\"@type\":\"ImageObject\",\"inLanguage\":\"de\",\"@id\":\"https:\\\/\\\/blog.proclima.com\\\/de\\\/#\\\/schema\\\/logo\\\/image\\\/\",\"url\":\"https:\\\/\\\/blog.proclima.com\\\/de\\\/files\\\/2020\\\/04\\\/Logo-pro-clima.png\",\"contentUrl\":\"https:\\\/\\\/blog.proclima.com\\\/de\\\/files\\\/2020\\\/04\\\/Logo-pro-clima.png\",\"width\":4210,\"height\":4881,\"caption\":\"pro clima - Moll bau\u00f6kologische Produkte GmbH\"},\"image\":{\"@id\":\"https:\\\/\\\/blog.proclima.com\\\/de\\\/#\\\/schema\\\/logo\\\/image\\\/\"},\"sameAs\":[\"https:\\\/\\\/www.facebook.com\\\/proclima\",\"https:\\\/\\\/x.com\\\/proclimaDE\"]},{\"@type\":\"Person\",\"@id\":\"https:\\\/\\\/blog.proclima.com\\\/de\\\/#\\\/schema\\\/person\\\/b3490e20200d5d45b8d56f555ceffc21\",\"name\":\"Heide Merkel\",\"description\":\"Fachjournalistin, Referentin, Steuerung Presse &amp; Digitale Medien bei Moll bau\u00f6kologische Produkte GmbH (pro clima). Als Japanologin und ausgebildete Redakteurin ist Heide eher zuf\u00e4llig in der Baubranche gelandet. Seit 2011 arbeitet sie f\u00fcr pro clima. Ihr Wissen zu effektiver Kommunikation gibt sie in Seminaren, Artikeln und Vortr\u00e4gen weiter. F\u00fcr den pro clima Blog, proclima.tv und das pro clima Bauradio interviewt sie interessante Menschen aus der Baubranche. Auf\u00a0 luftdichtheit-gepr\u00fcft.de bloggt Heide \u00fcber Leckagen, Luftdichtung und Qualit\u00e4ts\u00fcberpr\u00fcfung mit Blower-Door-Tests. Ihre Freizeit verbringt sie u.a. in den Vogesen, wo sie seit mehr als f\u00fcnf Jahren ein altes Bauernhaus saniert. Ihr neuestes Projekt:\u00a0 www.besser-als-marketing.de Hier gibt es Tipps, wie Unternehmen in der Baubranche ihre Sichtbarkeit erh\u00f6hen k\u00f6nnen. Die ersten Videos sind bereits online im Youtube Channel Wer mehr \u00fcber Heide Merkel erfahren m\u00f6chte, findet sie auf den g\u00e4ngigen Social Media Plattformen.\",\"url\":\"https:\\\/\\\/blog.proclima.com\\\/de\\\/author\\\/gentner\\\/\"}]}<\/script>\n<!-- \/ Yoast SEO plugin. -->","yoast_head_json":{"title":"[Pressemitteilung]: BAU 2013: pro clima und Roto pr\u00e4sentieren erstes wohngesundheitlich gepr\u00fcftes Bauteilsystem  &#187; pro clima Blog - Deutschland","robots":{"index":"index","follow":"follow","max-snippet":"max-snippet:-1","max-image-preview":"max-image-preview:large","max-video-preview":"max-video-preview:-1"},"canonical":"https:\/\/blog.proclima.com\/de\/2013\/01\/roto-shi-bauteilsystem\/","og_locale":"de_DE","og_type":"article","og_title":"[Pressemitteilung]: BAU 2013: pro clima und Roto pr\u00e4sentieren erstes wohngesundheitlich gepr\u00fcftes Bauteilsystem  &#187; pro clima Blog - Deutschland","og_description":"Mit der Kombination der feuchtevariablen Dichtungsbahn INTELLO und dem Allroundklebeband TESCON VANA mit dem Wohndachfenster Roto Designo R7 stellen der Luftdichtigkeitsspezialist pro clima und der ...","og_url":"https:\/\/blog.proclima.com\/de\/2013\/01\/roto-shi-bauteilsystem\/","og_site_name":"pro clima Blog - Deutschland","article_publisher":"https:\/\/www.facebook.com\/proclima","article_published_time":"2013-01-14T05:00:45+00:00","author":"Heide Merkel","twitter_card":"summary_large_image","twitter_creator":"@proclimaDE","twitter_site":"@proclimaDE","twitter_misc":{"Verfasst von":"Heide Merkel","Gesch\u00e4tzte Lesezeit":"2\u00a0Minuten"},"schema":{"@context":"https:\/\/schema.org","@graph":[{"@type":"Article","@id":"https:\/\/blog.proclima.com\/de\/2013\/01\/roto-shi-bauteilsystem\/#article","isPartOf":{"@id":"https:\/\/blog.proclima.com\/de\/2013\/01\/roto-shi-bauteilsystem\/"},"author":{"name":"Heide Merkel","@id":"https:\/\/blog.proclima.com\/de\/#\/schema\/person\/b3490e20200d5d45b8d56f555ceffc21"},"headline":"[Pressemitteilung]: BAU 2013: pro clima und Roto pr\u00e4sentieren erstes wohngesundheitlich gepr\u00fcftes Bauteilsystem","datePublished":"2013-01-14T05:00:45+00:00","mainEntityOfPage":{"@id":"https:\/\/blog.proclima.com\/de\/2013\/01\/roto-shi-bauteilsystem\/"},"wordCount":350,"commentCount":0,"publisher":{"@id":"https:\/\/blog.proclima.com\/de\/#organization"},"keywords":["BAU 2013","Christoph Hugenberg","Dachfenster","Fachforum","m\u00fcnchen","Peter Bachmann","Roto","SHI"],"articleSection":["Pressemitteilungen"],"inLanguage":"de","potentialAction":[{"@type":"CommentAction","name":"Comment","target":["https:\/\/blog.proclima.com\/de\/2013\/01\/roto-shi-bauteilsystem\/#respond"]}]},{"@type":"WebPage","@id":"https:\/\/blog.proclima.com\/de\/2013\/01\/roto-shi-bauteilsystem\/","url":"https:\/\/blog.proclima.com\/de\/2013\/01\/roto-shi-bauteilsystem\/","name":"[Pressemitteilung]: BAU 2013: pro clima und Roto pr\u00e4sentieren erstes wohngesundheitlich gepr\u00fcftes Bauteilsystem &#187; pro clima Blog - Deutschland","isPartOf":{"@id":"https:\/\/blog.proclima.com\/de\/#website"},"datePublished":"2013-01-14T05:00:45+00:00","breadcrumb":{"@id":"https:\/\/blog.proclima.com\/de\/2013\/01\/roto-shi-bauteilsystem\/#breadcrumb"},"inLanguage":"de","potentialAction":[{"@type":"ReadAction","target":["https:\/\/blog.proclima.com\/de\/2013\/01\/roto-shi-bauteilsystem\/"]}]},{"@type":"BreadcrumbList","@id":"https:\/\/blog.proclima.com\/de\/2013\/01\/roto-shi-bauteilsystem\/#breadcrumb","itemListElement":[{"@type":"ListItem","position":1,"name":"Startseite","item":"https:\/\/blog.proclima.com\/de\/"},{"@type":"ListItem","position":2,"name":"[Pressemitteilung]: BAU 2013: pro clima und Roto pr\u00e4sentieren erstes wohngesundheitlich gepr\u00fcftes Bauteilsystem"}]},{"@type":"WebSite","@id":"https:\/\/blog.proclima.com\/de\/#website","url":"https:\/\/blog.proclima.com\/de\/","name":"pro clima Blog - Deutschland","description":"alles was pro clima bewegt","publisher":{"@id":"https:\/\/blog.proclima.com\/de\/#organization"},"potentialAction":[{"@type":"SearchAction","target":{"@type":"EntryPoint","urlTemplate":"https:\/\/blog.proclima.com\/de\/?s={search_term_string}"},"query-input":{"@type":"PropertyValueSpecification","valueRequired":true,"valueName":"search_term_string"}}],"inLanguage":"de"},{"@type":"Organization","@id":"https:\/\/blog.proclima.com\/de\/#organization","name":"pro clima - Moll bau\u00f6kologische Produkte GmbH","url":"https:\/\/blog.proclima.com\/de\/","logo":{"@type":"ImageObject","inLanguage":"de","@id":"https:\/\/blog.proclima.com\/de\/#\/schema\/logo\/image\/","url":"https:\/\/blog.proclima.com\/de\/files\/2020\/04\/Logo-pro-clima.png","contentUrl":"https:\/\/blog.proclima.com\/de\/files\/2020\/04\/Logo-pro-clima.png","width":4210,"height":4881,"caption":"pro clima - Moll bau\u00f6kologische Produkte GmbH"},"image":{"@id":"https:\/\/blog.proclima.com\/de\/#\/schema\/logo\/image\/"},"sameAs":["https:\/\/www.facebook.com\/proclima","https:\/\/x.com\/proclimaDE"]},{"@type":"Person","@id":"https:\/\/blog.proclima.com\/de\/#\/schema\/person\/b3490e20200d5d45b8d56f555ceffc21","name":"Heide Merkel","description":"Fachjournalistin, Referentin, Steuerung Presse &amp; Digitale Medien bei Moll bau\u00f6kologische Produkte GmbH (pro clima). Als Japanologin und ausgebildete Redakteurin ist Heide eher zuf\u00e4llig in der Baubranche gelandet. Seit 2011 arbeitet sie f\u00fcr pro clima. Ihr Wissen zu effektiver Kommunikation gibt sie in Seminaren, Artikeln und Vortr\u00e4gen weiter. F\u00fcr den pro clima Blog, proclima.tv und das pro clima Bauradio interviewt sie interessante Menschen aus der Baubranche. Auf\u00a0 luftdichtheit-gepr\u00fcft.de bloggt Heide \u00fcber Leckagen, Luftdichtung und Qualit\u00e4ts\u00fcberpr\u00fcfung mit Blower-Door-Tests. Ihre Freizeit verbringt sie u.a. in den Vogesen, wo sie seit mehr als f\u00fcnf Jahren ein altes Bauernhaus saniert. Ihr neuestes Projekt:\u00a0 www.besser-als-marketing.de Hier gibt es Tipps, wie Unternehmen in der Baubranche ihre Sichtbarkeit erh\u00f6hen k\u00f6nnen. Die ersten Videos sind bereits online im Youtube Channel Wer mehr \u00fcber Heide Merkel erfahren m\u00f6chte, findet sie auf den g\u00e4ngigen Social Media Plattformen.","url":"https:\/\/blog.proclima.com\/de\/author\/gentner\/"}]}},"canto_acf_fields":"","_links":{"self":[{"href":"https:\/\/blog.proclima.com\/de\/wp-json\/wp\/v2\/posts\/2716","targetHints":{"allow":["GET"]}}],"collection":[{"href":"https:\/\/blog.proclima.com\/de\/wp-json\/wp\/v2\/posts"}],"about":[{"href":"https:\/\/blog.proclima.com\/de\/wp-json\/wp\/v2\/types\/post"}],"author":[{"embeddable":true,"href":"https:\/\/blog.proclima.com\/de\/wp-json\/wp\/v2\/users\/18"}],"replies":[{"embeddable":true,"href":"https:\/\/blog.proclima.com\/de\/wp-json\/wp\/v2\/comments?post=2716"}],"version-history":[{"count":5,"href":"https:\/\/blog.proclima.com\/de\/wp-json\/wp\/v2\/posts\/2716\/revisions"}],"predecessor-version":[{"id":2734,"href":"https:\/\/blog.proclima.com\/de\/wp-json\/wp\/v2\/posts\/2716\/revisions\/2734"}],"wp:attachment":[{"href":"https:\/\/blog.proclima.com\/de\/wp-json\/wp\/v2\/media?parent=2716"}],"wp:term":[{"taxonomy":"category","embeddable":true,"href":"https:\/\/blog.proclima.com\/de\/wp-json\/wp\/v2\/categories?post=2716"},{"taxonomy":"post_tag","embeddable":true,"href":"https:\/\/blog.proclima.com\/de\/wp-json\/wp\/v2\/tags?post=2716"}],"curies":[{"name":"wp","href":"https:\/\/api.w.org\/{rel}","templated":true}]}}