
{"id":2438,"date":"2012-11-14T09:03:19","date_gmt":"2012-11-14T08:03:19","guid":{"rendered":"http:\/\/blog.proclima.com\/de\/?p=2438"},"modified":"2012-11-14T09:03:19","modified_gmt":"2012-11-14T08:03:19","slug":"norddeutsche-passivhaus","status":"publish","type":"post","link":"https:\/\/blog.proclima.com\/de\/2012\/11\/norddeutsche-passivhaus\/","title":{"rendered":"Norddeutsche Passivhauskonferenz in Hamburg: \u201eIm Norden muss anders geplant werden\u201c"},"content":{"rendered":"<p>Wie w<a href=\"http:\/\/zebau.de\/veranstaltungen\/4-norddeutsche-passivhauskonferenz\/\"><img loading=\"lazy\" decoding=\"async\" data-size=\"420x506\" class=\"alignleft size-medium wp-image-2439\" src=\"https:\/\/blog.proclima.com\/de\/files\/2012\/11\/passivhaus-249x300.jpg\" alt=\"\" width=\"249\" height=\"300\" srcset=\"https:\/\/blog.proclima.com\/de\/files\/2012\/11\/passivhaus-249x300.jpg 249w, https:\/\/blog.proclima.com\/de\/files\/2012\/11\/passivhaus-319x384.jpg 319w, https:\/\/blog.proclima.com\/de\/files\/2012\/11\/passivhaus.jpg 420w\" sizes=\"auto, (max-width: 249px) 100vw, 249px\" \/><\/a>irtschaftlich ist ein Passivhaus? Wie wird die Haustechnik ideal umgesetzt und welche Bauten werden finanziell gef\u00f6rdert? Dies sind einige der Themen, die bei der 4. Norddeutschen Passivhauskonferenz in Hamburg diskutiert werden.<br \/>\n<!--more--><br \/>\nAm 28. November 2012 treffen sich Wissenschaftler, Planer, Architekten, Verarbeiter und Hersteller im Hamburger Empire Riverside Hotel, um sich \u00fcber aktuelle Entwicklungen auszutauschen. In mehreren parallelen Foren werden Vortr\u00e4ge und Workshops zu allen relevanten Passivhausthemen abgehalten, u.a. zur Geb\u00e4udetechnik, Energiekonzepte, Detaill\u00f6sungen, Baukonstruktionen, Wirtschaftlichkeit bei Sanierung und Neubauten.<\/p>\n<p>\u201eIm Norden muss anders geplant werden, als in den anderen Teilen Deutschlands. Und da es die Norddeutsche Passivhauskonferenz ist, wird auf die spezifischen klimatischen Bedingungen bei Planung und Bauen von Geb\u00e4uden eingegangen. Beispielsweise sind hier Klinkerfassaden sehr beliebt. Dazu passend werde ich die erste Wandschalungsbahn, die exakt auf Holzrahmenkonstruktionen mit Verblendmauerwerk abgestimmt ist, vorstellen &#8211; die pro clima SOLITEX FRONTA HUMIDA\u201c, sagt <a href=\"http:\/\/www.gross-baupraxis.de\/\" target=\"_blank\">Joachim Gro\u00df von Baupraxis<\/a>. Er setzt sich seit mehr als zwei Jahrzehnten f\u00fcr energieeffiziente und wohngesunde Bauweisen ein. Als <a href=\"http:\/\/de.proclima.com\/service\/aussendienst\/nord\" target=\"_blank\">pro clima Regionalvertretung Nord<\/a> schult er Planer, Energieberater und Handwerker zu Optimierung der Bauschadensfreiheit, gibt Tipps zur fachgerechten Umsetzung von D\u00e4mmung und Dichtung bei neuen Geb\u00e4uden und Sanierungen.<\/p>\n<p>Joachim Gro\u00df wird auch bei der 4. Norddeutschen Passivhauskonferenz in Hamburg am pro clima Stand beraten.<\/p>\n<p>Hier das Programm zur Passivhauskonferenz 2012:<br \/>\n<a href=\"http:\/\/zebau.de\/veranstaltungen\/4-norddeutsche-passivhauskonferenz\/\">http:\/\/zebau.de\/veranstaltungen\/4-norddeutsche-passivhauskonferenz\/<\/a><\/p>\n<p>&nbsp;<\/p>\n","protected":false},"excerpt":{"rendered":"<p>Wie wirtschaftlich ist ein Passivhaus? Wie wird die Haustechnik ideal umgesetzt und welche Bauten werden finanziell gef\u00f6rdert? Dies sind einige der Themen, die bei der <a href=\"https:\/\/blog.proclima.com\/de\/2012\/11\/norddeutsche-passivhaus\/\" rel=\"bookmark\">&#8230;<\/a><\/p>\n","protected":false},"author":18,"featured_media":0,"comment_status":"open","ping_status":"open","sticky":false,"template":"","format":"standard","meta":{"footnotes":""},"categories":[3],"tags":[259],"class_list":["post-2438","post","type-post","status-publish","format-standard","hentry","category-veranstaltung","tag-joachim-gros"],"yoast_head":"<!-- This site is optimized with the Yoast SEO plugin v27.5 - https:\/\/yoast.com\/product\/yoast-seo-wordpress\/ -->\n<title>Norddeutsche Passivhauskonferenz in Hamburg: \u201eIm Norden muss anders geplant werden\u201c &#187; pro clima Blog - Deutschland<\/title>\n<meta name=\"robots\" content=\"index, follow, max-snippet:-1, max-image-preview:large, max-video-preview:-1\" \/>\n<link rel=\"canonical\" href=\"https:\/\/blog.proclima.com\/de\/2012\/11\/norddeutsche-passivhaus\/\" \/>\n<meta property=\"og:locale\" content=\"de_DE\" \/>\n<meta property=\"og:type\" content=\"article\" \/>\n<meta property=\"og:title\" content=\"Norddeutsche Passivhauskonferenz in Hamburg: \u201eIm Norden muss anders geplant werden\u201c &#187; pro clima Blog - Deutschland\" \/>\n<meta property=\"og:description\" content=\"Wie wirtschaftlich ist ein Passivhaus? Wie wird die Haustechnik ideal umgesetzt und welche Bauten werden finanziell gef\u00f6rdert? Dies sind einige der Themen, die bei der ...\" \/>\n<meta property=\"og:url\" content=\"https:\/\/blog.proclima.com\/de\/2012\/11\/norddeutsche-passivhaus\/\" \/>\n<meta property=\"og:site_name\" content=\"pro clima Blog - Deutschland\" \/>\n<meta property=\"article:publisher\" content=\"https:\/\/www.facebook.com\/proclima\" \/>\n<meta property=\"article:published_time\" content=\"2012-11-14T08:03:19+00:00\" \/>\n<meta property=\"og:image\" content=\"https:\/\/blog.proclima.com\/de\/files\/2012\/11\/passivhaus.jpg\" \/>\n\t<meta property=\"og:image:width\" content=\"420\" \/>\n\t<meta property=\"og:image:height\" content=\"506\" \/>\n\t<meta property=\"og:image:type\" content=\"image\/jpeg\" \/>\n<meta name=\"author\" content=\"Heide Merkel\" \/>\n<meta name=\"twitter:card\" content=\"summary_large_image\" \/>\n<meta name=\"twitter:creator\" content=\"@proclimaDE\" \/>\n<meta name=\"twitter:site\" content=\"@proclimaDE\" \/>\n<meta name=\"twitter:label1\" content=\"Verfasst von\" \/>\n\t<meta name=\"twitter:data1\" content=\"Heide Merkel\" \/>\n\t<meta name=\"twitter:label2\" content=\"Gesch\u00e4tzte Lesezeit\" \/>\n\t<meta name=\"twitter:data2\" content=\"1\u00a0Minute\" \/>\n<script type=\"application\/ld+json\" class=\"yoast-schema-graph\">{\"@context\":\"https:\\\/\\\/schema.org\",\"@graph\":[{\"@type\":\"Article\",\"@id\":\"https:\\\/\\\/blog.proclima.com\\\/de\\\/2012\\\/11\\\/norddeutsche-passivhaus\\\/#article\",\"isPartOf\":{\"@id\":\"https:\\\/\\\/blog.proclima.com\\\/de\\\/2012\\\/11\\\/norddeutsche-passivhaus\\\/\"},\"author\":{\"name\":\"Heide Merkel\",\"@id\":\"https:\\\/\\\/blog.proclima.com\\\/de\\\/#\\\/schema\\\/person\\\/b3490e20200d5d45b8d56f555ceffc21\"},\"headline\":\"Norddeutsche Passivhauskonferenz in Hamburg: \u201eIm Norden muss anders geplant werden\u201c\",\"datePublished\":\"2012-11-14T08:03:19+00:00\",\"mainEntityOfPage\":{\"@id\":\"https:\\\/\\\/blog.proclima.com\\\/de\\\/2012\\\/11\\\/norddeutsche-passivhaus\\\/\"},\"wordCount\":231,\"commentCount\":0,\"publisher\":{\"@id\":\"https:\\\/\\\/blog.proclima.com\\\/de\\\/#organization\"},\"image\":{\"@id\":\"https:\\\/\\\/blog.proclima.com\\\/de\\\/2012\\\/11\\\/norddeutsche-passivhaus\\\/#primaryimage\"},\"thumbnailUrl\":\"https:\\\/\\\/blog.proclima.com\\\/de\\\/files\\\/2012\\\/11\\\/passivhaus-249x300.jpg\",\"keywords\":[\"Joachim Gro\u00df\"],\"articleSection\":[\"Veranstaltung\"],\"inLanguage\":\"de\",\"potentialAction\":[{\"@type\":\"CommentAction\",\"name\":\"Comment\",\"target\":[\"https:\\\/\\\/blog.proclima.com\\\/de\\\/2012\\\/11\\\/norddeutsche-passivhaus\\\/#respond\"]}]},{\"@type\":\"WebPage\",\"@id\":\"https:\\\/\\\/blog.proclima.com\\\/de\\\/2012\\\/11\\\/norddeutsche-passivhaus\\\/\",\"url\":\"https:\\\/\\\/blog.proclima.com\\\/de\\\/2012\\\/11\\\/norddeutsche-passivhaus\\\/\",\"name\":\"Norddeutsche Passivhauskonferenz in Hamburg: \u201eIm Norden muss anders geplant werden\u201c &#187; pro clima Blog - Deutschland\",\"isPartOf\":{\"@id\":\"https:\\\/\\\/blog.proclima.com\\\/de\\\/#website\"},\"primaryImageOfPage\":{\"@id\":\"https:\\\/\\\/blog.proclima.com\\\/de\\\/2012\\\/11\\\/norddeutsche-passivhaus\\\/#primaryimage\"},\"image\":{\"@id\":\"https:\\\/\\\/blog.proclima.com\\\/de\\\/2012\\\/11\\\/norddeutsche-passivhaus\\\/#primaryimage\"},\"thumbnailUrl\":\"https:\\\/\\\/blog.proclima.com\\\/de\\\/files\\\/2012\\\/11\\\/passivhaus-249x300.jpg\",\"datePublished\":\"2012-11-14T08:03:19+00:00\",\"breadcrumb\":{\"@id\":\"https:\\\/\\\/blog.proclima.com\\\/de\\\/2012\\\/11\\\/norddeutsche-passivhaus\\\/#breadcrumb\"},\"inLanguage\":\"de\",\"potentialAction\":[{\"@type\":\"ReadAction\",\"target\":[\"https:\\\/\\\/blog.proclima.com\\\/de\\\/2012\\\/11\\\/norddeutsche-passivhaus\\\/\"]}]},{\"@type\":\"ImageObject\",\"inLanguage\":\"de\",\"@id\":\"https:\\\/\\\/blog.proclima.com\\\/de\\\/2012\\\/11\\\/norddeutsche-passivhaus\\\/#primaryimage\",\"url\":\"https:\\\/\\\/blog.proclima.com\\\/de\\\/files\\\/2012\\\/11\\\/passivhaus.jpg\",\"contentUrl\":\"https:\\\/\\\/blog.proclima.com\\\/de\\\/files\\\/2012\\\/11\\\/passivhaus.jpg\",\"width\":420,\"height\":506},{\"@type\":\"BreadcrumbList\",\"@id\":\"https:\\\/\\\/blog.proclima.com\\\/de\\\/2012\\\/11\\\/norddeutsche-passivhaus\\\/#breadcrumb\",\"itemListElement\":[{\"@type\":\"ListItem\",\"position\":1,\"name\":\"Startseite\",\"item\":\"https:\\\/\\\/blog.proclima.com\\\/de\\\/\"},{\"@type\":\"ListItem\",\"position\":2,\"name\":\"Norddeutsche Passivhauskonferenz in Hamburg: \u201eIm Norden muss anders geplant werden\u201c\"}]},{\"@type\":\"WebSite\",\"@id\":\"https:\\\/\\\/blog.proclima.com\\\/de\\\/#website\",\"url\":\"https:\\\/\\\/blog.proclima.com\\\/de\\\/\",\"name\":\"pro clima Blog - Deutschland\",\"description\":\"alles was pro clima bewegt\",\"publisher\":{\"@id\":\"https:\\\/\\\/blog.proclima.com\\\/de\\\/#organization\"},\"potentialAction\":[{\"@type\":\"SearchAction\",\"target\":{\"@type\":\"EntryPoint\",\"urlTemplate\":\"https:\\\/\\\/blog.proclima.com\\\/de\\\/?s={search_term_string}\"},\"query-input\":{\"@type\":\"PropertyValueSpecification\",\"valueRequired\":true,\"valueName\":\"search_term_string\"}}],\"inLanguage\":\"de\"},{\"@type\":\"Organization\",\"@id\":\"https:\\\/\\\/blog.proclima.com\\\/de\\\/#organization\",\"name\":\"pro clima - Moll bau\u00f6kologische Produkte GmbH\",\"url\":\"https:\\\/\\\/blog.proclima.com\\\/de\\\/\",\"logo\":{\"@type\":\"ImageObject\",\"inLanguage\":\"de\",\"@id\":\"https:\\\/\\\/blog.proclima.com\\\/de\\\/#\\\/schema\\\/logo\\\/image\\\/\",\"url\":\"https:\\\/\\\/blog.proclima.com\\\/de\\\/files\\\/2020\\\/04\\\/Logo-pro-clima.png\",\"contentUrl\":\"https:\\\/\\\/blog.proclima.com\\\/de\\\/files\\\/2020\\\/04\\\/Logo-pro-clima.png\",\"width\":4210,\"height\":4881,\"caption\":\"pro clima - Moll bau\u00f6kologische Produkte GmbH\"},\"image\":{\"@id\":\"https:\\\/\\\/blog.proclima.com\\\/de\\\/#\\\/schema\\\/logo\\\/image\\\/\"},\"sameAs\":[\"https:\\\/\\\/www.facebook.com\\\/proclima\",\"https:\\\/\\\/x.com\\\/proclimaDE\"]},{\"@type\":\"Person\",\"@id\":\"https:\\\/\\\/blog.proclima.com\\\/de\\\/#\\\/schema\\\/person\\\/b3490e20200d5d45b8d56f555ceffc21\",\"name\":\"Heide Merkel\",\"description\":\"Fachjournalistin, Referentin, Steuerung Presse &amp; Digitale Medien bei Moll bau\u00f6kologische Produkte GmbH (pro clima). Als Japanologin und ausgebildete Redakteurin ist Heide eher zuf\u00e4llig in der Baubranche gelandet. Seit 2011 arbeitet sie f\u00fcr pro clima. Ihr Wissen zu effektiver Kommunikation gibt sie in Seminaren, Artikeln und Vortr\u00e4gen weiter. F\u00fcr den pro clima Blog, proclima.tv und das pro clima Bauradio interviewt sie interessante Menschen aus der Baubranche. Auf\u00a0 luftdichtheit-gepr\u00fcft.de bloggt Heide \u00fcber Leckagen, Luftdichtung und Qualit\u00e4ts\u00fcberpr\u00fcfung mit Blower-Door-Tests. Ihre Freizeit verbringt sie u.a. in den Vogesen, wo sie seit mehr als f\u00fcnf Jahren ein altes Bauernhaus saniert. Ihr neuestes Projekt:\u00a0 www.besser-als-marketing.de Hier gibt es Tipps, wie Unternehmen in der Baubranche ihre Sichtbarkeit erh\u00f6hen k\u00f6nnen. Die ersten Videos sind bereits online im Youtube Channel Wer mehr \u00fcber Heide Merkel erfahren m\u00f6chte, findet sie auf den g\u00e4ngigen Social Media Plattformen.\",\"url\":\"https:\\\/\\\/blog.proclima.com\\\/de\\\/author\\\/gentner\\\/\"}]}<\/script>\n<!-- \/ Yoast SEO plugin. -->","yoast_head_json":{"title":"Norddeutsche Passivhauskonferenz in Hamburg: \u201eIm Norden muss anders geplant werden\u201c &#187; pro clima Blog - Deutschland","robots":{"index":"index","follow":"follow","max-snippet":"max-snippet:-1","max-image-preview":"max-image-preview:large","max-video-preview":"max-video-preview:-1"},"canonical":"https:\/\/blog.proclima.com\/de\/2012\/11\/norddeutsche-passivhaus\/","og_locale":"de_DE","og_type":"article","og_title":"Norddeutsche Passivhauskonferenz in Hamburg: \u201eIm Norden muss anders geplant werden\u201c &#187; pro clima Blog - Deutschland","og_description":"Wie wirtschaftlich ist ein Passivhaus? Wie wird die Haustechnik ideal umgesetzt und welche Bauten werden finanziell gef\u00f6rdert? Dies sind einige der Themen, die bei der ...","og_url":"https:\/\/blog.proclima.com\/de\/2012\/11\/norddeutsche-passivhaus\/","og_site_name":"pro clima Blog - Deutschland","article_publisher":"https:\/\/www.facebook.com\/proclima","article_published_time":"2012-11-14T08:03:19+00:00","og_image":[{"width":420,"height":506,"url":"https:\/\/blog.proclima.com\/de\/files\/2012\/11\/passivhaus.jpg","type":"image\/jpeg"}],"author":"Heide Merkel","twitter_card":"summary_large_image","twitter_creator":"@proclimaDE","twitter_site":"@proclimaDE","twitter_misc":{"Verfasst von":"Heide Merkel","Gesch\u00e4tzte Lesezeit":"1\u00a0Minute"},"schema":{"@context":"https:\/\/schema.org","@graph":[{"@type":"Article","@id":"https:\/\/blog.proclima.com\/de\/2012\/11\/norddeutsche-passivhaus\/#article","isPartOf":{"@id":"https:\/\/blog.proclima.com\/de\/2012\/11\/norddeutsche-passivhaus\/"},"author":{"name":"Heide Merkel","@id":"https:\/\/blog.proclima.com\/de\/#\/schema\/person\/b3490e20200d5d45b8d56f555ceffc21"},"headline":"Norddeutsche Passivhauskonferenz in Hamburg: \u201eIm Norden muss anders geplant werden\u201c","datePublished":"2012-11-14T08:03:19+00:00","mainEntityOfPage":{"@id":"https:\/\/blog.proclima.com\/de\/2012\/11\/norddeutsche-passivhaus\/"},"wordCount":231,"commentCount":0,"publisher":{"@id":"https:\/\/blog.proclima.com\/de\/#organization"},"image":{"@id":"https:\/\/blog.proclima.com\/de\/2012\/11\/norddeutsche-passivhaus\/#primaryimage"},"thumbnailUrl":"https:\/\/blog.proclima.com\/de\/files\/2012\/11\/passivhaus-249x300.jpg","keywords":["Joachim Gro\u00df"],"articleSection":["Veranstaltung"],"inLanguage":"de","potentialAction":[{"@type":"CommentAction","name":"Comment","target":["https:\/\/blog.proclima.com\/de\/2012\/11\/norddeutsche-passivhaus\/#respond"]}]},{"@type":"WebPage","@id":"https:\/\/blog.proclima.com\/de\/2012\/11\/norddeutsche-passivhaus\/","url":"https:\/\/blog.proclima.com\/de\/2012\/11\/norddeutsche-passivhaus\/","name":"Norddeutsche Passivhauskonferenz in Hamburg: \u201eIm Norden muss anders geplant werden\u201c &#187; pro clima Blog - Deutschland","isPartOf":{"@id":"https:\/\/blog.proclima.com\/de\/#website"},"primaryImageOfPage":{"@id":"https:\/\/blog.proclima.com\/de\/2012\/11\/norddeutsche-passivhaus\/#primaryimage"},"image":{"@id":"https:\/\/blog.proclima.com\/de\/2012\/11\/norddeutsche-passivhaus\/#primaryimage"},"thumbnailUrl":"https:\/\/blog.proclima.com\/de\/files\/2012\/11\/passivhaus-249x300.jpg","datePublished":"2012-11-14T08:03:19+00:00","breadcrumb":{"@id":"https:\/\/blog.proclima.com\/de\/2012\/11\/norddeutsche-passivhaus\/#breadcrumb"},"inLanguage":"de","potentialAction":[{"@type":"ReadAction","target":["https:\/\/blog.proclima.com\/de\/2012\/11\/norddeutsche-passivhaus\/"]}]},{"@type":"ImageObject","inLanguage":"de","@id":"https:\/\/blog.proclima.com\/de\/2012\/11\/norddeutsche-passivhaus\/#primaryimage","url":"https:\/\/blog.proclima.com\/de\/files\/2012\/11\/passivhaus.jpg","contentUrl":"https:\/\/blog.proclima.com\/de\/files\/2012\/11\/passivhaus.jpg","width":420,"height":506},{"@type":"BreadcrumbList","@id":"https:\/\/blog.proclima.com\/de\/2012\/11\/norddeutsche-passivhaus\/#breadcrumb","itemListElement":[{"@type":"ListItem","position":1,"name":"Startseite","item":"https:\/\/blog.proclima.com\/de\/"},{"@type":"ListItem","position":2,"name":"Norddeutsche Passivhauskonferenz in Hamburg: \u201eIm Norden muss anders geplant werden\u201c"}]},{"@type":"WebSite","@id":"https:\/\/blog.proclima.com\/de\/#website","url":"https:\/\/blog.proclima.com\/de\/","name":"pro clima Blog - Deutschland","description":"alles was pro clima bewegt","publisher":{"@id":"https:\/\/blog.proclima.com\/de\/#organization"},"potentialAction":[{"@type":"SearchAction","target":{"@type":"EntryPoint","urlTemplate":"https:\/\/blog.proclima.com\/de\/?s={search_term_string}"},"query-input":{"@type":"PropertyValueSpecification","valueRequired":true,"valueName":"search_term_string"}}],"inLanguage":"de"},{"@type":"Organization","@id":"https:\/\/blog.proclima.com\/de\/#organization","name":"pro clima - Moll bau\u00f6kologische Produkte GmbH","url":"https:\/\/blog.proclima.com\/de\/","logo":{"@type":"ImageObject","inLanguage":"de","@id":"https:\/\/blog.proclima.com\/de\/#\/schema\/logo\/image\/","url":"https:\/\/blog.proclima.com\/de\/files\/2020\/04\/Logo-pro-clima.png","contentUrl":"https:\/\/blog.proclima.com\/de\/files\/2020\/04\/Logo-pro-clima.png","width":4210,"height":4881,"caption":"pro clima - Moll bau\u00f6kologische Produkte GmbH"},"image":{"@id":"https:\/\/blog.proclima.com\/de\/#\/schema\/logo\/image\/"},"sameAs":["https:\/\/www.facebook.com\/proclima","https:\/\/x.com\/proclimaDE"]},{"@type":"Person","@id":"https:\/\/blog.proclima.com\/de\/#\/schema\/person\/b3490e20200d5d45b8d56f555ceffc21","name":"Heide Merkel","description":"Fachjournalistin, Referentin, Steuerung Presse &amp; Digitale Medien bei Moll bau\u00f6kologische Produkte GmbH (pro clima). Als Japanologin und ausgebildete Redakteurin ist Heide eher zuf\u00e4llig in der Baubranche gelandet. Seit 2011 arbeitet sie f\u00fcr pro clima. Ihr Wissen zu effektiver Kommunikation gibt sie in Seminaren, Artikeln und Vortr\u00e4gen weiter. F\u00fcr den pro clima Blog, proclima.tv und das pro clima Bauradio interviewt sie interessante Menschen aus der Baubranche. Auf\u00a0 luftdichtheit-gepr\u00fcft.de bloggt Heide \u00fcber Leckagen, Luftdichtung und Qualit\u00e4ts\u00fcberpr\u00fcfung mit Blower-Door-Tests. Ihre Freizeit verbringt sie u.a. in den Vogesen, wo sie seit mehr als f\u00fcnf Jahren ein altes Bauernhaus saniert. Ihr neuestes Projekt:\u00a0 www.besser-als-marketing.de Hier gibt es Tipps, wie Unternehmen in der Baubranche ihre Sichtbarkeit erh\u00f6hen k\u00f6nnen. Die ersten Videos sind bereits online im Youtube Channel Wer mehr \u00fcber Heide Merkel erfahren m\u00f6chte, findet sie auf den g\u00e4ngigen Social Media Plattformen.","url":"https:\/\/blog.proclima.com\/de\/author\/gentner\/"}]}},"canto_acf_fields":"","_links":{"self":[{"href":"https:\/\/blog.proclima.com\/de\/wp-json\/wp\/v2\/posts\/2438","targetHints":{"allow":["GET"]}}],"collection":[{"href":"https:\/\/blog.proclima.com\/de\/wp-json\/wp\/v2\/posts"}],"about":[{"href":"https:\/\/blog.proclima.com\/de\/wp-json\/wp\/v2\/types\/post"}],"author":[{"embeddable":true,"href":"https:\/\/blog.proclima.com\/de\/wp-json\/wp\/v2\/users\/18"}],"replies":[{"embeddable":true,"href":"https:\/\/blog.proclima.com\/de\/wp-json\/wp\/v2\/comments?post=2438"}],"version-history":[{"count":6,"href":"https:\/\/blog.proclima.com\/de\/wp-json\/wp\/v2\/posts\/2438\/revisions"}],"predecessor-version":[{"id":2446,"href":"https:\/\/blog.proclima.com\/de\/wp-json\/wp\/v2\/posts\/2438\/revisions\/2446"}],"wp:attachment":[{"href":"https:\/\/blog.proclima.com\/de\/wp-json\/wp\/v2\/media?parent=2438"}],"wp:term":[{"taxonomy":"category","embeddable":true,"href":"https:\/\/blog.proclima.com\/de\/wp-json\/wp\/v2\/categories?post=2438"},{"taxonomy":"post_tag","embeddable":true,"href":"https:\/\/blog.proclima.com\/de\/wp-json\/wp\/v2\/tags?post=2438"}],"curies":[{"name":"wp","href":"https:\/\/api.w.org\/{rel}","templated":true}]}}