
{"id":2332,"date":"2012-09-27T17:07:59","date_gmt":"2012-09-27T15:07:59","guid":{"rendered":"http:\/\/blog.proclima.com\/de\/?p=2332"},"modified":"2012-10-01T11:00:16","modified_gmt":"2012-10-01T09:00:16","slug":"pm-orcon-line-herbstneuheit","status":"publish","type":"post","link":"https:\/\/blog.proclima.com\/de\/2012\/09\/pm-orcon-line-herbstneuheit\/","title":{"rendered":"[Pressemitteilung]: Extreme Haftung, flexibel und dehnbar: der neue Luftdichtungsanschlusskleber von der Rolle \u2013 pro clima ORCON LINE"},"content":{"rendered":"<p><a href=\"https:\/\/blog.proclima.com\/de\/files\/2012\/09\/p_ol_anschluss_int_ausrollen1.jpg\"><img loading=\"lazy\" decoding=\"async\" data-size=\"1000x667\" class=\"alignleft size-medium wp-image-2333\" src=\"https:\/\/blog.proclima.com\/de\/files\/2012\/09\/p_ol_anschluss_int_ausrollen1-300x200.jpg\" alt=\"\" width=\"300\" height=\"200\" srcset=\"https:\/\/blog.proclima.com\/de\/files\/2012\/09\/p_ol_anschluss_int_ausrollen1-300x200.jpg 300w, https:\/\/blog.proclima.com\/de\/files\/2012\/09\/p_ol_anschluss_int_ausrollen1-768x512.jpg 768w, https:\/\/blog.proclima.com\/de\/files\/2012\/09\/p_ol_anschluss_int_ausrollen1-384x256.jpg 384w, https:\/\/blog.proclima.com\/de\/files\/2012\/09\/p_ol_anschluss_int_ausrollen1.jpg 1000w\" sizes=\"auto, (max-width: 300px) 100vw, 300px\" \/><\/a>Nach dem Auftragen sofort extreme Haftung auf rauen Oberfl\u00e4chen, dehnbar und sauber:<br \/>\nDer neue pro clima Luftdichtungsanschlusskleber ORCON LINE vereint die Vorteile eines<br \/>\nKlebebandes mit denen eines Anschlussklebers. Die Kleberraupe haftet auf mineralischen<br \/>\nund rauen Untergr\u00fcnden, wie beispielsweise Beton, Putz und s\u00e4gerauen H\u00f6lzern.<!--more--><\/p>\n<p>\u201eBesonders praktisch ist, dass die Anschlussraupe per Hand gerissen und \u2013 falls<br \/>\nerforderlich \u2013 etwas in die gew\u00fcnschte L\u00e4nge gedehnt werden kann. ORCON LINE passt<br \/>\nsich flexibel an\u201c, beschreibt Bauingenieur Michael F\u00f6rster den Neuzugang der ORCON-Familie.<\/p>\n<p>Der Leiter der Anwendungstechnik erkl\u00e4rt die Motivation der pro clima F&amp;EAbteilung,<br \/>\ndiese Art von Luftdichtungsanschlusskleber zu entwickeln: \u201eWir m\u00f6chten dem<br \/>\nVerarbeiter mehr Sicherheit geben. ORCON LINE ist schnell und sauber zu vearbeiten.<br \/>\nDie Dampfbremsen und -sperren haften sofort nach dem Auftragen extrem fest. So kann<br \/>\nder Handwerker entweder beruhigt die Baustelle verlassen oder direkt weiterarbeiten, da<br \/>\nder Kleberanschluss sofort belastet werden kann.\u201c<\/p>\n<p>Das Trennpapier des wasserfesten ORCON LINE steht leicht \u00fcber und kann somit einfach<br \/>\nabgezogen werden. Zudem sch\u00fctzt es vor eventuellem Kontakt mit Schmutz,<br \/>\nbeispielsweise bei der Verarbeitung, beim Transport und bei der Lagerung.<br \/>\nDer SOLID-Kleber ist frei von Weichmachern, L\u00f6semitteln, Emulgatoren und<br \/>\nKonservierungsmitteln.<\/p>\n<p><strong>Zusammengefasst<\/strong><\/p>\n<ul>\n<li>ORCON LINE \u2013 Luftdichtungsanschlusskleber von der Rolle<\/li>\n<li>Einsatzbereich: Luftdichtung innen, zum Anschuss von Dampfbremsen und -sperren an mineralische und raue Untergr\u00fcnde.<\/li>\n<li>Besonderheit: Die Kleberraupe kann direkt von der Rolle auf verschiedene Untergr\u00fcndegeklebt werden. Die Anschlussraupe kann mit der Hand gerissen werden. Ist die Raupe zu kurz, kann sie etwas gedehnt werden. Das Trennpapier sch\u00fctzt vor Schmutz bei Verarbeitung, Transport und Lagerung.<\/li>\n<\/ul>\n<p><em>Technische Daten zur ORCON LINE sind auf der pro clima Homepage gelistet:<\/em><br \/>\n<em><a href=\"http:\/\/de.proclima.com\/produkte\/verbindungsmittel\/luftdichtungskleber\/orcon-line 2\">http:\/\/de.proclima.com\/produkte\/verbindungsmittel\/luftdichtungskleber\/orcon-line<\/a><\/em><br \/>\n<em><a href=\"http:\/\/de.proclima.com\/produkte\/verbindungsmittel\/luftdichtungskleber\/orcon-line 2\">2<\/a><\/em><\/p>\n<p><em>Fotos zum Download finden Sie im \u201eHerbstneuheiten 2012\u201c-Ordner auf pro clima flickr:<\/em><br \/>\n<em><a href=\"http:\/\/www.flickr.com\/photos\/proclima\/sets\/72157631627620472\/\">http:\/\/www.flickr.com\/photos\/proclima\/sets\/72157631627620472\/<\/a><\/em><\/p>\n<p><em>Die deutschsprachige Herbstneuheiten-Brosch\u00fcre kann ab sofort angefordert werden: per<\/em> <em>Kontaktformular <a href=\"http:\/\/de.proclima.com\/service\/info-service\">http:\/\/de.proclima.com\/service\/info-service<\/a>, E-Mail i<a href=\"mailto:info@proclima.de\">nfo@proclima.de <\/a>und Telefon 0 62 02 -27 82.0<\/em><\/p>\n<p><em>Fragen zum Einsatzgebiet des ORCON LINE und Anwendungstipps geben die Ingenieure<\/em><br \/>\n<em>der Technik-Hotline: Tel. 062 02 &#8211; 27 82.45, E-Mail: <a href=\"mailto:technik@proclima.de\">technik@proclima.de<\/a><\/em><\/p>\n<p><em>Weitere Informationen zum ORCON LINE im pro clima Blog:<\/em><br \/>\n<em><a href=\"https:\/\/blog.proclima.com\/de\/2012\/09\/pm-orcon-line\/\">Neuer Luftdichtungsanschlusskleber von der Rolle: ORCON LINE extreme Haftung sofort auf mineralischen und rauen Oberfl\u00e4chen<\/a><\/em><\/p>\n<p><em>Pressekontakt: Heide Gentner, Tel. 0 62 02 &#8211; 27 82.56,<\/em><br \/>\n<em> E-Mail: <a href=\"mailto:heide.gentner@proclima.de\">heide.gentner@proclima.de<\/a><\/em><\/p>\n","protected":false},"excerpt":{"rendered":"<p>Nach dem Auftragen sofort extreme Haftung auf rauen Oberfl\u00e4chen, dehnbar und sauber: Der neue pro clima Luftdichtungsanschlusskleber ORCON LINE vereint die Vorteile eines Klebebandes mit <a href=\"https:\/\/blog.proclima.com\/de\/2012\/09\/pm-orcon-line-herbstneuheit\/\" rel=\"bookmark\">&#8230;<\/a><\/p>\n","protected":false},"author":18,"featured_media":0,"comment_status":"open","ping_status":"open","sticky":false,"template":"","format":"standard","meta":{"footnotes":""},"categories":[1],"tags":[392,396],"class_list":["post-2332","post","type-post","status-publish","format-standard","hentry","category-proclima","tag-herbstneuheiten","tag-orcon-line"],"yoast_head":"<!-- This site is optimized with the Yoast SEO plugin v27.5 - https:\/\/yoast.com\/product\/yoast-seo-wordpress\/ -->\n<title>[Pressemitteilung]: Extreme Haftung, flexibel und dehnbar: der neue Luftdichtungsanschlusskleber von der Rolle \u2013 pro clima ORCON LINE &#187; pro clima Blog - Deutschland<\/title>\n<meta name=\"robots\" content=\"index, follow, max-snippet:-1, max-image-preview:large, max-video-preview:-1\" \/>\n<link rel=\"canonical\" href=\"https:\/\/blog.proclima.com\/de\/2012\/09\/pm-orcon-line-herbstneuheit\/\" \/>\n<meta property=\"og:locale\" content=\"de_DE\" \/>\n<meta property=\"og:type\" content=\"article\" \/>\n<meta property=\"og:title\" content=\"[Pressemitteilung]: Extreme Haftung, flexibel und dehnbar: der neue Luftdichtungsanschlusskleber von der Rolle \u2013 pro clima ORCON LINE &#187; pro clima Blog - Deutschland\" \/>\n<meta property=\"og:description\" content=\"Nach dem Auftragen sofort extreme Haftung auf rauen Oberfl\u00e4chen, dehnbar und sauber: Der neue pro clima Luftdichtungsanschlusskleber ORCON LINE vereint die Vorteile eines Klebebandes mit ...\" \/>\n<meta property=\"og:url\" content=\"https:\/\/blog.proclima.com\/de\/2012\/09\/pm-orcon-line-herbstneuheit\/\" \/>\n<meta property=\"og:site_name\" content=\"pro clima Blog - Deutschland\" \/>\n<meta property=\"article:publisher\" content=\"https:\/\/www.facebook.com\/proclima\" \/>\n<meta property=\"article:published_time\" content=\"2012-09-27T15:07:59+00:00\" \/>\n<meta property=\"article:modified_time\" content=\"2012-10-01T09:00:16+00:00\" \/>\n<meta property=\"og:image\" content=\"https:\/\/blog.proclima.com\/de\/files\/2012\/09\/p_ol_anschluss_int_ausrollen1.jpg\" \/>\n\t<meta property=\"og:image:width\" content=\"1000\" \/>\n\t<meta property=\"og:image:height\" content=\"667\" \/>\n\t<meta property=\"og:image:type\" content=\"image\/jpeg\" \/>\n<meta name=\"author\" content=\"Heide Merkel\" \/>\n<meta name=\"twitter:card\" content=\"summary_large_image\" \/>\n<meta name=\"twitter:creator\" content=\"@proclimaDE\" \/>\n<meta name=\"twitter:site\" content=\"@proclimaDE\" \/>\n<meta name=\"twitter:label1\" content=\"Verfasst von\" \/>\n\t<meta name=\"twitter:data1\" content=\"Heide Merkel\" \/>\n\t<meta name=\"twitter:label2\" content=\"Gesch\u00e4tzte Lesezeit\" \/>\n\t<meta name=\"twitter:data2\" content=\"2\u00a0Minuten\" \/>\n<script type=\"application\/ld+json\" class=\"yoast-schema-graph\">{\"@context\":\"https:\\\/\\\/schema.org\",\"@graph\":[{\"@type\":\"Article\",\"@id\":\"https:\\\/\\\/blog.proclima.com\\\/de\\\/2012\\\/09\\\/pm-orcon-line-herbstneuheit\\\/#article\",\"isPartOf\":{\"@id\":\"https:\\\/\\\/blog.proclima.com\\\/de\\\/2012\\\/09\\\/pm-orcon-line-herbstneuheit\\\/\"},\"author\":{\"name\":\"Heide Merkel\",\"@id\":\"https:\\\/\\\/blog.proclima.com\\\/de\\\/#\\\/schema\\\/person\\\/b3490e20200d5d45b8d56f555ceffc21\"},\"headline\":\"[Pressemitteilung]: Extreme Haftung, flexibel und dehnbar: der neue Luftdichtungsanschlusskleber von der Rolle \u2013 pro clima ORCON LINE\",\"datePublished\":\"2012-09-27T15:07:59+00:00\",\"dateModified\":\"2012-10-01T09:00:16+00:00\",\"mainEntityOfPage\":{\"@id\":\"https:\\\/\\\/blog.proclima.com\\\/de\\\/2012\\\/09\\\/pm-orcon-line-herbstneuheit\\\/\"},\"wordCount\":392,\"commentCount\":2,\"publisher\":{\"@id\":\"https:\\\/\\\/blog.proclima.com\\\/de\\\/#organization\"},\"image\":{\"@id\":\"https:\\\/\\\/blog.proclima.com\\\/de\\\/2012\\\/09\\\/pm-orcon-line-herbstneuheit\\\/#primaryimage\"},\"thumbnailUrl\":\"https:\\\/\\\/blog.proclima.com\\\/de\\\/files\\\/2012\\\/09\\\/p_ol_anschluss_int_ausrollen1-300x200.jpg\",\"keywords\":[\"Herbstneuheiten\",\"ORCON LINE\"],\"articleSection\":[\"pro clima\"],\"inLanguage\":\"de\",\"potentialAction\":[{\"@type\":\"CommentAction\",\"name\":\"Comment\",\"target\":[\"https:\\\/\\\/blog.proclima.com\\\/de\\\/2012\\\/09\\\/pm-orcon-line-herbstneuheit\\\/#respond\"]}]},{\"@type\":\"WebPage\",\"@id\":\"https:\\\/\\\/blog.proclima.com\\\/de\\\/2012\\\/09\\\/pm-orcon-line-herbstneuheit\\\/\",\"url\":\"https:\\\/\\\/blog.proclima.com\\\/de\\\/2012\\\/09\\\/pm-orcon-line-herbstneuheit\\\/\",\"name\":\"[Pressemitteilung]: Extreme Haftung, flexibel und dehnbar: der neue Luftdichtungsanschlusskleber von der Rolle \u2013 pro clima ORCON LINE &#187; pro clima Blog - Deutschland\",\"isPartOf\":{\"@id\":\"https:\\\/\\\/blog.proclima.com\\\/de\\\/#website\"},\"primaryImageOfPage\":{\"@id\":\"https:\\\/\\\/blog.proclima.com\\\/de\\\/2012\\\/09\\\/pm-orcon-line-herbstneuheit\\\/#primaryimage\"},\"image\":{\"@id\":\"https:\\\/\\\/blog.proclima.com\\\/de\\\/2012\\\/09\\\/pm-orcon-line-herbstneuheit\\\/#primaryimage\"},\"thumbnailUrl\":\"https:\\\/\\\/blog.proclima.com\\\/de\\\/files\\\/2012\\\/09\\\/p_ol_anschluss_int_ausrollen1-300x200.jpg\",\"datePublished\":\"2012-09-27T15:07:59+00:00\",\"dateModified\":\"2012-10-01T09:00:16+00:00\",\"breadcrumb\":{\"@id\":\"https:\\\/\\\/blog.proclima.com\\\/de\\\/2012\\\/09\\\/pm-orcon-line-herbstneuheit\\\/#breadcrumb\"},\"inLanguage\":\"de\",\"potentialAction\":[{\"@type\":\"ReadAction\",\"target\":[\"https:\\\/\\\/blog.proclima.com\\\/de\\\/2012\\\/09\\\/pm-orcon-line-herbstneuheit\\\/\"]}]},{\"@type\":\"ImageObject\",\"inLanguage\":\"de\",\"@id\":\"https:\\\/\\\/blog.proclima.com\\\/de\\\/2012\\\/09\\\/pm-orcon-line-herbstneuheit\\\/#primaryimage\",\"url\":\"https:\\\/\\\/blog.proclima.com\\\/de\\\/files\\\/2012\\\/09\\\/p_ol_anschluss_int_ausrollen1.jpg\",\"contentUrl\":\"https:\\\/\\\/blog.proclima.com\\\/de\\\/files\\\/2012\\\/09\\\/p_ol_anschluss_int_ausrollen1.jpg\",\"width\":1000,\"height\":667},{\"@type\":\"BreadcrumbList\",\"@id\":\"https:\\\/\\\/blog.proclima.com\\\/de\\\/2012\\\/09\\\/pm-orcon-line-herbstneuheit\\\/#breadcrumb\",\"itemListElement\":[{\"@type\":\"ListItem\",\"position\":1,\"name\":\"Startseite\",\"item\":\"https:\\\/\\\/blog.proclima.com\\\/de\\\/\"},{\"@type\":\"ListItem\",\"position\":2,\"name\":\"[Pressemitteilung]: Extreme Haftung, flexibel und dehnbar: der neue Luftdichtungsanschlusskleber von der Rolle \u2013 pro clima ORCON LINE\"}]},{\"@type\":\"WebSite\",\"@id\":\"https:\\\/\\\/blog.proclima.com\\\/de\\\/#website\",\"url\":\"https:\\\/\\\/blog.proclima.com\\\/de\\\/\",\"name\":\"pro clima Blog - Deutschland\",\"description\":\"alles was pro clima bewegt\",\"publisher\":{\"@id\":\"https:\\\/\\\/blog.proclima.com\\\/de\\\/#organization\"},\"potentialAction\":[{\"@type\":\"SearchAction\",\"target\":{\"@type\":\"EntryPoint\",\"urlTemplate\":\"https:\\\/\\\/blog.proclima.com\\\/de\\\/?s={search_term_string}\"},\"query-input\":{\"@type\":\"PropertyValueSpecification\",\"valueRequired\":true,\"valueName\":\"search_term_string\"}}],\"inLanguage\":\"de\"},{\"@type\":\"Organization\",\"@id\":\"https:\\\/\\\/blog.proclima.com\\\/de\\\/#organization\",\"name\":\"pro clima - Moll bau\u00f6kologische Produkte GmbH\",\"url\":\"https:\\\/\\\/blog.proclima.com\\\/de\\\/\",\"logo\":{\"@type\":\"ImageObject\",\"inLanguage\":\"de\",\"@id\":\"https:\\\/\\\/blog.proclima.com\\\/de\\\/#\\\/schema\\\/logo\\\/image\\\/\",\"url\":\"https:\\\/\\\/blog.proclima.com\\\/de\\\/files\\\/2020\\\/04\\\/Logo-pro-clima.png\",\"contentUrl\":\"https:\\\/\\\/blog.proclima.com\\\/de\\\/files\\\/2020\\\/04\\\/Logo-pro-clima.png\",\"width\":4210,\"height\":4881,\"caption\":\"pro clima - Moll bau\u00f6kologische Produkte GmbH\"},\"image\":{\"@id\":\"https:\\\/\\\/blog.proclima.com\\\/de\\\/#\\\/schema\\\/logo\\\/image\\\/\"},\"sameAs\":[\"https:\\\/\\\/www.facebook.com\\\/proclima\",\"https:\\\/\\\/x.com\\\/proclimaDE\"]},{\"@type\":\"Person\",\"@id\":\"https:\\\/\\\/blog.proclima.com\\\/de\\\/#\\\/schema\\\/person\\\/b3490e20200d5d45b8d56f555ceffc21\",\"name\":\"Heide Merkel\",\"description\":\"Fachjournalistin, Referentin, Steuerung Presse &amp; Digitale Medien bei Moll bau\u00f6kologische Produkte GmbH (pro clima). Als Japanologin und ausgebildete Redakteurin ist Heide eher zuf\u00e4llig in der Baubranche gelandet. Seit 2011 arbeitet sie f\u00fcr pro clima. Ihr Wissen zu effektiver Kommunikation gibt sie in Seminaren, Artikeln und Vortr\u00e4gen weiter. F\u00fcr den pro clima Blog, proclima.tv und das pro clima Bauradio interviewt sie interessante Menschen aus der Baubranche. Auf\u00a0 luftdichtheit-gepr\u00fcft.de bloggt Heide \u00fcber Leckagen, Luftdichtung und Qualit\u00e4ts\u00fcberpr\u00fcfung mit Blower-Door-Tests. Ihre Freizeit verbringt sie u.a. in den Vogesen, wo sie seit mehr als f\u00fcnf Jahren ein altes Bauernhaus saniert. Ihr neuestes Projekt:\u00a0 www.besser-als-marketing.de Hier gibt es Tipps, wie Unternehmen in der Baubranche ihre Sichtbarkeit erh\u00f6hen k\u00f6nnen. Die ersten Videos sind bereits online im Youtube Channel Wer mehr \u00fcber Heide Merkel erfahren m\u00f6chte, findet sie auf den g\u00e4ngigen Social Media Plattformen.\",\"url\":\"https:\\\/\\\/blog.proclima.com\\\/de\\\/author\\\/gentner\\\/\"}]}<\/script>\n<!-- \/ Yoast SEO plugin. -->","yoast_head_json":{"title":"[Pressemitteilung]: Extreme Haftung, flexibel und dehnbar: der neue Luftdichtungsanschlusskleber von der Rolle \u2013 pro clima ORCON LINE &#187; pro clima Blog - Deutschland","robots":{"index":"index","follow":"follow","max-snippet":"max-snippet:-1","max-image-preview":"max-image-preview:large","max-video-preview":"max-video-preview:-1"},"canonical":"https:\/\/blog.proclima.com\/de\/2012\/09\/pm-orcon-line-herbstneuheit\/","og_locale":"de_DE","og_type":"article","og_title":"[Pressemitteilung]: Extreme Haftung, flexibel und dehnbar: der neue Luftdichtungsanschlusskleber von der Rolle \u2013 pro clima ORCON LINE &#187; pro clima Blog - Deutschland","og_description":"Nach dem Auftragen sofort extreme Haftung auf rauen Oberfl\u00e4chen, dehnbar und sauber: Der neue pro clima Luftdichtungsanschlusskleber ORCON LINE vereint die Vorteile eines Klebebandes mit ...","og_url":"https:\/\/blog.proclima.com\/de\/2012\/09\/pm-orcon-line-herbstneuheit\/","og_site_name":"pro clima Blog - Deutschland","article_publisher":"https:\/\/www.facebook.com\/proclima","article_published_time":"2012-09-27T15:07:59+00:00","article_modified_time":"2012-10-01T09:00:16+00:00","og_image":[{"width":1000,"height":667,"url":"https:\/\/blog.proclima.com\/de\/files\/2012\/09\/p_ol_anschluss_int_ausrollen1.jpg","type":"image\/jpeg"}],"author":"Heide Merkel","twitter_card":"summary_large_image","twitter_creator":"@proclimaDE","twitter_site":"@proclimaDE","twitter_misc":{"Verfasst von":"Heide Merkel","Gesch\u00e4tzte Lesezeit":"2\u00a0Minuten"},"schema":{"@context":"https:\/\/schema.org","@graph":[{"@type":"Article","@id":"https:\/\/blog.proclima.com\/de\/2012\/09\/pm-orcon-line-herbstneuheit\/#article","isPartOf":{"@id":"https:\/\/blog.proclima.com\/de\/2012\/09\/pm-orcon-line-herbstneuheit\/"},"author":{"name":"Heide Merkel","@id":"https:\/\/blog.proclima.com\/de\/#\/schema\/person\/b3490e20200d5d45b8d56f555ceffc21"},"headline":"[Pressemitteilung]: Extreme Haftung, flexibel und dehnbar: der neue Luftdichtungsanschlusskleber von der Rolle \u2013 pro clima ORCON LINE","datePublished":"2012-09-27T15:07:59+00:00","dateModified":"2012-10-01T09:00:16+00:00","mainEntityOfPage":{"@id":"https:\/\/blog.proclima.com\/de\/2012\/09\/pm-orcon-line-herbstneuheit\/"},"wordCount":392,"commentCount":2,"publisher":{"@id":"https:\/\/blog.proclima.com\/de\/#organization"},"image":{"@id":"https:\/\/blog.proclima.com\/de\/2012\/09\/pm-orcon-line-herbstneuheit\/#primaryimage"},"thumbnailUrl":"https:\/\/blog.proclima.com\/de\/files\/2012\/09\/p_ol_anschluss_int_ausrollen1-300x200.jpg","keywords":["Herbstneuheiten","ORCON LINE"],"articleSection":["pro clima"],"inLanguage":"de","potentialAction":[{"@type":"CommentAction","name":"Comment","target":["https:\/\/blog.proclima.com\/de\/2012\/09\/pm-orcon-line-herbstneuheit\/#respond"]}]},{"@type":"WebPage","@id":"https:\/\/blog.proclima.com\/de\/2012\/09\/pm-orcon-line-herbstneuheit\/","url":"https:\/\/blog.proclima.com\/de\/2012\/09\/pm-orcon-line-herbstneuheit\/","name":"[Pressemitteilung]: Extreme Haftung, flexibel und dehnbar: der neue Luftdichtungsanschlusskleber von der Rolle \u2013 pro clima ORCON LINE &#187; pro clima Blog - Deutschland","isPartOf":{"@id":"https:\/\/blog.proclima.com\/de\/#website"},"primaryImageOfPage":{"@id":"https:\/\/blog.proclima.com\/de\/2012\/09\/pm-orcon-line-herbstneuheit\/#primaryimage"},"image":{"@id":"https:\/\/blog.proclima.com\/de\/2012\/09\/pm-orcon-line-herbstneuheit\/#primaryimage"},"thumbnailUrl":"https:\/\/blog.proclima.com\/de\/files\/2012\/09\/p_ol_anschluss_int_ausrollen1-300x200.jpg","datePublished":"2012-09-27T15:07:59+00:00","dateModified":"2012-10-01T09:00:16+00:00","breadcrumb":{"@id":"https:\/\/blog.proclima.com\/de\/2012\/09\/pm-orcon-line-herbstneuheit\/#breadcrumb"},"inLanguage":"de","potentialAction":[{"@type":"ReadAction","target":["https:\/\/blog.proclima.com\/de\/2012\/09\/pm-orcon-line-herbstneuheit\/"]}]},{"@type":"ImageObject","inLanguage":"de","@id":"https:\/\/blog.proclima.com\/de\/2012\/09\/pm-orcon-line-herbstneuheit\/#primaryimage","url":"https:\/\/blog.proclima.com\/de\/files\/2012\/09\/p_ol_anschluss_int_ausrollen1.jpg","contentUrl":"https:\/\/blog.proclima.com\/de\/files\/2012\/09\/p_ol_anschluss_int_ausrollen1.jpg","width":1000,"height":667},{"@type":"BreadcrumbList","@id":"https:\/\/blog.proclima.com\/de\/2012\/09\/pm-orcon-line-herbstneuheit\/#breadcrumb","itemListElement":[{"@type":"ListItem","position":1,"name":"Startseite","item":"https:\/\/blog.proclima.com\/de\/"},{"@type":"ListItem","position":2,"name":"[Pressemitteilung]: Extreme Haftung, flexibel und dehnbar: der neue Luftdichtungsanschlusskleber von der Rolle \u2013 pro clima ORCON LINE"}]},{"@type":"WebSite","@id":"https:\/\/blog.proclima.com\/de\/#website","url":"https:\/\/blog.proclima.com\/de\/","name":"pro clima Blog - Deutschland","description":"alles was pro clima bewegt","publisher":{"@id":"https:\/\/blog.proclima.com\/de\/#organization"},"potentialAction":[{"@type":"SearchAction","target":{"@type":"EntryPoint","urlTemplate":"https:\/\/blog.proclima.com\/de\/?s={search_term_string}"},"query-input":{"@type":"PropertyValueSpecification","valueRequired":true,"valueName":"search_term_string"}}],"inLanguage":"de"},{"@type":"Organization","@id":"https:\/\/blog.proclima.com\/de\/#organization","name":"pro clima - Moll bau\u00f6kologische Produkte GmbH","url":"https:\/\/blog.proclima.com\/de\/","logo":{"@type":"ImageObject","inLanguage":"de","@id":"https:\/\/blog.proclima.com\/de\/#\/schema\/logo\/image\/","url":"https:\/\/blog.proclima.com\/de\/files\/2020\/04\/Logo-pro-clima.png","contentUrl":"https:\/\/blog.proclima.com\/de\/files\/2020\/04\/Logo-pro-clima.png","width":4210,"height":4881,"caption":"pro clima - Moll bau\u00f6kologische Produkte GmbH"},"image":{"@id":"https:\/\/blog.proclima.com\/de\/#\/schema\/logo\/image\/"},"sameAs":["https:\/\/www.facebook.com\/proclima","https:\/\/x.com\/proclimaDE"]},{"@type":"Person","@id":"https:\/\/blog.proclima.com\/de\/#\/schema\/person\/b3490e20200d5d45b8d56f555ceffc21","name":"Heide Merkel","description":"Fachjournalistin, Referentin, Steuerung Presse &amp; Digitale Medien bei Moll bau\u00f6kologische Produkte GmbH (pro clima). Als Japanologin und ausgebildete Redakteurin ist Heide eher zuf\u00e4llig in der Baubranche gelandet. Seit 2011 arbeitet sie f\u00fcr pro clima. Ihr Wissen zu effektiver Kommunikation gibt sie in Seminaren, Artikeln und Vortr\u00e4gen weiter. F\u00fcr den pro clima Blog, proclima.tv und das pro clima Bauradio interviewt sie interessante Menschen aus der Baubranche. Auf\u00a0 luftdichtheit-gepr\u00fcft.de bloggt Heide \u00fcber Leckagen, Luftdichtung und Qualit\u00e4ts\u00fcberpr\u00fcfung mit Blower-Door-Tests. Ihre Freizeit verbringt sie u.a. in den Vogesen, wo sie seit mehr als f\u00fcnf Jahren ein altes Bauernhaus saniert. Ihr neuestes Projekt:\u00a0 www.besser-als-marketing.de Hier gibt es Tipps, wie Unternehmen in der Baubranche ihre Sichtbarkeit erh\u00f6hen k\u00f6nnen. Die ersten Videos sind bereits online im Youtube Channel Wer mehr \u00fcber Heide Merkel erfahren m\u00f6chte, findet sie auf den g\u00e4ngigen Social Media Plattformen.","url":"https:\/\/blog.proclima.com\/de\/author\/gentner\/"}]}},"canto_acf_fields":"","_links":{"self":[{"href":"https:\/\/blog.proclima.com\/de\/wp-json\/wp\/v2\/posts\/2332","targetHints":{"allow":["GET"]}}],"collection":[{"href":"https:\/\/blog.proclima.com\/de\/wp-json\/wp\/v2\/posts"}],"about":[{"href":"https:\/\/blog.proclima.com\/de\/wp-json\/wp\/v2\/types\/post"}],"author":[{"embeddable":true,"href":"https:\/\/blog.proclima.com\/de\/wp-json\/wp\/v2\/users\/18"}],"replies":[{"embeddable":true,"href":"https:\/\/blog.proclima.com\/de\/wp-json\/wp\/v2\/comments?post=2332"}],"version-history":[{"count":5,"href":"https:\/\/blog.proclima.com\/de\/wp-json\/wp\/v2\/posts\/2332\/revisions"}],"predecessor-version":[{"id":2486,"href":"https:\/\/blog.proclima.com\/de\/wp-json\/wp\/v2\/posts\/2332\/revisions\/2486"}],"wp:attachment":[{"href":"https:\/\/blog.proclima.com\/de\/wp-json\/wp\/v2\/media?parent=2332"}],"wp:term":[{"taxonomy":"category","embeddable":true,"href":"https:\/\/blog.proclima.com\/de\/wp-json\/wp\/v2\/categories?post=2332"},{"taxonomy":"post_tag","embeddable":true,"href":"https:\/\/blog.proclima.com\/de\/wp-json\/wp\/v2\/tags?post=2332"}],"curies":[{"name":"wp","href":"https:\/\/api.w.org\/{rel}","templated":true}]}}