
{"id":2321,"date":"2012-09-27T16:03:07","date_gmt":"2012-09-27T14:03:07","guid":{"rendered":"http:\/\/blog.proclima.com\/de\/?p=2321"},"modified":"2012-09-27T16:03:07","modified_gmt":"2012-09-27T14:03:07","slug":"clox-feedback-verarbeiter","status":"publish","type":"post","link":"https:\/\/blog.proclima.com\/de\/2012\/09\/clox-feedback-verarbeiter\/","title":{"rendered":"Feedback eines Flockers zur Herbstneuheit CLOX \u201eDamit spare ich Zeit und Material\u201c"},"content":{"rendered":"<p><a href=\"https:\/\/blog.proclima.com\/de\/files\/2012\/09\/CLOX_Verarbeitung_02.jpg\"><img loading=\"lazy\" decoding=\"async\" data-size=\"1772x1181\" class=\"alignleft size-medium wp-image-2225\" src=\"https:\/\/blog.proclima.com\/de\/files\/2012\/09\/CLOX_Verarbeitung_02-300x199.jpg\" alt=\"\" width=\"300\" height=\"199\" \/><\/a>Neu im pro clima Sortiment ist CLOX, der praktische Verschlussstopfen f\u00fcr Einblasl\u00f6cher in Holzweichfaserplatten. Mit wenigen Handgriffen k\u00f6nnen Verarbeiter mit dem CLOX L\u00f6cher dauerhaft dicht verschlie\u00dfen. Bei jeder zweiten energetischen Dachsanierung flockt Hartmut Pfleger, d.h. er bl\u00e4st den flockenf\u00f6rmigen Zellulosed\u00e4mmstoff von au\u00dfen hinter Holzweichfaserplatten. Bei seinen vergangenen Auftr\u00e4gen hat er den pro clima CLOX exklusiv getestet und erz\u00e4hlt von seinen Erfahrungen:<\/p>\n<p>\u201eIch flocke seit mehr als zw\u00f6lf Jahren und das ist die beste L\u00f6sung, die mir je \u00fcber den Weg gelaufen ist. Bisher hatte ich nach dem Flocken das herausgebohrte St\u00fcck aus Holzweichfaserplatte wieder eingesetzt. Dazu musste ich das Teilst\u00fcck aber erst vorprimern, dann mit einem Klebeband abkleben.<!--more--> Jetzt nehme ich einfach den CLOX und setzte ihn in das Einblasloch. Die anderen Arbeitsschritte fallen komplett weg. Ich spare nicht nur Material, sondern vor allem Arbeitszeit, die ja noch kostbarer ist. Bei einer Sanierung eines Einfamilienhauses muss man etwa 100 L\u00f6cher bohren, um die D\u00e4mmung einzublasen. Diese dann wieder zuzumachen war bisher recht aufwendig.<\/p>\n<p>Praktisch ist auch, dass man durch die verschiedenen gro\u00dfen Rillen an der Seite den CLOX ohne gro\u00dfen Druck in das Loch bekommt. Er verkantet sich dann und sch\u00fctzt die D\u00e4mmung vor N\u00e4sse und Wind. Weil das Material des Verschlussstopfens auch aus Holzweichfaser besteht, wirkt die geschlossene Fassade professionell. Zudem kann er \u00fcberputzt werden.\u201c<\/p>\n<p><em>Hartmut Pfleger ist gelernter Schreinermeister und arbeitet in Weinheim bei einem <a href=\"http:\/\/www.tgiso.de\" target=\"_blank\">Fachbetrieb f\u00fcr angewandte Bauphysik<\/a>. Eine seiner Hauptaufgaben sind energetische Dachsanierungen.<\/em><\/p>\n<p><strong>Zusammengefasst:<\/strong><\/p>\n<ul>\n<li>CLOX \u2013 Verschlussstopfen f\u00fcr Einblasl\u00f6cher in Holzweichfaserplatten mit Dicken gr\u00f6\u00dfer als 60 mm. F\u00fcr Bohrl\u00f6cher mit einem Durchmesser von 106,5 Milimetern.<\/li>\n<li>Besonderheit: Verschlie\u00dfen von Einblasl\u00f6chern in Holzweichfaserplatten ohne zus\u00e4tzliches Material oder Werkzeug. Aus einer Putztr\u00e4gerplatte gefertigt.<\/li>\n<li>Produktgruppe: Zubeh\u00f6r<\/li>\n<li>Durchmesser: 106,5 mm<\/li>\n<\/ul>\n<p>In einem <a href=\"https:\/\/www.youtube.com\/watch?v=4di1cSadeLk\">Kurzclip <\/a>zeigt Jens-L\u00fcder Herms aus der pro clima Forschungs- und Entwicklungsabteilung, wie der CLOX aussieht und funktioniert:<br \/>\n[youtube 4di1cSadeLk]<\/p>\n<p><em>Technische Daten zur CLOX sind auf der pro clima Homepage gelistet: <\/em><br \/>\n<em><a href=\"http:\/\/de.proclima.com\/produkte\/zubehoer\/clox\">http:\/\/de.proclima.com\/produkte\/zubehoer\/clox<\/a><\/em><\/p>\n<p><em>Fotos zum Download finden Sie im \u201eHerbstneuheiten 2012\u201c-Ordner auf pro clima flickr:<\/em><br \/>\n<em><a href=\"http:\/\/www.flickr.com\/photos\/proclima\/sets\/72157631627620472\/\">http:\/\/www.flickr.com\/photos\/proclima\/sets\/72157631627620472\/<\/a><\/em><\/p>\n<p><em>Die deutschsprachige Herbstneuheiten-Brosch\u00fcre kann ab sofort angefordert werden: per Kontaktformular <a href=\"http:\/\/de.proclima.com\/service\/info-service\">http:\/\/de.proclima.com\/service\/info-service<\/a>, E-Mail <a href=\"mailto:info@proclima.de\">info@proclima.de <\/a>und Telefon 0 62 02 -27 82.0 <\/em><\/p>\n<p><em>Fragen zum Einsatzgebiet des CLOX und Anwendungstipps geben die Ingenieure der Technik-Hotline: Tel. +49 62 02 &#8211; 27 82.45, E-Mail: <a href=\"mailto:technik@proclima.de\">technik@proclima.de<\/a>\u00a0 <\/em><\/p>\n","protected":false},"excerpt":{"rendered":"<p>Neu im pro clima Sortiment ist CLOX, der praktische Verschlussstopfen f\u00fcr Einblasl\u00f6cher in Holzweichfaserplatten. Mit wenigen Handgriffen k\u00f6nnen Verarbeiter mit dem CLOX L\u00f6cher dauerhaft dicht <a href=\"https:\/\/blog.proclima.com\/de\/2012\/09\/clox-feedback-verarbeiter\/\" rel=\"bookmark\">&#8230;<\/a><\/p>\n","protected":false},"author":18,"featured_media":0,"comment_status":"open","ping_status":"open","sticky":false,"template":"","format":"standard","meta":{"footnotes":""},"categories":[1],"tags":[389,392,410],"class_list":["post-2321","post","type-post","status-publish","format-standard","hentry","category-proclima","tag-clox","tag-herbstneuheiten","tag-verarbeiter"],"yoast_head":"<!-- This site is optimized with the Yoast SEO plugin v27.5 - https:\/\/yoast.com\/product\/yoast-seo-wordpress\/ -->\n<title>Feedback eines Flockers zur Herbstneuheit CLOX \u201eDamit spare ich Zeit und Material\u201c  &#187; pro clima Blog - Deutschland<\/title>\n<meta name=\"robots\" content=\"index, follow, max-snippet:-1, max-image-preview:large, max-video-preview:-1\" \/>\n<link rel=\"canonical\" href=\"https:\/\/blog.proclima.com\/de\/2012\/09\/clox-feedback-verarbeiter\/\" \/>\n<meta property=\"og:locale\" content=\"de_DE\" \/>\n<meta property=\"og:type\" content=\"article\" \/>\n<meta property=\"og:title\" content=\"Feedback eines Flockers zur Herbstneuheit CLOX \u201eDamit spare ich Zeit und Material\u201c  &#187; pro clima Blog - Deutschland\" \/>\n<meta property=\"og:description\" content=\"Neu im pro clima Sortiment ist CLOX, der praktische Verschlussstopfen f\u00fcr Einblasl\u00f6cher in Holzweichfaserplatten. Mit wenigen Handgriffen k\u00f6nnen Verarbeiter mit dem CLOX L\u00f6cher dauerhaft dicht ...\" \/>\n<meta property=\"og:url\" content=\"https:\/\/blog.proclima.com\/de\/2012\/09\/clox-feedback-verarbeiter\/\" \/>\n<meta property=\"og:site_name\" content=\"pro clima Blog - Deutschland\" \/>\n<meta property=\"article:publisher\" content=\"https:\/\/www.facebook.com\/proclima\" \/>\n<meta property=\"article:published_time\" content=\"2012-09-27T14:03:07+00:00\" \/>\n<meta property=\"og:image\" content=\"https:\/\/blog.proclima.com\/de\/files\/2012\/09\/CLOX_Verarbeitung_02.jpg\" \/>\n\t<meta property=\"og:image:width\" content=\"1772\" \/>\n\t<meta property=\"og:image:height\" content=\"1181\" \/>\n\t<meta property=\"og:image:type\" content=\"image\/jpeg\" \/>\n<meta name=\"author\" content=\"Heide Merkel\" \/>\n<meta name=\"twitter:card\" content=\"summary_large_image\" \/>\n<meta name=\"twitter:creator\" content=\"@proclimaDE\" \/>\n<meta name=\"twitter:site\" content=\"@proclimaDE\" \/>\n<meta name=\"twitter:label1\" content=\"Verfasst von\" \/>\n\t<meta name=\"twitter:data1\" content=\"Heide Merkel\" \/>\n\t<meta name=\"twitter:label2\" content=\"Gesch\u00e4tzte Lesezeit\" \/>\n\t<meta name=\"twitter:data2\" content=\"2\u00a0Minuten\" \/>\n<script type=\"application\/ld+json\" class=\"yoast-schema-graph\">{\"@context\":\"https:\\\/\\\/schema.org\",\"@graph\":[{\"@type\":\"Article\",\"@id\":\"https:\\\/\\\/blog.proclima.com\\\/de\\\/2012\\\/09\\\/clox-feedback-verarbeiter\\\/#article\",\"isPartOf\":{\"@id\":\"https:\\\/\\\/blog.proclima.com\\\/de\\\/2012\\\/09\\\/clox-feedback-verarbeiter\\\/\"},\"author\":{\"name\":\"Heide Merkel\",\"@id\":\"https:\\\/\\\/blog.proclima.com\\\/de\\\/#\\\/schema\\\/person\\\/b3490e20200d5d45b8d56f555ceffc21\"},\"headline\":\"Feedback eines Flockers zur Herbstneuheit CLOX \u201eDamit spare ich Zeit und Material\u201c\",\"datePublished\":\"2012-09-27T14:03:07+00:00\",\"mainEntityOfPage\":{\"@id\":\"https:\\\/\\\/blog.proclima.com\\\/de\\\/2012\\\/09\\\/clox-feedback-verarbeiter\\\/\"},\"wordCount\":422,\"commentCount\":2,\"publisher\":{\"@id\":\"https:\\\/\\\/blog.proclima.com\\\/de\\\/#organization\"},\"image\":{\"@id\":\"https:\\\/\\\/blog.proclima.com\\\/de\\\/2012\\\/09\\\/clox-feedback-verarbeiter\\\/#primaryimage\"},\"thumbnailUrl\":\"https:\\\/\\\/blog.proclima.com\\\/de\\\/files\\\/2012\\\/09\\\/CLOX_Verarbeitung_02-300x199.jpg\",\"keywords\":[\"CLOX\",\"Herbstneuheiten\",\"Verarbeiter\"],\"articleSection\":[\"pro clima\"],\"inLanguage\":\"de\",\"potentialAction\":[{\"@type\":\"CommentAction\",\"name\":\"Comment\",\"target\":[\"https:\\\/\\\/blog.proclima.com\\\/de\\\/2012\\\/09\\\/clox-feedback-verarbeiter\\\/#respond\"]}]},{\"@type\":\"WebPage\",\"@id\":\"https:\\\/\\\/blog.proclima.com\\\/de\\\/2012\\\/09\\\/clox-feedback-verarbeiter\\\/\",\"url\":\"https:\\\/\\\/blog.proclima.com\\\/de\\\/2012\\\/09\\\/clox-feedback-verarbeiter\\\/\",\"name\":\"Feedback eines Flockers zur Herbstneuheit CLOX \u201eDamit spare ich Zeit und Material\u201c &#187; pro clima Blog - Deutschland\",\"isPartOf\":{\"@id\":\"https:\\\/\\\/blog.proclima.com\\\/de\\\/#website\"},\"primaryImageOfPage\":{\"@id\":\"https:\\\/\\\/blog.proclima.com\\\/de\\\/2012\\\/09\\\/clox-feedback-verarbeiter\\\/#primaryimage\"},\"image\":{\"@id\":\"https:\\\/\\\/blog.proclima.com\\\/de\\\/2012\\\/09\\\/clox-feedback-verarbeiter\\\/#primaryimage\"},\"thumbnailUrl\":\"https:\\\/\\\/blog.proclima.com\\\/de\\\/files\\\/2012\\\/09\\\/CLOX_Verarbeitung_02-300x199.jpg\",\"datePublished\":\"2012-09-27T14:03:07+00:00\",\"breadcrumb\":{\"@id\":\"https:\\\/\\\/blog.proclima.com\\\/de\\\/2012\\\/09\\\/clox-feedback-verarbeiter\\\/#breadcrumb\"},\"inLanguage\":\"de\",\"potentialAction\":[{\"@type\":\"ReadAction\",\"target\":[\"https:\\\/\\\/blog.proclima.com\\\/de\\\/2012\\\/09\\\/clox-feedback-verarbeiter\\\/\"]}]},{\"@type\":\"ImageObject\",\"inLanguage\":\"de\",\"@id\":\"https:\\\/\\\/blog.proclima.com\\\/de\\\/2012\\\/09\\\/clox-feedback-verarbeiter\\\/#primaryimage\",\"url\":\"https:\\\/\\\/blog.proclima.com\\\/de\\\/files\\\/2012\\\/09\\\/CLOX_Verarbeitung_02.jpg\",\"contentUrl\":\"https:\\\/\\\/blog.proclima.com\\\/de\\\/files\\\/2012\\\/09\\\/CLOX_Verarbeitung_02.jpg\",\"width\":1772,\"height\":1181},{\"@type\":\"BreadcrumbList\",\"@id\":\"https:\\\/\\\/blog.proclima.com\\\/de\\\/2012\\\/09\\\/clox-feedback-verarbeiter\\\/#breadcrumb\",\"itemListElement\":[{\"@type\":\"ListItem\",\"position\":1,\"name\":\"Startseite\",\"item\":\"https:\\\/\\\/blog.proclima.com\\\/de\\\/\"},{\"@type\":\"ListItem\",\"position\":2,\"name\":\"Feedback eines Flockers zur Herbstneuheit CLOX \u201eDamit spare ich Zeit und Material\u201c\"}]},{\"@type\":\"WebSite\",\"@id\":\"https:\\\/\\\/blog.proclima.com\\\/de\\\/#website\",\"url\":\"https:\\\/\\\/blog.proclima.com\\\/de\\\/\",\"name\":\"pro clima Blog - Deutschland\",\"description\":\"alles was pro clima bewegt\",\"publisher\":{\"@id\":\"https:\\\/\\\/blog.proclima.com\\\/de\\\/#organization\"},\"potentialAction\":[{\"@type\":\"SearchAction\",\"target\":{\"@type\":\"EntryPoint\",\"urlTemplate\":\"https:\\\/\\\/blog.proclima.com\\\/de\\\/?s={search_term_string}\"},\"query-input\":{\"@type\":\"PropertyValueSpecification\",\"valueRequired\":true,\"valueName\":\"search_term_string\"}}],\"inLanguage\":\"de\"},{\"@type\":\"Organization\",\"@id\":\"https:\\\/\\\/blog.proclima.com\\\/de\\\/#organization\",\"name\":\"pro clima - Moll bau\u00f6kologische Produkte GmbH\",\"url\":\"https:\\\/\\\/blog.proclima.com\\\/de\\\/\",\"logo\":{\"@type\":\"ImageObject\",\"inLanguage\":\"de\",\"@id\":\"https:\\\/\\\/blog.proclima.com\\\/de\\\/#\\\/schema\\\/logo\\\/image\\\/\",\"url\":\"https:\\\/\\\/blog.proclima.com\\\/de\\\/files\\\/2020\\\/04\\\/Logo-pro-clima.png\",\"contentUrl\":\"https:\\\/\\\/blog.proclima.com\\\/de\\\/files\\\/2020\\\/04\\\/Logo-pro-clima.png\",\"width\":4210,\"height\":4881,\"caption\":\"pro clima - Moll bau\u00f6kologische Produkte GmbH\"},\"image\":{\"@id\":\"https:\\\/\\\/blog.proclima.com\\\/de\\\/#\\\/schema\\\/logo\\\/image\\\/\"},\"sameAs\":[\"https:\\\/\\\/www.facebook.com\\\/proclima\",\"https:\\\/\\\/x.com\\\/proclimaDE\"]},{\"@type\":\"Person\",\"@id\":\"https:\\\/\\\/blog.proclima.com\\\/de\\\/#\\\/schema\\\/person\\\/b3490e20200d5d45b8d56f555ceffc21\",\"name\":\"Heide Merkel\",\"description\":\"Fachjournalistin, Referentin, Steuerung Presse &amp; Digitale Medien bei Moll bau\u00f6kologische Produkte GmbH (pro clima). Als Japanologin und ausgebildete Redakteurin ist Heide eher zuf\u00e4llig in der Baubranche gelandet. Seit 2011 arbeitet sie f\u00fcr pro clima. Ihr Wissen zu effektiver Kommunikation gibt sie in Seminaren, Artikeln und Vortr\u00e4gen weiter. F\u00fcr den pro clima Blog, proclima.tv und das pro clima Bauradio interviewt sie interessante Menschen aus der Baubranche. Auf\u00a0 luftdichtheit-gepr\u00fcft.de bloggt Heide \u00fcber Leckagen, Luftdichtung und Qualit\u00e4ts\u00fcberpr\u00fcfung mit Blower-Door-Tests. Ihre Freizeit verbringt sie u.a. in den Vogesen, wo sie seit mehr als f\u00fcnf Jahren ein altes Bauernhaus saniert. Ihr neuestes Projekt:\u00a0 www.besser-als-marketing.de Hier gibt es Tipps, wie Unternehmen in der Baubranche ihre Sichtbarkeit erh\u00f6hen k\u00f6nnen. Die ersten Videos sind bereits online im Youtube Channel Wer mehr \u00fcber Heide Merkel erfahren m\u00f6chte, findet sie auf den g\u00e4ngigen Social Media Plattformen.\",\"url\":\"https:\\\/\\\/blog.proclima.com\\\/de\\\/author\\\/gentner\\\/\"}]}<\/script>\n<!-- \/ Yoast SEO plugin. -->","yoast_head_json":{"title":"Feedback eines Flockers zur Herbstneuheit CLOX \u201eDamit spare ich Zeit und Material\u201c  &#187; pro clima Blog - Deutschland","robots":{"index":"index","follow":"follow","max-snippet":"max-snippet:-1","max-image-preview":"max-image-preview:large","max-video-preview":"max-video-preview:-1"},"canonical":"https:\/\/blog.proclima.com\/de\/2012\/09\/clox-feedback-verarbeiter\/","og_locale":"de_DE","og_type":"article","og_title":"Feedback eines Flockers zur Herbstneuheit CLOX \u201eDamit spare ich Zeit und Material\u201c  &#187; pro clima Blog - Deutschland","og_description":"Neu im pro clima Sortiment ist CLOX, der praktische Verschlussstopfen f\u00fcr Einblasl\u00f6cher in Holzweichfaserplatten. Mit wenigen Handgriffen k\u00f6nnen Verarbeiter mit dem CLOX L\u00f6cher dauerhaft dicht ...","og_url":"https:\/\/blog.proclima.com\/de\/2012\/09\/clox-feedback-verarbeiter\/","og_site_name":"pro clima Blog - Deutschland","article_publisher":"https:\/\/www.facebook.com\/proclima","article_published_time":"2012-09-27T14:03:07+00:00","og_image":[{"width":1772,"height":1181,"url":"https:\/\/blog.proclima.com\/de\/files\/2012\/09\/CLOX_Verarbeitung_02.jpg","type":"image\/jpeg"}],"author":"Heide Merkel","twitter_card":"summary_large_image","twitter_creator":"@proclimaDE","twitter_site":"@proclimaDE","twitter_misc":{"Verfasst von":"Heide Merkel","Gesch\u00e4tzte Lesezeit":"2\u00a0Minuten"},"schema":{"@context":"https:\/\/schema.org","@graph":[{"@type":"Article","@id":"https:\/\/blog.proclima.com\/de\/2012\/09\/clox-feedback-verarbeiter\/#article","isPartOf":{"@id":"https:\/\/blog.proclima.com\/de\/2012\/09\/clox-feedback-verarbeiter\/"},"author":{"name":"Heide Merkel","@id":"https:\/\/blog.proclima.com\/de\/#\/schema\/person\/b3490e20200d5d45b8d56f555ceffc21"},"headline":"Feedback eines Flockers zur Herbstneuheit CLOX \u201eDamit spare ich Zeit und Material\u201c","datePublished":"2012-09-27T14:03:07+00:00","mainEntityOfPage":{"@id":"https:\/\/blog.proclima.com\/de\/2012\/09\/clox-feedback-verarbeiter\/"},"wordCount":422,"commentCount":2,"publisher":{"@id":"https:\/\/blog.proclima.com\/de\/#organization"},"image":{"@id":"https:\/\/blog.proclima.com\/de\/2012\/09\/clox-feedback-verarbeiter\/#primaryimage"},"thumbnailUrl":"https:\/\/blog.proclima.com\/de\/files\/2012\/09\/CLOX_Verarbeitung_02-300x199.jpg","keywords":["CLOX","Herbstneuheiten","Verarbeiter"],"articleSection":["pro clima"],"inLanguage":"de","potentialAction":[{"@type":"CommentAction","name":"Comment","target":["https:\/\/blog.proclima.com\/de\/2012\/09\/clox-feedback-verarbeiter\/#respond"]}]},{"@type":"WebPage","@id":"https:\/\/blog.proclima.com\/de\/2012\/09\/clox-feedback-verarbeiter\/","url":"https:\/\/blog.proclima.com\/de\/2012\/09\/clox-feedback-verarbeiter\/","name":"Feedback eines Flockers zur Herbstneuheit CLOX \u201eDamit spare ich Zeit und Material\u201c &#187; pro clima Blog - Deutschland","isPartOf":{"@id":"https:\/\/blog.proclima.com\/de\/#website"},"primaryImageOfPage":{"@id":"https:\/\/blog.proclima.com\/de\/2012\/09\/clox-feedback-verarbeiter\/#primaryimage"},"image":{"@id":"https:\/\/blog.proclima.com\/de\/2012\/09\/clox-feedback-verarbeiter\/#primaryimage"},"thumbnailUrl":"https:\/\/blog.proclima.com\/de\/files\/2012\/09\/CLOX_Verarbeitung_02-300x199.jpg","datePublished":"2012-09-27T14:03:07+00:00","breadcrumb":{"@id":"https:\/\/blog.proclima.com\/de\/2012\/09\/clox-feedback-verarbeiter\/#breadcrumb"},"inLanguage":"de","potentialAction":[{"@type":"ReadAction","target":["https:\/\/blog.proclima.com\/de\/2012\/09\/clox-feedback-verarbeiter\/"]}]},{"@type":"ImageObject","inLanguage":"de","@id":"https:\/\/blog.proclima.com\/de\/2012\/09\/clox-feedback-verarbeiter\/#primaryimage","url":"https:\/\/blog.proclima.com\/de\/files\/2012\/09\/CLOX_Verarbeitung_02.jpg","contentUrl":"https:\/\/blog.proclima.com\/de\/files\/2012\/09\/CLOX_Verarbeitung_02.jpg","width":1772,"height":1181},{"@type":"BreadcrumbList","@id":"https:\/\/blog.proclima.com\/de\/2012\/09\/clox-feedback-verarbeiter\/#breadcrumb","itemListElement":[{"@type":"ListItem","position":1,"name":"Startseite","item":"https:\/\/blog.proclima.com\/de\/"},{"@type":"ListItem","position":2,"name":"Feedback eines Flockers zur Herbstneuheit CLOX \u201eDamit spare ich Zeit und Material\u201c"}]},{"@type":"WebSite","@id":"https:\/\/blog.proclima.com\/de\/#website","url":"https:\/\/blog.proclima.com\/de\/","name":"pro clima Blog - Deutschland","description":"alles was pro clima bewegt","publisher":{"@id":"https:\/\/blog.proclima.com\/de\/#organization"},"potentialAction":[{"@type":"SearchAction","target":{"@type":"EntryPoint","urlTemplate":"https:\/\/blog.proclima.com\/de\/?s={search_term_string}"},"query-input":{"@type":"PropertyValueSpecification","valueRequired":true,"valueName":"search_term_string"}}],"inLanguage":"de"},{"@type":"Organization","@id":"https:\/\/blog.proclima.com\/de\/#organization","name":"pro clima - Moll bau\u00f6kologische Produkte GmbH","url":"https:\/\/blog.proclima.com\/de\/","logo":{"@type":"ImageObject","inLanguage":"de","@id":"https:\/\/blog.proclima.com\/de\/#\/schema\/logo\/image\/","url":"https:\/\/blog.proclima.com\/de\/files\/2020\/04\/Logo-pro-clima.png","contentUrl":"https:\/\/blog.proclima.com\/de\/files\/2020\/04\/Logo-pro-clima.png","width":4210,"height":4881,"caption":"pro clima - Moll bau\u00f6kologische Produkte GmbH"},"image":{"@id":"https:\/\/blog.proclima.com\/de\/#\/schema\/logo\/image\/"},"sameAs":["https:\/\/www.facebook.com\/proclima","https:\/\/x.com\/proclimaDE"]},{"@type":"Person","@id":"https:\/\/blog.proclima.com\/de\/#\/schema\/person\/b3490e20200d5d45b8d56f555ceffc21","name":"Heide Merkel","description":"Fachjournalistin, Referentin, Steuerung Presse &amp; Digitale Medien bei Moll bau\u00f6kologische Produkte GmbH (pro clima). Als Japanologin und ausgebildete Redakteurin ist Heide eher zuf\u00e4llig in der Baubranche gelandet. Seit 2011 arbeitet sie f\u00fcr pro clima. Ihr Wissen zu effektiver Kommunikation gibt sie in Seminaren, Artikeln und Vortr\u00e4gen weiter. F\u00fcr den pro clima Blog, proclima.tv und das pro clima Bauradio interviewt sie interessante Menschen aus der Baubranche. Auf\u00a0 luftdichtheit-gepr\u00fcft.de bloggt Heide \u00fcber Leckagen, Luftdichtung und Qualit\u00e4ts\u00fcberpr\u00fcfung mit Blower-Door-Tests. Ihre Freizeit verbringt sie u.a. in den Vogesen, wo sie seit mehr als f\u00fcnf Jahren ein altes Bauernhaus saniert. Ihr neuestes Projekt:\u00a0 www.besser-als-marketing.de Hier gibt es Tipps, wie Unternehmen in der Baubranche ihre Sichtbarkeit erh\u00f6hen k\u00f6nnen. Die ersten Videos sind bereits online im Youtube Channel Wer mehr \u00fcber Heide Merkel erfahren m\u00f6chte, findet sie auf den g\u00e4ngigen Social Media Plattformen.","url":"https:\/\/blog.proclima.com\/de\/author\/gentner\/"}]}},"canto_acf_fields":"","_links":{"self":[{"href":"https:\/\/blog.proclima.com\/de\/wp-json\/wp\/v2\/posts\/2321","targetHints":{"allow":["GET"]}}],"collection":[{"href":"https:\/\/blog.proclima.com\/de\/wp-json\/wp\/v2\/posts"}],"about":[{"href":"https:\/\/blog.proclima.com\/de\/wp-json\/wp\/v2\/types\/post"}],"author":[{"embeddable":true,"href":"https:\/\/blog.proclima.com\/de\/wp-json\/wp\/v2\/users\/18"}],"replies":[{"embeddable":true,"href":"https:\/\/blog.proclima.com\/de\/wp-json\/wp\/v2\/comments?post=2321"}],"version-history":[{"count":2,"href":"https:\/\/blog.proclima.com\/de\/wp-json\/wp\/v2\/posts\/2321\/revisions"}],"predecessor-version":[{"id":2323,"href":"https:\/\/blog.proclima.com\/de\/wp-json\/wp\/v2\/posts\/2321\/revisions\/2323"}],"wp:attachment":[{"href":"https:\/\/blog.proclima.com\/de\/wp-json\/wp\/v2\/media?parent=2321"}],"wp:term":[{"taxonomy":"category","embeddable":true,"href":"https:\/\/blog.proclima.com\/de\/wp-json\/wp\/v2\/categories?post=2321"},{"taxonomy":"post_tag","embeddable":true,"href":"https:\/\/blog.proclima.com\/de\/wp-json\/wp\/v2\/tags?post=2321"}],"curies":[{"name":"wp","href":"https:\/\/api.w.org\/{rel}","templated":true}]}}