
{"id":2241,"date":"2012-09-25T14:42:43","date_gmt":"2012-09-25T12:42:43","guid":{"rendered":"http:\/\/blog.proclima.com\/de\/?p=2241"},"modified":"2012-10-01T10:20:46","modified_gmt":"2012-10-01T08:20:46","slug":"pm-orcon-line","status":"publish","type":"post","link":"https:\/\/blog.proclima.com\/de\/2012\/09\/pm-orcon-line\/","title":{"rendered":"Neuer Luftdichtungsanschlusskleber von der Rolle &#8211; ORCON LINE: extreme Haftung sofort auf mineralischen und rauen Oberfl\u00e4chen"},"content":{"rendered":"<figure id=\"attachment_2243\" aria-describedby=\"caption-attachment-2243\" style=\"width: 300px\" class=\"wp-caption alignleft\"><a href=\"https:\/\/blog.proclima.com\/de\/files\/2012\/09\/p_orcon_line.jpg\"><img loading=\"lazy\" decoding=\"async\" data-size=\"1000x667\" class=\"size-medium wp-image-2243\" src=\"https:\/\/blog.proclima.com\/de\/files\/2012\/09\/p_orcon_line-300x200.jpg\" alt=\"\" width=\"300\" height=\"200\" srcset=\"https:\/\/blog.proclima.com\/de\/files\/2012\/09\/p_orcon_line-300x200.jpg 300w, https:\/\/blog.proclima.com\/de\/files\/2012\/09\/p_orcon_line-768x512.jpg 768w, https:\/\/blog.proclima.com\/de\/files\/2012\/09\/p_orcon_line-384x256.jpg 384w, https:\/\/blog.proclima.com\/de\/files\/2012\/09\/p_orcon_line.jpg 1000w\" sizes=\"auto, (max-width: 300px) 100vw, 300px\" \/><\/a><figcaption id=\"caption-attachment-2243\" class=\"wp-caption-text\">ORCON LINE<\/figcaption><\/figure>\n<p>Dieser Anschlusskleber kommt von der Rolle und erm\u00f6glicht hochfeste Verbindungen sofort nach dem Auftragen: der neue pro clima ORCON LINE. Verarbeiter stellen mit<br \/>\ndieser Kleberraupe direkt nach dem Auftragen die gew\u00fcnschte Luftdichtheit her. ORCON LINE haftet problemlos auf allen mineralischen Oberfl\u00e4chen, wie Beton, Putz und s\u00e4gerauen H\u00f6lzern. Der Anschlusskleber von der Rolle kann mit der Hand gerissen werden. Zudem kann die Kleberraupe bei Bedarf problemlos etwas gedehnt werden.<!--more--><br \/>\nDer wasserfeste SOLID-Kleber hat ein seitlich \u00fcberstehendes Trennpapier. Das sch\u00fctzt<br \/>\ndie Kleberraupe vor m\u00f6glichen Verschmutzungen w\u00e4hrend der Verarbeitung, beim<br \/>\nTransport und bei der Lagerung. ORCON LINE ist wasserfest und frei von Weichmachern<br \/>\nund L\u00f6semitteln.<\/p>\n<p><strong>Zusammengefasst<\/strong><br \/>\n\u2022 ORCON LINE \u2013 Luftdichtungsanschlusskleber von der Rolle<br \/>\n\u2022 Einsatzbereich: Luftdichtung innen, zum Anschuss von Dampfbremsen und<br \/>\n-sperren an mineralische und raue Untergr\u00fcnde.<br \/>\n\u2022 Besonderheit: Die Kleberraupe kann direkt von der Rolle auf verschiedene<br \/>\nUntergr\u00fcnde geklebt werden. Die Anschlussraupe kann mit der Hand gerissen<br \/>\nwerden. Ist die Raupe zu kurz, kann sie etwas gedehnt werden. Das Trennpapier<br \/>\nsch\u00fctzt vor Schmutz bei Verarbeitung, Transport und Lagerung.<\/p>\n<p>Technische Daten zur ORCON LINE sind auf der pro clima Homepage gelistet:<br \/>\n<a href=\"http:\/\/de.proclima.com\/produkte\/verbindungsmittel\/luftdichtungskleber\/orcon-line\">http:\/\/de.proclima.com\/produkte\/verbindungsmittel\/luftdichtungskleber\/orcon-line<\/a><\/p>\n<p>Fotos zum Download finden Sie im \u201eHerbstneuheiten 2012\u201c-Ordner auf pro clima flickr:<br \/>\n<a href=\"http:\/\/www.flickr.com\/photos\/proclima\/sets\/72157631627620472\/\">http:\/\/www.flickr.com\/photos\/proclima\/sets\/72157631627620472\/<\/a><\/p>\n<p>Die deutschsprachige Herbstneuheiten-Brosch\u00fcre kann ab sofort angefordert werden: <a href=\"http:\/\/de.proclima.com\/service\/info-service\">per<\/a><br \/>\n<a href=\"http:\/\/de.proclima.com\/service\/info-service\"> Kontaktformular<\/a>,\u00a0 E-Mail <a href=\"mailto:info@proclima.de\">info@proclima.de<\/a> und Telefon 0 62 02 -27 82.0<\/p>\n<p>Fragen zum Einsatzgebiet des ORCON LINE und Anwendungstipps geben die Ingenieure<br \/>\nder Technik-Hotline: Tel. +49 62 02 &#8211; 27 82.45, E-Mail: <a href=\"mailto:technik@proclima.de\">technik@proclima.de<\/a><\/p>\n<p>&nbsp;<\/p>\n","protected":false},"excerpt":{"rendered":"<p>Dieser Anschlusskleber kommt von der Rolle und erm\u00f6glicht hochfeste Verbindungen sofort nach dem Auftragen: der neue pro clima ORCON LINE. Verarbeiter stellen mit dieser Kleberraupe <a href=\"https:\/\/blog.proclima.com\/de\/2012\/09\/pm-orcon-line\/\" rel=\"bookmark\">&#8230;<\/a><\/p>\n","protected":false},"author":18,"featured_media":0,"comment_status":"open","ping_status":"open","sticky":false,"template":"","format":"standard","meta":{"footnotes":""},"categories":[1],"tags":[397,396],"class_list":["post-2241","post","type-post","status-publish","format-standard","hentry","category-proclima","tag-anschlusskleber","tag-orcon-line"],"yoast_head":"<!-- This site is optimized with the Yoast SEO plugin v27.5 - https:\/\/yoast.com\/product\/yoast-seo-wordpress\/ -->\n<title>Neuer Luftdichtungsanschlusskleber von der Rolle - ORCON LINE: extreme Haftung sofort auf mineralischen und rauen Oberfl\u00e4chen &#187; pro clima Blog - Deutschland<\/title>\n<meta name=\"robots\" content=\"index, follow, max-snippet:-1, max-image-preview:large, max-video-preview:-1\" \/>\n<link rel=\"canonical\" href=\"https:\/\/blog.proclima.com\/de\/2012\/09\/pm-orcon-line\/\" \/>\n<meta property=\"og:locale\" content=\"de_DE\" \/>\n<meta property=\"og:type\" content=\"article\" \/>\n<meta property=\"og:title\" content=\"Neuer Luftdichtungsanschlusskleber von der Rolle - ORCON LINE: extreme Haftung sofort auf mineralischen und rauen Oberfl\u00e4chen &#187; pro clima Blog - Deutschland\" \/>\n<meta property=\"og:description\" content=\"Dieser Anschlusskleber kommt von der Rolle und erm\u00f6glicht hochfeste Verbindungen sofort nach dem Auftragen: der neue pro clima ORCON LINE. Verarbeiter stellen mit dieser Kleberraupe ...\" \/>\n<meta property=\"og:url\" content=\"https:\/\/blog.proclima.com\/de\/2012\/09\/pm-orcon-line\/\" \/>\n<meta property=\"og:site_name\" content=\"pro clima Blog - Deutschland\" \/>\n<meta property=\"article:publisher\" content=\"https:\/\/www.facebook.com\/proclima\" \/>\n<meta property=\"article:published_time\" content=\"2012-09-25T12:42:43+00:00\" \/>\n<meta property=\"article:modified_time\" content=\"2012-10-01T08:20:46+00:00\" \/>\n<meta property=\"og:image\" content=\"https:\/\/blog.proclima.com\/de\/files\/2012\/09\/p_orcon_line.jpg\" \/>\n\t<meta property=\"og:image:width\" content=\"1000\" \/>\n\t<meta property=\"og:image:height\" content=\"667\" \/>\n\t<meta property=\"og:image:type\" content=\"image\/jpeg\" \/>\n<meta name=\"author\" content=\"Heide Merkel\" \/>\n<meta name=\"twitter:card\" content=\"summary_large_image\" \/>\n<meta name=\"twitter:creator\" content=\"@proclimaDE\" \/>\n<meta name=\"twitter:site\" content=\"@proclimaDE\" \/>\n<meta name=\"twitter:label1\" content=\"Verfasst von\" \/>\n\t<meta name=\"twitter:data1\" content=\"Heide Merkel\" \/>\n\t<meta name=\"twitter:label2\" content=\"Gesch\u00e4tzte Lesezeit\" \/>\n\t<meta name=\"twitter:data2\" content=\"1\u00a0Minute\" \/>\n<script type=\"application\/ld+json\" class=\"yoast-schema-graph\">{\"@context\":\"https:\\\/\\\/schema.org\",\"@graph\":[{\"@type\":\"Article\",\"@id\":\"https:\\\/\\\/blog.proclima.com\\\/de\\\/2012\\\/09\\\/pm-orcon-line\\\/#article\",\"isPartOf\":{\"@id\":\"https:\\\/\\\/blog.proclima.com\\\/de\\\/2012\\\/09\\\/pm-orcon-line\\\/\"},\"author\":{\"name\":\"Heide Merkel\",\"@id\":\"https:\\\/\\\/blog.proclima.com\\\/de\\\/#\\\/schema\\\/person\\\/b3490e20200d5d45b8d56f555ceffc21\"},\"headline\":\"Neuer Luftdichtungsanschlusskleber von der Rolle &#8211; ORCON LINE: extreme Haftung sofort auf mineralischen und rauen Oberfl\u00e4chen\",\"datePublished\":\"2012-09-25T12:42:43+00:00\",\"dateModified\":\"2012-10-01T08:20:46+00:00\",\"mainEntityOfPage\":{\"@id\":\"https:\\\/\\\/blog.proclima.com\\\/de\\\/2012\\\/09\\\/pm-orcon-line\\\/\"},\"wordCount\":279,\"commentCount\":2,\"publisher\":{\"@id\":\"https:\\\/\\\/blog.proclima.com\\\/de\\\/#organization\"},\"image\":{\"@id\":\"https:\\\/\\\/blog.proclima.com\\\/de\\\/2012\\\/09\\\/pm-orcon-line\\\/#primaryimage\"},\"thumbnailUrl\":\"https:\\\/\\\/blog.proclima.com\\\/de\\\/files\\\/2012\\\/09\\\/p_orcon_line-300x200.jpg\",\"keywords\":[\"Anschlusskleber\",\"ORCON LINE\"],\"articleSection\":[\"pro clima\"],\"inLanguage\":\"de\",\"potentialAction\":[{\"@type\":\"CommentAction\",\"name\":\"Comment\",\"target\":[\"https:\\\/\\\/blog.proclima.com\\\/de\\\/2012\\\/09\\\/pm-orcon-line\\\/#respond\"]}]},{\"@type\":\"WebPage\",\"@id\":\"https:\\\/\\\/blog.proclima.com\\\/de\\\/2012\\\/09\\\/pm-orcon-line\\\/\",\"url\":\"https:\\\/\\\/blog.proclima.com\\\/de\\\/2012\\\/09\\\/pm-orcon-line\\\/\",\"name\":\"Neuer Luftdichtungsanschlusskleber von der Rolle - ORCON LINE: extreme Haftung sofort auf mineralischen und rauen Oberfl\u00e4chen &#187; pro clima Blog - Deutschland\",\"isPartOf\":{\"@id\":\"https:\\\/\\\/blog.proclima.com\\\/de\\\/#website\"},\"primaryImageOfPage\":{\"@id\":\"https:\\\/\\\/blog.proclima.com\\\/de\\\/2012\\\/09\\\/pm-orcon-line\\\/#primaryimage\"},\"image\":{\"@id\":\"https:\\\/\\\/blog.proclima.com\\\/de\\\/2012\\\/09\\\/pm-orcon-line\\\/#primaryimage\"},\"thumbnailUrl\":\"https:\\\/\\\/blog.proclima.com\\\/de\\\/files\\\/2012\\\/09\\\/p_orcon_line-300x200.jpg\",\"datePublished\":\"2012-09-25T12:42:43+00:00\",\"dateModified\":\"2012-10-01T08:20:46+00:00\",\"breadcrumb\":{\"@id\":\"https:\\\/\\\/blog.proclima.com\\\/de\\\/2012\\\/09\\\/pm-orcon-line\\\/#breadcrumb\"},\"inLanguage\":\"de\",\"potentialAction\":[{\"@type\":\"ReadAction\",\"target\":[\"https:\\\/\\\/blog.proclima.com\\\/de\\\/2012\\\/09\\\/pm-orcon-line\\\/\"]}]},{\"@type\":\"ImageObject\",\"inLanguage\":\"de\",\"@id\":\"https:\\\/\\\/blog.proclima.com\\\/de\\\/2012\\\/09\\\/pm-orcon-line\\\/#primaryimage\",\"url\":\"https:\\\/\\\/blog.proclima.com\\\/de\\\/files\\\/2012\\\/09\\\/p_orcon_line.jpg\",\"contentUrl\":\"https:\\\/\\\/blog.proclima.com\\\/de\\\/files\\\/2012\\\/09\\\/p_orcon_line.jpg\",\"width\":1000,\"height\":667,\"caption\":\"pro clima ORCON LINE\"},{\"@type\":\"BreadcrumbList\",\"@id\":\"https:\\\/\\\/blog.proclima.com\\\/de\\\/2012\\\/09\\\/pm-orcon-line\\\/#breadcrumb\",\"itemListElement\":[{\"@type\":\"ListItem\",\"position\":1,\"name\":\"Startseite\",\"item\":\"https:\\\/\\\/blog.proclima.com\\\/de\\\/\"},{\"@type\":\"ListItem\",\"position\":2,\"name\":\"Neuer Luftdichtungsanschlusskleber von der Rolle &#8211; ORCON LINE: extreme Haftung sofort auf mineralischen und rauen Oberfl\u00e4chen\"}]},{\"@type\":\"WebSite\",\"@id\":\"https:\\\/\\\/blog.proclima.com\\\/de\\\/#website\",\"url\":\"https:\\\/\\\/blog.proclima.com\\\/de\\\/\",\"name\":\"pro clima Blog - Deutschland\",\"description\":\"alles was pro clima bewegt\",\"publisher\":{\"@id\":\"https:\\\/\\\/blog.proclima.com\\\/de\\\/#organization\"},\"potentialAction\":[{\"@type\":\"SearchAction\",\"target\":{\"@type\":\"EntryPoint\",\"urlTemplate\":\"https:\\\/\\\/blog.proclima.com\\\/de\\\/?s={search_term_string}\"},\"query-input\":{\"@type\":\"PropertyValueSpecification\",\"valueRequired\":true,\"valueName\":\"search_term_string\"}}],\"inLanguage\":\"de\"},{\"@type\":\"Organization\",\"@id\":\"https:\\\/\\\/blog.proclima.com\\\/de\\\/#organization\",\"name\":\"pro clima - Moll bau\u00f6kologische Produkte GmbH\",\"url\":\"https:\\\/\\\/blog.proclima.com\\\/de\\\/\",\"logo\":{\"@type\":\"ImageObject\",\"inLanguage\":\"de\",\"@id\":\"https:\\\/\\\/blog.proclima.com\\\/de\\\/#\\\/schema\\\/logo\\\/image\\\/\",\"url\":\"https:\\\/\\\/blog.proclima.com\\\/de\\\/files\\\/2020\\\/04\\\/Logo-pro-clima.png\",\"contentUrl\":\"https:\\\/\\\/blog.proclima.com\\\/de\\\/files\\\/2020\\\/04\\\/Logo-pro-clima.png\",\"width\":4210,\"height\":4881,\"caption\":\"pro clima - Moll bau\u00f6kologische Produkte GmbH\"},\"image\":{\"@id\":\"https:\\\/\\\/blog.proclima.com\\\/de\\\/#\\\/schema\\\/logo\\\/image\\\/\"},\"sameAs\":[\"https:\\\/\\\/www.facebook.com\\\/proclima\",\"https:\\\/\\\/x.com\\\/proclimaDE\"]},{\"@type\":\"Person\",\"@id\":\"https:\\\/\\\/blog.proclima.com\\\/de\\\/#\\\/schema\\\/person\\\/b3490e20200d5d45b8d56f555ceffc21\",\"name\":\"Heide Merkel\",\"description\":\"Fachjournalistin, Referentin, Steuerung Presse &amp; Digitale Medien bei Moll bau\u00f6kologische Produkte GmbH (pro clima). Als Japanologin und ausgebildete Redakteurin ist Heide eher zuf\u00e4llig in der Baubranche gelandet. Seit 2011 arbeitet sie f\u00fcr pro clima. Ihr Wissen zu effektiver Kommunikation gibt sie in Seminaren, Artikeln und Vortr\u00e4gen weiter. F\u00fcr den pro clima Blog, proclima.tv und das pro clima Bauradio interviewt sie interessante Menschen aus der Baubranche. Auf\u00a0 luftdichtheit-gepr\u00fcft.de bloggt Heide \u00fcber Leckagen, Luftdichtung und Qualit\u00e4ts\u00fcberpr\u00fcfung mit Blower-Door-Tests. Ihre Freizeit verbringt sie u.a. in den Vogesen, wo sie seit mehr als f\u00fcnf Jahren ein altes Bauernhaus saniert. Ihr neuestes Projekt:\u00a0 www.besser-als-marketing.de Hier gibt es Tipps, wie Unternehmen in der Baubranche ihre Sichtbarkeit erh\u00f6hen k\u00f6nnen. Die ersten Videos sind bereits online im Youtube Channel Wer mehr \u00fcber Heide Merkel erfahren m\u00f6chte, findet sie auf den g\u00e4ngigen Social Media Plattformen.\",\"url\":\"https:\\\/\\\/blog.proclima.com\\\/de\\\/author\\\/gentner\\\/\"}]}<\/script>\n<!-- \/ Yoast SEO plugin. -->","yoast_head_json":{"title":"Neuer Luftdichtungsanschlusskleber von der Rolle - ORCON LINE: extreme Haftung sofort auf mineralischen und rauen Oberfl\u00e4chen &#187; pro clima Blog - Deutschland","robots":{"index":"index","follow":"follow","max-snippet":"max-snippet:-1","max-image-preview":"max-image-preview:large","max-video-preview":"max-video-preview:-1"},"canonical":"https:\/\/blog.proclima.com\/de\/2012\/09\/pm-orcon-line\/","og_locale":"de_DE","og_type":"article","og_title":"Neuer Luftdichtungsanschlusskleber von der Rolle - ORCON LINE: extreme Haftung sofort auf mineralischen und rauen Oberfl\u00e4chen &#187; pro clima Blog - Deutschland","og_description":"Dieser Anschlusskleber kommt von der Rolle und erm\u00f6glicht hochfeste Verbindungen sofort nach dem Auftragen: der neue pro clima ORCON LINE. Verarbeiter stellen mit dieser Kleberraupe ...","og_url":"https:\/\/blog.proclima.com\/de\/2012\/09\/pm-orcon-line\/","og_site_name":"pro clima Blog - Deutschland","article_publisher":"https:\/\/www.facebook.com\/proclima","article_published_time":"2012-09-25T12:42:43+00:00","article_modified_time":"2012-10-01T08:20:46+00:00","og_image":[{"width":1000,"height":667,"url":"https:\/\/blog.proclima.com\/de\/files\/2012\/09\/p_orcon_line.jpg","type":"image\/jpeg"}],"author":"Heide Merkel","twitter_card":"summary_large_image","twitter_creator":"@proclimaDE","twitter_site":"@proclimaDE","twitter_misc":{"Verfasst von":"Heide Merkel","Gesch\u00e4tzte Lesezeit":"1\u00a0Minute"},"schema":{"@context":"https:\/\/schema.org","@graph":[{"@type":"Article","@id":"https:\/\/blog.proclima.com\/de\/2012\/09\/pm-orcon-line\/#article","isPartOf":{"@id":"https:\/\/blog.proclima.com\/de\/2012\/09\/pm-orcon-line\/"},"author":{"name":"Heide Merkel","@id":"https:\/\/blog.proclima.com\/de\/#\/schema\/person\/b3490e20200d5d45b8d56f555ceffc21"},"headline":"Neuer Luftdichtungsanschlusskleber von der Rolle &#8211; ORCON LINE: extreme Haftung sofort auf mineralischen und rauen Oberfl\u00e4chen","datePublished":"2012-09-25T12:42:43+00:00","dateModified":"2012-10-01T08:20:46+00:00","mainEntityOfPage":{"@id":"https:\/\/blog.proclima.com\/de\/2012\/09\/pm-orcon-line\/"},"wordCount":279,"commentCount":2,"publisher":{"@id":"https:\/\/blog.proclima.com\/de\/#organization"},"image":{"@id":"https:\/\/blog.proclima.com\/de\/2012\/09\/pm-orcon-line\/#primaryimage"},"thumbnailUrl":"https:\/\/blog.proclima.com\/de\/files\/2012\/09\/p_orcon_line-300x200.jpg","keywords":["Anschlusskleber","ORCON LINE"],"articleSection":["pro clima"],"inLanguage":"de","potentialAction":[{"@type":"CommentAction","name":"Comment","target":["https:\/\/blog.proclima.com\/de\/2012\/09\/pm-orcon-line\/#respond"]}]},{"@type":"WebPage","@id":"https:\/\/blog.proclima.com\/de\/2012\/09\/pm-orcon-line\/","url":"https:\/\/blog.proclima.com\/de\/2012\/09\/pm-orcon-line\/","name":"Neuer Luftdichtungsanschlusskleber von der Rolle - ORCON LINE: extreme Haftung sofort auf mineralischen und rauen Oberfl\u00e4chen &#187; pro clima Blog - Deutschland","isPartOf":{"@id":"https:\/\/blog.proclima.com\/de\/#website"},"primaryImageOfPage":{"@id":"https:\/\/blog.proclima.com\/de\/2012\/09\/pm-orcon-line\/#primaryimage"},"image":{"@id":"https:\/\/blog.proclima.com\/de\/2012\/09\/pm-orcon-line\/#primaryimage"},"thumbnailUrl":"https:\/\/blog.proclima.com\/de\/files\/2012\/09\/p_orcon_line-300x200.jpg","datePublished":"2012-09-25T12:42:43+00:00","dateModified":"2012-10-01T08:20:46+00:00","breadcrumb":{"@id":"https:\/\/blog.proclima.com\/de\/2012\/09\/pm-orcon-line\/#breadcrumb"},"inLanguage":"de","potentialAction":[{"@type":"ReadAction","target":["https:\/\/blog.proclima.com\/de\/2012\/09\/pm-orcon-line\/"]}]},{"@type":"ImageObject","inLanguage":"de","@id":"https:\/\/blog.proclima.com\/de\/2012\/09\/pm-orcon-line\/#primaryimage","url":"https:\/\/blog.proclima.com\/de\/files\/2012\/09\/p_orcon_line.jpg","contentUrl":"https:\/\/blog.proclima.com\/de\/files\/2012\/09\/p_orcon_line.jpg","width":1000,"height":667,"caption":"pro clima ORCON LINE"},{"@type":"BreadcrumbList","@id":"https:\/\/blog.proclima.com\/de\/2012\/09\/pm-orcon-line\/#breadcrumb","itemListElement":[{"@type":"ListItem","position":1,"name":"Startseite","item":"https:\/\/blog.proclima.com\/de\/"},{"@type":"ListItem","position":2,"name":"Neuer Luftdichtungsanschlusskleber von der Rolle &#8211; ORCON LINE: extreme Haftung sofort auf mineralischen und rauen Oberfl\u00e4chen"}]},{"@type":"WebSite","@id":"https:\/\/blog.proclima.com\/de\/#website","url":"https:\/\/blog.proclima.com\/de\/","name":"pro clima Blog - Deutschland","description":"alles was pro clima bewegt","publisher":{"@id":"https:\/\/blog.proclima.com\/de\/#organization"},"potentialAction":[{"@type":"SearchAction","target":{"@type":"EntryPoint","urlTemplate":"https:\/\/blog.proclima.com\/de\/?s={search_term_string}"},"query-input":{"@type":"PropertyValueSpecification","valueRequired":true,"valueName":"search_term_string"}}],"inLanguage":"de"},{"@type":"Organization","@id":"https:\/\/blog.proclima.com\/de\/#organization","name":"pro clima - Moll bau\u00f6kologische Produkte GmbH","url":"https:\/\/blog.proclima.com\/de\/","logo":{"@type":"ImageObject","inLanguage":"de","@id":"https:\/\/blog.proclima.com\/de\/#\/schema\/logo\/image\/","url":"https:\/\/blog.proclima.com\/de\/files\/2020\/04\/Logo-pro-clima.png","contentUrl":"https:\/\/blog.proclima.com\/de\/files\/2020\/04\/Logo-pro-clima.png","width":4210,"height":4881,"caption":"pro clima - Moll bau\u00f6kologische Produkte GmbH"},"image":{"@id":"https:\/\/blog.proclima.com\/de\/#\/schema\/logo\/image\/"},"sameAs":["https:\/\/www.facebook.com\/proclima","https:\/\/x.com\/proclimaDE"]},{"@type":"Person","@id":"https:\/\/blog.proclima.com\/de\/#\/schema\/person\/b3490e20200d5d45b8d56f555ceffc21","name":"Heide Merkel","description":"Fachjournalistin, Referentin, Steuerung Presse &amp; Digitale Medien bei Moll bau\u00f6kologische Produkte GmbH (pro clima). Als Japanologin und ausgebildete Redakteurin ist Heide eher zuf\u00e4llig in der Baubranche gelandet. Seit 2011 arbeitet sie f\u00fcr pro clima. Ihr Wissen zu effektiver Kommunikation gibt sie in Seminaren, Artikeln und Vortr\u00e4gen weiter. F\u00fcr den pro clima Blog, proclima.tv und das pro clima Bauradio interviewt sie interessante Menschen aus der Baubranche. Auf\u00a0 luftdichtheit-gepr\u00fcft.de bloggt Heide \u00fcber Leckagen, Luftdichtung und Qualit\u00e4ts\u00fcberpr\u00fcfung mit Blower-Door-Tests. Ihre Freizeit verbringt sie u.a. in den Vogesen, wo sie seit mehr als f\u00fcnf Jahren ein altes Bauernhaus saniert. Ihr neuestes Projekt:\u00a0 www.besser-als-marketing.de Hier gibt es Tipps, wie Unternehmen in der Baubranche ihre Sichtbarkeit erh\u00f6hen k\u00f6nnen. Die ersten Videos sind bereits online im Youtube Channel Wer mehr \u00fcber Heide Merkel erfahren m\u00f6chte, findet sie auf den g\u00e4ngigen Social Media Plattformen.","url":"https:\/\/blog.proclima.com\/de\/author\/gentner\/"}]}},"canto_acf_fields":"","_links":{"self":[{"href":"https:\/\/blog.proclima.com\/de\/wp-json\/wp\/v2\/posts\/2241","targetHints":{"allow":["GET"]}}],"collection":[{"href":"https:\/\/blog.proclima.com\/de\/wp-json\/wp\/v2\/posts"}],"about":[{"href":"https:\/\/blog.proclima.com\/de\/wp-json\/wp\/v2\/types\/post"}],"author":[{"embeddable":true,"href":"https:\/\/blog.proclima.com\/de\/wp-json\/wp\/v2\/users\/18"}],"replies":[{"embeddable":true,"href":"https:\/\/blog.proclima.com\/de\/wp-json\/wp\/v2\/comments?post=2241"}],"version-history":[{"count":10,"href":"https:\/\/blog.proclima.com\/de\/wp-json\/wp\/v2\/posts\/2241\/revisions"}],"predecessor-version":[{"id":2368,"href":"https:\/\/blog.proclima.com\/de\/wp-json\/wp\/v2\/posts\/2241\/revisions\/2368"}],"wp:attachment":[{"href":"https:\/\/blog.proclima.com\/de\/wp-json\/wp\/v2\/media?parent=2241"}],"wp:term":[{"taxonomy":"category","embeddable":true,"href":"https:\/\/blog.proclima.com\/de\/wp-json\/wp\/v2\/categories?post=2241"},{"taxonomy":"post_tag","embeddable":true,"href":"https:\/\/blog.proclima.com\/de\/wp-json\/wp\/v2\/tags?post=2241"}],"curies":[{"name":"wp","href":"https:\/\/api.w.org\/{rel}","templated":true}]}}