
{"id":2232,"date":"2012-09-25T14:23:04","date_gmt":"2012-09-25T12:23:04","guid":{"rendered":"http:\/\/blog.proclima.com\/de\/?p=2232"},"modified":"2012-09-27T15:38:06","modified_gmt":"2012-09-27T13:38:06","slug":"pm-solitex-fronta-humida","status":"publish","type":"post","link":"https:\/\/blog.proclima.com\/de\/2012\/09\/pm-solitex-fronta-humida\/","title":{"rendered":"Herbstneuheit 2012: Erste Wandschalungsbahn, die exakt auf Holzrahmenkonstruktionen mit Verblendmauerwerk abgestimmt ist: SOLITEX FRONTA HUMIDA"},"content":{"rendered":"<figure id=\"attachment_2234\" aria-describedby=\"caption-attachment-2234\" style=\"width: 300px\" class=\"wp-caption alignleft\"><a href=\"https:\/\/blog.proclima.com\/de\/files\/2012\/09\/SOLITEX-FRONTA-HUMIDA_ProduktbildJPG.jpg\"><img loading=\"lazy\" decoding=\"async\" data-size=\"1800x1336\" class=\"size-medium wp-image-2234 \" src=\"https:\/\/blog.proclima.com\/de\/files\/2012\/09\/SOLITEX-FRONTA-HUMIDA_ProduktbildJPG-300x222.jpg\" alt=\"\" width=\"300\" height=\"222\" \/><\/a><figcaption id=\"caption-attachment-2234\" class=\"wp-caption-text\">SOLITEX FRONTA HUMIDA<\/figcaption><\/figure>\n<p>Eine spezielle L\u00f6sung f\u00fcr eine besondere Herausforderung: pro clima hat die erste Wandschalungsbahn entwickelt, die speziell auf das Klima zwischen Verblendmauerwerk und Holzrahmenbaukonstruktion abgestimmt ist. Die SOLITEX FRONTA HUMIDA sch\u00fctzt mit einem leicht hemmenden sd-Wert von 0,5 m die Holzkonstruktion bei erh\u00f6hter relativer Luftfeuchtigkeit, die sich zwischen D\u00e4mmung und Vormauerschale bilden kann. Gleichzeitig l\u00e4sst diese Wandschalungsbahn unvorhergesehene eingedrungene Feuchtigkeit leicht aus der W\u00e4rmed\u00e4mmkonstruktion trocknen. <!--more--><\/p>\n<p>Da Verblendmauerwerk durch den gro\u00dfen Fugenanteil in der Regel nicht schlagregendicht ist, kann Feuchtigkeit durch die Mauerwerksfugen in die Luftschicht zwischen Vormauerwerk und D\u00e4mmkonstruktion gelangen. Hohe relative Luftfeuchtigkeit w\u00e4re die Folge. Die leicht diffusionshemmende SOLITEX FRONTA HUMIDA minimiert das Risiko von Schimmel in Holzrahmenbaukonstruktion.<\/p>\n<p>SOLITEX FRONTA HUMIDA h\u00e4lt somit die ideale Balance zwischen leicht diffusionshemmend (als Hindernis f\u00fcr kurzzeitlich auftretende &#8222;Sommerfeuchte&#8220;) und dennoch gen\u00fcgender Offenheit f\u00fcr die Austrocknung w\u00e4hrend regenfreier Perioden.<\/p>\n<figure id=\"attachment_2235\" aria-describedby=\"caption-attachment-2235\" style=\"width: 1418px\" class=\"wp-caption alignnone\"><a href=\"https:\/\/blog.proclima.com\/de\/files\/2012\/09\/SOLITEX-FRONTA-HUMIDA-01.jpg\"><img loading=\"lazy\" decoding=\"async\" data-size=\"1418x988\" class=\"size-full wp-image-2235\" src=\"https:\/\/blog.proclima.com\/de\/files\/2012\/09\/SOLITEX-FRONTA-HUMIDA-01.jpg\" alt=\"\" width=\"1418\" height=\"988\" srcset=\"https:\/\/blog.proclima.com\/de\/files\/2012\/09\/SOLITEX-FRONTA-HUMIDA-01.jpg 1418w, https:\/\/blog.proclima.com\/de\/files\/2012\/09\/SOLITEX-FRONTA-HUMIDA-01-300x209.jpg 300w, https:\/\/blog.proclima.com\/de\/files\/2012\/09\/SOLITEX-FRONTA-HUMIDA-01-1024x713.jpg 1024w, https:\/\/blog.proclima.com\/de\/files\/2012\/09\/SOLITEX-FRONTA-HUMIDA-01-768x535.jpg 768w, https:\/\/blog.proclima.com\/de\/files\/2012\/09\/SOLITEX-FRONTA-HUMIDA-01-384x268.jpg 384w\" sizes=\"auto, (max-width: 1418px) 100vw, 1418px\" \/><\/a><figcaption id=\"caption-attachment-2235\" class=\"wp-caption-text\">SO\u00adLI\u00adTEX FRON\u00adTA HU\u00adMI\u00adDA h\u00e4lt die idea\u00adle Ba\u00adlan\u00adce zwi\u00adschen leicht dif\u00adfu\u00adsi\u00adons\u00adhem\u00admend (als Hin\u00adder\u00adnis f\u00fcr kurz\u00adzeit\u00adlich auf\u00adtre\u00adten\u00adde &#8222;Som\u00admer\u00adfeuch\u00adte&#8220;) und den\u00adnoch gen\u00fcgen\u00adder Of\u00adfen\u00adheit f\u00fcr die Aus\u00adtrock\u00adnung w\u00e4hrend re\u00adgen\u00adfrei\u00ader Pe\u00adri\u00adoden.<br \/>Zum Vergr\u00f6\u00dfern der Grafik, klicken Sie auf das Bild.<\/figcaption><\/figure>\n<p>Die bauphysikalische Beschreibung als Grafik finden Sie auch hier:\u00a0<a href=\"http:\/\/www.flickr.com\/photos\/proclima\/8026703306\/in\/set-72157631627620472\"> http:\/\/www.flickr.com\/photos\/proclima\/8026703306\/in\/set-72157631627620472<\/a><\/p>\n<p>Technische Daten zur SOLITEX FRONTA HUMIDA sind auf der pro clima Homepage gelistet: <a href=\"http:\/\/de.proclima.com\/produkte\/dichtung-aussen\/solitex-fronta-humida\">http:\/\/de.proclima.com\/produkte\/dichtung-aussen\/solitex-fronta-humida<\/a><\/p>\n<p>Fotos zum Download finden Sie im \u201eHerbstneuheiten 2012\u201c-Ordner auf pro clima flickr:<br \/>\n<a href=\"http:\/\/www.flickr.com\/photos\/proclima\/sets\/72157631627620472\/\">http:\/\/www.flickr.com\/photos\/proclima\/sets\/72157631627620472\/<\/a><\/p>\n<p>Die deutschsprachige Herbstneuheiten-Brosch\u00fcre kann ab sofort angefordert werden:<a href=\"http:\/\/de.proclima.com\/service\/info-service\"> per Kontaktformular<\/a> , E-Mail <a href=\"mailto:info@proclima.de\">info@proclima.de<\/a> und Telefon 0 62 02 -27 82.0<\/p>\n<p>Fragen zum Einsatzgebiet der SOLITEX FRONTA HUMIDA und Anwendungstipps geben die Ingenieure der Technik-Hotline: Tel. +49 62 02 &#8211; 27 82.45, E-Mail: <a href=\"mailto:technik@proclima.de\">technik@proclima.de \u00a0<\/a><\/p>\n<p>Pressekontakt: Heide Gentner, Tel. 0 62 02 &#8211; 27 82.56, E-Mail: <a href=\"mailto:heide.gentner@proclima.de\">heide.gentner@proclima.de <\/a><\/p>\n","protected":false},"excerpt":{"rendered":"<p>Eine spezielle L\u00f6sung f\u00fcr eine besondere Herausforderung: pro clima hat die erste Wandschalungsbahn entwickelt, die speziell auf das Klima zwischen Verblendmauerwerk und Holzrahmenbaukonstruktion abgestimmt ist. <a href=\"https:\/\/blog.proclima.com\/de\/2012\/09\/pm-solitex-fronta-humida\/\" rel=\"bookmark\">&#8230;<\/a><\/p>\n","protected":false},"author":18,"featured_media":0,"comment_status":"open","ping_status":"open","sticky":false,"template":"","format":"standard","meta":{"footnotes":""},"categories":[1],"tags":[392,393],"class_list":["post-2232","post","type-post","status-publish","format-standard","hentry","category-proclima","tag-herbstneuheiten","tag-solitex-fronta-humida"],"yoast_head":"<!-- This site is optimized with the Yoast SEO plugin v27.5 - https:\/\/yoast.com\/product\/yoast-seo-wordpress\/ -->\n<title>Herbstneuheit 2012: Erste Wandschalungsbahn, die exakt auf Holzrahmenkonstruktionen mit Verblendmauerwerk abgestimmt ist: SOLITEX FRONTA HUMIDA  &#187; pro clima Blog - Deutschland<\/title>\n<meta name=\"robots\" content=\"index, follow, max-snippet:-1, max-image-preview:large, max-video-preview:-1\" \/>\n<link rel=\"canonical\" href=\"https:\/\/blog.proclima.com\/de\/2012\/09\/pm-solitex-fronta-humida\/\" \/>\n<meta property=\"og:locale\" content=\"de_DE\" \/>\n<meta property=\"og:type\" content=\"article\" \/>\n<meta property=\"og:title\" content=\"Herbstneuheit 2012: Erste Wandschalungsbahn, die exakt auf Holzrahmenkonstruktionen mit Verblendmauerwerk abgestimmt ist: SOLITEX FRONTA HUMIDA  &#187; pro clima Blog - Deutschland\" \/>\n<meta property=\"og:description\" content=\"Eine spezielle L\u00f6sung f\u00fcr eine besondere Herausforderung: pro clima hat die erste Wandschalungsbahn entwickelt, die speziell auf das Klima zwischen Verblendmauerwerk und Holzrahmenbaukonstruktion abgestimmt ist. ...\" \/>\n<meta property=\"og:url\" content=\"https:\/\/blog.proclima.com\/de\/2012\/09\/pm-solitex-fronta-humida\/\" \/>\n<meta property=\"og:site_name\" content=\"pro clima Blog - Deutschland\" \/>\n<meta property=\"article:publisher\" content=\"https:\/\/www.facebook.com\/proclima\" \/>\n<meta property=\"article:published_time\" content=\"2012-09-25T12:23:04+00:00\" \/>\n<meta property=\"article:modified_time\" content=\"2012-09-27T13:38:06+00:00\" \/>\n<meta property=\"og:image\" content=\"https:\/\/blog.proclima.com\/de\/files\/2012\/09\/SOLITEX-FRONTA-HUMIDA_ProduktbildJPG.jpg\" \/>\n\t<meta property=\"og:image:width\" content=\"1800\" \/>\n\t<meta property=\"og:image:height\" content=\"1336\" \/>\n\t<meta property=\"og:image:type\" content=\"image\/jpeg\" \/>\n<meta name=\"author\" content=\"Heide Merkel\" \/>\n<meta name=\"twitter:card\" content=\"summary_large_image\" \/>\n<meta name=\"twitter:creator\" content=\"@proclimaDE\" \/>\n<meta name=\"twitter:site\" content=\"@proclimaDE\" \/>\n<meta name=\"twitter:label1\" content=\"Verfasst von\" \/>\n\t<meta name=\"twitter:data1\" content=\"Heide Merkel\" \/>\n\t<meta name=\"twitter:label2\" content=\"Gesch\u00e4tzte Lesezeit\" \/>\n\t<meta name=\"twitter:data2\" content=\"2\u00a0Minuten\" \/>\n<script type=\"application\/ld+json\" class=\"yoast-schema-graph\">{\"@context\":\"https:\\\/\\\/schema.org\",\"@graph\":[{\"@type\":\"Article\",\"@id\":\"https:\\\/\\\/blog.proclima.com\\\/de\\\/2012\\\/09\\\/pm-solitex-fronta-humida\\\/#article\",\"isPartOf\":{\"@id\":\"https:\\\/\\\/blog.proclima.com\\\/de\\\/2012\\\/09\\\/pm-solitex-fronta-humida\\\/\"},\"author\":{\"name\":\"Heide Merkel\",\"@id\":\"https:\\\/\\\/blog.proclima.com\\\/de\\\/#\\\/schema\\\/person\\\/b3490e20200d5d45b8d56f555ceffc21\"},\"headline\":\"Herbstneuheit 2012: Erste Wandschalungsbahn, die exakt auf Holzrahmenkonstruktionen mit Verblendmauerwerk abgestimmt ist: SOLITEX FRONTA HUMIDA\",\"datePublished\":\"2012-09-25T12:23:04+00:00\",\"dateModified\":\"2012-09-27T13:38:06+00:00\",\"mainEntityOfPage\":{\"@id\":\"https:\\\/\\\/blog.proclima.com\\\/de\\\/2012\\\/09\\\/pm-solitex-fronta-humida\\\/\"},\"wordCount\":361,\"commentCount\":2,\"publisher\":{\"@id\":\"https:\\\/\\\/blog.proclima.com\\\/de\\\/#organization\"},\"image\":{\"@id\":\"https:\\\/\\\/blog.proclima.com\\\/de\\\/2012\\\/09\\\/pm-solitex-fronta-humida\\\/#primaryimage\"},\"thumbnailUrl\":\"https:\\\/\\\/blog.proclima.com\\\/de\\\/files\\\/2012\\\/09\\\/SOLITEX-FRONTA-HUMIDA_ProduktbildJPG-300x222.jpg\",\"keywords\":[\"Herbstneuheiten\",\"SOLITEX FRONTA HUMIDA\"],\"articleSection\":[\"pro clima\"],\"inLanguage\":\"de\",\"potentialAction\":[{\"@type\":\"CommentAction\",\"name\":\"Comment\",\"target\":[\"https:\\\/\\\/blog.proclima.com\\\/de\\\/2012\\\/09\\\/pm-solitex-fronta-humida\\\/#respond\"]}]},{\"@type\":\"WebPage\",\"@id\":\"https:\\\/\\\/blog.proclima.com\\\/de\\\/2012\\\/09\\\/pm-solitex-fronta-humida\\\/\",\"url\":\"https:\\\/\\\/blog.proclima.com\\\/de\\\/2012\\\/09\\\/pm-solitex-fronta-humida\\\/\",\"name\":\"Herbstneuheit 2012: Erste Wandschalungsbahn, die exakt auf Holzrahmenkonstruktionen mit Verblendmauerwerk abgestimmt ist: SOLITEX FRONTA HUMIDA &#187; pro clima Blog - Deutschland\",\"isPartOf\":{\"@id\":\"https:\\\/\\\/blog.proclima.com\\\/de\\\/#website\"},\"primaryImageOfPage\":{\"@id\":\"https:\\\/\\\/blog.proclima.com\\\/de\\\/2012\\\/09\\\/pm-solitex-fronta-humida\\\/#primaryimage\"},\"image\":{\"@id\":\"https:\\\/\\\/blog.proclima.com\\\/de\\\/2012\\\/09\\\/pm-solitex-fronta-humida\\\/#primaryimage\"},\"thumbnailUrl\":\"https:\\\/\\\/blog.proclima.com\\\/de\\\/files\\\/2012\\\/09\\\/SOLITEX-FRONTA-HUMIDA_ProduktbildJPG-300x222.jpg\",\"datePublished\":\"2012-09-25T12:23:04+00:00\",\"dateModified\":\"2012-09-27T13:38:06+00:00\",\"breadcrumb\":{\"@id\":\"https:\\\/\\\/blog.proclima.com\\\/de\\\/2012\\\/09\\\/pm-solitex-fronta-humida\\\/#breadcrumb\"},\"inLanguage\":\"de\",\"potentialAction\":[{\"@type\":\"ReadAction\",\"target\":[\"https:\\\/\\\/blog.proclima.com\\\/de\\\/2012\\\/09\\\/pm-solitex-fronta-humida\\\/\"]}]},{\"@type\":\"ImageObject\",\"inLanguage\":\"de\",\"@id\":\"https:\\\/\\\/blog.proclima.com\\\/de\\\/2012\\\/09\\\/pm-solitex-fronta-humida\\\/#primaryimage\",\"url\":\"https:\\\/\\\/blog.proclima.com\\\/de\\\/files\\\/2012\\\/09\\\/SOLITEX-FRONTA-HUMIDA_ProduktbildJPG.jpg\",\"contentUrl\":\"https:\\\/\\\/blog.proclima.com\\\/de\\\/files\\\/2012\\\/09\\\/SOLITEX-FRONTA-HUMIDA_ProduktbildJPG.jpg\",\"width\":1800,\"height\":1336,\"caption\":\"pro clima SOLITEX FRONTA HUMIDA\"},{\"@type\":\"BreadcrumbList\",\"@id\":\"https:\\\/\\\/blog.proclima.com\\\/de\\\/2012\\\/09\\\/pm-solitex-fronta-humida\\\/#breadcrumb\",\"itemListElement\":[{\"@type\":\"ListItem\",\"position\":1,\"name\":\"Startseite\",\"item\":\"https:\\\/\\\/blog.proclima.com\\\/de\\\/\"},{\"@type\":\"ListItem\",\"position\":2,\"name\":\"Herbstneuheit 2012: Erste Wandschalungsbahn, die exakt auf Holzrahmenkonstruktionen mit Verblendmauerwerk abgestimmt ist: SOLITEX FRONTA HUMIDA\"}]},{\"@type\":\"WebSite\",\"@id\":\"https:\\\/\\\/blog.proclima.com\\\/de\\\/#website\",\"url\":\"https:\\\/\\\/blog.proclima.com\\\/de\\\/\",\"name\":\"pro clima Blog - Deutschland\",\"description\":\"alles was pro clima bewegt\",\"publisher\":{\"@id\":\"https:\\\/\\\/blog.proclima.com\\\/de\\\/#organization\"},\"potentialAction\":[{\"@type\":\"SearchAction\",\"target\":{\"@type\":\"EntryPoint\",\"urlTemplate\":\"https:\\\/\\\/blog.proclima.com\\\/de\\\/?s={search_term_string}\"},\"query-input\":{\"@type\":\"PropertyValueSpecification\",\"valueRequired\":true,\"valueName\":\"search_term_string\"}}],\"inLanguage\":\"de\"},{\"@type\":\"Organization\",\"@id\":\"https:\\\/\\\/blog.proclima.com\\\/de\\\/#organization\",\"name\":\"pro clima - Moll bau\u00f6kologische Produkte GmbH\",\"url\":\"https:\\\/\\\/blog.proclima.com\\\/de\\\/\",\"logo\":{\"@type\":\"ImageObject\",\"inLanguage\":\"de\",\"@id\":\"https:\\\/\\\/blog.proclima.com\\\/de\\\/#\\\/schema\\\/logo\\\/image\\\/\",\"url\":\"https:\\\/\\\/blog.proclima.com\\\/de\\\/files\\\/2020\\\/04\\\/Logo-pro-clima.png\",\"contentUrl\":\"https:\\\/\\\/blog.proclima.com\\\/de\\\/files\\\/2020\\\/04\\\/Logo-pro-clima.png\",\"width\":4210,\"height\":4881,\"caption\":\"pro clima - Moll bau\u00f6kologische Produkte GmbH\"},\"image\":{\"@id\":\"https:\\\/\\\/blog.proclima.com\\\/de\\\/#\\\/schema\\\/logo\\\/image\\\/\"},\"sameAs\":[\"https:\\\/\\\/www.facebook.com\\\/proclima\",\"https:\\\/\\\/x.com\\\/proclimaDE\"]},{\"@type\":\"Person\",\"@id\":\"https:\\\/\\\/blog.proclima.com\\\/de\\\/#\\\/schema\\\/person\\\/b3490e20200d5d45b8d56f555ceffc21\",\"name\":\"Heide Merkel\",\"description\":\"Fachjournalistin, Referentin, Steuerung Presse &amp; Digitale Medien bei Moll bau\u00f6kologische Produkte GmbH (pro clima). Als Japanologin und ausgebildete Redakteurin ist Heide eher zuf\u00e4llig in der Baubranche gelandet. Seit 2011 arbeitet sie f\u00fcr pro clima. Ihr Wissen zu effektiver Kommunikation gibt sie in Seminaren, Artikeln und Vortr\u00e4gen weiter. F\u00fcr den pro clima Blog, proclima.tv und das pro clima Bauradio interviewt sie interessante Menschen aus der Baubranche. Auf\u00a0 luftdichtheit-gepr\u00fcft.de bloggt Heide \u00fcber Leckagen, Luftdichtung und Qualit\u00e4ts\u00fcberpr\u00fcfung mit Blower-Door-Tests. Ihre Freizeit verbringt sie u.a. in den Vogesen, wo sie seit mehr als f\u00fcnf Jahren ein altes Bauernhaus saniert. Ihr neuestes Projekt:\u00a0 www.besser-als-marketing.de Hier gibt es Tipps, wie Unternehmen in der Baubranche ihre Sichtbarkeit erh\u00f6hen k\u00f6nnen. Die ersten Videos sind bereits online im Youtube Channel Wer mehr \u00fcber Heide Merkel erfahren m\u00f6chte, findet sie auf den g\u00e4ngigen Social Media Plattformen.\",\"url\":\"https:\\\/\\\/blog.proclima.com\\\/de\\\/author\\\/gentner\\\/\"}]}<\/script>\n<!-- \/ Yoast SEO plugin. -->","yoast_head_json":{"title":"Herbstneuheit 2012: Erste Wandschalungsbahn, die exakt auf Holzrahmenkonstruktionen mit Verblendmauerwerk abgestimmt ist: SOLITEX FRONTA HUMIDA  &#187; pro clima Blog - Deutschland","robots":{"index":"index","follow":"follow","max-snippet":"max-snippet:-1","max-image-preview":"max-image-preview:large","max-video-preview":"max-video-preview:-1"},"canonical":"https:\/\/blog.proclima.com\/de\/2012\/09\/pm-solitex-fronta-humida\/","og_locale":"de_DE","og_type":"article","og_title":"Herbstneuheit 2012: Erste Wandschalungsbahn, die exakt auf Holzrahmenkonstruktionen mit Verblendmauerwerk abgestimmt ist: SOLITEX FRONTA HUMIDA  &#187; pro clima Blog - Deutschland","og_description":"Eine spezielle L\u00f6sung f\u00fcr eine besondere Herausforderung: pro clima hat die erste Wandschalungsbahn entwickelt, die speziell auf das Klima zwischen Verblendmauerwerk und Holzrahmenbaukonstruktion abgestimmt ist. ...","og_url":"https:\/\/blog.proclima.com\/de\/2012\/09\/pm-solitex-fronta-humida\/","og_site_name":"pro clima Blog - Deutschland","article_publisher":"https:\/\/www.facebook.com\/proclima","article_published_time":"2012-09-25T12:23:04+00:00","article_modified_time":"2012-09-27T13:38:06+00:00","og_image":[{"width":1800,"height":1336,"url":"https:\/\/blog.proclima.com\/de\/files\/2012\/09\/SOLITEX-FRONTA-HUMIDA_ProduktbildJPG.jpg","type":"image\/jpeg"}],"author":"Heide Merkel","twitter_card":"summary_large_image","twitter_creator":"@proclimaDE","twitter_site":"@proclimaDE","twitter_misc":{"Verfasst von":"Heide Merkel","Gesch\u00e4tzte Lesezeit":"2\u00a0Minuten"},"schema":{"@context":"https:\/\/schema.org","@graph":[{"@type":"Article","@id":"https:\/\/blog.proclima.com\/de\/2012\/09\/pm-solitex-fronta-humida\/#article","isPartOf":{"@id":"https:\/\/blog.proclima.com\/de\/2012\/09\/pm-solitex-fronta-humida\/"},"author":{"name":"Heide Merkel","@id":"https:\/\/blog.proclima.com\/de\/#\/schema\/person\/b3490e20200d5d45b8d56f555ceffc21"},"headline":"Herbstneuheit 2012: Erste Wandschalungsbahn, die exakt auf Holzrahmenkonstruktionen mit Verblendmauerwerk abgestimmt ist: SOLITEX FRONTA HUMIDA","datePublished":"2012-09-25T12:23:04+00:00","dateModified":"2012-09-27T13:38:06+00:00","mainEntityOfPage":{"@id":"https:\/\/blog.proclima.com\/de\/2012\/09\/pm-solitex-fronta-humida\/"},"wordCount":361,"commentCount":2,"publisher":{"@id":"https:\/\/blog.proclima.com\/de\/#organization"},"image":{"@id":"https:\/\/blog.proclima.com\/de\/2012\/09\/pm-solitex-fronta-humida\/#primaryimage"},"thumbnailUrl":"https:\/\/blog.proclima.com\/de\/files\/2012\/09\/SOLITEX-FRONTA-HUMIDA_ProduktbildJPG-300x222.jpg","keywords":["Herbstneuheiten","SOLITEX FRONTA HUMIDA"],"articleSection":["pro clima"],"inLanguage":"de","potentialAction":[{"@type":"CommentAction","name":"Comment","target":["https:\/\/blog.proclima.com\/de\/2012\/09\/pm-solitex-fronta-humida\/#respond"]}]},{"@type":"WebPage","@id":"https:\/\/blog.proclima.com\/de\/2012\/09\/pm-solitex-fronta-humida\/","url":"https:\/\/blog.proclima.com\/de\/2012\/09\/pm-solitex-fronta-humida\/","name":"Herbstneuheit 2012: Erste Wandschalungsbahn, die exakt auf Holzrahmenkonstruktionen mit Verblendmauerwerk abgestimmt ist: SOLITEX FRONTA HUMIDA &#187; pro clima Blog - Deutschland","isPartOf":{"@id":"https:\/\/blog.proclima.com\/de\/#website"},"primaryImageOfPage":{"@id":"https:\/\/blog.proclima.com\/de\/2012\/09\/pm-solitex-fronta-humida\/#primaryimage"},"image":{"@id":"https:\/\/blog.proclima.com\/de\/2012\/09\/pm-solitex-fronta-humida\/#primaryimage"},"thumbnailUrl":"https:\/\/blog.proclima.com\/de\/files\/2012\/09\/SOLITEX-FRONTA-HUMIDA_ProduktbildJPG-300x222.jpg","datePublished":"2012-09-25T12:23:04+00:00","dateModified":"2012-09-27T13:38:06+00:00","breadcrumb":{"@id":"https:\/\/blog.proclima.com\/de\/2012\/09\/pm-solitex-fronta-humida\/#breadcrumb"},"inLanguage":"de","potentialAction":[{"@type":"ReadAction","target":["https:\/\/blog.proclima.com\/de\/2012\/09\/pm-solitex-fronta-humida\/"]}]},{"@type":"ImageObject","inLanguage":"de","@id":"https:\/\/blog.proclima.com\/de\/2012\/09\/pm-solitex-fronta-humida\/#primaryimage","url":"https:\/\/blog.proclima.com\/de\/files\/2012\/09\/SOLITEX-FRONTA-HUMIDA_ProduktbildJPG.jpg","contentUrl":"https:\/\/blog.proclima.com\/de\/files\/2012\/09\/SOLITEX-FRONTA-HUMIDA_ProduktbildJPG.jpg","width":1800,"height":1336,"caption":"pro clima SOLITEX FRONTA HUMIDA"},{"@type":"BreadcrumbList","@id":"https:\/\/blog.proclima.com\/de\/2012\/09\/pm-solitex-fronta-humida\/#breadcrumb","itemListElement":[{"@type":"ListItem","position":1,"name":"Startseite","item":"https:\/\/blog.proclima.com\/de\/"},{"@type":"ListItem","position":2,"name":"Herbstneuheit 2012: Erste Wandschalungsbahn, die exakt auf Holzrahmenkonstruktionen mit Verblendmauerwerk abgestimmt ist: SOLITEX FRONTA HUMIDA"}]},{"@type":"WebSite","@id":"https:\/\/blog.proclima.com\/de\/#website","url":"https:\/\/blog.proclima.com\/de\/","name":"pro clima Blog - Deutschland","description":"alles was pro clima bewegt","publisher":{"@id":"https:\/\/blog.proclima.com\/de\/#organization"},"potentialAction":[{"@type":"SearchAction","target":{"@type":"EntryPoint","urlTemplate":"https:\/\/blog.proclima.com\/de\/?s={search_term_string}"},"query-input":{"@type":"PropertyValueSpecification","valueRequired":true,"valueName":"search_term_string"}}],"inLanguage":"de"},{"@type":"Organization","@id":"https:\/\/blog.proclima.com\/de\/#organization","name":"pro clima - Moll bau\u00f6kologische Produkte GmbH","url":"https:\/\/blog.proclima.com\/de\/","logo":{"@type":"ImageObject","inLanguage":"de","@id":"https:\/\/blog.proclima.com\/de\/#\/schema\/logo\/image\/","url":"https:\/\/blog.proclima.com\/de\/files\/2020\/04\/Logo-pro-clima.png","contentUrl":"https:\/\/blog.proclima.com\/de\/files\/2020\/04\/Logo-pro-clima.png","width":4210,"height":4881,"caption":"pro clima - Moll bau\u00f6kologische Produkte GmbH"},"image":{"@id":"https:\/\/blog.proclima.com\/de\/#\/schema\/logo\/image\/"},"sameAs":["https:\/\/www.facebook.com\/proclima","https:\/\/x.com\/proclimaDE"]},{"@type":"Person","@id":"https:\/\/blog.proclima.com\/de\/#\/schema\/person\/b3490e20200d5d45b8d56f555ceffc21","name":"Heide Merkel","description":"Fachjournalistin, Referentin, Steuerung Presse &amp; Digitale Medien bei Moll bau\u00f6kologische Produkte GmbH (pro clima). Als Japanologin und ausgebildete Redakteurin ist Heide eher zuf\u00e4llig in der Baubranche gelandet. Seit 2011 arbeitet sie f\u00fcr pro clima. Ihr Wissen zu effektiver Kommunikation gibt sie in Seminaren, Artikeln und Vortr\u00e4gen weiter. F\u00fcr den pro clima Blog, proclima.tv und das pro clima Bauradio interviewt sie interessante Menschen aus der Baubranche. Auf\u00a0 luftdichtheit-gepr\u00fcft.de bloggt Heide \u00fcber Leckagen, Luftdichtung und Qualit\u00e4ts\u00fcberpr\u00fcfung mit Blower-Door-Tests. Ihre Freizeit verbringt sie u.a. in den Vogesen, wo sie seit mehr als f\u00fcnf Jahren ein altes Bauernhaus saniert. Ihr neuestes Projekt:\u00a0 www.besser-als-marketing.de Hier gibt es Tipps, wie Unternehmen in der Baubranche ihre Sichtbarkeit erh\u00f6hen k\u00f6nnen. Die ersten Videos sind bereits online im Youtube Channel Wer mehr \u00fcber Heide Merkel erfahren m\u00f6chte, findet sie auf den g\u00e4ngigen Social Media Plattformen.","url":"https:\/\/blog.proclima.com\/de\/author\/gentner\/"}]}},"canto_acf_fields":"","_links":{"self":[{"href":"https:\/\/blog.proclima.com\/de\/wp-json\/wp\/v2\/posts\/2232","targetHints":{"allow":["GET"]}}],"collection":[{"href":"https:\/\/blog.proclima.com\/de\/wp-json\/wp\/v2\/posts"}],"about":[{"href":"https:\/\/blog.proclima.com\/de\/wp-json\/wp\/v2\/types\/post"}],"author":[{"embeddable":true,"href":"https:\/\/blog.proclima.com\/de\/wp-json\/wp\/v2\/users\/18"}],"replies":[{"embeddable":true,"href":"https:\/\/blog.proclima.com\/de\/wp-json\/wp\/v2\/comments?post=2232"}],"version-history":[{"count":6,"href":"https:\/\/blog.proclima.com\/de\/wp-json\/wp\/v2\/posts\/2232\/revisions"}],"predecessor-version":[{"id":2308,"href":"https:\/\/blog.proclima.com\/de\/wp-json\/wp\/v2\/posts\/2232\/revisions\/2308"}],"wp:attachment":[{"href":"https:\/\/blog.proclima.com\/de\/wp-json\/wp\/v2\/media?parent=2232"}],"wp:term":[{"taxonomy":"category","embeddable":true,"href":"https:\/\/blog.proclima.com\/de\/wp-json\/wp\/v2\/categories?post=2232"},{"taxonomy":"post_tag","embeddable":true,"href":"https:\/\/blog.proclima.com\/de\/wp-json\/wp\/v2\/tags?post=2232"}],"curies":[{"name":"wp","href":"https:\/\/api.w.org\/{rel}","templated":true}]}}