
{"id":2069,"date":"2012-08-12T06:47:59","date_gmt":"2012-08-12T04:47:59","guid":{"rendered":"http:\/\/blog.proclima.com\/de\/?p=2069"},"modified":"2014-07-08T10:29:19","modified_gmt":"2014-07-08T08:29:19","slug":"serie-7-innendaemmung","status":"publish","type":"post","link":"https:\/\/blog.proclima.com\/de\/2012\/08\/serie-7-innendaemmung\/","title":{"rendered":"Serie Grenzen der Innend\u00e4mmung (7) \u2013 D\u00e4mmst\u00e4rken nicht unbegrenzt m\u00f6glich"},"content":{"rendered":"<p align=\"JUSTIFY\"><span style=\"font-family: Arial,sans-serif;\"><span style=\"font-size: medium;\"><strong>D\u00e4mmst\u00e4rken sind nicht unbegrenzt m\u00f6glich, bei mehr als 120 mm steigt das Risiko von Bausch\u00e4den: <\/strong>Die D\u00e4mmst\u00e4rke sollte im Allgemeinen, bei diffusionsoffenen D\u00e4mmungen mit raumseitig verlegter feuchtevariabler Dampfbremse, auf maximal 120 mm beschr\u00e4nkt werden. So besteht auch Sicherheit bei W\u00e4nden, beispielsweise mit Nordorientierung ohne direkte Besonnung, aber Streulicht. <!--more--><\/span><\/span><\/p>\n<p align=\"JUSTIFY\"><span style=\"font-family: Arial,sans-serif;\"><span style=\"font-size: medium;\">Bei S\u00fcdorientierung sind bei diffusionsoffenen Bestandsw\u00e4nden im Einzelfall auch h\u00f6here D\u00e4mmst\u00e4rken m\u00f6glich. Dies bedarf jedoch einer aufwendigen Einzelpr\u00fcfung mit einer dynamischen Feuchtesimulation, wie sie nur von versierten Bauphysikern erstellt werden kann, zum Beispiel mit der Unterst\u00fctzung der Software Wufi.<\/span><\/span><\/p>\n<p align=\"JUSTIFY\"><span style=\"font-family: Arial,sans-serif;\"><span style=\"font-size: medium;\">Auch in Kombination mit diffusionsdichten D\u00e4mmstoffen, die vollfl\u00e4chig auf der Bestandswand verlegt werden (z. B. mit Schaumglas), k\u00f6nnen unter gewissen Umst\u00e4nden verbesserte D\u00e4mmwirkungen der sanierten W\u00e4nde erreicht werden (U-Wert &lt; 0,24 W\/m\u00b2K).<\/span><\/span><\/p>\n<p align=\"JUSTIFY\"><span style=\"font-family: Arial,sans-serif;\"><span style=\"font-size: medium;\"> Der Nachteil dabei ist, dass die Wand als Ganzes dann nicht mehr diffusionsoffen ist. Eine Trocknung kann nicht mehr durch die ganze Wand hindurch, sondern nur noch f\u00fcr den inneren Teil nach innen und den \u00e4u\u00dferen Teil nach au\u00dfen erfolgen. <\/span><\/span><\/p>\n<p align=\"JUSTIFY\"><span style=\"font-family: Arial,sans-serif;\"><span style=\"font-size: medium;\"><strong>Was bei der Ausf\u00fchrung einer Innend\u00e4mmung zu beachten ist:<\/strong><\/span><\/span><\/p>\n<ul>\n<li>\n<p align=\"JUSTIFY\"><span style=\"font-family: Arial,sans-serif;\"><span style=\"font-size: medium;\">Alte Wand muss trocken sein (aufsteigende Feuchte unterbinden\/frische Putze durchtrocknen lassen).<\/span><\/span><\/p>\n<\/li>\n<li>\n<p align=\"JUSTIFY\"><span style=\"font-family: Arial,sans-serif;\"><span style=\"font-size: medium;\">Die D\u00e4mmung sollte faserf\u00f6rmig und diffusionsoffen sein.<\/span><\/span><\/p>\n<\/li>\n<li>\n<p align=\"JUSTIFY\"><span style=\"font-family: Arial,sans-serif;\"><span style=\"font-size: medium;\">Die D\u00e4mmst\u00e4rke sollte je nach Konstruktion nicht mehr als 120 mm betragen. H\u00f6here D\u00e4mmst\u00e4rken nur mit Einzelpr\u00fcfung.<\/span><\/span><\/p>\n<\/li>\n<li>\n<p align=\"JUSTIFY\"><span style=\"font-family: Arial,sans-serif;\"><span style=\"font-size: medium;\">Innen luftdicht verlegte feuchtevariable Dampfbremsen in Kombination mit einen diffusionsoffenen Innenausbau verwenden (keine Dreischichtplatten oder OSB als Innenverkleidung).<\/span><\/span><\/p>\n<\/li>\n<\/ul>\n<p align=\"JUSTIFY\"><strong>Artikel der Serie Grenzen der Innend\u00e4mmung<br \/>\n<\/strong><\/p>\n<p><strong>0.Start der Serie: Grenzen der Innend\u00e4mmung<\/strong><br \/>\n<a href=\"https:\/\/blog.proclima.com\/de\/2012\/08\/serie-0-innendaemmung\/\" target=\"_blank\">https:\/\/blog.proclima.com\/de\/2012\/08\/serie-0-innendaemmung\/<\/a><br \/>\n<strong>1. Alte und neue Standards: ein Praxisbeispiel aus der Schweiz<\/strong><br \/>\n<a href=\"https:\/\/blog.proclima.com\/de\/2012\/08\/serie-1-innendaemmung\/\" target=\"_blank\">https:\/\/blog.proclima.com\/de\/2012\/08\/serie-1-innendaemmung\/<\/a><br \/>\n<strong>2. Gr\u00fcnde f\u00fcr eine Innend\u00e4mmung<\/strong><br \/>\n<a href=\"https:\/\/blog.proclima.com\/de\/2012\/08\/serie-2-innendammung\/\" target=\"_blank\">https:\/\/blog.proclima.com\/de\/2012\/08\/serie-2-innendammung\/<\/a><br \/>\n<strong>3. Unter welchen Voraussetzungen eine Innend\u00e4mmung m\u00f6glich ist<\/strong><br \/>\n<a href=\"https:\/\/blog.proclima.com\/de\/2012\/08\/serie-3-innendaemmung\/\" target=\"_blank\">https:\/\/blog.proclima.com\/de\/2012\/08\/serie-3-innendaemmung\/<\/a><br \/>\n<strong>4. Was bei der Ausf\u00fchrung einer Innend\u00e4mmung zu beachten ist<\/strong><br \/>\n<a href=\"https:\/\/blog.proclima.com\/de\/2012\/08\/serie-4-innendammung\/\" target=\"_blank\">https:\/\/blog.proclima.com\/de\/2012\/08\/serie-4-innendammung\/<\/a><br \/>\n<strong>5. Welche U-Werte sind machbar?<\/strong><br \/>\n<a href=\"https:\/\/blog.proclima.com\/de\/2012\/08\/serie-5-innendaemmung\/\" target=\"_blank\">https:\/\/blog.proclima.com\/de\/2012\/08\/serie-5-innendaemmung\/<\/a><br \/>\n<strong>6. Beschaffung des Bestandswand und Dichtung der Geb\u00e4udeh\u00fclle mit Innenputz<\/strong><br \/>\n<a href=\"https:\/\/blog.proclima.com\/de\/2012\/08\/serie-6-innendaemmung\/\" target=\"_blank\">https:\/\/blog.proclima.com\/de\/2012\/08\/serie-6-innendaemmung\/<\/a><br \/>\n<strong>7. D\u00e4mmst\u00e4rken nicht unbegrenzt m\u00f6glich<\/strong><br \/>\n<a href=\"https:\/\/blog.proclima.com\/de\/2012\/08\/serie-7-innendaemmung\/\" target=\"_blank\">https:\/\/blog.proclima.com\/de\/2012\/08\/serie-7-innendaemmung\/<\/a><br \/>\n<strong>8. W\u00e4rmebr\u00fccken und luftdichter Anschluss ans Fenster<\/strong><br \/>\n<a href=\"https:\/\/blog.proclima.com\/de\/2012\/08\/serie-8-innendaemmung\/\" target=\"_blank\">https:\/\/blog.proclima.com\/de\/2012\/08\/serie-8-innendaemmung\/<\/a><\/p>\n<p>&nbsp;<\/p>\n<p align=\"JUSTIFY\"><span style=\"font-family: Arial,sans-serif;\"><span style=\"font-size: medium;\"><strong><br \/>\n<\/strong><\/span><\/span><\/p>\n","protected":false},"excerpt":{"rendered":"<p>D\u00e4mmst\u00e4rken sind nicht unbegrenzt m\u00f6glich, bei mehr als 120 mm steigt das Risiko von Bausch\u00e4den: Die D\u00e4mmst\u00e4rke sollte im Allgemeinen, bei diffusionsoffenen D\u00e4mmungen mit raumseitig <a href=\"https:\/\/blog.proclima.com\/de\/2012\/08\/serie-7-innendaemmung\/\" rel=\"bookmark\">&#8230;<\/a><\/p>\n","protected":false},"author":18,"featured_media":0,"comment_status":"open","ping_status":"open","sticky":false,"template":"","format":"standard","meta":{"footnotes":""},"categories":[1],"tags":[363],"class_list":["post-2069","post","type-post","status-publish","format-standard","hentry","category-proclima","tag-bauschaden"],"yoast_head":"<!-- This site is optimized with the Yoast SEO plugin v27.5 - https:\/\/yoast.com\/product\/yoast-seo-wordpress\/ -->\n<title>Serie Grenzen der Innend\u00e4mmung (7) \u2013 D\u00e4mmst\u00e4rken nicht unbegrenzt m\u00f6glich  &#187; pro clima Blog - Deutschland<\/title>\n<meta name=\"robots\" content=\"index, follow, max-snippet:-1, max-image-preview:large, max-video-preview:-1\" \/>\n<link rel=\"canonical\" href=\"https:\/\/blog.proclima.com\/de\/2012\/08\/serie-7-innendaemmung\/\" \/>\n<meta property=\"og:locale\" content=\"de_DE\" \/>\n<meta property=\"og:type\" content=\"article\" \/>\n<meta property=\"og:title\" content=\"Serie Grenzen der Innend\u00e4mmung (7) \u2013 D\u00e4mmst\u00e4rken nicht unbegrenzt m\u00f6glich  &#187; pro clima Blog - Deutschland\" \/>\n<meta property=\"og:description\" content=\"D\u00e4mmst\u00e4rken sind nicht unbegrenzt m\u00f6glich, bei mehr als 120 mm steigt das Risiko von Bausch\u00e4den: Die D\u00e4mmst\u00e4rke sollte im Allgemeinen, bei diffusionsoffenen D\u00e4mmungen mit raumseitig ...\" \/>\n<meta property=\"og:url\" content=\"https:\/\/blog.proclima.com\/de\/2012\/08\/serie-7-innendaemmung\/\" \/>\n<meta property=\"og:site_name\" content=\"pro clima Blog - Deutschland\" \/>\n<meta property=\"article:publisher\" content=\"https:\/\/www.facebook.com\/proclima\" \/>\n<meta property=\"article:published_time\" content=\"2012-08-12T04:47:59+00:00\" \/>\n<meta property=\"article:modified_time\" content=\"2014-07-08T08:29:19+00:00\" \/>\n<meta name=\"author\" content=\"Heide Merkel\" \/>\n<meta name=\"twitter:card\" content=\"summary_large_image\" \/>\n<meta name=\"twitter:creator\" content=\"@proclimaDE\" \/>\n<meta name=\"twitter:site\" content=\"@proclimaDE\" \/>\n<meta name=\"twitter:label1\" content=\"Verfasst von\" \/>\n\t<meta name=\"twitter:data1\" content=\"Heide Merkel\" \/>\n\t<meta name=\"twitter:label2\" content=\"Gesch\u00e4tzte Lesezeit\" \/>\n\t<meta name=\"twitter:data2\" content=\"2\u00a0Minuten\" \/>\n<script type=\"application\/ld+json\" class=\"yoast-schema-graph\">{\"@context\":\"https:\\\/\\\/schema.org\",\"@graph\":[{\"@type\":\"Article\",\"@id\":\"https:\\\/\\\/blog.proclima.com\\\/de\\\/2012\\\/08\\\/serie-7-innendaemmung\\\/#article\",\"isPartOf\":{\"@id\":\"https:\\\/\\\/blog.proclima.com\\\/de\\\/2012\\\/08\\\/serie-7-innendaemmung\\\/\"},\"author\":{\"name\":\"Heide Merkel\",\"@id\":\"https:\\\/\\\/blog.proclima.com\\\/de\\\/#\\\/schema\\\/person\\\/b3490e20200d5d45b8d56f555ceffc21\"},\"headline\":\"Serie Grenzen der Innend\u00e4mmung (7) \u2013 D\u00e4mmst\u00e4rken nicht unbegrenzt m\u00f6glich\",\"datePublished\":\"2012-08-12T04:47:59+00:00\",\"dateModified\":\"2014-07-08T08:29:19+00:00\",\"mainEntityOfPage\":{\"@id\":\"https:\\\/\\\/blog.proclima.com\\\/de\\\/2012\\\/08\\\/serie-7-innendaemmung\\\/\"},\"wordCount\":412,\"commentCount\":3,\"publisher\":{\"@id\":\"https:\\\/\\\/blog.proclima.com\\\/de\\\/#organization\"},\"keywords\":[\"Bausch\u00e4den\"],\"articleSection\":[\"pro clima\"],\"inLanguage\":\"de\",\"potentialAction\":[{\"@type\":\"CommentAction\",\"name\":\"Comment\",\"target\":[\"https:\\\/\\\/blog.proclima.com\\\/de\\\/2012\\\/08\\\/serie-7-innendaemmung\\\/#respond\"]}]},{\"@type\":\"WebPage\",\"@id\":\"https:\\\/\\\/blog.proclima.com\\\/de\\\/2012\\\/08\\\/serie-7-innendaemmung\\\/\",\"url\":\"https:\\\/\\\/blog.proclima.com\\\/de\\\/2012\\\/08\\\/serie-7-innendaemmung\\\/\",\"name\":\"Serie Grenzen der Innend\u00e4mmung (7) \u2013 D\u00e4mmst\u00e4rken nicht unbegrenzt m\u00f6glich &#187; pro clima Blog - Deutschland\",\"isPartOf\":{\"@id\":\"https:\\\/\\\/blog.proclima.com\\\/de\\\/#website\"},\"datePublished\":\"2012-08-12T04:47:59+00:00\",\"dateModified\":\"2014-07-08T08:29:19+00:00\",\"breadcrumb\":{\"@id\":\"https:\\\/\\\/blog.proclima.com\\\/de\\\/2012\\\/08\\\/serie-7-innendaemmung\\\/#breadcrumb\"},\"inLanguage\":\"de\",\"potentialAction\":[{\"@type\":\"ReadAction\",\"target\":[\"https:\\\/\\\/blog.proclima.com\\\/de\\\/2012\\\/08\\\/serie-7-innendaemmung\\\/\"]}]},{\"@type\":\"BreadcrumbList\",\"@id\":\"https:\\\/\\\/blog.proclima.com\\\/de\\\/2012\\\/08\\\/serie-7-innendaemmung\\\/#breadcrumb\",\"itemListElement\":[{\"@type\":\"ListItem\",\"position\":1,\"name\":\"Startseite\",\"item\":\"https:\\\/\\\/blog.proclima.com\\\/de\\\/\"},{\"@type\":\"ListItem\",\"position\":2,\"name\":\"Serie Grenzen der Innend\u00e4mmung (7) \u2013 D\u00e4mmst\u00e4rken nicht unbegrenzt m\u00f6glich\"}]},{\"@type\":\"WebSite\",\"@id\":\"https:\\\/\\\/blog.proclima.com\\\/de\\\/#website\",\"url\":\"https:\\\/\\\/blog.proclima.com\\\/de\\\/\",\"name\":\"pro clima Blog - Deutschland\",\"description\":\"alles was pro clima bewegt\",\"publisher\":{\"@id\":\"https:\\\/\\\/blog.proclima.com\\\/de\\\/#organization\"},\"potentialAction\":[{\"@type\":\"SearchAction\",\"target\":{\"@type\":\"EntryPoint\",\"urlTemplate\":\"https:\\\/\\\/blog.proclima.com\\\/de\\\/?s={search_term_string}\"},\"query-input\":{\"@type\":\"PropertyValueSpecification\",\"valueRequired\":true,\"valueName\":\"search_term_string\"}}],\"inLanguage\":\"de\"},{\"@type\":\"Organization\",\"@id\":\"https:\\\/\\\/blog.proclima.com\\\/de\\\/#organization\",\"name\":\"pro clima - Moll bau\u00f6kologische Produkte GmbH\",\"url\":\"https:\\\/\\\/blog.proclima.com\\\/de\\\/\",\"logo\":{\"@type\":\"ImageObject\",\"inLanguage\":\"de\",\"@id\":\"https:\\\/\\\/blog.proclima.com\\\/de\\\/#\\\/schema\\\/logo\\\/image\\\/\",\"url\":\"https:\\\/\\\/blog.proclima.com\\\/de\\\/files\\\/2020\\\/04\\\/Logo-pro-clima.png\",\"contentUrl\":\"https:\\\/\\\/blog.proclima.com\\\/de\\\/files\\\/2020\\\/04\\\/Logo-pro-clima.png\",\"width\":4210,\"height\":4881,\"caption\":\"pro clima - Moll bau\u00f6kologische Produkte GmbH\"},\"image\":{\"@id\":\"https:\\\/\\\/blog.proclima.com\\\/de\\\/#\\\/schema\\\/logo\\\/image\\\/\"},\"sameAs\":[\"https:\\\/\\\/www.facebook.com\\\/proclima\",\"https:\\\/\\\/x.com\\\/proclimaDE\"]},{\"@type\":\"Person\",\"@id\":\"https:\\\/\\\/blog.proclima.com\\\/de\\\/#\\\/schema\\\/person\\\/b3490e20200d5d45b8d56f555ceffc21\",\"name\":\"Heide Merkel\",\"description\":\"Fachjournalistin, Referentin, Steuerung Presse &amp; Digitale Medien bei Moll bau\u00f6kologische Produkte GmbH (pro clima). Als Japanologin und ausgebildete Redakteurin ist Heide eher zuf\u00e4llig in der Baubranche gelandet. Seit 2011 arbeitet sie f\u00fcr pro clima. Ihr Wissen zu effektiver Kommunikation gibt sie in Seminaren, Artikeln und Vortr\u00e4gen weiter. F\u00fcr den pro clima Blog, proclima.tv und das pro clima Bauradio interviewt sie interessante Menschen aus der Baubranche. Auf\u00a0 luftdichtheit-gepr\u00fcft.de bloggt Heide \u00fcber Leckagen, Luftdichtung und Qualit\u00e4ts\u00fcberpr\u00fcfung mit Blower-Door-Tests. Ihre Freizeit verbringt sie u.a. in den Vogesen, wo sie seit mehr als f\u00fcnf Jahren ein altes Bauernhaus saniert. Ihr neuestes Projekt:\u00a0 www.besser-als-marketing.de Hier gibt es Tipps, wie Unternehmen in der Baubranche ihre Sichtbarkeit erh\u00f6hen k\u00f6nnen. Die ersten Videos sind bereits online im Youtube Channel Wer mehr \u00fcber Heide Merkel erfahren m\u00f6chte, findet sie auf den g\u00e4ngigen Social Media Plattformen.\",\"url\":\"https:\\\/\\\/blog.proclima.com\\\/de\\\/author\\\/gentner\\\/\"}]}<\/script>\n<!-- \/ Yoast SEO plugin. -->","yoast_head_json":{"title":"Serie Grenzen der Innend\u00e4mmung (7) \u2013 D\u00e4mmst\u00e4rken nicht unbegrenzt m\u00f6glich  &#187; pro clima Blog - Deutschland","robots":{"index":"index","follow":"follow","max-snippet":"max-snippet:-1","max-image-preview":"max-image-preview:large","max-video-preview":"max-video-preview:-1"},"canonical":"https:\/\/blog.proclima.com\/de\/2012\/08\/serie-7-innendaemmung\/","og_locale":"de_DE","og_type":"article","og_title":"Serie Grenzen der Innend\u00e4mmung (7) \u2013 D\u00e4mmst\u00e4rken nicht unbegrenzt m\u00f6glich  &#187; pro clima Blog - Deutschland","og_description":"D\u00e4mmst\u00e4rken sind nicht unbegrenzt m\u00f6glich, bei mehr als 120 mm steigt das Risiko von Bausch\u00e4den: Die D\u00e4mmst\u00e4rke sollte im Allgemeinen, bei diffusionsoffenen D\u00e4mmungen mit raumseitig ...","og_url":"https:\/\/blog.proclima.com\/de\/2012\/08\/serie-7-innendaemmung\/","og_site_name":"pro clima Blog - Deutschland","article_publisher":"https:\/\/www.facebook.com\/proclima","article_published_time":"2012-08-12T04:47:59+00:00","article_modified_time":"2014-07-08T08:29:19+00:00","author":"Heide Merkel","twitter_card":"summary_large_image","twitter_creator":"@proclimaDE","twitter_site":"@proclimaDE","twitter_misc":{"Verfasst von":"Heide Merkel","Gesch\u00e4tzte Lesezeit":"2\u00a0Minuten"},"schema":{"@context":"https:\/\/schema.org","@graph":[{"@type":"Article","@id":"https:\/\/blog.proclima.com\/de\/2012\/08\/serie-7-innendaemmung\/#article","isPartOf":{"@id":"https:\/\/blog.proclima.com\/de\/2012\/08\/serie-7-innendaemmung\/"},"author":{"name":"Heide Merkel","@id":"https:\/\/blog.proclima.com\/de\/#\/schema\/person\/b3490e20200d5d45b8d56f555ceffc21"},"headline":"Serie Grenzen der Innend\u00e4mmung (7) \u2013 D\u00e4mmst\u00e4rken nicht unbegrenzt m\u00f6glich","datePublished":"2012-08-12T04:47:59+00:00","dateModified":"2014-07-08T08:29:19+00:00","mainEntityOfPage":{"@id":"https:\/\/blog.proclima.com\/de\/2012\/08\/serie-7-innendaemmung\/"},"wordCount":412,"commentCount":3,"publisher":{"@id":"https:\/\/blog.proclima.com\/de\/#organization"},"keywords":["Bausch\u00e4den"],"articleSection":["pro clima"],"inLanguage":"de","potentialAction":[{"@type":"CommentAction","name":"Comment","target":["https:\/\/blog.proclima.com\/de\/2012\/08\/serie-7-innendaemmung\/#respond"]}]},{"@type":"WebPage","@id":"https:\/\/blog.proclima.com\/de\/2012\/08\/serie-7-innendaemmung\/","url":"https:\/\/blog.proclima.com\/de\/2012\/08\/serie-7-innendaemmung\/","name":"Serie Grenzen der Innend\u00e4mmung (7) \u2013 D\u00e4mmst\u00e4rken nicht unbegrenzt m\u00f6glich &#187; pro clima Blog - Deutschland","isPartOf":{"@id":"https:\/\/blog.proclima.com\/de\/#website"},"datePublished":"2012-08-12T04:47:59+00:00","dateModified":"2014-07-08T08:29:19+00:00","breadcrumb":{"@id":"https:\/\/blog.proclima.com\/de\/2012\/08\/serie-7-innendaemmung\/#breadcrumb"},"inLanguage":"de","potentialAction":[{"@type":"ReadAction","target":["https:\/\/blog.proclima.com\/de\/2012\/08\/serie-7-innendaemmung\/"]}]},{"@type":"BreadcrumbList","@id":"https:\/\/blog.proclima.com\/de\/2012\/08\/serie-7-innendaemmung\/#breadcrumb","itemListElement":[{"@type":"ListItem","position":1,"name":"Startseite","item":"https:\/\/blog.proclima.com\/de\/"},{"@type":"ListItem","position":2,"name":"Serie Grenzen der Innend\u00e4mmung (7) \u2013 D\u00e4mmst\u00e4rken nicht unbegrenzt m\u00f6glich"}]},{"@type":"WebSite","@id":"https:\/\/blog.proclima.com\/de\/#website","url":"https:\/\/blog.proclima.com\/de\/","name":"pro clima Blog - Deutschland","description":"alles was pro clima bewegt","publisher":{"@id":"https:\/\/blog.proclima.com\/de\/#organization"},"potentialAction":[{"@type":"SearchAction","target":{"@type":"EntryPoint","urlTemplate":"https:\/\/blog.proclima.com\/de\/?s={search_term_string}"},"query-input":{"@type":"PropertyValueSpecification","valueRequired":true,"valueName":"search_term_string"}}],"inLanguage":"de"},{"@type":"Organization","@id":"https:\/\/blog.proclima.com\/de\/#organization","name":"pro clima - Moll bau\u00f6kologische Produkte GmbH","url":"https:\/\/blog.proclima.com\/de\/","logo":{"@type":"ImageObject","inLanguage":"de","@id":"https:\/\/blog.proclima.com\/de\/#\/schema\/logo\/image\/","url":"https:\/\/blog.proclima.com\/de\/files\/2020\/04\/Logo-pro-clima.png","contentUrl":"https:\/\/blog.proclima.com\/de\/files\/2020\/04\/Logo-pro-clima.png","width":4210,"height":4881,"caption":"pro clima - Moll bau\u00f6kologische Produkte GmbH"},"image":{"@id":"https:\/\/blog.proclima.com\/de\/#\/schema\/logo\/image\/"},"sameAs":["https:\/\/www.facebook.com\/proclima","https:\/\/x.com\/proclimaDE"]},{"@type":"Person","@id":"https:\/\/blog.proclima.com\/de\/#\/schema\/person\/b3490e20200d5d45b8d56f555ceffc21","name":"Heide Merkel","description":"Fachjournalistin, Referentin, Steuerung Presse &amp; Digitale Medien bei Moll bau\u00f6kologische Produkte GmbH (pro clima). Als Japanologin und ausgebildete Redakteurin ist Heide eher zuf\u00e4llig in der Baubranche gelandet. Seit 2011 arbeitet sie f\u00fcr pro clima. Ihr Wissen zu effektiver Kommunikation gibt sie in Seminaren, Artikeln und Vortr\u00e4gen weiter. F\u00fcr den pro clima Blog, proclima.tv und das pro clima Bauradio interviewt sie interessante Menschen aus der Baubranche. Auf\u00a0 luftdichtheit-gepr\u00fcft.de bloggt Heide \u00fcber Leckagen, Luftdichtung und Qualit\u00e4ts\u00fcberpr\u00fcfung mit Blower-Door-Tests. Ihre Freizeit verbringt sie u.a. in den Vogesen, wo sie seit mehr als f\u00fcnf Jahren ein altes Bauernhaus saniert. Ihr neuestes Projekt:\u00a0 www.besser-als-marketing.de Hier gibt es Tipps, wie Unternehmen in der Baubranche ihre Sichtbarkeit erh\u00f6hen k\u00f6nnen. Die ersten Videos sind bereits online im Youtube Channel Wer mehr \u00fcber Heide Merkel erfahren m\u00f6chte, findet sie auf den g\u00e4ngigen Social Media Plattformen.","url":"https:\/\/blog.proclima.com\/de\/author\/gentner\/"}]}},"canto_acf_fields":"","_links":{"self":[{"href":"https:\/\/blog.proclima.com\/de\/wp-json\/wp\/v2\/posts\/2069","targetHints":{"allow":["GET"]}}],"collection":[{"href":"https:\/\/blog.proclima.com\/de\/wp-json\/wp\/v2\/posts"}],"about":[{"href":"https:\/\/blog.proclima.com\/de\/wp-json\/wp\/v2\/types\/post"}],"author":[{"embeddable":true,"href":"https:\/\/blog.proclima.com\/de\/wp-json\/wp\/v2\/users\/18"}],"replies":[{"embeddable":true,"href":"https:\/\/blog.proclima.com\/de\/wp-json\/wp\/v2\/comments?post=2069"}],"version-history":[{"count":11,"href":"https:\/\/blog.proclima.com\/de\/wp-json\/wp\/v2\/posts\/2069\/revisions"}],"predecessor-version":[{"id":3871,"href":"https:\/\/blog.proclima.com\/de\/wp-json\/wp\/v2\/posts\/2069\/revisions\/3871"}],"wp:attachment":[{"href":"https:\/\/blog.proclima.com\/de\/wp-json\/wp\/v2\/media?parent=2069"}],"wp:term":[{"taxonomy":"category","embeddable":true,"href":"https:\/\/blog.proclima.com\/de\/wp-json\/wp\/v2\/categories?post=2069"},{"taxonomy":"post_tag","embeddable":true,"href":"https:\/\/blog.proclima.com\/de\/wp-json\/wp\/v2\/tags?post=2069"}],"curies":[{"name":"wp","href":"https:\/\/api.w.org\/{rel}","templated":true}]}}