
{"id":169,"date":"2011-08-24T09:25:48","date_gmt":"2011-08-24T07:25:48","guid":{"rendered":"http:\/\/blog.proclima.com\/de\/?p=169"},"modified":"2011-08-22T16:58:19","modified_gmt":"2011-08-22T14:58:19","slug":"der-kabelbaum","status":"publish","type":"post","link":"https:\/\/blog.proclima.com\/de\/2011\/08\/der-kabelbaum\/","title":{"rendered":"Serie \u201cDetaill\u00f6sungen\u201d \u2013 Der Kabelbaum"},"content":{"rendered":"<p style=\"text-align: center;\">Man sagt, Bilder sagen mehr als Worte. Deswegen bringen wir ab sofort regelm\u00e4ssig Bilder mit Detaill\u00f6sungen von pro clima Produkten.<\/p>\n<p style=\"text-align: center;\"><a href=\"https:\/\/blog.proclima.com\/de\/files\/2011\/08\/Kaflex-Multi.jpg\"><img loading=\"lazy\" decoding=\"async\" class=\"aligncenter size-large wp-image-172\" src=\"https:\/\/blog.proclima.com\/de\/files\/2011\/08\/Kaflex-Multi-1024x738.jpg\" alt=\"\" width=\"620\" height=\"446\" \/><\/a><\/p>\n<p>Heute ist die Kabelbaum-Manschette <a href=\"http:\/\/www.wissenwiki.de\/KAFLEX_multi\">KAFLEX multi<\/a> an der Reihe. Sie bietet<\/p>\n<ul>\n<li>Eine sichere L\u00f6sung f\u00fcr bis zu 16 Kabel von 6-12 mm auf einer Fl\u00e4che von 14\u00d714 cm,<\/li>\n<li>Ist besonders geeignet die luftdichte Durchf\u00fchrung von SAT-Kabeln wie auf dem Bild<\/li>\n<li>Sie besteht aus hochwertigem <a title=\"EPDM\" href=\"http:\/\/www.wissenwiki.de\/EPDM\">EPDM<\/a> und ist extrem flexibel und dehnbar,<\/li>\n<li>Ist auch f\u00fcr Durchdringungen im <a title=\"Unterdach\" href=\"http:\/\/www.wissenwiki.de\/Unterdach\">Unterdach<\/a> geeignet<\/li>\n<li>Die Kabel k\u00f6nnen nachtr\u00e4glich geschoben oder gezogen werden<\/li>\n<\/ul>\n<p>Je nach Anzahl Kabel werden mit dem Stanzwerkzeug entsprechende Durchdringungen erstellt. Die beiliegende Stanzschablone sorgt f\u00fcr die Einhaltung der Abst\u00e4nde der Kabel untereinander und zum Rand. Die Kabel werden anschlie\u00dfend durch die L\u00f6cher gef\u00fchrt und durch das dehnf\u00e4hige <a title=\"EPDM\" href=\"http:\/\/www.wissenwiki.de\/EPDM\">EPDM<\/a> dauerhaft dicht angeschlossen.Die Manschette wird dann mit dem beigef\u00fcgten Klebeband <a title=\"TESCON No.1\" href=\"http:\/\/www.wissenwiki.de\/TESCON_No.1\">TESCON No.1<\/a>\u00a0 auf geeignetem Untergrund verklebt.<\/p>\n<p>Neben der <a href=\"http:\/\/www.wissenwiki.de\/KAFLEX_multi\">KAFLEX multi<\/a>, gibt es \u00fcbrigens noch eine <a href=\"http:\/\/www.wissenwiki.de\/ROFLEX_20_multi\">ROFLEX 20 multi<\/a> f\u00fcr bis zu 9 Leerrohre &amp; dicke Kabel von 15-30 mm<\/p>\n","protected":false},"excerpt":{"rendered":"<p>Man sagt, Bilder sagen mehr als Worte. Deswegen bringen wir ab sofort regelm\u00e4ssig Bilder mit Detaill\u00f6sungen von pro clima Produkten. Heute ist die Kabelbaum-Manschette KAFLEX <a href=\"https:\/\/blog.proclima.com\/de\/2011\/08\/der-kabelbaum\/\" rel=\"bookmark\">&#8230;<\/a><\/p>\n","protected":false},"author":8,"featured_media":0,"comment_status":"open","ping_status":"open","sticky":false,"template":"","format":"standard","meta":{"footnotes":""},"categories":[1],"tags":[79,78,73,75,74,72],"class_list":["post-169","post","type-post","status-publish","format-standard","hentry","category-proclima","tag-detail","tag-durchdringungen","tag-kabelbaum","tag-kaflex","tag-roflex","tag-serie-detaillosungen"],"yoast_head":"<!-- This site is optimized with the Yoast SEO plugin v27.5 - https:\/\/yoast.com\/product\/yoast-seo-wordpress\/ -->\n<title>Serie \u201cDetaill\u00f6sungen\u201d \u2013 Der Kabelbaum &#187; pro clima Blog - Deutschland<\/title>\n<meta name=\"robots\" content=\"index, follow, max-snippet:-1, max-image-preview:large, max-video-preview:-1\" \/>\n<link rel=\"canonical\" href=\"https:\/\/blog.proclima.com\/de\/2011\/08\/der-kabelbaum\/\" \/>\n<meta property=\"og:locale\" content=\"de_DE\" \/>\n<meta property=\"og:type\" content=\"article\" \/>\n<meta property=\"og:title\" content=\"Serie \u201cDetaill\u00f6sungen\u201d \u2013 Der Kabelbaum &#187; pro clima Blog - Deutschland\" \/>\n<meta property=\"og:description\" content=\"Man sagt, Bilder sagen mehr als Worte. Deswegen bringen wir ab sofort regelm\u00e4ssig Bilder mit Detaill\u00f6sungen von pro clima Produkten. Heute ist die Kabelbaum-Manschette KAFLEX ...\" \/>\n<meta property=\"og:url\" content=\"https:\/\/blog.proclima.com\/de\/2011\/08\/der-kabelbaum\/\" \/>\n<meta property=\"og:site_name\" content=\"pro clima Blog - Deutschland\" \/>\n<meta property=\"article:publisher\" content=\"https:\/\/www.facebook.com\/proclima\" \/>\n<meta property=\"article:published_time\" content=\"2011-08-24T07:25:48+00:00\" \/>\n<meta property=\"og:image\" content=\"https:\/\/blog.proclima.com\/de\/files\/2011\/08\/Kaflex-Multi-scaled.jpg\" \/>\n\t<meta property=\"og:image:width\" content=\"2560\" \/>\n\t<meta property=\"og:image:height\" content=\"1846\" \/>\n\t<meta property=\"og:image:type\" content=\"image\/jpeg\" \/>\n<meta name=\"author\" content=\"Michael Wehrli\" \/>\n<meta name=\"twitter:card\" content=\"summary_large_image\" \/>\n<meta name=\"twitter:creator\" content=\"@proclimaDE\" \/>\n<meta name=\"twitter:site\" content=\"@proclimaDE\" \/>\n<meta name=\"twitter:label1\" content=\"Verfasst von\" \/>\n\t<meta name=\"twitter:data1\" content=\"Michael Wehrli\" \/>\n\t<meta name=\"twitter:label2\" content=\"Gesch\u00e4tzte Lesezeit\" \/>\n\t<meta name=\"twitter:data2\" content=\"1\u00a0Minute\" \/>\n<script type=\"application\/ld+json\" class=\"yoast-schema-graph\">{\"@context\":\"https:\\\/\\\/schema.org\",\"@graph\":[{\"@type\":\"Article\",\"@id\":\"https:\\\/\\\/blog.proclima.com\\\/de\\\/2011\\\/08\\\/der-kabelbaum\\\/#article\",\"isPartOf\":{\"@id\":\"https:\\\/\\\/blog.proclima.com\\\/de\\\/2011\\\/08\\\/der-kabelbaum\\\/\"},\"author\":{\"name\":\"Michael Wehrli\",\"@id\":\"https:\\\/\\\/blog.proclima.com\\\/de\\\/#\\\/schema\\\/person\\\/3fc63f667dfacb2f924774e3c21d679a\"},\"headline\":\"Serie \u201cDetaill\u00f6sungen\u201d \u2013 Der Kabelbaum\",\"datePublished\":\"2011-08-24T07:25:48+00:00\",\"mainEntityOfPage\":{\"@id\":\"https:\\\/\\\/blog.proclima.com\\\/de\\\/2011\\\/08\\\/der-kabelbaum\\\/\"},\"wordCount\":183,\"commentCount\":1,\"publisher\":{\"@id\":\"https:\\\/\\\/blog.proclima.com\\\/de\\\/#organization\"},\"image\":{\"@id\":\"https:\\\/\\\/blog.proclima.com\\\/de\\\/2011\\\/08\\\/der-kabelbaum\\\/#primaryimage\"},\"thumbnailUrl\":\"https:\\\/\\\/blog.proclima.com\\\/de\\\/files\\\/2011\\\/08\\\/Kaflex-Multi-1024x738.jpg\",\"keywords\":[\"Detail\",\"Durchdringungen\",\"Kabelbaum\",\"KAFLEX\",\"ROFLEX\",\"Serie \\\"Detaill\u00f6sungen\\\"\"],\"articleSection\":[\"pro clima\"],\"inLanguage\":\"de\",\"potentialAction\":[{\"@type\":\"CommentAction\",\"name\":\"Comment\",\"target\":[\"https:\\\/\\\/blog.proclima.com\\\/de\\\/2011\\\/08\\\/der-kabelbaum\\\/#respond\"]}]},{\"@type\":\"WebPage\",\"@id\":\"https:\\\/\\\/blog.proclima.com\\\/de\\\/2011\\\/08\\\/der-kabelbaum\\\/\",\"url\":\"https:\\\/\\\/blog.proclima.com\\\/de\\\/2011\\\/08\\\/der-kabelbaum\\\/\",\"name\":\"Serie \u201cDetaill\u00f6sungen\u201d \u2013 Der Kabelbaum &#187; pro clima Blog - Deutschland\",\"isPartOf\":{\"@id\":\"https:\\\/\\\/blog.proclima.com\\\/de\\\/#website\"},\"primaryImageOfPage\":{\"@id\":\"https:\\\/\\\/blog.proclima.com\\\/de\\\/2011\\\/08\\\/der-kabelbaum\\\/#primaryimage\"},\"image\":{\"@id\":\"https:\\\/\\\/blog.proclima.com\\\/de\\\/2011\\\/08\\\/der-kabelbaum\\\/#primaryimage\"},\"thumbnailUrl\":\"https:\\\/\\\/blog.proclima.com\\\/de\\\/files\\\/2011\\\/08\\\/Kaflex-Multi-1024x738.jpg\",\"datePublished\":\"2011-08-24T07:25:48+00:00\",\"breadcrumb\":{\"@id\":\"https:\\\/\\\/blog.proclima.com\\\/de\\\/2011\\\/08\\\/der-kabelbaum\\\/#breadcrumb\"},\"inLanguage\":\"de\",\"potentialAction\":[{\"@type\":\"ReadAction\",\"target\":[\"https:\\\/\\\/blog.proclima.com\\\/de\\\/2011\\\/08\\\/der-kabelbaum\\\/\"]}]},{\"@type\":\"ImageObject\",\"inLanguage\":\"de\",\"@id\":\"https:\\\/\\\/blog.proclima.com\\\/de\\\/2011\\\/08\\\/der-kabelbaum\\\/#primaryimage\",\"url\":\"https:\\\/\\\/blog.proclima.com\\\/de\\\/files\\\/2011\\\/08\\\/Kaflex-Multi-scaled.jpg\",\"contentUrl\":\"https:\\\/\\\/blog.proclima.com\\\/de\\\/files\\\/2011\\\/08\\\/Kaflex-Multi-scaled.jpg\",\"width\":2560,\"height\":1846},{\"@type\":\"BreadcrumbList\",\"@id\":\"https:\\\/\\\/blog.proclima.com\\\/de\\\/2011\\\/08\\\/der-kabelbaum\\\/#breadcrumb\",\"itemListElement\":[{\"@type\":\"ListItem\",\"position\":1,\"name\":\"Startseite\",\"item\":\"https:\\\/\\\/blog.proclima.com\\\/de\\\/\"},{\"@type\":\"ListItem\",\"position\":2,\"name\":\"Serie \u201cDetaill\u00f6sungen\u201d \u2013 Der Kabelbaum\"}]},{\"@type\":\"WebSite\",\"@id\":\"https:\\\/\\\/blog.proclima.com\\\/de\\\/#website\",\"url\":\"https:\\\/\\\/blog.proclima.com\\\/de\\\/\",\"name\":\"pro clima Blog - Deutschland\",\"description\":\"alles was pro clima bewegt\",\"publisher\":{\"@id\":\"https:\\\/\\\/blog.proclima.com\\\/de\\\/#organization\"},\"potentialAction\":[{\"@type\":\"SearchAction\",\"target\":{\"@type\":\"EntryPoint\",\"urlTemplate\":\"https:\\\/\\\/blog.proclima.com\\\/de\\\/?s={search_term_string}\"},\"query-input\":{\"@type\":\"PropertyValueSpecification\",\"valueRequired\":true,\"valueName\":\"search_term_string\"}}],\"inLanguage\":\"de\"},{\"@type\":\"Organization\",\"@id\":\"https:\\\/\\\/blog.proclima.com\\\/de\\\/#organization\",\"name\":\"pro clima - Moll bau\u00f6kologische Produkte GmbH\",\"url\":\"https:\\\/\\\/blog.proclima.com\\\/de\\\/\",\"logo\":{\"@type\":\"ImageObject\",\"inLanguage\":\"de\",\"@id\":\"https:\\\/\\\/blog.proclima.com\\\/de\\\/#\\\/schema\\\/logo\\\/image\\\/\",\"url\":\"https:\\\/\\\/blog.proclima.com\\\/de\\\/files\\\/2020\\\/04\\\/Logo-pro-clima.png\",\"contentUrl\":\"https:\\\/\\\/blog.proclima.com\\\/de\\\/files\\\/2020\\\/04\\\/Logo-pro-clima.png\",\"width\":4210,\"height\":4881,\"caption\":\"pro clima - Moll bau\u00f6kologische Produkte GmbH\"},\"image\":{\"@id\":\"https:\\\/\\\/blog.proclima.com\\\/de\\\/#\\\/schema\\\/logo\\\/image\\\/\"},\"sameAs\":[\"https:\\\/\\\/www.facebook.com\\\/proclima\",\"https:\\\/\\\/x.com\\\/proclimaDE\"]},{\"@type\":\"Person\",\"@id\":\"https:\\\/\\\/blog.proclima.com\\\/de\\\/#\\\/schema\\\/person\\\/3fc63f667dfacb2f924774e3c21d679a\",\"name\":\"Michael Wehrli\",\"sameAs\":[\"http:\\\/\\\/proclima.ch\"],\"url\":\"https:\\\/\\\/blog.proclima.com\\\/de\\\/author\\\/wherli\\\/\"}]}<\/script>\n<!-- \/ Yoast SEO plugin. -->","yoast_head_json":{"title":"Serie \u201cDetaill\u00f6sungen\u201d \u2013 Der Kabelbaum &#187; pro clima Blog - Deutschland","robots":{"index":"index","follow":"follow","max-snippet":"max-snippet:-1","max-image-preview":"max-image-preview:large","max-video-preview":"max-video-preview:-1"},"canonical":"https:\/\/blog.proclima.com\/de\/2011\/08\/der-kabelbaum\/","og_locale":"de_DE","og_type":"article","og_title":"Serie \u201cDetaill\u00f6sungen\u201d \u2013 Der Kabelbaum &#187; pro clima Blog - Deutschland","og_description":"Man sagt, Bilder sagen mehr als Worte. Deswegen bringen wir ab sofort regelm\u00e4ssig Bilder mit Detaill\u00f6sungen von pro clima Produkten. Heute ist die Kabelbaum-Manschette KAFLEX ...","og_url":"https:\/\/blog.proclima.com\/de\/2011\/08\/der-kabelbaum\/","og_site_name":"pro clima Blog - Deutschland","article_publisher":"https:\/\/www.facebook.com\/proclima","article_published_time":"2011-08-24T07:25:48+00:00","og_image":[{"width":2560,"height":1846,"url":"https:\/\/blog.proclima.com\/de\/files\/2011\/08\/Kaflex-Multi-scaled.jpg","type":"image\/jpeg"}],"author":"Michael Wehrli","twitter_card":"summary_large_image","twitter_creator":"@proclimaDE","twitter_site":"@proclimaDE","twitter_misc":{"Verfasst von":"Michael Wehrli","Gesch\u00e4tzte Lesezeit":"1\u00a0Minute"},"schema":{"@context":"https:\/\/schema.org","@graph":[{"@type":"Article","@id":"https:\/\/blog.proclima.com\/de\/2011\/08\/der-kabelbaum\/#article","isPartOf":{"@id":"https:\/\/blog.proclima.com\/de\/2011\/08\/der-kabelbaum\/"},"author":{"name":"Michael Wehrli","@id":"https:\/\/blog.proclima.com\/de\/#\/schema\/person\/3fc63f667dfacb2f924774e3c21d679a"},"headline":"Serie \u201cDetaill\u00f6sungen\u201d \u2013 Der Kabelbaum","datePublished":"2011-08-24T07:25:48+00:00","mainEntityOfPage":{"@id":"https:\/\/blog.proclima.com\/de\/2011\/08\/der-kabelbaum\/"},"wordCount":183,"commentCount":1,"publisher":{"@id":"https:\/\/blog.proclima.com\/de\/#organization"},"image":{"@id":"https:\/\/blog.proclima.com\/de\/2011\/08\/der-kabelbaum\/#primaryimage"},"thumbnailUrl":"https:\/\/blog.proclima.com\/de\/files\/2011\/08\/Kaflex-Multi-1024x738.jpg","keywords":["Detail","Durchdringungen","Kabelbaum","KAFLEX","ROFLEX","Serie \"Detaill\u00f6sungen\""],"articleSection":["pro clima"],"inLanguage":"de","potentialAction":[{"@type":"CommentAction","name":"Comment","target":["https:\/\/blog.proclima.com\/de\/2011\/08\/der-kabelbaum\/#respond"]}]},{"@type":"WebPage","@id":"https:\/\/blog.proclima.com\/de\/2011\/08\/der-kabelbaum\/","url":"https:\/\/blog.proclima.com\/de\/2011\/08\/der-kabelbaum\/","name":"Serie \u201cDetaill\u00f6sungen\u201d \u2013 Der Kabelbaum &#187; pro clima Blog - Deutschland","isPartOf":{"@id":"https:\/\/blog.proclima.com\/de\/#website"},"primaryImageOfPage":{"@id":"https:\/\/blog.proclima.com\/de\/2011\/08\/der-kabelbaum\/#primaryimage"},"image":{"@id":"https:\/\/blog.proclima.com\/de\/2011\/08\/der-kabelbaum\/#primaryimage"},"thumbnailUrl":"https:\/\/blog.proclima.com\/de\/files\/2011\/08\/Kaflex-Multi-1024x738.jpg","datePublished":"2011-08-24T07:25:48+00:00","breadcrumb":{"@id":"https:\/\/blog.proclima.com\/de\/2011\/08\/der-kabelbaum\/#breadcrumb"},"inLanguage":"de","potentialAction":[{"@type":"ReadAction","target":["https:\/\/blog.proclima.com\/de\/2011\/08\/der-kabelbaum\/"]}]},{"@type":"ImageObject","inLanguage":"de","@id":"https:\/\/blog.proclima.com\/de\/2011\/08\/der-kabelbaum\/#primaryimage","url":"https:\/\/blog.proclima.com\/de\/files\/2011\/08\/Kaflex-Multi-scaled.jpg","contentUrl":"https:\/\/blog.proclima.com\/de\/files\/2011\/08\/Kaflex-Multi-scaled.jpg","width":2560,"height":1846},{"@type":"BreadcrumbList","@id":"https:\/\/blog.proclima.com\/de\/2011\/08\/der-kabelbaum\/#breadcrumb","itemListElement":[{"@type":"ListItem","position":1,"name":"Startseite","item":"https:\/\/blog.proclima.com\/de\/"},{"@type":"ListItem","position":2,"name":"Serie \u201cDetaill\u00f6sungen\u201d \u2013 Der Kabelbaum"}]},{"@type":"WebSite","@id":"https:\/\/blog.proclima.com\/de\/#website","url":"https:\/\/blog.proclima.com\/de\/","name":"pro clima Blog - Deutschland","description":"alles was pro clima bewegt","publisher":{"@id":"https:\/\/blog.proclima.com\/de\/#organization"},"potentialAction":[{"@type":"SearchAction","target":{"@type":"EntryPoint","urlTemplate":"https:\/\/blog.proclima.com\/de\/?s={search_term_string}"},"query-input":{"@type":"PropertyValueSpecification","valueRequired":true,"valueName":"search_term_string"}}],"inLanguage":"de"},{"@type":"Organization","@id":"https:\/\/blog.proclima.com\/de\/#organization","name":"pro clima - Moll bau\u00f6kologische Produkte GmbH","url":"https:\/\/blog.proclima.com\/de\/","logo":{"@type":"ImageObject","inLanguage":"de","@id":"https:\/\/blog.proclima.com\/de\/#\/schema\/logo\/image\/","url":"https:\/\/blog.proclima.com\/de\/files\/2020\/04\/Logo-pro-clima.png","contentUrl":"https:\/\/blog.proclima.com\/de\/files\/2020\/04\/Logo-pro-clima.png","width":4210,"height":4881,"caption":"pro clima - Moll bau\u00f6kologische Produkte GmbH"},"image":{"@id":"https:\/\/blog.proclima.com\/de\/#\/schema\/logo\/image\/"},"sameAs":["https:\/\/www.facebook.com\/proclima","https:\/\/x.com\/proclimaDE"]},{"@type":"Person","@id":"https:\/\/blog.proclima.com\/de\/#\/schema\/person\/3fc63f667dfacb2f924774e3c21d679a","name":"Michael Wehrli","sameAs":["http:\/\/proclima.ch"],"url":"https:\/\/blog.proclima.com\/de\/author\/wherli\/"}]}},"canto_acf_fields":"","_links":{"self":[{"href":"https:\/\/blog.proclima.com\/de\/wp-json\/wp\/v2\/posts\/169","targetHints":{"allow":["GET"]}}],"collection":[{"href":"https:\/\/blog.proclima.com\/de\/wp-json\/wp\/v2\/posts"}],"about":[{"href":"https:\/\/blog.proclima.com\/de\/wp-json\/wp\/v2\/types\/post"}],"author":[{"embeddable":true,"href":"https:\/\/blog.proclima.com\/de\/wp-json\/wp\/v2\/users\/8"}],"replies":[{"embeddable":true,"href":"https:\/\/blog.proclima.com\/de\/wp-json\/wp\/v2\/comments?post=169"}],"version-history":[{"count":5,"href":"https:\/\/blog.proclima.com\/de\/wp-json\/wp\/v2\/posts\/169\/revisions"}],"predecessor-version":[{"id":171,"href":"https:\/\/blog.proclima.com\/de\/wp-json\/wp\/v2\/posts\/169\/revisions\/171"}],"wp:attachment":[{"href":"https:\/\/blog.proclima.com\/de\/wp-json\/wp\/v2\/media?parent=169"}],"wp:term":[{"taxonomy":"category","embeddable":true,"href":"https:\/\/blog.proclima.com\/de\/wp-json\/wp\/v2\/categories?post=169"},{"taxonomy":"post_tag","embeddable":true,"href":"https:\/\/blog.proclima.com\/de\/wp-json\/wp\/v2\/tags?post=169"}],"curies":[{"name":"wp","href":"https:\/\/api.w.org\/{rel}","templated":true}]}}