
{"id":1371,"date":"2012-05-15T16:28:50","date_gmt":"2012-05-15T14:28:50","guid":{"rendered":"http:\/\/blog.proclima.com\/de\/?p=1371"},"modified":"2012-05-15T16:28:50","modified_gmt":"2012-05-15T14:28:50","slug":"branchentag-naturbau-2012","status":"publish","type":"post","link":"https:\/\/blog.proclima.com\/de\/2012\/05\/branchentag-naturbau-2012\/","title":{"rendered":"R\u00fcckblick: Branchentag Naturbau 2012"},"content":{"rendered":"<p><a href=\"https:\/\/blog.proclima.com\/de\/2012\/04\/branchentag-naturbau\/\"><img loading=\"lazy\" decoding=\"async\" data-size=\"602x332\" class=\"alignleft size-thumbnail wp-image-1372\" src=\"https:\/\/blog.proclima.com\/de\/files\/2012\/05\/branchentag-150x150.jpg\" alt=\"\" width=\"150\" height=\"150\" srcset=\"https:\/\/blog.proclima.com\/de\/files\/2012\/05\/branchentag-150x150.jpg 150w, https:\/\/blog.proclima.com\/de\/files\/2012\/05\/branchentag-216x216.jpg 216w\" sizes=\"auto, (max-width: 150px) 100vw, 150px\" \/><\/a>Die \u00d6koPlus AG hat eine Pressemitteilung zum 3. Branchentag Naturbau 2012 herausgegeben, bei der auch <a href=\"https:\/\/blog.proclima.com\/de\/2012\/04\/branchentag-naturbau\/\">pro clima zwei Tage lang mit einem Beratungstand informierte<\/a>: \u201eEinmal mehr ist es der \u00d6koPlus AG, dem deutschen Fachhandelsverbund f\u00fcr \u00f6kologisches Bauen und Wohnen, mit dem III. Branchentag Naturbau gelungen, alle namhaften Hersteller und H\u00e4ndler von nat\u00fcrlichen Baustoffen in einem beeindruckenden Ambiente zusammenzuf\u00fchren. <!--more-->Rund 40 Produzenten und zahlreiche Naturbaustoffh\u00e4ndler aus ganz Deutschland pr\u00e4sentierten ein ausgesuchtes Produktportfolio exklusiver und hoch entwickelter Materialien. Abgerundet wurde dieses vorz\u00fcgliche Fachausstellung durch facettenreiche und h\u00f6chst aktuelle Kurzvortr\u00e4ge ausgewiesener Experten.<\/p>\n<p>Mit einem Verweis auf Tim Bendzkos Charthit &#8222;Muss nur noch kurz die Welt retten&#8220; begr\u00fc\u00dfte Horst Kliebe, Mitbegr\u00fcnder und Vorstand der \u00d6koPlus AG, die Aussteller und Besucher der diesj\u00e4hrigen Fachausstellung f\u00fcr nat\u00fcrliche Baustoffe Ende April 2012 im Landschaftspark Nord in Duisburg. Er erinnerte in seiner Er\u00f6ffnungsansprache daran, dass sich in den 80er Jahren viele der erfolgreich am Markt agierenden Naturbaustoffh\u00e4ndler wie der Held in Tim Bendzkos Song aufgemacht haben, wenn nicht die Welt so doch die &#8222;Umwelt&#8220; zu retten. Damals hie\u00df das noch sch\u00fctzen. Und nun macht sich diese Branche von Duisburg aus auf den Weg, neue, noch unbekannte Zielgruppen zu erreichen und damit ihren Beitrag zur Rettung der Welt zu leisten.<\/p>\n<p>Diese neuen und jungen Zielgruppen haben andere Interessen und Bed\u00fcrfnisse als die angestammte Gemeinde der &#8222;\u00d6ko-Bauherren&#8220;. Die junge Generation der Hausbesitzer und Modernisierer geht sehr viel leichtf\u00fc\u00dfiger auch mit schweren Themen um. Als Antwort darauf stellten die Anbieter nat\u00fcrlicher Baustoffe die Exklusivit\u00e4t und ausgesuchte \u00c4sthetik ihrer Produkte st\u00e4rker in den Vordergrund. Daher auch die Wahl der spannenden Umgebung des Landschaftsparks, in dem nat\u00fcrliche Baustoffe auf historische Industriekultur trafen.<\/p>\n<p>Und das Konzept ging auf. In der Gebl\u00e4sehalle des 1985 stillgelegten H\u00fcttenwerks im Duisburger Norden, trafen Hanf und Holz, Lehm und Stroh auf eine archaisch anmutende Kulisse aus Stahl und Beton. F\u00fcr die Produktion von 1.000 Tonnen Roheisen am Tag wurden drei Millionen Kubikmeter Wind ben\u00f6tigt, die in der Gebl\u00e4sehalle des Dampfgebl\u00e4sehauses durch die erhaltenen vier Elektroturbogebl\u00e4se erzeugt wurden. Aus diesem bemerkenswerten Geb\u00e4udekomplex mit der angeschlossenen Pumpenhalle wurde der Wind \u00fcber Rohre zum Hochofen transportiert. Zwischen Rohrleitungen und Ventilen, Elektrogebl\u00e4sen und Stahltr\u00e4gern wirkte die Pr\u00e4sentation der Linoleumb\u00f6den, der Naturlatexmatratzen und der Holzd\u00e4mmstoffe auf ganz eigene Weise.<\/p>\n<p>Eine gewisse Eigenartigkeit kann durchaus auch den Protagonisten der \u00f6kologischen Baubranche zugeschrieben werden. F\u00fcr sie ist Nachhaltigkeit keine Modefloskel, Umweltschutz kein veralteter Begriff. So verwies Kliebe in seiner Er\u00f6ffnungsrede zu Recht darauf, dass der Umweltschutz in alle Lebensbereiche vorgedrungen ist, egal welche Begrifflichkeiten im Einzelnen genutzt werden. Sowohl Lebensmittelhersteller als auch die Textilindustrie, Energieversorger und Baustoffproduzenten, alle schm\u00fccken sich mit den Begriffen Bio, \u00d6ko, nat\u00fcrlich, nachhaltig und gesund. Er erinnerte daran, dass vor 25 Jahren einer der ersten Hersteller von Zelluloseflocken in Deutschland abgemahnt wurde, weil er in seiner &#8222;unlauteren&#8220; Werbung den Begriff &#8218;gesund&#8216; in Verbindung mit seinem W\u00e4rmed\u00e4mmstoff eingesetzt hatte. Heute ist alles gesund, zumindest wenn man den Werbeaussagen glaubt.<\/p>\n<p>Die Naturbaustoffe hingegen haben nichts von ihrem Anspruch an Gesundheit und Reinheit eingeb\u00fc\u00dft. Und der III. Brachentag Naturbau unterstrich die Aussage, dass das Genre der \u00f6kologischen Baustoffe seine Reputation und Alleinstellung verlieren w\u00fcrde, wenn es sich ausschlie\u00dflich auf dem erdr\u00fcckenden konventionellen Baustoffmarkt pr\u00e4sentieren. Die Teilnehmer dieser Nische, ob Hersteller oder H\u00e4ndler, nehmen eher ein wirtschaftlich schlechtes Gesch\u00e4ft in Kauf als ein zweifelhaftes Produkt in die Hand. Der Duisburger Branchentag Naturbau bewies, dass die Identifikation \u00f6kologischer Baustoffe mit h\u00f6chsten Qualit\u00e4tsanspr\u00fcchen hinsichtlich der Kriterien Herstellung, Einbau und (!!) Entsorgung bzw. Wiederverwertung gelingt.<\/p>\n<p>Nun gilt es f\u00fcr die \u00d6koPlus AG, alles daran zu setzen, nicht l\u00e4nger als Geheimtipp zu gelten. Schlie\u00dflich wird seit mehr als 20 Jahren mit marktf\u00e4higen Baustoffen gehandelt, die sich erfolgreich zu hochmodernen Produkten weiterentwickelt haben. Kein zeitgen\u00f6ssischer Nutzer muss Kompromisse machen, was Anmutung und Verarbeitung dieser Materialien angeht. Im Gegenteil k\u00f6nnen wir hier sicher sein, neben den guten inneren Werten auch haptisch und optisch ein exklusives Material von h\u00f6chster Qualit\u00e4t zu finden. Ob es um Oberfl\u00e4chen aus farbigen Design-Lehmputzen, Holzbel\u00e4gen, Linoleum oder biologische Farbwelten geht oder um innere Werte moderner nachwachsender D\u00e4mmstoffe bzw. Wandheizsysteme &#8211; im Rahmen dieser Fachausstellung fand sich die umfassende Palette \u00f6kologischer Baustoffe auf eindrucksvolle Weise dargestellt.&#8220;<\/p>\n<p>Weitere Informationen zum Branchentag Naturbau in Duisburg gibt es auf der Homepage <a href=\"www.branchentag-naturbau.de\">www.branchentag-naturbau.de<\/a><\/p>\n<p>&nbsp;<\/p>\n<p>&nbsp;<\/p>\n<p>&nbsp;<\/p>\n<p>&nbsp;<\/p>\n","protected":false},"excerpt":{"rendered":"<p>Die \u00d6koPlus AG hat eine Pressemitteilung zum 3. Branchentag Naturbau 2012 herausgegeben, bei der auch pro clima zwei Tage lang mit einem Beratungstand informierte: \u201eEinmal <a href=\"https:\/\/blog.proclima.com\/de\/2012\/05\/branchentag-naturbau-2012\/\" rel=\"bookmark\">&#8230;<\/a><\/p>\n","protected":false},"author":18,"featured_media":0,"comment_status":"open","ping_status":"open","sticky":false,"template":"","format":"standard","meta":{"footnotes":""},"categories":[1],"tags":[218,245,246],"class_list":["post-1371","post","type-post","status-publish","format-standard","hentry","category-proclima","tag-ausstellung","tag-branchentag-naturbau","tag-duisburg"],"yoast_head":"<!-- This site is optimized with the Yoast SEO plugin v27.5 - https:\/\/yoast.com\/product\/yoast-seo-wordpress\/ -->\n<title>R\u00fcckblick: Branchentag Naturbau 2012 &#187; pro clima Blog - Deutschland<\/title>\n<meta name=\"robots\" content=\"index, follow, max-snippet:-1, max-image-preview:large, max-video-preview:-1\" \/>\n<link rel=\"canonical\" href=\"https:\/\/blog.proclima.com\/de\/2012\/05\/branchentag-naturbau-2012\/\" \/>\n<meta property=\"og:locale\" content=\"de_DE\" \/>\n<meta property=\"og:type\" content=\"article\" \/>\n<meta property=\"og:title\" content=\"R\u00fcckblick: Branchentag Naturbau 2012 &#187; pro clima Blog - Deutschland\" \/>\n<meta property=\"og:description\" content=\"Die \u00d6koPlus AG hat eine Pressemitteilung zum 3. Branchentag Naturbau 2012 herausgegeben, bei der auch pro clima zwei Tage lang mit einem Beratungstand informierte: \u201eEinmal ...\" \/>\n<meta property=\"og:url\" content=\"https:\/\/blog.proclima.com\/de\/2012\/05\/branchentag-naturbau-2012\/\" \/>\n<meta property=\"og:site_name\" content=\"pro clima Blog - Deutschland\" \/>\n<meta property=\"article:publisher\" content=\"https:\/\/www.facebook.com\/proclima\" \/>\n<meta property=\"article:published_time\" content=\"2012-05-15T14:28:50+00:00\" \/>\n<meta property=\"og:image\" content=\"https:\/\/blog.proclima.com\/de\/files\/2012\/05\/branchentag.jpg\" \/>\n\t<meta property=\"og:image:width\" content=\"602\" \/>\n\t<meta property=\"og:image:height\" content=\"332\" \/>\n\t<meta property=\"og:image:type\" content=\"image\/jpeg\" \/>\n<meta name=\"author\" content=\"Heide Merkel\" \/>\n<meta name=\"twitter:card\" content=\"summary_large_image\" \/>\n<meta name=\"twitter:creator\" content=\"@proclimaDE\" \/>\n<meta name=\"twitter:site\" content=\"@proclimaDE\" \/>\n<meta name=\"twitter:label1\" content=\"Verfasst von\" \/>\n\t<meta name=\"twitter:data1\" content=\"Heide Merkel\" \/>\n\t<meta name=\"twitter:label2\" content=\"Gesch\u00e4tzte Lesezeit\" \/>\n\t<meta name=\"twitter:data2\" content=\"4\u00a0Minuten\" \/>\n<script type=\"application\/ld+json\" class=\"yoast-schema-graph\">{\"@context\":\"https:\\\/\\\/schema.org\",\"@graph\":[{\"@type\":\"Article\",\"@id\":\"https:\\\/\\\/blog.proclima.com\\\/de\\\/2012\\\/05\\\/branchentag-naturbau-2012\\\/#article\",\"isPartOf\":{\"@id\":\"https:\\\/\\\/blog.proclima.com\\\/de\\\/2012\\\/05\\\/branchentag-naturbau-2012\\\/\"},\"author\":{\"name\":\"Heide Merkel\",\"@id\":\"https:\\\/\\\/blog.proclima.com\\\/de\\\/#\\\/schema\\\/person\\\/b3490e20200d5d45b8d56f555ceffc21\"},\"headline\":\"R\u00fcckblick: Branchentag Naturbau 2012\",\"datePublished\":\"2012-05-15T14:28:50+00:00\",\"mainEntityOfPage\":{\"@id\":\"https:\\\/\\\/blog.proclima.com\\\/de\\\/2012\\\/05\\\/branchentag-naturbau-2012\\\/\"},\"wordCount\":754,\"commentCount\":0,\"publisher\":{\"@id\":\"https:\\\/\\\/blog.proclima.com\\\/de\\\/#organization\"},\"image\":{\"@id\":\"https:\\\/\\\/blog.proclima.com\\\/de\\\/2012\\\/05\\\/branchentag-naturbau-2012\\\/#primaryimage\"},\"thumbnailUrl\":\"https:\\\/\\\/blog.proclima.com\\\/de\\\/files\\\/2012\\\/05\\\/branchentag-150x150.jpg\",\"keywords\":[\"ausstellung\",\"Branchentag Naturbau\",\"Duisburg\"],\"articleSection\":[\"pro clima\"],\"inLanguage\":\"de\",\"potentialAction\":[{\"@type\":\"CommentAction\",\"name\":\"Comment\",\"target\":[\"https:\\\/\\\/blog.proclima.com\\\/de\\\/2012\\\/05\\\/branchentag-naturbau-2012\\\/#respond\"]}]},{\"@type\":\"WebPage\",\"@id\":\"https:\\\/\\\/blog.proclima.com\\\/de\\\/2012\\\/05\\\/branchentag-naturbau-2012\\\/\",\"url\":\"https:\\\/\\\/blog.proclima.com\\\/de\\\/2012\\\/05\\\/branchentag-naturbau-2012\\\/\",\"name\":\"R\u00fcckblick: Branchentag Naturbau 2012 &#187; pro clima Blog - Deutschland\",\"isPartOf\":{\"@id\":\"https:\\\/\\\/blog.proclima.com\\\/de\\\/#website\"},\"primaryImageOfPage\":{\"@id\":\"https:\\\/\\\/blog.proclima.com\\\/de\\\/2012\\\/05\\\/branchentag-naturbau-2012\\\/#primaryimage\"},\"image\":{\"@id\":\"https:\\\/\\\/blog.proclima.com\\\/de\\\/2012\\\/05\\\/branchentag-naturbau-2012\\\/#primaryimage\"},\"thumbnailUrl\":\"https:\\\/\\\/blog.proclima.com\\\/de\\\/files\\\/2012\\\/05\\\/branchentag-150x150.jpg\",\"datePublished\":\"2012-05-15T14:28:50+00:00\",\"breadcrumb\":{\"@id\":\"https:\\\/\\\/blog.proclima.com\\\/de\\\/2012\\\/05\\\/branchentag-naturbau-2012\\\/#breadcrumb\"},\"inLanguage\":\"de\",\"potentialAction\":[{\"@type\":\"ReadAction\",\"target\":[\"https:\\\/\\\/blog.proclima.com\\\/de\\\/2012\\\/05\\\/branchentag-naturbau-2012\\\/\"]}]},{\"@type\":\"ImageObject\",\"inLanguage\":\"de\",\"@id\":\"https:\\\/\\\/blog.proclima.com\\\/de\\\/2012\\\/05\\\/branchentag-naturbau-2012\\\/#primaryimage\",\"url\":\"https:\\\/\\\/blog.proclima.com\\\/de\\\/files\\\/2012\\\/05\\\/branchentag.jpg\",\"contentUrl\":\"https:\\\/\\\/blog.proclima.com\\\/de\\\/files\\\/2012\\\/05\\\/branchentag.jpg\",\"width\":602,\"height\":332},{\"@type\":\"BreadcrumbList\",\"@id\":\"https:\\\/\\\/blog.proclima.com\\\/de\\\/2012\\\/05\\\/branchentag-naturbau-2012\\\/#breadcrumb\",\"itemListElement\":[{\"@type\":\"ListItem\",\"position\":1,\"name\":\"Startseite\",\"item\":\"https:\\\/\\\/blog.proclima.com\\\/de\\\/\"},{\"@type\":\"ListItem\",\"position\":2,\"name\":\"R\u00fcckblick: Branchentag Naturbau 2012\"}]},{\"@type\":\"WebSite\",\"@id\":\"https:\\\/\\\/blog.proclima.com\\\/de\\\/#website\",\"url\":\"https:\\\/\\\/blog.proclima.com\\\/de\\\/\",\"name\":\"pro clima Blog - Deutschland\",\"description\":\"alles was pro clima bewegt\",\"publisher\":{\"@id\":\"https:\\\/\\\/blog.proclima.com\\\/de\\\/#organization\"},\"potentialAction\":[{\"@type\":\"SearchAction\",\"target\":{\"@type\":\"EntryPoint\",\"urlTemplate\":\"https:\\\/\\\/blog.proclima.com\\\/de\\\/?s={search_term_string}\"},\"query-input\":{\"@type\":\"PropertyValueSpecification\",\"valueRequired\":true,\"valueName\":\"search_term_string\"}}],\"inLanguage\":\"de\"},{\"@type\":\"Organization\",\"@id\":\"https:\\\/\\\/blog.proclima.com\\\/de\\\/#organization\",\"name\":\"pro clima - Moll bau\u00f6kologische Produkte GmbH\",\"url\":\"https:\\\/\\\/blog.proclima.com\\\/de\\\/\",\"logo\":{\"@type\":\"ImageObject\",\"inLanguage\":\"de\",\"@id\":\"https:\\\/\\\/blog.proclima.com\\\/de\\\/#\\\/schema\\\/logo\\\/image\\\/\",\"url\":\"https:\\\/\\\/blog.proclima.com\\\/de\\\/files\\\/2020\\\/04\\\/Logo-pro-clima.png\",\"contentUrl\":\"https:\\\/\\\/blog.proclima.com\\\/de\\\/files\\\/2020\\\/04\\\/Logo-pro-clima.png\",\"width\":4210,\"height\":4881,\"caption\":\"pro clima - Moll bau\u00f6kologische Produkte GmbH\"},\"image\":{\"@id\":\"https:\\\/\\\/blog.proclima.com\\\/de\\\/#\\\/schema\\\/logo\\\/image\\\/\"},\"sameAs\":[\"https:\\\/\\\/www.facebook.com\\\/proclima\",\"https:\\\/\\\/x.com\\\/proclimaDE\"]},{\"@type\":\"Person\",\"@id\":\"https:\\\/\\\/blog.proclima.com\\\/de\\\/#\\\/schema\\\/person\\\/b3490e20200d5d45b8d56f555ceffc21\",\"name\":\"Heide Merkel\",\"description\":\"Fachjournalistin, Referentin, Steuerung Presse &amp; Digitale Medien bei Moll bau\u00f6kologische Produkte GmbH (pro clima). Als Japanologin und ausgebildete Redakteurin ist Heide eher zuf\u00e4llig in der Baubranche gelandet. Seit 2011 arbeitet sie f\u00fcr pro clima. Ihr Wissen zu effektiver Kommunikation gibt sie in Seminaren, Artikeln und Vortr\u00e4gen weiter. F\u00fcr den pro clima Blog, proclima.tv und das pro clima Bauradio interviewt sie interessante Menschen aus der Baubranche. Auf\u00a0 luftdichtheit-gepr\u00fcft.de bloggt Heide \u00fcber Leckagen, Luftdichtung und Qualit\u00e4ts\u00fcberpr\u00fcfung mit Blower-Door-Tests. Ihre Freizeit verbringt sie u.a. in den Vogesen, wo sie seit mehr als f\u00fcnf Jahren ein altes Bauernhaus saniert. Ihr neuestes Projekt:\u00a0 www.besser-als-marketing.de Hier gibt es Tipps, wie Unternehmen in der Baubranche ihre Sichtbarkeit erh\u00f6hen k\u00f6nnen. Die ersten Videos sind bereits online im Youtube Channel Wer mehr \u00fcber Heide Merkel erfahren m\u00f6chte, findet sie auf den g\u00e4ngigen Social Media Plattformen.\",\"url\":\"https:\\\/\\\/blog.proclima.com\\\/de\\\/author\\\/gentner\\\/\"}]}<\/script>\n<!-- \/ Yoast SEO plugin. -->","yoast_head_json":{"title":"R\u00fcckblick: Branchentag Naturbau 2012 &#187; pro clima Blog - Deutschland","robots":{"index":"index","follow":"follow","max-snippet":"max-snippet:-1","max-image-preview":"max-image-preview:large","max-video-preview":"max-video-preview:-1"},"canonical":"https:\/\/blog.proclima.com\/de\/2012\/05\/branchentag-naturbau-2012\/","og_locale":"de_DE","og_type":"article","og_title":"R\u00fcckblick: Branchentag Naturbau 2012 &#187; pro clima Blog - Deutschland","og_description":"Die \u00d6koPlus AG hat eine Pressemitteilung zum 3. Branchentag Naturbau 2012 herausgegeben, bei der auch pro clima zwei Tage lang mit einem Beratungstand informierte: \u201eEinmal ...","og_url":"https:\/\/blog.proclima.com\/de\/2012\/05\/branchentag-naturbau-2012\/","og_site_name":"pro clima Blog - Deutschland","article_publisher":"https:\/\/www.facebook.com\/proclima","article_published_time":"2012-05-15T14:28:50+00:00","og_image":[{"width":602,"height":332,"url":"https:\/\/blog.proclima.com\/de\/files\/2012\/05\/branchentag.jpg","type":"image\/jpeg"}],"author":"Heide Merkel","twitter_card":"summary_large_image","twitter_creator":"@proclimaDE","twitter_site":"@proclimaDE","twitter_misc":{"Verfasst von":"Heide Merkel","Gesch\u00e4tzte Lesezeit":"4\u00a0Minuten"},"schema":{"@context":"https:\/\/schema.org","@graph":[{"@type":"Article","@id":"https:\/\/blog.proclima.com\/de\/2012\/05\/branchentag-naturbau-2012\/#article","isPartOf":{"@id":"https:\/\/blog.proclima.com\/de\/2012\/05\/branchentag-naturbau-2012\/"},"author":{"name":"Heide Merkel","@id":"https:\/\/blog.proclima.com\/de\/#\/schema\/person\/b3490e20200d5d45b8d56f555ceffc21"},"headline":"R\u00fcckblick: Branchentag Naturbau 2012","datePublished":"2012-05-15T14:28:50+00:00","mainEntityOfPage":{"@id":"https:\/\/blog.proclima.com\/de\/2012\/05\/branchentag-naturbau-2012\/"},"wordCount":754,"commentCount":0,"publisher":{"@id":"https:\/\/blog.proclima.com\/de\/#organization"},"image":{"@id":"https:\/\/blog.proclima.com\/de\/2012\/05\/branchentag-naturbau-2012\/#primaryimage"},"thumbnailUrl":"https:\/\/blog.proclima.com\/de\/files\/2012\/05\/branchentag-150x150.jpg","keywords":["ausstellung","Branchentag Naturbau","Duisburg"],"articleSection":["pro clima"],"inLanguage":"de","potentialAction":[{"@type":"CommentAction","name":"Comment","target":["https:\/\/blog.proclima.com\/de\/2012\/05\/branchentag-naturbau-2012\/#respond"]}]},{"@type":"WebPage","@id":"https:\/\/blog.proclima.com\/de\/2012\/05\/branchentag-naturbau-2012\/","url":"https:\/\/blog.proclima.com\/de\/2012\/05\/branchentag-naturbau-2012\/","name":"R\u00fcckblick: Branchentag Naturbau 2012 &#187; pro clima Blog - Deutschland","isPartOf":{"@id":"https:\/\/blog.proclima.com\/de\/#website"},"primaryImageOfPage":{"@id":"https:\/\/blog.proclima.com\/de\/2012\/05\/branchentag-naturbau-2012\/#primaryimage"},"image":{"@id":"https:\/\/blog.proclima.com\/de\/2012\/05\/branchentag-naturbau-2012\/#primaryimage"},"thumbnailUrl":"https:\/\/blog.proclima.com\/de\/files\/2012\/05\/branchentag-150x150.jpg","datePublished":"2012-05-15T14:28:50+00:00","breadcrumb":{"@id":"https:\/\/blog.proclima.com\/de\/2012\/05\/branchentag-naturbau-2012\/#breadcrumb"},"inLanguage":"de","potentialAction":[{"@type":"ReadAction","target":["https:\/\/blog.proclima.com\/de\/2012\/05\/branchentag-naturbau-2012\/"]}]},{"@type":"ImageObject","inLanguage":"de","@id":"https:\/\/blog.proclima.com\/de\/2012\/05\/branchentag-naturbau-2012\/#primaryimage","url":"https:\/\/blog.proclima.com\/de\/files\/2012\/05\/branchentag.jpg","contentUrl":"https:\/\/blog.proclima.com\/de\/files\/2012\/05\/branchentag.jpg","width":602,"height":332},{"@type":"BreadcrumbList","@id":"https:\/\/blog.proclima.com\/de\/2012\/05\/branchentag-naturbau-2012\/#breadcrumb","itemListElement":[{"@type":"ListItem","position":1,"name":"Startseite","item":"https:\/\/blog.proclima.com\/de\/"},{"@type":"ListItem","position":2,"name":"R\u00fcckblick: Branchentag Naturbau 2012"}]},{"@type":"WebSite","@id":"https:\/\/blog.proclima.com\/de\/#website","url":"https:\/\/blog.proclima.com\/de\/","name":"pro clima Blog - Deutschland","description":"alles was pro clima bewegt","publisher":{"@id":"https:\/\/blog.proclima.com\/de\/#organization"},"potentialAction":[{"@type":"SearchAction","target":{"@type":"EntryPoint","urlTemplate":"https:\/\/blog.proclima.com\/de\/?s={search_term_string}"},"query-input":{"@type":"PropertyValueSpecification","valueRequired":true,"valueName":"search_term_string"}}],"inLanguage":"de"},{"@type":"Organization","@id":"https:\/\/blog.proclima.com\/de\/#organization","name":"pro clima - Moll bau\u00f6kologische Produkte GmbH","url":"https:\/\/blog.proclima.com\/de\/","logo":{"@type":"ImageObject","inLanguage":"de","@id":"https:\/\/blog.proclima.com\/de\/#\/schema\/logo\/image\/","url":"https:\/\/blog.proclima.com\/de\/files\/2020\/04\/Logo-pro-clima.png","contentUrl":"https:\/\/blog.proclima.com\/de\/files\/2020\/04\/Logo-pro-clima.png","width":4210,"height":4881,"caption":"pro clima - Moll bau\u00f6kologische Produkte GmbH"},"image":{"@id":"https:\/\/blog.proclima.com\/de\/#\/schema\/logo\/image\/"},"sameAs":["https:\/\/www.facebook.com\/proclima","https:\/\/x.com\/proclimaDE"]},{"@type":"Person","@id":"https:\/\/blog.proclima.com\/de\/#\/schema\/person\/b3490e20200d5d45b8d56f555ceffc21","name":"Heide Merkel","description":"Fachjournalistin, Referentin, Steuerung Presse &amp; Digitale Medien bei Moll bau\u00f6kologische Produkte GmbH (pro clima). Als Japanologin und ausgebildete Redakteurin ist Heide eher zuf\u00e4llig in der Baubranche gelandet. Seit 2011 arbeitet sie f\u00fcr pro clima. Ihr Wissen zu effektiver Kommunikation gibt sie in Seminaren, Artikeln und Vortr\u00e4gen weiter. F\u00fcr den pro clima Blog, proclima.tv und das pro clima Bauradio interviewt sie interessante Menschen aus der Baubranche. Auf\u00a0 luftdichtheit-gepr\u00fcft.de bloggt Heide \u00fcber Leckagen, Luftdichtung und Qualit\u00e4ts\u00fcberpr\u00fcfung mit Blower-Door-Tests. Ihre Freizeit verbringt sie u.a. in den Vogesen, wo sie seit mehr als f\u00fcnf Jahren ein altes Bauernhaus saniert. Ihr neuestes Projekt:\u00a0 www.besser-als-marketing.de Hier gibt es Tipps, wie Unternehmen in der Baubranche ihre Sichtbarkeit erh\u00f6hen k\u00f6nnen. Die ersten Videos sind bereits online im Youtube Channel Wer mehr \u00fcber Heide Merkel erfahren m\u00f6chte, findet sie auf den g\u00e4ngigen Social Media Plattformen.","url":"https:\/\/blog.proclima.com\/de\/author\/gentner\/"}]}},"canto_acf_fields":"","_links":{"self":[{"href":"https:\/\/blog.proclima.com\/de\/wp-json\/wp\/v2\/posts\/1371","targetHints":{"allow":["GET"]}}],"collection":[{"href":"https:\/\/blog.proclima.com\/de\/wp-json\/wp\/v2\/posts"}],"about":[{"href":"https:\/\/blog.proclima.com\/de\/wp-json\/wp\/v2\/types\/post"}],"author":[{"embeddable":true,"href":"https:\/\/blog.proclima.com\/de\/wp-json\/wp\/v2\/users\/18"}],"replies":[{"embeddable":true,"href":"https:\/\/blog.proclima.com\/de\/wp-json\/wp\/v2\/comments?post=1371"}],"version-history":[{"count":2,"href":"https:\/\/blog.proclima.com\/de\/wp-json\/wp\/v2\/posts\/1371\/revisions"}],"predecessor-version":[{"id":1374,"href":"https:\/\/blog.proclima.com\/de\/wp-json\/wp\/v2\/posts\/1371\/revisions\/1374"}],"wp:attachment":[{"href":"https:\/\/blog.proclima.com\/de\/wp-json\/wp\/v2\/media?parent=1371"}],"wp:term":[{"taxonomy":"category","embeddable":true,"href":"https:\/\/blog.proclima.com\/de\/wp-json\/wp\/v2\/categories?post=1371"},{"taxonomy":"post_tag","embeddable":true,"href":"https:\/\/blog.proclima.com\/de\/wp-json\/wp\/v2\/tags?post=1371"}],"curies":[{"name":"wp","href":"https:\/\/api.w.org\/{rel}","templated":true}]}}