
{"id":1257,"date":"2012-05-10T17:20:05","date_gmt":"2012-05-10T15:20:05","guid":{"rendered":"http:\/\/blog.proclima.com\/de\/?p=1257"},"modified":"2013-12-10T15:54:53","modified_gmt":"2013-12-10T14:54:53","slug":"bsz-loebau-thermohanf","status":"publish","type":"post","link":"https:\/\/blog.proclima.com\/de\/2012\/05\/bsz-loebau-thermohanf\/","title":{"rendered":"\u00d6kologische Aufkl\u00e4rung vor Abschluss der Ausbildung: fachgerechtes Dichten und D\u00e4mmen der Geb\u00e4udeh\u00fclle"},"content":{"rendered":"<figure id=\"attachment_1268\" aria-describedby=\"caption-attachment-1268\" style=\"width: 300px\" class=\"wp-caption alignleft\"><a href=\"https:\/\/blog.proclima.com\/de\/files\/2012\/05\/Copyright-Christian-Schmied-6.jpg\"><img loading=\"lazy\" decoding=\"async\" class=\"size-medium wp-image-1268\" alt=\"D\u00e4mm- und Dichtworkhop an der BSZ L\u00f6bau im April 2012: \u00d6kologische Aufkl\u00e4rung vor Abschluss der Ausbildung\" src=\"https:\/\/blog.proclima.com\/de\/files\/2012\/05\/Copyright-Christian-Schmied-6-300x200.jpg\" width=\"300\" height=\"200\" \/><\/a><figcaption id=\"caption-attachment-1268\" class=\"wp-caption-text\">D\u00e4mm- und Dichtworkhop an der BSZ L\u00f6bau im April 2012: \u00d6kologische Aufkl\u00e4rung vor Abschluss der Ausbildung<\/figcaption><\/figure>\n<p>Seine Mission ist es, angehenden Maurern, Zimmerern und Bautechnikern das ganze Bild des Bauens und Sanierens zu zeigen. \u201eIch m\u00f6chte jungen Menschen beibringen, was Prim\u00e4renergie bedeutet und dass sie nicht Materialien einbauen sollen, die sp\u00e4ter im Sonderm\u00fcll landen\u201c, sagt Bauingenieur Christian Schmied, der am <a href=\"http:\/\/www.sn.schule.de\/~bsz-loebau\/index.html\">Beruflichen Schulzentrum L\u00f6bau\u00a0<\/a> (Landkreis G\u00f6rlitz) unterrichtet.\u00a0 <!--more-->Die Sch\u00fcler absolvieren in einem festen Betrieb ihre Ausbildung und haben oft keine Gelegenheit, \u00f6kologisches Material und alternative Verarbeitungsmethoden kennenzulernen. Denn herk\u00f6mmliche Lehrb\u00fccher behandeln weder alternative D\u00e4mmstoffe noch Luftdichtung. Auch steht dort wenig \u00fcber nachhaltiges Bauen und Wohngesundheit.<\/p>\n<p><strong>\u201eVerantwortung gegen\u00fcber unserem Planeten\u201c<\/strong><\/p>\n<p>Daher hat Lehrer Schmied und das Unternehmen Hock mit ihren Produkten <a href=\"http:\/\/www.thermo-hanf.de\/\">Thermo-Hanf\u00a0<\/a> und <a href=\"http:\/\/www.thermo-hanf.de\/1\/produkte\/lehm-produkte\/index.html\">proCrea<\/a> einen Drei-Tages-Workshop im April 2012 organisiert: \u201eWir wollen die n\u00e4chste Generation f\u00fcr die Themen Nachhaltigkeit und<\/p>\n<figure id=\"attachment_1274\" aria-describedby=\"caption-attachment-1274\" style=\"width: 300px\" class=\"wp-caption alignright\"><a href=\"https:\/\/blog.proclima.com\/de\/files\/2012\/05\/Copyright-Christian-Schmied-12.jpg\"><img loading=\"lazy\" decoding=\"async\" class=\"size-medium wp-image-1274\" alt=\"Hier bauen sie die Thermo- Hanf Dampfbrems- und Luftdichtungsbahn DB+ ein \u2013 entwickelt und produziert von proclima\" src=\"https:\/\/blog.proclima.com\/de\/files\/2012\/05\/Copyright-Christian-Schmied-12-300x200.jpg\" width=\"300\" height=\"200\" \/><\/a><figcaption id=\"caption-attachment-1274\" class=\"wp-caption-text\">Hier bauen sie die Thermo- Hanf Dampfbrems- und Luftdichtungsbahn DB+ ein \u2013 entwickelt und produziert von pro clima<\/figcaption><\/figure>\n<p>gesundes Wohnen sensibilisieren und\u00a0 motivieren, Verantwortung gegen\u00fcber unserem Planeten zu \u00fcbernehmen\u201c, sagt Gebietsvertreter <a href=\"http:\/\/www.thermo-hanf.de\/1\/home\/herzlich-willkommen.html\">Thomas Biesecke<\/a> von Hock. W\u00e4hrend des Workshops haben mehr als 60 Berufsch\u00fcler des BSZ Modell- Holzh\u00e4user aufgebaut und diese mit Experten aus der Praxis \u00f6kologisch abgedichtet und ged\u00e4mmt.<\/p>\n<p><strong>Theorie als Basis f\u00fcr eine gute Verarbeitung<\/strong><\/p>\n<p>Da\u00a0 f\u00fcr eine gute praktische Ausf\u00fchrung ein theoretischer Hintergrund wichtig ist, reisten Gastreferenten aus unterschiedlichen Bereichen an. pro clima Au\u00dfendienst <a href=\"http:\/\/de.proclima.com\/service\/aussendienst\/ost\">Jan L\u00fcth\u00a0<\/a> erl\u00e4uterte die Wege der Feuchtigkeit und die Vorteile von feuchtevariablen Luftdichtungsbahnen und Dampfbremsen: h\u00f6chstes R\u00fccktrocknungspotenzial \u00a0und damit gr\u00f6\u00dftm\u00f6gliche Bauschadensfreiheit. \u201eDie meisten Berufsch\u00fcler kennen zwar Luftdichtung, aber feuchtevariable Dampfbremsen stehen bisher leider nicht auf dem Lehrplan der Zimmererausbildung\u201c, \u00a0erkl\u00e4rt Jan L\u00fcth von <a href=\"http:\/\/www.3d-bauservice.de\/\">3d Bauservice<\/a>.<\/p>\n<p>Lehrer Schmied ist selbst Holzbauer und \u00fcberzeugt, dass nachhaltiges Bauen nicht nur die Umwelt positiv beeinflusst, sondern auch die Wohngesundheit und Lebensqualit\u00e4t der Menschen. Er freut sich, dass seine Sch\u00fcler und er auf den aktuellen Stand gebracht wurden: \u00a0\u201eWie\u00a0 eine R\u00fccktrockung mit feuchtevariablen Dampfbremsen funktioniert, war vielen neu. Auch der sommerliche W\u00e4rmeschutz wurde uns gut erkl\u00e4rt.\u201c<\/p>\n<p>Da auch die meisten Sch\u00fcler durch das externe Seminar neue Einblicke erhalten haben und inspiriert wurden, will Schmied in Zukunft jedes Jahr einen D\u00e4mm-Dichtungs-Workshop f\u00fcr die Abschlussklassen organisieren.<\/p>\n<p>Initiator Christian Schmied und Organisator Thomas Biesecke von Hock haben\u00a0 den Einsatz der Sch\u00fcler und Gastreferenten festgehalten:<\/p>\n\n\t\t<style type=\"text\/css\">\n\t\t\t#gallery-1 {\n\t\t\t\tmargin: auto;\n\t\t\t}\n\t\t\t#gallery-1 .gallery-item {\n\t\t\t\tfloat: left;\n\t\t\t\tmargin-top: 10px;\n\t\t\t\ttext-align: center;\n\t\t\t\twidth: 25%;\n\t\t\t}\n\t\t\t#gallery-1 img {\n\t\t\t\tborder: 2px solid #cfcfcf;\n\t\t\t}\n\t\t\t#gallery-1 .gallery-caption {\n\t\t\t\tmargin-left: 0;\n\t\t\t}\n\t\t\t\/* see gallery_shortcode() in wp-includes\/media.php *\/\n\t\t<\/style>\n\t\t<div id='gallery-1' class='gallery galleryid-1257 gallery-columns-4 gallery-size-thumbnail'><dl class='gallery-item'>\n\t\t\t<dt class='gallery-icon landscape'>\n\t\t\t\t<a href='https:\/\/blog.proclima.com\/de\/2012\/05\/bsz-loebau-thermohanf\/copyright-christian-schmied-2\/'><img loading=\"lazy\" decoding=\"async\" width=\"150\" height=\"150\" src=\"https:\/\/blog.proclima.com\/de\/files\/2012\/05\/Copyright-Christian-Schmied-2-150x150.jpg\" class=\"attachment-thumbnail size-thumbnail\" alt=\"\" srcset=\"https:\/\/blog.proclima.com\/de\/files\/2012\/05\/Copyright-Christian-Schmied-2-150x150.jpg 150w, https:\/\/blog.proclima.com\/de\/files\/2012\/05\/Copyright-Christian-Schmied-2-216x216.jpg 216w\" sizes=\"auto, (max-width: 150px) 100vw, 150px\" \/><\/a>\n\t\t\t<\/dt><\/dl><dl class='gallery-item'>\n\t\t\t<dt class='gallery-icon landscape'>\n\t\t\t\t<a href='https:\/\/blog.proclima.com\/de\/2012\/05\/bsz-loebau-thermohanf\/copyright-christian-schmied-3\/'><img loading=\"lazy\" decoding=\"async\" width=\"150\" height=\"150\" src=\"https:\/\/blog.proclima.com\/de\/files\/2012\/05\/Copyright-Christian-Schmied-3-150x150.jpg\" class=\"attachment-thumbnail size-thumbnail\" alt=\"\" srcset=\"https:\/\/blog.proclima.com\/de\/files\/2012\/05\/Copyright-Christian-Schmied-3-150x150.jpg 150w, https:\/\/blog.proclima.com\/de\/files\/2012\/05\/Copyright-Christian-Schmied-3-216x216.jpg 216w\" sizes=\"auto, (max-width: 150px) 100vw, 150px\" \/><\/a>\n\t\t\t<\/dt><\/dl><dl class='gallery-item'>\n\t\t\t<dt class='gallery-icon portrait'>\n\t\t\t\t<a href='https:\/\/blog.proclima.com\/de\/2012\/05\/bsz-loebau-thermohanf\/copyright-christian-schmied-4-2\/'><img loading=\"lazy\" decoding=\"async\" width=\"150\" height=\"150\" src=\"https:\/\/blog.proclima.com\/de\/files\/2012\/05\/Copyright-Christian-Schmied-41-150x150.jpg\" class=\"attachment-thumbnail size-thumbnail\" alt=\"\" srcset=\"https:\/\/blog.proclima.com\/de\/files\/2012\/05\/Copyright-Christian-Schmied-41-150x150.jpg 150w, https:\/\/blog.proclima.com\/de\/files\/2012\/05\/Copyright-Christian-Schmied-41-216x216.jpg 216w\" sizes=\"auto, (max-width: 150px) 100vw, 150px\" \/><\/a>\n\t\t\t<\/dt><\/dl><dl class='gallery-item'>\n\t\t\t<dt class='gallery-icon landscape'>\n\t\t\t\t<a href='https:\/\/blog.proclima.com\/de\/2012\/05\/bsz-loebau-thermohanf\/copyright-christian-schmied-1\/'><img loading=\"lazy\" decoding=\"async\" width=\"150\" height=\"150\" src=\"https:\/\/blog.proclima.com\/de\/files\/2012\/05\/Copyright-Christian-Schmied-1-150x150.jpg\" class=\"attachment-thumbnail size-thumbnail\" alt=\"\" srcset=\"https:\/\/blog.proclima.com\/de\/files\/2012\/05\/Copyright-Christian-Schmied-1-150x150.jpg 150w, https:\/\/blog.proclima.com\/de\/files\/2012\/05\/Copyright-Christian-Schmied-1-216x216.jpg 216w\" sizes=\"auto, (max-width: 150px) 100vw, 150px\" \/><\/a>\n\t\t\t<\/dt><\/dl><br style=\"clear: both\" \/><dl class='gallery-item'>\n\t\t\t<dt class='gallery-icon landscape'>\n\t\t\t\t<a href='https:\/\/blog.proclima.com\/de\/2012\/05\/bsz-loebau-thermohanf\/copyright-christian-schmied-3-2\/'><img loading=\"lazy\" decoding=\"async\" width=\"150\" height=\"150\" src=\"https:\/\/blog.proclima.com\/de\/files\/2012\/05\/Copyright-Christian-Schmied-31-150x150.jpg\" class=\"attachment-thumbnail size-thumbnail\" alt=\"\" srcset=\"https:\/\/blog.proclima.com\/de\/files\/2012\/05\/Copyright-Christian-Schmied-31-150x150.jpg 150w, https:\/\/blog.proclima.com\/de\/files\/2012\/05\/Copyright-Christian-Schmied-31-216x216.jpg 216w\" sizes=\"auto, (max-width: 150px) 100vw, 150px\" \/><\/a>\n\t\t\t<\/dt><\/dl><dl class='gallery-item'>\n\t\t\t<dt class='gallery-icon landscape'>\n\t\t\t\t<a href='https:\/\/blog.proclima.com\/de\/2012\/05\/bsz-loebau-thermohanf\/copyright-christian-schmied-4-3\/'><img loading=\"lazy\" decoding=\"async\" width=\"150\" height=\"150\" src=\"https:\/\/blog.proclima.com\/de\/files\/2012\/05\/Copyright-Christian-Schmied-42-150x150.jpg\" class=\"attachment-thumbnail size-thumbnail\" alt=\"\" srcset=\"https:\/\/blog.proclima.com\/de\/files\/2012\/05\/Copyright-Christian-Schmied-42-150x150.jpg 150w, https:\/\/blog.proclima.com\/de\/files\/2012\/05\/Copyright-Christian-Schmied-42-216x216.jpg 216w\" sizes=\"auto, (max-width: 150px) 100vw, 150px\" \/><\/a>\n\t\t\t<\/dt><\/dl><dl class='gallery-item'>\n\t\t\t<dt class='gallery-icon landscape'>\n\t\t\t\t<a href='https:\/\/blog.proclima.com\/de\/2012\/05\/bsz-loebau-thermohanf\/copyright-christian-schmied-6\/'><img loading=\"lazy\" decoding=\"async\" width=\"150\" height=\"150\" src=\"https:\/\/blog.proclima.com\/de\/files\/2012\/05\/Copyright-Christian-Schmied-6-150x150.jpg\" class=\"attachment-thumbnail size-thumbnail\" alt=\"\" srcset=\"https:\/\/blog.proclima.com\/de\/files\/2012\/05\/Copyright-Christian-Schmied-6-150x150.jpg 150w, https:\/\/blog.proclima.com\/de\/files\/2012\/05\/Copyright-Christian-Schmied-6-216x216.jpg 216w\" sizes=\"auto, (max-width: 150px) 100vw, 150px\" \/><\/a>\n\t\t\t<\/dt><\/dl><dl class='gallery-item'>\n\t\t\t<dt class='gallery-icon portrait'>\n\t\t\t\t<a href='https:\/\/blog.proclima.com\/de\/2012\/05\/bsz-loebau-thermohanf\/copyright-christian-schmied-8\/'><img loading=\"lazy\" decoding=\"async\" width=\"150\" height=\"150\" src=\"https:\/\/blog.proclima.com\/de\/files\/2012\/05\/Copyright-Christian-Schmied-8-150x150.jpg\" class=\"attachment-thumbnail size-thumbnail\" alt=\"\" srcset=\"https:\/\/blog.proclima.com\/de\/files\/2012\/05\/Copyright-Christian-Schmied-8-150x150.jpg 150w, https:\/\/blog.proclima.com\/de\/files\/2012\/05\/Copyright-Christian-Schmied-8-216x216.jpg 216w\" sizes=\"auto, (max-width: 150px) 100vw, 150px\" \/><\/a>\n\t\t\t<\/dt><\/dl><br style=\"clear: both\" \/><dl class='gallery-item'>\n\t\t\t<dt class='gallery-icon portrait'>\n\t\t\t\t<a href='https:\/\/blog.proclima.com\/de\/2012\/05\/bsz-loebau-thermohanf\/copyright-christian-schmied-9\/'><img loading=\"lazy\" decoding=\"async\" width=\"150\" height=\"150\" src=\"https:\/\/blog.proclima.com\/de\/files\/2012\/05\/Copyright-Christian-Schmied-9-150x150.jpg\" class=\"attachment-thumbnail size-thumbnail\" alt=\"\" srcset=\"https:\/\/blog.proclima.com\/de\/files\/2012\/05\/Copyright-Christian-Schmied-9-150x150.jpg 150w, https:\/\/blog.proclima.com\/de\/files\/2012\/05\/Copyright-Christian-Schmied-9-216x216.jpg 216w\" sizes=\"auto, (max-width: 150px) 100vw, 150px\" \/><\/a>\n\t\t\t<\/dt><\/dl><dl class='gallery-item'>\n\t\t\t<dt class='gallery-icon landscape'>\n\t\t\t\t<a href='https:\/\/blog.proclima.com\/de\/2012\/05\/bsz-loebau-thermohanf\/copyright-christian-schmied-10\/'><img loading=\"lazy\" decoding=\"async\" width=\"150\" height=\"150\" src=\"https:\/\/blog.proclima.com\/de\/files\/2012\/05\/Copyright-Christian-Schmied-10-150x150.jpg\" class=\"attachment-thumbnail size-thumbnail\" alt=\"\" srcset=\"https:\/\/blog.proclima.com\/de\/files\/2012\/05\/Copyright-Christian-Schmied-10-150x150.jpg 150w, https:\/\/blog.proclima.com\/de\/files\/2012\/05\/Copyright-Christian-Schmied-10-216x216.jpg 216w\" sizes=\"auto, (max-width: 150px) 100vw, 150px\" \/><\/a>\n\t\t\t<\/dt><\/dl><dl class='gallery-item'>\n\t\t\t<dt class='gallery-icon landscape'>\n\t\t\t\t<a href='https:\/\/blog.proclima.com\/de\/2012\/05\/bsz-loebau-thermohanf\/copyright-christian-schmied-11\/'><img loading=\"lazy\" decoding=\"async\" width=\"150\" height=\"150\" src=\"https:\/\/blog.proclima.com\/de\/files\/2012\/05\/Copyright-Christian-Schmied-11-150x150.jpg\" class=\"attachment-thumbnail size-thumbnail\" alt=\"\" srcset=\"https:\/\/blog.proclima.com\/de\/files\/2012\/05\/Copyright-Christian-Schmied-11-150x150.jpg 150w, https:\/\/blog.proclima.com\/de\/files\/2012\/05\/Copyright-Christian-Schmied-11-216x216.jpg 216w\" sizes=\"auto, (max-width: 150px) 100vw, 150px\" \/><\/a>\n\t\t\t<\/dt><\/dl><dl class='gallery-item'>\n\t\t\t<dt class='gallery-icon landscape'>\n\t\t\t\t<a href='https:\/\/blog.proclima.com\/de\/2012\/05\/bsz-loebau-thermohanf\/copyright-christian-schmied-12\/'><img loading=\"lazy\" decoding=\"async\" width=\"150\" height=\"150\" src=\"https:\/\/blog.proclima.com\/de\/files\/2012\/05\/Copyright-Christian-Schmied-12-150x150.jpg\" class=\"attachment-thumbnail size-thumbnail\" alt=\"Hier bauen sie die Thermo- Hanf Dampfbrems- und Luftdichtungsbahn DB+ ein \u2013 entwickelt und produziert von proclima\" aria-describedby=\"gallery-1-1274\" srcset=\"https:\/\/blog.proclima.com\/de\/files\/2012\/05\/Copyright-Christian-Schmied-12-150x150.jpg 150w, https:\/\/blog.proclima.com\/de\/files\/2012\/05\/Copyright-Christian-Schmied-12-216x216.jpg 216w\" sizes=\"auto, (max-width: 150px) 100vw, 150px\" \/><\/a>\n\t\t\t<\/dt>\n\t\t\t\t<dd class='wp-caption-text gallery-caption' id='gallery-1-1274'>\n\t\t\t\tHier bauen sie die Thermo- Hanf Dampfbrems- und Luftdichtungsbahn DB+ ein \u2013 entwickelt und produziert von proclima\n\t\t\t\t<\/dd><\/dl><br style=\"clear: both\" \/><dl class='gallery-item'>\n\t\t\t<dt class='gallery-icon landscape'>\n\t\t\t\t<a href='https:\/\/blog.proclima.com\/de\/2012\/05\/bsz-loebau-thermohanf\/img_0460\/'><img loading=\"lazy\" decoding=\"async\" width=\"150\" height=\"150\" src=\"https:\/\/blog.proclima.com\/de\/files\/2012\/05\/IMG_0460-150x150.jpg\" class=\"attachment-thumbnail size-thumbnail\" alt=\"\" srcset=\"https:\/\/blog.proclima.com\/de\/files\/2012\/05\/IMG_0460-150x150.jpg 150w, https:\/\/blog.proclima.com\/de\/files\/2012\/05\/IMG_0460-216x216.jpg 216w\" sizes=\"auto, (max-width: 150px) 100vw, 150px\" \/><\/a>\n\t\t\t<\/dt><\/dl><dl class='gallery-item'>\n\t\t\t<dt class='gallery-icon landscape'>\n\t\t\t\t<a href='https:\/\/blog.proclima.com\/de\/2012\/05\/bsz-loebau-thermohanf\/img_0461\/'><img loading=\"lazy\" decoding=\"async\" width=\"150\" height=\"150\" src=\"https:\/\/blog.proclima.com\/de\/files\/2012\/05\/IMG_0461-150x150.jpg\" class=\"attachment-thumbnail size-thumbnail\" alt=\"\" srcset=\"https:\/\/blog.proclima.com\/de\/files\/2012\/05\/IMG_0461-150x150.jpg 150w, https:\/\/blog.proclima.com\/de\/files\/2012\/05\/IMG_0461-216x216.jpg 216w\" sizes=\"auto, (max-width: 150px) 100vw, 150px\" \/><\/a>\n\t\t\t<\/dt><\/dl><dl class='gallery-item'>\n\t\t\t<dt class='gallery-icon landscape'>\n\t\t\t\t<a href='https:\/\/blog.proclima.com\/de\/2012\/05\/bsz-loebau-thermohanf\/img_0462\/'><img loading=\"lazy\" decoding=\"async\" width=\"150\" height=\"150\" src=\"https:\/\/blog.proclima.com\/de\/files\/2012\/05\/IMG_0462-150x150.jpg\" class=\"attachment-thumbnail size-thumbnail\" alt=\"\" srcset=\"https:\/\/blog.proclima.com\/de\/files\/2012\/05\/IMG_0462-150x150.jpg 150w, https:\/\/blog.proclima.com\/de\/files\/2012\/05\/IMG_0462-216x216.jpg 216w\" sizes=\"auto, (max-width: 150px) 100vw, 150px\" \/><\/a>\n\t\t\t<\/dt><\/dl><dl class='gallery-item'>\n\t\t\t<dt class='gallery-icon landscape'>\n\t\t\t\t<a href='https:\/\/blog.proclima.com\/de\/2012\/05\/bsz-loebau-thermohanf\/img_0463\/'><img loading=\"lazy\" decoding=\"async\" width=\"150\" height=\"150\" src=\"https:\/\/blog.proclima.com\/de\/files\/2012\/05\/IMG_0463-150x150.jpg\" class=\"attachment-thumbnail size-thumbnail\" alt=\"\" srcset=\"https:\/\/blog.proclima.com\/de\/files\/2012\/05\/IMG_0463-150x150.jpg 150w, https:\/\/blog.proclima.com\/de\/files\/2012\/05\/IMG_0463-216x216.jpg 216w\" sizes=\"auto, (max-width: 150px) 100vw, 150px\" \/><\/a>\n\t\t\t<\/dt><\/dl><br style=\"clear: both\" \/><dl class='gallery-item'>\n\t\t\t<dt class='gallery-icon landscape'>\n\t\t\t\t<a href='https:\/\/blog.proclima.com\/de\/2012\/05\/bsz-loebau-thermohanf\/img_0465\/'><img loading=\"lazy\" decoding=\"async\" width=\"150\" height=\"150\" src=\"https:\/\/blog.proclima.com\/de\/files\/2012\/05\/IMG_0465-150x150.jpg\" class=\"attachment-thumbnail size-thumbnail\" alt=\"\" srcset=\"https:\/\/blog.proclima.com\/de\/files\/2012\/05\/IMG_0465-150x150.jpg 150w, https:\/\/blog.proclima.com\/de\/files\/2012\/05\/IMG_0465-216x216.jpg 216w\" sizes=\"auto, (max-width: 150px) 100vw, 150px\" \/><\/a>\n\t\t\t<\/dt><\/dl><dl class='gallery-item'>\n\t\t\t<dt class='gallery-icon landscape'>\n\t\t\t\t<a href='https:\/\/blog.proclima.com\/de\/2012\/05\/bsz-loebau-thermohanf\/img_0466\/'><img loading=\"lazy\" decoding=\"async\" width=\"150\" height=\"150\" src=\"https:\/\/blog.proclima.com\/de\/files\/2012\/05\/IMG_0466-150x150.jpg\" class=\"attachment-thumbnail size-thumbnail\" alt=\"\" srcset=\"https:\/\/blog.proclima.com\/de\/files\/2012\/05\/IMG_0466-150x150.jpg 150w, https:\/\/blog.proclima.com\/de\/files\/2012\/05\/IMG_0466-216x216.jpg 216w\" sizes=\"auto, (max-width: 150px) 100vw, 150px\" \/><\/a>\n\t\t\t<\/dt><\/dl><dl class='gallery-item'>\n\t\t\t<dt class='gallery-icon landscape'>\n\t\t\t\t<a href='https:\/\/blog.proclima.com\/de\/2012\/05\/bsz-loebau-thermohanf\/img_0467\/'><img loading=\"lazy\" decoding=\"async\" width=\"150\" height=\"150\" src=\"https:\/\/blog.proclima.com\/de\/files\/2012\/05\/IMG_0467-150x150.jpg\" class=\"attachment-thumbnail size-thumbnail\" alt=\"\" srcset=\"https:\/\/blog.proclima.com\/de\/files\/2012\/05\/IMG_0467-150x150.jpg 150w, https:\/\/blog.proclima.com\/de\/files\/2012\/05\/IMG_0467-216x216.jpg 216w\" sizes=\"auto, (max-width: 150px) 100vw, 150px\" \/><\/a>\n\t\t\t<\/dt><\/dl><dl class='gallery-item'>\n\t\t\t<dt class='gallery-icon landscape'>\n\t\t\t\t<a href='https:\/\/blog.proclima.com\/de\/2012\/05\/bsz-loebau-thermohanf\/img_0469\/'><img loading=\"lazy\" decoding=\"async\" width=\"150\" height=\"150\" src=\"https:\/\/blog.proclima.com\/de\/files\/2012\/05\/IMG_0469-150x150.jpg\" class=\"attachment-thumbnail size-thumbnail\" alt=\"\" srcset=\"https:\/\/blog.proclima.com\/de\/files\/2012\/05\/IMG_0469-150x150.jpg 150w, https:\/\/blog.proclima.com\/de\/files\/2012\/05\/IMG_0469-216x216.jpg 216w\" sizes=\"auto, (max-width: 150px) 100vw, 150px\" \/><\/a>\n\t\t\t<\/dt><\/dl><br style=\"clear: both\" \/><dl class='gallery-item'>\n\t\t\t<dt class='gallery-icon landscape'>\n\t\t\t\t<a href='https:\/\/blog.proclima.com\/de\/2012\/05\/bsz-loebau-thermohanf\/img_0475\/'><img loading=\"lazy\" decoding=\"async\" width=\"150\" height=\"150\" src=\"https:\/\/blog.proclima.com\/de\/files\/2012\/05\/IMG_0475-150x150.jpg\" class=\"attachment-thumbnail size-thumbnail\" alt=\"\" srcset=\"https:\/\/blog.proclima.com\/de\/files\/2012\/05\/IMG_0475-150x150.jpg 150w, https:\/\/blog.proclima.com\/de\/files\/2012\/05\/IMG_0475-216x216.jpg 216w\" sizes=\"auto, (max-width: 150px) 100vw, 150px\" \/><\/a>\n\t\t\t<\/dt><\/dl><dl class='gallery-item'>\n\t\t\t<dt class='gallery-icon landscape'>\n\t\t\t\t<a href='https:\/\/blog.proclima.com\/de\/2012\/05\/bsz-loebau-thermohanf\/img_0476\/'><img loading=\"lazy\" decoding=\"async\" width=\"150\" height=\"150\" src=\"https:\/\/blog.proclima.com\/de\/files\/2012\/05\/IMG_0476-150x150.jpg\" class=\"attachment-thumbnail size-thumbnail\" alt=\"\" srcset=\"https:\/\/blog.proclima.com\/de\/files\/2012\/05\/IMG_0476-150x150.jpg 150w, https:\/\/blog.proclima.com\/de\/files\/2012\/05\/IMG_0476-216x216.jpg 216w\" sizes=\"auto, (max-width: 150px) 100vw, 150px\" \/><\/a>\n\t\t\t<\/dt><\/dl><dl class='gallery-item'>\n\t\t\t<dt class='gallery-icon landscape'>\n\t\t\t\t<a href='https:\/\/blog.proclima.com\/de\/2012\/05\/bsz-loebau-thermohanf\/img_0477\/'><img loading=\"lazy\" decoding=\"async\" width=\"150\" height=\"150\" src=\"https:\/\/blog.proclima.com\/de\/files\/2012\/05\/IMG_0477-150x150.jpg\" class=\"attachment-thumbnail size-thumbnail\" alt=\"\" srcset=\"https:\/\/blog.proclima.com\/de\/files\/2012\/05\/IMG_0477-150x150.jpg 150w, https:\/\/blog.proclima.com\/de\/files\/2012\/05\/IMG_0477-216x216.jpg 216w\" sizes=\"auto, (max-width: 150px) 100vw, 150px\" \/><\/a>\n\t\t\t<\/dt><\/dl><dl class='gallery-item'>\n\t\t\t<dt class='gallery-icon landscape'>\n\t\t\t\t<a href='https:\/\/blog.proclima.com\/de\/2012\/05\/bsz-loebau-thermohanf\/img_0478\/'><img loading=\"lazy\" decoding=\"async\" width=\"150\" height=\"150\" src=\"https:\/\/blog.proclima.com\/de\/files\/2012\/05\/IMG_0478-150x150.jpg\" class=\"attachment-thumbnail size-thumbnail\" alt=\"\" srcset=\"https:\/\/blog.proclima.com\/de\/files\/2012\/05\/IMG_0478-150x150.jpg 150w, https:\/\/blog.proclima.com\/de\/files\/2012\/05\/IMG_0478-216x216.jpg 216w\" sizes=\"auto, (max-width: 150px) 100vw, 150px\" \/><\/a>\n\t\t\t<\/dt><\/dl><br style=\"clear: both\" \/><dl class='gallery-item'>\n\t\t\t<dt class='gallery-icon landscape'>\n\t\t\t\t<a href='https:\/\/blog.proclima.com\/de\/2012\/05\/bsz-loebau-thermohanf\/img_0479\/'><img loading=\"lazy\" decoding=\"async\" width=\"150\" height=\"150\" src=\"https:\/\/blog.proclima.com\/de\/files\/2012\/05\/IMG_0479-150x150.jpg\" class=\"attachment-thumbnail size-thumbnail\" alt=\"\" srcset=\"https:\/\/blog.proclima.com\/de\/files\/2012\/05\/IMG_0479-150x150.jpg 150w, https:\/\/blog.proclima.com\/de\/files\/2012\/05\/IMG_0479-216x216.jpg 216w\" sizes=\"auto, (max-width: 150px) 100vw, 150px\" \/><\/a>\n\t\t\t<\/dt><\/dl><dl class='gallery-item'>\n\t\t\t<dt class='gallery-icon landscape'>\n\t\t\t\t<a href='https:\/\/blog.proclima.com\/de\/2012\/05\/bsz-loebau-thermohanf\/img_0480\/'><img loading=\"lazy\" decoding=\"async\" width=\"150\" height=\"150\" src=\"https:\/\/blog.proclima.com\/de\/files\/2012\/05\/IMG_0480-150x150.jpg\" class=\"attachment-thumbnail size-thumbnail\" alt=\"\" srcset=\"https:\/\/blog.proclima.com\/de\/files\/2012\/05\/IMG_0480-150x150.jpg 150w, https:\/\/blog.proclima.com\/de\/files\/2012\/05\/IMG_0480-216x216.jpg 216w\" sizes=\"auto, (max-width: 150px) 100vw, 150px\" \/><\/a>\n\t\t\t<\/dt><\/dl><dl class='gallery-item'>\n\t\t\t<dt class='gallery-icon landscape'>\n\t\t\t\t<a href='https:\/\/blog.proclima.com\/de\/2012\/05\/bsz-loebau-thermohanf\/img_0481\/'><img loading=\"lazy\" decoding=\"async\" width=\"150\" height=\"150\" src=\"https:\/\/blog.proclima.com\/de\/files\/2012\/05\/IMG_0481-150x150.jpg\" class=\"attachment-thumbnail size-thumbnail\" alt=\"\" srcset=\"https:\/\/blog.proclima.com\/de\/files\/2012\/05\/IMG_0481-150x150.jpg 150w, https:\/\/blog.proclima.com\/de\/files\/2012\/05\/IMG_0481-216x216.jpg 216w\" sizes=\"auto, (max-width: 150px) 100vw, 150px\" \/><\/a>\n\t\t\t<\/dt><\/dl><dl class='gallery-item'>\n\t\t\t<dt class='gallery-icon landscape'>\n\t\t\t\t<a href='https:\/\/blog.proclima.com\/de\/2012\/05\/bsz-loebau-thermohanf\/img_0482\/'><img loading=\"lazy\" decoding=\"async\" width=\"150\" height=\"150\" src=\"https:\/\/blog.proclima.com\/de\/files\/2012\/05\/IMG_0482-150x150.jpg\" class=\"attachment-thumbnail size-thumbnail\" alt=\"\" srcset=\"https:\/\/blog.proclima.com\/de\/files\/2012\/05\/IMG_0482-150x150.jpg 150w, https:\/\/blog.proclima.com\/de\/files\/2012\/05\/IMG_0482-216x216.jpg 216w\" sizes=\"auto, (max-width: 150px) 100vw, 150px\" \/><\/a>\n\t\t\t<\/dt><\/dl><br style=\"clear: both\" \/><dl class='gallery-item'>\n\t\t\t<dt class='gallery-icon landscape'>\n\t\t\t\t<a href='https:\/\/blog.proclima.com\/de\/2012\/05\/bsz-loebau-thermohanf\/img_0483\/'><img loading=\"lazy\" decoding=\"async\" width=\"150\" height=\"150\" src=\"https:\/\/blog.proclima.com\/de\/files\/2012\/05\/IMG_0483-150x150.jpg\" class=\"attachment-thumbnail size-thumbnail\" alt=\"\" srcset=\"https:\/\/blog.proclima.com\/de\/files\/2012\/05\/IMG_0483-150x150.jpg 150w, https:\/\/blog.proclima.com\/de\/files\/2012\/05\/IMG_0483-216x216.jpg 216w\" sizes=\"auto, (max-width: 150px) 100vw, 150px\" \/><\/a>\n\t\t\t<\/dt><\/dl>\n\t\t\t<br style='clear: both' \/>\n\t\t<\/div>\n\n","protected":false},"excerpt":{"rendered":"<p>Seine Mission ist es, angehenden Maurern, Zimmerern und Bautechnikern das ganze Bild des Bauens und Sanierens zu zeigen. \u201eIch m\u00f6chte jungen Menschen beibringen, was Prim\u00e4renergie <a href=\"https:\/\/blog.proclima.com\/de\/2012\/05\/bsz-loebau-thermohanf\/\" rel=\"bookmark\">&#8230;<\/a><\/p>\n","protected":false},"author":18,"featured_media":0,"comment_status":"open","ping_status":"open","sticky":false,"template":"","format":"standard","meta":{"footnotes":""},"categories":[1],"tags":[275,418,196,158,188],"class_list":["post-1257","post","type-post","status-publish","format-standard","hentry","category-proclima","tag-feuchtevariable-dampfbremsen","tag-jan-luth","tag-weiterbildung","tag-workshop","tag-zimmerer"],"yoast_head":"<!-- This site is optimized with the Yoast SEO plugin v27.5 - https:\/\/yoast.com\/product\/yoast-seo-wordpress\/ -->\n<title>\u00d6kologische Aufkl\u00e4rung vor Abschluss der Ausbildung: fachgerechtes Dichten und D\u00e4mmen der Geb\u00e4udeh\u00fclle &#187; pro clima Blog - Deutschland<\/title>\n<meta name=\"robots\" content=\"index, follow, max-snippet:-1, max-image-preview:large, max-video-preview:-1\" \/>\n<link rel=\"canonical\" href=\"https:\/\/blog.proclima.com\/de\/2012\/05\/bsz-loebau-thermohanf\/\" \/>\n<meta property=\"og:locale\" content=\"de_DE\" \/>\n<meta property=\"og:type\" content=\"article\" \/>\n<meta property=\"og:title\" content=\"\u00d6kologische Aufkl\u00e4rung vor Abschluss der Ausbildung: fachgerechtes Dichten und D\u00e4mmen der Geb\u00e4udeh\u00fclle &#187; pro clima Blog - Deutschland\" \/>\n<meta property=\"og:description\" content=\"Seine Mission ist es, angehenden Maurern, Zimmerern und Bautechnikern das ganze Bild des Bauens und Sanierens zu zeigen. \u201eIch m\u00f6chte jungen Menschen beibringen, was Prim\u00e4renergie ...\" \/>\n<meta property=\"og:url\" content=\"https:\/\/blog.proclima.com\/de\/2012\/05\/bsz-loebau-thermohanf\/\" \/>\n<meta property=\"og:site_name\" content=\"pro clima Blog - Deutschland\" \/>\n<meta property=\"article:publisher\" content=\"https:\/\/www.facebook.com\/proclima\" \/>\n<meta property=\"article:published_time\" content=\"2012-05-10T15:20:05+00:00\" \/>\n<meta property=\"article:modified_time\" content=\"2013-12-10T14:54:53+00:00\" \/>\n<meta property=\"og:image\" content=\"https:\/\/blog.proclima.com\/de\/files\/2012\/05\/Copyright-Christian-Schmied-2-150x150.jpg\" \/>\n<meta name=\"author\" content=\"Heide Merkel\" \/>\n<meta name=\"twitter:card\" content=\"summary_large_image\" \/>\n<meta name=\"twitter:creator\" content=\"@proclimaDE\" \/>\n<meta name=\"twitter:site\" content=\"@proclimaDE\" \/>\n<meta name=\"twitter:label1\" content=\"Verfasst von\" \/>\n\t<meta name=\"twitter:data1\" content=\"Heide Merkel\" \/>\n\t<meta name=\"twitter:label2\" content=\"Gesch\u00e4tzte Lesezeit\" \/>\n\t<meta name=\"twitter:data2\" content=\"2\u00a0Minuten\" \/>\n<script type=\"application\/ld+json\" class=\"yoast-schema-graph\">{\"@context\":\"https:\\\/\\\/schema.org\",\"@graph\":[{\"@type\":\"Article\",\"@id\":\"https:\\\/\\\/blog.proclima.com\\\/de\\\/2012\\\/05\\\/bsz-loebau-thermohanf\\\/#article\",\"isPartOf\":{\"@id\":\"https:\\\/\\\/blog.proclima.com\\\/de\\\/2012\\\/05\\\/bsz-loebau-thermohanf\\\/\"},\"author\":{\"name\":\"Heide Merkel\",\"@id\":\"https:\\\/\\\/blog.proclima.com\\\/de\\\/#\\\/schema\\\/person\\\/b3490e20200d5d45b8d56f555ceffc21\"},\"headline\":\"\u00d6kologische Aufkl\u00e4rung vor Abschluss der Ausbildung: fachgerechtes Dichten und D\u00e4mmen der Geb\u00e4udeh\u00fclle\",\"datePublished\":\"2012-05-10T15:20:05+00:00\",\"dateModified\":\"2013-12-10T14:54:53+00:00\",\"mainEntityOfPage\":{\"@id\":\"https:\\\/\\\/blog.proclima.com\\\/de\\\/2012\\\/05\\\/bsz-loebau-thermohanf\\\/\"},\"wordCount\":441,\"commentCount\":1,\"publisher\":{\"@id\":\"https:\\\/\\\/blog.proclima.com\\\/de\\\/#organization\"},\"image\":{\"@id\":\"https:\\\/\\\/blog.proclima.com\\\/de\\\/2012\\\/05\\\/bsz-loebau-thermohanf\\\/#primaryimage\"},\"thumbnailUrl\":\"https:\\\/\\\/blog.proclima.com\\\/de\\\/files\\\/2012\\\/05\\\/Copyright-Christian-Schmied-6-300x200.jpg\",\"keywords\":[\"feuchtevariable Dampfbremsen\",\"Jan L\u00fcth\",\"Weiterbildung\",\"Workshop\",\"Zimmerer\"],\"articleSection\":[\"pro clima\"],\"inLanguage\":\"de\",\"potentialAction\":[{\"@type\":\"CommentAction\",\"name\":\"Comment\",\"target\":[\"https:\\\/\\\/blog.proclima.com\\\/de\\\/2012\\\/05\\\/bsz-loebau-thermohanf\\\/#respond\"]}]},{\"@type\":\"WebPage\",\"@id\":\"https:\\\/\\\/blog.proclima.com\\\/de\\\/2012\\\/05\\\/bsz-loebau-thermohanf\\\/\",\"url\":\"https:\\\/\\\/blog.proclima.com\\\/de\\\/2012\\\/05\\\/bsz-loebau-thermohanf\\\/\",\"name\":\"\u00d6kologische Aufkl\u00e4rung vor Abschluss der Ausbildung: fachgerechtes Dichten und D\u00e4mmen der Geb\u00e4udeh\u00fclle &#187; pro clima Blog - Deutschland\",\"isPartOf\":{\"@id\":\"https:\\\/\\\/blog.proclima.com\\\/de\\\/#website\"},\"primaryImageOfPage\":{\"@id\":\"https:\\\/\\\/blog.proclima.com\\\/de\\\/2012\\\/05\\\/bsz-loebau-thermohanf\\\/#primaryimage\"},\"image\":{\"@id\":\"https:\\\/\\\/blog.proclima.com\\\/de\\\/2012\\\/05\\\/bsz-loebau-thermohanf\\\/#primaryimage\"},\"thumbnailUrl\":\"https:\\\/\\\/blog.proclima.com\\\/de\\\/files\\\/2012\\\/05\\\/Copyright-Christian-Schmied-6-300x200.jpg\",\"datePublished\":\"2012-05-10T15:20:05+00:00\",\"dateModified\":\"2013-12-10T14:54:53+00:00\",\"breadcrumb\":{\"@id\":\"https:\\\/\\\/blog.proclima.com\\\/de\\\/2012\\\/05\\\/bsz-loebau-thermohanf\\\/#breadcrumb\"},\"inLanguage\":\"de\",\"potentialAction\":[{\"@type\":\"ReadAction\",\"target\":[\"https:\\\/\\\/blog.proclima.com\\\/de\\\/2012\\\/05\\\/bsz-loebau-thermohanf\\\/\"]}]},{\"@type\":\"ImageObject\",\"inLanguage\":\"de\",\"@id\":\"https:\\\/\\\/blog.proclima.com\\\/de\\\/2012\\\/05\\\/bsz-loebau-thermohanf\\\/#primaryimage\",\"url\":\"https:\\\/\\\/blog.proclima.com\\\/de\\\/files\\\/2012\\\/05\\\/Copyright-Christian-Schmied-6-scaled.jpg\",\"contentUrl\":\"https:\\\/\\\/blog.proclima.com\\\/de\\\/files\\\/2012\\\/05\\\/Copyright-Christian-Schmied-6-scaled.jpg\",\"width\":2560,\"height\":1714},{\"@type\":\"BreadcrumbList\",\"@id\":\"https:\\\/\\\/blog.proclima.com\\\/de\\\/2012\\\/05\\\/bsz-loebau-thermohanf\\\/#breadcrumb\",\"itemListElement\":[{\"@type\":\"ListItem\",\"position\":1,\"name\":\"Startseite\",\"item\":\"https:\\\/\\\/blog.proclima.com\\\/de\\\/\"},{\"@type\":\"ListItem\",\"position\":2,\"name\":\"\u00d6kologische Aufkl\u00e4rung vor Abschluss der Ausbildung: fachgerechtes Dichten und D\u00e4mmen der Geb\u00e4udeh\u00fclle\"}]},{\"@type\":\"WebSite\",\"@id\":\"https:\\\/\\\/blog.proclima.com\\\/de\\\/#website\",\"url\":\"https:\\\/\\\/blog.proclima.com\\\/de\\\/\",\"name\":\"pro clima Blog - Deutschland\",\"description\":\"alles was pro clima bewegt\",\"publisher\":{\"@id\":\"https:\\\/\\\/blog.proclima.com\\\/de\\\/#organization\"},\"potentialAction\":[{\"@type\":\"SearchAction\",\"target\":{\"@type\":\"EntryPoint\",\"urlTemplate\":\"https:\\\/\\\/blog.proclima.com\\\/de\\\/?s={search_term_string}\"},\"query-input\":{\"@type\":\"PropertyValueSpecification\",\"valueRequired\":true,\"valueName\":\"search_term_string\"}}],\"inLanguage\":\"de\"},{\"@type\":\"Organization\",\"@id\":\"https:\\\/\\\/blog.proclima.com\\\/de\\\/#organization\",\"name\":\"pro clima - Moll bau\u00f6kologische Produkte GmbH\",\"url\":\"https:\\\/\\\/blog.proclima.com\\\/de\\\/\",\"logo\":{\"@type\":\"ImageObject\",\"inLanguage\":\"de\",\"@id\":\"https:\\\/\\\/blog.proclima.com\\\/de\\\/#\\\/schema\\\/logo\\\/image\\\/\",\"url\":\"https:\\\/\\\/blog.proclima.com\\\/de\\\/files\\\/2020\\\/04\\\/Logo-pro-clima.png\",\"contentUrl\":\"https:\\\/\\\/blog.proclima.com\\\/de\\\/files\\\/2020\\\/04\\\/Logo-pro-clima.png\",\"width\":4210,\"height\":4881,\"caption\":\"pro clima - Moll bau\u00f6kologische Produkte GmbH\"},\"image\":{\"@id\":\"https:\\\/\\\/blog.proclima.com\\\/de\\\/#\\\/schema\\\/logo\\\/image\\\/\"},\"sameAs\":[\"https:\\\/\\\/www.facebook.com\\\/proclima\",\"https:\\\/\\\/x.com\\\/proclimaDE\"]},{\"@type\":\"Person\",\"@id\":\"https:\\\/\\\/blog.proclima.com\\\/de\\\/#\\\/schema\\\/person\\\/b3490e20200d5d45b8d56f555ceffc21\",\"name\":\"Heide Merkel\",\"description\":\"Fachjournalistin, Referentin, Steuerung Presse &amp; Digitale Medien bei Moll bau\u00f6kologische Produkte GmbH (pro clima). Als Japanologin und ausgebildete Redakteurin ist Heide eher zuf\u00e4llig in der Baubranche gelandet. Seit 2011 arbeitet sie f\u00fcr pro clima. Ihr Wissen zu effektiver Kommunikation gibt sie in Seminaren, Artikeln und Vortr\u00e4gen weiter. F\u00fcr den pro clima Blog, proclima.tv und das pro clima Bauradio interviewt sie interessante Menschen aus der Baubranche. Auf\u00a0 luftdichtheit-gepr\u00fcft.de bloggt Heide \u00fcber Leckagen, Luftdichtung und Qualit\u00e4ts\u00fcberpr\u00fcfung mit Blower-Door-Tests. Ihre Freizeit verbringt sie u.a. in den Vogesen, wo sie seit mehr als f\u00fcnf Jahren ein altes Bauernhaus saniert. Ihr neuestes Projekt:\u00a0 www.besser-als-marketing.de Hier gibt es Tipps, wie Unternehmen in der Baubranche ihre Sichtbarkeit erh\u00f6hen k\u00f6nnen. Die ersten Videos sind bereits online im Youtube Channel Wer mehr \u00fcber Heide Merkel erfahren m\u00f6chte, findet sie auf den g\u00e4ngigen Social Media Plattformen.\",\"url\":\"https:\\\/\\\/blog.proclima.com\\\/de\\\/author\\\/gentner\\\/\"}]}<\/script>\n<!-- \/ Yoast SEO plugin. -->","yoast_head_json":{"title":"\u00d6kologische Aufkl\u00e4rung vor Abschluss der Ausbildung: fachgerechtes Dichten und D\u00e4mmen der Geb\u00e4udeh\u00fclle &#187; pro clima Blog - Deutschland","robots":{"index":"index","follow":"follow","max-snippet":"max-snippet:-1","max-image-preview":"max-image-preview:large","max-video-preview":"max-video-preview:-1"},"canonical":"https:\/\/blog.proclima.com\/de\/2012\/05\/bsz-loebau-thermohanf\/","og_locale":"de_DE","og_type":"article","og_title":"\u00d6kologische Aufkl\u00e4rung vor Abschluss der Ausbildung: fachgerechtes Dichten und D\u00e4mmen der Geb\u00e4udeh\u00fclle &#187; pro clima Blog - Deutschland","og_description":"Seine Mission ist es, angehenden Maurern, Zimmerern und Bautechnikern das ganze Bild des Bauens und Sanierens zu zeigen. \u201eIch m\u00f6chte jungen Menschen beibringen, was Prim\u00e4renergie ...","og_url":"https:\/\/blog.proclima.com\/de\/2012\/05\/bsz-loebau-thermohanf\/","og_site_name":"pro clima Blog - Deutschland","article_publisher":"https:\/\/www.facebook.com\/proclima","article_published_time":"2012-05-10T15:20:05+00:00","article_modified_time":"2013-12-10T14:54:53+00:00","og_image":[{"url":"https:\/\/blog.proclima.com\/de\/files\/2012\/05\/Copyright-Christian-Schmied-2-150x150.jpg","type":"","width":"","height":""}],"author":"Heide Merkel","twitter_card":"summary_large_image","twitter_creator":"@proclimaDE","twitter_site":"@proclimaDE","twitter_misc":{"Verfasst von":"Heide Merkel","Gesch\u00e4tzte Lesezeit":"2\u00a0Minuten"},"schema":{"@context":"https:\/\/schema.org","@graph":[{"@type":"Article","@id":"https:\/\/blog.proclima.com\/de\/2012\/05\/bsz-loebau-thermohanf\/#article","isPartOf":{"@id":"https:\/\/blog.proclima.com\/de\/2012\/05\/bsz-loebau-thermohanf\/"},"author":{"name":"Heide Merkel","@id":"https:\/\/blog.proclima.com\/de\/#\/schema\/person\/b3490e20200d5d45b8d56f555ceffc21"},"headline":"\u00d6kologische Aufkl\u00e4rung vor Abschluss der Ausbildung: fachgerechtes Dichten und D\u00e4mmen der Geb\u00e4udeh\u00fclle","datePublished":"2012-05-10T15:20:05+00:00","dateModified":"2013-12-10T14:54:53+00:00","mainEntityOfPage":{"@id":"https:\/\/blog.proclima.com\/de\/2012\/05\/bsz-loebau-thermohanf\/"},"wordCount":441,"commentCount":1,"publisher":{"@id":"https:\/\/blog.proclima.com\/de\/#organization"},"image":{"@id":"https:\/\/blog.proclima.com\/de\/2012\/05\/bsz-loebau-thermohanf\/#primaryimage"},"thumbnailUrl":"https:\/\/blog.proclima.com\/de\/files\/2012\/05\/Copyright-Christian-Schmied-6-300x200.jpg","keywords":["feuchtevariable Dampfbremsen","Jan L\u00fcth","Weiterbildung","Workshop","Zimmerer"],"articleSection":["pro clima"],"inLanguage":"de","potentialAction":[{"@type":"CommentAction","name":"Comment","target":["https:\/\/blog.proclima.com\/de\/2012\/05\/bsz-loebau-thermohanf\/#respond"]}]},{"@type":"WebPage","@id":"https:\/\/blog.proclima.com\/de\/2012\/05\/bsz-loebau-thermohanf\/","url":"https:\/\/blog.proclima.com\/de\/2012\/05\/bsz-loebau-thermohanf\/","name":"\u00d6kologische Aufkl\u00e4rung vor Abschluss der Ausbildung: fachgerechtes Dichten und D\u00e4mmen der Geb\u00e4udeh\u00fclle &#187; pro clima Blog - Deutschland","isPartOf":{"@id":"https:\/\/blog.proclima.com\/de\/#website"},"primaryImageOfPage":{"@id":"https:\/\/blog.proclima.com\/de\/2012\/05\/bsz-loebau-thermohanf\/#primaryimage"},"image":{"@id":"https:\/\/blog.proclima.com\/de\/2012\/05\/bsz-loebau-thermohanf\/#primaryimage"},"thumbnailUrl":"https:\/\/blog.proclima.com\/de\/files\/2012\/05\/Copyright-Christian-Schmied-6-300x200.jpg","datePublished":"2012-05-10T15:20:05+00:00","dateModified":"2013-12-10T14:54:53+00:00","breadcrumb":{"@id":"https:\/\/blog.proclima.com\/de\/2012\/05\/bsz-loebau-thermohanf\/#breadcrumb"},"inLanguage":"de","potentialAction":[{"@type":"ReadAction","target":["https:\/\/blog.proclima.com\/de\/2012\/05\/bsz-loebau-thermohanf\/"]}]},{"@type":"ImageObject","inLanguage":"de","@id":"https:\/\/blog.proclima.com\/de\/2012\/05\/bsz-loebau-thermohanf\/#primaryimage","url":"https:\/\/blog.proclima.com\/de\/files\/2012\/05\/Copyright-Christian-Schmied-6-scaled.jpg","contentUrl":"https:\/\/blog.proclima.com\/de\/files\/2012\/05\/Copyright-Christian-Schmied-6-scaled.jpg","width":2560,"height":1714},{"@type":"BreadcrumbList","@id":"https:\/\/blog.proclima.com\/de\/2012\/05\/bsz-loebau-thermohanf\/#breadcrumb","itemListElement":[{"@type":"ListItem","position":1,"name":"Startseite","item":"https:\/\/blog.proclima.com\/de\/"},{"@type":"ListItem","position":2,"name":"\u00d6kologische Aufkl\u00e4rung vor Abschluss der Ausbildung: fachgerechtes Dichten und D\u00e4mmen der Geb\u00e4udeh\u00fclle"}]},{"@type":"WebSite","@id":"https:\/\/blog.proclima.com\/de\/#website","url":"https:\/\/blog.proclima.com\/de\/","name":"pro clima Blog - Deutschland","description":"alles was pro clima bewegt","publisher":{"@id":"https:\/\/blog.proclima.com\/de\/#organization"},"potentialAction":[{"@type":"SearchAction","target":{"@type":"EntryPoint","urlTemplate":"https:\/\/blog.proclima.com\/de\/?s={search_term_string}"},"query-input":{"@type":"PropertyValueSpecification","valueRequired":true,"valueName":"search_term_string"}}],"inLanguage":"de"},{"@type":"Organization","@id":"https:\/\/blog.proclima.com\/de\/#organization","name":"pro clima - Moll bau\u00f6kologische Produkte GmbH","url":"https:\/\/blog.proclima.com\/de\/","logo":{"@type":"ImageObject","inLanguage":"de","@id":"https:\/\/blog.proclima.com\/de\/#\/schema\/logo\/image\/","url":"https:\/\/blog.proclima.com\/de\/files\/2020\/04\/Logo-pro-clima.png","contentUrl":"https:\/\/blog.proclima.com\/de\/files\/2020\/04\/Logo-pro-clima.png","width":4210,"height":4881,"caption":"pro clima - Moll bau\u00f6kologische Produkte GmbH"},"image":{"@id":"https:\/\/blog.proclima.com\/de\/#\/schema\/logo\/image\/"},"sameAs":["https:\/\/www.facebook.com\/proclima","https:\/\/x.com\/proclimaDE"]},{"@type":"Person","@id":"https:\/\/blog.proclima.com\/de\/#\/schema\/person\/b3490e20200d5d45b8d56f555ceffc21","name":"Heide Merkel","description":"Fachjournalistin, Referentin, Steuerung Presse &amp; Digitale Medien bei Moll bau\u00f6kologische Produkte GmbH (pro clima). Als Japanologin und ausgebildete Redakteurin ist Heide eher zuf\u00e4llig in der Baubranche gelandet. Seit 2011 arbeitet sie f\u00fcr pro clima. Ihr Wissen zu effektiver Kommunikation gibt sie in Seminaren, Artikeln und Vortr\u00e4gen weiter. F\u00fcr den pro clima Blog, proclima.tv und das pro clima Bauradio interviewt sie interessante Menschen aus der Baubranche. Auf\u00a0 luftdichtheit-gepr\u00fcft.de bloggt Heide \u00fcber Leckagen, Luftdichtung und Qualit\u00e4ts\u00fcberpr\u00fcfung mit Blower-Door-Tests. Ihre Freizeit verbringt sie u.a. in den Vogesen, wo sie seit mehr als f\u00fcnf Jahren ein altes Bauernhaus saniert. Ihr neuestes Projekt:\u00a0 www.besser-als-marketing.de Hier gibt es Tipps, wie Unternehmen in der Baubranche ihre Sichtbarkeit erh\u00f6hen k\u00f6nnen. Die ersten Videos sind bereits online im Youtube Channel Wer mehr \u00fcber Heide Merkel erfahren m\u00f6chte, findet sie auf den g\u00e4ngigen Social Media Plattformen.","url":"https:\/\/blog.proclima.com\/de\/author\/gentner\/"}]}},"canto_acf_fields":"","_links":{"self":[{"href":"https:\/\/blog.proclima.com\/de\/wp-json\/wp\/v2\/posts\/1257","targetHints":{"allow":["GET"]}}],"collection":[{"href":"https:\/\/blog.proclima.com\/de\/wp-json\/wp\/v2\/posts"}],"about":[{"href":"https:\/\/blog.proclima.com\/de\/wp-json\/wp\/v2\/types\/post"}],"author":[{"embeddable":true,"href":"https:\/\/blog.proclima.com\/de\/wp-json\/wp\/v2\/users\/18"}],"replies":[{"embeddable":true,"href":"https:\/\/blog.proclima.com\/de\/wp-json\/wp\/v2\/comments?post=1257"}],"version-history":[{"count":29,"href":"https:\/\/blog.proclima.com\/de\/wp-json\/wp\/v2\/posts\/1257\/revisions"}],"predecessor-version":[{"id":3455,"href":"https:\/\/blog.proclima.com\/de\/wp-json\/wp\/v2\/posts\/1257\/revisions\/3455"}],"wp:attachment":[{"href":"https:\/\/blog.proclima.com\/de\/wp-json\/wp\/v2\/media?parent=1257"}],"wp:term":[{"taxonomy":"category","embeddable":true,"href":"https:\/\/blog.proclima.com\/de\/wp-json\/wp\/v2\/categories?post=1257"},{"taxonomy":"post_tag","embeddable":true,"href":"https:\/\/blog.proclima.com\/de\/wp-json\/wp\/v2\/tags?post=1257"}],"curies":[{"name":"wp","href":"https:\/\/api.w.org\/{rel}","templated":true}]}}