
{"id":1204,"date":"2012-05-03T16:35:49","date_gmt":"2012-05-03T14:35:49","guid":{"rendered":"http:\/\/blog.proclima.com\/de\/?p=1204"},"modified":"2012-05-03T16:35:49","modified_gmt":"2012-05-03T14:35:49","slug":"holzbaucampus","status":"publish","type":"post","link":"https:\/\/blog.proclima.com\/de\/2012\/05\/holzbaucampus\/","title":{"rendered":"Holzbaucampus: Entw\u00fcrfe bis zur Detailebene"},"content":{"rendered":"<p><a href=\"https:\/\/blog.proclima.com\/de\/files\/2012\/05\/P1010137.jpg\"><img loading=\"lazy\" decoding=\"async\" data-size=\"1000x750\" class=\"alignleft size-medium wp-image-1205\" src=\"https:\/\/blog.proclima.com\/de\/files\/2012\/05\/P1010137-300x225.jpg\" alt=\"\" width=\"300\" height=\"225\" srcset=\"https:\/\/blog.proclima.com\/de\/files\/2012\/05\/P1010137-300x225.jpg 300w, https:\/\/blog.proclima.com\/de\/files\/2012\/05\/P1010137-768x576.jpg 768w, https:\/\/blog.proclima.com\/de\/files\/2012\/05\/P1010137-384x288.jpg 384w, https:\/\/blog.proclima.com\/de\/files\/2012\/05\/P1010137.jpg 1000w\" sizes=\"auto, (max-width: 300px) 100vw, 300px\" \/><\/a>Sie zeichneten, bauten und lernten: Zwei Wochen lang sind Studenten aus ganz Deutschland in die Welt des Holzbaus eingetaucht. Beim <a title=\"Holzworkshop im aedes: Vorurteile aufbrechen und mit Holz begeistern\" href=\"https:\/\/blog.proclima.com\/de\/2012\/03\/holzbauforum\/\">ersten Holzbaucampus<\/a> in Berlin, der von Architekt Tom Kaden initiiert wurde, entwickelten angehende Architekten und Ingenieure Konzepte f\u00fcr die Zukunft: \u201eMeine Erwartungen sind \u00fcbertroffen worden. Ich war \u00fcberrascht, wie intensiv sich die Studenten mit dem Projekt besch\u00e4ftigt haben\u201c, sagt Kaden, der mit seinem Partner Tom Klingbeil derzeit im Architekturforum aedes in Berlin ausstellt.<!--more--><\/p>\n<p>Statt Berlin im April zu entdecken und in der Hauptstadt zu feiern, konzentrierten sich die Workshopteilnehmer auf das Thema Holzbau und Holzkonstruktionen. In der ersten Woche bearbeiteten sie einen st\u00e4dtebaulichen Entwurf f\u00fcr ein Baufeld in Neuk\u00f6lln, das in der N\u00e4he des stillgelegten Flughafens Tempelhof liegt. Sie untersuchten die bereits vorhandenen, sanierungsbed\u00fcrftigen und abzurei\u00dfenden Geb\u00e4ude, fotografierten und diskutierten Konzepte. \u201eIn der zweiten Woche erarbeiteten die Studenten Konstruktionssysteme in Holzbauweise f\u00fcr den Wohnungsbau\u201c, erkl\u00e4rt Kaden. Die Vorentw\u00fcrfe bis zur Detailebene stellten sie zum Abschluss Gastdozenten vor: Professoren aus verschiedenen deutschen Universit\u00e4ten.<\/p>\n<p>\u201eIch habe selten in kurzer Zeit so weit entwickelte Ergebnisse gesehen\u201c, sagt pro clima Grafiker Albert Bomerski, der selbst auch Architektur studiert hat und den Workshop mit pro clima Au\u00dfendienst Jan L\u00fcth\u00a0 (3d Bauservice) besuchte. \u201eDen Studenten gefiel der Workshop wegen der intensiven Betreuung durch die verschiedenen Dozenten\u201c, sagt Kaden.<\/p>\n<p>Die Vorschl\u00e4ge der Studenten seien so gut, dass das Architekturb\u00fcro Kaden Klingbeil daran ankn\u00fcpfen will:\u00a0 \u201eWir wollen mit den Studenten und deren Ergebnissen gegebenenfalls weiterarbeiten. Ob das funktioniert h\u00e4ngt von der finanzierenden Bank, der Wohnungsbaugenossenschaft, den Baugruppen und den Investoren ab\u201c, erkl\u00e4rt Kaden.<\/p>\n<p>Sicher jedoch ist, dass Kaden den Holzbaucampus wiederholen m\u00f6chte: \u201eIch war nach den zwei Wochen traurig, dass es vorbei war. Wir wollen k\u00fcnftig den Workshop einmal im Jahr anbieten.\u201c<\/p>\n\n\t\t<style type=\"text\/css\">\n\t\t\t#gallery-1 {\n\t\t\t\tmargin: auto;\n\t\t\t}\n\t\t\t#gallery-1 .gallery-item {\n\t\t\t\tfloat: left;\n\t\t\t\tmargin-top: 10px;\n\t\t\t\ttext-align: center;\n\t\t\t\twidth: 25%;\n\t\t\t}\n\t\t\t#gallery-1 img {\n\t\t\t\tborder: 2px solid #cfcfcf;\n\t\t\t}\n\t\t\t#gallery-1 .gallery-caption {\n\t\t\t\tmargin-left: 0;\n\t\t\t}\n\t\t\t\/* see gallery_shortcode() in wp-includes\/media.php *\/\n\t\t<\/style>\n\t\t<div id='gallery-1' class='gallery galleryid-1204 gallery-columns-4 gallery-size-thumbnail'><dl class='gallery-item'>\n\t\t\t<dt class='gallery-icon landscape'>\n\t\t\t\t<a href='https:\/\/blog.proclima.com\/de\/2012\/05\/holzbaucampus\/p1010137-2\/'><img loading=\"lazy\" decoding=\"async\" data-size=\"1000x750\" width=\"150\" height=\"150\" src=\"https:\/\/blog.proclima.com\/de\/files\/2012\/05\/P1010137-150x150.jpg\" class=\"attachment-thumbnail size-thumbnail\" alt=\"\" srcset=\"https:\/\/blog.proclima.com\/de\/files\/2012\/05\/P1010137-150x150.jpg 150w, https:\/\/blog.proclima.com\/de\/files\/2012\/05\/P1010137-216x216.jpg 216w\" sizes=\"auto, (max-width: 150px) 100vw, 150px\" \/><\/a>\n\t\t\t<\/dt><\/dl><dl class='gallery-item'>\n\t\t\t<dt class='gallery-icon portrait'>\n\t\t\t\t<a href='https:\/\/blog.proclima.com\/de\/2012\/05\/holzbaucampus\/p1010138\/'><img loading=\"lazy\" decoding=\"async\" data-size=\"750x1000\" width=\"150\" height=\"150\" src=\"https:\/\/blog.proclima.com\/de\/files\/2012\/05\/P1010138-150x150.jpg\" class=\"attachment-thumbnail size-thumbnail\" alt=\"\" srcset=\"https:\/\/blog.proclima.com\/de\/files\/2012\/05\/P1010138-150x150.jpg 150w, https:\/\/blog.proclima.com\/de\/files\/2012\/05\/P1010138-216x216.jpg 216w\" sizes=\"auto, (max-width: 150px) 100vw, 150px\" \/><\/a>\n\t\t\t<\/dt><\/dl><dl class='gallery-item'>\n\t\t\t<dt class='gallery-icon landscape'>\n\t\t\t\t<a href='https:\/\/blog.proclima.com\/de\/2012\/05\/holzbaucampus\/p1010140\/'><img loading=\"lazy\" decoding=\"async\" data-size=\"1000x750\" width=\"150\" height=\"150\" src=\"https:\/\/blog.proclima.com\/de\/files\/2012\/05\/P1010140-150x150.jpg\" class=\"attachment-thumbnail size-thumbnail\" alt=\"\" srcset=\"https:\/\/blog.proclima.com\/de\/files\/2012\/05\/P1010140-150x150.jpg 150w, https:\/\/blog.proclima.com\/de\/files\/2012\/05\/P1010140-216x216.jpg 216w\" sizes=\"auto, (max-width: 150px) 100vw, 150px\" \/><\/a>\n\t\t\t<\/dt><\/dl><dl class='gallery-item'>\n\t\t\t<dt class='gallery-icon landscape'>\n\t\t\t\t<a href='https:\/\/blog.proclima.com\/de\/2012\/05\/holzbaucampus\/p1010142\/'><img loading=\"lazy\" decoding=\"async\" data-size=\"1000x750\" width=\"150\" height=\"150\" src=\"https:\/\/blog.proclima.com\/de\/files\/2012\/05\/P1010142-150x150.jpg\" class=\"attachment-thumbnail size-thumbnail\" alt=\"\" srcset=\"https:\/\/blog.proclima.com\/de\/files\/2012\/05\/P1010142-150x150.jpg 150w, https:\/\/blog.proclima.com\/de\/files\/2012\/05\/P1010142-216x216.jpg 216w\" sizes=\"auto, (max-width: 150px) 100vw, 150px\" \/><\/a>\n\t\t\t<\/dt><\/dl><br style=\"clear: both\" \/><dl class='gallery-item'>\n\t\t\t<dt class='gallery-icon landscape'>\n\t\t\t\t<a href='https:\/\/blog.proclima.com\/de\/2012\/05\/holzbaucampus\/p1010143\/'><img loading=\"lazy\" decoding=\"async\" data-size=\"1000x750\" width=\"150\" height=\"150\" src=\"https:\/\/blog.proclima.com\/de\/files\/2012\/05\/P1010143-150x150.jpg\" class=\"attachment-thumbnail size-thumbnail\" alt=\"\" srcset=\"https:\/\/blog.proclima.com\/de\/files\/2012\/05\/P1010143-150x150.jpg 150w, https:\/\/blog.proclima.com\/de\/files\/2012\/05\/P1010143-216x216.jpg 216w\" sizes=\"auto, (max-width: 150px) 100vw, 150px\" \/><\/a>\n\t\t\t<\/dt><\/dl><dl class='gallery-item'>\n\t\t\t<dt class='gallery-icon landscape'>\n\t\t\t\t<a href='https:\/\/blog.proclima.com\/de\/2012\/05\/holzbaucampus\/p1010145\/'><img loading=\"lazy\" decoding=\"async\" data-size=\"1000x750\" width=\"150\" height=\"150\" src=\"https:\/\/blog.proclima.com\/de\/files\/2012\/05\/P1010145-150x150.jpg\" class=\"attachment-thumbnail size-thumbnail\" alt=\"\" srcset=\"https:\/\/blog.proclima.com\/de\/files\/2012\/05\/P1010145-150x150.jpg 150w, https:\/\/blog.proclima.com\/de\/files\/2012\/05\/P1010145-216x216.jpg 216w\" sizes=\"auto, (max-width: 150px) 100vw, 150px\" \/><\/a>\n\t\t\t<\/dt><\/dl><dl class='gallery-item'>\n\t\t\t<dt class='gallery-icon landscape'>\n\t\t\t\t<a href='https:\/\/blog.proclima.com\/de\/2012\/05\/holzbaucampus\/p1010147\/'><img loading=\"lazy\" decoding=\"async\" data-size=\"1000x750\" width=\"150\" height=\"150\" src=\"https:\/\/blog.proclima.com\/de\/files\/2012\/05\/P1010147-150x150.jpg\" class=\"attachment-thumbnail size-thumbnail\" alt=\"\" srcset=\"https:\/\/blog.proclima.com\/de\/files\/2012\/05\/P1010147-150x150.jpg 150w, https:\/\/blog.proclima.com\/de\/files\/2012\/05\/P1010147-216x216.jpg 216w\" sizes=\"auto, (max-width: 150px) 100vw, 150px\" \/><\/a>\n\t\t\t<\/dt><\/dl><dl class='gallery-item'>\n\t\t\t<dt class='gallery-icon landscape'>\n\t\t\t\t<a href='https:\/\/blog.proclima.com\/de\/2012\/05\/holzbaucampus\/p1010150\/'><img loading=\"lazy\" decoding=\"async\" data-size=\"1000x750\" width=\"150\" height=\"150\" src=\"https:\/\/blog.proclima.com\/de\/files\/2012\/05\/P1010150-150x150.jpg\" class=\"attachment-thumbnail size-thumbnail\" alt=\"\" srcset=\"https:\/\/blog.proclima.com\/de\/files\/2012\/05\/P1010150-150x150.jpg 150w, https:\/\/blog.proclima.com\/de\/files\/2012\/05\/P1010150-216x216.jpg 216w\" sizes=\"auto, (max-width: 150px) 100vw, 150px\" \/><\/a>\n\t\t\t<\/dt><\/dl><br style=\"clear: both\" \/><dl class='gallery-item'>\n\t\t\t<dt class='gallery-icon landscape'>\n\t\t\t\t<a href='https:\/\/blog.proclima.com\/de\/2012\/05\/holzbaucampus\/p1010151\/'><img loading=\"lazy\" decoding=\"async\" data-size=\"820x754\" width=\"150\" height=\"150\" src=\"https:\/\/blog.proclima.com\/de\/files\/2012\/05\/P1010151-150x150.jpg\" class=\"attachment-thumbnail size-thumbnail\" alt=\"\" srcset=\"https:\/\/blog.proclima.com\/de\/files\/2012\/05\/P1010151-150x150.jpg 150w, https:\/\/blog.proclima.com\/de\/files\/2012\/05\/P1010151-216x216.jpg 216w\" sizes=\"auto, (max-width: 150px) 100vw, 150px\" \/><\/a>\n\t\t\t<\/dt><\/dl><dl class='gallery-item'>\n\t\t\t<dt class='gallery-icon landscape'>\n\t\t\t\t<a href='https:\/\/blog.proclima.com\/de\/2012\/05\/holzbaucampus\/p1010152\/'><img loading=\"lazy\" decoding=\"async\" data-size=\"1000x750\" width=\"150\" height=\"150\" src=\"https:\/\/blog.proclima.com\/de\/files\/2012\/05\/P1010152-150x150.jpg\" class=\"attachment-thumbnail size-thumbnail\" alt=\"\" srcset=\"https:\/\/blog.proclima.com\/de\/files\/2012\/05\/P1010152-150x150.jpg 150w, https:\/\/blog.proclima.com\/de\/files\/2012\/05\/P1010152-216x216.jpg 216w\" sizes=\"auto, (max-width: 150px) 100vw, 150px\" \/><\/a>\n\t\t\t<\/dt><\/dl><dl class='gallery-item'>\n\t\t\t<dt class='gallery-icon landscape'>\n\t\t\t\t<a href='https:\/\/blog.proclima.com\/de\/2012\/05\/holzbaucampus\/p1010153\/'><img loading=\"lazy\" decoding=\"async\" data-size=\"1000x750\" width=\"150\" height=\"150\" src=\"https:\/\/blog.proclima.com\/de\/files\/2012\/05\/P1010153-150x150.jpg\" class=\"attachment-thumbnail size-thumbnail\" alt=\"\" srcset=\"https:\/\/blog.proclima.com\/de\/files\/2012\/05\/P1010153-150x150.jpg 150w, https:\/\/blog.proclima.com\/de\/files\/2012\/05\/P1010153-216x216.jpg 216w\" sizes=\"auto, (max-width: 150px) 100vw, 150px\" \/><\/a>\n\t\t\t<\/dt><\/dl><dl class='gallery-item'>\n\t\t\t<dt class='gallery-icon landscape'>\n\t\t\t\t<a href='https:\/\/blog.proclima.com\/de\/2012\/05\/holzbaucampus\/p1010154\/'><img loading=\"lazy\" decoding=\"async\" data-size=\"1000x750\" width=\"150\" height=\"150\" src=\"https:\/\/blog.proclima.com\/de\/files\/2012\/05\/P1010154-150x150.jpg\" class=\"attachment-thumbnail size-thumbnail\" alt=\"\" srcset=\"https:\/\/blog.proclima.com\/de\/files\/2012\/05\/P1010154-150x150.jpg 150w, https:\/\/blog.proclima.com\/de\/files\/2012\/05\/P1010154-216x216.jpg 216w\" sizes=\"auto, (max-width: 150px) 100vw, 150px\" \/><\/a>\n\t\t\t<\/dt><\/dl><br style=\"clear: both\" \/><dl class='gallery-item'>\n\t\t\t<dt class='gallery-icon landscape'>\n\t\t\t\t<a href='https:\/\/blog.proclima.com\/de\/2012\/05\/holzbaucampus\/p1010155\/'><img loading=\"lazy\" decoding=\"async\" data-size=\"1000x750\" width=\"150\" height=\"150\" src=\"https:\/\/blog.proclima.com\/de\/files\/2012\/05\/P1010155-150x150.jpg\" class=\"attachment-thumbnail size-thumbnail\" alt=\"\" srcset=\"https:\/\/blog.proclima.com\/de\/files\/2012\/05\/P1010155-150x150.jpg 150w, https:\/\/blog.proclima.com\/de\/files\/2012\/05\/P1010155-216x216.jpg 216w\" sizes=\"auto, (max-width: 150px) 100vw, 150px\" \/><\/a>\n\t\t\t<\/dt><\/dl>\n\t\t\t<br style='clear: both' \/>\n\t\t<\/div>\n\n<p>&nbsp;<\/p>\n","protected":false},"excerpt":{"rendered":"<p>Sie zeichneten, bauten und lernten: Zwei Wochen lang sind Studenten aus ganz Deutschland in die Welt des Holzbaus eingetaucht. Beim ersten Holzbaucampus in Berlin, der <a href=\"https:\/\/blog.proclima.com\/de\/2012\/05\/holzbaucampus\/\" rel=\"bookmark\">&#8230;<\/a><\/p>\n","protected":false},"author":18,"featured_media":0,"comment_status":"open","ping_status":"open","sticky":false,"template":"","format":"standard","meta":{"footnotes":""},"categories":[1],"tags":[106,88,254],"class_list":["post-1204","post","type-post","status-publish","format-standard","hentry","category-proclima","tag-berlin","tag-holzbau","tag-holzbaucampus"],"yoast_head":"<!-- This site is optimized with the Yoast SEO plugin v27.5 - https:\/\/yoast.com\/product\/yoast-seo-wordpress\/ -->\n<title>Holzbaucampus: Entw\u00fcrfe bis zur Detailebene  &#187; pro clima Blog - Deutschland<\/title>\n<meta name=\"robots\" content=\"index, follow, max-snippet:-1, max-image-preview:large, max-video-preview:-1\" \/>\n<link rel=\"canonical\" href=\"https:\/\/blog.proclima.com\/de\/2012\/05\/holzbaucampus\/\" \/>\n<meta property=\"og:locale\" content=\"de_DE\" \/>\n<meta property=\"og:type\" content=\"article\" \/>\n<meta property=\"og:title\" content=\"Holzbaucampus: Entw\u00fcrfe bis zur Detailebene  &#187; pro clima Blog - Deutschland\" \/>\n<meta property=\"og:description\" content=\"Sie zeichneten, bauten und lernten: Zwei Wochen lang sind Studenten aus ganz Deutschland in die Welt des Holzbaus eingetaucht. Beim ersten Holzbaucampus in Berlin, der ...\" \/>\n<meta property=\"og:url\" content=\"https:\/\/blog.proclima.com\/de\/2012\/05\/holzbaucampus\/\" \/>\n<meta property=\"og:site_name\" content=\"pro clima Blog - Deutschland\" \/>\n<meta property=\"article:publisher\" content=\"https:\/\/www.facebook.com\/proclima\" \/>\n<meta property=\"article:published_time\" content=\"2012-05-03T14:35:49+00:00\" \/>\n<meta property=\"og:image\" content=\"https:\/\/blog.proclima.com\/de\/files\/2012\/05\/P1010137-150x150.jpg\" \/>\n<meta name=\"author\" content=\"Heide Merkel\" \/>\n<meta name=\"twitter:card\" content=\"summary_large_image\" \/>\n<meta name=\"twitter:creator\" content=\"@proclimaDE\" \/>\n<meta name=\"twitter:site\" content=\"@proclimaDE\" \/>\n<meta name=\"twitter:label1\" content=\"Verfasst von\" \/>\n\t<meta name=\"twitter:data1\" content=\"Heide Merkel\" \/>\n\t<meta name=\"twitter:label2\" content=\"Gesch\u00e4tzte Lesezeit\" \/>\n\t<meta name=\"twitter:data2\" content=\"2\u00a0Minuten\" \/>\n<script type=\"application\/ld+json\" class=\"yoast-schema-graph\">{\"@context\":\"https:\\\/\\\/schema.org\",\"@graph\":[{\"@type\":\"Article\",\"@id\":\"https:\\\/\\\/blog.proclima.com\\\/de\\\/2012\\\/05\\\/holzbaucampus\\\/#article\",\"isPartOf\":{\"@id\":\"https:\\\/\\\/blog.proclima.com\\\/de\\\/2012\\\/05\\\/holzbaucampus\\\/\"},\"author\":{\"name\":\"Heide Merkel\",\"@id\":\"https:\\\/\\\/blog.proclima.com\\\/de\\\/#\\\/schema\\\/person\\\/b3490e20200d5d45b8d56f555ceffc21\"},\"headline\":\"Holzbaucampus: Entw\u00fcrfe bis zur Detailebene\",\"datePublished\":\"2012-05-03T14:35:49+00:00\",\"mainEntityOfPage\":{\"@id\":\"https:\\\/\\\/blog.proclima.com\\\/de\\\/2012\\\/05\\\/holzbaucampus\\\/\"},\"wordCount\":315,\"commentCount\":0,\"publisher\":{\"@id\":\"https:\\\/\\\/blog.proclima.com\\\/de\\\/#organization\"},\"image\":{\"@id\":\"https:\\\/\\\/blog.proclima.com\\\/de\\\/2012\\\/05\\\/holzbaucampus\\\/#primaryimage\"},\"thumbnailUrl\":\"https:\\\/\\\/blog.proclima.com\\\/de\\\/files\\\/2012\\\/05\\\/P1010137-300x225.jpg\",\"keywords\":[\"Berlin\",\"holzbau\",\"Holzbaucampus\"],\"articleSection\":[\"pro clima\"],\"inLanguage\":\"de\",\"potentialAction\":[{\"@type\":\"CommentAction\",\"name\":\"Comment\",\"target\":[\"https:\\\/\\\/blog.proclima.com\\\/de\\\/2012\\\/05\\\/holzbaucampus\\\/#respond\"]}]},{\"@type\":\"WebPage\",\"@id\":\"https:\\\/\\\/blog.proclima.com\\\/de\\\/2012\\\/05\\\/holzbaucampus\\\/\",\"url\":\"https:\\\/\\\/blog.proclima.com\\\/de\\\/2012\\\/05\\\/holzbaucampus\\\/\",\"name\":\"Holzbaucampus: Entw\u00fcrfe bis zur Detailebene &#187; pro clima Blog - Deutschland\",\"isPartOf\":{\"@id\":\"https:\\\/\\\/blog.proclima.com\\\/de\\\/#website\"},\"primaryImageOfPage\":{\"@id\":\"https:\\\/\\\/blog.proclima.com\\\/de\\\/2012\\\/05\\\/holzbaucampus\\\/#primaryimage\"},\"image\":{\"@id\":\"https:\\\/\\\/blog.proclima.com\\\/de\\\/2012\\\/05\\\/holzbaucampus\\\/#primaryimage\"},\"thumbnailUrl\":\"https:\\\/\\\/blog.proclima.com\\\/de\\\/files\\\/2012\\\/05\\\/P1010137-300x225.jpg\",\"datePublished\":\"2012-05-03T14:35:49+00:00\",\"breadcrumb\":{\"@id\":\"https:\\\/\\\/blog.proclima.com\\\/de\\\/2012\\\/05\\\/holzbaucampus\\\/#breadcrumb\"},\"inLanguage\":\"de\",\"potentialAction\":[{\"@type\":\"ReadAction\",\"target\":[\"https:\\\/\\\/blog.proclima.com\\\/de\\\/2012\\\/05\\\/holzbaucampus\\\/\"]}]},{\"@type\":\"ImageObject\",\"inLanguage\":\"de\",\"@id\":\"https:\\\/\\\/blog.proclima.com\\\/de\\\/2012\\\/05\\\/holzbaucampus\\\/#primaryimage\",\"url\":\"https:\\\/\\\/blog.proclima.com\\\/de\\\/files\\\/2012\\\/05\\\/P1010137.jpg\",\"contentUrl\":\"https:\\\/\\\/blog.proclima.com\\\/de\\\/files\\\/2012\\\/05\\\/P1010137.jpg\",\"width\":1000,\"height\":750},{\"@type\":\"BreadcrumbList\",\"@id\":\"https:\\\/\\\/blog.proclima.com\\\/de\\\/2012\\\/05\\\/holzbaucampus\\\/#breadcrumb\",\"itemListElement\":[{\"@type\":\"ListItem\",\"position\":1,\"name\":\"Startseite\",\"item\":\"https:\\\/\\\/blog.proclima.com\\\/de\\\/\"},{\"@type\":\"ListItem\",\"position\":2,\"name\":\"Holzbaucampus: Entw\u00fcrfe bis zur Detailebene\"}]},{\"@type\":\"WebSite\",\"@id\":\"https:\\\/\\\/blog.proclima.com\\\/de\\\/#website\",\"url\":\"https:\\\/\\\/blog.proclima.com\\\/de\\\/\",\"name\":\"pro clima Blog - Deutschland\",\"description\":\"alles was pro clima bewegt\",\"publisher\":{\"@id\":\"https:\\\/\\\/blog.proclima.com\\\/de\\\/#organization\"},\"potentialAction\":[{\"@type\":\"SearchAction\",\"target\":{\"@type\":\"EntryPoint\",\"urlTemplate\":\"https:\\\/\\\/blog.proclima.com\\\/de\\\/?s={search_term_string}\"},\"query-input\":{\"@type\":\"PropertyValueSpecification\",\"valueRequired\":true,\"valueName\":\"search_term_string\"}}],\"inLanguage\":\"de\"},{\"@type\":\"Organization\",\"@id\":\"https:\\\/\\\/blog.proclima.com\\\/de\\\/#organization\",\"name\":\"pro clima - Moll bau\u00f6kologische Produkte GmbH\",\"url\":\"https:\\\/\\\/blog.proclima.com\\\/de\\\/\",\"logo\":{\"@type\":\"ImageObject\",\"inLanguage\":\"de\",\"@id\":\"https:\\\/\\\/blog.proclima.com\\\/de\\\/#\\\/schema\\\/logo\\\/image\\\/\",\"url\":\"https:\\\/\\\/blog.proclima.com\\\/de\\\/files\\\/2020\\\/04\\\/Logo-pro-clima.png\",\"contentUrl\":\"https:\\\/\\\/blog.proclima.com\\\/de\\\/files\\\/2020\\\/04\\\/Logo-pro-clima.png\",\"width\":4210,\"height\":4881,\"caption\":\"pro clima - Moll bau\u00f6kologische Produkte GmbH\"},\"image\":{\"@id\":\"https:\\\/\\\/blog.proclima.com\\\/de\\\/#\\\/schema\\\/logo\\\/image\\\/\"},\"sameAs\":[\"https:\\\/\\\/www.facebook.com\\\/proclima\",\"https:\\\/\\\/x.com\\\/proclimaDE\"]},{\"@type\":\"Person\",\"@id\":\"https:\\\/\\\/blog.proclima.com\\\/de\\\/#\\\/schema\\\/person\\\/b3490e20200d5d45b8d56f555ceffc21\",\"name\":\"Heide Merkel\",\"description\":\"Fachjournalistin, Referentin, Steuerung Presse &amp; Digitale Medien bei Moll bau\u00f6kologische Produkte GmbH (pro clima). Als Japanologin und ausgebildete Redakteurin ist Heide eher zuf\u00e4llig in der Baubranche gelandet. Seit 2011 arbeitet sie f\u00fcr pro clima. Ihr Wissen zu effektiver Kommunikation gibt sie in Seminaren, Artikeln und Vortr\u00e4gen weiter. F\u00fcr den pro clima Blog, proclima.tv und das pro clima Bauradio interviewt sie interessante Menschen aus der Baubranche. Auf\u00a0 luftdichtheit-gepr\u00fcft.de bloggt Heide \u00fcber Leckagen, Luftdichtung und Qualit\u00e4ts\u00fcberpr\u00fcfung mit Blower-Door-Tests. Ihre Freizeit verbringt sie u.a. in den Vogesen, wo sie seit mehr als f\u00fcnf Jahren ein altes Bauernhaus saniert. Ihr neuestes Projekt:\u00a0 www.besser-als-marketing.de Hier gibt es Tipps, wie Unternehmen in der Baubranche ihre Sichtbarkeit erh\u00f6hen k\u00f6nnen. Die ersten Videos sind bereits online im Youtube Channel Wer mehr \u00fcber Heide Merkel erfahren m\u00f6chte, findet sie auf den g\u00e4ngigen Social Media Plattformen.\",\"url\":\"https:\\\/\\\/blog.proclima.com\\\/de\\\/author\\\/gentner\\\/\"}]}<\/script>\n<!-- \/ Yoast SEO plugin. -->","yoast_head_json":{"title":"Holzbaucampus: Entw\u00fcrfe bis zur Detailebene  &#187; pro clima Blog - Deutschland","robots":{"index":"index","follow":"follow","max-snippet":"max-snippet:-1","max-image-preview":"max-image-preview:large","max-video-preview":"max-video-preview:-1"},"canonical":"https:\/\/blog.proclima.com\/de\/2012\/05\/holzbaucampus\/","og_locale":"de_DE","og_type":"article","og_title":"Holzbaucampus: Entw\u00fcrfe bis zur Detailebene  &#187; pro clima Blog - Deutschland","og_description":"Sie zeichneten, bauten und lernten: Zwei Wochen lang sind Studenten aus ganz Deutschland in die Welt des Holzbaus eingetaucht. Beim ersten Holzbaucampus in Berlin, der ...","og_url":"https:\/\/blog.proclima.com\/de\/2012\/05\/holzbaucampus\/","og_site_name":"pro clima Blog - Deutschland","article_publisher":"https:\/\/www.facebook.com\/proclima","article_published_time":"2012-05-03T14:35:49+00:00","og_image":[{"url":"https:\/\/blog.proclima.com\/de\/files\/2012\/05\/P1010137-150x150.jpg","type":"","width":"","height":""}],"author":"Heide Merkel","twitter_card":"summary_large_image","twitter_creator":"@proclimaDE","twitter_site":"@proclimaDE","twitter_misc":{"Verfasst von":"Heide Merkel","Gesch\u00e4tzte Lesezeit":"2\u00a0Minuten"},"schema":{"@context":"https:\/\/schema.org","@graph":[{"@type":"Article","@id":"https:\/\/blog.proclima.com\/de\/2012\/05\/holzbaucampus\/#article","isPartOf":{"@id":"https:\/\/blog.proclima.com\/de\/2012\/05\/holzbaucampus\/"},"author":{"name":"Heide Merkel","@id":"https:\/\/blog.proclima.com\/de\/#\/schema\/person\/b3490e20200d5d45b8d56f555ceffc21"},"headline":"Holzbaucampus: Entw\u00fcrfe bis zur Detailebene","datePublished":"2012-05-03T14:35:49+00:00","mainEntityOfPage":{"@id":"https:\/\/blog.proclima.com\/de\/2012\/05\/holzbaucampus\/"},"wordCount":315,"commentCount":0,"publisher":{"@id":"https:\/\/blog.proclima.com\/de\/#organization"},"image":{"@id":"https:\/\/blog.proclima.com\/de\/2012\/05\/holzbaucampus\/#primaryimage"},"thumbnailUrl":"https:\/\/blog.proclima.com\/de\/files\/2012\/05\/P1010137-300x225.jpg","keywords":["Berlin","holzbau","Holzbaucampus"],"articleSection":["pro clima"],"inLanguage":"de","potentialAction":[{"@type":"CommentAction","name":"Comment","target":["https:\/\/blog.proclima.com\/de\/2012\/05\/holzbaucampus\/#respond"]}]},{"@type":"WebPage","@id":"https:\/\/blog.proclima.com\/de\/2012\/05\/holzbaucampus\/","url":"https:\/\/blog.proclima.com\/de\/2012\/05\/holzbaucampus\/","name":"Holzbaucampus: Entw\u00fcrfe bis zur Detailebene &#187; pro clima Blog - Deutschland","isPartOf":{"@id":"https:\/\/blog.proclima.com\/de\/#website"},"primaryImageOfPage":{"@id":"https:\/\/blog.proclima.com\/de\/2012\/05\/holzbaucampus\/#primaryimage"},"image":{"@id":"https:\/\/blog.proclima.com\/de\/2012\/05\/holzbaucampus\/#primaryimage"},"thumbnailUrl":"https:\/\/blog.proclima.com\/de\/files\/2012\/05\/P1010137-300x225.jpg","datePublished":"2012-05-03T14:35:49+00:00","breadcrumb":{"@id":"https:\/\/blog.proclima.com\/de\/2012\/05\/holzbaucampus\/#breadcrumb"},"inLanguage":"de","potentialAction":[{"@type":"ReadAction","target":["https:\/\/blog.proclima.com\/de\/2012\/05\/holzbaucampus\/"]}]},{"@type":"ImageObject","inLanguage":"de","@id":"https:\/\/blog.proclima.com\/de\/2012\/05\/holzbaucampus\/#primaryimage","url":"https:\/\/blog.proclima.com\/de\/files\/2012\/05\/P1010137.jpg","contentUrl":"https:\/\/blog.proclima.com\/de\/files\/2012\/05\/P1010137.jpg","width":1000,"height":750},{"@type":"BreadcrumbList","@id":"https:\/\/blog.proclima.com\/de\/2012\/05\/holzbaucampus\/#breadcrumb","itemListElement":[{"@type":"ListItem","position":1,"name":"Startseite","item":"https:\/\/blog.proclima.com\/de\/"},{"@type":"ListItem","position":2,"name":"Holzbaucampus: Entw\u00fcrfe bis zur Detailebene"}]},{"@type":"WebSite","@id":"https:\/\/blog.proclima.com\/de\/#website","url":"https:\/\/blog.proclima.com\/de\/","name":"pro clima Blog - Deutschland","description":"alles was pro clima bewegt","publisher":{"@id":"https:\/\/blog.proclima.com\/de\/#organization"},"potentialAction":[{"@type":"SearchAction","target":{"@type":"EntryPoint","urlTemplate":"https:\/\/blog.proclima.com\/de\/?s={search_term_string}"},"query-input":{"@type":"PropertyValueSpecification","valueRequired":true,"valueName":"search_term_string"}}],"inLanguage":"de"},{"@type":"Organization","@id":"https:\/\/blog.proclima.com\/de\/#organization","name":"pro clima - Moll bau\u00f6kologische Produkte GmbH","url":"https:\/\/blog.proclima.com\/de\/","logo":{"@type":"ImageObject","inLanguage":"de","@id":"https:\/\/blog.proclima.com\/de\/#\/schema\/logo\/image\/","url":"https:\/\/blog.proclima.com\/de\/files\/2020\/04\/Logo-pro-clima.png","contentUrl":"https:\/\/blog.proclima.com\/de\/files\/2020\/04\/Logo-pro-clima.png","width":4210,"height":4881,"caption":"pro clima - Moll bau\u00f6kologische Produkte GmbH"},"image":{"@id":"https:\/\/blog.proclima.com\/de\/#\/schema\/logo\/image\/"},"sameAs":["https:\/\/www.facebook.com\/proclima","https:\/\/x.com\/proclimaDE"]},{"@type":"Person","@id":"https:\/\/blog.proclima.com\/de\/#\/schema\/person\/b3490e20200d5d45b8d56f555ceffc21","name":"Heide Merkel","description":"Fachjournalistin, Referentin, Steuerung Presse &amp; Digitale Medien bei Moll bau\u00f6kologische Produkte GmbH (pro clima). Als Japanologin und ausgebildete Redakteurin ist Heide eher zuf\u00e4llig in der Baubranche gelandet. Seit 2011 arbeitet sie f\u00fcr pro clima. Ihr Wissen zu effektiver Kommunikation gibt sie in Seminaren, Artikeln und Vortr\u00e4gen weiter. F\u00fcr den pro clima Blog, proclima.tv und das pro clima Bauradio interviewt sie interessante Menschen aus der Baubranche. Auf\u00a0 luftdichtheit-gepr\u00fcft.de bloggt Heide \u00fcber Leckagen, Luftdichtung und Qualit\u00e4ts\u00fcberpr\u00fcfung mit Blower-Door-Tests. Ihre Freizeit verbringt sie u.a. in den Vogesen, wo sie seit mehr als f\u00fcnf Jahren ein altes Bauernhaus saniert. Ihr neuestes Projekt:\u00a0 www.besser-als-marketing.de Hier gibt es Tipps, wie Unternehmen in der Baubranche ihre Sichtbarkeit erh\u00f6hen k\u00f6nnen. Die ersten Videos sind bereits online im Youtube Channel Wer mehr \u00fcber Heide Merkel erfahren m\u00f6chte, findet sie auf den g\u00e4ngigen Social Media Plattformen.","url":"https:\/\/blog.proclima.com\/de\/author\/gentner\/"}]}},"canto_acf_fields":"","_links":{"self":[{"href":"https:\/\/blog.proclima.com\/de\/wp-json\/wp\/v2\/posts\/1204","targetHints":{"allow":["GET"]}}],"collection":[{"href":"https:\/\/blog.proclima.com\/de\/wp-json\/wp\/v2\/posts"}],"about":[{"href":"https:\/\/blog.proclima.com\/de\/wp-json\/wp\/v2\/types\/post"}],"author":[{"embeddable":true,"href":"https:\/\/blog.proclima.com\/de\/wp-json\/wp\/v2\/users\/18"}],"replies":[{"embeddable":true,"href":"https:\/\/blog.proclima.com\/de\/wp-json\/wp\/v2\/comments?post=1204"}],"version-history":[{"count":7,"href":"https:\/\/blog.proclima.com\/de\/wp-json\/wp\/v2\/posts\/1204\/revisions"}],"predecessor-version":[{"id":1224,"href":"https:\/\/blog.proclima.com\/de\/wp-json\/wp\/v2\/posts\/1204\/revisions\/1224"}],"wp:attachment":[{"href":"https:\/\/blog.proclima.com\/de\/wp-json\/wp\/v2\/media?parent=1204"}],"wp:term":[{"taxonomy":"category","embeddable":true,"href":"https:\/\/blog.proclima.com\/de\/wp-json\/wp\/v2\/categories?post=1204"},{"taxonomy":"post_tag","embeddable":true,"href":"https:\/\/blog.proclima.com\/de\/wp-json\/wp\/v2\/tags?post=1204"}],"curies":[{"name":"wp","href":"https:\/\/api.w.org\/{rel}","templated":true}]}}