
{"id":1166,"date":"2012-04-18T14:46:09","date_gmt":"2012-04-18T12:46:09","guid":{"rendered":"http:\/\/blog.proclima.com\/de\/?p=1166"},"modified":"2012-04-18T15:05:05","modified_gmt":"2012-04-18T13:05:05","slug":"branchentag-naturbau","status":"publish","type":"post","link":"https:\/\/blog.proclima.com\/de\/2012\/04\/branchentag-naturbau\/","title":{"rendered":"Branchentag Naturbau in Duisburg: neue nachhaltige Baustoffe"},"content":{"rendered":"<p><a href=\"http:\/\/www.branchentag-naturbau.de\/cms\/front_content.php?idart=114&amp;idcat=82\"><img loading=\"lazy\" decoding=\"async\" data-size=\"526x153\" class=\"alignleft size-medium wp-image-1167\" src=\"https:\/\/blog.proclima.com\/de\/files\/2012\/04\/branchentag-300x87.jpg\" alt=\"\" width=\"300\" height=\"87\" srcset=\"https:\/\/blog.proclima.com\/de\/files\/2012\/04\/branchentag-300x87.jpg 300w, https:\/\/blog.proclima.com\/de\/files\/2012\/04\/branchentag-384x112.jpg 384w, https:\/\/blog.proclima.com\/de\/files\/2012\/04\/branchentag.jpg 526w\" sizes=\"auto, (max-width: 300px) 100vw, 300px\" \/><\/a>Nat\u00fcrliche und nachhaltige Baustoffe f\u00fcr das Fachpublikum \u2013 das ist das Motto des <a href=\"http:\/\/www.branchentag-naturbau.de\/\">Branchentags Naturbau<\/a> in Duisburg\u00a0 am Freitag, 20. April und Samstag, 21. April 2012. Zum dritten Mal organisiert die <a href=\"http:\/\/www.oekoplus.de\/startseite\/index.php\">\u00d6koPlus AG<\/a> den Branchentag mit zweit\u00e4gigem Vortragsprogramm und Ausstellern aus ganz Deutschland. Auch pro clima ist mit einem 15-Quadratmeter-Stand und technischer Beratung in Duisburg.<!--more--><\/p>\n<p>\u201eBei uns erf\u00e4hrt das Fachpublikum, wie dauerhaft sichere L\u00f6sungen f\u00fcr Energieeffizienz und wohngesundes Bauen funktionieren\u201c, sagt Architekt Oliver Goldau, der beim Branchentag Naturbau als technischer Berater vor Ort ist. Luftdichtung ist ein Schl\u00fcsselthema beim nachhaltigen Bauen. Denn wer bei Neubau und Sanierung auch perfekt luftdichtet, braucht weniger Energie \u2013 diese muss dann nicht mehr produziert oder gekauft werden.<\/p>\n<p>Die zweit\u00e4tgige Veranstaltung findet auf dem <a href=\"http:\/\/www.branchentag-naturbau.de\/cms\/upload\/karten\/OekoPlus_LaPaNo_Plan_APR12.pdf\">Landschaftspark Duisburg Nord<\/a> statt.<\/p>\n<p>Online-Anmeldung: <a href=\"http:\/\/www.branchentag-naturbau.de\/cms\/front_content.php?idcat=96\">http:\/\/www.branchentag-naturbau.de\/cms\/front_content.php?idcat=96<\/a><\/p>\n<p>&nbsp;<\/p>\n","protected":false},"excerpt":{"rendered":"<p>Nat\u00fcrliche und nachhaltige Baustoffe f\u00fcr das Fachpublikum \u2013 das ist das Motto des Branchentags Naturbau in Duisburg\u00a0 am Freitag, 20. April und Samstag, 21. April <a href=\"https:\/\/blog.proclima.com\/de\/2012\/04\/branchentag-naturbau\/\" rel=\"bookmark\">&#8230;<\/a><\/p>\n","protected":false},"author":18,"featured_media":0,"comment_status":"open","ping_status":"open","sticky":false,"template":"","format":"standard","meta":{"footnotes":""},"categories":[3],"tags":[245,246],"class_list":["post-1166","post","type-post","status-publish","format-standard","hentry","category-veranstaltung","tag-branchentag-naturbau","tag-duisburg"],"yoast_head":"<!-- This site is optimized with the Yoast SEO plugin v27.5 - https:\/\/yoast.com\/product\/yoast-seo-wordpress\/ -->\n<title>Branchentag Naturbau in Duisburg: neue nachhaltige Baustoffe  &#187; pro clima Blog - Deutschland<\/title>\n<meta name=\"robots\" content=\"index, follow, max-snippet:-1, max-image-preview:large, max-video-preview:-1\" \/>\n<link rel=\"canonical\" href=\"https:\/\/blog.proclima.com\/de\/2012\/04\/branchentag-naturbau\/\" \/>\n<meta property=\"og:locale\" content=\"de_DE\" \/>\n<meta property=\"og:type\" content=\"article\" \/>\n<meta property=\"og:title\" content=\"Branchentag Naturbau in Duisburg: neue nachhaltige Baustoffe  &#187; pro clima Blog - Deutschland\" \/>\n<meta property=\"og:description\" content=\"Nat\u00fcrliche und nachhaltige Baustoffe f\u00fcr das Fachpublikum \u2013 das ist das Motto des Branchentags Naturbau in Duisburg\u00a0 am Freitag, 20. April und Samstag, 21. April ...\" \/>\n<meta property=\"og:url\" content=\"https:\/\/blog.proclima.com\/de\/2012\/04\/branchentag-naturbau\/\" \/>\n<meta property=\"og:site_name\" content=\"pro clima Blog - Deutschland\" \/>\n<meta property=\"article:publisher\" content=\"https:\/\/www.facebook.com\/proclima\" \/>\n<meta property=\"article:published_time\" content=\"2012-04-18T12:46:09+00:00\" \/>\n<meta property=\"article:modified_time\" content=\"2012-04-18T13:05:05+00:00\" \/>\n<meta property=\"og:image\" content=\"https:\/\/blog.proclima.com\/de\/files\/2012\/04\/branchentag.jpg\" \/>\n\t<meta property=\"og:image:width\" content=\"526\" \/>\n\t<meta property=\"og:image:height\" content=\"153\" \/>\n\t<meta property=\"og:image:type\" content=\"image\/jpeg\" \/>\n<meta name=\"author\" content=\"Heide Merkel\" \/>\n<meta name=\"twitter:card\" content=\"summary_large_image\" \/>\n<meta name=\"twitter:creator\" content=\"@proclimaDE\" \/>\n<meta name=\"twitter:site\" content=\"@proclimaDE\" \/>\n<meta name=\"twitter:label1\" content=\"Verfasst von\" \/>\n\t<meta name=\"twitter:data1\" content=\"Heide Merkel\" \/>\n\t<meta name=\"twitter:label2\" content=\"Gesch\u00e4tzte Lesezeit\" \/>\n\t<meta name=\"twitter:data2\" content=\"1\u00a0Minute\" \/>\n<script type=\"application\/ld+json\" class=\"yoast-schema-graph\">{\"@context\":\"https:\\\/\\\/schema.org\",\"@graph\":[{\"@type\":\"Article\",\"@id\":\"https:\\\/\\\/blog.proclima.com\\\/de\\\/2012\\\/04\\\/branchentag-naturbau\\\/#article\",\"isPartOf\":{\"@id\":\"https:\\\/\\\/blog.proclima.com\\\/de\\\/2012\\\/04\\\/branchentag-naturbau\\\/\"},\"author\":{\"name\":\"Heide Merkel\",\"@id\":\"https:\\\/\\\/blog.proclima.com\\\/de\\\/#\\\/schema\\\/person\\\/b3490e20200d5d45b8d56f555ceffc21\"},\"headline\":\"Branchentag Naturbau in Duisburg: neue nachhaltige Baustoffe\",\"datePublished\":\"2012-04-18T12:46:09+00:00\",\"dateModified\":\"2012-04-18T13:05:05+00:00\",\"mainEntityOfPage\":{\"@id\":\"https:\\\/\\\/blog.proclima.com\\\/de\\\/2012\\\/04\\\/branchentag-naturbau\\\/\"},\"wordCount\":144,\"commentCount\":1,\"publisher\":{\"@id\":\"https:\\\/\\\/blog.proclima.com\\\/de\\\/#organization\"},\"image\":{\"@id\":\"https:\\\/\\\/blog.proclima.com\\\/de\\\/2012\\\/04\\\/branchentag-naturbau\\\/#primaryimage\"},\"thumbnailUrl\":\"https:\\\/\\\/blog.proclima.com\\\/de\\\/files\\\/2012\\\/04\\\/branchentag-300x87.jpg\",\"keywords\":[\"Branchentag Naturbau\",\"Duisburg\"],\"articleSection\":[\"Veranstaltung\"],\"inLanguage\":\"de\",\"potentialAction\":[{\"@type\":\"CommentAction\",\"name\":\"Comment\",\"target\":[\"https:\\\/\\\/blog.proclima.com\\\/de\\\/2012\\\/04\\\/branchentag-naturbau\\\/#respond\"]}]},{\"@type\":\"WebPage\",\"@id\":\"https:\\\/\\\/blog.proclima.com\\\/de\\\/2012\\\/04\\\/branchentag-naturbau\\\/\",\"url\":\"https:\\\/\\\/blog.proclima.com\\\/de\\\/2012\\\/04\\\/branchentag-naturbau\\\/\",\"name\":\"Branchentag Naturbau in Duisburg: neue nachhaltige Baustoffe &#187; pro clima Blog - Deutschland\",\"isPartOf\":{\"@id\":\"https:\\\/\\\/blog.proclima.com\\\/de\\\/#website\"},\"primaryImageOfPage\":{\"@id\":\"https:\\\/\\\/blog.proclima.com\\\/de\\\/2012\\\/04\\\/branchentag-naturbau\\\/#primaryimage\"},\"image\":{\"@id\":\"https:\\\/\\\/blog.proclima.com\\\/de\\\/2012\\\/04\\\/branchentag-naturbau\\\/#primaryimage\"},\"thumbnailUrl\":\"https:\\\/\\\/blog.proclima.com\\\/de\\\/files\\\/2012\\\/04\\\/branchentag-300x87.jpg\",\"datePublished\":\"2012-04-18T12:46:09+00:00\",\"dateModified\":\"2012-04-18T13:05:05+00:00\",\"breadcrumb\":{\"@id\":\"https:\\\/\\\/blog.proclima.com\\\/de\\\/2012\\\/04\\\/branchentag-naturbau\\\/#breadcrumb\"},\"inLanguage\":\"de\",\"potentialAction\":[{\"@type\":\"ReadAction\",\"target\":[\"https:\\\/\\\/blog.proclima.com\\\/de\\\/2012\\\/04\\\/branchentag-naturbau\\\/\"]}]},{\"@type\":\"ImageObject\",\"inLanguage\":\"de\",\"@id\":\"https:\\\/\\\/blog.proclima.com\\\/de\\\/2012\\\/04\\\/branchentag-naturbau\\\/#primaryimage\",\"url\":\"https:\\\/\\\/blog.proclima.com\\\/de\\\/files\\\/2012\\\/04\\\/branchentag.jpg\",\"contentUrl\":\"https:\\\/\\\/blog.proclima.com\\\/de\\\/files\\\/2012\\\/04\\\/branchentag.jpg\",\"width\":526,\"height\":153},{\"@type\":\"BreadcrumbList\",\"@id\":\"https:\\\/\\\/blog.proclima.com\\\/de\\\/2012\\\/04\\\/branchentag-naturbau\\\/#breadcrumb\",\"itemListElement\":[{\"@type\":\"ListItem\",\"position\":1,\"name\":\"Startseite\",\"item\":\"https:\\\/\\\/blog.proclima.com\\\/de\\\/\"},{\"@type\":\"ListItem\",\"position\":2,\"name\":\"Branchentag Naturbau in Duisburg: neue nachhaltige Baustoffe\"}]},{\"@type\":\"WebSite\",\"@id\":\"https:\\\/\\\/blog.proclima.com\\\/de\\\/#website\",\"url\":\"https:\\\/\\\/blog.proclima.com\\\/de\\\/\",\"name\":\"pro clima Blog - Deutschland\",\"description\":\"alles was pro clima bewegt\",\"publisher\":{\"@id\":\"https:\\\/\\\/blog.proclima.com\\\/de\\\/#organization\"},\"potentialAction\":[{\"@type\":\"SearchAction\",\"target\":{\"@type\":\"EntryPoint\",\"urlTemplate\":\"https:\\\/\\\/blog.proclima.com\\\/de\\\/?s={search_term_string}\"},\"query-input\":{\"@type\":\"PropertyValueSpecification\",\"valueRequired\":true,\"valueName\":\"search_term_string\"}}],\"inLanguage\":\"de\"},{\"@type\":\"Organization\",\"@id\":\"https:\\\/\\\/blog.proclima.com\\\/de\\\/#organization\",\"name\":\"pro clima - Moll bau\u00f6kologische Produkte GmbH\",\"url\":\"https:\\\/\\\/blog.proclima.com\\\/de\\\/\",\"logo\":{\"@type\":\"ImageObject\",\"inLanguage\":\"de\",\"@id\":\"https:\\\/\\\/blog.proclima.com\\\/de\\\/#\\\/schema\\\/logo\\\/image\\\/\",\"url\":\"https:\\\/\\\/blog.proclima.com\\\/de\\\/files\\\/2020\\\/04\\\/Logo-pro-clima.png\",\"contentUrl\":\"https:\\\/\\\/blog.proclima.com\\\/de\\\/files\\\/2020\\\/04\\\/Logo-pro-clima.png\",\"width\":4210,\"height\":4881,\"caption\":\"pro clima - Moll bau\u00f6kologische Produkte GmbH\"},\"image\":{\"@id\":\"https:\\\/\\\/blog.proclima.com\\\/de\\\/#\\\/schema\\\/logo\\\/image\\\/\"},\"sameAs\":[\"https:\\\/\\\/www.facebook.com\\\/proclima\",\"https:\\\/\\\/x.com\\\/proclimaDE\"]},{\"@type\":\"Person\",\"@id\":\"https:\\\/\\\/blog.proclima.com\\\/de\\\/#\\\/schema\\\/person\\\/b3490e20200d5d45b8d56f555ceffc21\",\"name\":\"Heide Merkel\",\"description\":\"Fachjournalistin, Referentin, Steuerung Presse &amp; Digitale Medien bei Moll bau\u00f6kologische Produkte GmbH (pro clima). Als Japanologin und ausgebildete Redakteurin ist Heide eher zuf\u00e4llig in der Baubranche gelandet. Seit 2011 arbeitet sie f\u00fcr pro clima. Ihr Wissen zu effektiver Kommunikation gibt sie in Seminaren, Artikeln und Vortr\u00e4gen weiter. F\u00fcr den pro clima Blog, proclima.tv und das pro clima Bauradio interviewt sie interessante Menschen aus der Baubranche. Auf\u00a0 luftdichtheit-gepr\u00fcft.de bloggt Heide \u00fcber Leckagen, Luftdichtung und Qualit\u00e4ts\u00fcberpr\u00fcfung mit Blower-Door-Tests. Ihre Freizeit verbringt sie u.a. in den Vogesen, wo sie seit mehr als f\u00fcnf Jahren ein altes Bauernhaus saniert. Ihr neuestes Projekt:\u00a0 www.besser-als-marketing.de Hier gibt es Tipps, wie Unternehmen in der Baubranche ihre Sichtbarkeit erh\u00f6hen k\u00f6nnen. Die ersten Videos sind bereits online im Youtube Channel Wer mehr \u00fcber Heide Merkel erfahren m\u00f6chte, findet sie auf den g\u00e4ngigen Social Media Plattformen.\",\"url\":\"https:\\\/\\\/blog.proclima.com\\\/de\\\/author\\\/gentner\\\/\"}]}<\/script>\n<!-- \/ Yoast SEO plugin. -->","yoast_head_json":{"title":"Branchentag Naturbau in Duisburg: neue nachhaltige Baustoffe  &#187; pro clima Blog - Deutschland","robots":{"index":"index","follow":"follow","max-snippet":"max-snippet:-1","max-image-preview":"max-image-preview:large","max-video-preview":"max-video-preview:-1"},"canonical":"https:\/\/blog.proclima.com\/de\/2012\/04\/branchentag-naturbau\/","og_locale":"de_DE","og_type":"article","og_title":"Branchentag Naturbau in Duisburg: neue nachhaltige Baustoffe  &#187; pro clima Blog - Deutschland","og_description":"Nat\u00fcrliche und nachhaltige Baustoffe f\u00fcr das Fachpublikum \u2013 das ist das Motto des Branchentags Naturbau in Duisburg\u00a0 am Freitag, 20. April und Samstag, 21. April ...","og_url":"https:\/\/blog.proclima.com\/de\/2012\/04\/branchentag-naturbau\/","og_site_name":"pro clima Blog - Deutschland","article_publisher":"https:\/\/www.facebook.com\/proclima","article_published_time":"2012-04-18T12:46:09+00:00","article_modified_time":"2012-04-18T13:05:05+00:00","og_image":[{"width":526,"height":153,"url":"https:\/\/blog.proclima.com\/de\/files\/2012\/04\/branchentag.jpg","type":"image\/jpeg"}],"author":"Heide Merkel","twitter_card":"summary_large_image","twitter_creator":"@proclimaDE","twitter_site":"@proclimaDE","twitter_misc":{"Verfasst von":"Heide Merkel","Gesch\u00e4tzte Lesezeit":"1\u00a0Minute"},"schema":{"@context":"https:\/\/schema.org","@graph":[{"@type":"Article","@id":"https:\/\/blog.proclima.com\/de\/2012\/04\/branchentag-naturbau\/#article","isPartOf":{"@id":"https:\/\/blog.proclima.com\/de\/2012\/04\/branchentag-naturbau\/"},"author":{"name":"Heide Merkel","@id":"https:\/\/blog.proclima.com\/de\/#\/schema\/person\/b3490e20200d5d45b8d56f555ceffc21"},"headline":"Branchentag Naturbau in Duisburg: neue nachhaltige Baustoffe","datePublished":"2012-04-18T12:46:09+00:00","dateModified":"2012-04-18T13:05:05+00:00","mainEntityOfPage":{"@id":"https:\/\/blog.proclima.com\/de\/2012\/04\/branchentag-naturbau\/"},"wordCount":144,"commentCount":1,"publisher":{"@id":"https:\/\/blog.proclima.com\/de\/#organization"},"image":{"@id":"https:\/\/blog.proclima.com\/de\/2012\/04\/branchentag-naturbau\/#primaryimage"},"thumbnailUrl":"https:\/\/blog.proclima.com\/de\/files\/2012\/04\/branchentag-300x87.jpg","keywords":["Branchentag Naturbau","Duisburg"],"articleSection":["Veranstaltung"],"inLanguage":"de","potentialAction":[{"@type":"CommentAction","name":"Comment","target":["https:\/\/blog.proclima.com\/de\/2012\/04\/branchentag-naturbau\/#respond"]}]},{"@type":"WebPage","@id":"https:\/\/blog.proclima.com\/de\/2012\/04\/branchentag-naturbau\/","url":"https:\/\/blog.proclima.com\/de\/2012\/04\/branchentag-naturbau\/","name":"Branchentag Naturbau in Duisburg: neue nachhaltige Baustoffe &#187; pro clima Blog - Deutschland","isPartOf":{"@id":"https:\/\/blog.proclima.com\/de\/#website"},"primaryImageOfPage":{"@id":"https:\/\/blog.proclima.com\/de\/2012\/04\/branchentag-naturbau\/#primaryimage"},"image":{"@id":"https:\/\/blog.proclima.com\/de\/2012\/04\/branchentag-naturbau\/#primaryimage"},"thumbnailUrl":"https:\/\/blog.proclima.com\/de\/files\/2012\/04\/branchentag-300x87.jpg","datePublished":"2012-04-18T12:46:09+00:00","dateModified":"2012-04-18T13:05:05+00:00","breadcrumb":{"@id":"https:\/\/blog.proclima.com\/de\/2012\/04\/branchentag-naturbau\/#breadcrumb"},"inLanguage":"de","potentialAction":[{"@type":"ReadAction","target":["https:\/\/blog.proclima.com\/de\/2012\/04\/branchentag-naturbau\/"]}]},{"@type":"ImageObject","inLanguage":"de","@id":"https:\/\/blog.proclima.com\/de\/2012\/04\/branchentag-naturbau\/#primaryimage","url":"https:\/\/blog.proclima.com\/de\/files\/2012\/04\/branchentag.jpg","contentUrl":"https:\/\/blog.proclima.com\/de\/files\/2012\/04\/branchentag.jpg","width":526,"height":153},{"@type":"BreadcrumbList","@id":"https:\/\/blog.proclima.com\/de\/2012\/04\/branchentag-naturbau\/#breadcrumb","itemListElement":[{"@type":"ListItem","position":1,"name":"Startseite","item":"https:\/\/blog.proclima.com\/de\/"},{"@type":"ListItem","position":2,"name":"Branchentag Naturbau in Duisburg: neue nachhaltige Baustoffe"}]},{"@type":"WebSite","@id":"https:\/\/blog.proclima.com\/de\/#website","url":"https:\/\/blog.proclima.com\/de\/","name":"pro clima Blog - Deutschland","description":"alles was pro clima bewegt","publisher":{"@id":"https:\/\/blog.proclima.com\/de\/#organization"},"potentialAction":[{"@type":"SearchAction","target":{"@type":"EntryPoint","urlTemplate":"https:\/\/blog.proclima.com\/de\/?s={search_term_string}"},"query-input":{"@type":"PropertyValueSpecification","valueRequired":true,"valueName":"search_term_string"}}],"inLanguage":"de"},{"@type":"Organization","@id":"https:\/\/blog.proclima.com\/de\/#organization","name":"pro clima - Moll bau\u00f6kologische Produkte GmbH","url":"https:\/\/blog.proclima.com\/de\/","logo":{"@type":"ImageObject","inLanguage":"de","@id":"https:\/\/blog.proclima.com\/de\/#\/schema\/logo\/image\/","url":"https:\/\/blog.proclima.com\/de\/files\/2020\/04\/Logo-pro-clima.png","contentUrl":"https:\/\/blog.proclima.com\/de\/files\/2020\/04\/Logo-pro-clima.png","width":4210,"height":4881,"caption":"pro clima - Moll bau\u00f6kologische Produkte GmbH"},"image":{"@id":"https:\/\/blog.proclima.com\/de\/#\/schema\/logo\/image\/"},"sameAs":["https:\/\/www.facebook.com\/proclima","https:\/\/x.com\/proclimaDE"]},{"@type":"Person","@id":"https:\/\/blog.proclima.com\/de\/#\/schema\/person\/b3490e20200d5d45b8d56f555ceffc21","name":"Heide Merkel","description":"Fachjournalistin, Referentin, Steuerung Presse &amp; Digitale Medien bei Moll bau\u00f6kologische Produkte GmbH (pro clima). Als Japanologin und ausgebildete Redakteurin ist Heide eher zuf\u00e4llig in der Baubranche gelandet. Seit 2011 arbeitet sie f\u00fcr pro clima. Ihr Wissen zu effektiver Kommunikation gibt sie in Seminaren, Artikeln und Vortr\u00e4gen weiter. F\u00fcr den pro clima Blog, proclima.tv und das pro clima Bauradio interviewt sie interessante Menschen aus der Baubranche. Auf\u00a0 luftdichtheit-gepr\u00fcft.de bloggt Heide \u00fcber Leckagen, Luftdichtung und Qualit\u00e4ts\u00fcberpr\u00fcfung mit Blower-Door-Tests. Ihre Freizeit verbringt sie u.a. in den Vogesen, wo sie seit mehr als f\u00fcnf Jahren ein altes Bauernhaus saniert. Ihr neuestes Projekt:\u00a0 www.besser-als-marketing.de Hier gibt es Tipps, wie Unternehmen in der Baubranche ihre Sichtbarkeit erh\u00f6hen k\u00f6nnen. Die ersten Videos sind bereits online im Youtube Channel Wer mehr \u00fcber Heide Merkel erfahren m\u00f6chte, findet sie auf den g\u00e4ngigen Social Media Plattformen.","url":"https:\/\/blog.proclima.com\/de\/author\/gentner\/"}]}},"canto_acf_fields":"","_links":{"self":[{"href":"https:\/\/blog.proclima.com\/de\/wp-json\/wp\/v2\/posts\/1166","targetHints":{"allow":["GET"]}}],"collection":[{"href":"https:\/\/blog.proclima.com\/de\/wp-json\/wp\/v2\/posts"}],"about":[{"href":"https:\/\/blog.proclima.com\/de\/wp-json\/wp\/v2\/types\/post"}],"author":[{"embeddable":true,"href":"https:\/\/blog.proclima.com\/de\/wp-json\/wp\/v2\/users\/18"}],"replies":[{"embeddable":true,"href":"https:\/\/blog.proclima.com\/de\/wp-json\/wp\/v2\/comments?post=1166"}],"version-history":[{"count":8,"href":"https:\/\/blog.proclima.com\/de\/wp-json\/wp\/v2\/posts\/1166\/revisions"}],"predecessor-version":[{"id":1174,"href":"https:\/\/blog.proclima.com\/de\/wp-json\/wp\/v2\/posts\/1166\/revisions\/1174"}],"wp:attachment":[{"href":"https:\/\/blog.proclima.com\/de\/wp-json\/wp\/v2\/media?parent=1166"}],"wp:term":[{"taxonomy":"category","embeddable":true,"href":"https:\/\/blog.proclima.com\/de\/wp-json\/wp\/v2\/categories?post=1166"},{"taxonomy":"post_tag","embeddable":true,"href":"https:\/\/blog.proclima.com\/de\/wp-json\/wp\/v2\/tags?post=1166"}],"curies":[{"name":"wp","href":"https:\/\/api.w.org\/{rel}","templated":true}]}}