
{"id":11485,"date":"2026-04-30T11:43:57","date_gmt":"2026-04-30T09:43:57","guid":{"rendered":"https:\/\/blog.proclima.com\/de\/?p=11485"},"modified":"2026-04-30T11:43:59","modified_gmt":"2026-04-30T09:43:59","slug":"schutzkonzepte-im-ressourcenschonenden-holzrahmenbau","status":"publish","type":"post","link":"https:\/\/blog.proclima.com\/de\/2026\/04\/schutzkonzepte-im-ressourcenschonenden-holzrahmenbau\/","title":{"rendered":"Sicher, zirkul\u00e4r, umweltfreundlich: Warum durchdachte Schutzkonzepte so wichtig f\u00fcr den ressourcenschonenden Holzrahmenbau sind"},"content":{"rendered":"\n<p><br><strong>Die Folgen schwindender Ressourcen pr\u00e4gen zunehmend unser Handeln. Gerade im Bausektor besteht nach wie vor ein gro\u00dfes Potential Materialverbr\u00e4uche zu reduzieren f\u00fcr eine gute gemeinsame Zukunft. Deshalb arbeitet pro clima stetig an L\u00f6sungen, die nachhaltiges und zukunftsf\u00e4higes Bauen unterst\u00fctzen.<\/strong><\/p>\n\n\n\n<p>Im Herbst 2025 entstand auf Initiative von Dr.-Ing. Rainer Vallentin, Architekt und Dozent an der Uni XXX, ein spannendes Projekt zum Thema \u201eZirkul\u00e4res Bauen\u201c. Mit weiteren namhaften Herstellern an Bord testete das Projektteam, inwieweit sich das Prinzip nicht nur in der Theorie, sondern ganz praktisch umsetzen l\u00e4sst. Denn: Die Wiederverwendung von Bauteilen verl\u00e4ngert deren Lebensdauer, dadurch wird weniger neues Material ben\u00f6tigt und der CO\u2082-Aussto\u00df verringert. Eine gro\u00dfe Chance f\u00fcr den Bausektor.<\/p>\n\n\n\n<p>Um zu demonstrieren, ob und wie das zirkul\u00e4re Bauen in der Praxis umsetzbar ist, wurde im Rahmen des Projekts ein Standard-Holzrahmen-Element inklusive D\u00e4mmung und Fensterlaibungen vollst\u00e4ndig demontiert und anschlie\u00dfend neu aufgebaut.<\/p>\n\n\n\n<figure class=\"wp-block-embed is-type-video is-provider-vimeo wp-block-embed-vimeo wp-embed-aspect-16-9 wp-has-aspect-ratio\"><div class=\"wp-block-embed__wrapper\">\n<iframe loading=\"lazy\" title=\"Sicher, zirkul\u00e4r, umweltfreundlich: Warum durchdachte Schutzkonzepte so wichtig f\u00fcr den ressourcenschonenden Holzrahmenbau sind\" src=\"https:\/\/player.vimeo.com\/video\/1188023245?dnt=1&amp;app_id=122963\" width=\"1170\" height=\"658\" frameborder=\"0\" allow=\"autoplay; fullscreen; picture-in-picture; clipboard-write; encrypted-media; web-share\" referrerpolicy=\"strict-origin-when-cross-origin\"><\/iframe>\n<\/div><\/figure>\n\n\n\n<p><strong>Geeignete Schutzkonzepte z\u00e4hlen<\/strong><\/p>\n\n\n\n<p>Das Experiment konnte erfolgreich und ohne gr\u00f6\u00dfere Schwierigkeiten durchgef\u00fchrt werden. Der Versuch machte deutlich: Eine Wiederverwendbarkeit der Baumaterialien und der Neuaufbau des Elements ist grunds\u00e4tzlich m\u00f6glich, sofern ein paar Details im Vorhinein beachtet werden (mehr dazu im Artikel von Dr.-Ing. Rainer Vallentin).<\/p>\n\n\n\n<p>Wie bereits oben beschrieben kann insbesondere eine lange Lebensdauer der Bauteile in Kombination mit geeigneten D\u00e4mmstoffen zu einer positiven Klimabilanz f\u00fchren: Das Geb\u00e4ude absorbiert mehr CO\u2082 aus der Luft, als es im Laufe seiner Lebensdauer (vom Aufbau bis Abriss) abgibt. Insofern erwiesen sich gute Schutzkonzepte f\u00fcr die Kernelemente &#8211; also der Einsatz von <a href=\"https:\/\/de.proclima.com\/fachwissen\/warum-luftdicht\">Luft<\/a>&#8211; und <a href=\"https:\/\/de.proclima.com\/fachwissen\/warum-winddicht\">Winddichtungssystemen<\/a> sowie <a href=\"https:\/\/de.proclima.com\/fachwissen\/witterungsschutz\">Witterungsschutzbahnen<\/a> \u2013 nicht nur als zentrale Voraussetzung f\u00fcr die generelle Langlebigkeit von Geb\u00e4uden, sondern auch als T\u00fcr\u00f6ffner f\u00fcr die Wiederverwendbarkeit der entsprechenden Bauteile.<\/p>\n\n\n\n<p><strong>Gro\u00dfes Potenzial f\u00fcr zirkul\u00e4re Bauweisen<\/strong><\/p>\n\n\n\n<p>Abschlie\u00dfend l\u00e4sst sich festhalten, dass die erfolgreiche Demontage und Wiederverwendung der Kernbauteile des Holzrahmen-Elements zeigen, dass nachhaltiges, zirkul\u00e4res Bauen nicht nur vision\u00e4r, sondern bereits heute realisierbar ist \u2013 vorausgesetzt, dass unter anderem sichere Schutzkonzepte eingesetzt werden. Genau hier leisten die L\u00f6sungen von pro clima einen essentiellen Beitrag: Sie sichern die Langlebigkeit zentraler Bauteile, erm\u00f6glichen deren Wiederverwendbarkeit und st\u00e4rken damit die \u00f6kologische Gesamtbilanz eines Geb\u00e4udes. F\u00fcr den Wandel hin zu einer ressourcenschonenden Baukultur.<\/p>\n\n\n\n<p>Der ausf\u00fchrliche Projektbericht von Herrn Dr.-Ing. Rainer Vallentin wurde in der 2025er Ausgabe des Magazins \u201eKlimaneutral Bauen\u201c ver\u00f6ffentlicht: <a href=\"https:\/\/shop.verlagsprojekte.de\/Klimafreundlich-Bauen\/Klimafreundlich-Bauen-113-146.html\">https:\/\/shop.verlagsprojekte.de\/Klimafreundlich-Bauen\/Klimafreundlich-Bauen-113-146.html<\/a><\/p>\n\n\n\n<p><strong>Bildergalerie<\/strong><\/p>\n\n\n\n<figure class=\"wp-block-gallery has-nested-images columns-default is-cropped wp-block-gallery-1 is-layout-flex wp-block-gallery-is-layout-flex\">\n<figure class=\"wp-block-image size-large\"><a href=\"https:\/\/blog.proclima.com\/de\/files\/2026\/04\/Baustlelle_zirkulaeres_bauen_-83-scaled.jpg\"><img loading=\"lazy\" decoding=\"async\" width=\"1024\" height=\"683\" data-id=\"11500\" src=\"https:\/\/blog.proclima.com\/de\/files\/2026\/04\/Baustlelle_zirkulaeres_bauen_-83-1024x683.jpg\" alt=\"Pilotprojekt: Zirkul\u00e4res Bauen mit pro clima\" class=\"wp-image-11500\" srcset=\"https:\/\/blog.proclima.com\/de\/files\/2026\/04\/Baustlelle_zirkulaeres_bauen_-83-1024x683.jpg 1024w, https:\/\/blog.proclima.com\/de\/files\/2026\/04\/Baustlelle_zirkulaeres_bauen_-83-300x200.jpg 300w, https:\/\/blog.proclima.com\/de\/files\/2026\/04\/Baustlelle_zirkulaeres_bauen_-83-768x513.jpg 768w, https:\/\/blog.proclima.com\/de\/files\/2026\/04\/Baustlelle_zirkulaeres_bauen_-83-1536x1025.jpg 1536w, https:\/\/blog.proclima.com\/de\/files\/2026\/04\/Baustlelle_zirkulaeres_bauen_-83-2048x1367.jpg 2048w, https:\/\/blog.proclima.com\/de\/files\/2026\/04\/Baustlelle_zirkulaeres_bauen_-83-384x256.jpg 384w\" sizes=\"auto, (max-width: 1024px) 100vw, 1024px\" \/><\/a><\/figure>\n\n\n\n<figure class=\"wp-block-image size-large\"><a href=\"https:\/\/blog.proclima.com\/de\/files\/2026\/04\/Baustlelle_zirkulaeres_bauen_-69-scaled.jpg\"><img loading=\"lazy\" decoding=\"async\" width=\"1024\" height=\"683\" data-id=\"11499\" src=\"https:\/\/blog.proclima.com\/de\/files\/2026\/04\/Baustlelle_zirkulaeres_bauen_-69-1024x683.jpg\" alt=\"Pilotprojekt: Zirkul\u00e4res Bauen mit pro clima\" class=\"wp-image-11499\" srcset=\"https:\/\/blog.proclima.com\/de\/files\/2026\/04\/Baustlelle_zirkulaeres_bauen_-69-1024x683.jpg 1024w, https:\/\/blog.proclima.com\/de\/files\/2026\/04\/Baustlelle_zirkulaeres_bauen_-69-300x200.jpg 300w, https:\/\/blog.proclima.com\/de\/files\/2026\/04\/Baustlelle_zirkulaeres_bauen_-69-768x513.jpg 768w, https:\/\/blog.proclima.com\/de\/files\/2026\/04\/Baustlelle_zirkulaeres_bauen_-69-1536x1025.jpg 1536w, https:\/\/blog.proclima.com\/de\/files\/2026\/04\/Baustlelle_zirkulaeres_bauen_-69-2048x1367.jpg 2048w, https:\/\/blog.proclima.com\/de\/files\/2026\/04\/Baustlelle_zirkulaeres_bauen_-69-384x256.jpg 384w\" sizes=\"auto, (max-width: 1024px) 100vw, 1024px\" \/><\/a><\/figure>\n\n\n\n<figure class=\"wp-block-image size-large\"><a href=\"https:\/\/blog.proclima.com\/de\/files\/2026\/04\/Baustlelle_zirkulaeres_bauen_-60-scaled.jpg\"><img loading=\"lazy\" decoding=\"async\" width=\"1024\" height=\"683\" data-id=\"11498\" src=\"https:\/\/blog.proclima.com\/de\/files\/2026\/04\/Baustlelle_zirkulaeres_bauen_-60-1024x683.jpg\" alt=\"Pilotprojekt: Zirkul\u00e4res Bauen mit pro clima\" class=\"wp-image-11498\" srcset=\"https:\/\/blog.proclima.com\/de\/files\/2026\/04\/Baustlelle_zirkulaeres_bauen_-60-1024x683.jpg 1024w, https:\/\/blog.proclima.com\/de\/files\/2026\/04\/Baustlelle_zirkulaeres_bauen_-60-300x200.jpg 300w, https:\/\/blog.proclima.com\/de\/files\/2026\/04\/Baustlelle_zirkulaeres_bauen_-60-768x512.jpg 768w, https:\/\/blog.proclima.com\/de\/files\/2026\/04\/Baustlelle_zirkulaeres_bauen_-60-1536x1025.jpg 1536w, https:\/\/blog.proclima.com\/de\/files\/2026\/04\/Baustlelle_zirkulaeres_bauen_-60-2048x1367.jpg 2048w, https:\/\/blog.proclima.com\/de\/files\/2026\/04\/Baustlelle_zirkulaeres_bauen_-60-384x256.jpg 384w\" sizes=\"auto, (max-width: 1024px) 100vw, 1024px\" \/><\/a><\/figure>\n\n\n\n<figure class=\"wp-block-image size-large\"><a href=\"https:\/\/blog.proclima.com\/de\/files\/2026\/04\/Baustlelle_zirkulaeres_bauen_-34-scaled.jpg\"><img loading=\"lazy\" decoding=\"async\" width=\"1024\" height=\"683\" data-id=\"11497\" src=\"https:\/\/blog.proclima.com\/de\/files\/2026\/04\/Baustlelle_zirkulaeres_bauen_-34-1024x683.jpg\" alt=\"Pilotprojekt: Zirkul\u00e4res Bauen mit pro clima\" class=\"wp-image-11497\" srcset=\"https:\/\/blog.proclima.com\/de\/files\/2026\/04\/Baustlelle_zirkulaeres_bauen_-34-1024x683.jpg 1024w, https:\/\/blog.proclima.com\/de\/files\/2026\/04\/Baustlelle_zirkulaeres_bauen_-34-300x200.jpg 300w, https:\/\/blog.proclima.com\/de\/files\/2026\/04\/Baustlelle_zirkulaeres_bauen_-34-768x513.jpg 768w, https:\/\/blog.proclima.com\/de\/files\/2026\/04\/Baustlelle_zirkulaeres_bauen_-34-1536x1025.jpg 1536w, https:\/\/blog.proclima.com\/de\/files\/2026\/04\/Baustlelle_zirkulaeres_bauen_-34-2048x1367.jpg 2048w, https:\/\/blog.proclima.com\/de\/files\/2026\/04\/Baustlelle_zirkulaeres_bauen_-34-384x256.jpg 384w\" sizes=\"auto, (max-width: 1024px) 100vw, 1024px\" \/><\/a><\/figure>\n\n\n\n<figure class=\"wp-block-image size-large\"><a href=\"https:\/\/blog.proclima.com\/de\/files\/2026\/04\/Baustlelle_zirkulaeres_bauen_-181-scaled.jpg\"><img loading=\"lazy\" decoding=\"async\" width=\"1024\" height=\"683\" data-id=\"11496\" src=\"https:\/\/blog.proclima.com\/de\/files\/2026\/04\/Baustlelle_zirkulaeres_bauen_-181-1024x683.jpg\" alt=\"Pilotprojekt: Zirkul\u00e4res Bauen mit pro clima\" class=\"wp-image-11496\" srcset=\"https:\/\/blog.proclima.com\/de\/files\/2026\/04\/Baustlelle_zirkulaeres_bauen_-181-1024x683.jpg 1024w, https:\/\/blog.proclima.com\/de\/files\/2026\/04\/Baustlelle_zirkulaeres_bauen_-181-300x200.jpg 300w, https:\/\/blog.proclima.com\/de\/files\/2026\/04\/Baustlelle_zirkulaeres_bauen_-181-768x513.jpg 768w, https:\/\/blog.proclima.com\/de\/files\/2026\/04\/Baustlelle_zirkulaeres_bauen_-181-1536x1025.jpg 1536w, https:\/\/blog.proclima.com\/de\/files\/2026\/04\/Baustlelle_zirkulaeres_bauen_-181-2048x1367.jpg 2048w, https:\/\/blog.proclima.com\/de\/files\/2026\/04\/Baustlelle_zirkulaeres_bauen_-181-384x256.jpg 384w\" sizes=\"auto, (max-width: 1024px) 100vw, 1024px\" \/><\/a><\/figure>\n\n\n\n<figure class=\"wp-block-image size-large\"><a href=\"https:\/\/blog.proclima.com\/de\/files\/2026\/04\/Baustlelle_zirkulaeres_bauen_-167-scaled.jpg\"><img loading=\"lazy\" decoding=\"async\" width=\"1024\" height=\"683\" data-id=\"11495\" src=\"https:\/\/blog.proclima.com\/de\/files\/2026\/04\/Baustlelle_zirkulaeres_bauen_-167-1024x683.jpg\" alt=\"Pilotprojekt: Zirkul\u00e4res Bauen mit pro clima\" class=\"wp-image-11495\" srcset=\"https:\/\/blog.proclima.com\/de\/files\/2026\/04\/Baustlelle_zirkulaeres_bauen_-167-1024x683.jpg 1024w, https:\/\/blog.proclima.com\/de\/files\/2026\/04\/Baustlelle_zirkulaeres_bauen_-167-300x200.jpg 300w, https:\/\/blog.proclima.com\/de\/files\/2026\/04\/Baustlelle_zirkulaeres_bauen_-167-768x513.jpg 768w, https:\/\/blog.proclima.com\/de\/files\/2026\/04\/Baustlelle_zirkulaeres_bauen_-167-1536x1025.jpg 1536w, https:\/\/blog.proclima.com\/de\/files\/2026\/04\/Baustlelle_zirkulaeres_bauen_-167-2048x1367.jpg 2048w, https:\/\/blog.proclima.com\/de\/files\/2026\/04\/Baustlelle_zirkulaeres_bauen_-167-384x256.jpg 384w\" sizes=\"auto, (max-width: 1024px) 100vw, 1024px\" \/><\/a><\/figure>\n\n\n\n<figure class=\"wp-block-image size-large\"><a href=\"https:\/\/blog.proclima.com\/de\/files\/2026\/04\/Baustlelle_zirkulaeres_bauen_-165-scaled.jpg\"><img loading=\"lazy\" decoding=\"async\" width=\"1024\" height=\"683\" data-id=\"11494\" src=\"https:\/\/blog.proclima.com\/de\/files\/2026\/04\/Baustlelle_zirkulaeres_bauen_-165-1024x683.jpg\" alt=\"Pilotprojekt: Zirkul\u00e4res Bauen mit pro clima\" class=\"wp-image-11494\" srcset=\"https:\/\/blog.proclima.com\/de\/files\/2026\/04\/Baustlelle_zirkulaeres_bauen_-165-1024x683.jpg 1024w, https:\/\/blog.proclima.com\/de\/files\/2026\/04\/Baustlelle_zirkulaeres_bauen_-165-300x200.jpg 300w, https:\/\/blog.proclima.com\/de\/files\/2026\/04\/Baustlelle_zirkulaeres_bauen_-165-768x513.jpg 768w, https:\/\/blog.proclima.com\/de\/files\/2026\/04\/Baustlelle_zirkulaeres_bauen_-165-1536x1025.jpg 1536w, https:\/\/blog.proclima.com\/de\/files\/2026\/04\/Baustlelle_zirkulaeres_bauen_-165-2048x1367.jpg 2048w, https:\/\/blog.proclima.com\/de\/files\/2026\/04\/Baustlelle_zirkulaeres_bauen_-165-384x256.jpg 384w\" sizes=\"auto, (max-width: 1024px) 100vw, 1024px\" \/><\/a><\/figure>\n\n\n\n<figure class=\"wp-block-image size-large\"><a href=\"https:\/\/blog.proclima.com\/de\/files\/2026\/04\/Baustlelle_zirkulaeres_bauen_-163-scaled.jpg\"><img loading=\"lazy\" decoding=\"async\" width=\"1024\" height=\"683\" data-id=\"11493\" src=\"https:\/\/blog.proclima.com\/de\/files\/2026\/04\/Baustlelle_zirkulaeres_bauen_-163-1024x683.jpg\" alt=\"Pilotprojekt: Zirkul\u00e4res Bauen mit pro clima\" class=\"wp-image-11493\" srcset=\"https:\/\/blog.proclima.com\/de\/files\/2026\/04\/Baustlelle_zirkulaeres_bauen_-163-1024x683.jpg 1024w, https:\/\/blog.proclima.com\/de\/files\/2026\/04\/Baustlelle_zirkulaeres_bauen_-163-300x200.jpg 300w, https:\/\/blog.proclima.com\/de\/files\/2026\/04\/Baustlelle_zirkulaeres_bauen_-163-768x513.jpg 768w, https:\/\/blog.proclima.com\/de\/files\/2026\/04\/Baustlelle_zirkulaeres_bauen_-163-1536x1025.jpg 1536w, https:\/\/blog.proclima.com\/de\/files\/2026\/04\/Baustlelle_zirkulaeres_bauen_-163-2048x1367.jpg 2048w, https:\/\/blog.proclima.com\/de\/files\/2026\/04\/Baustlelle_zirkulaeres_bauen_-163-384x256.jpg 384w\" sizes=\"auto, (max-width: 1024px) 100vw, 1024px\" \/><\/a><\/figure>\n\n\n\n<figure class=\"wp-block-image size-large\"><a href=\"https:\/\/blog.proclima.com\/de\/files\/2026\/04\/Baustlelle_zirkulaeres_bauen_-155-scaled.jpg\"><img loading=\"lazy\" decoding=\"async\" width=\"683\" height=\"1024\" data-id=\"11492\" src=\"https:\/\/blog.proclima.com\/de\/files\/2026\/04\/Baustlelle_zirkulaeres_bauen_-155-683x1024.jpg\" alt=\"Pilotprojekt: Zirkul\u00e4res Bauen mit pro clima\" class=\"wp-image-11492\" srcset=\"https:\/\/blog.proclima.com\/de\/files\/2026\/04\/Baustlelle_zirkulaeres_bauen_-155-683x1024.jpg 683w, https:\/\/blog.proclima.com\/de\/files\/2026\/04\/Baustlelle_zirkulaeres_bauen_-155-200x300.jpg 200w, https:\/\/blog.proclima.com\/de\/files\/2026\/04\/Baustlelle_zirkulaeres_bauen_-155-768x1151.jpg 768w, https:\/\/blog.proclima.com\/de\/files\/2026\/04\/Baustlelle_zirkulaeres_bauen_-155-1025x1536.jpg 1025w, https:\/\/blog.proclima.com\/de\/files\/2026\/04\/Baustlelle_zirkulaeres_bauen_-155-1367x2048.jpg 1367w, https:\/\/blog.proclima.com\/de\/files\/2026\/04\/Baustlelle_zirkulaeres_bauen_-155-256x384.jpg 256w, https:\/\/blog.proclima.com\/de\/files\/2026\/04\/Baustlelle_zirkulaeres_bauen_-155-scaled.jpg 1709w\" sizes=\"auto, (max-width: 683px) 100vw, 683px\" \/><\/a><\/figure>\n\n\n\n<figure class=\"wp-block-image size-large\"><a href=\"https:\/\/blog.proclima.com\/de\/files\/2026\/04\/Baustlelle_zirkulaeres_bauen_-147-scaled.jpg\"><img loading=\"lazy\" decoding=\"async\" width=\"683\" height=\"1024\" data-id=\"11491\" src=\"https:\/\/blog.proclima.com\/de\/files\/2026\/04\/Baustlelle_zirkulaeres_bauen_-147-683x1024.jpg\" alt=\"Pilotprojekt: Zirkul\u00e4res Bauen mit pro clima\" class=\"wp-image-11491\" srcset=\"https:\/\/blog.proclima.com\/de\/files\/2026\/04\/Baustlelle_zirkulaeres_bauen_-147-683x1024.jpg 683w, https:\/\/blog.proclima.com\/de\/files\/2026\/04\/Baustlelle_zirkulaeres_bauen_-147-200x300.jpg 200w, https:\/\/blog.proclima.com\/de\/files\/2026\/04\/Baustlelle_zirkulaeres_bauen_-147-768x1151.jpg 768w, https:\/\/blog.proclima.com\/de\/files\/2026\/04\/Baustlelle_zirkulaeres_bauen_-147-1025x1536.jpg 1025w, https:\/\/blog.proclima.com\/de\/files\/2026\/04\/Baustlelle_zirkulaeres_bauen_-147-1367x2048.jpg 1367w, https:\/\/blog.proclima.com\/de\/files\/2026\/04\/Baustlelle_zirkulaeres_bauen_-147-256x384.jpg 256w, https:\/\/blog.proclima.com\/de\/files\/2026\/04\/Baustlelle_zirkulaeres_bauen_-147-scaled.jpg 1709w\" sizes=\"auto, (max-width: 683px) 100vw, 683px\" \/><\/a><\/figure>\n\n\n\n<figure class=\"wp-block-image size-large\"><a href=\"https:\/\/blog.proclima.com\/de\/files\/2026\/04\/Baustlelle_zirkulaeres_bauen_-141-scaled.jpg\"><img loading=\"lazy\" decoding=\"async\" width=\"1024\" height=\"683\" data-id=\"11490\" src=\"https:\/\/blog.proclima.com\/de\/files\/2026\/04\/Baustlelle_zirkulaeres_bauen_-141-1024x683.jpg\" alt=\"Pilotprojekt: Zirkul\u00e4res Bauen mit pro clima\" class=\"wp-image-11490\" srcset=\"https:\/\/blog.proclima.com\/de\/files\/2026\/04\/Baustlelle_zirkulaeres_bauen_-141-1024x683.jpg 1024w, https:\/\/blog.proclima.com\/de\/files\/2026\/04\/Baustlelle_zirkulaeres_bauen_-141-300x200.jpg 300w, https:\/\/blog.proclima.com\/de\/files\/2026\/04\/Baustlelle_zirkulaeres_bauen_-141-768x513.jpg 768w, https:\/\/blog.proclima.com\/de\/files\/2026\/04\/Baustlelle_zirkulaeres_bauen_-141-1536x1025.jpg 1536w, https:\/\/blog.proclima.com\/de\/files\/2026\/04\/Baustlelle_zirkulaeres_bauen_-141-2048x1367.jpg 2048w, https:\/\/blog.proclima.com\/de\/files\/2026\/04\/Baustlelle_zirkulaeres_bauen_-141-384x256.jpg 384w\" sizes=\"auto, (max-width: 1024px) 100vw, 1024px\" \/><\/a><\/figure>\n\n\n\n<figure class=\"wp-block-image size-large\"><a href=\"https:\/\/blog.proclima.com\/de\/files\/2026\/04\/Baustlelle_zirkulaeres_bauen_-137-scaled.jpg\"><img loading=\"lazy\" decoding=\"async\" width=\"1024\" height=\"683\" data-id=\"11489\" src=\"https:\/\/blog.proclima.com\/de\/files\/2026\/04\/Baustlelle_zirkulaeres_bauen_-137-1024x683.jpg\" alt=\"Pilotprojekt: Zirkul\u00e4res Bauen mit pro clima\" class=\"wp-image-11489\" srcset=\"https:\/\/blog.proclima.com\/de\/files\/2026\/04\/Baustlelle_zirkulaeres_bauen_-137-1024x683.jpg 1024w, https:\/\/blog.proclima.com\/de\/files\/2026\/04\/Baustlelle_zirkulaeres_bauen_-137-300x200.jpg 300w, https:\/\/blog.proclima.com\/de\/files\/2026\/04\/Baustlelle_zirkulaeres_bauen_-137-768x513.jpg 768w, https:\/\/blog.proclima.com\/de\/files\/2026\/04\/Baustlelle_zirkulaeres_bauen_-137-1536x1025.jpg 1536w, https:\/\/blog.proclima.com\/de\/files\/2026\/04\/Baustlelle_zirkulaeres_bauen_-137-2048x1367.jpg 2048w, https:\/\/blog.proclima.com\/de\/files\/2026\/04\/Baustlelle_zirkulaeres_bauen_-137-384x256.jpg 384w\" sizes=\"auto, (max-width: 1024px) 100vw, 1024px\" \/><\/a><\/figure>\n\n\n\n<figure class=\"wp-block-image size-large\"><a href=\"https:\/\/blog.proclima.com\/de\/files\/2026\/04\/Baustlelle_zirkulaeres_bauen_-125-scaled.jpg\"><img loading=\"lazy\" decoding=\"async\" width=\"1024\" height=\"683\" data-id=\"11488\" src=\"https:\/\/blog.proclima.com\/de\/files\/2026\/04\/Baustlelle_zirkulaeres_bauen_-125-1024x683.jpg\" alt=\"Pilotprojekt: Zirkul\u00e4res Bauen mit pro clima\" class=\"wp-image-11488\" srcset=\"https:\/\/blog.proclima.com\/de\/files\/2026\/04\/Baustlelle_zirkulaeres_bauen_-125-1024x683.jpg 1024w, https:\/\/blog.proclima.com\/de\/files\/2026\/04\/Baustlelle_zirkulaeres_bauen_-125-300x200.jpg 300w, https:\/\/blog.proclima.com\/de\/files\/2026\/04\/Baustlelle_zirkulaeres_bauen_-125-768x513.jpg 768w, https:\/\/blog.proclima.com\/de\/files\/2026\/04\/Baustlelle_zirkulaeres_bauen_-125-1536x1025.jpg 1536w, https:\/\/blog.proclima.com\/de\/files\/2026\/04\/Baustlelle_zirkulaeres_bauen_-125-2048x1367.jpg 2048w, https:\/\/blog.proclima.com\/de\/files\/2026\/04\/Baustlelle_zirkulaeres_bauen_-125-384x256.jpg 384w\" sizes=\"auto, (max-width: 1024px) 100vw, 1024px\" \/><\/a><\/figure>\n\n\n\n<figure class=\"wp-block-image size-large\"><a href=\"https:\/\/blog.proclima.com\/de\/files\/2026\/04\/Baustlelle_zirkulaeres_bauen_-117-scaled.jpg\"><img loading=\"lazy\" decoding=\"async\" width=\"1024\" height=\"683\" data-id=\"11487\" src=\"https:\/\/blog.proclima.com\/de\/files\/2026\/04\/Baustlelle_zirkulaeres_bauen_-117-1024x683.jpg\" alt=\"Pilotprojekt: Zirkul\u00e4res Bauen mit pro clima\" class=\"wp-image-11487\" srcset=\"https:\/\/blog.proclima.com\/de\/files\/2026\/04\/Baustlelle_zirkulaeres_bauen_-117-1024x683.jpg 1024w, https:\/\/blog.proclima.com\/de\/files\/2026\/04\/Baustlelle_zirkulaeres_bauen_-117-300x200.jpg 300w, https:\/\/blog.proclima.com\/de\/files\/2026\/04\/Baustlelle_zirkulaeres_bauen_-117-768x513.jpg 768w, https:\/\/blog.proclima.com\/de\/files\/2026\/04\/Baustlelle_zirkulaeres_bauen_-117-1536x1025.jpg 1536w, https:\/\/blog.proclima.com\/de\/files\/2026\/04\/Baustlelle_zirkulaeres_bauen_-117-2048x1367.jpg 2048w, https:\/\/blog.proclima.com\/de\/files\/2026\/04\/Baustlelle_zirkulaeres_bauen_-117-384x256.jpg 384w\" sizes=\"auto, (max-width: 1024px) 100vw, 1024px\" \/><\/a><\/figure>\n\n\n\n<figure class=\"wp-block-image size-large\"><a href=\"https:\/\/blog.proclima.com\/de\/files\/2026\/04\/Baustlelle_zirkulaeres_bauen_-105-scaled.jpg\"><img loading=\"lazy\" decoding=\"async\" width=\"1024\" height=\"683\" data-id=\"11486\" src=\"https:\/\/blog.proclima.com\/de\/files\/2026\/04\/Baustlelle_zirkulaeres_bauen_-105-1024x683.jpg\" alt=\"Pilotprojekt: Zirkul\u00e4res Bauen mit pro clima\" class=\"wp-image-11486\" srcset=\"https:\/\/blog.proclima.com\/de\/files\/2026\/04\/Baustlelle_zirkulaeres_bauen_-105-1024x683.jpg 1024w, https:\/\/blog.proclima.com\/de\/files\/2026\/04\/Baustlelle_zirkulaeres_bauen_-105-300x200.jpg 300w, https:\/\/blog.proclima.com\/de\/files\/2026\/04\/Baustlelle_zirkulaeres_bauen_-105-768x513.jpg 768w, https:\/\/blog.proclima.com\/de\/files\/2026\/04\/Baustlelle_zirkulaeres_bauen_-105-1536x1025.jpg 1536w, https:\/\/blog.proclima.com\/de\/files\/2026\/04\/Baustlelle_zirkulaeres_bauen_-105-2048x1367.jpg 2048w, https:\/\/blog.proclima.com\/de\/files\/2026\/04\/Baustlelle_zirkulaeres_bauen_-105-384x256.jpg 384w\" sizes=\"auto, (max-width: 1024px) 100vw, 1024px\" \/><\/a><\/figure>\n<\/figure>\n","protected":false},"excerpt":{"rendered":"<p>Die Folgen schwindender Ressourcen pr\u00e4gen zunehmend unser Handeln. Gerade im Bausektor besteht nach wie vor ein gro\u00dfes Potential Materialverbr\u00e4uche zu reduzieren f\u00fcr eine gute gemeinsame <a href=\"https:\/\/blog.proclima.com\/de\/2026\/04\/schutzkonzepte-im-ressourcenschonenden-holzrahmenbau\/\" rel=\"bookmark\">&#8230;<\/a><\/p>\n","protected":false},"author":453,"featured_media":11501,"comment_status":"open","ping_status":"open","sticky":false,"template":"","format":"standard","meta":{"footnotes":""},"categories":[1491,1403,6161,6159,1,923,52],"tags":[6298,6248,319,112,34,37,6297],"class_list":["post-11485","post","type-post","status-publish","format-standard","has-post-thumbnail","hentry","category-holzbau","category-luftdichtung","category-lust-auf-neue-ideen","category-lust-auf-zukunft","category-proclima","category-sanierung","category-welt-und-gesellschaft","tag-experiment","tag-forschungsprojekt","tag-luftdichtheit","tag-luftdichtung","tag-pro-clima","tag-sanierung","tag-zirkulaeres-bauen"],"yoast_head":"<!-- This site is optimized with the Yoast SEO plugin v27.5 - https:\/\/yoast.com\/product\/yoast-seo-wordpress\/ -->\n<title>Zirkul\u00e4res Bauen - die Rolle der Schutzkonzepte<\/title>\n<meta name=\"description\" content=\"Die Folgen schwindender Ressourcen pr\u00e4gen zunehmend unser Handeln. Gerade im Bausektor besteht nach wie vor ein gro\u00dfes Verbesserungspotential. Deshalb arbeitet pro clima stetig an L\u00f6sungen, die nachhaltiges und zukunftsf\u00e4higes Bauen unterst\u00fctzen.\" \/>\n<meta name=\"robots\" content=\"index, follow, max-snippet:-1, max-image-preview:large, max-video-preview:-1\" \/>\n<link rel=\"canonical\" href=\"https:\/\/blog.proclima.com\/de\/2026\/04\/schutzkonzepte-im-ressourcenschonenden-holzrahmenbau\/\" \/>\n<meta property=\"og:locale\" content=\"de_DE\" \/>\n<meta property=\"og:type\" content=\"article\" \/>\n<meta property=\"og:title\" content=\"Zirkul\u00e4res Bauen - die Rolle der Schutzkonzepte\" \/>\n<meta property=\"og:description\" content=\"Die Folgen schwindender Ressourcen pr\u00e4gen zunehmend unser Handeln. Gerade im Bausektor besteht nach wie vor ein gro\u00dfes Verbesserungspotential. Deshalb arbeitet pro clima stetig an L\u00f6sungen, die nachhaltiges und zukunftsf\u00e4higes Bauen unterst\u00fctzen.\" \/>\n<meta property=\"og:url\" content=\"https:\/\/blog.proclima.com\/de\/2026\/04\/schutzkonzepte-im-ressourcenschonenden-holzrahmenbau\/\" \/>\n<meta property=\"og:site_name\" content=\"pro clima Blog - Deutschland\" \/>\n<meta property=\"article:publisher\" content=\"https:\/\/www.facebook.com\/proclima\" \/>\n<meta property=\"article:published_time\" content=\"2026-04-30T09:43:57+00:00\" \/>\n<meta property=\"article:modified_time\" content=\"2026-04-30T09:43:59+00:00\" \/>\n<meta property=\"og:image\" content=\"https:\/\/blog.proclima.com\/de\/files\/2026\/04\/Titelbild_zirkulaeres-Bauen.png\" \/>\n\t<meta property=\"og:image:width\" content=\"656\" \/>\n\t<meta property=\"og:image:height\" content=\"325\" \/>\n\t<meta property=\"og:image:type\" content=\"image\/png\" \/>\n<meta name=\"author\" content=\"Friederike Remiorz\" \/>\n<meta name=\"twitter:card\" content=\"summary_large_image\" \/>\n<meta name=\"twitter:creator\" content=\"@proclimaDE\" \/>\n<meta name=\"twitter:site\" content=\"@proclimaDE\" \/>\n<meta name=\"twitter:label1\" content=\"Verfasst von\" \/>\n\t<meta name=\"twitter:data1\" content=\"Friederike Remiorz\" \/>\n\t<meta name=\"twitter:label2\" content=\"Gesch\u00e4tzte Lesezeit\" \/>\n\t<meta name=\"twitter:data2\" content=\"6\u00a0Minuten\" \/>\n<script type=\"application\/ld+json\" class=\"yoast-schema-graph\">{\"@context\":\"https:\\\/\\\/schema.org\",\"@graph\":[{\"@type\":\"Article\",\"@id\":\"https:\\\/\\\/blog.proclima.com\\\/de\\\/2026\\\/04\\\/schutzkonzepte-im-ressourcenschonenden-holzrahmenbau\\\/#article\",\"isPartOf\":{\"@id\":\"https:\\\/\\\/blog.proclima.com\\\/de\\\/2026\\\/04\\\/schutzkonzepte-im-ressourcenschonenden-holzrahmenbau\\\/\"},\"author\":{\"name\":\"Friederike Remiorz\",\"@id\":\"https:\\\/\\\/blog.proclima.com\\\/de\\\/#\\\/schema\\\/person\\\/c596ad1307bfc3dc78019a7338a86dc1\"},\"headline\":\"Sicher, zirkul\u00e4r, umweltfreundlich: Warum durchdachte Schutzkonzepte so wichtig f\u00fcr den ressourcenschonenden Holzrahmenbau sind\",\"datePublished\":\"2026-04-30T09:43:57+00:00\",\"dateModified\":\"2026-04-30T09:43:59+00:00\",\"mainEntityOfPage\":{\"@id\":\"https:\\\/\\\/blog.proclima.com\\\/de\\\/2026\\\/04\\\/schutzkonzepte-im-ressourcenschonenden-holzrahmenbau\\\/\"},\"wordCount\":442,\"commentCount\":0,\"publisher\":{\"@id\":\"https:\\\/\\\/blog.proclima.com\\\/de\\\/#organization\"},\"image\":{\"@id\":\"https:\\\/\\\/blog.proclima.com\\\/de\\\/2026\\\/04\\\/schutzkonzepte-im-ressourcenschonenden-holzrahmenbau\\\/#primaryimage\"},\"thumbnailUrl\":\"https:\\\/\\\/blog.proclima.com\\\/de\\\/files\\\/2026\\\/04\\\/Titelbild_zirkulaeres-Bauen.png\",\"keywords\":[\"Experiment\",\"Forschungsprojekt\",\"Luftdichtheit\",\"Luftdichtung\",\"pro clima\",\"Sanierung\",\"Zirkul\u00e4res Bauen\"],\"articleSection\":[\"Holzbau\",\"Luftdichtung\",\"Lust auf NEUE IDEEN\",\"Lust auf ZUKUNFT\",\"pro clima\",\"Sanierung\",\"Welt und Gesellschaft\"],\"inLanguage\":\"de\",\"potentialAction\":[{\"@type\":\"CommentAction\",\"name\":\"Comment\",\"target\":[\"https:\\\/\\\/blog.proclima.com\\\/de\\\/2026\\\/04\\\/schutzkonzepte-im-ressourcenschonenden-holzrahmenbau\\\/#respond\"]}]},{\"@type\":\"WebPage\",\"@id\":\"https:\\\/\\\/blog.proclima.com\\\/de\\\/2026\\\/04\\\/schutzkonzepte-im-ressourcenschonenden-holzrahmenbau\\\/\",\"url\":\"https:\\\/\\\/blog.proclima.com\\\/de\\\/2026\\\/04\\\/schutzkonzepte-im-ressourcenschonenden-holzrahmenbau\\\/\",\"name\":\"Zirkul\u00e4res Bauen - die Rolle der Schutzkonzepte\",\"isPartOf\":{\"@id\":\"https:\\\/\\\/blog.proclima.com\\\/de\\\/#website\"},\"primaryImageOfPage\":{\"@id\":\"https:\\\/\\\/blog.proclima.com\\\/de\\\/2026\\\/04\\\/schutzkonzepte-im-ressourcenschonenden-holzrahmenbau\\\/#primaryimage\"},\"image\":{\"@id\":\"https:\\\/\\\/blog.proclima.com\\\/de\\\/2026\\\/04\\\/schutzkonzepte-im-ressourcenschonenden-holzrahmenbau\\\/#primaryimage\"},\"thumbnailUrl\":\"https:\\\/\\\/blog.proclima.com\\\/de\\\/files\\\/2026\\\/04\\\/Titelbild_zirkulaeres-Bauen.png\",\"datePublished\":\"2026-04-30T09:43:57+00:00\",\"dateModified\":\"2026-04-30T09:43:59+00:00\",\"description\":\"Die Folgen schwindender Ressourcen pr\u00e4gen zunehmend unser Handeln. Gerade im Bausektor besteht nach wie vor ein gro\u00dfes Verbesserungspotential. Deshalb arbeitet pro clima stetig an L\u00f6sungen, die nachhaltiges und zukunftsf\u00e4higes Bauen unterst\u00fctzen.\",\"breadcrumb\":{\"@id\":\"https:\\\/\\\/blog.proclima.com\\\/de\\\/2026\\\/04\\\/schutzkonzepte-im-ressourcenschonenden-holzrahmenbau\\\/#breadcrumb\"},\"inLanguage\":\"de\",\"potentialAction\":[{\"@type\":\"ReadAction\",\"target\":[\"https:\\\/\\\/blog.proclima.com\\\/de\\\/2026\\\/04\\\/schutzkonzepte-im-ressourcenschonenden-holzrahmenbau\\\/\"]}]},{\"@type\":\"ImageObject\",\"inLanguage\":\"de\",\"@id\":\"https:\\\/\\\/blog.proclima.com\\\/de\\\/2026\\\/04\\\/schutzkonzepte-im-ressourcenschonenden-holzrahmenbau\\\/#primaryimage\",\"url\":\"https:\\\/\\\/blog.proclima.com\\\/de\\\/files\\\/2026\\\/04\\\/Titelbild_zirkulaeres-Bauen.png\",\"contentUrl\":\"https:\\\/\\\/blog.proclima.com\\\/de\\\/files\\\/2026\\\/04\\\/Titelbild_zirkulaeres-Bauen.png\",\"width\":656,\"height\":325,\"caption\":\"Pilotprojekt: Zirkul\u00e4res Bauen mit pro clima\"},{\"@type\":\"BreadcrumbList\",\"@id\":\"https:\\\/\\\/blog.proclima.com\\\/de\\\/2026\\\/04\\\/schutzkonzepte-im-ressourcenschonenden-holzrahmenbau\\\/#breadcrumb\",\"itemListElement\":[{\"@type\":\"ListItem\",\"position\":1,\"name\":\"Startseite\",\"item\":\"https:\\\/\\\/blog.proclima.com\\\/de\\\/\"},{\"@type\":\"ListItem\",\"position\":2,\"name\":\"Sicher, zirkul\u00e4r, umweltfreundlich: Warum durchdachte Schutzkonzepte so wichtig f\u00fcr den ressourcenschonenden Holzrahmenbau sind\"}]},{\"@type\":\"WebSite\",\"@id\":\"https:\\\/\\\/blog.proclima.com\\\/de\\\/#website\",\"url\":\"https:\\\/\\\/blog.proclima.com\\\/de\\\/\",\"name\":\"pro clima Blog - Deutschland\",\"description\":\"alles was pro clima bewegt\",\"publisher\":{\"@id\":\"https:\\\/\\\/blog.proclima.com\\\/de\\\/#organization\"},\"potentialAction\":[{\"@type\":\"SearchAction\",\"target\":{\"@type\":\"EntryPoint\",\"urlTemplate\":\"https:\\\/\\\/blog.proclima.com\\\/de\\\/?s={search_term_string}\"},\"query-input\":{\"@type\":\"PropertyValueSpecification\",\"valueRequired\":true,\"valueName\":\"search_term_string\"}}],\"inLanguage\":\"de\"},{\"@type\":\"Organization\",\"@id\":\"https:\\\/\\\/blog.proclima.com\\\/de\\\/#organization\",\"name\":\"pro clima - Moll bau\u00f6kologische Produkte GmbH\",\"url\":\"https:\\\/\\\/blog.proclima.com\\\/de\\\/\",\"logo\":{\"@type\":\"ImageObject\",\"inLanguage\":\"de\",\"@id\":\"https:\\\/\\\/blog.proclima.com\\\/de\\\/#\\\/schema\\\/logo\\\/image\\\/\",\"url\":\"https:\\\/\\\/blog.proclima.com\\\/de\\\/files\\\/2020\\\/04\\\/Logo-pro-clima.png\",\"contentUrl\":\"https:\\\/\\\/blog.proclima.com\\\/de\\\/files\\\/2020\\\/04\\\/Logo-pro-clima.png\",\"width\":4210,\"height\":4881,\"caption\":\"pro clima - Moll bau\u00f6kologische Produkte GmbH\"},\"image\":{\"@id\":\"https:\\\/\\\/blog.proclima.com\\\/de\\\/#\\\/schema\\\/logo\\\/image\\\/\"},\"sameAs\":[\"https:\\\/\\\/www.facebook.com\\\/proclima\",\"https:\\\/\\\/x.com\\\/proclimaDE\"]},{\"@type\":\"Person\",\"@id\":\"https:\\\/\\\/blog.proclima.com\\\/de\\\/#\\\/schema\\\/person\\\/c596ad1307bfc3dc78019a7338a86dc1\",\"name\":\"Friederike Remiorz\",\"url\":\"https:\\\/\\\/blog.proclima.com\\\/de\\\/author\\\/remiorz\\\/\"}]}<\/script>\n<!-- \/ Yoast SEO plugin. -->","yoast_head_json":{"title":"Zirkul\u00e4res Bauen - die Rolle der Schutzkonzepte","description":"Die Folgen schwindender Ressourcen pr\u00e4gen zunehmend unser Handeln. Gerade im Bausektor besteht nach wie vor ein gro\u00dfes Verbesserungspotential. Deshalb arbeitet pro clima stetig an L\u00f6sungen, die nachhaltiges und zukunftsf\u00e4higes Bauen unterst\u00fctzen.","robots":{"index":"index","follow":"follow","max-snippet":"max-snippet:-1","max-image-preview":"max-image-preview:large","max-video-preview":"max-video-preview:-1"},"canonical":"https:\/\/blog.proclima.com\/de\/2026\/04\/schutzkonzepte-im-ressourcenschonenden-holzrahmenbau\/","og_locale":"de_DE","og_type":"article","og_title":"Zirkul\u00e4res Bauen - die Rolle der Schutzkonzepte","og_description":"Die Folgen schwindender Ressourcen pr\u00e4gen zunehmend unser Handeln. Gerade im Bausektor besteht nach wie vor ein gro\u00dfes Verbesserungspotential. Deshalb arbeitet pro clima stetig an L\u00f6sungen, die nachhaltiges und zukunftsf\u00e4higes Bauen unterst\u00fctzen.","og_url":"https:\/\/blog.proclima.com\/de\/2026\/04\/schutzkonzepte-im-ressourcenschonenden-holzrahmenbau\/","og_site_name":"pro clima Blog - Deutschland","article_publisher":"https:\/\/www.facebook.com\/proclima","article_published_time":"2026-04-30T09:43:57+00:00","article_modified_time":"2026-04-30T09:43:59+00:00","og_image":[{"width":656,"height":325,"url":"https:\/\/blog.proclima.com\/de\/files\/2026\/04\/Titelbild_zirkulaeres-Bauen.png","type":"image\/png"}],"author":"Friederike Remiorz","twitter_card":"summary_large_image","twitter_creator":"@proclimaDE","twitter_site":"@proclimaDE","twitter_misc":{"Verfasst von":"Friederike Remiorz","Gesch\u00e4tzte Lesezeit":"6\u00a0Minuten"},"schema":{"@context":"https:\/\/schema.org","@graph":[{"@type":"Article","@id":"https:\/\/blog.proclima.com\/de\/2026\/04\/schutzkonzepte-im-ressourcenschonenden-holzrahmenbau\/#article","isPartOf":{"@id":"https:\/\/blog.proclima.com\/de\/2026\/04\/schutzkonzepte-im-ressourcenschonenden-holzrahmenbau\/"},"author":{"name":"Friederike Remiorz","@id":"https:\/\/blog.proclima.com\/de\/#\/schema\/person\/c596ad1307bfc3dc78019a7338a86dc1"},"headline":"Sicher, zirkul\u00e4r, umweltfreundlich: Warum durchdachte Schutzkonzepte so wichtig f\u00fcr den ressourcenschonenden Holzrahmenbau sind","datePublished":"2026-04-30T09:43:57+00:00","dateModified":"2026-04-30T09:43:59+00:00","mainEntityOfPage":{"@id":"https:\/\/blog.proclima.com\/de\/2026\/04\/schutzkonzepte-im-ressourcenschonenden-holzrahmenbau\/"},"wordCount":442,"commentCount":0,"publisher":{"@id":"https:\/\/blog.proclima.com\/de\/#organization"},"image":{"@id":"https:\/\/blog.proclima.com\/de\/2026\/04\/schutzkonzepte-im-ressourcenschonenden-holzrahmenbau\/#primaryimage"},"thumbnailUrl":"https:\/\/blog.proclima.com\/de\/files\/2026\/04\/Titelbild_zirkulaeres-Bauen.png","keywords":["Experiment","Forschungsprojekt","Luftdichtheit","Luftdichtung","pro clima","Sanierung","Zirkul\u00e4res Bauen"],"articleSection":["Holzbau","Luftdichtung","Lust auf NEUE IDEEN","Lust auf ZUKUNFT","pro clima","Sanierung","Welt und Gesellschaft"],"inLanguage":"de","potentialAction":[{"@type":"CommentAction","name":"Comment","target":["https:\/\/blog.proclima.com\/de\/2026\/04\/schutzkonzepte-im-ressourcenschonenden-holzrahmenbau\/#respond"]}]},{"@type":"WebPage","@id":"https:\/\/blog.proclima.com\/de\/2026\/04\/schutzkonzepte-im-ressourcenschonenden-holzrahmenbau\/","url":"https:\/\/blog.proclima.com\/de\/2026\/04\/schutzkonzepte-im-ressourcenschonenden-holzrahmenbau\/","name":"Zirkul\u00e4res Bauen - die Rolle der Schutzkonzepte","isPartOf":{"@id":"https:\/\/blog.proclima.com\/de\/#website"},"primaryImageOfPage":{"@id":"https:\/\/blog.proclima.com\/de\/2026\/04\/schutzkonzepte-im-ressourcenschonenden-holzrahmenbau\/#primaryimage"},"image":{"@id":"https:\/\/blog.proclima.com\/de\/2026\/04\/schutzkonzepte-im-ressourcenschonenden-holzrahmenbau\/#primaryimage"},"thumbnailUrl":"https:\/\/blog.proclima.com\/de\/files\/2026\/04\/Titelbild_zirkulaeres-Bauen.png","datePublished":"2026-04-30T09:43:57+00:00","dateModified":"2026-04-30T09:43:59+00:00","description":"Die Folgen schwindender Ressourcen pr\u00e4gen zunehmend unser Handeln. Gerade im Bausektor besteht nach wie vor ein gro\u00dfes Verbesserungspotential. Deshalb arbeitet pro clima stetig an L\u00f6sungen, die nachhaltiges und zukunftsf\u00e4higes Bauen unterst\u00fctzen.","breadcrumb":{"@id":"https:\/\/blog.proclima.com\/de\/2026\/04\/schutzkonzepte-im-ressourcenschonenden-holzrahmenbau\/#breadcrumb"},"inLanguage":"de","potentialAction":[{"@type":"ReadAction","target":["https:\/\/blog.proclima.com\/de\/2026\/04\/schutzkonzepte-im-ressourcenschonenden-holzrahmenbau\/"]}]},{"@type":"ImageObject","inLanguage":"de","@id":"https:\/\/blog.proclima.com\/de\/2026\/04\/schutzkonzepte-im-ressourcenschonenden-holzrahmenbau\/#primaryimage","url":"https:\/\/blog.proclima.com\/de\/files\/2026\/04\/Titelbild_zirkulaeres-Bauen.png","contentUrl":"https:\/\/blog.proclima.com\/de\/files\/2026\/04\/Titelbild_zirkulaeres-Bauen.png","width":656,"height":325,"caption":"Pilotprojekt: Zirkul\u00e4res Bauen mit pro clima"},{"@type":"BreadcrumbList","@id":"https:\/\/blog.proclima.com\/de\/2026\/04\/schutzkonzepte-im-ressourcenschonenden-holzrahmenbau\/#breadcrumb","itemListElement":[{"@type":"ListItem","position":1,"name":"Startseite","item":"https:\/\/blog.proclima.com\/de\/"},{"@type":"ListItem","position":2,"name":"Sicher, zirkul\u00e4r, umweltfreundlich: Warum durchdachte Schutzkonzepte so wichtig f\u00fcr den ressourcenschonenden Holzrahmenbau sind"}]},{"@type":"WebSite","@id":"https:\/\/blog.proclima.com\/de\/#website","url":"https:\/\/blog.proclima.com\/de\/","name":"pro clima Blog - Deutschland","description":"alles was pro clima bewegt","publisher":{"@id":"https:\/\/blog.proclima.com\/de\/#organization"},"potentialAction":[{"@type":"SearchAction","target":{"@type":"EntryPoint","urlTemplate":"https:\/\/blog.proclima.com\/de\/?s={search_term_string}"},"query-input":{"@type":"PropertyValueSpecification","valueRequired":true,"valueName":"search_term_string"}}],"inLanguage":"de"},{"@type":"Organization","@id":"https:\/\/blog.proclima.com\/de\/#organization","name":"pro clima - Moll bau\u00f6kologische Produkte GmbH","url":"https:\/\/blog.proclima.com\/de\/","logo":{"@type":"ImageObject","inLanguage":"de","@id":"https:\/\/blog.proclima.com\/de\/#\/schema\/logo\/image\/","url":"https:\/\/blog.proclima.com\/de\/files\/2020\/04\/Logo-pro-clima.png","contentUrl":"https:\/\/blog.proclima.com\/de\/files\/2020\/04\/Logo-pro-clima.png","width":4210,"height":4881,"caption":"pro clima - Moll bau\u00f6kologische Produkte GmbH"},"image":{"@id":"https:\/\/blog.proclima.com\/de\/#\/schema\/logo\/image\/"},"sameAs":["https:\/\/www.facebook.com\/proclima","https:\/\/x.com\/proclimaDE"]},{"@type":"Person","@id":"https:\/\/blog.proclima.com\/de\/#\/schema\/person\/c596ad1307bfc3dc78019a7338a86dc1","name":"Friederike Remiorz","url":"https:\/\/blog.proclima.com\/de\/author\/remiorz\/"}]}},"canto_acf_fields":"","_links":{"self":[{"href":"https:\/\/blog.proclima.com\/de\/wp-json\/wp\/v2\/posts\/11485","targetHints":{"allow":["GET"]}}],"collection":[{"href":"https:\/\/blog.proclima.com\/de\/wp-json\/wp\/v2\/posts"}],"about":[{"href":"https:\/\/blog.proclima.com\/de\/wp-json\/wp\/v2\/types\/post"}],"author":[{"embeddable":true,"href":"https:\/\/blog.proclima.com\/de\/wp-json\/wp\/v2\/users\/453"}],"replies":[{"embeddable":true,"href":"https:\/\/blog.proclima.com\/de\/wp-json\/wp\/v2\/comments?post=11485"}],"version-history":[{"count":2,"href":"https:\/\/blog.proclima.com\/de\/wp-json\/wp\/v2\/posts\/11485\/revisions"}],"predecessor-version":[{"id":11503,"href":"https:\/\/blog.proclima.com\/de\/wp-json\/wp\/v2\/posts\/11485\/revisions\/11503"}],"wp:featuredmedia":[{"embeddable":true,"href":"https:\/\/blog.proclima.com\/de\/wp-json\/wp\/v2\/media\/11501"}],"wp:attachment":[{"href":"https:\/\/blog.proclima.com\/de\/wp-json\/wp\/v2\/media?parent=11485"}],"wp:term":[{"taxonomy":"category","embeddable":true,"href":"https:\/\/blog.proclima.com\/de\/wp-json\/wp\/v2\/categories?post=11485"},{"taxonomy":"post_tag","embeddable":true,"href":"https:\/\/blog.proclima.com\/de\/wp-json\/wp\/v2\/tags?post=11485"}],"curies":[{"name":"wp","href":"https:\/\/api.w.org\/{rel}","templated":true}]}}