
{"id":11429,"date":"2026-03-09T11:14:10","date_gmt":"2026-03-09T10:14:10","guid":{"rendered":"https:\/\/blog.proclima.com\/de\/?p=11429"},"modified":"2026-03-27T07:20:16","modified_gmt":"2026-03-27T06:20:16","slug":"dachholz-international-2026-pro-clima-praesentierte-innovatives-feuchtesensorik-system-und-mission-sanierung","status":"publish","type":"post","link":"https:\/\/blog.proclima.com\/de\/2026\/03\/dachholz-international-2026-pro-clima-praesentierte-innovatives-feuchtesensorik-system-und-mission-sanierung\/","title":{"rendered":"DACH+HOLZ International 2026: pro clima pr\u00e4sentierte innovatives Feuchtesensorik-System und \u201eMission Sanierung\u201c"},"content":{"rendered":"\n<p>K\u00f6ln, Februar 2026 \u2013 <strong>Auf der DACH+HOLZ International 2026<\/strong> setzte pro clima einen klaren Fokus auf das <strong>Thema Sanierung<\/strong> \u2013 und das auf eine v\u00f6llig neue, spielerische Weise. Unter dem Motto \u201eMission Sanierung\u201c pr\u00e4sentierte das Unternehmen in Halle sieben eine gro\u00dffl\u00e4chige, gaming-inspirierte Mission, die die Aufmerksamkeit der Messebesucher auf sich zog. Ziel war es, das komplexe Thema Sanierung f\u00fcr Verarbeiter, Architekten und Planer auf einfache und verst\u00e4ndliche Weise zug\u00e4nglich zu machen.<\/p>\n\n\n\n<figure class=\"wp-block-image size-large\"><a href=\"https:\/\/blog.proclima.com\/de\/files\/2026\/03\/msz_dach_und_holz_2026_-240-scaled.jpg\"><img loading=\"lazy\" decoding=\"async\" width=\"1024\" height=\"683\" src=\"https:\/\/blog.proclima.com\/de\/files\/2026\/03\/msz_dach_und_holz_2026_-240-1024x683.jpg\" alt=\"\" class=\"wp-image-11432\" srcset=\"https:\/\/blog.proclima.com\/de\/files\/2026\/03\/msz_dach_und_holz_2026_-240-1024x683.jpg 1024w, https:\/\/blog.proclima.com\/de\/files\/2026\/03\/msz_dach_und_holz_2026_-240-300x200.jpg 300w, https:\/\/blog.proclima.com\/de\/files\/2026\/03\/msz_dach_und_holz_2026_-240-768x512.jpg 768w, https:\/\/blog.proclima.com\/de\/files\/2026\/03\/msz_dach_und_holz_2026_-240-1536x1024.jpg 1536w, https:\/\/blog.proclima.com\/de\/files\/2026\/03\/msz_dach_und_holz_2026_-240-2048x1365.jpg 2048w, https:\/\/blog.proclima.com\/de\/files\/2026\/03\/msz_dach_und_holz_2026_-240-384x256.jpg 384w\" sizes=\"auto, (max-width: 1024px) 100vw, 1024px\" \/><\/a><figcaption class=\"wp-element-caption\"><em>DACH+HOLZ International 2026, K\u00f6ln &#8211; pro clima pr\u00e4sentiert \u201eMission Sanierung\u201c in Halle 7, Stand 306<\/em><\/figcaption><\/figure>\n\n\n\n<p><\/p>\n\n\n\n<p>Neben der \u201eMission Sanierung\u201c pr\u00e4sentierte pro clima ein weiteres Highlight: das <strong>Bauzeitenschutzsystem SOLITEX ADHERO SENSIS<\/strong>. Dieses System bringt einen vollkommen neuen Mehrwert ins Geb\u00e4ude: Mit seiner innovativen <strong>Feuchtesensorik<\/strong> sch\u00fctzt SOLITEX ADHERO SENSIS Bauteile nicht nur vor Feuchtigkeit w\u00e4hrend der Bauphase, sondern meldet durch seine intelligente Sensortechnologie in Echtzeit auch Feuchtigkeit die in der Nutzungsphase, z. B. durch undichte Duschen oder Wasserleitungen, entstehen kann. So k\u00f6nnen Feuchtigkeitsprobleme fr\u00fchzeitig erkannt und das Risiko gro\u00dfer Bausch\u00e4den und hoher Sanierungskosten signifikant reduziert werden.<\/p>\n\n\n\n<p>Das Interesse der Fachbesucher wurde zudem durch <strong>praxisnahe Vorf\u00fchrungen<\/strong> und <strong>pers\u00f6nliche Beratungsgespr\u00e4che<\/strong> geweckt. pro clima demonstrierte die Anwendung von intelligenten <strong>Dampfbremsen<\/strong>, Membranen f\u00fcr die <strong>Winddichtung von au\u00dfen<\/strong> sowie smarten <strong>Detaill\u00f6sungen<\/strong>, die eine nachhaltige und sichere Bauweise erm\u00f6glichen. Besonders im Fokus stand auch das <strong>System AEROSANA VISCONN<\/strong>, eine <strong>spr\u00fchbare Luftdichtung<\/strong>, die gemeinsam mit dem druckluftbetriebenen AEROFIXX-Tool einfach und effizient in schwer zug\u00e4nglichen Bereichen angewendet werden kann.<\/p>\n\n\n\n<p><\/p>\n\n\n\n<figure class=\"wp-block-image size-large\"><a href=\"https:\/\/blog.proclima.com\/de\/files\/2026\/03\/msz_dach_und_holz_2026_-1471-scaled.jpg\"><img loading=\"lazy\" decoding=\"async\" width=\"1024\" height=\"683\" src=\"https:\/\/blog.proclima.com\/de\/files\/2026\/03\/msz_dach_und_holz_2026_-1471-1024x683.jpg\" alt=\"\" class=\"wp-image-11433\" srcset=\"https:\/\/blog.proclima.com\/de\/files\/2026\/03\/msz_dach_und_holz_2026_-1471-1024x683.jpg 1024w, https:\/\/blog.proclima.com\/de\/files\/2026\/03\/msz_dach_und_holz_2026_-1471-300x200.jpg 300w, https:\/\/blog.proclima.com\/de\/files\/2026\/03\/msz_dach_und_holz_2026_-1471-768x512.jpg 768w, https:\/\/blog.proclima.com\/de\/files\/2026\/03\/msz_dach_und_holz_2026_-1471-1536x1024.jpg 1536w, https:\/\/blog.proclima.com\/de\/files\/2026\/03\/msz_dach_und_holz_2026_-1471-2048x1365.jpg 2048w, https:\/\/blog.proclima.com\/de\/files\/2026\/03\/msz_dach_und_holz_2026_-1471-384x256.jpg 384w\" sizes=\"auto, (max-width: 1024px) 100vw, 1024px\" \/><\/a><figcaption class=\"wp-element-caption\"><em>DACH+HOLZ International 2026, K\u00f6ln \u2013 pers\u00f6nliche Beratungsgespr\u00e4che am pro clima Messestand 306, Halle 7.<\/em><\/figcaption><\/figure>\n\n\n\n<p>Die vier Messetage nutzte pro clima als Gelegenheit, den Fachbesuchern sowohl praktische L\u00f6sungen als auch innovative Ans\u00e4tze zur <strong>perfekten Dichtung der Geb\u00e4udeh\u00fclle<\/strong> n\u00e4herzubringen und damit einen wichtigen Beitrag zur nachhaltigen Sanierung zu leisten. Hierzu z\u00e4hlt auch die unmittelbar nach der Fachmesse anstehende, etablierte Schulungsreihe \u201e<strong>Schnittstelle Baustelle 2026<\/strong>\u201c f\u00fcr Fachleute aus Handwerk, Architektur und Planung. Gemeinsam mit namhaften Herstellern aus Industrie und Handwerk schult das Team von \u201eSchnittstelle Baustelle\u201c im M\u00e4rz 2026 zum Thema \u201eSerielle Sanierung\u201c. pro clima ist Mitinitiator dieser Veranstaltungsreihe.<\/p>\n\n\n\n<p><\/p>\n\n\n\n<h2 class=\"wp-block-heading\">Neuheiten von pro clima auf der DACH+HOLZ: Ein Rundgang<\/h2>\n\n\n\n<figure class=\"wp-block-embed is-type-video is-provider-youtube wp-block-embed-youtube wp-embed-aspect-16-9 wp-has-aspect-ratio\"><div class=\"wp-block-embed__wrapper\">\n<iframe loading=\"lazy\"  id=\"_ytid_14403\" width=\"1170\" height=\"658\" src=\"https:\/\/www.youtube-nocookie.com\/embed\/gFDxL6Bqcn8?enablejsapi=1&#038;list=PLu-PcQTh51rvDZBSZTUd0-JZbe-txaxzY&#038;index=7&#038;autoplay=0&#038;cc_load_policy=0&#038;iv_load_policy=1&#038;loop=0&#038;modestbranding=1&#038;rel=0&#038;showinfo=0&#038;fs=1&#038;playsinline=1&#038;controls=2&#038;autohide=2&#038;theme=light&#038;color=red&#038;hl=de_DE&#038;\" class=\"__youtube_prefs__\" title=\"YouTube player\"  allowfullscreen data-no-lazy=\"1\" data-skipgform_ajax_framebjll=\"\"><\/iframe>\n<\/div><\/figure>\n\n\n\n<p>Alle Informationen, auch zur neuen pro clima \u201eMission Sanierung\u201c, auf <a href=\"https:\/\/de.proclima.com\/\">proclima.de<\/a><\/p>\n","protected":false},"excerpt":{"rendered":"<p>K\u00f6ln, Februar 2026 \u2013 Auf der DACH+HOLZ International 2026 setzte pro clima einen klaren Fokus auf das Thema Sanierung \u2013 und das auf eine v\u00f6llig <a href=\"https:\/\/blog.proclima.com\/de\/2026\/03\/dachholz-international-2026-pro-clima-praesentierte-innovatives-feuchtesensorik-system-und-mission-sanierung\/\" rel=\"bookmark\">&#8230;<\/a><\/p>\n","protected":false},"author":42,"featured_media":11431,"comment_status":"open","ping_status":"open","sticky":false,"template":"","format":"standard","meta":{"footnotes":""},"categories":[1],"tags":[],"class_list":["post-11429","post","type-post","status-publish","format-standard","has-post-thumbnail","hentry","category-proclima"],"yoast_head":"<!-- This site is optimized with the Yoast SEO plugin v27.5 - https:\/\/yoast.com\/product\/yoast-seo-wordpress\/ -->\n<title>DACH+HOLZ International 2026: pro clima pr\u00e4sentierte innovatives Feuchtesensorik-System und \u201eMission Sanierung\u201c &#187; pro clima Blog - Deutschland<\/title>\n<meta name=\"description\" content=\"Auf der DACH+HOLZ International 2026 in K\u00f6ln setzte pro clima einen klaren Fokus auf das Thema Sanierung \u2013 und das auf eine v\u00f6llig neue, spielerische Weise. Unter dem Motto \u201eMission: Sanierung\u201c pr\u00e4sentierte das Unternehmen in Halle sieben eine gro\u00dffl\u00e4chige, gaming-inspirierte Mission, die die Aufmerksamkeit der Messebesucher auf sich zog. Ziel war es, das komplexe Thema Sanierung f\u00fcr Verarbeiter, Architekten und Planer auf einfache und verst\u00e4ndliche Weise zug\u00e4nglich zu machen.\" \/>\n<meta name=\"robots\" content=\"index, follow, max-snippet:-1, max-image-preview:large, max-video-preview:-1\" \/>\n<link rel=\"canonical\" href=\"https:\/\/blog.proclima.com\/de\/2026\/03\/dachholz-international-2026-pro-clima-praesentierte-innovatives-feuchtesensorik-system-und-mission-sanierung\/\" \/>\n<meta property=\"og:locale\" content=\"de_DE\" \/>\n<meta property=\"og:type\" content=\"article\" \/>\n<meta property=\"og:title\" content=\"DACH+HOLZ International 2026: pro clima pr\u00e4sentierte innovatives Feuchtesensorik-System und \u201eMission Sanierung\u201c &#187; pro clima Blog - Deutschland\" \/>\n<meta property=\"og:description\" content=\"Auf der DACH+HOLZ International 2026 in K\u00f6ln setzte pro clima einen klaren Fokus auf das Thema Sanierung \u2013 und das auf eine v\u00f6llig neue, spielerische Weise. Unter dem Motto \u201eMission: Sanierung\u201c pr\u00e4sentierte das Unternehmen in Halle sieben eine gro\u00dffl\u00e4chige, gaming-inspirierte Mission, die die Aufmerksamkeit der Messebesucher auf sich zog. Ziel war es, das komplexe Thema Sanierung f\u00fcr Verarbeiter, Architekten und Planer auf einfache und verst\u00e4ndliche Weise zug\u00e4nglich zu machen.\" \/>\n<meta property=\"og:url\" content=\"https:\/\/blog.proclima.com\/de\/2026\/03\/dachholz-international-2026-pro-clima-praesentierte-innovatives-feuchtesensorik-system-und-mission-sanierung\/\" \/>\n<meta property=\"og:site_name\" content=\"pro clima Blog - Deutschland\" \/>\n<meta property=\"article:publisher\" content=\"https:\/\/www.facebook.com\/proclima\" \/>\n<meta property=\"article:published_time\" content=\"2026-03-09T10:14:10+00:00\" \/>\n<meta property=\"article:modified_time\" content=\"2026-03-27T06:20:16+00:00\" \/>\n<meta property=\"og:image\" content=\"https:\/\/blog.proclima.com\/de\/files\/2026\/03\/msz_dach_und_holz_2026_-221-1024x683.jpg\" \/>\n\t<meta property=\"og:image:width\" content=\"1024\" \/>\n\t<meta property=\"og:image:height\" content=\"683\" \/>\n\t<meta property=\"og:image:type\" content=\"image\/jpeg\" \/>\n<meta name=\"author\" content=\"favaro\" \/>\n<meta name=\"twitter:card\" content=\"summary_large_image\" \/>\n<meta name=\"twitter:creator\" content=\"@proclimaDE\" \/>\n<meta name=\"twitter:site\" content=\"@proclimaDE\" \/>\n<meta name=\"twitter:label1\" content=\"Verfasst von\" \/>\n\t<meta name=\"twitter:data1\" content=\"favaro\" \/>\n\t<meta name=\"twitter:label2\" content=\"Gesch\u00e4tzte Lesezeit\" \/>\n\t<meta name=\"twitter:data2\" content=\"3\u00a0Minuten\" \/>\n<script type=\"application\/ld+json\" class=\"yoast-schema-graph\">{\"@context\":\"https:\\\/\\\/schema.org\",\"@graph\":[{\"@type\":\"Article\",\"@id\":\"https:\\\/\\\/blog.proclima.com\\\/de\\\/2026\\\/03\\\/dachholz-international-2026-pro-clima-praesentierte-innovatives-feuchtesensorik-system-und-mission-sanierung\\\/#article\",\"isPartOf\":{\"@id\":\"https:\\\/\\\/blog.proclima.com\\\/de\\\/2026\\\/03\\\/dachholz-international-2026-pro-clima-praesentierte-innovatives-feuchtesensorik-system-und-mission-sanierung\\\/\"},\"author\":{\"name\":\"favaro\",\"@id\":\"https:\\\/\\\/blog.proclima.com\\\/de\\\/#\\\/schema\\\/person\\\/d23c868de01f7719b81c5c18d5ee617e\"},\"headline\":\"DACH+HOLZ International 2026: pro clima pr\u00e4sentierte innovatives Feuchtesensorik-System und \u201eMission Sanierung\u201c\",\"datePublished\":\"2026-03-09T10:14:10+00:00\",\"dateModified\":\"2026-03-27T06:20:16+00:00\",\"mainEntityOfPage\":{\"@id\":\"https:\\\/\\\/blog.proclima.com\\\/de\\\/2026\\\/03\\\/dachholz-international-2026-pro-clima-praesentierte-innovatives-feuchtesensorik-system-und-mission-sanierung\\\/\"},\"wordCount\":402,\"commentCount\":0,\"publisher\":{\"@id\":\"https:\\\/\\\/blog.proclima.com\\\/de\\\/#organization\"},\"image\":{\"@id\":\"https:\\\/\\\/blog.proclima.com\\\/de\\\/2026\\\/03\\\/dachholz-international-2026-pro-clima-praesentierte-innovatives-feuchtesensorik-system-und-mission-sanierung\\\/#primaryimage\"},\"thumbnailUrl\":\"https:\\\/\\\/blog.proclima.com\\\/de\\\/files\\\/2026\\\/03\\\/msz_dach_und_holz_2026_-221.jpg\",\"articleSection\":[\"pro clima\"],\"inLanguage\":\"de\",\"potentialAction\":[{\"@type\":\"CommentAction\",\"name\":\"Comment\",\"target\":[\"https:\\\/\\\/blog.proclima.com\\\/de\\\/2026\\\/03\\\/dachholz-international-2026-pro-clima-praesentierte-innovatives-feuchtesensorik-system-und-mission-sanierung\\\/#respond\"]}]},{\"@type\":\"WebPage\",\"@id\":\"https:\\\/\\\/blog.proclima.com\\\/de\\\/2026\\\/03\\\/dachholz-international-2026-pro-clima-praesentierte-innovatives-feuchtesensorik-system-und-mission-sanierung\\\/\",\"url\":\"https:\\\/\\\/blog.proclima.com\\\/de\\\/2026\\\/03\\\/dachholz-international-2026-pro-clima-praesentierte-innovatives-feuchtesensorik-system-und-mission-sanierung\\\/\",\"name\":\"DACH+HOLZ International 2026: pro clima pr\u00e4sentierte innovatives Feuchtesensorik-System und \u201eMission Sanierung\u201c &#187; pro clima Blog - Deutschland\",\"isPartOf\":{\"@id\":\"https:\\\/\\\/blog.proclima.com\\\/de\\\/#website\"},\"primaryImageOfPage\":{\"@id\":\"https:\\\/\\\/blog.proclima.com\\\/de\\\/2026\\\/03\\\/dachholz-international-2026-pro-clima-praesentierte-innovatives-feuchtesensorik-system-und-mission-sanierung\\\/#primaryimage\"},\"image\":{\"@id\":\"https:\\\/\\\/blog.proclima.com\\\/de\\\/2026\\\/03\\\/dachholz-international-2026-pro-clima-praesentierte-innovatives-feuchtesensorik-system-und-mission-sanierung\\\/#primaryimage\"},\"thumbnailUrl\":\"https:\\\/\\\/blog.proclima.com\\\/de\\\/files\\\/2026\\\/03\\\/msz_dach_und_holz_2026_-221.jpg\",\"datePublished\":\"2026-03-09T10:14:10+00:00\",\"dateModified\":\"2026-03-27T06:20:16+00:00\",\"description\":\"Auf der DACH+HOLZ International 2026 in K\u00f6ln setzte pro clima einen klaren Fokus auf das Thema Sanierung \u2013 und das auf eine v\u00f6llig neue, spielerische Weise. Unter dem Motto \u201eMission: Sanierung\u201c pr\u00e4sentierte das Unternehmen in Halle sieben eine gro\u00dffl\u00e4chige, gaming-inspirierte Mission, die die Aufmerksamkeit der Messebesucher auf sich zog. Ziel war es, das komplexe Thema Sanierung f\u00fcr Verarbeiter, Architekten und Planer auf einfache und verst\u00e4ndliche Weise zug\u00e4nglich zu machen.\",\"breadcrumb\":{\"@id\":\"https:\\\/\\\/blog.proclima.com\\\/de\\\/2026\\\/03\\\/dachholz-international-2026-pro-clima-praesentierte-innovatives-feuchtesensorik-system-und-mission-sanierung\\\/#breadcrumb\"},\"inLanguage\":\"de\",\"potentialAction\":[{\"@type\":\"ReadAction\",\"target\":[\"https:\\\/\\\/blog.proclima.com\\\/de\\\/2026\\\/03\\\/dachholz-international-2026-pro-clima-praesentierte-innovatives-feuchtesensorik-system-und-mission-sanierung\\\/\"]}]},{\"@type\":\"ImageObject\",\"inLanguage\":\"de\",\"@id\":\"https:\\\/\\\/blog.proclima.com\\\/de\\\/2026\\\/03\\\/dachholz-international-2026-pro-clima-praesentierte-innovatives-feuchtesensorik-system-und-mission-sanierung\\\/#primaryimage\",\"url\":\"https:\\\/\\\/blog.proclima.com\\\/de\\\/files\\\/2026\\\/03\\\/msz_dach_und_holz_2026_-221.jpg\",\"contentUrl\":\"https:\\\/\\\/blog.proclima.com\\\/de\\\/files\\\/2026\\\/03\\\/msz_dach_und_holz_2026_-221.jpg\",\"width\":7906,\"height\":5271,\"caption\":\"Dach &amp; Holz K\u00f6ln 2026\"},{\"@type\":\"BreadcrumbList\",\"@id\":\"https:\\\/\\\/blog.proclima.com\\\/de\\\/2026\\\/03\\\/dachholz-international-2026-pro-clima-praesentierte-innovatives-feuchtesensorik-system-und-mission-sanierung\\\/#breadcrumb\",\"itemListElement\":[{\"@type\":\"ListItem\",\"position\":1,\"name\":\"Startseite\",\"item\":\"https:\\\/\\\/blog.proclima.com\\\/de\\\/\"},{\"@type\":\"ListItem\",\"position\":2,\"name\":\"DACH+HOLZ International 2026: pro clima pr\u00e4sentierte innovatives Feuchtesensorik-System und \u201eMission Sanierung\u201c\"}]},{\"@type\":\"WebSite\",\"@id\":\"https:\\\/\\\/blog.proclima.com\\\/de\\\/#website\",\"url\":\"https:\\\/\\\/blog.proclima.com\\\/de\\\/\",\"name\":\"pro clima Blog - Deutschland\",\"description\":\"alles was pro clima bewegt\",\"publisher\":{\"@id\":\"https:\\\/\\\/blog.proclima.com\\\/de\\\/#organization\"},\"potentialAction\":[{\"@type\":\"SearchAction\",\"target\":{\"@type\":\"EntryPoint\",\"urlTemplate\":\"https:\\\/\\\/blog.proclima.com\\\/de\\\/?s={search_term_string}\"},\"query-input\":{\"@type\":\"PropertyValueSpecification\",\"valueRequired\":true,\"valueName\":\"search_term_string\"}}],\"inLanguage\":\"de\"},{\"@type\":\"Organization\",\"@id\":\"https:\\\/\\\/blog.proclima.com\\\/de\\\/#organization\",\"name\":\"pro clima - Moll bau\u00f6kologische Produkte GmbH\",\"url\":\"https:\\\/\\\/blog.proclima.com\\\/de\\\/\",\"logo\":{\"@type\":\"ImageObject\",\"inLanguage\":\"de\",\"@id\":\"https:\\\/\\\/blog.proclima.com\\\/de\\\/#\\\/schema\\\/logo\\\/image\\\/\",\"url\":\"https:\\\/\\\/blog.proclima.com\\\/de\\\/files\\\/2020\\\/04\\\/Logo-pro-clima.png\",\"contentUrl\":\"https:\\\/\\\/blog.proclima.com\\\/de\\\/files\\\/2020\\\/04\\\/Logo-pro-clima.png\",\"width\":4210,\"height\":4881,\"caption\":\"pro clima - Moll bau\u00f6kologische Produkte GmbH\"},\"image\":{\"@id\":\"https:\\\/\\\/blog.proclima.com\\\/de\\\/#\\\/schema\\\/logo\\\/image\\\/\"},\"sameAs\":[\"https:\\\/\\\/www.facebook.com\\\/proclima\",\"https:\\\/\\\/x.com\\\/proclimaDE\"]},{\"@type\":\"Person\",\"@id\":\"https:\\\/\\\/blog.proclima.com\\\/de\\\/#\\\/schema\\\/person\\\/d23c868de01f7719b81c5c18d5ee617e\",\"name\":\"favaro\",\"url\":\"https:\\\/\\\/blog.proclima.com\\\/de\\\/author\\\/favaro\\\/\"}]}<\/script>\n<!-- \/ Yoast SEO plugin. -->","yoast_head_json":{"title":"DACH+HOLZ International 2026: pro clima pr\u00e4sentierte innovatives Feuchtesensorik-System und \u201eMission Sanierung\u201c &#187; pro clima Blog - Deutschland","description":"Auf der DACH+HOLZ International 2026 in K\u00f6ln setzte pro clima einen klaren Fokus auf das Thema Sanierung \u2013 und das auf eine v\u00f6llig neue, spielerische Weise. Unter dem Motto \u201eMission: Sanierung\u201c pr\u00e4sentierte das Unternehmen in Halle sieben eine gro\u00dffl\u00e4chige, gaming-inspirierte Mission, die die Aufmerksamkeit der Messebesucher auf sich zog. Ziel war es, das komplexe Thema Sanierung f\u00fcr Verarbeiter, Architekten und Planer auf einfache und verst\u00e4ndliche Weise zug\u00e4nglich zu machen.","robots":{"index":"index","follow":"follow","max-snippet":"max-snippet:-1","max-image-preview":"max-image-preview:large","max-video-preview":"max-video-preview:-1"},"canonical":"https:\/\/blog.proclima.com\/de\/2026\/03\/dachholz-international-2026-pro-clima-praesentierte-innovatives-feuchtesensorik-system-und-mission-sanierung\/","og_locale":"de_DE","og_type":"article","og_title":"DACH+HOLZ International 2026: pro clima pr\u00e4sentierte innovatives Feuchtesensorik-System und \u201eMission Sanierung\u201c &#187; pro clima Blog - Deutschland","og_description":"Auf der DACH+HOLZ International 2026 in K\u00f6ln setzte pro clima einen klaren Fokus auf das Thema Sanierung \u2013 und das auf eine v\u00f6llig neue, spielerische Weise. Unter dem Motto \u201eMission: Sanierung\u201c pr\u00e4sentierte das Unternehmen in Halle sieben eine gro\u00dffl\u00e4chige, gaming-inspirierte Mission, die die Aufmerksamkeit der Messebesucher auf sich zog. Ziel war es, das komplexe Thema Sanierung f\u00fcr Verarbeiter, Architekten und Planer auf einfache und verst\u00e4ndliche Weise zug\u00e4nglich zu machen.","og_url":"https:\/\/blog.proclima.com\/de\/2026\/03\/dachholz-international-2026-pro-clima-praesentierte-innovatives-feuchtesensorik-system-und-mission-sanierung\/","og_site_name":"pro clima Blog - Deutschland","article_publisher":"https:\/\/www.facebook.com\/proclima","article_published_time":"2026-03-09T10:14:10+00:00","article_modified_time":"2026-03-27T06:20:16+00:00","og_image":[{"width":1024,"height":683,"url":"https:\/\/blog.proclima.com\/de\/files\/2026\/03\/msz_dach_und_holz_2026_-221-1024x683.jpg","type":"image\/jpeg"}],"author":"favaro","twitter_card":"summary_large_image","twitter_creator":"@proclimaDE","twitter_site":"@proclimaDE","twitter_misc":{"Verfasst von":"favaro","Gesch\u00e4tzte Lesezeit":"3\u00a0Minuten"},"schema":{"@context":"https:\/\/schema.org","@graph":[{"@type":"Article","@id":"https:\/\/blog.proclima.com\/de\/2026\/03\/dachholz-international-2026-pro-clima-praesentierte-innovatives-feuchtesensorik-system-und-mission-sanierung\/#article","isPartOf":{"@id":"https:\/\/blog.proclima.com\/de\/2026\/03\/dachholz-international-2026-pro-clima-praesentierte-innovatives-feuchtesensorik-system-und-mission-sanierung\/"},"author":{"name":"favaro","@id":"https:\/\/blog.proclima.com\/de\/#\/schema\/person\/d23c868de01f7719b81c5c18d5ee617e"},"headline":"DACH+HOLZ International 2026: pro clima pr\u00e4sentierte innovatives Feuchtesensorik-System und \u201eMission Sanierung\u201c","datePublished":"2026-03-09T10:14:10+00:00","dateModified":"2026-03-27T06:20:16+00:00","mainEntityOfPage":{"@id":"https:\/\/blog.proclima.com\/de\/2026\/03\/dachholz-international-2026-pro-clima-praesentierte-innovatives-feuchtesensorik-system-und-mission-sanierung\/"},"wordCount":402,"commentCount":0,"publisher":{"@id":"https:\/\/blog.proclima.com\/de\/#organization"},"image":{"@id":"https:\/\/blog.proclima.com\/de\/2026\/03\/dachholz-international-2026-pro-clima-praesentierte-innovatives-feuchtesensorik-system-und-mission-sanierung\/#primaryimage"},"thumbnailUrl":"https:\/\/blog.proclima.com\/de\/files\/2026\/03\/msz_dach_und_holz_2026_-221.jpg","articleSection":["pro clima"],"inLanguage":"de","potentialAction":[{"@type":"CommentAction","name":"Comment","target":["https:\/\/blog.proclima.com\/de\/2026\/03\/dachholz-international-2026-pro-clima-praesentierte-innovatives-feuchtesensorik-system-und-mission-sanierung\/#respond"]}]},{"@type":"WebPage","@id":"https:\/\/blog.proclima.com\/de\/2026\/03\/dachholz-international-2026-pro-clima-praesentierte-innovatives-feuchtesensorik-system-und-mission-sanierung\/","url":"https:\/\/blog.proclima.com\/de\/2026\/03\/dachholz-international-2026-pro-clima-praesentierte-innovatives-feuchtesensorik-system-und-mission-sanierung\/","name":"DACH+HOLZ International 2026: pro clima pr\u00e4sentierte innovatives Feuchtesensorik-System und \u201eMission Sanierung\u201c &#187; pro clima Blog - Deutschland","isPartOf":{"@id":"https:\/\/blog.proclima.com\/de\/#website"},"primaryImageOfPage":{"@id":"https:\/\/blog.proclima.com\/de\/2026\/03\/dachholz-international-2026-pro-clima-praesentierte-innovatives-feuchtesensorik-system-und-mission-sanierung\/#primaryimage"},"image":{"@id":"https:\/\/blog.proclima.com\/de\/2026\/03\/dachholz-international-2026-pro-clima-praesentierte-innovatives-feuchtesensorik-system-und-mission-sanierung\/#primaryimage"},"thumbnailUrl":"https:\/\/blog.proclima.com\/de\/files\/2026\/03\/msz_dach_und_holz_2026_-221.jpg","datePublished":"2026-03-09T10:14:10+00:00","dateModified":"2026-03-27T06:20:16+00:00","description":"Auf der DACH+HOLZ International 2026 in K\u00f6ln setzte pro clima einen klaren Fokus auf das Thema Sanierung \u2013 und das auf eine v\u00f6llig neue, spielerische Weise. Unter dem Motto \u201eMission: Sanierung\u201c pr\u00e4sentierte das Unternehmen in Halle sieben eine gro\u00dffl\u00e4chige, gaming-inspirierte Mission, die die Aufmerksamkeit der Messebesucher auf sich zog. Ziel war es, das komplexe Thema Sanierung f\u00fcr Verarbeiter, Architekten und Planer auf einfache und verst\u00e4ndliche Weise zug\u00e4nglich zu machen.","breadcrumb":{"@id":"https:\/\/blog.proclima.com\/de\/2026\/03\/dachholz-international-2026-pro-clima-praesentierte-innovatives-feuchtesensorik-system-und-mission-sanierung\/#breadcrumb"},"inLanguage":"de","potentialAction":[{"@type":"ReadAction","target":["https:\/\/blog.proclima.com\/de\/2026\/03\/dachholz-international-2026-pro-clima-praesentierte-innovatives-feuchtesensorik-system-und-mission-sanierung\/"]}]},{"@type":"ImageObject","inLanguage":"de","@id":"https:\/\/blog.proclima.com\/de\/2026\/03\/dachholz-international-2026-pro-clima-praesentierte-innovatives-feuchtesensorik-system-und-mission-sanierung\/#primaryimage","url":"https:\/\/blog.proclima.com\/de\/files\/2026\/03\/msz_dach_und_holz_2026_-221.jpg","contentUrl":"https:\/\/blog.proclima.com\/de\/files\/2026\/03\/msz_dach_und_holz_2026_-221.jpg","width":7906,"height":5271,"caption":"Dach &amp; Holz K\u00f6ln 2026"},{"@type":"BreadcrumbList","@id":"https:\/\/blog.proclima.com\/de\/2026\/03\/dachholz-international-2026-pro-clima-praesentierte-innovatives-feuchtesensorik-system-und-mission-sanierung\/#breadcrumb","itemListElement":[{"@type":"ListItem","position":1,"name":"Startseite","item":"https:\/\/blog.proclima.com\/de\/"},{"@type":"ListItem","position":2,"name":"DACH+HOLZ International 2026: pro clima pr\u00e4sentierte innovatives Feuchtesensorik-System und \u201eMission Sanierung\u201c"}]},{"@type":"WebSite","@id":"https:\/\/blog.proclima.com\/de\/#website","url":"https:\/\/blog.proclima.com\/de\/","name":"pro clima Blog - Deutschland","description":"alles was pro clima bewegt","publisher":{"@id":"https:\/\/blog.proclima.com\/de\/#organization"},"potentialAction":[{"@type":"SearchAction","target":{"@type":"EntryPoint","urlTemplate":"https:\/\/blog.proclima.com\/de\/?s={search_term_string}"},"query-input":{"@type":"PropertyValueSpecification","valueRequired":true,"valueName":"search_term_string"}}],"inLanguage":"de"},{"@type":"Organization","@id":"https:\/\/blog.proclima.com\/de\/#organization","name":"pro clima - Moll bau\u00f6kologische Produkte GmbH","url":"https:\/\/blog.proclima.com\/de\/","logo":{"@type":"ImageObject","inLanguage":"de","@id":"https:\/\/blog.proclima.com\/de\/#\/schema\/logo\/image\/","url":"https:\/\/blog.proclima.com\/de\/files\/2020\/04\/Logo-pro-clima.png","contentUrl":"https:\/\/blog.proclima.com\/de\/files\/2020\/04\/Logo-pro-clima.png","width":4210,"height":4881,"caption":"pro clima - Moll bau\u00f6kologische Produkte GmbH"},"image":{"@id":"https:\/\/blog.proclima.com\/de\/#\/schema\/logo\/image\/"},"sameAs":["https:\/\/www.facebook.com\/proclima","https:\/\/x.com\/proclimaDE"]},{"@type":"Person","@id":"https:\/\/blog.proclima.com\/de\/#\/schema\/person\/d23c868de01f7719b81c5c18d5ee617e","name":"favaro","url":"https:\/\/blog.proclima.com\/de\/author\/favaro\/"}]}},"canto_acf_fields":"","_links":{"self":[{"href":"https:\/\/blog.proclima.com\/de\/wp-json\/wp\/v2\/posts\/11429","targetHints":{"allow":["GET"]}}],"collection":[{"href":"https:\/\/blog.proclima.com\/de\/wp-json\/wp\/v2\/posts"}],"about":[{"href":"https:\/\/blog.proclima.com\/de\/wp-json\/wp\/v2\/types\/post"}],"author":[{"embeddable":true,"href":"https:\/\/blog.proclima.com\/de\/wp-json\/wp\/v2\/users\/42"}],"replies":[{"embeddable":true,"href":"https:\/\/blog.proclima.com\/de\/wp-json\/wp\/v2\/comments?post=11429"}],"version-history":[{"count":7,"href":"https:\/\/blog.proclima.com\/de\/wp-json\/wp\/v2\/posts\/11429\/revisions"}],"predecessor-version":[{"id":11442,"href":"https:\/\/blog.proclima.com\/de\/wp-json\/wp\/v2\/posts\/11429\/revisions\/11442"}],"wp:featuredmedia":[{"embeddable":true,"href":"https:\/\/blog.proclima.com\/de\/wp-json\/wp\/v2\/media\/11431"}],"wp:attachment":[{"href":"https:\/\/blog.proclima.com\/de\/wp-json\/wp\/v2\/media?parent=11429"}],"wp:term":[{"taxonomy":"category","embeddable":true,"href":"https:\/\/blog.proclima.com\/de\/wp-json\/wp\/v2\/categories?post=11429"},{"taxonomy":"post_tag","embeddable":true,"href":"https:\/\/blog.proclima.com\/de\/wp-json\/wp\/v2\/tags?post=11429"}],"curies":[{"name":"wp","href":"https:\/\/api.w.org\/{rel}","templated":true}]}}