
{"id":11379,"date":"2025-12-18T09:20:11","date_gmt":"2025-12-18T08:20:11","guid":{"rendered":"https:\/\/blog.proclima.com\/de\/?p=11379"},"modified":"2025-12-19T10:13:45","modified_gmt":"2025-12-19T09:13:45","slug":"messe-dachholz-2026-pro-clima-ist-wieder-dabei","status":"publish","type":"post","link":"https:\/\/blog.proclima.com\/de\/2025\/12\/messe-dachholz-2026-pro-clima-ist-wieder-dabei\/","title":{"rendered":"Messe DACH+HOLZ International 2026: Verl\u00e4sslichkeit trifft Praxisn\u00e4he &#8211; Luft- und Winddichtungssystemen von pro clima"},"content":{"rendered":"\n<h3 class=\"wp-block-heading\"><strong>Vom 24.\u201327. Februar 2026 stellt pro clima auf der DACH+HOLZ International in K\u00f6ln praxisnahe L\u00f6sungen f\u00fcr die sichere Luft- und Winddichtung von Dach und Fassade vor. Besucher finden uns in Halle 7 Stand 306.<\/strong><\/h3>\n\n\n\n<p><strong>So bleibt das gut<\/strong><\/p>\n\n\n\n<p>Unter dem Motto \u201eAu\u00dfen mit pro clima\u201c zeigt pro clima als Spezialist f\u00fcr Luft- und Winddichtungen sein Know-how f\u00fcr das Dachhandwerk: High-End Membranen f\u00fcr D\u00e4cher und Fassaden, die die Geb\u00e4udeh\u00fclle \u00fcber Jahrzehnte zuverl\u00e4ssig vor Wind und Wetter sch\u00fctzen.<\/p>\n\n\n\n<p><strong>Witterungsschutz neu gedacht<\/strong><\/p>\n\n\n\n<p>Die Produktlinie SOLITEX ADHERO bietet gezielten Bauzeitenschutz im Holzbau. Sie umfasst die Produkte SOLITEX ADHERO 3000, SOLITEX ADHERO VISTO und SOLITEX ADHERO SENSIS. Die Varianten bieten unterschiedliche Eigenschaften \u2013  besonders lange Freibewitterungszeit, Transparenz oder intelligente Feuchtesensorik \u2013 und kombinieren einfache Verarbeitung sowie vollf\u00e4chige Klebekraft mit gepr\u00fcfter Sicherheit.<\/p>\n\n\n\n<p><strong>Live-Demonstrationen am <\/strong><strong>Stand<\/strong><\/p>\n\n\n\n<p>Besucher k\u00f6nnen die spr\u00fchbare Luftdichtung AEROSANA VISCONN live erleben. Das Technikteam von pro clima zeigt das Auftragen vor Ort und gibt hilfreiche Tipps f\u00fcr den praktischen Einsatz.<\/p>\n\n\n\n<p><strong>Nachhaltige Sanierung bestehender Geb\u00e4ude<\/strong><\/p>\n\n\n\n<p>Ein weiterer Fokus liegt auf der energetischen Sanierung. pro clima zeigt, wie abgestimmte Luft- und Winddichtungssysteme Bestandsgeb\u00e4ude wirtschaftlich auf moderne Effizienzstandards bringen.<\/p>\n\n\n\n<h4 class=\"wp-block-heading\"><strong>\u00dcber pro clima<\/strong><\/h4>\n\n\n\n<p>Seit \u00fcber 30 Jahren entwickelt pro clima L\u00f6sungen zur sicheren Dichtung der Geb\u00e4udeh\u00fclle. Das Team aus Holzbautechnik, Architektur und Handwerk steht auf der Messe f\u00fcr Fragen rund um Planung, Ausf\u00fchrung und Systeml\u00f6sungen bereit.<\/p>\n\n\n\n<p><strong>pro clima \u2013 Sichere L\u00f6sungen f\u00fcr die Dichtung der Geb\u00e4udeh\u00fclle<\/strong><br><strong>Messe DACH+HOLZ K\u00f6ln, 24.\u201327. Februar 2026, Halle 7 Stand 306<\/strong><\/p>\n\n\n\n<div style=\"height:100px\" aria-hidden=\"true\" class=\"wp-block-spacer\"><\/div>\n\n\n\n<figure class=\"wp-block-image size-large\"><a href=\"https:\/\/blog.proclima.com\/de\/files\/2025\/12\/Messe_dach_und_holz_2024_117-scaled.jpg\"><img loading=\"lazy\" decoding=\"async\" width=\"1024\" height=\"683\" src=\"https:\/\/blog.proclima.com\/de\/files\/2025\/12\/Messe_dach_und_holz_2024_117-1024x683.jpg\" alt=\"\" class=\"wp-image-11382\" srcset=\"https:\/\/blog.proclima.com\/de\/files\/2025\/12\/Messe_dach_und_holz_2024_117-1024x683.jpg 1024w, https:\/\/blog.proclima.com\/de\/files\/2025\/12\/Messe_dach_und_holz_2024_117-300x200.jpg 300w, https:\/\/blog.proclima.com\/de\/files\/2025\/12\/Messe_dach_und_holz_2024_117-768x513.jpg 768w, https:\/\/blog.proclima.com\/de\/files\/2025\/12\/Messe_dach_und_holz_2024_117-1536x1025.jpg 1536w, https:\/\/blog.proclima.com\/de\/files\/2025\/12\/Messe_dach_und_holz_2024_117-2048x1367.jpg 2048w, https:\/\/blog.proclima.com\/de\/files\/2025\/12\/Messe_dach_und_holz_2024_117-384x256.jpg 384w\" sizes=\"auto, (max-width: 1024px) 100vw, 1024px\" \/><\/a><figcaption class=\"wp-element-caption\"><br><em>Abb 1: Stimmungsvoll und traditionsbewusst: Der Zimmererklatsch auf der DACH+HOLZ z\u00e4hlt jedes Jahr zu den beliebtesten Programmpunkten der Messe. Abb: pro clima (2025)<\/em><\/figcaption><\/figure>\n\n\n\n<figure class=\"wp-block-gallery has-nested-images columns-default is-cropped wp-block-gallery-1 is-layout-flex wp-block-gallery-is-layout-flex\">\n<figure class=\"wp-block-image size-large\"><a href=\"https:\/\/blog.proclima.com\/de\/files\/2025\/12\/Messe_dach_und_holz_2024_132-scaled.jpg\"><img loading=\"lazy\" decoding=\"async\" width=\"1024\" height=\"683\" data-id=\"11380\" src=\"https:\/\/blog.proclima.com\/de\/files\/2025\/12\/Messe_dach_und_holz_2024_132-1024x683.jpg\" alt=\"\" class=\"wp-image-11380\" srcset=\"https:\/\/blog.proclima.com\/de\/files\/2025\/12\/Messe_dach_und_holz_2024_132-1024x683.jpg 1024w, https:\/\/blog.proclima.com\/de\/files\/2025\/12\/Messe_dach_und_holz_2024_132-300x200.jpg 300w, https:\/\/blog.proclima.com\/de\/files\/2025\/12\/Messe_dach_und_holz_2024_132-768x513.jpg 768w, https:\/\/blog.proclima.com\/de\/files\/2025\/12\/Messe_dach_und_holz_2024_132-1536x1025.jpg 1536w, https:\/\/blog.proclima.com\/de\/files\/2025\/12\/Messe_dach_und_holz_2024_132-2048x1367.jpg 2048w, https:\/\/blog.proclima.com\/de\/files\/2025\/12\/Messe_dach_und_holz_2024_132-384x256.jpg 384w\" sizes=\"auto, (max-width: 1024px) 100vw, 1024px\" \/><\/a><figcaption class=\"wp-element-caption\">Abb 2<\/figcaption><\/figure>\n\n\n\n<figure class=\"wp-block-image size-large\"><a href=\"https:\/\/blog.proclima.com\/de\/files\/2025\/12\/SOLITEX-ADHERO-SENSIS_Schaltprinzip_System-scaled.jpg\"><img loading=\"lazy\" decoding=\"async\" width=\"1024\" height=\"666\" data-id=\"11384\" src=\"https:\/\/blog.proclima.com\/de\/files\/2025\/12\/SOLITEX-ADHERO-SENSIS_Schaltprinzip_System-1024x666.jpg\" alt=\"\" class=\"wp-image-11384\" srcset=\"https:\/\/blog.proclima.com\/de\/files\/2025\/12\/SOLITEX-ADHERO-SENSIS_Schaltprinzip_System-1024x666.jpg 1024w, https:\/\/blog.proclima.com\/de\/files\/2025\/12\/SOLITEX-ADHERO-SENSIS_Schaltprinzip_System-300x195.jpg 300w, https:\/\/blog.proclima.com\/de\/files\/2025\/12\/SOLITEX-ADHERO-SENSIS_Schaltprinzip_System-768x500.jpg 768w, https:\/\/blog.proclima.com\/de\/files\/2025\/12\/SOLITEX-ADHERO-SENSIS_Schaltprinzip_System-1536x999.jpg 1536w, https:\/\/blog.proclima.com\/de\/files\/2025\/12\/SOLITEX-ADHERO-SENSIS_Schaltprinzip_System-2048x1332.jpg 2048w, https:\/\/blog.proclima.com\/de\/files\/2025\/12\/SOLITEX-ADHERO-SENSIS_Schaltprinzip_System-384x250.jpg 384w\" sizes=\"auto, (max-width: 1024px) 100vw, 1024px\" \/><\/a><figcaption class=\"wp-element-caption\">Abb 3<\/figcaption><\/figure>\n<\/figure>\n\n\n\n<p><em>Abb 2: pro clima zeigt auf der DACH+HOLZ 2026 zukunftsweisende L\u00f6sungen f\u00fcr die Baubranche und l\u00e4dt Fachbesucher zum Austausch ein. Bild: pro clima (2025)<\/em><\/p>\n\n\n\n<p><em>Abb 3: Eines der Top-Produkte von pro clima auf der Dach+Holz 2026: SOLITEX ADHERO SENSIS vollfl\u00e4chig klebende Witterungsschutzbahn mit Feuchtesensorik. Bild: pro clima (2025)<\/em><\/p>\n","protected":false},"excerpt":{"rendered":"<p>Vom 24.\u201327. Februar 2026 stellt pro clima auf der DACH+HOLZ International in K\u00f6ln praxisnahe L\u00f6sungen f\u00fcr die sichere Luft- und Winddichtung von Dach und Fassade <a href=\"https:\/\/blog.proclima.com\/de\/2025\/12\/messe-dachholz-2026-pro-clima-ist-wieder-dabei\/\" rel=\"bookmark\">&#8230;<\/a><\/p>\n","protected":false},"author":453,"featured_media":11381,"comment_status":"open","ping_status":"open","sticky":false,"template":"","format":"standard","meta":{"footnotes":""},"categories":[1491,1403,6167,6166,6162,6163,6164,6159,136,1,776,3,52,1402,6254],"tags":[671,319,112,12,1275,34,37,1389],"class_list":["post-11379","post","type-post","status-publish","format-standard","has-post-thumbnail","hentry","category-holzbau","category-luftdichtung","category-lust-auf","category-lust-auf-austausch","category-lust-auf-besser-bauen","category-lust-auf-gemeinschaft","category-lust-auf-machen","category-lust-auf-zukunft","category-pressemitteilung","category-proclima","category-produkte","category-veranstaltung","category-welt-und-gesellschaft","category-winddichtung","category-witterungsschutz","tag-dachholz","tag-luftdichtheit","tag-luftdichtung","tag-messe","tag-messestand","tag-pro-clima","tag-sanierung","tag-veranstaltung"],"yoast_head":"<!-- This site is optimized with the Yoast SEO plugin v27.5 - https:\/\/yoast.com\/product\/yoast-seo-wordpress\/ -->\n<title>Messe DACH+HOLZ International 2026: Verl\u00e4sslichkeit trifft Praxisn\u00e4he - Luft- und Winddichtungssystemen von pro clima &#187; pro clima Blog - Deutschland<\/title>\n<meta name=\"description\" content=\"Vom 24.\u201327. Februar 2026 stellt pro clima auf der DACH+HOLZ International in K\u00f6ln praxisnahe L\u00f6sungen f\u00fcr die sichere Luft- und Winddichtung von Dach und Fassade vor.\" \/>\n<meta name=\"robots\" content=\"index, follow, max-snippet:-1, max-image-preview:large, max-video-preview:-1\" \/>\n<link rel=\"canonical\" href=\"https:\/\/blog.proclima.com\/de\/2025\/12\/messe-dachholz-2026-pro-clima-ist-wieder-dabei\/\" \/>\n<meta property=\"og:locale\" content=\"de_DE\" \/>\n<meta property=\"og:type\" content=\"article\" \/>\n<meta property=\"og:title\" content=\"Messe DACH+HOLZ International 2026: Verl\u00e4sslichkeit trifft Praxisn\u00e4he - Luft- und Winddichtungssystemen von pro clima &#187; pro clima Blog - Deutschland\" \/>\n<meta property=\"og:description\" content=\"Vom 24.\u201327. Februar 2026 stellt pro clima auf der DACH+HOLZ International in K\u00f6ln praxisnahe L\u00f6sungen f\u00fcr die sichere Luft- und Winddichtung von Dach und Fassade vor.\" \/>\n<meta property=\"og:url\" content=\"https:\/\/blog.proclima.com\/de\/2025\/12\/messe-dachholz-2026-pro-clima-ist-wieder-dabei\/\" \/>\n<meta property=\"og:site_name\" content=\"pro clima Blog - Deutschland\" \/>\n<meta property=\"article:publisher\" content=\"https:\/\/www.facebook.com\/proclima\" \/>\n<meta property=\"article:published_time\" content=\"2025-12-18T08:20:11+00:00\" \/>\n<meta property=\"article:modified_time\" content=\"2025-12-19T09:13:45+00:00\" \/>\n<meta property=\"og:image\" content=\"https:\/\/blog.proclima.com\/de\/files\/2025\/12\/Messe_dach_und_holz_2024_110-scaled.jpg\" \/>\n\t<meta property=\"og:image:width\" content=\"2560\" \/>\n\t<meta property=\"og:image:height\" content=\"1709\" \/>\n\t<meta property=\"og:image:type\" content=\"image\/jpeg\" \/>\n<meta name=\"author\" content=\"Friederike Remiorz\" \/>\n<meta name=\"twitter:card\" content=\"summary_large_image\" \/>\n<meta name=\"twitter:creator\" content=\"@proclimaDE\" \/>\n<meta name=\"twitter:site\" content=\"@proclimaDE\" \/>\n<meta name=\"twitter:label1\" content=\"Verfasst von\" \/>\n\t<meta name=\"twitter:data1\" content=\"Friederike Remiorz\" \/>\n\t<meta name=\"twitter:label2\" content=\"Gesch\u00e4tzte Lesezeit\" \/>\n\t<meta name=\"twitter:data2\" content=\"3\u00a0Minuten\" \/>\n<script type=\"application\/ld+json\" class=\"yoast-schema-graph\">{\"@context\":\"https:\\\/\\\/schema.org\",\"@graph\":[{\"@type\":\"Article\",\"@id\":\"https:\\\/\\\/blog.proclima.com\\\/de\\\/2025\\\/12\\\/messe-dachholz-2026-pro-clima-ist-wieder-dabei\\\/#article\",\"isPartOf\":{\"@id\":\"https:\\\/\\\/blog.proclima.com\\\/de\\\/2025\\\/12\\\/messe-dachholz-2026-pro-clima-ist-wieder-dabei\\\/\"},\"author\":{\"name\":\"Friederike Remiorz\",\"@id\":\"https:\\\/\\\/blog.proclima.com\\\/de\\\/#\\\/schema\\\/person\\\/c596ad1307bfc3dc78019a7338a86dc1\"},\"headline\":\"Messe DACH+HOLZ International 2026: Verl\u00e4sslichkeit trifft Praxisn\u00e4he &#8211; Luft- und Winddichtungssystemen von pro clima\",\"datePublished\":\"2025-12-18T08:20:11+00:00\",\"dateModified\":\"2025-12-19T09:13:45+00:00\",\"mainEntityOfPage\":{\"@id\":\"https:\\\/\\\/blog.proclima.com\\\/de\\\/2025\\\/12\\\/messe-dachholz-2026-pro-clima-ist-wieder-dabei\\\/\"},\"wordCount\":346,\"commentCount\":0,\"publisher\":{\"@id\":\"https:\\\/\\\/blog.proclima.com\\\/de\\\/#organization\"},\"image\":{\"@id\":\"https:\\\/\\\/blog.proclima.com\\\/de\\\/2025\\\/12\\\/messe-dachholz-2026-pro-clima-ist-wieder-dabei\\\/#primaryimage\"},\"thumbnailUrl\":\"https:\\\/\\\/blog.proclima.com\\\/de\\\/files\\\/2025\\\/12\\\/Messe_dach_und_holz_2024_110-scaled.jpg\",\"keywords\":[\"Dach+Holz\",\"Luftdichtheit\",\"Luftdichtung\",\"Messe\",\"Messestand\",\"pro clima\",\"Sanierung\",\"Veranstaltung\"],\"articleSection\":[\"Holzbau\",\"Luftdichtung\",\"Lust auf\",\"Lust auf AUSTAUSCH\",\"Lust auf BESSER BAUEN\",\"Lust auf GEMEINSCHAFT\",\"Lust auf MACHEN\",\"Lust auf ZUKUNFT\",\"Pressemitteilungen\",\"pro clima\",\"Produkte\",\"Veranstaltung\",\"Welt und Gesellschaft\",\"Winddichtung\",\"Witterungsschutz\"],\"inLanguage\":\"de\",\"potentialAction\":[{\"@type\":\"CommentAction\",\"name\":\"Comment\",\"target\":[\"https:\\\/\\\/blog.proclima.com\\\/de\\\/2025\\\/12\\\/messe-dachholz-2026-pro-clima-ist-wieder-dabei\\\/#respond\"]}]},{\"@type\":\"WebPage\",\"@id\":\"https:\\\/\\\/blog.proclima.com\\\/de\\\/2025\\\/12\\\/messe-dachholz-2026-pro-clima-ist-wieder-dabei\\\/\",\"url\":\"https:\\\/\\\/blog.proclima.com\\\/de\\\/2025\\\/12\\\/messe-dachholz-2026-pro-clima-ist-wieder-dabei\\\/\",\"name\":\"Messe DACH+HOLZ International 2026: Verl\u00e4sslichkeit trifft Praxisn\u00e4he - Luft- und Winddichtungssystemen von pro clima &#187; pro clima Blog - Deutschland\",\"isPartOf\":{\"@id\":\"https:\\\/\\\/blog.proclima.com\\\/de\\\/#website\"},\"primaryImageOfPage\":{\"@id\":\"https:\\\/\\\/blog.proclima.com\\\/de\\\/2025\\\/12\\\/messe-dachholz-2026-pro-clima-ist-wieder-dabei\\\/#primaryimage\"},\"image\":{\"@id\":\"https:\\\/\\\/blog.proclima.com\\\/de\\\/2025\\\/12\\\/messe-dachholz-2026-pro-clima-ist-wieder-dabei\\\/#primaryimage\"},\"thumbnailUrl\":\"https:\\\/\\\/blog.proclima.com\\\/de\\\/files\\\/2025\\\/12\\\/Messe_dach_und_holz_2024_110-scaled.jpg\",\"datePublished\":\"2025-12-18T08:20:11+00:00\",\"dateModified\":\"2025-12-19T09:13:45+00:00\",\"description\":\"Vom 24.\u201327. Februar 2026 stellt pro clima auf der DACH+HOLZ International in K\u00f6ln praxisnahe L\u00f6sungen f\u00fcr die sichere Luft- und Winddichtung von Dach und Fassade vor.\",\"breadcrumb\":{\"@id\":\"https:\\\/\\\/blog.proclima.com\\\/de\\\/2025\\\/12\\\/messe-dachholz-2026-pro-clima-ist-wieder-dabei\\\/#breadcrumb\"},\"inLanguage\":\"de\",\"potentialAction\":[{\"@type\":\"ReadAction\",\"target\":[\"https:\\\/\\\/blog.proclima.com\\\/de\\\/2025\\\/12\\\/messe-dachholz-2026-pro-clima-ist-wieder-dabei\\\/\"]}]},{\"@type\":\"ImageObject\",\"inLanguage\":\"de\",\"@id\":\"https:\\\/\\\/blog.proclima.com\\\/de\\\/2025\\\/12\\\/messe-dachholz-2026-pro-clima-ist-wieder-dabei\\\/#primaryimage\",\"url\":\"https:\\\/\\\/blog.proclima.com\\\/de\\\/files\\\/2025\\\/12\\\/Messe_dach_und_holz_2024_110-scaled.jpg\",\"contentUrl\":\"https:\\\/\\\/blog.proclima.com\\\/de\\\/files\\\/2025\\\/12\\\/Messe_dach_und_holz_2024_110-scaled.jpg\",\"width\":2560,\"height\":1709,\"caption\":\"pro clima auf der Dach und Holz Messe\"},{\"@type\":\"BreadcrumbList\",\"@id\":\"https:\\\/\\\/blog.proclima.com\\\/de\\\/2025\\\/12\\\/messe-dachholz-2026-pro-clima-ist-wieder-dabei\\\/#breadcrumb\",\"itemListElement\":[{\"@type\":\"ListItem\",\"position\":1,\"name\":\"Startseite\",\"item\":\"https:\\\/\\\/blog.proclima.com\\\/de\\\/\"},{\"@type\":\"ListItem\",\"position\":2,\"name\":\"Messe DACH+HOLZ International 2026: Verl\u00e4sslichkeit trifft Praxisn\u00e4he &#8211; Luft- und Winddichtungssystemen von pro clima\"}]},{\"@type\":\"WebSite\",\"@id\":\"https:\\\/\\\/blog.proclima.com\\\/de\\\/#website\",\"url\":\"https:\\\/\\\/blog.proclima.com\\\/de\\\/\",\"name\":\"pro clima Blog - Deutschland\",\"description\":\"alles was pro clima bewegt\",\"publisher\":{\"@id\":\"https:\\\/\\\/blog.proclima.com\\\/de\\\/#organization\"},\"potentialAction\":[{\"@type\":\"SearchAction\",\"target\":{\"@type\":\"EntryPoint\",\"urlTemplate\":\"https:\\\/\\\/blog.proclima.com\\\/de\\\/?s={search_term_string}\"},\"query-input\":{\"@type\":\"PropertyValueSpecification\",\"valueRequired\":true,\"valueName\":\"search_term_string\"}}],\"inLanguage\":\"de\"},{\"@type\":\"Organization\",\"@id\":\"https:\\\/\\\/blog.proclima.com\\\/de\\\/#organization\",\"name\":\"pro clima - Moll bau\u00f6kologische Produkte GmbH\",\"url\":\"https:\\\/\\\/blog.proclima.com\\\/de\\\/\",\"logo\":{\"@type\":\"ImageObject\",\"inLanguage\":\"de\",\"@id\":\"https:\\\/\\\/blog.proclima.com\\\/de\\\/#\\\/schema\\\/logo\\\/image\\\/\",\"url\":\"https:\\\/\\\/blog.proclima.com\\\/de\\\/files\\\/2020\\\/04\\\/Logo-pro-clima.png\",\"contentUrl\":\"https:\\\/\\\/blog.proclima.com\\\/de\\\/files\\\/2020\\\/04\\\/Logo-pro-clima.png\",\"width\":4210,\"height\":4881,\"caption\":\"pro clima - Moll bau\u00f6kologische Produkte GmbH\"},\"image\":{\"@id\":\"https:\\\/\\\/blog.proclima.com\\\/de\\\/#\\\/schema\\\/logo\\\/image\\\/\"},\"sameAs\":[\"https:\\\/\\\/www.facebook.com\\\/proclima\",\"https:\\\/\\\/x.com\\\/proclimaDE\"]},{\"@type\":\"Person\",\"@id\":\"https:\\\/\\\/blog.proclima.com\\\/de\\\/#\\\/schema\\\/person\\\/c596ad1307bfc3dc78019a7338a86dc1\",\"name\":\"Friederike Remiorz\",\"url\":\"https:\\\/\\\/blog.proclima.com\\\/de\\\/author\\\/remiorz\\\/\"}]}<\/script>\n<!-- \/ Yoast SEO plugin. -->","yoast_head_json":{"title":"Messe DACH+HOLZ International 2026: Verl\u00e4sslichkeit trifft Praxisn\u00e4he - Luft- und Winddichtungssystemen von pro clima &#187; pro clima Blog - Deutschland","description":"Vom 24.\u201327. Februar 2026 stellt pro clima auf der DACH+HOLZ International in K\u00f6ln praxisnahe L\u00f6sungen f\u00fcr die sichere Luft- und Winddichtung von Dach und Fassade vor.","robots":{"index":"index","follow":"follow","max-snippet":"max-snippet:-1","max-image-preview":"max-image-preview:large","max-video-preview":"max-video-preview:-1"},"canonical":"https:\/\/blog.proclima.com\/de\/2025\/12\/messe-dachholz-2026-pro-clima-ist-wieder-dabei\/","og_locale":"de_DE","og_type":"article","og_title":"Messe DACH+HOLZ International 2026: Verl\u00e4sslichkeit trifft Praxisn\u00e4he - Luft- und Winddichtungssystemen von pro clima &#187; pro clima Blog - Deutschland","og_description":"Vom 24.\u201327. Februar 2026 stellt pro clima auf der DACH+HOLZ International in K\u00f6ln praxisnahe L\u00f6sungen f\u00fcr die sichere Luft- und Winddichtung von Dach und Fassade vor.","og_url":"https:\/\/blog.proclima.com\/de\/2025\/12\/messe-dachholz-2026-pro-clima-ist-wieder-dabei\/","og_site_name":"pro clima Blog - Deutschland","article_publisher":"https:\/\/www.facebook.com\/proclima","article_published_time":"2025-12-18T08:20:11+00:00","article_modified_time":"2025-12-19T09:13:45+00:00","og_image":[{"width":2560,"height":1709,"url":"https:\/\/blog.proclima.com\/de\/files\/2025\/12\/Messe_dach_und_holz_2024_110-scaled.jpg","type":"image\/jpeg"}],"author":"Friederike Remiorz","twitter_card":"summary_large_image","twitter_creator":"@proclimaDE","twitter_site":"@proclimaDE","twitter_misc":{"Verfasst von":"Friederike Remiorz","Gesch\u00e4tzte Lesezeit":"3\u00a0Minuten"},"schema":{"@context":"https:\/\/schema.org","@graph":[{"@type":"Article","@id":"https:\/\/blog.proclima.com\/de\/2025\/12\/messe-dachholz-2026-pro-clima-ist-wieder-dabei\/#article","isPartOf":{"@id":"https:\/\/blog.proclima.com\/de\/2025\/12\/messe-dachholz-2026-pro-clima-ist-wieder-dabei\/"},"author":{"name":"Friederike Remiorz","@id":"https:\/\/blog.proclima.com\/de\/#\/schema\/person\/c596ad1307bfc3dc78019a7338a86dc1"},"headline":"Messe DACH+HOLZ International 2026: Verl\u00e4sslichkeit trifft Praxisn\u00e4he &#8211; Luft- und Winddichtungssystemen von pro clima","datePublished":"2025-12-18T08:20:11+00:00","dateModified":"2025-12-19T09:13:45+00:00","mainEntityOfPage":{"@id":"https:\/\/blog.proclima.com\/de\/2025\/12\/messe-dachholz-2026-pro-clima-ist-wieder-dabei\/"},"wordCount":346,"commentCount":0,"publisher":{"@id":"https:\/\/blog.proclima.com\/de\/#organization"},"image":{"@id":"https:\/\/blog.proclima.com\/de\/2025\/12\/messe-dachholz-2026-pro-clima-ist-wieder-dabei\/#primaryimage"},"thumbnailUrl":"https:\/\/blog.proclima.com\/de\/files\/2025\/12\/Messe_dach_und_holz_2024_110-scaled.jpg","keywords":["Dach+Holz","Luftdichtheit","Luftdichtung","Messe","Messestand","pro clima","Sanierung","Veranstaltung"],"articleSection":["Holzbau","Luftdichtung","Lust auf","Lust auf AUSTAUSCH","Lust auf BESSER BAUEN","Lust auf GEMEINSCHAFT","Lust auf MACHEN","Lust auf ZUKUNFT","Pressemitteilungen","pro clima","Produkte","Veranstaltung","Welt und Gesellschaft","Winddichtung","Witterungsschutz"],"inLanguage":"de","potentialAction":[{"@type":"CommentAction","name":"Comment","target":["https:\/\/blog.proclima.com\/de\/2025\/12\/messe-dachholz-2026-pro-clima-ist-wieder-dabei\/#respond"]}]},{"@type":"WebPage","@id":"https:\/\/blog.proclima.com\/de\/2025\/12\/messe-dachholz-2026-pro-clima-ist-wieder-dabei\/","url":"https:\/\/blog.proclima.com\/de\/2025\/12\/messe-dachholz-2026-pro-clima-ist-wieder-dabei\/","name":"Messe DACH+HOLZ International 2026: Verl\u00e4sslichkeit trifft Praxisn\u00e4he - Luft- und Winddichtungssystemen von pro clima &#187; pro clima Blog - Deutschland","isPartOf":{"@id":"https:\/\/blog.proclima.com\/de\/#website"},"primaryImageOfPage":{"@id":"https:\/\/blog.proclima.com\/de\/2025\/12\/messe-dachholz-2026-pro-clima-ist-wieder-dabei\/#primaryimage"},"image":{"@id":"https:\/\/blog.proclima.com\/de\/2025\/12\/messe-dachholz-2026-pro-clima-ist-wieder-dabei\/#primaryimage"},"thumbnailUrl":"https:\/\/blog.proclima.com\/de\/files\/2025\/12\/Messe_dach_und_holz_2024_110-scaled.jpg","datePublished":"2025-12-18T08:20:11+00:00","dateModified":"2025-12-19T09:13:45+00:00","description":"Vom 24.\u201327. Februar 2026 stellt pro clima auf der DACH+HOLZ International in K\u00f6ln praxisnahe L\u00f6sungen f\u00fcr die sichere Luft- und Winddichtung von Dach und Fassade vor.","breadcrumb":{"@id":"https:\/\/blog.proclima.com\/de\/2025\/12\/messe-dachholz-2026-pro-clima-ist-wieder-dabei\/#breadcrumb"},"inLanguage":"de","potentialAction":[{"@type":"ReadAction","target":["https:\/\/blog.proclima.com\/de\/2025\/12\/messe-dachholz-2026-pro-clima-ist-wieder-dabei\/"]}]},{"@type":"ImageObject","inLanguage":"de","@id":"https:\/\/blog.proclima.com\/de\/2025\/12\/messe-dachholz-2026-pro-clima-ist-wieder-dabei\/#primaryimage","url":"https:\/\/blog.proclima.com\/de\/files\/2025\/12\/Messe_dach_und_holz_2024_110-scaled.jpg","contentUrl":"https:\/\/blog.proclima.com\/de\/files\/2025\/12\/Messe_dach_und_holz_2024_110-scaled.jpg","width":2560,"height":1709,"caption":"pro clima auf der Dach und Holz Messe"},{"@type":"BreadcrumbList","@id":"https:\/\/blog.proclima.com\/de\/2025\/12\/messe-dachholz-2026-pro-clima-ist-wieder-dabei\/#breadcrumb","itemListElement":[{"@type":"ListItem","position":1,"name":"Startseite","item":"https:\/\/blog.proclima.com\/de\/"},{"@type":"ListItem","position":2,"name":"Messe DACH+HOLZ International 2026: Verl\u00e4sslichkeit trifft Praxisn\u00e4he &#8211; Luft- und Winddichtungssystemen von pro clima"}]},{"@type":"WebSite","@id":"https:\/\/blog.proclima.com\/de\/#website","url":"https:\/\/blog.proclima.com\/de\/","name":"pro clima Blog - Deutschland","description":"alles was pro clima bewegt","publisher":{"@id":"https:\/\/blog.proclima.com\/de\/#organization"},"potentialAction":[{"@type":"SearchAction","target":{"@type":"EntryPoint","urlTemplate":"https:\/\/blog.proclima.com\/de\/?s={search_term_string}"},"query-input":{"@type":"PropertyValueSpecification","valueRequired":true,"valueName":"search_term_string"}}],"inLanguage":"de"},{"@type":"Organization","@id":"https:\/\/blog.proclima.com\/de\/#organization","name":"pro clima - Moll bau\u00f6kologische Produkte GmbH","url":"https:\/\/blog.proclima.com\/de\/","logo":{"@type":"ImageObject","inLanguage":"de","@id":"https:\/\/blog.proclima.com\/de\/#\/schema\/logo\/image\/","url":"https:\/\/blog.proclima.com\/de\/files\/2020\/04\/Logo-pro-clima.png","contentUrl":"https:\/\/blog.proclima.com\/de\/files\/2020\/04\/Logo-pro-clima.png","width":4210,"height":4881,"caption":"pro clima - Moll bau\u00f6kologische Produkte GmbH"},"image":{"@id":"https:\/\/blog.proclima.com\/de\/#\/schema\/logo\/image\/"},"sameAs":["https:\/\/www.facebook.com\/proclima","https:\/\/x.com\/proclimaDE"]},{"@type":"Person","@id":"https:\/\/blog.proclima.com\/de\/#\/schema\/person\/c596ad1307bfc3dc78019a7338a86dc1","name":"Friederike Remiorz","url":"https:\/\/blog.proclima.com\/de\/author\/remiorz\/"}]}},"canto_acf_fields":"","_links":{"self":[{"href":"https:\/\/blog.proclima.com\/de\/wp-json\/wp\/v2\/posts\/11379","targetHints":{"allow":["GET"]}}],"collection":[{"href":"https:\/\/blog.proclima.com\/de\/wp-json\/wp\/v2\/posts"}],"about":[{"href":"https:\/\/blog.proclima.com\/de\/wp-json\/wp\/v2\/types\/post"}],"author":[{"embeddable":true,"href":"https:\/\/blog.proclima.com\/de\/wp-json\/wp\/v2\/users\/453"}],"replies":[{"embeddable":true,"href":"https:\/\/blog.proclima.com\/de\/wp-json\/wp\/v2\/comments?post=11379"}],"version-history":[{"count":6,"href":"https:\/\/blog.proclima.com\/de\/wp-json\/wp\/v2\/posts\/11379\/revisions"}],"predecessor-version":[{"id":11395,"href":"https:\/\/blog.proclima.com\/de\/wp-json\/wp\/v2\/posts\/11379\/revisions\/11395"}],"wp:featuredmedia":[{"embeddable":true,"href":"https:\/\/blog.proclima.com\/de\/wp-json\/wp\/v2\/media\/11381"}],"wp:attachment":[{"href":"https:\/\/blog.proclima.com\/de\/wp-json\/wp\/v2\/media?parent=11379"}],"wp:term":[{"taxonomy":"category","embeddable":true,"href":"https:\/\/blog.proclima.com\/de\/wp-json\/wp\/v2\/categories?post=11379"},{"taxonomy":"post_tag","embeddable":true,"href":"https:\/\/blog.proclima.com\/de\/wp-json\/wp\/v2\/tags?post=11379"}],"curies":[{"name":"wp","href":"https:\/\/api.w.org\/{rel}","templated":true}]}}