
{"id":11278,"date":"2025-06-03T11:05:35","date_gmt":"2025-06-03T09:05:35","guid":{"rendered":"https:\/\/blog.proclima.com\/de\/?p=11278"},"modified":"2025-06-12T08:35:40","modified_gmt":"2025-06-12T06:35:40","slug":"pro-clima-aussendichtungs-studie","status":"publish","type":"post","link":"https:\/\/blog.proclima.com\/de\/2025\/06\/pro-clima-aussendichtungs-studie\/","title":{"rendered":"pro clima Au\u00dfendichtungs-Studie"},"content":{"rendered":"\n<p>\u201e<em>Billig gekauft \u2013 teuer bezahlt<\/em>\u201c: Das gilt als Credo gerade beim Bau. Das beste Handwerk st\u00f6\u00dft an seine Grenzen, wenn das eingesetzte Material nicht den Anforderungen an Qualit\u00e4t, technischen Eigenschaften und Dauerhaftigkeit entspricht.<\/p>\n\n\n\n<p>Damit Architekten, Ausf\u00fchrende und Bauherren auf der sicheren Seite sind, hat pro clima in einer Au\u00dfendichtungs-Studie Unterdeck- und Unterspannbahnen genauer unter die Lupe genommen. Diese Bahnen spielen eine entscheidende Rolle beim Schutz des Dachs, der Konstruktion und der D\u00e4mmung vor verschiedenen Witterungseinfl\u00fcssen wie Schlagregen, Hagel, Flugschnee, Staub, Wind und Kondensat.<\/p>\n\n\n\n<p>Die Studie umfasst 24 Seiten und beinhaltet neben wichtigen Informationen zu den Anforderungen an technische Eigenschaften und Dauerhaftigkeit auch allgemeinen Aufgaben und Hintergrundinformationen. Zus\u00e4tzlich finden Leser einen Vergleich zwischen aktuellen Bahnentechnologien inklusive Zubeh\u00f6r und das alles unter Ber\u00fccksichtigung der aktuellen Standards des ZVDH-Regelwerks. Es wird auch auf die langfristige Eignung von Au\u00dfendichtungsbahnen f\u00fcr die Herstellung der sogenannten regensichernden Zusatzma\u00dfnahmen unter Dacheindeckungen eingegangen.<\/p>\n\n\n\n<div style=\"height:31px\" aria-hidden=\"true\" class=\"wp-block-spacer\"><\/div>\n\n\n\n<div class=\"wp-block-media-text has-media-on-the-right is-stacked-on-mobile\" style=\"grid-template-columns:auto 48%\"><div class=\"wp-block-media-text__content\">\n<p><strong>Hauptthemen der Studie:<\/strong><br>+ Was eine moderne Unterdeck-\/Unterspannbahn leisten muss<br>+ Aktuell verf\u00fcgbare Bahnentechnologien mit jeweiligen Vor- und Nachteilen<br>+ Wichtige Informationen zum Zubeh\u00f6r f\u00fcr Verklebungen und Perforationssicherung<\/p>\n\n\n\n<p><strong>Vorteile der Studie:<\/strong><br>+ Hintergrundinformationen von Experten verst\u00e4ndlich zusammengefasst<br>+ Worauf bei der Auswahl der entsprechenden Materialien zu achten ist<br>+ Ber\u00fccksichtigung des ZVDH-Regelwerks<\/p>\n<\/div><figure class=\"wp-block-media-text__media\"><img loading=\"lazy\" decoding=\"async\" width=\"1024\" height=\"1024\" data-size=\"1024x1024\" src=\"https:\/\/blog.proclima.com\/de\/files\/2025\/06\/Download_Coverbilder_Aussen-Studie_2024-1024x1024-1.jpg\" alt=\"\" class=\"wp-image-11281 size-full\" srcset=\"https:\/\/blog.proclima.com\/de\/files\/2025\/06\/Download_Coverbilder_Aussen-Studie_2024-1024x1024-1.jpg 1024w, https:\/\/blog.proclima.com\/de\/files\/2025\/06\/Download_Coverbilder_Aussen-Studie_2024-1024x1024-1-300x300.jpg 300w, https:\/\/blog.proclima.com\/de\/files\/2025\/06\/Download_Coverbilder_Aussen-Studie_2024-1024x1024-1-150x150.jpg 150w, https:\/\/blog.proclima.com\/de\/files\/2025\/06\/Download_Coverbilder_Aussen-Studie_2024-1024x1024-1-768x768.jpg 768w, https:\/\/blog.proclima.com\/de\/files\/2025\/06\/Download_Coverbilder_Aussen-Studie_2024-1024x1024-1-384x384.jpg 384w, https:\/\/blog.proclima.com\/de\/files\/2025\/06\/Download_Coverbilder_Aussen-Studie_2024-1024x1024-1-216x216.jpg 216w\" sizes=\"auto, (max-width: 1024px) 100vw, 1024px\" \/><\/figure><\/div>\n\n\n\n<div class=\"wp-block-columns is-layout-flex wp-container-core-columns-is-layout-9d6595d7 wp-block-columns-is-layout-flex\">\n<div class=\"wp-block-column is-layout-flow wp-block-column-is-layout-flow\"><\/div>\n\n\n\n<div class=\"wp-block-column is-layout-flow wp-block-column-is-layout-flow\"><\/div>\n<\/div>\n\n\n\n<p>Die Studie steht als PDF zum Download auf unserer Website bereit:<\/p>\n\n\n\n<div class=\"wp-block-buttons is-content-justification-center is-layout-flex wp-container-core-buttons-is-layout-16018d1d wp-block-buttons-is-layout-flex\">\n<div class=\"wp-block-button\"><a class=\"wp-block-button__link wp-element-button\" href=\"https:\/\/de.proclima.com\/service\/downloads#studien\">Au\u00dfendichtungs-Studie<\/a><\/div>\n<\/div>\n\n\n\n<div style=\"height:43px\" aria-hidden=\"true\" class=\"wp-block-spacer\"><\/div>\n\n\n\n<p>______________________________<\/p>\n\n\n\n<h2 class=\"wp-block-heading\"><strong>\u00dcberfragt zu den Regelungen des ZVDH?<\/strong><\/h2>\n\n\n\n<p><strong>Hier gibt\u2019s die Antworten!<\/strong><\/p>\n\n\n\n<div class=\"wp-block-columns is-layout-flex wp-container-core-columns-is-layout-9d6595d7 wp-block-columns-is-layout-flex\">\n<div class=\"wp-block-column is-layout-flow wp-block-column-is-layout-flow\">\n<p>Online-Seminar: Die Regeln des ZVDH<\/p>\n\n\n\n<p>Hier geht\u2019s zur Aufzeichnung vom 10. April 2024:<\/p>\n\n\n\n<div class=\"wp-block-buttons is-content-justification-center is-layout-flex wp-container-core-buttons-is-layout-16018d1d wp-block-buttons-is-layout-flex\">\n<div class=\"wp-block-button\"><a class=\"wp-block-button__link wp-element-button\" href=\"https:\/\/www.youtube.com\/watch?v=nEGcLxsuuoM\">Aufzeichnung<\/a><\/div>\n<\/div>\n<\/div>\n\n\n\n<div class=\"wp-block-column is-layout-flow wp-block-column-is-layout-flow\">\n<p>Regelm\u00e4\u00dfig finden die pro clima Online-Seminare live statt. Informieren Sie sich hier \u00fcber aktuelle Termine: <\/p>\n\n\n\n<div style=\"height:35px\" aria-hidden=\"true\" class=\"wp-block-spacer\"><\/div>\n\n\n\n<div class=\"wp-block-buttons is-content-justification-center is-layout-flex wp-container-core-buttons-is-layout-16018d1d wp-block-buttons-is-layout-flex\">\n<div class=\"wp-block-button\"><a class=\"wp-block-button__link wp-element-button\" href=\"https:\/\/de.proclima.com\/service\/seminare\/online-seminare\">Online-Seminare<\/a><\/div>\n<\/div>\n<\/div>\n\n\n\n<div class=\"wp-block-column is-layout-flow wp-block-column-is-layout-flow\">\n<p>Oder wenden Sie sich an die<br><br><strong>pro clima Technik-Hotline<\/strong><\/p>\n\n\n\n<div style=\"height:35px\" aria-hidden=\"true\" class=\"wp-block-spacer\"><\/div>\n\n\n\n<div class=\"wp-block-buttons is-layout-flex wp-block-buttons-is-layout-flex\">\n<div class=\"wp-block-button\"><a class=\"wp-block-button__link wp-element-button\" href=\"https:\/\/de.proclima.com\/service\/aussendienst\">Au\u00dfendienst<\/a><\/div>\n<\/div>\n<\/div>\n<\/div>\n\n\n\n<p><\/p>\n\n\n\n<p><\/p>\n","protected":false},"excerpt":{"rendered":"<p>\u201eBillig gekauft \u2013 teuer bezahlt\u201c: Das gilt als Credo gerade beim Bau. Das beste Handwerk st\u00f6\u00dft an seine Grenzen, wenn das eingesetzte Material nicht den <a href=\"https:\/\/blog.proclima.com\/de\/2025\/06\/pro-clima-aussendichtungs-studie\/\" rel=\"bookmark\">&#8230;<\/a><\/p>\n","protected":false},"author":453,"featured_media":11279,"comment_status":"open","ping_status":"open","sticky":false,"template":"","format":"standard","meta":{"footnotes":""},"categories":[1404,1288,1237,1491,1403,136,1,6,3,1402],"tags":[6282,312,112,34,6283,1290],"class_list":["post-11278","post","type-post","status-publish","format-standard","has-post-thumbnail","hentry","category-anschlusse-und-details","category-bauphysik","category-fachartikel","category-holzbau","category-luftdichtung","category-pressemitteilung","category-proclima","category-schulungen","category-veranstaltung","category-winddichtung","tag-aussendichtungsstudie","tag-dachsanierung","tag-luftdichtung","tag-pro-clima","tag-wissenschaft","tag-zvdh"],"yoast_head":"<!-- This site is optimized with the Yoast SEO plugin v27.5 - https:\/\/yoast.com\/product\/yoast-seo-wordpress\/ -->\n<title>pro clima Au\u00dfendichtungs-Studie &#187; pro clima Blog - Deutschland<\/title>\n<meta name=\"robots\" content=\"index, follow, max-snippet:-1, max-image-preview:large, max-video-preview:-1\" \/>\n<link rel=\"canonical\" href=\"https:\/\/blog.proclima.com\/de\/2025\/06\/pro-clima-aussendichtungs-studie\/\" \/>\n<meta property=\"og:locale\" content=\"de_DE\" \/>\n<meta property=\"og:type\" content=\"article\" \/>\n<meta property=\"og:title\" content=\"pro clima Au\u00dfendichtungs-Studie &#187; pro clima Blog - Deutschland\" \/>\n<meta property=\"og:description\" content=\"\u201eBillig gekauft \u2013 teuer bezahlt\u201c: Das gilt als Credo gerade beim Bau. Das beste Handwerk st\u00f6\u00dft an seine Grenzen, wenn das eingesetzte Material nicht den ...\" \/>\n<meta property=\"og:url\" content=\"https:\/\/blog.proclima.com\/de\/2025\/06\/pro-clima-aussendichtungs-studie\/\" \/>\n<meta property=\"og:site_name\" content=\"pro clima Blog - Deutschland\" \/>\n<meta property=\"article:publisher\" content=\"https:\/\/www.facebook.com\/proclima\" \/>\n<meta property=\"article:published_time\" content=\"2025-06-03T09:05:35+00:00\" \/>\n<meta property=\"article:modified_time\" content=\"2025-06-12T06:35:40+00:00\" \/>\n<meta property=\"og:image\" content=\"https:\/\/blog.proclima.com\/de\/files\/2025\/06\/Beitragsbild-e1749710119146.png\" \/>\n\t<meta property=\"og:image:width\" content=\"739\" \/>\n\t<meta property=\"og:image:height\" content=\"382\" \/>\n\t<meta property=\"og:image:type\" content=\"image\/png\" \/>\n<meta name=\"author\" content=\"Friederike Remiorz\" \/>\n<meta name=\"twitter:card\" content=\"summary_large_image\" \/>\n<meta name=\"twitter:creator\" content=\"@proclimaDE\" \/>\n<meta name=\"twitter:site\" content=\"@proclimaDE\" \/>\n<meta name=\"twitter:label1\" content=\"Verfasst von\" \/>\n\t<meta name=\"twitter:data1\" content=\"Friederike Remiorz\" \/>\n\t<meta name=\"twitter:label2\" content=\"Gesch\u00e4tzte Lesezeit\" \/>\n\t<meta name=\"twitter:data2\" content=\"1\u00a0Minute\" \/>\n<script type=\"application\/ld+json\" class=\"yoast-schema-graph\">{\"@context\":\"https:\\\/\\\/schema.org\",\"@graph\":[{\"@type\":\"Article\",\"@id\":\"https:\\\/\\\/blog.proclima.com\\\/de\\\/2025\\\/06\\\/pro-clima-aussendichtungs-studie\\\/#article\",\"isPartOf\":{\"@id\":\"https:\\\/\\\/blog.proclima.com\\\/de\\\/2025\\\/06\\\/pro-clima-aussendichtungs-studie\\\/\"},\"author\":{\"name\":\"Friederike Remiorz\",\"@id\":\"https:\\\/\\\/blog.proclima.com\\\/de\\\/#\\\/schema\\\/person\\\/c596ad1307bfc3dc78019a7338a86dc1\"},\"headline\":\"pro clima Au\u00dfendichtungs-Studie\",\"datePublished\":\"2025-06-03T09:05:35+00:00\",\"dateModified\":\"2025-06-12T06:35:40+00:00\",\"mainEntityOfPage\":{\"@id\":\"https:\\\/\\\/blog.proclima.com\\\/de\\\/2025\\\/06\\\/pro-clima-aussendichtungs-studie\\\/\"},\"wordCount\":276,\"commentCount\":0,\"publisher\":{\"@id\":\"https:\\\/\\\/blog.proclima.com\\\/de\\\/#organization\"},\"image\":{\"@id\":\"https:\\\/\\\/blog.proclima.com\\\/de\\\/2025\\\/06\\\/pro-clima-aussendichtungs-studie\\\/#primaryimage\"},\"thumbnailUrl\":\"https:\\\/\\\/blog.proclima.com\\\/de\\\/files\\\/2025\\\/06\\\/Beitragsbild-e1749710119146.png\",\"keywords\":[\"Au\u00dfendichtungsstudie\",\"Dachsanierung\",\"Luftdichtung\",\"pro clima\",\"Wissenschaft\",\"ZVDH\"],\"articleSection\":[\"Anschl\u00fcsse und Details\",\"Bauphysik\",\"Fachartikel\",\"Holzbau\",\"Luftdichtung\",\"Pressemitteilungen\",\"pro clima\",\"Schulungen\\\/Seminare\",\"Veranstaltung\",\"Winddichtung\"],\"inLanguage\":\"de\",\"potentialAction\":[{\"@type\":\"CommentAction\",\"name\":\"Comment\",\"target\":[\"https:\\\/\\\/blog.proclima.com\\\/de\\\/2025\\\/06\\\/pro-clima-aussendichtungs-studie\\\/#respond\"]}]},{\"@type\":\"WebPage\",\"@id\":\"https:\\\/\\\/blog.proclima.com\\\/de\\\/2025\\\/06\\\/pro-clima-aussendichtungs-studie\\\/\",\"url\":\"https:\\\/\\\/blog.proclima.com\\\/de\\\/2025\\\/06\\\/pro-clima-aussendichtungs-studie\\\/\",\"name\":\"pro clima Au\u00dfendichtungs-Studie &#187; pro clima Blog - Deutschland\",\"isPartOf\":{\"@id\":\"https:\\\/\\\/blog.proclima.com\\\/de\\\/#website\"},\"primaryImageOfPage\":{\"@id\":\"https:\\\/\\\/blog.proclima.com\\\/de\\\/2025\\\/06\\\/pro-clima-aussendichtungs-studie\\\/#primaryimage\"},\"image\":{\"@id\":\"https:\\\/\\\/blog.proclima.com\\\/de\\\/2025\\\/06\\\/pro-clima-aussendichtungs-studie\\\/#primaryimage\"},\"thumbnailUrl\":\"https:\\\/\\\/blog.proclima.com\\\/de\\\/files\\\/2025\\\/06\\\/Beitragsbild-e1749710119146.png\",\"datePublished\":\"2025-06-03T09:05:35+00:00\",\"dateModified\":\"2025-06-12T06:35:40+00:00\",\"breadcrumb\":{\"@id\":\"https:\\\/\\\/blog.proclima.com\\\/de\\\/2025\\\/06\\\/pro-clima-aussendichtungs-studie\\\/#breadcrumb\"},\"inLanguage\":\"de\",\"potentialAction\":[{\"@type\":\"ReadAction\",\"target\":[\"https:\\\/\\\/blog.proclima.com\\\/de\\\/2025\\\/06\\\/pro-clima-aussendichtungs-studie\\\/\"]}]},{\"@type\":\"ImageObject\",\"inLanguage\":\"de\",\"@id\":\"https:\\\/\\\/blog.proclima.com\\\/de\\\/2025\\\/06\\\/pro-clima-aussendichtungs-studie\\\/#primaryimage\",\"url\":\"https:\\\/\\\/blog.proclima.com\\\/de\\\/files\\\/2025\\\/06\\\/Beitragsbild-e1749710119146.png\",\"contentUrl\":\"https:\\\/\\\/blog.proclima.com\\\/de\\\/files\\\/2025\\\/06\\\/Beitragsbild-e1749710119146.png\",\"width\":739,\"height\":382},{\"@type\":\"BreadcrumbList\",\"@id\":\"https:\\\/\\\/blog.proclima.com\\\/de\\\/2025\\\/06\\\/pro-clima-aussendichtungs-studie\\\/#breadcrumb\",\"itemListElement\":[{\"@type\":\"ListItem\",\"position\":1,\"name\":\"Startseite\",\"item\":\"https:\\\/\\\/blog.proclima.com\\\/de\\\/\"},{\"@type\":\"ListItem\",\"position\":2,\"name\":\"pro clima Au\u00dfendichtungs-Studie\"}]},{\"@type\":\"WebSite\",\"@id\":\"https:\\\/\\\/blog.proclima.com\\\/de\\\/#website\",\"url\":\"https:\\\/\\\/blog.proclima.com\\\/de\\\/\",\"name\":\"pro clima Blog - Deutschland\",\"description\":\"alles was pro clima bewegt\",\"publisher\":{\"@id\":\"https:\\\/\\\/blog.proclima.com\\\/de\\\/#organization\"},\"potentialAction\":[{\"@type\":\"SearchAction\",\"target\":{\"@type\":\"EntryPoint\",\"urlTemplate\":\"https:\\\/\\\/blog.proclima.com\\\/de\\\/?s={search_term_string}\"},\"query-input\":{\"@type\":\"PropertyValueSpecification\",\"valueRequired\":true,\"valueName\":\"search_term_string\"}}],\"inLanguage\":\"de\"},{\"@type\":\"Organization\",\"@id\":\"https:\\\/\\\/blog.proclima.com\\\/de\\\/#organization\",\"name\":\"pro clima - Moll bau\u00f6kologische Produkte GmbH\",\"url\":\"https:\\\/\\\/blog.proclima.com\\\/de\\\/\",\"logo\":{\"@type\":\"ImageObject\",\"inLanguage\":\"de\",\"@id\":\"https:\\\/\\\/blog.proclima.com\\\/de\\\/#\\\/schema\\\/logo\\\/image\\\/\",\"url\":\"https:\\\/\\\/blog.proclima.com\\\/de\\\/files\\\/2020\\\/04\\\/Logo-pro-clima.png\",\"contentUrl\":\"https:\\\/\\\/blog.proclima.com\\\/de\\\/files\\\/2020\\\/04\\\/Logo-pro-clima.png\",\"width\":4210,\"height\":4881,\"caption\":\"pro clima - Moll bau\u00f6kologische Produkte GmbH\"},\"image\":{\"@id\":\"https:\\\/\\\/blog.proclima.com\\\/de\\\/#\\\/schema\\\/logo\\\/image\\\/\"},\"sameAs\":[\"https:\\\/\\\/www.facebook.com\\\/proclima\",\"https:\\\/\\\/x.com\\\/proclimaDE\"]},{\"@type\":\"Person\",\"@id\":\"https:\\\/\\\/blog.proclima.com\\\/de\\\/#\\\/schema\\\/person\\\/c596ad1307bfc3dc78019a7338a86dc1\",\"name\":\"Friederike Remiorz\",\"url\":\"https:\\\/\\\/blog.proclima.com\\\/de\\\/author\\\/remiorz\\\/\"}]}<\/script>\n<!-- \/ Yoast SEO plugin. -->","yoast_head_json":{"title":"pro clima Au\u00dfendichtungs-Studie &#187; pro clima Blog - Deutschland","robots":{"index":"index","follow":"follow","max-snippet":"max-snippet:-1","max-image-preview":"max-image-preview:large","max-video-preview":"max-video-preview:-1"},"canonical":"https:\/\/blog.proclima.com\/de\/2025\/06\/pro-clima-aussendichtungs-studie\/","og_locale":"de_DE","og_type":"article","og_title":"pro clima Au\u00dfendichtungs-Studie &#187; pro clima Blog - Deutschland","og_description":"\u201eBillig gekauft \u2013 teuer bezahlt\u201c: Das gilt als Credo gerade beim Bau. Das beste Handwerk st\u00f6\u00dft an seine Grenzen, wenn das eingesetzte Material nicht den ...","og_url":"https:\/\/blog.proclima.com\/de\/2025\/06\/pro-clima-aussendichtungs-studie\/","og_site_name":"pro clima Blog - Deutschland","article_publisher":"https:\/\/www.facebook.com\/proclima","article_published_time":"2025-06-03T09:05:35+00:00","article_modified_time":"2025-06-12T06:35:40+00:00","og_image":[{"width":739,"height":382,"url":"https:\/\/blog.proclima.com\/de\/files\/2025\/06\/Beitragsbild-e1749710119146.png","type":"image\/png"}],"author":"Friederike Remiorz","twitter_card":"summary_large_image","twitter_creator":"@proclimaDE","twitter_site":"@proclimaDE","twitter_misc":{"Verfasst von":"Friederike Remiorz","Gesch\u00e4tzte Lesezeit":"1\u00a0Minute"},"schema":{"@context":"https:\/\/schema.org","@graph":[{"@type":"Article","@id":"https:\/\/blog.proclima.com\/de\/2025\/06\/pro-clima-aussendichtungs-studie\/#article","isPartOf":{"@id":"https:\/\/blog.proclima.com\/de\/2025\/06\/pro-clima-aussendichtungs-studie\/"},"author":{"name":"Friederike Remiorz","@id":"https:\/\/blog.proclima.com\/de\/#\/schema\/person\/c596ad1307bfc3dc78019a7338a86dc1"},"headline":"pro clima Au\u00dfendichtungs-Studie","datePublished":"2025-06-03T09:05:35+00:00","dateModified":"2025-06-12T06:35:40+00:00","mainEntityOfPage":{"@id":"https:\/\/blog.proclima.com\/de\/2025\/06\/pro-clima-aussendichtungs-studie\/"},"wordCount":276,"commentCount":0,"publisher":{"@id":"https:\/\/blog.proclima.com\/de\/#organization"},"image":{"@id":"https:\/\/blog.proclima.com\/de\/2025\/06\/pro-clima-aussendichtungs-studie\/#primaryimage"},"thumbnailUrl":"https:\/\/blog.proclima.com\/de\/files\/2025\/06\/Beitragsbild-e1749710119146.png","keywords":["Au\u00dfendichtungsstudie","Dachsanierung","Luftdichtung","pro clima","Wissenschaft","ZVDH"],"articleSection":["Anschl\u00fcsse und Details","Bauphysik","Fachartikel","Holzbau","Luftdichtung","Pressemitteilungen","pro clima","Schulungen\/Seminare","Veranstaltung","Winddichtung"],"inLanguage":"de","potentialAction":[{"@type":"CommentAction","name":"Comment","target":["https:\/\/blog.proclima.com\/de\/2025\/06\/pro-clima-aussendichtungs-studie\/#respond"]}]},{"@type":"WebPage","@id":"https:\/\/blog.proclima.com\/de\/2025\/06\/pro-clima-aussendichtungs-studie\/","url":"https:\/\/blog.proclima.com\/de\/2025\/06\/pro-clima-aussendichtungs-studie\/","name":"pro clima Au\u00dfendichtungs-Studie &#187; pro clima Blog - Deutschland","isPartOf":{"@id":"https:\/\/blog.proclima.com\/de\/#website"},"primaryImageOfPage":{"@id":"https:\/\/blog.proclima.com\/de\/2025\/06\/pro-clima-aussendichtungs-studie\/#primaryimage"},"image":{"@id":"https:\/\/blog.proclima.com\/de\/2025\/06\/pro-clima-aussendichtungs-studie\/#primaryimage"},"thumbnailUrl":"https:\/\/blog.proclima.com\/de\/files\/2025\/06\/Beitragsbild-e1749710119146.png","datePublished":"2025-06-03T09:05:35+00:00","dateModified":"2025-06-12T06:35:40+00:00","breadcrumb":{"@id":"https:\/\/blog.proclima.com\/de\/2025\/06\/pro-clima-aussendichtungs-studie\/#breadcrumb"},"inLanguage":"de","potentialAction":[{"@type":"ReadAction","target":["https:\/\/blog.proclima.com\/de\/2025\/06\/pro-clima-aussendichtungs-studie\/"]}]},{"@type":"ImageObject","inLanguage":"de","@id":"https:\/\/blog.proclima.com\/de\/2025\/06\/pro-clima-aussendichtungs-studie\/#primaryimage","url":"https:\/\/blog.proclima.com\/de\/files\/2025\/06\/Beitragsbild-e1749710119146.png","contentUrl":"https:\/\/blog.proclima.com\/de\/files\/2025\/06\/Beitragsbild-e1749710119146.png","width":739,"height":382},{"@type":"BreadcrumbList","@id":"https:\/\/blog.proclima.com\/de\/2025\/06\/pro-clima-aussendichtungs-studie\/#breadcrumb","itemListElement":[{"@type":"ListItem","position":1,"name":"Startseite","item":"https:\/\/blog.proclima.com\/de\/"},{"@type":"ListItem","position":2,"name":"pro clima Au\u00dfendichtungs-Studie"}]},{"@type":"WebSite","@id":"https:\/\/blog.proclima.com\/de\/#website","url":"https:\/\/blog.proclima.com\/de\/","name":"pro clima Blog - Deutschland","description":"alles was pro clima bewegt","publisher":{"@id":"https:\/\/blog.proclima.com\/de\/#organization"},"potentialAction":[{"@type":"SearchAction","target":{"@type":"EntryPoint","urlTemplate":"https:\/\/blog.proclima.com\/de\/?s={search_term_string}"},"query-input":{"@type":"PropertyValueSpecification","valueRequired":true,"valueName":"search_term_string"}}],"inLanguage":"de"},{"@type":"Organization","@id":"https:\/\/blog.proclima.com\/de\/#organization","name":"pro clima - Moll bau\u00f6kologische Produkte GmbH","url":"https:\/\/blog.proclima.com\/de\/","logo":{"@type":"ImageObject","inLanguage":"de","@id":"https:\/\/blog.proclima.com\/de\/#\/schema\/logo\/image\/","url":"https:\/\/blog.proclima.com\/de\/files\/2020\/04\/Logo-pro-clima.png","contentUrl":"https:\/\/blog.proclima.com\/de\/files\/2020\/04\/Logo-pro-clima.png","width":4210,"height":4881,"caption":"pro clima - Moll bau\u00f6kologische Produkte GmbH"},"image":{"@id":"https:\/\/blog.proclima.com\/de\/#\/schema\/logo\/image\/"},"sameAs":["https:\/\/www.facebook.com\/proclima","https:\/\/x.com\/proclimaDE"]},{"@type":"Person","@id":"https:\/\/blog.proclima.com\/de\/#\/schema\/person\/c596ad1307bfc3dc78019a7338a86dc1","name":"Friederike Remiorz","url":"https:\/\/blog.proclima.com\/de\/author\/remiorz\/"}]}},"canto_acf_fields":"","_links":{"self":[{"href":"https:\/\/blog.proclima.com\/de\/wp-json\/wp\/v2\/posts\/11278","targetHints":{"allow":["GET"]}}],"collection":[{"href":"https:\/\/blog.proclima.com\/de\/wp-json\/wp\/v2\/posts"}],"about":[{"href":"https:\/\/blog.proclima.com\/de\/wp-json\/wp\/v2\/types\/post"}],"author":[{"embeddable":true,"href":"https:\/\/blog.proclima.com\/de\/wp-json\/wp\/v2\/users\/453"}],"replies":[{"embeddable":true,"href":"https:\/\/blog.proclima.com\/de\/wp-json\/wp\/v2\/comments?post=11278"}],"version-history":[{"count":8,"href":"https:\/\/blog.proclima.com\/de\/wp-json\/wp\/v2\/posts\/11278\/revisions"}],"predecessor-version":[{"id":11288,"href":"https:\/\/blog.proclima.com\/de\/wp-json\/wp\/v2\/posts\/11278\/revisions\/11288"}],"wp:featuredmedia":[{"embeddable":true,"href":"https:\/\/blog.proclima.com\/de\/wp-json\/wp\/v2\/media\/11279"}],"wp:attachment":[{"href":"https:\/\/blog.proclima.com\/de\/wp-json\/wp\/v2\/media?parent=11278"}],"wp:term":[{"taxonomy":"category","embeddable":true,"href":"https:\/\/blog.proclima.com\/de\/wp-json\/wp\/v2\/categories?post=11278"},{"taxonomy":"post_tag","embeddable":true,"href":"https:\/\/blog.proclima.com\/de\/wp-json\/wp\/v2\/tags?post=11278"}],"curies":[{"name":"wp","href":"https:\/\/api.w.org\/{rel}","templated":true}]}}