
{"id":11156,"date":"2025-02-27T14:29:21","date_gmt":"2025-02-27T13:29:21","guid":{"rendered":"https:\/\/blog.proclima.com\/de\/?p=11156"},"modified":"2025-02-27T14:29:31","modified_gmt":"2025-02-27T13:29:31","slug":"neuauflage-wissen-kompakt","status":"publish","type":"post","link":"https:\/\/blog.proclima.com\/de\/2025\/02\/neuauflage-wissen-kompakt\/","title":{"rendered":"Neuauflage WISSEN kompakt"},"content":{"rendered":"\n<p>Fast zwei Jahre ist es her, dass das pro clima WISSEN kompakt erschien \u2013 mit Infos zur Luftdichtung innen, Winddichtung au\u00dfen, Fensteranschl\u00fcssen und Verbindungsmitteln geb\u00fcndelt pr\u00e4sentiert. Weiterf\u00fchrende Links zu ausf\u00fchrlichen Inhalten und Videos, z.B. auf der pro clima Homepage, erm\u00f6glichen es, noch tiefer in die verschiedenen Themen einzutauchen.<\/p>\n\n\n\n<p><strong>Jetzt ist es Zeit f\u00fcr eine Neuauflage!<\/strong><\/p>\n\n\n\n<p>Ein aktualisiertes \u201eWISSEN kompakt\u201c im neuen, frischen Design, komplett \u00fcberarbeitet und mit vollem Zugang zu allen aktuellen Informationen und neuen Produkten.<\/p>\n\n\n\n<h3 class=\"wp-block-heading\"><strong>Was steckt alles drin<\/strong><\/h3>\n\n\n\n<p>Geb\u00fcndelt auf den Punkt gebracht und dennoch mit allen wesentliche Informationen versehen: Die Neuauflage beinhaltet wie gewohnt Informationen zu pro clima <strong>Qualit\u00e4ts-Systemen mit Fokus auf Nachhaltigkeit. <\/strong>Dazu geh\u00f6ren unter anderem brandaktuelle Informationen zur Passivhaus-zertifizierten Luftdichtung und praxisgerechten Sanierungs-L\u00f6sungen. Mit wachsendem Interesse an gro\u00dfen Holzbauten nehmen auch die Themen Bauzeitenschutz-Konzept und feuchteaktive Winddichtung einen immer gr\u00f6\u00dferen Stellenwert ein \u2013 das WISSEN kompakt beleuchtet die Anforderungen, Methoden und gibt hilfreiche Tipps. Nat\u00fcrlich erfahren Leserinnen und Leser au\u00dferdem mehr zu pro clima Systeml\u00f6sungen, wie den pro clima Verbindungsmitteln mit 100 Jahren Klebkraft, unabh\u00e4ngig gepr\u00fcft, und der umfangreichen 10 Jahre Systemgew\u00e4hrleistung. Au\u00dferdem: pro clima \u00fcbernimmt \u00f6kologische Verantwortung und stellt vor, wie diese in der Praxis umgesetzt wird und Prozesse kontinuierlich verbessert werden: zum Beispiel mit hohen Recyclinganteilen in Produkten und Verpackung und wichtigen Zertifizierungen, wie EPD und QNG-ready.<\/p>\n\n\n\n<p>Selbstverst\u00e4ndlich finden Interessierte im WISSEN kompakt weiterhin ein starkes <strong>Service-Paket<\/strong> mit Kontakten zur technischen Hotline, dem Au\u00dfendienst-Team und dem Kundenservice, der sich f\u00fcr eine schnelle Warenverf\u00fcgbarkeit und Lieferung direkt auf die Baustelle einsetzt. Ein direkter Zugang zu CAD-Konstruktionsdetails, BIM-Daten, Ausschreibungstexten, Anwendungsvideos und Referenzprojekten erm\u00f6glicht es, anschaulich den Einsatz und Funktion der pro clima Systeml\u00f6sungen kennenzulernen. Au\u00dferdem erhalten Leserinnen und Leser alle Informationen zu den pro clima Seminaren mit besonderem Erinnerungswert, den pro clima Social Media Kan\u00e4len und vieles mehr.<\/p>\n\n\n\n<p>Last but not least pr\u00e4sentiert das neue WISSEN kompakt auch alle <strong>neuen L\u00f6sungen<\/strong>, die pro clima zu bieten hat:<\/p>\n\n\n\n<ul class=\"wp-block-list\">\n<li>Maximale Einsatzbreite: Die erste 3-in-1 Dachbahn SOLITEX QUANTHO<\/li>\n\n\n\n<li>Wasserdicht und diffusionsoffen: Homogen verschwei\u00dfbare Unterdeckbahnen f\u00fcr den Einsatz unter Indach-Solaranlagen<\/li>\n\n\n\n<li>Volle Kontrolle: durchsichtige Bauzeitenschutz-Bahn SOLITEX ADHERO VISTO<\/li>\n\n\n\n<li>Intelligenter Fensteranschluss: feuchtevariables, vorgefaltetes Anschlussband CONTEGA SOLIDO IQ-X<\/li>\n\n\n\n<li>Mehr Geschwindigkeit: Schnell-Klebeband TESCON RAPIC<\/li>\n<\/ul>\n\n\n\n<p>Freuen Sie sich auf abgestimmte Systeml\u00f6sungen und partnerschaftliche Zusammenarbeit f\u00fcr energieeffiziente, bauschadensfreie und ges\u00fcndere Geb\u00e4ude.<\/p>\n\n\n\n<div style=\"height:41px\" aria-hidden=\"true\" class=\"wp-block-spacer\"><\/div>\n\n\n\n<p class=\"has-text-align-center\"><strong>In digitaler Form oder kostenlos per Post bestellen:<\/strong><\/p>\n\n\n\n<div class=\"wp-block-buttons is-content-justification-center is-layout-flex wp-container-core-buttons-is-layout-16018d1d wp-block-buttons-is-layout-flex\">\n<div class=\"wp-block-button\"><a class=\"wp-block-button__link wp-element-button\" href=\"https:\/\/de.proclima.com\/service\/downloads\">Jetzt bestellen<\/a><\/div>\n<\/div>\n\n\n\n<div style=\"height:75px\" aria-hidden=\"true\" class=\"wp-block-spacer\"><\/div>\n","protected":false},"excerpt":{"rendered":"<p>Fast zwei Jahre ist es her, dass das pro clima WISSEN kompakt erschien \u2013 mit Infos zur Luftdichtung innen, Winddichtung au\u00dfen, Fensteranschl\u00fcssen und Verbindungsmitteln geb\u00fcndelt <a href=\"https:\/\/blog.proclima.com\/de\/2025\/02\/neuauflage-wissen-kompakt\/\" rel=\"bookmark\">&#8230;<\/a><\/p>\n","protected":false},"author":42,"featured_media":11157,"comment_status":"open","ping_status":"open","sticky":false,"template":"","format":"standard","meta":{"footnotes":""},"categories":[1404,1288,5859,1491,1403,136,1,776,923,3,52,1402,6254],"tags":[165,6264,6263,1352,34,877,6186],"class_list":["post-11156","post","type-post","status-publish","format-standard","has-post-thumbnail","hentry","category-anschlusse-und-details","category-bauphysik","category-clever-und-gut","category-holzbau","category-luftdichtung","category-pressemitteilung","category-proclima","category-produkte","category-sanierung","category-veranstaltung","category-welt-und-gesellschaft","category-winddichtung","category-witterungsschutz","tag-handbuch","tag-neuauflage","tag-planungsdetails","tag-planungshandbuch","tag-pro-clima","tag-system","tag-wissen-kompakt"],"yoast_head":"<!-- This site is optimized with the Yoast SEO plugin v27.5 - https:\/\/yoast.com\/product\/yoast-seo-wordpress\/ -->\n<title>Neuauflage WISSEN kompakt &#187; pro clima Blog - Deutschland<\/title>\n<meta name=\"robots\" content=\"index, follow, max-snippet:-1, max-image-preview:large, max-video-preview:-1\" \/>\n<link rel=\"canonical\" href=\"https:\/\/blog.proclima.com\/de\/2025\/02\/neuauflage-wissen-kompakt\/\" \/>\n<meta property=\"og:locale\" content=\"de_DE\" \/>\n<meta property=\"og:type\" content=\"article\" \/>\n<meta property=\"og:title\" content=\"Neuauflage WISSEN kompakt &#187; pro clima Blog - Deutschland\" \/>\n<meta property=\"og:description\" content=\"Fast zwei Jahre ist es her, dass das pro clima WISSEN kompakt erschien \u2013 mit Infos zur Luftdichtung innen, Winddichtung au\u00dfen, Fensteranschl\u00fcssen und Verbindungsmitteln geb\u00fcndelt ...\" \/>\n<meta property=\"og:url\" content=\"https:\/\/blog.proclima.com\/de\/2025\/02\/neuauflage-wissen-kompakt\/\" \/>\n<meta property=\"og:site_name\" content=\"pro clima Blog - Deutschland\" \/>\n<meta property=\"article:publisher\" content=\"https:\/\/www.facebook.com\/proclima\" \/>\n<meta property=\"article:published_time\" content=\"2025-02-27T13:29:21+00:00\" \/>\n<meta property=\"article:modified_time\" content=\"2025-02-27T13:29:31+00:00\" \/>\n<meta property=\"og:image\" content=\"https:\/\/blog.proclima.com\/de\/files\/2025\/02\/Header_Blogbeitrag.jpg\" \/>\n\t<meta property=\"og:image:width\" content=\"656\" \/>\n\t<meta property=\"og:image:height\" content=\"325\" \/>\n\t<meta property=\"og:image:type\" content=\"image\/jpeg\" \/>\n<meta name=\"author\" content=\"favaro\" \/>\n<meta name=\"twitter:card\" content=\"summary_large_image\" \/>\n<meta name=\"twitter:creator\" content=\"@proclimaDE\" \/>\n<meta name=\"twitter:site\" content=\"@proclimaDE\" \/>\n<meta name=\"twitter:label1\" content=\"Verfasst von\" \/>\n\t<meta name=\"twitter:data1\" content=\"favaro\" \/>\n\t<meta name=\"twitter:label2\" content=\"Gesch\u00e4tzte Lesezeit\" \/>\n\t<meta name=\"twitter:data2\" content=\"2\u00a0Minuten\" \/>\n<script type=\"application\/ld+json\" class=\"yoast-schema-graph\">{\"@context\":\"https:\\\/\\\/schema.org\",\"@graph\":[{\"@type\":\"Article\",\"@id\":\"https:\\\/\\\/blog.proclima.com\\\/de\\\/2025\\\/02\\\/neuauflage-wissen-kompakt\\\/#article\",\"isPartOf\":{\"@id\":\"https:\\\/\\\/blog.proclima.com\\\/de\\\/2025\\\/02\\\/neuauflage-wissen-kompakt\\\/\"},\"author\":{\"name\":\"favaro\",\"@id\":\"https:\\\/\\\/blog.proclima.com\\\/de\\\/#\\\/schema\\\/person\\\/d23c868de01f7719b81c5c18d5ee617e\"},\"headline\":\"Neuauflage WISSEN kompakt\",\"datePublished\":\"2025-02-27T13:29:21+00:00\",\"dateModified\":\"2025-02-27T13:29:31+00:00\",\"mainEntityOfPage\":{\"@id\":\"https:\\\/\\\/blog.proclima.com\\\/de\\\/2025\\\/02\\\/neuauflage-wissen-kompakt\\\/\"},\"wordCount\":413,\"commentCount\":0,\"publisher\":{\"@id\":\"https:\\\/\\\/blog.proclima.com\\\/de\\\/#organization\"},\"image\":{\"@id\":\"https:\\\/\\\/blog.proclima.com\\\/de\\\/2025\\\/02\\\/neuauflage-wissen-kompakt\\\/#primaryimage\"},\"thumbnailUrl\":\"https:\\\/\\\/blog.proclima.com\\\/de\\\/files\\\/2025\\\/02\\\/Header_Blogbeitrag.jpg\",\"keywords\":[\"Handbuch\",\"Neuauflage\",\"planungsdetails\",\"Planungshandbuch\",\"pro clima\",\"System\",\"WISSEN kompakt\"],\"articleSection\":[\"Anschl\u00fcsse und Details\",\"Bauphysik\",\"clever und gut\",\"Holzbau\",\"Luftdichtung\",\"Pressemitteilungen\",\"pro clima\",\"Produkte\",\"Sanierung\",\"Veranstaltung\",\"Welt und Gesellschaft\",\"Winddichtung\",\"Witterungsschutz\"],\"inLanguage\":\"de\",\"potentialAction\":[{\"@type\":\"CommentAction\",\"name\":\"Comment\",\"target\":[\"https:\\\/\\\/blog.proclima.com\\\/de\\\/2025\\\/02\\\/neuauflage-wissen-kompakt\\\/#respond\"]}]},{\"@type\":\"WebPage\",\"@id\":\"https:\\\/\\\/blog.proclima.com\\\/de\\\/2025\\\/02\\\/neuauflage-wissen-kompakt\\\/\",\"url\":\"https:\\\/\\\/blog.proclima.com\\\/de\\\/2025\\\/02\\\/neuauflage-wissen-kompakt\\\/\",\"name\":\"Neuauflage WISSEN kompakt &#187; pro clima Blog - Deutschland\",\"isPartOf\":{\"@id\":\"https:\\\/\\\/blog.proclima.com\\\/de\\\/#website\"},\"primaryImageOfPage\":{\"@id\":\"https:\\\/\\\/blog.proclima.com\\\/de\\\/2025\\\/02\\\/neuauflage-wissen-kompakt\\\/#primaryimage\"},\"image\":{\"@id\":\"https:\\\/\\\/blog.proclima.com\\\/de\\\/2025\\\/02\\\/neuauflage-wissen-kompakt\\\/#primaryimage\"},\"thumbnailUrl\":\"https:\\\/\\\/blog.proclima.com\\\/de\\\/files\\\/2025\\\/02\\\/Header_Blogbeitrag.jpg\",\"datePublished\":\"2025-02-27T13:29:21+00:00\",\"dateModified\":\"2025-02-27T13:29:31+00:00\",\"breadcrumb\":{\"@id\":\"https:\\\/\\\/blog.proclima.com\\\/de\\\/2025\\\/02\\\/neuauflage-wissen-kompakt\\\/#breadcrumb\"},\"inLanguage\":\"de\",\"potentialAction\":[{\"@type\":\"ReadAction\",\"target\":[\"https:\\\/\\\/blog.proclima.com\\\/de\\\/2025\\\/02\\\/neuauflage-wissen-kompakt\\\/\"]}]},{\"@type\":\"ImageObject\",\"inLanguage\":\"de\",\"@id\":\"https:\\\/\\\/blog.proclima.com\\\/de\\\/2025\\\/02\\\/neuauflage-wissen-kompakt\\\/#primaryimage\",\"url\":\"https:\\\/\\\/blog.proclima.com\\\/de\\\/files\\\/2025\\\/02\\\/Header_Blogbeitrag.jpg\",\"contentUrl\":\"https:\\\/\\\/blog.proclima.com\\\/de\\\/files\\\/2025\\\/02\\\/Header_Blogbeitrag.jpg\",\"width\":656,\"height\":325},{\"@type\":\"BreadcrumbList\",\"@id\":\"https:\\\/\\\/blog.proclima.com\\\/de\\\/2025\\\/02\\\/neuauflage-wissen-kompakt\\\/#breadcrumb\",\"itemListElement\":[{\"@type\":\"ListItem\",\"position\":1,\"name\":\"Startseite\",\"item\":\"https:\\\/\\\/blog.proclima.com\\\/de\\\/\"},{\"@type\":\"ListItem\",\"position\":2,\"name\":\"Neuauflage WISSEN kompakt\"}]},{\"@type\":\"WebSite\",\"@id\":\"https:\\\/\\\/blog.proclima.com\\\/de\\\/#website\",\"url\":\"https:\\\/\\\/blog.proclima.com\\\/de\\\/\",\"name\":\"pro clima Blog - Deutschland\",\"description\":\"alles was pro clima bewegt\",\"publisher\":{\"@id\":\"https:\\\/\\\/blog.proclima.com\\\/de\\\/#organization\"},\"potentialAction\":[{\"@type\":\"SearchAction\",\"target\":{\"@type\":\"EntryPoint\",\"urlTemplate\":\"https:\\\/\\\/blog.proclima.com\\\/de\\\/?s={search_term_string}\"},\"query-input\":{\"@type\":\"PropertyValueSpecification\",\"valueRequired\":true,\"valueName\":\"search_term_string\"}}],\"inLanguage\":\"de\"},{\"@type\":\"Organization\",\"@id\":\"https:\\\/\\\/blog.proclima.com\\\/de\\\/#organization\",\"name\":\"pro clima - Moll bau\u00f6kologische Produkte GmbH\",\"url\":\"https:\\\/\\\/blog.proclima.com\\\/de\\\/\",\"logo\":{\"@type\":\"ImageObject\",\"inLanguage\":\"de\",\"@id\":\"https:\\\/\\\/blog.proclima.com\\\/de\\\/#\\\/schema\\\/logo\\\/image\\\/\",\"url\":\"https:\\\/\\\/blog.proclima.com\\\/de\\\/files\\\/2020\\\/04\\\/Logo-pro-clima.png\",\"contentUrl\":\"https:\\\/\\\/blog.proclima.com\\\/de\\\/files\\\/2020\\\/04\\\/Logo-pro-clima.png\",\"width\":4210,\"height\":4881,\"caption\":\"pro clima - Moll bau\u00f6kologische Produkte GmbH\"},\"image\":{\"@id\":\"https:\\\/\\\/blog.proclima.com\\\/de\\\/#\\\/schema\\\/logo\\\/image\\\/\"},\"sameAs\":[\"https:\\\/\\\/www.facebook.com\\\/proclima\",\"https:\\\/\\\/x.com\\\/proclimaDE\"]},{\"@type\":\"Person\",\"@id\":\"https:\\\/\\\/blog.proclima.com\\\/de\\\/#\\\/schema\\\/person\\\/d23c868de01f7719b81c5c18d5ee617e\",\"name\":\"favaro\",\"url\":\"https:\\\/\\\/blog.proclima.com\\\/de\\\/author\\\/favaro\\\/\"}]}<\/script>\n<!-- \/ Yoast SEO plugin. -->","yoast_head_json":{"title":"Neuauflage WISSEN kompakt &#187; pro clima Blog - Deutschland","robots":{"index":"index","follow":"follow","max-snippet":"max-snippet:-1","max-image-preview":"max-image-preview:large","max-video-preview":"max-video-preview:-1"},"canonical":"https:\/\/blog.proclima.com\/de\/2025\/02\/neuauflage-wissen-kompakt\/","og_locale":"de_DE","og_type":"article","og_title":"Neuauflage WISSEN kompakt &#187; pro clima Blog - Deutschland","og_description":"Fast zwei Jahre ist es her, dass das pro clima WISSEN kompakt erschien \u2013 mit Infos zur Luftdichtung innen, Winddichtung au\u00dfen, Fensteranschl\u00fcssen und Verbindungsmitteln geb\u00fcndelt ...","og_url":"https:\/\/blog.proclima.com\/de\/2025\/02\/neuauflage-wissen-kompakt\/","og_site_name":"pro clima Blog - Deutschland","article_publisher":"https:\/\/www.facebook.com\/proclima","article_published_time":"2025-02-27T13:29:21+00:00","article_modified_time":"2025-02-27T13:29:31+00:00","og_image":[{"width":656,"height":325,"url":"https:\/\/blog.proclima.com\/de\/files\/2025\/02\/Header_Blogbeitrag.jpg","type":"image\/jpeg"}],"author":"favaro","twitter_card":"summary_large_image","twitter_creator":"@proclimaDE","twitter_site":"@proclimaDE","twitter_misc":{"Verfasst von":"favaro","Gesch\u00e4tzte Lesezeit":"2\u00a0Minuten"},"schema":{"@context":"https:\/\/schema.org","@graph":[{"@type":"Article","@id":"https:\/\/blog.proclima.com\/de\/2025\/02\/neuauflage-wissen-kompakt\/#article","isPartOf":{"@id":"https:\/\/blog.proclima.com\/de\/2025\/02\/neuauflage-wissen-kompakt\/"},"author":{"name":"favaro","@id":"https:\/\/blog.proclima.com\/de\/#\/schema\/person\/d23c868de01f7719b81c5c18d5ee617e"},"headline":"Neuauflage WISSEN kompakt","datePublished":"2025-02-27T13:29:21+00:00","dateModified":"2025-02-27T13:29:31+00:00","mainEntityOfPage":{"@id":"https:\/\/blog.proclima.com\/de\/2025\/02\/neuauflage-wissen-kompakt\/"},"wordCount":413,"commentCount":0,"publisher":{"@id":"https:\/\/blog.proclima.com\/de\/#organization"},"image":{"@id":"https:\/\/blog.proclima.com\/de\/2025\/02\/neuauflage-wissen-kompakt\/#primaryimage"},"thumbnailUrl":"https:\/\/blog.proclima.com\/de\/files\/2025\/02\/Header_Blogbeitrag.jpg","keywords":["Handbuch","Neuauflage","planungsdetails","Planungshandbuch","pro clima","System","WISSEN kompakt"],"articleSection":["Anschl\u00fcsse und Details","Bauphysik","clever und gut","Holzbau","Luftdichtung","Pressemitteilungen","pro clima","Produkte","Sanierung","Veranstaltung","Welt und Gesellschaft","Winddichtung","Witterungsschutz"],"inLanguage":"de","potentialAction":[{"@type":"CommentAction","name":"Comment","target":["https:\/\/blog.proclima.com\/de\/2025\/02\/neuauflage-wissen-kompakt\/#respond"]}]},{"@type":"WebPage","@id":"https:\/\/blog.proclima.com\/de\/2025\/02\/neuauflage-wissen-kompakt\/","url":"https:\/\/blog.proclima.com\/de\/2025\/02\/neuauflage-wissen-kompakt\/","name":"Neuauflage WISSEN kompakt &#187; pro clima Blog - Deutschland","isPartOf":{"@id":"https:\/\/blog.proclima.com\/de\/#website"},"primaryImageOfPage":{"@id":"https:\/\/blog.proclima.com\/de\/2025\/02\/neuauflage-wissen-kompakt\/#primaryimage"},"image":{"@id":"https:\/\/blog.proclima.com\/de\/2025\/02\/neuauflage-wissen-kompakt\/#primaryimage"},"thumbnailUrl":"https:\/\/blog.proclima.com\/de\/files\/2025\/02\/Header_Blogbeitrag.jpg","datePublished":"2025-02-27T13:29:21+00:00","dateModified":"2025-02-27T13:29:31+00:00","breadcrumb":{"@id":"https:\/\/blog.proclima.com\/de\/2025\/02\/neuauflage-wissen-kompakt\/#breadcrumb"},"inLanguage":"de","potentialAction":[{"@type":"ReadAction","target":["https:\/\/blog.proclima.com\/de\/2025\/02\/neuauflage-wissen-kompakt\/"]}]},{"@type":"ImageObject","inLanguage":"de","@id":"https:\/\/blog.proclima.com\/de\/2025\/02\/neuauflage-wissen-kompakt\/#primaryimage","url":"https:\/\/blog.proclima.com\/de\/files\/2025\/02\/Header_Blogbeitrag.jpg","contentUrl":"https:\/\/blog.proclima.com\/de\/files\/2025\/02\/Header_Blogbeitrag.jpg","width":656,"height":325},{"@type":"BreadcrumbList","@id":"https:\/\/blog.proclima.com\/de\/2025\/02\/neuauflage-wissen-kompakt\/#breadcrumb","itemListElement":[{"@type":"ListItem","position":1,"name":"Startseite","item":"https:\/\/blog.proclima.com\/de\/"},{"@type":"ListItem","position":2,"name":"Neuauflage WISSEN kompakt"}]},{"@type":"WebSite","@id":"https:\/\/blog.proclima.com\/de\/#website","url":"https:\/\/blog.proclima.com\/de\/","name":"pro clima Blog - Deutschland","description":"alles was pro clima bewegt","publisher":{"@id":"https:\/\/blog.proclima.com\/de\/#organization"},"potentialAction":[{"@type":"SearchAction","target":{"@type":"EntryPoint","urlTemplate":"https:\/\/blog.proclima.com\/de\/?s={search_term_string}"},"query-input":{"@type":"PropertyValueSpecification","valueRequired":true,"valueName":"search_term_string"}}],"inLanguage":"de"},{"@type":"Organization","@id":"https:\/\/blog.proclima.com\/de\/#organization","name":"pro clima - Moll bau\u00f6kologische Produkte GmbH","url":"https:\/\/blog.proclima.com\/de\/","logo":{"@type":"ImageObject","inLanguage":"de","@id":"https:\/\/blog.proclima.com\/de\/#\/schema\/logo\/image\/","url":"https:\/\/blog.proclima.com\/de\/files\/2020\/04\/Logo-pro-clima.png","contentUrl":"https:\/\/blog.proclima.com\/de\/files\/2020\/04\/Logo-pro-clima.png","width":4210,"height":4881,"caption":"pro clima - Moll bau\u00f6kologische Produkte GmbH"},"image":{"@id":"https:\/\/blog.proclima.com\/de\/#\/schema\/logo\/image\/"},"sameAs":["https:\/\/www.facebook.com\/proclima","https:\/\/x.com\/proclimaDE"]},{"@type":"Person","@id":"https:\/\/blog.proclima.com\/de\/#\/schema\/person\/d23c868de01f7719b81c5c18d5ee617e","name":"favaro","url":"https:\/\/blog.proclima.com\/de\/author\/favaro\/"}]}},"canto_acf_fields":"","_links":{"self":[{"href":"https:\/\/blog.proclima.com\/de\/wp-json\/wp\/v2\/posts\/11156","targetHints":{"allow":["GET"]}}],"collection":[{"href":"https:\/\/blog.proclima.com\/de\/wp-json\/wp\/v2\/posts"}],"about":[{"href":"https:\/\/blog.proclima.com\/de\/wp-json\/wp\/v2\/types\/post"}],"author":[{"embeddable":true,"href":"https:\/\/blog.proclima.com\/de\/wp-json\/wp\/v2\/users\/42"}],"replies":[{"embeddable":true,"href":"https:\/\/blog.proclima.com\/de\/wp-json\/wp\/v2\/comments?post=11156"}],"version-history":[{"count":5,"href":"https:\/\/blog.proclima.com\/de\/wp-json\/wp\/v2\/posts\/11156\/revisions"}],"predecessor-version":[{"id":11163,"href":"https:\/\/blog.proclima.com\/de\/wp-json\/wp\/v2\/posts\/11156\/revisions\/11163"}],"wp:featuredmedia":[{"embeddable":true,"href":"https:\/\/blog.proclima.com\/de\/wp-json\/wp\/v2\/media\/11157"}],"wp:attachment":[{"href":"https:\/\/blog.proclima.com\/de\/wp-json\/wp\/v2\/media?parent=11156"}],"wp:term":[{"taxonomy":"category","embeddable":true,"href":"https:\/\/blog.proclima.com\/de\/wp-json\/wp\/v2\/categories?post=11156"},{"taxonomy":"post_tag","embeddable":true,"href":"https:\/\/blog.proclima.com\/de\/wp-json\/wp\/v2\/tags?post=11156"}],"curies":[{"name":"wp","href":"https:\/\/api.w.org\/{rel}","templated":true}]}}