
{"id":11102,"date":"2025-01-24T17:00:00","date_gmt":"2025-01-24T16:00:00","guid":{"rendered":"https:\/\/blog.proclima.com\/de\/?p=11102"},"modified":"2025-01-27T10:16:00","modified_gmt":"2025-01-27T09:16:00","slug":"bau-2025-die-spannendsten-highlights-und-innovationen","status":"publish","type":"post","link":"https:\/\/blog.proclima.com\/de\/2025\/01\/bau-2025-die-spannendsten-highlights-und-innovationen\/","title":{"rendered":"BAU 2025: Die spannendsten Highlights und Innovationen"},"content":{"rendered":"\n<h3 class=\"wp-block-heading\"><br>Ein R\u00fcckblick<\/h3>\n\n\n\n<p>Mit \u00fcber 2.000 Ausstellern aus 58 L\u00e4ndern zog die Messe BAU in M\u00fcnchen Fachbesucher und Branchenexperten aus der ganzen Welt an und bot eine Plattform f\u00fcr den Austausch von Ideen, Innovationen und Trends.<br><br>In den f\u00fcnf Tagen der Messe konnten die Teilnehmer die neuesten Entwicklungen in den Bereichen Bau, Planung und Design entdecken. Auf dem pro clima Messestand in Halle B6, drehte sich alles um die sichere Dichtung der Geb\u00e4udeh\u00fclle. <br><strong>Die neueste Innovation<\/strong>: Eine Witterungsschutzbahn f\u00fcr den Holzbau mit integrierter Sensorik zum Detektieren aufkommender Feuchte. Ben\u00f6tigt w\u00e4hrend des Bauprozesses, verbleibt sie \u00fcber die Bestandsdauer im Geb\u00e4ude. Wasser, welches im Geb\u00e4ude w\u00e4hrend der Nutzungsphase, beispielsweise unter der Bade- oder Duschwanne, aus Waschmaschine oder Fu\u00dfbodenheizungen usw. austritt, kann mit Hilfe der Sensorik erkannt werden; der Name der smarten Bahn: SOLITEX ADHERO SENSIS.<\/p>\n\n\n\n<p><strong>Ein weiteres Top-Thema der Messe<\/strong>: Dachintegrierte Solaranlagen. Diesem Thema nehmen sich nicht nur Ziegelhersteller und Hersteller von Solaranlagen an, sondern auch pro clima und bietet Bauherren, Planern und Verarbeitern in seinem Sortiment eine Unterdeckbahn explizit f\u00fcr den Einsatz unter dachintegrierten Solaranlagen an: <a href=\"https:\/\/de.proclima.com\/produkte\/dichtung-aussen\/solitex-weldano-3000\">SOLITEX WELDANO 3000<\/a> \u2013 zum Schutz des Daches und der Konstruktion darunter.<\/p>\n\n\n\n<p>Ein<strong> Dauerbrenner unter den Anwendungen im Bereich Luftdichtung<\/strong> ist <a href=\"https:\/\/de.proclima.com\/produkte\/verbindungsmittel\/fluessigdichtung\/aerosana-visconn\">AEROSANA VISCONN<\/a>. pro clima Experten demonstrierten anschaulich den Einsatz der <a href=\"https:\/\/de.proclima.com\/produkte\/verbindungsmittel\/fluessigdichtung\">spr\u00fchbaren Luftdichtung<\/a> und die Handhabung mit dem druckluftbetriebenen <a href=\"https:\/\/de.proclima.com\/produkte\/verbindungsmittel\/fluessigdichtung\/aerofixx\">Auftragswerkzeug AEROFIXX<\/a>. Mit diesem System lassen sich auch verwinkelte, schwer zug\u00e4ngliche Bereiche, Durchdringungen und Bauteil\u00fcberg\u00e4nge schnell und einfach luftdicht ausf\u00fchren.<\/p>\n\n\n\n<h3 class=\"wp-block-heading\"><br>Lust auf einen Rundgang \u00fcber den pro clima Stand?<\/h3>\n\n\n\n<figure class=\"wp-block-embed is-type-video is-provider-youtube wp-block-embed-youtube wp-embed-aspect-16-9 wp-has-aspect-ratio\"><div class=\"wp-block-embed__wrapper\">\n<iframe loading=\"lazy\"  id=\"_ytid_15316\" width=\"1170\" height=\"658\" src=\"https:\/\/www.youtube-nocookie.com\/embed\/su4gaGl6bRk?enablejsapi=1&#038;autoplay=0&#038;cc_load_policy=0&#038;iv_load_policy=1&#038;loop=0&#038;modestbranding=1&#038;rel=0&#038;showinfo=0&#038;fs=1&#038;playsinline=1&#038;controls=2&#038;autohide=2&#038;theme=light&#038;color=red&#038;hl=de_DE&#038;\" class=\"__youtube_prefs__\" title=\"YouTube player\"  allowfullscreen data-no-lazy=\"1\" data-skipgform_ajax_framebjll=\"\"><\/iframe>\n<\/div><\/figure>\n\n\n\n<figure class=\"wp-block-embed is-type-video is-provider-youtube wp-block-embed-youtube wp-embed-aspect-16-9 wp-has-aspect-ratio\"><div class=\"wp-block-embed__wrapper\">\n<iframe loading=\"lazy\"  id=\"_ytid_79917\" width=\"1170\" height=\"658\" src=\"https:\/\/www.youtube-nocookie.com\/embed\/NnMZxZh1uac?enablejsapi=1&#038;autoplay=0&#038;cc_load_policy=0&#038;iv_load_policy=1&#038;loop=0&#038;modestbranding=1&#038;rel=0&#038;showinfo=0&#038;fs=1&#038;playsinline=1&#038;controls=2&#038;autohide=2&#038;theme=light&#038;color=red&#038;hl=de_DE&#038;\" class=\"__youtube_prefs__\" title=\"YouTube player\"  allowfullscreen data-no-lazy=\"1\" data-skipgform_ajax_framebjll=\"\"><\/iframe>\n<\/div><\/figure>\n\n\n\n<p><strong>Von Bauprofis f\u00fcr Bauprofis<\/strong>: Ob Fragen zu Produkten, deren Anwendung bis hin zu speziellen Bausituationen, die entsprechendes Fachwissen fordern &#8211; in diesem Jahr war am pro clima Messestand wieder <a href=\"https:\/\/de.proclima.com\/service\/technikhotline\">Kompetenz und Beratung<\/a> auf ganzer Linie f\u00fcr Kunden und Interessierte geboten. <br>Ob <a href=\"https:\/\/de.proclima.com\/produkte\/verbindungsmittel\/anschlussklebebaender\">Fensteranschluss<\/a>, <a href=\"https:\/\/de.proclima.com\/produkte\/dichtung-aussen#category_unterdeckung\">Wind- und Schlagregendichtheit am Steildach<\/a> &#8211; oder einem flach geneigten Dach &#8211; Schutz von ged\u00e4mmten Konstruktionen <a href=\"https:\/\/de.proclima.com\/produkte\/dichtung-aussen#category_fassade_luecke\">hinter Fassaden<\/a>, <a href=\"https:\/\/de.proclima.com\/produkte\/dichtung-innen#category_innen\">dampfbremsende Membranen<\/a> im Innenbereich, <a href=\"https:\/\/de.proclima.com\/produkte\/verbindungsmittel\/sortiment#manschetten\">Abdichtungen f\u00fcr Kabel und Rohre<\/a>, die durch die Geb\u00e4udeh\u00fclle gef\u00fchrt werden &#8211; die Bereiche waren vielf\u00e4ltig. Daneben wurde genetzwerkt, sich ausgetauscht, neue Kontakte gekn\u00fcpft und Kundenbeziehungen gepflegt.<\/p>\n\n\n\n<p>Insgesamt war die BAU 2025 ein voller Erfolg und hat einmal mehr bewiesen, dass sie eine der wichtigsten Messen der Bauindustrie ist. pro clima freut sich bereits auf das n\u00e4chste Mal. Bis dahin bleiben Interessierte auf den <a href=\"https:\/\/linktr.ee\/proclima_de\">pro clima Social Media Kan\u00e4len<\/a> stets up to date! <\/p>\n\n\n\n<p><\/p>\n","protected":false},"excerpt":{"rendered":"<p>Ein R\u00fcckblick Mit \u00fcber 2.000 Ausstellern aus 58 L\u00e4ndern zog die Messe BAU in M\u00fcnchen Fachbesucher und Branchenexperten aus der ganzen Welt an und bot <a href=\"https:\/\/blog.proclima.com\/de\/2025\/01\/bau-2025-die-spannendsten-highlights-und-innovationen\/\" rel=\"bookmark\">&#8230;<\/a><\/p>\n","protected":false},"author":42,"featured_media":11103,"comment_status":"open","ping_status":"open","sticky":false,"template":"","format":"standard","meta":{"footnotes":""},"categories":[136,1,776,3],"tags":[6258,1357,605,13,6259,12,1275,122,34,823,470,6260,6177],"class_list":["post-11102","post","type-post","status-publish","format-standard","has-post-thumbnail","hentry","category-pressemitteilung","category-proclima","category-produkte","category-veranstaltung","tag-6258","tag-aerosana-viscon","tag-bau","tag-bau-munchen","tag-innovation","tag-messe","tag-messestand","tag-munchen","tag-pro-clima","tag-produktneuheit","tag-produktneuheiten","tag-solitex-adhero-sensi","tag-solitex-weldano-3000"],"yoast_head":"<!-- This site is optimized with the Yoast SEO plugin v27.5 - https:\/\/yoast.com\/product\/yoast-seo-wordpress\/ -->\n<title>BAU 2025: Die spannendsten Highlights und Innovationen &#187; pro clima Blog - Deutschland<\/title>\n<meta name=\"robots\" content=\"index, follow, max-snippet:-1, max-image-preview:large, max-video-preview:-1\" \/>\n<link rel=\"canonical\" href=\"https:\/\/blog.proclima.com\/de\/2025\/01\/bau-2025-die-spannendsten-highlights-und-innovationen\/\" \/>\n<meta property=\"og:locale\" content=\"de_DE\" \/>\n<meta property=\"og:type\" content=\"article\" \/>\n<meta property=\"og:title\" content=\"BAU 2025: Die spannendsten Highlights und Innovationen &#187; pro clima Blog - Deutschland\" \/>\n<meta property=\"og:description\" content=\"Ein R\u00fcckblick Mit \u00fcber 2.000 Ausstellern aus 58 L\u00e4ndern zog die Messe BAU in M\u00fcnchen Fachbesucher und Branchenexperten aus der ganzen Welt an und bot ...\" \/>\n<meta property=\"og:url\" content=\"https:\/\/blog.proclima.com\/de\/2025\/01\/bau-2025-die-spannendsten-highlights-und-innovationen\/\" \/>\n<meta property=\"og:site_name\" content=\"pro clima Blog - Deutschland\" \/>\n<meta property=\"article:publisher\" content=\"https:\/\/www.facebook.com\/proclima\" \/>\n<meta property=\"article:published_time\" content=\"2025-01-24T16:00:00+00:00\" \/>\n<meta property=\"article:modified_time\" content=\"2025-01-27T09:16:00+00:00\" \/>\n<meta property=\"og:image\" content=\"https:\/\/blog.proclima.com\/de\/files\/2025\/01\/msz_messe_bau_2025_-1001-scaled.jpg\" \/>\n\t<meta property=\"og:image:width\" content=\"2560\" \/>\n\t<meta property=\"og:image:height\" content=\"1709\" \/>\n\t<meta property=\"og:image:type\" content=\"image\/jpeg\" \/>\n<meta name=\"author\" content=\"favaro\" \/>\n<meta name=\"twitter:card\" content=\"summary_large_image\" \/>\n<meta name=\"twitter:creator\" content=\"@proclimaDE\" \/>\n<meta name=\"twitter:site\" content=\"@proclimaDE\" \/>\n<meta name=\"twitter:label1\" content=\"Verfasst von\" \/>\n\t<meta name=\"twitter:data1\" content=\"favaro\" \/>\n\t<meta name=\"twitter:label2\" content=\"Gesch\u00e4tzte Lesezeit\" \/>\n\t<meta name=\"twitter:data2\" content=\"2\u00a0Minuten\" \/>\n<script type=\"application\/ld+json\" class=\"yoast-schema-graph\">{\"@context\":\"https:\\\/\\\/schema.org\",\"@graph\":[{\"@type\":\"Article\",\"@id\":\"https:\\\/\\\/blog.proclima.com\\\/de\\\/2025\\\/01\\\/bau-2025-die-spannendsten-highlights-und-innovationen\\\/#article\",\"isPartOf\":{\"@id\":\"https:\\\/\\\/blog.proclima.com\\\/de\\\/2025\\\/01\\\/bau-2025-die-spannendsten-highlights-und-innovationen\\\/\"},\"author\":{\"name\":\"favaro\",\"@id\":\"https:\\\/\\\/blog.proclima.com\\\/de\\\/#\\\/schema\\\/person\\\/d23c868de01f7719b81c5c18d5ee617e\"},\"headline\":\"BAU 2025: Die spannendsten Highlights und Innovationen\",\"datePublished\":\"2025-01-24T16:00:00+00:00\",\"dateModified\":\"2025-01-27T09:16:00+00:00\",\"mainEntityOfPage\":{\"@id\":\"https:\\\/\\\/blog.proclima.com\\\/de\\\/2025\\\/01\\\/bau-2025-die-spannendsten-highlights-und-innovationen\\\/\"},\"wordCount\":427,\"commentCount\":2,\"publisher\":{\"@id\":\"https:\\\/\\\/blog.proclima.com\\\/de\\\/#organization\"},\"image\":{\"@id\":\"https:\\\/\\\/blog.proclima.com\\\/de\\\/2025\\\/01\\\/bau-2025-die-spannendsten-highlights-und-innovationen\\\/#primaryimage\"},\"thumbnailUrl\":\"https:\\\/\\\/blog.proclima.com\\\/de\\\/files\\\/2025\\\/01\\\/msz_messe_bau_2025_-1001-scaled.jpg\",\"keywords\":[\"2025\",\"Aerosana Viscon\",\"Bau\",\"Bau M\u00fcnchen\",\"Innovation\",\"Messe\",\"Messestand\",\"m\u00fcnchen\",\"pro clima\",\"Produktneuheit\",\"Produktneuheiten\",\"SOLITEX ADHERO SENSI\",\"SOLITEX WELDANO 3000\"],\"articleSection\":[\"Pressemitteilungen\",\"pro clima\",\"Produkte\",\"Veranstaltung\"],\"inLanguage\":\"de\",\"potentialAction\":[{\"@type\":\"CommentAction\",\"name\":\"Comment\",\"target\":[\"https:\\\/\\\/blog.proclima.com\\\/de\\\/2025\\\/01\\\/bau-2025-die-spannendsten-highlights-und-innovationen\\\/#respond\"]}]},{\"@type\":\"WebPage\",\"@id\":\"https:\\\/\\\/blog.proclima.com\\\/de\\\/2025\\\/01\\\/bau-2025-die-spannendsten-highlights-und-innovationen\\\/\",\"url\":\"https:\\\/\\\/blog.proclima.com\\\/de\\\/2025\\\/01\\\/bau-2025-die-spannendsten-highlights-und-innovationen\\\/\",\"name\":\"BAU 2025: Die spannendsten Highlights und Innovationen &#187; pro clima Blog - Deutschland\",\"isPartOf\":{\"@id\":\"https:\\\/\\\/blog.proclima.com\\\/de\\\/#website\"},\"primaryImageOfPage\":{\"@id\":\"https:\\\/\\\/blog.proclima.com\\\/de\\\/2025\\\/01\\\/bau-2025-die-spannendsten-highlights-und-innovationen\\\/#primaryimage\"},\"image\":{\"@id\":\"https:\\\/\\\/blog.proclima.com\\\/de\\\/2025\\\/01\\\/bau-2025-die-spannendsten-highlights-und-innovationen\\\/#primaryimage\"},\"thumbnailUrl\":\"https:\\\/\\\/blog.proclima.com\\\/de\\\/files\\\/2025\\\/01\\\/msz_messe_bau_2025_-1001-scaled.jpg\",\"datePublished\":\"2025-01-24T16:00:00+00:00\",\"dateModified\":\"2025-01-27T09:16:00+00:00\",\"breadcrumb\":{\"@id\":\"https:\\\/\\\/blog.proclima.com\\\/de\\\/2025\\\/01\\\/bau-2025-die-spannendsten-highlights-und-innovationen\\\/#breadcrumb\"},\"inLanguage\":\"de\",\"potentialAction\":[{\"@type\":\"ReadAction\",\"target\":[\"https:\\\/\\\/blog.proclima.com\\\/de\\\/2025\\\/01\\\/bau-2025-die-spannendsten-highlights-und-innovationen\\\/\"]}]},{\"@type\":\"ImageObject\",\"inLanguage\":\"de\",\"@id\":\"https:\\\/\\\/blog.proclima.com\\\/de\\\/2025\\\/01\\\/bau-2025-die-spannendsten-highlights-und-innovationen\\\/#primaryimage\",\"url\":\"https:\\\/\\\/blog.proclima.com\\\/de\\\/files\\\/2025\\\/01\\\/msz_messe_bau_2025_-1001-scaled.jpg\",\"contentUrl\":\"https:\\\/\\\/blog.proclima.com\\\/de\\\/files\\\/2025\\\/01\\\/msz_messe_bau_2025_-1001-scaled.jpg\",\"width\":2560,\"height\":1709,\"caption\":\"2025, Bau, Messe, Muenchen, Pro Clima Pro Clima auf der Messe BAU 2025 Messe BAU 2025\"},{\"@type\":\"BreadcrumbList\",\"@id\":\"https:\\\/\\\/blog.proclima.com\\\/de\\\/2025\\\/01\\\/bau-2025-die-spannendsten-highlights-und-innovationen\\\/#breadcrumb\",\"itemListElement\":[{\"@type\":\"ListItem\",\"position\":1,\"name\":\"Startseite\",\"item\":\"https:\\\/\\\/blog.proclima.com\\\/de\\\/\"},{\"@type\":\"ListItem\",\"position\":2,\"name\":\"BAU 2025: Die spannendsten Highlights und Innovationen\"}]},{\"@type\":\"WebSite\",\"@id\":\"https:\\\/\\\/blog.proclima.com\\\/de\\\/#website\",\"url\":\"https:\\\/\\\/blog.proclima.com\\\/de\\\/\",\"name\":\"pro clima Blog - Deutschland\",\"description\":\"alles was pro clima bewegt\",\"publisher\":{\"@id\":\"https:\\\/\\\/blog.proclima.com\\\/de\\\/#organization\"},\"potentialAction\":[{\"@type\":\"SearchAction\",\"target\":{\"@type\":\"EntryPoint\",\"urlTemplate\":\"https:\\\/\\\/blog.proclima.com\\\/de\\\/?s={search_term_string}\"},\"query-input\":{\"@type\":\"PropertyValueSpecification\",\"valueRequired\":true,\"valueName\":\"search_term_string\"}}],\"inLanguage\":\"de\"},{\"@type\":\"Organization\",\"@id\":\"https:\\\/\\\/blog.proclima.com\\\/de\\\/#organization\",\"name\":\"pro clima - Moll bau\u00f6kologische Produkte GmbH\",\"url\":\"https:\\\/\\\/blog.proclima.com\\\/de\\\/\",\"logo\":{\"@type\":\"ImageObject\",\"inLanguage\":\"de\",\"@id\":\"https:\\\/\\\/blog.proclima.com\\\/de\\\/#\\\/schema\\\/logo\\\/image\\\/\",\"url\":\"https:\\\/\\\/blog.proclima.com\\\/de\\\/files\\\/2020\\\/04\\\/Logo-pro-clima.png\",\"contentUrl\":\"https:\\\/\\\/blog.proclima.com\\\/de\\\/files\\\/2020\\\/04\\\/Logo-pro-clima.png\",\"width\":4210,\"height\":4881,\"caption\":\"pro clima - Moll bau\u00f6kologische Produkte GmbH\"},\"image\":{\"@id\":\"https:\\\/\\\/blog.proclima.com\\\/de\\\/#\\\/schema\\\/logo\\\/image\\\/\"},\"sameAs\":[\"https:\\\/\\\/www.facebook.com\\\/proclima\",\"https:\\\/\\\/x.com\\\/proclimaDE\"]},{\"@type\":\"Person\",\"@id\":\"https:\\\/\\\/blog.proclima.com\\\/de\\\/#\\\/schema\\\/person\\\/d23c868de01f7719b81c5c18d5ee617e\",\"name\":\"favaro\",\"url\":\"https:\\\/\\\/blog.proclima.com\\\/de\\\/author\\\/favaro\\\/\"}]}<\/script>\n<!-- \/ Yoast SEO plugin. -->","yoast_head_json":{"title":"BAU 2025: Die spannendsten Highlights und Innovationen &#187; pro clima Blog - Deutschland","robots":{"index":"index","follow":"follow","max-snippet":"max-snippet:-1","max-image-preview":"max-image-preview:large","max-video-preview":"max-video-preview:-1"},"canonical":"https:\/\/blog.proclima.com\/de\/2025\/01\/bau-2025-die-spannendsten-highlights-und-innovationen\/","og_locale":"de_DE","og_type":"article","og_title":"BAU 2025: Die spannendsten Highlights und Innovationen &#187; pro clima Blog - Deutschland","og_description":"Ein R\u00fcckblick Mit \u00fcber 2.000 Ausstellern aus 58 L\u00e4ndern zog die Messe BAU in M\u00fcnchen Fachbesucher und Branchenexperten aus der ganzen Welt an und bot ...","og_url":"https:\/\/blog.proclima.com\/de\/2025\/01\/bau-2025-die-spannendsten-highlights-und-innovationen\/","og_site_name":"pro clima Blog - Deutschland","article_publisher":"https:\/\/www.facebook.com\/proclima","article_published_time":"2025-01-24T16:00:00+00:00","article_modified_time":"2025-01-27T09:16:00+00:00","og_image":[{"width":2560,"height":1709,"url":"https:\/\/blog.proclima.com\/de\/files\/2025\/01\/msz_messe_bau_2025_-1001-scaled.jpg","type":"image\/jpeg"}],"author":"favaro","twitter_card":"summary_large_image","twitter_creator":"@proclimaDE","twitter_site":"@proclimaDE","twitter_misc":{"Verfasst von":"favaro","Gesch\u00e4tzte Lesezeit":"2\u00a0Minuten"},"schema":{"@context":"https:\/\/schema.org","@graph":[{"@type":"Article","@id":"https:\/\/blog.proclima.com\/de\/2025\/01\/bau-2025-die-spannendsten-highlights-und-innovationen\/#article","isPartOf":{"@id":"https:\/\/blog.proclima.com\/de\/2025\/01\/bau-2025-die-spannendsten-highlights-und-innovationen\/"},"author":{"name":"favaro","@id":"https:\/\/blog.proclima.com\/de\/#\/schema\/person\/d23c868de01f7719b81c5c18d5ee617e"},"headline":"BAU 2025: Die spannendsten Highlights und Innovationen","datePublished":"2025-01-24T16:00:00+00:00","dateModified":"2025-01-27T09:16:00+00:00","mainEntityOfPage":{"@id":"https:\/\/blog.proclima.com\/de\/2025\/01\/bau-2025-die-spannendsten-highlights-und-innovationen\/"},"wordCount":427,"commentCount":2,"publisher":{"@id":"https:\/\/blog.proclima.com\/de\/#organization"},"image":{"@id":"https:\/\/blog.proclima.com\/de\/2025\/01\/bau-2025-die-spannendsten-highlights-und-innovationen\/#primaryimage"},"thumbnailUrl":"https:\/\/blog.proclima.com\/de\/files\/2025\/01\/msz_messe_bau_2025_-1001-scaled.jpg","keywords":["2025","Aerosana Viscon","Bau","Bau M\u00fcnchen","Innovation","Messe","Messestand","m\u00fcnchen","pro clima","Produktneuheit","Produktneuheiten","SOLITEX ADHERO SENSI","SOLITEX WELDANO 3000"],"articleSection":["Pressemitteilungen","pro clima","Produkte","Veranstaltung"],"inLanguage":"de","potentialAction":[{"@type":"CommentAction","name":"Comment","target":["https:\/\/blog.proclima.com\/de\/2025\/01\/bau-2025-die-spannendsten-highlights-und-innovationen\/#respond"]}]},{"@type":"WebPage","@id":"https:\/\/blog.proclima.com\/de\/2025\/01\/bau-2025-die-spannendsten-highlights-und-innovationen\/","url":"https:\/\/blog.proclima.com\/de\/2025\/01\/bau-2025-die-spannendsten-highlights-und-innovationen\/","name":"BAU 2025: Die spannendsten Highlights und Innovationen &#187; pro clima Blog - Deutschland","isPartOf":{"@id":"https:\/\/blog.proclima.com\/de\/#website"},"primaryImageOfPage":{"@id":"https:\/\/blog.proclima.com\/de\/2025\/01\/bau-2025-die-spannendsten-highlights-und-innovationen\/#primaryimage"},"image":{"@id":"https:\/\/blog.proclima.com\/de\/2025\/01\/bau-2025-die-spannendsten-highlights-und-innovationen\/#primaryimage"},"thumbnailUrl":"https:\/\/blog.proclima.com\/de\/files\/2025\/01\/msz_messe_bau_2025_-1001-scaled.jpg","datePublished":"2025-01-24T16:00:00+00:00","dateModified":"2025-01-27T09:16:00+00:00","breadcrumb":{"@id":"https:\/\/blog.proclima.com\/de\/2025\/01\/bau-2025-die-spannendsten-highlights-und-innovationen\/#breadcrumb"},"inLanguage":"de","potentialAction":[{"@type":"ReadAction","target":["https:\/\/blog.proclima.com\/de\/2025\/01\/bau-2025-die-spannendsten-highlights-und-innovationen\/"]}]},{"@type":"ImageObject","inLanguage":"de","@id":"https:\/\/blog.proclima.com\/de\/2025\/01\/bau-2025-die-spannendsten-highlights-und-innovationen\/#primaryimage","url":"https:\/\/blog.proclima.com\/de\/files\/2025\/01\/msz_messe_bau_2025_-1001-scaled.jpg","contentUrl":"https:\/\/blog.proclima.com\/de\/files\/2025\/01\/msz_messe_bau_2025_-1001-scaled.jpg","width":2560,"height":1709,"caption":"2025, Bau, Messe, Muenchen, Pro Clima Pro Clima auf der Messe BAU 2025 Messe BAU 2025"},{"@type":"BreadcrumbList","@id":"https:\/\/blog.proclima.com\/de\/2025\/01\/bau-2025-die-spannendsten-highlights-und-innovationen\/#breadcrumb","itemListElement":[{"@type":"ListItem","position":1,"name":"Startseite","item":"https:\/\/blog.proclima.com\/de\/"},{"@type":"ListItem","position":2,"name":"BAU 2025: Die spannendsten Highlights und Innovationen"}]},{"@type":"WebSite","@id":"https:\/\/blog.proclima.com\/de\/#website","url":"https:\/\/blog.proclima.com\/de\/","name":"pro clima Blog - Deutschland","description":"alles was pro clima bewegt","publisher":{"@id":"https:\/\/blog.proclima.com\/de\/#organization"},"potentialAction":[{"@type":"SearchAction","target":{"@type":"EntryPoint","urlTemplate":"https:\/\/blog.proclima.com\/de\/?s={search_term_string}"},"query-input":{"@type":"PropertyValueSpecification","valueRequired":true,"valueName":"search_term_string"}}],"inLanguage":"de"},{"@type":"Organization","@id":"https:\/\/blog.proclima.com\/de\/#organization","name":"pro clima - Moll bau\u00f6kologische Produkte GmbH","url":"https:\/\/blog.proclima.com\/de\/","logo":{"@type":"ImageObject","inLanguage":"de","@id":"https:\/\/blog.proclima.com\/de\/#\/schema\/logo\/image\/","url":"https:\/\/blog.proclima.com\/de\/files\/2020\/04\/Logo-pro-clima.png","contentUrl":"https:\/\/blog.proclima.com\/de\/files\/2020\/04\/Logo-pro-clima.png","width":4210,"height":4881,"caption":"pro clima - Moll bau\u00f6kologische Produkte GmbH"},"image":{"@id":"https:\/\/blog.proclima.com\/de\/#\/schema\/logo\/image\/"},"sameAs":["https:\/\/www.facebook.com\/proclima","https:\/\/x.com\/proclimaDE"]},{"@type":"Person","@id":"https:\/\/blog.proclima.com\/de\/#\/schema\/person\/d23c868de01f7719b81c5c18d5ee617e","name":"favaro","url":"https:\/\/blog.proclima.com\/de\/author\/favaro\/"}]}},"canto_acf_fields":"","_links":{"self":[{"href":"https:\/\/blog.proclima.com\/de\/wp-json\/wp\/v2\/posts\/11102","targetHints":{"allow":["GET"]}}],"collection":[{"href":"https:\/\/blog.proclima.com\/de\/wp-json\/wp\/v2\/posts"}],"about":[{"href":"https:\/\/blog.proclima.com\/de\/wp-json\/wp\/v2\/types\/post"}],"author":[{"embeddable":true,"href":"https:\/\/blog.proclima.com\/de\/wp-json\/wp\/v2\/users\/42"}],"replies":[{"embeddable":true,"href":"https:\/\/blog.proclima.com\/de\/wp-json\/wp\/v2\/comments?post=11102"}],"version-history":[{"count":6,"href":"https:\/\/blog.proclima.com\/de\/wp-json\/wp\/v2\/posts\/11102\/revisions"}],"predecessor-version":[{"id":11109,"href":"https:\/\/blog.proclima.com\/de\/wp-json\/wp\/v2\/posts\/11102\/revisions\/11109"}],"wp:featuredmedia":[{"embeddable":true,"href":"https:\/\/blog.proclima.com\/de\/wp-json\/wp\/v2\/media\/11103"}],"wp:attachment":[{"href":"https:\/\/blog.proclima.com\/de\/wp-json\/wp\/v2\/media?parent=11102"}],"wp:term":[{"taxonomy":"category","embeddable":true,"href":"https:\/\/blog.proclima.com\/de\/wp-json\/wp\/v2\/categories?post=11102"},{"taxonomy":"post_tag","embeddable":true,"href":"https:\/\/blog.proclima.com\/de\/wp-json\/wp\/v2\/tags?post=11102"}],"curies":[{"name":"wp","href":"https:\/\/api.w.org\/{rel}","templated":true}]}}