
{"id":11096,"date":"2025-01-29T11:56:23","date_gmt":"2025-01-29T10:56:23","guid":{"rendered":"https:\/\/blog.proclima.com\/de\/?p=11096"},"modified":"2025-01-29T11:56:24","modified_gmt":"2025-01-29T10:56:24","slug":"neues-quellschweissmittel-weldano-turga-hs-von-pro-clima-jetzt-gesuender-und-nachhaltiger","status":"publish","type":"post","link":"https:\/\/blog.proclima.com\/de\/2025\/01\/neues-quellschweissmittel-weldano-turga-hs-von-pro-clima-jetzt-gesuender-und-nachhaltiger\/","title":{"rendered":"Neues Quellschwei\u00dfmittel WELDANO TURGA HS von pro clima \u2013 jetzt ges\u00fcnder und nachhaltiger"},"content":{"rendered":"\n<p>pro clima pr\u00e4sentiert mit WELDANO TURGA HS eine innovative Version seines bew\u00e4hrten Quellschwei\u00dfmittels WELDANO TURGA. Die Abk\u00fcrzung &#8222;HS&#8220; steht f\u00fcr \u201eHealth and Sustainability&#8220; (\u201eGesundheit und Nachhaltigkeit\u201c) und bringt zahlreiche Vorteile f\u00fcr Anwender und Umwelt mit sich. Verf\u00fcgbar ist die Neuheit ab 1. M\u00e4rz 2025.<\/p>\n\n\n\n<h3 class=\"wp-block-heading\"><strong>Ges\u00fcnder und angenehmer zu verarbeiten<\/strong><\/h3>\n\n\n\n<p>WELDANO TURGA HS zeichnet sich durch eine deutlich reduzierte Geruchsbelastung und eine geringere Schadstoffkennzeichnung aus. Die neue Rezeptur wurde erfolgreich nach den strengen Kriterien des Ausschusses zur gesundheitlichen Bewertung von Bauprodukten (AgBB) gepr\u00fcft und sorgt f\u00fcr ein deutlich angenehmeres Arbeitsumfeld. Das neue Quellschwei\u00dfmittel erreicht beste Werte im Schadstofftest. Das macht WELDANO TURGA HS zur optimalen Wahl f\u00fcr die Verarbeitung in Innenr\u00e4umen, insbesondere in Produktionshallen und bei der Vorkonfektionierung.<\/p>\n\n\n\n<p><\/p>\n\n\n\n<h3 class=\"wp-block-heading\"><strong>Effiziente und sichere Verarbeitung<\/strong><\/h3>\n\n\n\n<p>Das Quellschwei\u00dfmittel WELDANO TURGA HS kommt bei der wasserdichten homogenen Verschwei\u00dfung der \u00dcberlappungen von SOLITEX WELDANO 3000 zum Einsatz. Die Funktionsweise vom bew\u00e4hrten WELDANO TURGA und dem neuen WELDANO TURGA HS ist gleich: beide l\u00f6sen die Oberfl\u00e4che der WELDANO-Bahnen an und erm\u00f6glichen so nach dem F\u00fcgen eine homogene und belastbare Verbindung. Der entscheidende Unterschied liegt in der ver\u00e4nderten L\u00f6sungsmittelzusammensetzung und den daraus resultierenden unterschiedlichen Verarbeitungstemperaturen.<\/p>\n\n\n\n<p>Eine Voraussetzung f\u00fcr den Einsatz von WELDANO TURGA HS ist eine Verarbeitungstemperatur von mindestens +10 \u00b0C, w\u00e4hrend WELDANO TURGA auch bei niedrigeren Temperaturen eingesetzt werden kann.<\/p>\n\n\n\n<h3 class=\"wp-block-heading\"><strong>Die Vorteile <\/strong><strong>von WELDANO TURGA HS <\/strong><strong>auf einen Blick:<\/strong><\/h3>\n\n\n\n<ul class=\"wp-block-list\">\n<li><strong>Beste Werte im Schadstofftest<\/strong>: Erfolgreiche Pr\u00fcfung nach AgBB-Kriterien<\/li>\n\n\n\n<li><strong>Geringere Geruchsbelastung<\/strong>: F\u00fcr ein angenehmeres Arbeitsumfeld<\/li>\n\n\n\n<li><strong>Effizient arbeiten<\/strong>: Sparsam im Verbrauch<\/li>\n\n\n\n<li><strong>Z\u00fcgig weiterarbeiten<\/strong>: Sicher und schnell belastbare Verbindungen<\/li>\n\n\n\n<li><strong>Systemkompatibilit\u00e4t<\/strong>: Abgestimmtes Quellschwei\u00dfmittel f\u00fcr SOLITEX WELDANO 3000<\/li>\n<\/ul>\n\n\n\n<div class=\"wp-block-media-text has-media-on-the-right is-stacked-on-mobile is-vertically-aligned-top\" style=\"grid-template-columns:auto 42%\"><div class=\"wp-block-media-text__content\">\n<p>Mit WELDANO TURGA HS hebt pro clima den Standard f\u00fcr Quellschwei\u00dfmittel auf ein neues Niveau. Dank der gesundheitlich und \u00f6kologisch optimierten Rezeptur k\u00f6nnen Verarbeiter in einer angenehmeren Umgebung effizienter und sicherer arbeiten. Durch die pr\u00fcfstellenbest\u00e4tigte Reduktion der Schadstoffemissionen tr\u00e4gt WELDANO TURGA HS zudem aktiv zum Schutz der Umwelt und der Gesundheit bei.<\/p>\n<\/div><figure class=\"wp-block-media-text__media\"><img loading=\"lazy\" decoding=\"async\" width=\"1024\" height=\"1024\" src=\"https:\/\/blog.proclima.com\/de\/files\/2025\/01\/p_WELDANO-TURGA-HS_high-res-1024x1024.jpg\" alt=\"\" class=\"wp-image-11097 size-full\" srcset=\"https:\/\/blog.proclima.com\/de\/files\/2025\/01\/p_WELDANO-TURGA-HS_high-res-1024x1024.jpg 1024w, https:\/\/blog.proclima.com\/de\/files\/2025\/01\/p_WELDANO-TURGA-HS_high-res-300x300.jpg 300w, https:\/\/blog.proclima.com\/de\/files\/2025\/01\/p_WELDANO-TURGA-HS_high-res-150x150.jpg 150w, https:\/\/blog.proclima.com\/de\/files\/2025\/01\/p_WELDANO-TURGA-HS_high-res-768x768.jpg 768w, https:\/\/blog.proclima.com\/de\/files\/2025\/01\/p_WELDANO-TURGA-HS_high-res-1536x1536.jpg 1536w, https:\/\/blog.proclima.com\/de\/files\/2025\/01\/p_WELDANO-TURGA-HS_high-res-2048x2048.jpg 2048w, https:\/\/blog.proclima.com\/de\/files\/2025\/01\/p_WELDANO-TURGA-HS_high-res-384x384.jpg 384w, https:\/\/blog.proclima.com\/de\/files\/2025\/01\/p_WELDANO-TURGA-HS_high-res-216x216.jpg 216w\" sizes=\"auto, (max-width: 1024px) 100vw, 1024px\" \/><\/figure><\/div>\n\n\n\n<div style=\"height:33px\" aria-hidden=\"true\" class=\"wp-block-spacer\"><\/div>\n\n\n\n<p><strong>Weitere Infos erhalten Sie auf unserer Produkt-Seite:<\/strong><\/p>\n\n\n\n<div style=\"height:28px\" aria-hidden=\"true\" class=\"wp-block-spacer\"><\/div>\n\n\n\n<div class=\"wp-block-buttons is-content-justification-center is-layout-flex wp-container-core-buttons-is-layout-16018d1d wp-block-buttons-is-layout-flex\">\n<div class=\"wp-block-button\"><a class=\"wp-block-button__link wp-element-button\" href=\"https:\/\/de.proclima.com\/produkte\/dichtung-aussen\/weldano-turga-hs\" target=\"_blank\" rel=\"noreferrer noopener\">zum Produkt<\/a><\/div>\n<\/div>\n\n\n\n<p><\/p>\n","protected":false},"excerpt":{"rendered":"<p>pro clima pr\u00e4sentiert mit WELDANO TURGA HS eine innovative Version seines bew\u00e4hrten Quellschwei\u00dfmittels WELDANO TURGA. Die Abk\u00fcrzung &#8222;HS&#8220; steht f\u00fcr \u201eHealth and Sustainability&#8220; (\u201eGesundheit und <a href=\"https:\/\/blog.proclima.com\/de\/2025\/01\/neues-quellschweissmittel-weldano-turga-hs-von-pro-clima-jetzt-gesuender-und-nachhaltiger\/\" rel=\"bookmark\">&#8230;<\/a><\/p>\n","protected":false},"author":453,"featured_media":11098,"comment_status":"open","ping_status":"open","sticky":false,"template":"","format":"standard","meta":{"footnotes":""},"categories":[1404,1491,6162,6161,6159,887,1,776,923,1402,6254],"tags":[312,1465,112,6249,1353,34,37,6139,6261],"class_list":["post-11096","post","type-post","status-publish","format-standard","has-post-thumbnail","hentry","category-anschlusse-und-details","category-holzbau","category-lust-auf-besser-bauen","category-lust-auf-neue-ideen","category-lust-auf-zukunft","category-passivhaus","category-proclima","category-produkte","category-sanierung","category-winddichtung","category-witterungsschutz","tag-dachsanierung","tag-gesundheit","tag-luftdichtung","tag-nachhaltigkeit","tag-neuheit","tag-pro-clima","tag-sanierung","tag-solitex-weldano","tag-turga-hs"],"yoast_head":"<!-- This site is optimized with the Yoast SEO plugin v27.5 - https:\/\/yoast.com\/product\/yoast-seo-wordpress\/ -->\n<title>Neues Quellschwei\u00dfmittel WELDANO TURGA HS von pro clima \u2013 jetzt ges\u00fcnder und nachhaltiger &#187; pro clima Blog - Deutschland<\/title>\n<meta name=\"robots\" content=\"index, follow, max-snippet:-1, max-image-preview:large, max-video-preview:-1\" \/>\n<link rel=\"canonical\" href=\"https:\/\/blog.proclima.com\/de\/2025\/01\/neues-quellschweissmittel-weldano-turga-hs-von-pro-clima-jetzt-gesuender-und-nachhaltiger\/\" \/>\n<meta property=\"og:locale\" content=\"de_DE\" \/>\n<meta property=\"og:type\" content=\"article\" \/>\n<meta property=\"og:title\" content=\"Neues Quellschwei\u00dfmittel WELDANO TURGA HS von pro clima \u2013 jetzt ges\u00fcnder und nachhaltiger &#187; pro clima Blog - Deutschland\" \/>\n<meta property=\"og:description\" content=\"pro clima pr\u00e4sentiert mit WELDANO TURGA HS eine innovative Version seines bew\u00e4hrten Quellschwei\u00dfmittels WELDANO TURGA. Die Abk\u00fcrzung &#8222;HS&#8220; steht f\u00fcr \u201eHealth and Sustainability&#8220; (\u201eGesundheit und ...\" \/>\n<meta property=\"og:url\" content=\"https:\/\/blog.proclima.com\/de\/2025\/01\/neues-quellschweissmittel-weldano-turga-hs-von-pro-clima-jetzt-gesuender-und-nachhaltiger\/\" \/>\n<meta property=\"og:site_name\" content=\"pro clima Blog - Deutschland\" \/>\n<meta property=\"article:publisher\" content=\"https:\/\/www.facebook.com\/proclima\" \/>\n<meta property=\"article:published_time\" content=\"2025-01-29T10:56:23+00:00\" \/>\n<meta property=\"article:modified_time\" content=\"2025-01-29T10:56:24+00:00\" \/>\n<meta property=\"og:image\" content=\"https:\/\/blog.proclima.com\/de\/files\/2025\/01\/Teaser_WELDANO-TURGA-HS-de.png\" \/>\n\t<meta property=\"og:image:width\" content=\"656\" \/>\n\t<meta property=\"og:image:height\" content=\"325\" \/>\n\t<meta property=\"og:image:type\" content=\"image\/png\" \/>\n<meta name=\"author\" content=\"Friederike Remiorz\" \/>\n<meta name=\"twitter:card\" content=\"summary_large_image\" \/>\n<meta name=\"twitter:creator\" content=\"@proclimaDE\" \/>\n<meta name=\"twitter:site\" content=\"@proclimaDE\" \/>\n<meta name=\"twitter:label1\" content=\"Verfasst von\" \/>\n\t<meta name=\"twitter:data1\" content=\"Friederike Remiorz\" \/>\n\t<meta name=\"twitter:label2\" content=\"Gesch\u00e4tzte Lesezeit\" \/>\n\t<meta name=\"twitter:data2\" content=\"2\u00a0Minuten\" \/>\n<script type=\"application\/ld+json\" class=\"yoast-schema-graph\">{\"@context\":\"https:\\\/\\\/schema.org\",\"@graph\":[{\"@type\":\"Article\",\"@id\":\"https:\\\/\\\/blog.proclima.com\\\/de\\\/2025\\\/01\\\/neues-quellschweissmittel-weldano-turga-hs-von-pro-clima-jetzt-gesuender-und-nachhaltiger\\\/#article\",\"isPartOf\":{\"@id\":\"https:\\\/\\\/blog.proclima.com\\\/de\\\/2025\\\/01\\\/neues-quellschweissmittel-weldano-turga-hs-von-pro-clima-jetzt-gesuender-und-nachhaltiger\\\/\"},\"author\":{\"name\":\"Friederike Remiorz\",\"@id\":\"https:\\\/\\\/blog.proclima.com\\\/de\\\/#\\\/schema\\\/person\\\/c596ad1307bfc3dc78019a7338a86dc1\"},\"headline\":\"Neues Quellschwei\u00dfmittel WELDANO TURGA HS von pro clima \u2013 jetzt ges\u00fcnder und nachhaltiger\",\"datePublished\":\"2025-01-29T10:56:23+00:00\",\"dateModified\":\"2025-01-29T10:56:24+00:00\",\"mainEntityOfPage\":{\"@id\":\"https:\\\/\\\/blog.proclima.com\\\/de\\\/2025\\\/01\\\/neues-quellschweissmittel-weldano-turga-hs-von-pro-clima-jetzt-gesuender-und-nachhaltiger\\\/\"},\"wordCount\":361,\"commentCount\":0,\"publisher\":{\"@id\":\"https:\\\/\\\/blog.proclima.com\\\/de\\\/#organization\"},\"image\":{\"@id\":\"https:\\\/\\\/blog.proclima.com\\\/de\\\/2025\\\/01\\\/neues-quellschweissmittel-weldano-turga-hs-von-pro-clima-jetzt-gesuender-und-nachhaltiger\\\/#primaryimage\"},\"thumbnailUrl\":\"https:\\\/\\\/blog.proclima.com\\\/de\\\/files\\\/2025\\\/01\\\/Teaser_WELDANO-TURGA-HS-de.png\",\"keywords\":[\"Dachsanierung\",\"Gesundheit\",\"Luftdichtung\",\"Nachhaltigkeit\",\"Neuheit\",\"pro clima\",\"Sanierung\",\"SOLITEX WELDANO\",\"TURGA HS\"],\"articleSection\":[\"Anschl\u00fcsse und Details\",\"Holzbau\",\"Lust auf BESSER BAUEN\",\"Lust auf NEUE IDEEN\",\"Lust auf ZUKUNFT\",\"Passivhaus\",\"pro clima\",\"Produkte\",\"Sanierung\",\"Winddichtung\",\"Witterungsschutz\"],\"inLanguage\":\"de\",\"potentialAction\":[{\"@type\":\"CommentAction\",\"name\":\"Comment\",\"target\":[\"https:\\\/\\\/blog.proclima.com\\\/de\\\/2025\\\/01\\\/neues-quellschweissmittel-weldano-turga-hs-von-pro-clima-jetzt-gesuender-und-nachhaltiger\\\/#respond\"]}]},{\"@type\":\"WebPage\",\"@id\":\"https:\\\/\\\/blog.proclima.com\\\/de\\\/2025\\\/01\\\/neues-quellschweissmittel-weldano-turga-hs-von-pro-clima-jetzt-gesuender-und-nachhaltiger\\\/\",\"url\":\"https:\\\/\\\/blog.proclima.com\\\/de\\\/2025\\\/01\\\/neues-quellschweissmittel-weldano-turga-hs-von-pro-clima-jetzt-gesuender-und-nachhaltiger\\\/\",\"name\":\"Neues Quellschwei\u00dfmittel WELDANO TURGA HS von pro clima \u2013 jetzt ges\u00fcnder und nachhaltiger &#187; pro clima Blog - Deutschland\",\"isPartOf\":{\"@id\":\"https:\\\/\\\/blog.proclima.com\\\/de\\\/#website\"},\"primaryImageOfPage\":{\"@id\":\"https:\\\/\\\/blog.proclima.com\\\/de\\\/2025\\\/01\\\/neues-quellschweissmittel-weldano-turga-hs-von-pro-clima-jetzt-gesuender-und-nachhaltiger\\\/#primaryimage\"},\"image\":{\"@id\":\"https:\\\/\\\/blog.proclima.com\\\/de\\\/2025\\\/01\\\/neues-quellschweissmittel-weldano-turga-hs-von-pro-clima-jetzt-gesuender-und-nachhaltiger\\\/#primaryimage\"},\"thumbnailUrl\":\"https:\\\/\\\/blog.proclima.com\\\/de\\\/files\\\/2025\\\/01\\\/Teaser_WELDANO-TURGA-HS-de.png\",\"datePublished\":\"2025-01-29T10:56:23+00:00\",\"dateModified\":\"2025-01-29T10:56:24+00:00\",\"breadcrumb\":{\"@id\":\"https:\\\/\\\/blog.proclima.com\\\/de\\\/2025\\\/01\\\/neues-quellschweissmittel-weldano-turga-hs-von-pro-clima-jetzt-gesuender-und-nachhaltiger\\\/#breadcrumb\"},\"inLanguage\":\"de\",\"potentialAction\":[{\"@type\":\"ReadAction\",\"target\":[\"https:\\\/\\\/blog.proclima.com\\\/de\\\/2025\\\/01\\\/neues-quellschweissmittel-weldano-turga-hs-von-pro-clima-jetzt-gesuender-und-nachhaltiger\\\/\"]}]},{\"@type\":\"ImageObject\",\"inLanguage\":\"de\",\"@id\":\"https:\\\/\\\/blog.proclima.com\\\/de\\\/2025\\\/01\\\/neues-quellschweissmittel-weldano-turga-hs-von-pro-clima-jetzt-gesuender-und-nachhaltiger\\\/#primaryimage\",\"url\":\"https:\\\/\\\/blog.proclima.com\\\/de\\\/files\\\/2025\\\/01\\\/Teaser_WELDANO-TURGA-HS-de.png\",\"contentUrl\":\"https:\\\/\\\/blog.proclima.com\\\/de\\\/files\\\/2025\\\/01\\\/Teaser_WELDANO-TURGA-HS-de.png\",\"width\":656,\"height\":325},{\"@type\":\"BreadcrumbList\",\"@id\":\"https:\\\/\\\/blog.proclima.com\\\/de\\\/2025\\\/01\\\/neues-quellschweissmittel-weldano-turga-hs-von-pro-clima-jetzt-gesuender-und-nachhaltiger\\\/#breadcrumb\",\"itemListElement\":[{\"@type\":\"ListItem\",\"position\":1,\"name\":\"Startseite\",\"item\":\"https:\\\/\\\/blog.proclima.com\\\/de\\\/\"},{\"@type\":\"ListItem\",\"position\":2,\"name\":\"Neues Quellschwei\u00dfmittel WELDANO TURGA HS von pro clima \u2013 jetzt ges\u00fcnder und nachhaltiger\"}]},{\"@type\":\"WebSite\",\"@id\":\"https:\\\/\\\/blog.proclima.com\\\/de\\\/#website\",\"url\":\"https:\\\/\\\/blog.proclima.com\\\/de\\\/\",\"name\":\"pro clima Blog - Deutschland\",\"description\":\"alles was pro clima bewegt\",\"publisher\":{\"@id\":\"https:\\\/\\\/blog.proclima.com\\\/de\\\/#organization\"},\"potentialAction\":[{\"@type\":\"SearchAction\",\"target\":{\"@type\":\"EntryPoint\",\"urlTemplate\":\"https:\\\/\\\/blog.proclima.com\\\/de\\\/?s={search_term_string}\"},\"query-input\":{\"@type\":\"PropertyValueSpecification\",\"valueRequired\":true,\"valueName\":\"search_term_string\"}}],\"inLanguage\":\"de\"},{\"@type\":\"Organization\",\"@id\":\"https:\\\/\\\/blog.proclima.com\\\/de\\\/#organization\",\"name\":\"pro clima - Moll bau\u00f6kologische Produkte GmbH\",\"url\":\"https:\\\/\\\/blog.proclima.com\\\/de\\\/\",\"logo\":{\"@type\":\"ImageObject\",\"inLanguage\":\"de\",\"@id\":\"https:\\\/\\\/blog.proclima.com\\\/de\\\/#\\\/schema\\\/logo\\\/image\\\/\",\"url\":\"https:\\\/\\\/blog.proclima.com\\\/de\\\/files\\\/2020\\\/04\\\/Logo-pro-clima.png\",\"contentUrl\":\"https:\\\/\\\/blog.proclima.com\\\/de\\\/files\\\/2020\\\/04\\\/Logo-pro-clima.png\",\"width\":4210,\"height\":4881,\"caption\":\"pro clima - Moll bau\u00f6kologische Produkte GmbH\"},\"image\":{\"@id\":\"https:\\\/\\\/blog.proclima.com\\\/de\\\/#\\\/schema\\\/logo\\\/image\\\/\"},\"sameAs\":[\"https:\\\/\\\/www.facebook.com\\\/proclima\",\"https:\\\/\\\/x.com\\\/proclimaDE\"]},{\"@type\":\"Person\",\"@id\":\"https:\\\/\\\/blog.proclima.com\\\/de\\\/#\\\/schema\\\/person\\\/c596ad1307bfc3dc78019a7338a86dc1\",\"name\":\"Friederike Remiorz\",\"url\":\"https:\\\/\\\/blog.proclima.com\\\/de\\\/author\\\/remiorz\\\/\"}]}<\/script>\n<!-- \/ Yoast SEO plugin. -->","yoast_head_json":{"title":"Neues Quellschwei\u00dfmittel WELDANO TURGA HS von pro clima \u2013 jetzt ges\u00fcnder und nachhaltiger &#187; pro clima Blog - Deutschland","robots":{"index":"index","follow":"follow","max-snippet":"max-snippet:-1","max-image-preview":"max-image-preview:large","max-video-preview":"max-video-preview:-1"},"canonical":"https:\/\/blog.proclima.com\/de\/2025\/01\/neues-quellschweissmittel-weldano-turga-hs-von-pro-clima-jetzt-gesuender-und-nachhaltiger\/","og_locale":"de_DE","og_type":"article","og_title":"Neues Quellschwei\u00dfmittel WELDANO TURGA HS von pro clima \u2013 jetzt ges\u00fcnder und nachhaltiger &#187; pro clima Blog - Deutschland","og_description":"pro clima pr\u00e4sentiert mit WELDANO TURGA HS eine innovative Version seines bew\u00e4hrten Quellschwei\u00dfmittels WELDANO TURGA. Die Abk\u00fcrzung &#8222;HS&#8220; steht f\u00fcr \u201eHealth and Sustainability&#8220; (\u201eGesundheit und ...","og_url":"https:\/\/blog.proclima.com\/de\/2025\/01\/neues-quellschweissmittel-weldano-turga-hs-von-pro-clima-jetzt-gesuender-und-nachhaltiger\/","og_site_name":"pro clima Blog - Deutschland","article_publisher":"https:\/\/www.facebook.com\/proclima","article_published_time":"2025-01-29T10:56:23+00:00","article_modified_time":"2025-01-29T10:56:24+00:00","og_image":[{"width":656,"height":325,"url":"https:\/\/blog.proclima.com\/de\/files\/2025\/01\/Teaser_WELDANO-TURGA-HS-de.png","type":"image\/png"}],"author":"Friederike Remiorz","twitter_card":"summary_large_image","twitter_creator":"@proclimaDE","twitter_site":"@proclimaDE","twitter_misc":{"Verfasst von":"Friederike Remiorz","Gesch\u00e4tzte Lesezeit":"2\u00a0Minuten"},"schema":{"@context":"https:\/\/schema.org","@graph":[{"@type":"Article","@id":"https:\/\/blog.proclima.com\/de\/2025\/01\/neues-quellschweissmittel-weldano-turga-hs-von-pro-clima-jetzt-gesuender-und-nachhaltiger\/#article","isPartOf":{"@id":"https:\/\/blog.proclima.com\/de\/2025\/01\/neues-quellschweissmittel-weldano-turga-hs-von-pro-clima-jetzt-gesuender-und-nachhaltiger\/"},"author":{"name":"Friederike Remiorz","@id":"https:\/\/blog.proclima.com\/de\/#\/schema\/person\/c596ad1307bfc3dc78019a7338a86dc1"},"headline":"Neues Quellschwei\u00dfmittel WELDANO TURGA HS von pro clima \u2013 jetzt ges\u00fcnder und nachhaltiger","datePublished":"2025-01-29T10:56:23+00:00","dateModified":"2025-01-29T10:56:24+00:00","mainEntityOfPage":{"@id":"https:\/\/blog.proclima.com\/de\/2025\/01\/neues-quellschweissmittel-weldano-turga-hs-von-pro-clima-jetzt-gesuender-und-nachhaltiger\/"},"wordCount":361,"commentCount":0,"publisher":{"@id":"https:\/\/blog.proclima.com\/de\/#organization"},"image":{"@id":"https:\/\/blog.proclima.com\/de\/2025\/01\/neues-quellschweissmittel-weldano-turga-hs-von-pro-clima-jetzt-gesuender-und-nachhaltiger\/#primaryimage"},"thumbnailUrl":"https:\/\/blog.proclima.com\/de\/files\/2025\/01\/Teaser_WELDANO-TURGA-HS-de.png","keywords":["Dachsanierung","Gesundheit","Luftdichtung","Nachhaltigkeit","Neuheit","pro clima","Sanierung","SOLITEX WELDANO","TURGA HS"],"articleSection":["Anschl\u00fcsse und Details","Holzbau","Lust auf BESSER BAUEN","Lust auf NEUE IDEEN","Lust auf ZUKUNFT","Passivhaus","pro clima","Produkte","Sanierung","Winddichtung","Witterungsschutz"],"inLanguage":"de","potentialAction":[{"@type":"CommentAction","name":"Comment","target":["https:\/\/blog.proclima.com\/de\/2025\/01\/neues-quellschweissmittel-weldano-turga-hs-von-pro-clima-jetzt-gesuender-und-nachhaltiger\/#respond"]}]},{"@type":"WebPage","@id":"https:\/\/blog.proclima.com\/de\/2025\/01\/neues-quellschweissmittel-weldano-turga-hs-von-pro-clima-jetzt-gesuender-und-nachhaltiger\/","url":"https:\/\/blog.proclima.com\/de\/2025\/01\/neues-quellschweissmittel-weldano-turga-hs-von-pro-clima-jetzt-gesuender-und-nachhaltiger\/","name":"Neues Quellschwei\u00dfmittel WELDANO TURGA HS von pro clima \u2013 jetzt ges\u00fcnder und nachhaltiger &#187; pro clima Blog - Deutschland","isPartOf":{"@id":"https:\/\/blog.proclima.com\/de\/#website"},"primaryImageOfPage":{"@id":"https:\/\/blog.proclima.com\/de\/2025\/01\/neues-quellschweissmittel-weldano-turga-hs-von-pro-clima-jetzt-gesuender-und-nachhaltiger\/#primaryimage"},"image":{"@id":"https:\/\/blog.proclima.com\/de\/2025\/01\/neues-quellschweissmittel-weldano-turga-hs-von-pro-clima-jetzt-gesuender-und-nachhaltiger\/#primaryimage"},"thumbnailUrl":"https:\/\/blog.proclima.com\/de\/files\/2025\/01\/Teaser_WELDANO-TURGA-HS-de.png","datePublished":"2025-01-29T10:56:23+00:00","dateModified":"2025-01-29T10:56:24+00:00","breadcrumb":{"@id":"https:\/\/blog.proclima.com\/de\/2025\/01\/neues-quellschweissmittel-weldano-turga-hs-von-pro-clima-jetzt-gesuender-und-nachhaltiger\/#breadcrumb"},"inLanguage":"de","potentialAction":[{"@type":"ReadAction","target":["https:\/\/blog.proclima.com\/de\/2025\/01\/neues-quellschweissmittel-weldano-turga-hs-von-pro-clima-jetzt-gesuender-und-nachhaltiger\/"]}]},{"@type":"ImageObject","inLanguage":"de","@id":"https:\/\/blog.proclima.com\/de\/2025\/01\/neues-quellschweissmittel-weldano-turga-hs-von-pro-clima-jetzt-gesuender-und-nachhaltiger\/#primaryimage","url":"https:\/\/blog.proclima.com\/de\/files\/2025\/01\/Teaser_WELDANO-TURGA-HS-de.png","contentUrl":"https:\/\/blog.proclima.com\/de\/files\/2025\/01\/Teaser_WELDANO-TURGA-HS-de.png","width":656,"height":325},{"@type":"BreadcrumbList","@id":"https:\/\/blog.proclima.com\/de\/2025\/01\/neues-quellschweissmittel-weldano-turga-hs-von-pro-clima-jetzt-gesuender-und-nachhaltiger\/#breadcrumb","itemListElement":[{"@type":"ListItem","position":1,"name":"Startseite","item":"https:\/\/blog.proclima.com\/de\/"},{"@type":"ListItem","position":2,"name":"Neues Quellschwei\u00dfmittel WELDANO TURGA HS von pro clima \u2013 jetzt ges\u00fcnder und nachhaltiger"}]},{"@type":"WebSite","@id":"https:\/\/blog.proclima.com\/de\/#website","url":"https:\/\/blog.proclima.com\/de\/","name":"pro clima Blog - Deutschland","description":"alles was pro clima bewegt","publisher":{"@id":"https:\/\/blog.proclima.com\/de\/#organization"},"potentialAction":[{"@type":"SearchAction","target":{"@type":"EntryPoint","urlTemplate":"https:\/\/blog.proclima.com\/de\/?s={search_term_string}"},"query-input":{"@type":"PropertyValueSpecification","valueRequired":true,"valueName":"search_term_string"}}],"inLanguage":"de"},{"@type":"Organization","@id":"https:\/\/blog.proclima.com\/de\/#organization","name":"pro clima - Moll bau\u00f6kologische Produkte GmbH","url":"https:\/\/blog.proclima.com\/de\/","logo":{"@type":"ImageObject","inLanguage":"de","@id":"https:\/\/blog.proclima.com\/de\/#\/schema\/logo\/image\/","url":"https:\/\/blog.proclima.com\/de\/files\/2020\/04\/Logo-pro-clima.png","contentUrl":"https:\/\/blog.proclima.com\/de\/files\/2020\/04\/Logo-pro-clima.png","width":4210,"height":4881,"caption":"pro clima - Moll bau\u00f6kologische Produkte GmbH"},"image":{"@id":"https:\/\/blog.proclima.com\/de\/#\/schema\/logo\/image\/"},"sameAs":["https:\/\/www.facebook.com\/proclima","https:\/\/x.com\/proclimaDE"]},{"@type":"Person","@id":"https:\/\/blog.proclima.com\/de\/#\/schema\/person\/c596ad1307bfc3dc78019a7338a86dc1","name":"Friederike Remiorz","url":"https:\/\/blog.proclima.com\/de\/author\/remiorz\/"}]}},"canto_acf_fields":"","_links":{"self":[{"href":"https:\/\/blog.proclima.com\/de\/wp-json\/wp\/v2\/posts\/11096","targetHints":{"allow":["GET"]}}],"collection":[{"href":"https:\/\/blog.proclima.com\/de\/wp-json\/wp\/v2\/posts"}],"about":[{"href":"https:\/\/blog.proclima.com\/de\/wp-json\/wp\/v2\/types\/post"}],"author":[{"embeddable":true,"href":"https:\/\/blog.proclima.com\/de\/wp-json\/wp\/v2\/users\/453"}],"replies":[{"embeddable":true,"href":"https:\/\/blog.proclima.com\/de\/wp-json\/wp\/v2\/comments?post=11096"}],"version-history":[{"count":6,"href":"https:\/\/blog.proclima.com\/de\/wp-json\/wp\/v2\/posts\/11096\/revisions"}],"predecessor-version":[{"id":11116,"href":"https:\/\/blog.proclima.com\/de\/wp-json\/wp\/v2\/posts\/11096\/revisions\/11116"}],"wp:featuredmedia":[{"embeddable":true,"href":"https:\/\/blog.proclima.com\/de\/wp-json\/wp\/v2\/media\/11098"}],"wp:attachment":[{"href":"https:\/\/blog.proclima.com\/de\/wp-json\/wp\/v2\/media?parent=11096"}],"wp:term":[{"taxonomy":"category","embeddable":true,"href":"https:\/\/blog.proclima.com\/de\/wp-json\/wp\/v2\/categories?post=11096"},{"taxonomy":"post_tag","embeddable":true,"href":"https:\/\/blog.proclima.com\/de\/wp-json\/wp\/v2\/tags?post=11096"}],"curies":[{"name":"wp","href":"https:\/\/api.w.org\/{rel}","templated":true}]}}