
{"id":10395,"date":"2023-03-08T14:03:25","date_gmt":"2023-03-08T13:03:25","guid":{"rendered":"https:\/\/blog.proclima.com\/de\/?p=10395"},"modified":"2023-03-08T14:03:26","modified_gmt":"2023-03-08T13:03:26","slug":"leben-kehrt-ein-ins-collegium-academicum","status":"publish","type":"post","link":"https:\/\/blog.proclima.com\/de\/2023\/03\/leben-kehrt-ein-ins-collegium-academicum\/","title":{"rendered":"Leben kehrt ein ins Collegium Academicum"},"content":{"rendered":"\n<p><strong>Ende Februar war es endlich soweit: 176 junge Menschen sind in den Neubau des Heidelberger Collegium Academicum (CA) eingezogen. Dieses Ereignis wurde nicht nur festlich gefeiert, sondern bildet nun auch einen der gr\u00f6\u00dften Meilensteine und Erfolge f\u00fcr das gesamte Projektteam.<\/strong><\/p>\n\n\n\n<p>Gem\u00e4\u00df der Idee, die individuelle Wohnfl\u00e4che mit verschiebbaren W\u00e4nden m\u00f6glichst flexibel zu halten, konnten sich die Erstbez\u00fcgler*innen die Gr\u00f6\u00dfe ihrer Zimmer aussuchen. Die meisten entschieden sich dabei f\u00fcr ein Zimmer mit 7 m\u00b2, anstatt mit 14 m\u00b2: das hei\u00dft, sie stellen 7 m\u00b2 ihrer &#8222;privaten&#8220; Wohnfl\u00e4che zur Vergr\u00f6\u00dferung des Gemeinschaftsraums zur Verf\u00fcgung \u2013 ganz im Sinne des CA-Mottos: Gemeinsam leben und lernen.<\/p>\n\n\n\n<p>Die neuen Bewohner*innen, unter denen sich nicht nur Studierende sondern auch einige Auszubildende befinden, bekamen in der Aula bei Anmeldung zun\u00e4chst einmal die vom CA selbstproduzierten Starterm\u00f6bel-Sets inkl. den dazugeh\u00f6rigen Werkzeugen ausgeh\u00e4ndigt. So konnten sie ihre Zimmer direkt mit Tisch, Bett und Schrank selbst ausstatten. Hand anlegen und in Selbsterm\u00e4chtigung entscheiden \u2013 einer der gro\u00dfen Leits\u00e4tze des CA. Denn k\u00fcnftig werden die Bewohner*innen des CA n\u00e4mlich \u00fcber alle Belange des CAs nicht nur entscheiden d\u00fcrfen, sondern auch m\u00fcssen. Einen Hausmeister-Service oder Verwaltung wird es nicht geben.<\/p>\n\n\n\n<p><strong>Worum geht es beim CA?<\/strong><\/p>\n\n\n\n<p>Aktuellen Bautrends entgegen \u2013 in Zeiten von Wohnraumverknappung und gro\u00dfer Renditeorientierung \u2013 zeigen die Studierenden um das Collegium Academicum auf: Es geht auch anders! Mit der Kooperation des Mietsh\u00e4usersyndikats gew\u00e4hrleisten die jungen Bauherren den Verbleib des Bauobjektes in der Verantwortung der Wohnenden und n\u00e4chsten Generationen. Denn die neue Idee lautet: selbstverwalteter Wohnraum mit \u00f6ffentlich zug\u00e4nglichen Gemeinschaftsfl\u00e4chen zu schaffen und dabei auf Energieeffizienz, Suffizienz und Nachhaltigkeit in der Bauweise und Nutzung zu setzen. Ein zukunftsweisendes Baukonzept!<br><br>Neben einem Bestandsgeb\u00e4ude ist ein vierst\u00f6ckiger Neubau in \u00f6kologischer Holzbauweise mit flexibler Wohnraumnutzung im Passivhausstandard entstanden. Hierbei spielt die Dichtung der Geb\u00e4udeh\u00fclle eine besondere Rolle. Um den hohen Anspruch an Luftdichtheit zu erf\u00fcllen, greift das Bauvorhaben auf gepr\u00fcfte Produkte von pro clima zur\u00fcck.<\/p>\n\n\n\n<p>Mehr \u00fcber den aktuellen Stand im Collegium Academicum erfahren Sie hier:<\/p>\n\n\n\n<p><a href=\"https:\/\/collegiumacademicum.de\/aktuelles\/\">https:\/\/collegiumacademicum.de\/aktuelles\/<\/a><\/p>\n\n\n\n<div class=\"wp-block-columns is-layout-flex wp-container-core-columns-is-layout-9d6595d7 wp-block-columns-is-layout-flex\">\n<div class=\"wp-block-column is-layout-flow wp-block-column-is-layout-flow\">\n<figure class=\"wp-block-image size-large\"><a href=\"https:\/\/blog.proclima.com\/de\/files\/2023\/03\/230107-Arbeitseinsatz-\u00a9-Projektgruppe-CA-scaled.jpg\"><img loading=\"lazy\" decoding=\"async\" width=\"2560\" height=\"1920\" src=\"https:\/\/blog.proclima.com\/de\/files\/2023\/03\/230107-Arbeitseinsatz-\u00a9-Projektgruppe-CA-edited-scaled.jpg\" alt=\"\" class=\"wp-image-10412\" srcset=\"https:\/\/blog.proclima.com\/de\/files\/2023\/03\/230107-Arbeitseinsatz-\u00a9-Projektgruppe-CA-edited-scaled.jpg 2560w, https:\/\/blog.proclima.com\/de\/files\/2023\/03\/230107-Arbeitseinsatz-\u00a9-Projektgruppe-CA-edited-300x225.jpg 300w, https:\/\/blog.proclima.com\/de\/files\/2023\/03\/230107-Arbeitseinsatz-\u00a9-Projektgruppe-CA-edited-1024x768.jpg 1024w, https:\/\/blog.proclima.com\/de\/files\/2023\/03\/230107-Arbeitseinsatz-\u00a9-Projektgruppe-CA-edited-768x576.jpg 768w, https:\/\/blog.proclima.com\/de\/files\/2023\/03\/230107-Arbeitseinsatz-\u00a9-Projektgruppe-CA-edited-1536x1152.jpg 1536w, https:\/\/blog.proclima.com\/de\/files\/2023\/03\/230107-Arbeitseinsatz-\u00a9-Projektgruppe-CA-edited-2048x1536.jpg 2048w, https:\/\/blog.proclima.com\/de\/files\/2023\/03\/230107-Arbeitseinsatz-\u00a9-Projektgruppe-CA-edited-384x288.jpg 384w\" sizes=\"auto, (max-width: 2560px) 100vw, 2560px\" \/><\/a><figcaption class=\"wp-element-caption\">Letzte Vorbereitungen vor dem Einzug in den Neubau (im Hintergrund) \u00a9 Projektgruppe CA<\/figcaption><\/figure>\n<\/div>\n\n\n\n<div class=\"wp-block-column is-layout-flow wp-block-column-is-layout-flow\">\n<figure class=\"wp-block-image size-full\"><a href=\"https:\/\/blog.proclima.com\/de\/files\/2023\/03\/Projektgruppe_2_\u00a9_Johannes-Rossnagel_komprimiert.jpg\"><img loading=\"lazy\" decoding=\"async\" width=\"889\" height=\"667\" data-size=\"889x667\" src=\"https:\/\/blog.proclima.com\/de\/files\/2023\/03\/Projektgruppe_2_\u00a9_Johannes-Rossnagel_komprimiert-edited.jpg\" alt=\"\" class=\"wp-image-10413\" srcset=\"https:\/\/blog.proclima.com\/de\/files\/2023\/03\/Projektgruppe_2_\u00a9_Johannes-Rossnagel_komprimiert-edited.jpg 889w, https:\/\/blog.proclima.com\/de\/files\/2023\/03\/Projektgruppe_2_\u00a9_Johannes-Rossnagel_komprimiert-edited-300x225.jpg 300w, https:\/\/blog.proclima.com\/de\/files\/2023\/03\/Projektgruppe_2_\u00a9_Johannes-Rossnagel_komprimiert-edited-768x576.jpg 768w, https:\/\/blog.proclima.com\/de\/files\/2023\/03\/Projektgruppe_2_\u00a9_Johannes-Rossnagel_komprimiert-edited-384x288.jpg 384w\" sizes=\"auto, (max-width: 889px) 100vw, 889px\" \/><\/a><figcaption class=\"wp-element-caption\">Die Projektgruppe vor dem Altbau \u00a9 Johannes Ro\u00dfnagel<\/figcaption><\/figure>\n<\/div>\n<\/div>\n","protected":false},"excerpt":{"rendered":"<p>Ende Februar war es endlich soweit: 176 junge Menschen sind in den Neubau des Heidelberger Collegium Academicum (CA) eingezogen. Dieses Ereignis wurde nicht nur festlich <a href=\"https:\/\/blog.proclima.com\/de\/2023\/03\/leben-kehrt-ein-ins-collegium-academicum\/\" rel=\"bookmark\">&#8230;<\/a><\/p>\n","protected":false},"author":453,"featured_media":10410,"comment_status":"open","ping_status":"open","sticky":false,"template":"","format":"standard","meta":{"footnotes":""},"categories":[1491,1403,6161,6159,887,1,52],"tags":[6184,6182,6181,312,112,575,6183,34,37],"class_list":["post-10395","post","type-post","status-publish","format-standard","has-post-thumbnail","hentry","category-holzbau","category-luftdichtung","category-lust-auf-neue-ideen","category-lust-auf-zukunft","category-passivhaus","category-proclima","category-welt-und-gesellschaft","tag-bauprojekt","tag-ca","tag-collegium-academicum","tag-dachsanierung","tag-luftdichtung","tag-neubau","tag-objektbericht","tag-pro-clima","tag-sanierung"],"yoast_head":"<!-- This site is optimized with the Yoast SEO plugin v27.5 - https:\/\/yoast.com\/product\/yoast-seo-wordpress\/ -->\n<title>Leben kehrt ein ins Collegium Academicum &#187; pro clima Blog - Deutschland<\/title>\n<meta name=\"robots\" content=\"index, follow, max-snippet:-1, max-image-preview:large, max-video-preview:-1\" \/>\n<link rel=\"canonical\" href=\"https:\/\/blog.proclima.com\/de\/2023\/03\/leben-kehrt-ein-ins-collegium-academicum\/\" \/>\n<meta property=\"og:locale\" content=\"de_DE\" \/>\n<meta property=\"og:type\" content=\"article\" \/>\n<meta property=\"og:title\" content=\"Leben kehrt ein ins Collegium Academicum &#187; pro clima Blog - Deutschland\" \/>\n<meta property=\"og:description\" content=\"Ende Februar war es endlich soweit: 176 junge Menschen sind in den Neubau des Heidelberger Collegium Academicum (CA) eingezogen. Dieses Ereignis wurde nicht nur festlich ...\" \/>\n<meta property=\"og:url\" content=\"https:\/\/blog.proclima.com\/de\/2023\/03\/leben-kehrt-ein-ins-collegium-academicum\/\" \/>\n<meta property=\"og:site_name\" content=\"pro clima Blog - Deutschland\" \/>\n<meta property=\"article:publisher\" content=\"https:\/\/www.facebook.com\/proclima\" \/>\n<meta property=\"article:published_time\" content=\"2023-03-08T13:03:25+00:00\" \/>\n<meta property=\"article:modified_time\" content=\"2023-03-08T13:03:26+00:00\" \/>\n<meta property=\"og:image\" content=\"https:\/\/blog.proclima.com\/de\/files\/2023\/03\/230212-Wilkommensschild-\u00a9-Uli-Hillenbrand-scaled.jpg\" \/>\n\t<meta property=\"og:image:width\" content=\"2560\" \/>\n\t<meta property=\"og:image:height\" content=\"1707\" \/>\n\t<meta property=\"og:image:type\" content=\"image\/jpeg\" \/>\n<meta name=\"author\" content=\"Friederike Remiorz\" \/>\n<meta name=\"twitter:card\" content=\"summary_large_image\" \/>\n<meta name=\"twitter:creator\" content=\"@proclimaDE\" \/>\n<meta name=\"twitter:site\" content=\"@proclimaDE\" \/>\n<meta name=\"twitter:label1\" content=\"Verfasst von\" \/>\n\t<meta name=\"twitter:data1\" content=\"Friederike Remiorz\" \/>\n\t<meta name=\"twitter:label2\" content=\"Gesch\u00e4tzte Lesezeit\" \/>\n\t<meta name=\"twitter:data2\" content=\"2\u00a0Minuten\" \/>\n<script type=\"application\/ld+json\" class=\"yoast-schema-graph\">{\"@context\":\"https:\\\/\\\/schema.org\",\"@graph\":[{\"@type\":\"Article\",\"@id\":\"https:\\\/\\\/blog.proclima.com\\\/de\\\/2023\\\/03\\\/leben-kehrt-ein-ins-collegium-academicum\\\/#article\",\"isPartOf\":{\"@id\":\"https:\\\/\\\/blog.proclima.com\\\/de\\\/2023\\\/03\\\/leben-kehrt-ein-ins-collegium-academicum\\\/\"},\"author\":{\"name\":\"Friederike Remiorz\",\"@id\":\"https:\\\/\\\/blog.proclima.com\\\/de\\\/#\\\/schema\\\/person\\\/c596ad1307bfc3dc78019a7338a86dc1\"},\"headline\":\"Leben kehrt ein ins Collegium Academicum\",\"datePublished\":\"2023-03-08T13:03:25+00:00\",\"dateModified\":\"2023-03-08T13:03:26+00:00\",\"mainEntityOfPage\":{\"@id\":\"https:\\\/\\\/blog.proclima.com\\\/de\\\/2023\\\/03\\\/leben-kehrt-ein-ins-collegium-academicum\\\/\"},\"wordCount\":383,\"commentCount\":0,\"publisher\":{\"@id\":\"https:\\\/\\\/blog.proclima.com\\\/de\\\/#organization\"},\"image\":{\"@id\":\"https:\\\/\\\/blog.proclima.com\\\/de\\\/2023\\\/03\\\/leben-kehrt-ein-ins-collegium-academicum\\\/#primaryimage\"},\"thumbnailUrl\":\"https:\\\/\\\/blog.proclima.com\\\/de\\\/files\\\/2023\\\/03\\\/230212-Wilkommensschild-\u00a9-Uli-Hillenbrand-scaled.jpg\",\"keywords\":[\"bauprojekt\",\"CA\",\"Collegium Academicum\",\"Dachsanierung\",\"Luftdichtung\",\"Neubau\",\"Objektbericht\",\"pro clima\",\"Sanierung\"],\"articleSection\":[\"Holzbau\",\"Luftdichtung\",\"Lust auf NEUE IDEEN\",\"Lust auf ZUKUNFT\",\"Passivhaus\",\"pro clima\",\"Welt und Gesellschaft\"],\"inLanguage\":\"de\",\"potentialAction\":[{\"@type\":\"CommentAction\",\"name\":\"Comment\",\"target\":[\"https:\\\/\\\/blog.proclima.com\\\/de\\\/2023\\\/03\\\/leben-kehrt-ein-ins-collegium-academicum\\\/#respond\"]}]},{\"@type\":\"WebPage\",\"@id\":\"https:\\\/\\\/blog.proclima.com\\\/de\\\/2023\\\/03\\\/leben-kehrt-ein-ins-collegium-academicum\\\/\",\"url\":\"https:\\\/\\\/blog.proclima.com\\\/de\\\/2023\\\/03\\\/leben-kehrt-ein-ins-collegium-academicum\\\/\",\"name\":\"Leben kehrt ein ins Collegium Academicum &#187; pro clima Blog - Deutschland\",\"isPartOf\":{\"@id\":\"https:\\\/\\\/blog.proclima.com\\\/de\\\/#website\"},\"primaryImageOfPage\":{\"@id\":\"https:\\\/\\\/blog.proclima.com\\\/de\\\/2023\\\/03\\\/leben-kehrt-ein-ins-collegium-academicum\\\/#primaryimage\"},\"image\":{\"@id\":\"https:\\\/\\\/blog.proclima.com\\\/de\\\/2023\\\/03\\\/leben-kehrt-ein-ins-collegium-academicum\\\/#primaryimage\"},\"thumbnailUrl\":\"https:\\\/\\\/blog.proclima.com\\\/de\\\/files\\\/2023\\\/03\\\/230212-Wilkommensschild-\u00a9-Uli-Hillenbrand-scaled.jpg\",\"datePublished\":\"2023-03-08T13:03:25+00:00\",\"dateModified\":\"2023-03-08T13:03:26+00:00\",\"breadcrumb\":{\"@id\":\"https:\\\/\\\/blog.proclima.com\\\/de\\\/2023\\\/03\\\/leben-kehrt-ein-ins-collegium-academicum\\\/#breadcrumb\"},\"inLanguage\":\"de\",\"potentialAction\":[{\"@type\":\"ReadAction\",\"target\":[\"https:\\\/\\\/blog.proclima.com\\\/de\\\/2023\\\/03\\\/leben-kehrt-ein-ins-collegium-academicum\\\/\"]}]},{\"@type\":\"ImageObject\",\"inLanguage\":\"de\",\"@id\":\"https:\\\/\\\/blog.proclima.com\\\/de\\\/2023\\\/03\\\/leben-kehrt-ein-ins-collegium-academicum\\\/#primaryimage\",\"url\":\"https:\\\/\\\/blog.proclima.com\\\/de\\\/files\\\/2023\\\/03\\\/230212-Wilkommensschild-\u00a9-Uli-Hillenbrand-scaled.jpg\",\"contentUrl\":\"https:\\\/\\\/blog.proclima.com\\\/de\\\/files\\\/2023\\\/03\\\/230212-Wilkommensschild-\u00a9-Uli-Hillenbrand-scaled.jpg\",\"width\":2560,\"height\":1707},{\"@type\":\"BreadcrumbList\",\"@id\":\"https:\\\/\\\/blog.proclima.com\\\/de\\\/2023\\\/03\\\/leben-kehrt-ein-ins-collegium-academicum\\\/#breadcrumb\",\"itemListElement\":[{\"@type\":\"ListItem\",\"position\":1,\"name\":\"Startseite\",\"item\":\"https:\\\/\\\/blog.proclima.com\\\/de\\\/\"},{\"@type\":\"ListItem\",\"position\":2,\"name\":\"Leben kehrt ein ins Collegium Academicum\"}]},{\"@type\":\"WebSite\",\"@id\":\"https:\\\/\\\/blog.proclima.com\\\/de\\\/#website\",\"url\":\"https:\\\/\\\/blog.proclima.com\\\/de\\\/\",\"name\":\"pro clima Blog - Deutschland\",\"description\":\"alles was pro clima bewegt\",\"publisher\":{\"@id\":\"https:\\\/\\\/blog.proclima.com\\\/de\\\/#organization\"},\"potentialAction\":[{\"@type\":\"SearchAction\",\"target\":{\"@type\":\"EntryPoint\",\"urlTemplate\":\"https:\\\/\\\/blog.proclima.com\\\/de\\\/?s={search_term_string}\"},\"query-input\":{\"@type\":\"PropertyValueSpecification\",\"valueRequired\":true,\"valueName\":\"search_term_string\"}}],\"inLanguage\":\"de\"},{\"@type\":\"Organization\",\"@id\":\"https:\\\/\\\/blog.proclima.com\\\/de\\\/#organization\",\"name\":\"pro clima - Moll bau\u00f6kologische Produkte GmbH\",\"url\":\"https:\\\/\\\/blog.proclima.com\\\/de\\\/\",\"logo\":{\"@type\":\"ImageObject\",\"inLanguage\":\"de\",\"@id\":\"https:\\\/\\\/blog.proclima.com\\\/de\\\/#\\\/schema\\\/logo\\\/image\\\/\",\"url\":\"https:\\\/\\\/blog.proclima.com\\\/de\\\/files\\\/2020\\\/04\\\/Logo-pro-clima.png\",\"contentUrl\":\"https:\\\/\\\/blog.proclima.com\\\/de\\\/files\\\/2020\\\/04\\\/Logo-pro-clima.png\",\"width\":4210,\"height\":4881,\"caption\":\"pro clima - Moll bau\u00f6kologische Produkte GmbH\"},\"image\":{\"@id\":\"https:\\\/\\\/blog.proclima.com\\\/de\\\/#\\\/schema\\\/logo\\\/image\\\/\"},\"sameAs\":[\"https:\\\/\\\/www.facebook.com\\\/proclima\",\"https:\\\/\\\/x.com\\\/proclimaDE\"]},{\"@type\":\"Person\",\"@id\":\"https:\\\/\\\/blog.proclima.com\\\/de\\\/#\\\/schema\\\/person\\\/c596ad1307bfc3dc78019a7338a86dc1\",\"name\":\"Friederike Remiorz\",\"url\":\"https:\\\/\\\/blog.proclima.com\\\/de\\\/author\\\/remiorz\\\/\"}]}<\/script>\n<!-- \/ Yoast SEO plugin. -->","yoast_head_json":{"title":"Leben kehrt ein ins Collegium Academicum &#187; pro clima Blog - Deutschland","robots":{"index":"index","follow":"follow","max-snippet":"max-snippet:-1","max-image-preview":"max-image-preview:large","max-video-preview":"max-video-preview:-1"},"canonical":"https:\/\/blog.proclima.com\/de\/2023\/03\/leben-kehrt-ein-ins-collegium-academicum\/","og_locale":"de_DE","og_type":"article","og_title":"Leben kehrt ein ins Collegium Academicum &#187; pro clima Blog - Deutschland","og_description":"Ende Februar war es endlich soweit: 176 junge Menschen sind in den Neubau des Heidelberger Collegium Academicum (CA) eingezogen. Dieses Ereignis wurde nicht nur festlich ...","og_url":"https:\/\/blog.proclima.com\/de\/2023\/03\/leben-kehrt-ein-ins-collegium-academicum\/","og_site_name":"pro clima Blog - Deutschland","article_publisher":"https:\/\/www.facebook.com\/proclima","article_published_time":"2023-03-08T13:03:25+00:00","article_modified_time":"2023-03-08T13:03:26+00:00","og_image":[{"width":2560,"height":1707,"url":"https:\/\/blog.proclima.com\/de\/files\/2023\/03\/230212-Wilkommensschild-\u00a9-Uli-Hillenbrand-scaled.jpg","type":"image\/jpeg"}],"author":"Friederike Remiorz","twitter_card":"summary_large_image","twitter_creator":"@proclimaDE","twitter_site":"@proclimaDE","twitter_misc":{"Verfasst von":"Friederike Remiorz","Gesch\u00e4tzte Lesezeit":"2\u00a0Minuten"},"schema":{"@context":"https:\/\/schema.org","@graph":[{"@type":"Article","@id":"https:\/\/blog.proclima.com\/de\/2023\/03\/leben-kehrt-ein-ins-collegium-academicum\/#article","isPartOf":{"@id":"https:\/\/blog.proclima.com\/de\/2023\/03\/leben-kehrt-ein-ins-collegium-academicum\/"},"author":{"name":"Friederike Remiorz","@id":"https:\/\/blog.proclima.com\/de\/#\/schema\/person\/c596ad1307bfc3dc78019a7338a86dc1"},"headline":"Leben kehrt ein ins Collegium Academicum","datePublished":"2023-03-08T13:03:25+00:00","dateModified":"2023-03-08T13:03:26+00:00","mainEntityOfPage":{"@id":"https:\/\/blog.proclima.com\/de\/2023\/03\/leben-kehrt-ein-ins-collegium-academicum\/"},"wordCount":383,"commentCount":0,"publisher":{"@id":"https:\/\/blog.proclima.com\/de\/#organization"},"image":{"@id":"https:\/\/blog.proclima.com\/de\/2023\/03\/leben-kehrt-ein-ins-collegium-academicum\/#primaryimage"},"thumbnailUrl":"https:\/\/blog.proclima.com\/de\/files\/2023\/03\/230212-Wilkommensschild-\u00a9-Uli-Hillenbrand-scaled.jpg","keywords":["bauprojekt","CA","Collegium Academicum","Dachsanierung","Luftdichtung","Neubau","Objektbericht","pro clima","Sanierung"],"articleSection":["Holzbau","Luftdichtung","Lust auf NEUE IDEEN","Lust auf ZUKUNFT","Passivhaus","pro clima","Welt und Gesellschaft"],"inLanguage":"de","potentialAction":[{"@type":"CommentAction","name":"Comment","target":["https:\/\/blog.proclima.com\/de\/2023\/03\/leben-kehrt-ein-ins-collegium-academicum\/#respond"]}]},{"@type":"WebPage","@id":"https:\/\/blog.proclima.com\/de\/2023\/03\/leben-kehrt-ein-ins-collegium-academicum\/","url":"https:\/\/blog.proclima.com\/de\/2023\/03\/leben-kehrt-ein-ins-collegium-academicum\/","name":"Leben kehrt ein ins Collegium Academicum &#187; pro clima Blog - Deutschland","isPartOf":{"@id":"https:\/\/blog.proclima.com\/de\/#website"},"primaryImageOfPage":{"@id":"https:\/\/blog.proclima.com\/de\/2023\/03\/leben-kehrt-ein-ins-collegium-academicum\/#primaryimage"},"image":{"@id":"https:\/\/blog.proclima.com\/de\/2023\/03\/leben-kehrt-ein-ins-collegium-academicum\/#primaryimage"},"thumbnailUrl":"https:\/\/blog.proclima.com\/de\/files\/2023\/03\/230212-Wilkommensschild-\u00a9-Uli-Hillenbrand-scaled.jpg","datePublished":"2023-03-08T13:03:25+00:00","dateModified":"2023-03-08T13:03:26+00:00","breadcrumb":{"@id":"https:\/\/blog.proclima.com\/de\/2023\/03\/leben-kehrt-ein-ins-collegium-academicum\/#breadcrumb"},"inLanguage":"de","potentialAction":[{"@type":"ReadAction","target":["https:\/\/blog.proclima.com\/de\/2023\/03\/leben-kehrt-ein-ins-collegium-academicum\/"]}]},{"@type":"ImageObject","inLanguage":"de","@id":"https:\/\/blog.proclima.com\/de\/2023\/03\/leben-kehrt-ein-ins-collegium-academicum\/#primaryimage","url":"https:\/\/blog.proclima.com\/de\/files\/2023\/03\/230212-Wilkommensschild-\u00a9-Uli-Hillenbrand-scaled.jpg","contentUrl":"https:\/\/blog.proclima.com\/de\/files\/2023\/03\/230212-Wilkommensschild-\u00a9-Uli-Hillenbrand-scaled.jpg","width":2560,"height":1707},{"@type":"BreadcrumbList","@id":"https:\/\/blog.proclima.com\/de\/2023\/03\/leben-kehrt-ein-ins-collegium-academicum\/#breadcrumb","itemListElement":[{"@type":"ListItem","position":1,"name":"Startseite","item":"https:\/\/blog.proclima.com\/de\/"},{"@type":"ListItem","position":2,"name":"Leben kehrt ein ins Collegium Academicum"}]},{"@type":"WebSite","@id":"https:\/\/blog.proclima.com\/de\/#website","url":"https:\/\/blog.proclima.com\/de\/","name":"pro clima Blog - Deutschland","description":"alles was pro clima bewegt","publisher":{"@id":"https:\/\/blog.proclima.com\/de\/#organization"},"potentialAction":[{"@type":"SearchAction","target":{"@type":"EntryPoint","urlTemplate":"https:\/\/blog.proclima.com\/de\/?s={search_term_string}"},"query-input":{"@type":"PropertyValueSpecification","valueRequired":true,"valueName":"search_term_string"}}],"inLanguage":"de"},{"@type":"Organization","@id":"https:\/\/blog.proclima.com\/de\/#organization","name":"pro clima - Moll bau\u00f6kologische Produkte GmbH","url":"https:\/\/blog.proclima.com\/de\/","logo":{"@type":"ImageObject","inLanguage":"de","@id":"https:\/\/blog.proclima.com\/de\/#\/schema\/logo\/image\/","url":"https:\/\/blog.proclima.com\/de\/files\/2020\/04\/Logo-pro-clima.png","contentUrl":"https:\/\/blog.proclima.com\/de\/files\/2020\/04\/Logo-pro-clima.png","width":4210,"height":4881,"caption":"pro clima - Moll bau\u00f6kologische Produkte GmbH"},"image":{"@id":"https:\/\/blog.proclima.com\/de\/#\/schema\/logo\/image\/"},"sameAs":["https:\/\/www.facebook.com\/proclima","https:\/\/x.com\/proclimaDE"]},{"@type":"Person","@id":"https:\/\/blog.proclima.com\/de\/#\/schema\/person\/c596ad1307bfc3dc78019a7338a86dc1","name":"Friederike Remiorz","url":"https:\/\/blog.proclima.com\/de\/author\/remiorz\/"}]}},"canto_acf_fields":"","_links":{"self":[{"href":"https:\/\/blog.proclima.com\/de\/wp-json\/wp\/v2\/posts\/10395","targetHints":{"allow":["GET"]}}],"collection":[{"href":"https:\/\/blog.proclima.com\/de\/wp-json\/wp\/v2\/posts"}],"about":[{"href":"https:\/\/blog.proclima.com\/de\/wp-json\/wp\/v2\/types\/post"}],"author":[{"embeddable":true,"href":"https:\/\/blog.proclima.com\/de\/wp-json\/wp\/v2\/users\/453"}],"replies":[{"embeddable":true,"href":"https:\/\/blog.proclima.com\/de\/wp-json\/wp\/v2\/comments?post=10395"}],"version-history":[{"count":2,"href":"https:\/\/blog.proclima.com\/de\/wp-json\/wp\/v2\/posts\/10395\/revisions"}],"predecessor-version":[{"id":10414,"href":"https:\/\/blog.proclima.com\/de\/wp-json\/wp\/v2\/posts\/10395\/revisions\/10414"}],"wp:featuredmedia":[{"embeddable":true,"href":"https:\/\/blog.proclima.com\/de\/wp-json\/wp\/v2\/media\/10410"}],"wp:attachment":[{"href":"https:\/\/blog.proclima.com\/de\/wp-json\/wp\/v2\/media?parent=10395"}],"wp:term":[{"taxonomy":"category","embeddable":true,"href":"https:\/\/blog.proclima.com\/de\/wp-json\/wp\/v2\/categories?post=10395"},{"taxonomy":"post_tag","embeddable":true,"href":"https:\/\/blog.proclima.com\/de\/wp-json\/wp\/v2\/tags?post=10395"}],"curies":[{"name":"wp","href":"https:\/\/api.w.org\/{rel}","templated":true}]}}