
{"id":10361,"date":"2023-01-19T09:10:29","date_gmt":"2023-01-19T08:10:29","guid":{"rendered":"https:\/\/blog.proclima.com\/de\/?p=10361"},"modified":"2023-07-31T09:00:20","modified_gmt":"2023-07-31T07:00:20","slug":"hagelsicheres-dach-mit-pro-clima-unterdeck-und-unterspannbahnen","status":"publish","type":"post","link":"https:\/\/blog.proclima.com\/de\/2023\/01\/hagelsicheres-dach-mit-pro-clima-unterdeck-und-unterspannbahnen\/","title":{"rendered":"Hagelsicheres Dach mit pro clima Unterdeck- und Unterspannbahnen"},"content":{"rendered":"\n<h3 class=\"wp-block-heading\">Starkwetterereignisse nehmen in Deutschland und ganz Europa zu. Hagelst\u00fcrme mit bis zu 5 cm dicken Hagelk\u00f6rnern geh\u00f6ren auch dazu. Sobald die ersten Hagelk\u00f6rner fallen, stellt sich die Frage: Werden die Ziegel halten, bleibt das Dach trocken? Leider kann nicht jede Dacheindeckung einem Hagelsturm standhalten \u2013 dann ist eine sichere Unterdeck- bzw. Unterspannbahn gefragt. Denn mit der richtigen Bahn bleibt das Dach auch bei starkem Hagel trocken.<\/h3>\n\n\n\n<p>Immer wieder l\u00e4sst pro clima die Qualit\u00e4t seiner Produkte von unabh\u00e4ngiger, anerkannter Seite pr\u00fcfen &#8211; u.a. auch auf Hagelsicherheit. Die anerkannte Pr\u00fcfstelle \u00abSchutz vor Naturgefahren\u00bb der Vereinigung Kantonalen Feuerversicherungen hat die Produkte getestet. <\/p>\n\n\n\n<div class=\"wp-block-columns is-layout-flex wp-container-core-columns-is-layout-9d6595d7 wp-block-columns-is-layout-flex\">\n<div class=\"wp-block-column is-layout-flow wp-block-column-is-layout-flow\">\n<div class=\"wp-block-columns is-layout-flex wp-container-core-columns-is-layout-9d6595d7 wp-block-columns-is-layout-flex\">\n<div class=\"wp-block-column is-layout-flow wp-block-column-is-layout-flow\">\n<figure class=\"wp-block-image size-full\"><a href=\"https:\/\/blog.proclima.com\/de\/files\/2023\/01\/p_SOLITEX-WELDANO-3000.jpg\"><img loading=\"lazy\" decoding=\"async\" width=\"1000\" height=\"1000\" data-size=\"1000x1000\" src=\"https:\/\/blog.proclima.com\/de\/files\/2023\/01\/p_SOLITEX-WELDANO-3000.jpg\" alt=\"\" class=\"wp-image-10369\" srcset=\"https:\/\/blog.proclima.com\/de\/files\/2023\/01\/p_SOLITEX-WELDANO-3000.jpg 1000w, https:\/\/blog.proclima.com\/de\/files\/2023\/01\/p_SOLITEX-WELDANO-3000-300x300.jpg 300w, https:\/\/blog.proclima.com\/de\/files\/2023\/01\/p_SOLITEX-WELDANO-3000-150x150.jpg 150w, https:\/\/blog.proclima.com\/de\/files\/2023\/01\/p_SOLITEX-WELDANO-3000-768x768.jpg 768w, https:\/\/blog.proclima.com\/de\/files\/2023\/01\/p_SOLITEX-WELDANO-3000-384x384.jpg 384w, https:\/\/blog.proclima.com\/de\/files\/2023\/01\/p_SOLITEX-WELDANO-3000-216x216.jpg 216w\" sizes=\"auto, (max-width: 1000px) 100vw, 1000px\" \/><\/a><figcaption class=\"wp-element-caption\"><strong><a href=\"https:\/\/de.proclima.com\/produkte\/dichtung-aussen\/solitex-weldano-3000\">SOLITEX WELDANO 3000<\/a><\/strong><\/figcaption><\/figure>\n\n\n\n<figure class=\"wp-block-image size-full\"><a href=\"https:\/\/blog.proclima.com\/de\/files\/2023\/01\/11085.jpg.555x555_q85.jpg\"><img loading=\"lazy\" decoding=\"async\" width=\"555\" height=\"555\" data-size=\"555x555\" src=\"https:\/\/blog.proclima.com\/de\/files\/2023\/01\/11085.jpg.555x555_q85.jpg\" alt=\"\" class=\"wp-image-10549\" srcset=\"https:\/\/blog.proclima.com\/de\/files\/2023\/01\/11085.jpg.555x555_q85.jpg 555w, https:\/\/blog.proclima.com\/de\/files\/2023\/01\/11085.jpg.555x555_q85-300x300.jpg 300w, https:\/\/blog.proclima.com\/de\/files\/2023\/01\/11085.jpg.555x555_q85-150x150.jpg 150w, https:\/\/blog.proclima.com\/de\/files\/2023\/01\/11085.jpg.555x555_q85-384x384.jpg 384w, https:\/\/blog.proclima.com\/de\/files\/2023\/01\/11085.jpg.555x555_q85-216x216.jpg 216w\" sizes=\"auto, (max-width: 555px) 100vw, 555px\" \/><\/a><figcaption class=\"wp-element-caption\"><a href=\"https:\/\/de.proclima.com\/produkte\/dichtung-aussen\/solitex-mento-ultra\"><strong>SOLITEX MENTO ULTRA<\/strong><\/a><\/figcaption><\/figure>\n<\/div>\n\n\n\n<div class=\"wp-block-column is-layout-flow wp-block-column-is-layout-flow\">\n<figure class=\"wp-block-image size-full\"><a href=\"https:\/\/blog.proclima.com\/de\/files\/2023\/01\/p_SOLITEX-MENTO-3000_NEU.jpg\"><img loading=\"lazy\" decoding=\"async\" width=\"1000\" height=\"1000\" data-size=\"1000x1000\" src=\"https:\/\/blog.proclima.com\/de\/files\/2023\/01\/p_SOLITEX-MENTO-3000_NEU.jpg\" alt=\"\" class=\"wp-image-10367\" srcset=\"https:\/\/blog.proclima.com\/de\/files\/2023\/01\/p_SOLITEX-MENTO-3000_NEU.jpg 1000w, https:\/\/blog.proclima.com\/de\/files\/2023\/01\/p_SOLITEX-MENTO-3000_NEU-300x300.jpg 300w, https:\/\/blog.proclima.com\/de\/files\/2023\/01\/p_SOLITEX-MENTO-3000_NEU-150x150.jpg 150w, https:\/\/blog.proclima.com\/de\/files\/2023\/01\/p_SOLITEX-MENTO-3000_NEU-768x768.jpg 768w, https:\/\/blog.proclima.com\/de\/files\/2023\/01\/p_SOLITEX-MENTO-3000_NEU-384x384.jpg 384w, https:\/\/blog.proclima.com\/de\/files\/2023\/01\/p_SOLITEX-MENTO-3000_NEU-216x216.jpg 216w\" sizes=\"auto, (max-width: 1000px) 100vw, 1000px\" \/><\/a><figcaption class=\"wp-element-caption\"><a href=\"https:\/\/de.proclima.com\/produkte\/dichtung-aussen\/solitex-mento-3000\"><strong>SOLITEX MENTO 3000<\/strong><\/a><\/figcaption><\/figure>\n\n\n\n<figure class=\"wp-block-image size-full\"><a href=\"https:\/\/blog.proclima.com\/de\/files\/2023\/01\/19412.jpg.555x555_q85.jpg\"><img loading=\"lazy\" decoding=\"async\" width=\"555\" height=\"555\" data-size=\"555x555\" src=\"https:\/\/blog.proclima.com\/de\/files\/2023\/01\/19412.jpg.555x555_q85.jpg\" alt=\"\" class=\"wp-image-10550\" srcset=\"https:\/\/blog.proclima.com\/de\/files\/2023\/01\/19412.jpg.555x555_q85.jpg 555w, https:\/\/blog.proclima.com\/de\/files\/2023\/01\/19412.jpg.555x555_q85-300x300.jpg 300w, https:\/\/blog.proclima.com\/de\/files\/2023\/01\/19412.jpg.555x555_q85-150x150.jpg 150w, https:\/\/blog.proclima.com\/de\/files\/2023\/01\/19412.jpg.555x555_q85-384x384.jpg 384w, https:\/\/blog.proclima.com\/de\/files\/2023\/01\/19412.jpg.555x555_q85-216x216.jpg 216w\" sizes=\"auto, (max-width: 555px) 100vw, 555px\" \/><\/a><figcaption class=\"wp-element-caption\"><a href=\"https:\/\/de.proclima.com\/produkte\/dichtung-aussen\/solitex-adhero-1000\"><strong>SOLITEX ADHERO 1000<\/strong><\/a><\/figcaption><\/figure>\n<\/div>\n\n\n\n<div class=\"wp-block-column is-layout-flow wp-block-column-is-layout-flow\">\n<figure class=\"wp-block-image size-full\"><a href=\"https:\/\/blog.proclima.com\/de\/files\/2023\/01\/SOLITEX-MENTO-5000-connect-Produktbundel.jpg\"><img loading=\"lazy\" decoding=\"async\" width=\"1000\" height=\"1000\" data-size=\"1000x1000\" src=\"https:\/\/blog.proclima.com\/de\/files\/2023\/01\/SOLITEX-MENTO-5000-connect-Produktbundel.jpg\" alt=\"\" class=\"wp-image-10368\" srcset=\"https:\/\/blog.proclima.com\/de\/files\/2023\/01\/SOLITEX-MENTO-5000-connect-Produktbundel.jpg 1000w, https:\/\/blog.proclima.com\/de\/files\/2023\/01\/SOLITEX-MENTO-5000-connect-Produktbundel-300x300.jpg 300w, https:\/\/blog.proclima.com\/de\/files\/2023\/01\/SOLITEX-MENTO-5000-connect-Produktbundel-150x150.jpg 150w, https:\/\/blog.proclima.com\/de\/files\/2023\/01\/SOLITEX-MENTO-5000-connect-Produktbundel-768x768.jpg 768w, https:\/\/blog.proclima.com\/de\/files\/2023\/01\/SOLITEX-MENTO-5000-connect-Produktbundel-384x384.jpg 384w, https:\/\/blog.proclima.com\/de\/files\/2023\/01\/SOLITEX-MENTO-5000-connect-Produktbundel-216x216.jpg 216w\" sizes=\"auto, (max-width: 1000px) 100vw, 1000px\" \/><\/a><figcaption class=\"wp-element-caption\"><a href=\"https:\/\/de.proclima.com\/produkte\/dichtung-aussen\/solitex-mento-5000\"><strong>SOLITEX MENTO 5000<\/strong><\/a><\/figcaption><\/figure>\n\n\n\n<figure class=\"wp-block-image size-full\"><a href=\"https:\/\/blog.proclima.com\/de\/files\/2023\/05\/p_SOLITEX-ADHERO-3000_72dpi.jpg\"><img loading=\"lazy\" decoding=\"async\" width=\"288\" height=\"288\" data-size=\"288x288\" src=\"https:\/\/blog.proclima.com\/de\/files\/2023\/05\/p_SOLITEX-ADHERO-3000_72dpi.jpg\" alt=\"\" class=\"wp-image-10528\" srcset=\"https:\/\/blog.proclima.com\/de\/files\/2023\/05\/p_SOLITEX-ADHERO-3000_72dpi.jpg 288w, https:\/\/blog.proclima.com\/de\/files\/2023\/05\/p_SOLITEX-ADHERO-3000_72dpi-150x150.jpg 150w, https:\/\/blog.proclima.com\/de\/files\/2023\/05\/p_SOLITEX-ADHERO-3000_72dpi-216x216.jpg 216w\" sizes=\"auto, (max-width: 288px) 100vw, 288px\" \/><\/a><figcaption class=\"wp-element-caption\"><a href=\"https:\/\/de.proclima.com\/produkte\/dichtung-aussen\/solitex-adhero-3000\"><strong>SOLITEX ADHERO 3000<\/strong><\/a><\/figcaption><\/figure>\n<\/div>\n\n\n\n<div class=\"wp-block-column is-layout-flow wp-block-column-is-layout-flow\">\n<figure class=\"wp-block-image size-full\"><a href=\"https:\/\/blog.proclima.com\/de\/files\/2023\/01\/SOLITEX-MENTO-PLUS-connect-Produktbundel.jpg\"><img loading=\"lazy\" decoding=\"async\" width=\"1000\" height=\"1000\" data-size=\"1000x1000\" src=\"https:\/\/blog.proclima.com\/de\/files\/2023\/01\/SOLITEX-MENTO-PLUS-connect-Produktbundel.jpg\" alt=\"\" class=\"wp-image-10366\" srcset=\"https:\/\/blog.proclima.com\/de\/files\/2023\/01\/SOLITEX-MENTO-PLUS-connect-Produktbundel.jpg 1000w, https:\/\/blog.proclima.com\/de\/files\/2023\/01\/SOLITEX-MENTO-PLUS-connect-Produktbundel-300x300.jpg 300w, https:\/\/blog.proclima.com\/de\/files\/2023\/01\/SOLITEX-MENTO-PLUS-connect-Produktbundel-150x150.jpg 150w, https:\/\/blog.proclima.com\/de\/files\/2023\/01\/SOLITEX-MENTO-PLUS-connect-Produktbundel-768x768.jpg 768w, https:\/\/blog.proclima.com\/de\/files\/2023\/01\/SOLITEX-MENTO-PLUS-connect-Produktbundel-384x384.jpg 384w, https:\/\/blog.proclima.com\/de\/files\/2023\/01\/SOLITEX-MENTO-PLUS-connect-Produktbundel-216x216.jpg 216w\" sizes=\"auto, (max-width: 1000px) 100vw, 1000px\" \/><\/a><figcaption class=\"wp-element-caption\"><a href=\"https:\/\/de.proclima.com\/produkte\/dichtung-aussen\/solitex-mento-plus\"><strong>SOLITEX MENTO PLUS<\/strong><\/a><\/figcaption><\/figure>\n<\/div>\n<\/div>\n<\/div>\n<\/div>\n\n\n\n<h3 class=\"wp-block-heading\"><strong>Dabei haben alle Bahnen die h\u00f6chste Hagelwiderstandsklasse HW 5 auf einer Holzweichfaserd\u00e4mmplatte bestanden.<\/strong><\/h3>\n\n\n\n<p><strong>Wie wurde gepr\u00fcft?<\/strong><\/p>\n\n\n\n<p>Bei der Pr\u00fcfung wird die Bahn auf einer Holzweichfaserd\u00e4mmplatte aufliegend montiert und mit Hagelk\u00f6rnern, die einen Durchmesser von 50 mm aufweisen mit einer Geschwindigkeit von 110 km\/h beschossen. Danach wird die Bahn an dieser Stelle optisch nach Rissen und mit Hilfe einer Wassers\u00e4ule auf Dichtheit gepr\u00fcft. Um die Pr\u00fcfung zu bestehen, muss die Wasserdichtheit der Bahn nach dem Hagelbeschuss immer noch gegeben sein. <\/p>\n\n\n\n<p><strong>Die Zusammenfassung:<\/strong><\/p>\n\n\n\n<figure class=\"wp-block-table\"><table><tbody><tr><td><strong>pro clima Bahn<\/strong><\/td><td><strong>Hagelwiderstandsklasse<\/strong><\/td><td><strong>Wassers\u00e4ule<\/strong><\/td><td><strong>Freibewitterung<\/strong><\/td><\/tr><tr><\/tr><tr><\/tr><tr><\/tr><tr><\/tr><tr><\/tr><tr><\/tr><tr><\/tr><tr><\/tr><tr><\/tr><tr><td><strong><a href=\"https:\/\/de.proclima.com\/produkte\/dichtung-aussen\/solitex-weldano-3000\">SOLITEX WELDANO 3000<\/a><\/strong><\/td><td>HW 5<\/td><td>&gt; 4.000 mm<\/td><td>Bis zu 6 Monate<\/td><\/tr><tr><\/tr><tr><\/tr><tr><\/tr><tr><\/tr><tr><\/tr><tr><\/tr><tr><\/tr><tr><\/tr><tr><\/tr><tr><td><strong><a href=\"https:\/\/de.proclima.com\/produkte\/dichtung-aussen\/solitex-mento-3000\">SOLITEX MENTO 3000<\/a><\/strong><\/td><td>HW 5<\/td><td>10.000 mm<\/td><td>Bis zu 4 Monate<\/td><\/tr><tr><\/tr><tr><\/tr><tr><\/tr><tr><\/tr><tr><\/tr><tr><\/tr><tr><\/tr><tr><\/tr><tr><\/tr><tr><td><strong><a href=\"https:\/\/de.proclima.com\/produkte\/dichtung-aussen\/solitex-mento-5000\">SOLITEX MENTO 5000<\/a><\/strong><\/td><td>HW 5<\/td><td>10.000 mm<\/td><td>Bis zu 6 Monate<\/td><\/tr><tr><\/tr><tr><\/tr><tr><\/tr><tr><\/tr><tr><\/tr><tr><\/tr><tr><\/tr><tr><\/tr><tr><\/tr><tr><td><strong><a href=\"https:\/\/de.proclima.com\/produkte\/dichtung-aussen\/solitex-mento-plus\">SOLITEX MENTO PLUS<\/a><\/strong><\/td><td>HW 5<\/td><td>&gt;2.500 mm<\/td><td>Bis zu 4 Monate<\/td><\/tr><tr><td><a href=\"https:\/\/de.proclima.com\/produkte\/dichtung-aussen\/solitex-mento-ultra\"><strong>SOLITEX MENTO ULTRA<\/strong><\/a><\/td><td>HW 5<\/td><td>&gt;2.500 mm<\/td><td>Bis zu 4 Monate<\/td><\/tr><tr><td><a href=\"https:\/\/de.proclima.com\/produkte\/dichtung-aussen\/solitex-adhero-1000\"><strong>SOLITEX ADHERO 1000<\/strong><\/a><\/td><td>HW 5<\/td><td>10.000 mm<\/td><td>Bis zu 3 Monate<\/td><\/tr><tr><td><a href=\"https:\/\/de.proclima.com\/produkte\/dichtung-aussen\/solitex-adhero-3000\"><strong>SOLITEX ADHERO 3000<\/strong><\/a><\/td><td>HW 5<\/td><td>10.000 mm<\/td><td>Bis zu 5 Monate<\/td><\/tr><\/tbody><\/table><\/figure>\n\n\n\n<p>Es konnten nicht nur alle hier aufgef\u00fchrten Bahnen die h\u00f6chste Hagelwiderstandsklasse HW 5 und nach der Wassers\u00e4ulenpr\u00fcfung noch Wasserdichtheit vorweisen. <strong>Die pro clima Bahnen punkten au\u00dferdem mit bis zu 4-6 Monaten Freibewitterung bzw. Behelfsdeckungsfunktion!<\/strong><\/p>\n\n\n\n<p>Viele g\u00e4ngige Dachziegel erreichen lediglich eine HW 4. Folglich bieten diese pro clima Unterdeckbahnen dank ihrer hohen Hagelwiderstandsklasse HW 5 einen zus\u00e4tzlichen Schutz f\u00fcr das Dach: <strong>Auch wenn Ziegel durch den Hagel brechen, halten diese pro clima Bahnen das Dach trocken.<\/strong><\/p>\n","protected":false},"excerpt":{"rendered":"<p>Starkwetterereignisse nehmen in Deutschland und ganz Europa zu. Hagelst\u00fcrme mit bis zu 5 cm dicken Hagelk\u00f6rnern geh\u00f6ren auch dazu. Sobald die ersten Hagelk\u00f6rner fallen, stellt <a href=\"https:\/\/blog.proclima.com\/de\/2023\/01\/hagelsicheres-dach-mit-pro-clima-unterdeck-und-unterspannbahnen\/\" rel=\"bookmark\">&#8230;<\/a><\/p>\n","protected":false},"author":453,"featured_media":10362,"comment_status":"open","ping_status":"open","sticky":false,"template":"","format":"standard","meta":{"footnotes":""},"categories":[1288,1237,6162,136,1,776],"tags":[6172,6210,6174,6171,6180,6178,6179,6177,6173,6175,6176],"class_list":["post-10361","post","type-post","status-publish","format-standard","has-post-thumbnail","hentry","category-bauphysik","category-fachartikel","category-lust-auf-besser-bauen","category-pressemitteilung","category-proclima","category-produkte","tag-hagel","tag-hagelschutz","tag-hagelsicheres-dach","tag-hageltest","tag-solitex-mento-3000","tag-solitex-mento-5000","tag-solitex-mento-plus","tag-solitex-weldano-3000","tag-starkwetterereignisse","tag-unterdeckbahn","tag-unterspannbahn"],"yoast_head":"<!-- This site is optimized with the Yoast SEO plugin v27.5 - https:\/\/yoast.com\/product\/yoast-seo-wordpress\/ -->\n<title>Hagelsicheres Dach mit pro clima Unterdeck- und Unterspannbahnen &#187; pro clima Blog - Deutschland<\/title>\n<meta name=\"robots\" content=\"index, follow, max-snippet:-1, max-image-preview:large, max-video-preview:-1\" \/>\n<link rel=\"canonical\" href=\"https:\/\/blog.proclima.com\/de\/2023\/01\/hagelsicheres-dach-mit-pro-clima-unterdeck-und-unterspannbahnen\/\" \/>\n<meta property=\"og:locale\" content=\"de_DE\" \/>\n<meta property=\"og:type\" content=\"article\" \/>\n<meta property=\"og:title\" content=\"Hagelsicheres Dach mit pro clima Unterdeck- und Unterspannbahnen &#187; pro clima Blog - Deutschland\" \/>\n<meta property=\"og:description\" content=\"Starkwetterereignisse nehmen in Deutschland und ganz Europa zu. Hagelst\u00fcrme mit bis zu 5 cm dicken Hagelk\u00f6rnern geh\u00f6ren auch dazu. Sobald die ersten Hagelk\u00f6rner fallen, stellt ...\" \/>\n<meta property=\"og:url\" content=\"https:\/\/blog.proclima.com\/de\/2023\/01\/hagelsicheres-dach-mit-pro-clima-unterdeck-und-unterspannbahnen\/\" \/>\n<meta property=\"og:site_name\" content=\"pro clima Blog - Deutschland\" \/>\n<meta property=\"article:publisher\" content=\"https:\/\/www.facebook.com\/proclima\" \/>\n<meta property=\"article:published_time\" content=\"2023-01-19T08:10:29+00:00\" \/>\n<meta property=\"article:modified_time\" content=\"2023-07-31T07:00:20+00:00\" \/>\n<meta property=\"og:image\" content=\"https:\/\/blog.proclima.com\/de\/files\/2023\/01\/Beitragsbild-Hageltest_komprimiert.jpg\" \/>\n\t<meta property=\"og:image:width\" content=\"994\" \/>\n\t<meta property=\"og:image:height\" content=\"738\" \/>\n\t<meta property=\"og:image:type\" content=\"image\/jpeg\" \/>\n<meta name=\"author\" content=\"Friederike Remiorz\" \/>\n<meta name=\"twitter:card\" content=\"summary_large_image\" \/>\n<meta name=\"twitter:creator\" content=\"@proclimaDE\" \/>\n<meta name=\"twitter:site\" content=\"@proclimaDE\" \/>\n<meta name=\"twitter:label1\" content=\"Verfasst von\" \/>\n\t<meta name=\"twitter:data1\" content=\"Friederike Remiorz\" \/>\n\t<meta name=\"twitter:label2\" content=\"Gesch\u00e4tzte Lesezeit\" \/>\n\t<meta name=\"twitter:data2\" content=\"2\u00a0Minuten\" \/>\n<script type=\"application\/ld+json\" class=\"yoast-schema-graph\">{\"@context\":\"https:\\\/\\\/schema.org\",\"@graph\":[{\"@type\":\"Article\",\"@id\":\"https:\\\/\\\/blog.proclima.com\\\/de\\\/2023\\\/01\\\/hagelsicheres-dach-mit-pro-clima-unterdeck-und-unterspannbahnen\\\/#article\",\"isPartOf\":{\"@id\":\"https:\\\/\\\/blog.proclima.com\\\/de\\\/2023\\\/01\\\/hagelsicheres-dach-mit-pro-clima-unterdeck-und-unterspannbahnen\\\/\"},\"author\":{\"name\":\"Friederike Remiorz\",\"@id\":\"https:\\\/\\\/blog.proclima.com\\\/de\\\/#\\\/schema\\\/person\\\/c596ad1307bfc3dc78019a7338a86dc1\"},\"headline\":\"Hagelsicheres Dach mit pro clima Unterdeck- und Unterspannbahnen\",\"datePublished\":\"2023-01-19T08:10:29+00:00\",\"dateModified\":\"2023-07-31T07:00:20+00:00\",\"mainEntityOfPage\":{\"@id\":\"https:\\\/\\\/blog.proclima.com\\\/de\\\/2023\\\/01\\\/hagelsicheres-dach-mit-pro-clima-unterdeck-und-unterspannbahnen\\\/\"},\"wordCount\":360,\"commentCount\":0,\"publisher\":{\"@id\":\"https:\\\/\\\/blog.proclima.com\\\/de\\\/#organization\"},\"image\":{\"@id\":\"https:\\\/\\\/blog.proclima.com\\\/de\\\/2023\\\/01\\\/hagelsicheres-dach-mit-pro-clima-unterdeck-und-unterspannbahnen\\\/#primaryimage\"},\"thumbnailUrl\":\"https:\\\/\\\/blog.proclima.com\\\/de\\\/files\\\/2023\\\/01\\\/Beitragsbild-Hageltest_komprimiert.jpg\",\"keywords\":[\"Hagel\",\"Hagelschutz\",\"Hagelsicheres Dach\",\"Hageltest\",\"SOLITEX MENTO 3000\",\"SOLITEX MENTO 5000\",\"SOLITEX MENTO PLUS\",\"SOLITEX WELDANO 3000\",\"Starkwetterereignisse\",\"Unterdeckbahn\",\"Unterspannbahn\"],\"articleSection\":[\"Bauphysik\",\"Fachartikel\",\"Lust auf BESSER BAUEN\",\"Pressemitteilungen\",\"pro clima\",\"Produkte\"],\"inLanguage\":\"de\",\"potentialAction\":[{\"@type\":\"CommentAction\",\"name\":\"Comment\",\"target\":[\"https:\\\/\\\/blog.proclima.com\\\/de\\\/2023\\\/01\\\/hagelsicheres-dach-mit-pro-clima-unterdeck-und-unterspannbahnen\\\/#respond\"]}]},{\"@type\":\"WebPage\",\"@id\":\"https:\\\/\\\/blog.proclima.com\\\/de\\\/2023\\\/01\\\/hagelsicheres-dach-mit-pro-clima-unterdeck-und-unterspannbahnen\\\/\",\"url\":\"https:\\\/\\\/blog.proclima.com\\\/de\\\/2023\\\/01\\\/hagelsicheres-dach-mit-pro-clima-unterdeck-und-unterspannbahnen\\\/\",\"name\":\"Hagelsicheres Dach mit pro clima Unterdeck- und Unterspannbahnen &#187; pro clima Blog - Deutschland\",\"isPartOf\":{\"@id\":\"https:\\\/\\\/blog.proclima.com\\\/de\\\/#website\"},\"primaryImageOfPage\":{\"@id\":\"https:\\\/\\\/blog.proclima.com\\\/de\\\/2023\\\/01\\\/hagelsicheres-dach-mit-pro-clima-unterdeck-und-unterspannbahnen\\\/#primaryimage\"},\"image\":{\"@id\":\"https:\\\/\\\/blog.proclima.com\\\/de\\\/2023\\\/01\\\/hagelsicheres-dach-mit-pro-clima-unterdeck-und-unterspannbahnen\\\/#primaryimage\"},\"thumbnailUrl\":\"https:\\\/\\\/blog.proclima.com\\\/de\\\/files\\\/2023\\\/01\\\/Beitragsbild-Hageltest_komprimiert.jpg\",\"datePublished\":\"2023-01-19T08:10:29+00:00\",\"dateModified\":\"2023-07-31T07:00:20+00:00\",\"breadcrumb\":{\"@id\":\"https:\\\/\\\/blog.proclima.com\\\/de\\\/2023\\\/01\\\/hagelsicheres-dach-mit-pro-clima-unterdeck-und-unterspannbahnen\\\/#breadcrumb\"},\"inLanguage\":\"de\",\"potentialAction\":[{\"@type\":\"ReadAction\",\"target\":[\"https:\\\/\\\/blog.proclima.com\\\/de\\\/2023\\\/01\\\/hagelsicheres-dach-mit-pro-clima-unterdeck-und-unterspannbahnen\\\/\"]}]},{\"@type\":\"ImageObject\",\"inLanguage\":\"de\",\"@id\":\"https:\\\/\\\/blog.proclima.com\\\/de\\\/2023\\\/01\\\/hagelsicheres-dach-mit-pro-clima-unterdeck-und-unterspannbahnen\\\/#primaryimage\",\"url\":\"https:\\\/\\\/blog.proclima.com\\\/de\\\/files\\\/2023\\\/01\\\/Beitragsbild-Hageltest_komprimiert.jpg\",\"contentUrl\":\"https:\\\/\\\/blog.proclima.com\\\/de\\\/files\\\/2023\\\/01\\\/Beitragsbild-Hageltest_komprimiert.jpg\",\"width\":994,\"height\":738},{\"@type\":\"BreadcrumbList\",\"@id\":\"https:\\\/\\\/blog.proclima.com\\\/de\\\/2023\\\/01\\\/hagelsicheres-dach-mit-pro-clima-unterdeck-und-unterspannbahnen\\\/#breadcrumb\",\"itemListElement\":[{\"@type\":\"ListItem\",\"position\":1,\"name\":\"Startseite\",\"item\":\"https:\\\/\\\/blog.proclima.com\\\/de\\\/\"},{\"@type\":\"ListItem\",\"position\":2,\"name\":\"Hagelsicheres Dach mit pro clima Unterdeck- und Unterspannbahnen\"}]},{\"@type\":\"WebSite\",\"@id\":\"https:\\\/\\\/blog.proclima.com\\\/de\\\/#website\",\"url\":\"https:\\\/\\\/blog.proclima.com\\\/de\\\/\",\"name\":\"pro clima Blog - Deutschland\",\"description\":\"alles was pro clima bewegt\",\"publisher\":{\"@id\":\"https:\\\/\\\/blog.proclima.com\\\/de\\\/#organization\"},\"potentialAction\":[{\"@type\":\"SearchAction\",\"target\":{\"@type\":\"EntryPoint\",\"urlTemplate\":\"https:\\\/\\\/blog.proclima.com\\\/de\\\/?s={search_term_string}\"},\"query-input\":{\"@type\":\"PropertyValueSpecification\",\"valueRequired\":true,\"valueName\":\"search_term_string\"}}],\"inLanguage\":\"de\"},{\"@type\":\"Organization\",\"@id\":\"https:\\\/\\\/blog.proclima.com\\\/de\\\/#organization\",\"name\":\"pro clima - Moll bau\u00f6kologische Produkte GmbH\",\"url\":\"https:\\\/\\\/blog.proclima.com\\\/de\\\/\",\"logo\":{\"@type\":\"ImageObject\",\"inLanguage\":\"de\",\"@id\":\"https:\\\/\\\/blog.proclima.com\\\/de\\\/#\\\/schema\\\/logo\\\/image\\\/\",\"url\":\"https:\\\/\\\/blog.proclima.com\\\/de\\\/files\\\/2020\\\/04\\\/Logo-pro-clima.png\",\"contentUrl\":\"https:\\\/\\\/blog.proclima.com\\\/de\\\/files\\\/2020\\\/04\\\/Logo-pro-clima.png\",\"width\":4210,\"height\":4881,\"caption\":\"pro clima - Moll bau\u00f6kologische Produkte GmbH\"},\"image\":{\"@id\":\"https:\\\/\\\/blog.proclima.com\\\/de\\\/#\\\/schema\\\/logo\\\/image\\\/\"},\"sameAs\":[\"https:\\\/\\\/www.facebook.com\\\/proclima\",\"https:\\\/\\\/x.com\\\/proclimaDE\"]},{\"@type\":\"Person\",\"@id\":\"https:\\\/\\\/blog.proclima.com\\\/de\\\/#\\\/schema\\\/person\\\/c596ad1307bfc3dc78019a7338a86dc1\",\"name\":\"Friederike Remiorz\",\"url\":\"https:\\\/\\\/blog.proclima.com\\\/de\\\/author\\\/remiorz\\\/\"}]}<\/script>\n<!-- \/ Yoast SEO plugin. -->","yoast_head_json":{"title":"Hagelsicheres Dach mit pro clima Unterdeck- und Unterspannbahnen &#187; pro clima Blog - Deutschland","robots":{"index":"index","follow":"follow","max-snippet":"max-snippet:-1","max-image-preview":"max-image-preview:large","max-video-preview":"max-video-preview:-1"},"canonical":"https:\/\/blog.proclima.com\/de\/2023\/01\/hagelsicheres-dach-mit-pro-clima-unterdeck-und-unterspannbahnen\/","og_locale":"de_DE","og_type":"article","og_title":"Hagelsicheres Dach mit pro clima Unterdeck- und Unterspannbahnen &#187; pro clima Blog - Deutschland","og_description":"Starkwetterereignisse nehmen in Deutschland und ganz Europa zu. Hagelst\u00fcrme mit bis zu 5 cm dicken Hagelk\u00f6rnern geh\u00f6ren auch dazu. Sobald die ersten Hagelk\u00f6rner fallen, stellt ...","og_url":"https:\/\/blog.proclima.com\/de\/2023\/01\/hagelsicheres-dach-mit-pro-clima-unterdeck-und-unterspannbahnen\/","og_site_name":"pro clima Blog - Deutschland","article_publisher":"https:\/\/www.facebook.com\/proclima","article_published_time":"2023-01-19T08:10:29+00:00","article_modified_time":"2023-07-31T07:00:20+00:00","og_image":[{"width":994,"height":738,"url":"https:\/\/blog.proclima.com\/de\/files\/2023\/01\/Beitragsbild-Hageltest_komprimiert.jpg","type":"image\/jpeg"}],"author":"Friederike Remiorz","twitter_card":"summary_large_image","twitter_creator":"@proclimaDE","twitter_site":"@proclimaDE","twitter_misc":{"Verfasst von":"Friederike Remiorz","Gesch\u00e4tzte Lesezeit":"2\u00a0Minuten"},"schema":{"@context":"https:\/\/schema.org","@graph":[{"@type":"Article","@id":"https:\/\/blog.proclima.com\/de\/2023\/01\/hagelsicheres-dach-mit-pro-clima-unterdeck-und-unterspannbahnen\/#article","isPartOf":{"@id":"https:\/\/blog.proclima.com\/de\/2023\/01\/hagelsicheres-dach-mit-pro-clima-unterdeck-und-unterspannbahnen\/"},"author":{"name":"Friederike Remiorz","@id":"https:\/\/blog.proclima.com\/de\/#\/schema\/person\/c596ad1307bfc3dc78019a7338a86dc1"},"headline":"Hagelsicheres Dach mit pro clima Unterdeck- und Unterspannbahnen","datePublished":"2023-01-19T08:10:29+00:00","dateModified":"2023-07-31T07:00:20+00:00","mainEntityOfPage":{"@id":"https:\/\/blog.proclima.com\/de\/2023\/01\/hagelsicheres-dach-mit-pro-clima-unterdeck-und-unterspannbahnen\/"},"wordCount":360,"commentCount":0,"publisher":{"@id":"https:\/\/blog.proclima.com\/de\/#organization"},"image":{"@id":"https:\/\/blog.proclima.com\/de\/2023\/01\/hagelsicheres-dach-mit-pro-clima-unterdeck-und-unterspannbahnen\/#primaryimage"},"thumbnailUrl":"https:\/\/blog.proclima.com\/de\/files\/2023\/01\/Beitragsbild-Hageltest_komprimiert.jpg","keywords":["Hagel","Hagelschutz","Hagelsicheres Dach","Hageltest","SOLITEX MENTO 3000","SOLITEX MENTO 5000","SOLITEX MENTO PLUS","SOLITEX WELDANO 3000","Starkwetterereignisse","Unterdeckbahn","Unterspannbahn"],"articleSection":["Bauphysik","Fachartikel","Lust auf BESSER BAUEN","Pressemitteilungen","pro clima","Produkte"],"inLanguage":"de","potentialAction":[{"@type":"CommentAction","name":"Comment","target":["https:\/\/blog.proclima.com\/de\/2023\/01\/hagelsicheres-dach-mit-pro-clima-unterdeck-und-unterspannbahnen\/#respond"]}]},{"@type":"WebPage","@id":"https:\/\/blog.proclima.com\/de\/2023\/01\/hagelsicheres-dach-mit-pro-clima-unterdeck-und-unterspannbahnen\/","url":"https:\/\/blog.proclima.com\/de\/2023\/01\/hagelsicheres-dach-mit-pro-clima-unterdeck-und-unterspannbahnen\/","name":"Hagelsicheres Dach mit pro clima Unterdeck- und Unterspannbahnen &#187; pro clima Blog - Deutschland","isPartOf":{"@id":"https:\/\/blog.proclima.com\/de\/#website"},"primaryImageOfPage":{"@id":"https:\/\/blog.proclima.com\/de\/2023\/01\/hagelsicheres-dach-mit-pro-clima-unterdeck-und-unterspannbahnen\/#primaryimage"},"image":{"@id":"https:\/\/blog.proclima.com\/de\/2023\/01\/hagelsicheres-dach-mit-pro-clima-unterdeck-und-unterspannbahnen\/#primaryimage"},"thumbnailUrl":"https:\/\/blog.proclima.com\/de\/files\/2023\/01\/Beitragsbild-Hageltest_komprimiert.jpg","datePublished":"2023-01-19T08:10:29+00:00","dateModified":"2023-07-31T07:00:20+00:00","breadcrumb":{"@id":"https:\/\/blog.proclima.com\/de\/2023\/01\/hagelsicheres-dach-mit-pro-clima-unterdeck-und-unterspannbahnen\/#breadcrumb"},"inLanguage":"de","potentialAction":[{"@type":"ReadAction","target":["https:\/\/blog.proclima.com\/de\/2023\/01\/hagelsicheres-dach-mit-pro-clima-unterdeck-und-unterspannbahnen\/"]}]},{"@type":"ImageObject","inLanguage":"de","@id":"https:\/\/blog.proclima.com\/de\/2023\/01\/hagelsicheres-dach-mit-pro-clima-unterdeck-und-unterspannbahnen\/#primaryimage","url":"https:\/\/blog.proclima.com\/de\/files\/2023\/01\/Beitragsbild-Hageltest_komprimiert.jpg","contentUrl":"https:\/\/blog.proclima.com\/de\/files\/2023\/01\/Beitragsbild-Hageltest_komprimiert.jpg","width":994,"height":738},{"@type":"BreadcrumbList","@id":"https:\/\/blog.proclima.com\/de\/2023\/01\/hagelsicheres-dach-mit-pro-clima-unterdeck-und-unterspannbahnen\/#breadcrumb","itemListElement":[{"@type":"ListItem","position":1,"name":"Startseite","item":"https:\/\/blog.proclima.com\/de\/"},{"@type":"ListItem","position":2,"name":"Hagelsicheres Dach mit pro clima Unterdeck- und Unterspannbahnen"}]},{"@type":"WebSite","@id":"https:\/\/blog.proclima.com\/de\/#website","url":"https:\/\/blog.proclima.com\/de\/","name":"pro clima Blog - Deutschland","description":"alles was pro clima bewegt","publisher":{"@id":"https:\/\/blog.proclima.com\/de\/#organization"},"potentialAction":[{"@type":"SearchAction","target":{"@type":"EntryPoint","urlTemplate":"https:\/\/blog.proclima.com\/de\/?s={search_term_string}"},"query-input":{"@type":"PropertyValueSpecification","valueRequired":true,"valueName":"search_term_string"}}],"inLanguage":"de"},{"@type":"Organization","@id":"https:\/\/blog.proclima.com\/de\/#organization","name":"pro clima - Moll bau\u00f6kologische Produkte GmbH","url":"https:\/\/blog.proclima.com\/de\/","logo":{"@type":"ImageObject","inLanguage":"de","@id":"https:\/\/blog.proclima.com\/de\/#\/schema\/logo\/image\/","url":"https:\/\/blog.proclima.com\/de\/files\/2020\/04\/Logo-pro-clima.png","contentUrl":"https:\/\/blog.proclima.com\/de\/files\/2020\/04\/Logo-pro-clima.png","width":4210,"height":4881,"caption":"pro clima - Moll bau\u00f6kologische Produkte GmbH"},"image":{"@id":"https:\/\/blog.proclima.com\/de\/#\/schema\/logo\/image\/"},"sameAs":["https:\/\/www.facebook.com\/proclima","https:\/\/x.com\/proclimaDE"]},{"@type":"Person","@id":"https:\/\/blog.proclima.com\/de\/#\/schema\/person\/c596ad1307bfc3dc78019a7338a86dc1","name":"Friederike Remiorz","url":"https:\/\/blog.proclima.com\/de\/author\/remiorz\/"}]}},"canto_acf_fields":"","_links":{"self":[{"href":"https:\/\/blog.proclima.com\/de\/wp-json\/wp\/v2\/posts\/10361","targetHints":{"allow":["GET"]}}],"collection":[{"href":"https:\/\/blog.proclima.com\/de\/wp-json\/wp\/v2\/posts"}],"about":[{"href":"https:\/\/blog.proclima.com\/de\/wp-json\/wp\/v2\/types\/post"}],"author":[{"embeddable":true,"href":"https:\/\/blog.proclima.com\/de\/wp-json\/wp\/v2\/users\/453"}],"replies":[{"embeddable":true,"href":"https:\/\/blog.proclima.com\/de\/wp-json\/wp\/v2\/comments?post=10361"}],"version-history":[{"count":13,"href":"https:\/\/blog.proclima.com\/de\/wp-json\/wp\/v2\/posts\/10361\/revisions"}],"predecessor-version":[{"id":10636,"href":"https:\/\/blog.proclima.com\/de\/wp-json\/wp\/v2\/posts\/10361\/revisions\/10636"}],"wp:featuredmedia":[{"embeddable":true,"href":"https:\/\/blog.proclima.com\/de\/wp-json\/wp\/v2\/media\/10362"}],"wp:attachment":[{"href":"https:\/\/blog.proclima.com\/de\/wp-json\/wp\/v2\/media?parent=10361"}],"wp:term":[{"taxonomy":"category","embeddable":true,"href":"https:\/\/blog.proclima.com\/de\/wp-json\/wp\/v2\/categories?post=10361"},{"taxonomy":"post_tag","embeddable":true,"href":"https:\/\/blog.proclima.com\/de\/wp-json\/wp\/v2\/tags?post=10361"}],"curies":[{"name":"wp","href":"https:\/\/api.w.org\/{rel}","templated":true}]}}