
{"id":1023,"date":"2012-03-27T12:19:11","date_gmt":"2012-03-27T10:19:11","guid":{"rendered":"http:\/\/blog.proclima.com\/de\/?p=1023"},"modified":"2012-03-27T12:19:58","modified_gmt":"2012-03-27T10:19:58","slug":"ausstellung-holzwerkholz","status":"publish","type":"post","link":"https:\/\/blog.proclima.com\/de\/2012\/03\/ausstellung-holzwerkholz\/","title":{"rendered":"Start der Ausstellung HolzWerkHolz: Beeindruckend und bescheiden"},"content":{"rendered":"<p><a href=\"https:\/\/blog.proclima.com\/de\/files\/2012\/03\/P1010131.jpg\"><img loading=\"lazy\" decoding=\"async\" data-size=\"1000x750\" class=\"alignleft size-medium wp-image-1047\" src=\"https:\/\/blog.proclima.com\/de\/files\/2012\/03\/P1010131-300x225.jpg\" alt=\"\" width=\"300\" height=\"225\" srcset=\"https:\/\/blog.proclima.com\/de\/files\/2012\/03\/P1010131-300x225.jpg 300w, https:\/\/blog.proclima.com\/de\/files\/2012\/03\/P1010131-768x576.jpg 768w, https:\/\/blog.proclima.com\/de\/files\/2012\/03\/P1010131-384x288.jpg 384w, https:\/\/blog.proclima.com\/de\/files\/2012\/03\/P1010131.jpg 1000w\" sizes=\"auto, (max-width: 300px) 100vw, 300px\" \/><\/a>Detailzeichnungen auf Banner gedruckt, zwischen Glasscheiben eingefasste Fotografien von Holzbauwerken und beschriftete Modelle: Die Ausstellung HolzWerkHolz in Berlin zeigt die Entwicklung und technische Details des modernen Holzbaus. pro clima Grafiker Albert Bomerski, der selbst Architektur studiert hat, war mit 150 Besuchern bei der Er\u00f6ffnung am Freitag, 23. M\u00e4rz 2012 , dabei. F\u00fcr das Architekturb\u00fcro Kaden &amp; Klingbeil ist es die erste Ausstellung in der renommierten Architekturgalerie aedes.<!--more--><\/p>\n<p>\u201eDie Er\u00f6ffnungsreden der Kuratoren Kristin Feireiss und Claus K\u00e4pplinger haben gezeigt, dass Kaden und Klingbeil Vorreiter des innovativen und konstruktiven Holzbaus sind\u201c, berichtet Bomerski von der Veranstaltung.<\/p>\n<p>Als das Architektenduo Tom Kaden und Tom Klingbeil ihr Architekturb\u00fcro gr\u00fcndete, wollten sie Holz zu einer neuen Entwicklungsstufe f\u00fchren und es in Einklang mit den wachsenden Bed\u00fcrfnissen und \u00f6kologischen Herausforderungen bringen. Dieses Ziel haben sie auch umgesetzt. Nach m\u00fchsamen Diskussionen mit \u00c4mtern und Zulassungsstellen haben sie es geschafft, Brandschutzauflagen f\u00fcr ein siebenst\u00f6ckiges Holzhaus f\u00fcr Berlin zu erf\u00fcllen und so mit ihrem ersten Projekt e3 gleich durchzustarten: Mit diesem Bauwerk setzten sie einen Meilenstein im Holzbau, denn bis dahin waren aus Brandschutzgr\u00fcnden Holzbauten nur bis maximal f\u00fcnf Geschosse gebaut worden.<a href=\"https:\/\/blog.proclima.com\/de\/files\/2012\/03\/PLAKATaedes.pdf\"><img loading=\"lazy\" decoding=\"async\" data-size=\"591x189\" class=\"alignright size-medium wp-image-1060\" src=\"https:\/\/blog.proclima.com\/de\/files\/2012\/03\/screenie-300x95.jpg\" alt=\"Einladung zum Workshop\" width=\"300\" height=\"95\" \/><\/a><\/p>\n<p>Die ersten Besucher zeigten sich am Freitag begeistert von der Werkschau, Architektin Annette Holweck kommentierte: \u201eIch finde die Arbeiten Kaden Klingbeils faszinierend. Mit dem Werkstoff Holz muss man ganz anders planen und bauen, viel exakter. Ihre\u00a0Bauten wirken gradlinig und \u00fcberzeugend.&#8220;<\/p>\n<p>pro clima f\u00f6rdert die Ausstellung und den <a href=\"https:\/\/blog.proclima.com\/de\/files\/2012\/03\/PLAKATaedes.pdf\">Holzbaucampus f\u00fcr Studierende<\/a>, der n\u00e4chste Woche Montag beginnt.<\/p>\n\n\t\t<style type=\"text\/css\">\n\t\t\t#gallery-1 {\n\t\t\t\tmargin: auto;\n\t\t\t}\n\t\t\t#gallery-1 .gallery-item {\n\t\t\t\tfloat: left;\n\t\t\t\tmargin-top: 10px;\n\t\t\t\ttext-align: center;\n\t\t\t\twidth: 25%;\n\t\t\t}\n\t\t\t#gallery-1 img {\n\t\t\t\tborder: 2px solid #cfcfcf;\n\t\t\t}\n\t\t\t#gallery-1 .gallery-caption {\n\t\t\t\tmargin-left: 0;\n\t\t\t}\n\t\t\t\/* see gallery_shortcode() in wp-includes\/media.php *\/\n\t\t<\/style>\n\t\t<div id='gallery-1' class='gallery galleryid-1023 gallery-columns-4 gallery-size-thumbnail'><dl class='gallery-item'>\n\t\t\t<dt class='gallery-icon landscape'>\n\t\t\t\t<a href='https:\/\/blog.proclima.com\/de\/2012\/03\/ausstellung-holzwerkholz\/p1010048\/'><img loading=\"lazy\" decoding=\"async\" data-size=\"1000x750\" width=\"150\" height=\"150\" src=\"https:\/\/blog.proclima.com\/de\/files\/2012\/03\/P1010048-150x150.jpg\" class=\"attachment-thumbnail size-thumbnail\" alt=\"\" srcset=\"https:\/\/blog.proclima.com\/de\/files\/2012\/03\/P1010048-150x150.jpg 150w, https:\/\/blog.proclima.com\/de\/files\/2012\/03\/P1010048-216x216.jpg 216w\" sizes=\"auto, (max-width: 150px) 100vw, 150px\" \/><\/a>\n\t\t\t<\/dt><\/dl><dl class='gallery-item'>\n\t\t\t<dt class='gallery-icon landscape'>\n\t\t\t\t<a href='https:\/\/blog.proclima.com\/de\/2012\/03\/ausstellung-holzwerkholz\/p1010050\/'><img loading=\"lazy\" decoding=\"async\" data-size=\"1000x750\" width=\"150\" height=\"150\" src=\"https:\/\/blog.proclima.com\/de\/files\/2012\/03\/P1010050-150x150.jpg\" class=\"attachment-thumbnail size-thumbnail\" alt=\"\" srcset=\"https:\/\/blog.proclima.com\/de\/files\/2012\/03\/P1010050-150x150.jpg 150w, https:\/\/blog.proclima.com\/de\/files\/2012\/03\/P1010050-216x216.jpg 216w\" sizes=\"auto, (max-width: 150px) 100vw, 150px\" \/><\/a>\n\t\t\t<\/dt><\/dl><dl class='gallery-item'>\n\t\t\t<dt class='gallery-icon landscape'>\n\t\t\t\t<a href='https:\/\/blog.proclima.com\/de\/2012\/03\/ausstellung-holzwerkholz\/p1010059\/'><img loading=\"lazy\" decoding=\"async\" data-size=\"1000x750\" width=\"150\" height=\"150\" src=\"https:\/\/blog.proclima.com\/de\/files\/2012\/03\/P1010059-150x150.jpg\" class=\"attachment-thumbnail size-thumbnail\" alt=\"\" srcset=\"https:\/\/blog.proclima.com\/de\/files\/2012\/03\/P1010059-150x150.jpg 150w, https:\/\/blog.proclima.com\/de\/files\/2012\/03\/P1010059-216x216.jpg 216w\" sizes=\"auto, (max-width: 150px) 100vw, 150px\" \/><\/a>\n\t\t\t<\/dt><\/dl><dl class='gallery-item'>\n\t\t\t<dt class='gallery-icon landscape'>\n\t\t\t\t<a href='https:\/\/blog.proclima.com\/de\/2012\/03\/ausstellung-holzwerkholz\/p1010061\/'><img loading=\"lazy\" decoding=\"async\" data-size=\"1000x750\" width=\"150\" height=\"150\" src=\"https:\/\/blog.proclima.com\/de\/files\/2012\/03\/P1010061-150x150.jpg\" class=\"attachment-thumbnail size-thumbnail\" alt=\"\" srcset=\"https:\/\/blog.proclima.com\/de\/files\/2012\/03\/P1010061-150x150.jpg 150w, https:\/\/blog.proclima.com\/de\/files\/2012\/03\/P1010061-216x216.jpg 216w\" sizes=\"auto, (max-width: 150px) 100vw, 150px\" \/><\/a>\n\t\t\t<\/dt><\/dl><br style=\"clear: both\" \/><dl class='gallery-item'>\n\t\t\t<dt class='gallery-icon landscape'>\n\t\t\t\t<a href='https:\/\/blog.proclima.com\/de\/2012\/03\/ausstellung-holzwerkholz\/p1010067\/'><img loading=\"lazy\" decoding=\"async\" data-size=\"1000x750\" width=\"150\" height=\"150\" src=\"https:\/\/blog.proclima.com\/de\/files\/2012\/03\/P1010067-150x150.jpg\" class=\"attachment-thumbnail size-thumbnail\" alt=\"\" srcset=\"https:\/\/blog.proclima.com\/de\/files\/2012\/03\/P1010067-150x150.jpg 150w, https:\/\/blog.proclima.com\/de\/files\/2012\/03\/P1010067-216x216.jpg 216w\" sizes=\"auto, (max-width: 150px) 100vw, 150px\" \/><\/a>\n\t\t\t<\/dt><\/dl><dl class='gallery-item'>\n\t\t\t<dt class='gallery-icon landscape'>\n\t\t\t\t<a href='https:\/\/blog.proclima.com\/de\/2012\/03\/ausstellung-holzwerkholz\/p1010071\/'><img loading=\"lazy\" decoding=\"async\" data-size=\"1000x750\" width=\"150\" height=\"150\" src=\"https:\/\/blog.proclima.com\/de\/files\/2012\/03\/P1010071-150x150.jpg\" class=\"attachment-thumbnail size-thumbnail\" alt=\"\" srcset=\"https:\/\/blog.proclima.com\/de\/files\/2012\/03\/P1010071-150x150.jpg 150w, https:\/\/blog.proclima.com\/de\/files\/2012\/03\/P1010071-216x216.jpg 216w\" sizes=\"auto, (max-width: 150px) 100vw, 150px\" \/><\/a>\n\t\t\t<\/dt><\/dl><dl class='gallery-item'>\n\t\t\t<dt class='gallery-icon landscape'>\n\t\t\t\t<a href='https:\/\/blog.proclima.com\/de\/2012\/03\/ausstellung-holzwerkholz\/p1010074\/'><img loading=\"lazy\" decoding=\"async\" data-size=\"1000x750\" width=\"150\" height=\"150\" src=\"https:\/\/blog.proclima.com\/de\/files\/2012\/03\/P1010074-150x150.jpg\" class=\"attachment-thumbnail size-thumbnail\" alt=\"\" srcset=\"https:\/\/blog.proclima.com\/de\/files\/2012\/03\/P1010074-150x150.jpg 150w, https:\/\/blog.proclima.com\/de\/files\/2012\/03\/P1010074-216x216.jpg 216w\" sizes=\"auto, (max-width: 150px) 100vw, 150px\" \/><\/a>\n\t\t\t<\/dt><\/dl><dl class='gallery-item'>\n\t\t\t<dt class='gallery-icon landscape'>\n\t\t\t\t<a href='https:\/\/blog.proclima.com\/de\/2012\/03\/ausstellung-holzwerkholz\/p1010083\/'><img loading=\"lazy\" decoding=\"async\" data-size=\"1000x750\" width=\"150\" height=\"150\" src=\"https:\/\/blog.proclima.com\/de\/files\/2012\/03\/P1010083-150x150.jpg\" class=\"attachment-thumbnail size-thumbnail\" alt=\"\" srcset=\"https:\/\/blog.proclima.com\/de\/files\/2012\/03\/P1010083-150x150.jpg 150w, https:\/\/blog.proclima.com\/de\/files\/2012\/03\/P1010083-216x216.jpg 216w\" sizes=\"auto, (max-width: 150px) 100vw, 150px\" \/><\/a>\n\t\t\t<\/dt><\/dl><br style=\"clear: both\" \/><dl class='gallery-item'>\n\t\t\t<dt class='gallery-icon landscape'>\n\t\t\t\t<a href='https:\/\/blog.proclima.com\/de\/2012\/03\/ausstellung-holzwerkholz\/p1010089\/'><img loading=\"lazy\" decoding=\"async\" data-size=\"1000x750\" width=\"150\" height=\"150\" src=\"https:\/\/blog.proclima.com\/de\/files\/2012\/03\/P1010089-150x150.jpg\" class=\"attachment-thumbnail size-thumbnail\" alt=\"\" srcset=\"https:\/\/blog.proclima.com\/de\/files\/2012\/03\/P1010089-150x150.jpg 150w, https:\/\/blog.proclima.com\/de\/files\/2012\/03\/P1010089-216x216.jpg 216w\" sizes=\"auto, (max-width: 150px) 100vw, 150px\" \/><\/a>\n\t\t\t<\/dt><\/dl><dl class='gallery-item'>\n\t\t\t<dt class='gallery-icon landscape'>\n\t\t\t\t<a href='https:\/\/blog.proclima.com\/de\/2012\/03\/ausstellung-holzwerkholz\/p1010096\/'><img loading=\"lazy\" decoding=\"async\" data-size=\"1000x750\" width=\"150\" height=\"150\" src=\"https:\/\/blog.proclima.com\/de\/files\/2012\/03\/P1010096-150x150.jpg\" class=\"attachment-thumbnail size-thumbnail\" alt=\"\" srcset=\"https:\/\/blog.proclima.com\/de\/files\/2012\/03\/P1010096-150x150.jpg 150w, https:\/\/blog.proclima.com\/de\/files\/2012\/03\/P1010096-216x216.jpg 216w\" sizes=\"auto, (max-width: 150px) 100vw, 150px\" \/><\/a>\n\t\t\t<\/dt><\/dl><dl class='gallery-item'>\n\t\t\t<dt class='gallery-icon portrait'>\n\t\t\t\t<a href='https:\/\/blog.proclima.com\/de\/2012\/03\/ausstellung-holzwerkholz\/p1010099\/'><img loading=\"lazy\" decoding=\"async\" data-size=\"750x1000\" width=\"150\" height=\"150\" src=\"https:\/\/blog.proclima.com\/de\/files\/2012\/03\/P1010099-150x150.jpg\" class=\"attachment-thumbnail size-thumbnail\" alt=\"\" srcset=\"https:\/\/blog.proclima.com\/de\/files\/2012\/03\/P1010099-150x150.jpg 150w, https:\/\/blog.proclima.com\/de\/files\/2012\/03\/P1010099-216x216.jpg 216w\" sizes=\"auto, (max-width: 150px) 100vw, 150px\" \/><\/a>\n\t\t\t<\/dt><\/dl><dl class='gallery-item'>\n\t\t\t<dt class='gallery-icon landscape'>\n\t\t\t\t<a href='https:\/\/blog.proclima.com\/de\/2012\/03\/ausstellung-holzwerkholz\/p1010101\/'><img loading=\"lazy\" decoding=\"async\" data-size=\"1000x750\" width=\"150\" height=\"150\" src=\"https:\/\/blog.proclima.com\/de\/files\/2012\/03\/P1010101-150x150.jpg\" class=\"attachment-thumbnail size-thumbnail\" alt=\"\" srcset=\"https:\/\/blog.proclima.com\/de\/files\/2012\/03\/P1010101-150x150.jpg 150w, https:\/\/blog.proclima.com\/de\/files\/2012\/03\/P1010101-216x216.jpg 216w\" sizes=\"auto, (max-width: 150px) 100vw, 150px\" \/><\/a>\n\t\t\t<\/dt><\/dl><br style=\"clear: both\" \/><dl class='gallery-item'>\n\t\t\t<dt class='gallery-icon landscape'>\n\t\t\t\t<a href='https:\/\/blog.proclima.com\/de\/2012\/03\/ausstellung-holzwerkholz\/p1010103\/'><img loading=\"lazy\" decoding=\"async\" data-size=\"1000x750\" width=\"150\" height=\"150\" src=\"https:\/\/blog.proclima.com\/de\/files\/2012\/03\/P1010103-150x150.jpg\" class=\"attachment-thumbnail size-thumbnail\" alt=\"\" srcset=\"https:\/\/blog.proclima.com\/de\/files\/2012\/03\/P1010103-150x150.jpg 150w, https:\/\/blog.proclima.com\/de\/files\/2012\/03\/P1010103-216x216.jpg 216w\" sizes=\"auto, (max-width: 150px) 100vw, 150px\" \/><\/a>\n\t\t\t<\/dt><\/dl><dl class='gallery-item'>\n\t\t\t<dt class='gallery-icon landscape'>\n\t\t\t\t<a href='https:\/\/blog.proclima.com\/de\/2012\/03\/ausstellung-holzwerkholz\/p1010124\/'><img loading=\"lazy\" decoding=\"async\" data-size=\"1000x750\" width=\"150\" height=\"150\" src=\"https:\/\/blog.proclima.com\/de\/files\/2012\/03\/P1010124-150x150.jpg\" class=\"attachment-thumbnail size-thumbnail\" alt=\"\" srcset=\"https:\/\/blog.proclima.com\/de\/files\/2012\/03\/P1010124-150x150.jpg 150w, https:\/\/blog.proclima.com\/de\/files\/2012\/03\/P1010124-216x216.jpg 216w\" sizes=\"auto, (max-width: 150px) 100vw, 150px\" \/><\/a>\n\t\t\t<\/dt><\/dl><dl class='gallery-item'>\n\t\t\t<dt class='gallery-icon landscape'>\n\t\t\t\t<a href='https:\/\/blog.proclima.com\/de\/2012\/03\/ausstellung-holzwerkholz\/p1010126\/'><img loading=\"lazy\" decoding=\"async\" data-size=\"1000x750\" width=\"150\" height=\"150\" src=\"https:\/\/blog.proclima.com\/de\/files\/2012\/03\/P1010126-150x150.jpg\" class=\"attachment-thumbnail size-thumbnail\" alt=\"\" srcset=\"https:\/\/blog.proclima.com\/de\/files\/2012\/03\/P1010126-150x150.jpg 150w, https:\/\/blog.proclima.com\/de\/files\/2012\/03\/P1010126-216x216.jpg 216w\" sizes=\"auto, (max-width: 150px) 100vw, 150px\" \/><\/a>\n\t\t\t<\/dt><\/dl><dl class='gallery-item'>\n\t\t\t<dt class='gallery-icon portrait'>\n\t\t\t\t<a href='https:\/\/blog.proclima.com\/de\/2012\/03\/ausstellung-holzwerkholz\/p1010127\/'><img loading=\"lazy\" decoding=\"async\" data-size=\"750x1000\" width=\"150\" height=\"150\" src=\"https:\/\/blog.proclima.com\/de\/files\/2012\/03\/P1010127-150x150.jpg\" class=\"attachment-thumbnail size-thumbnail\" alt=\"\" srcset=\"https:\/\/blog.proclima.com\/de\/files\/2012\/03\/P1010127-150x150.jpg 150w, https:\/\/blog.proclima.com\/de\/files\/2012\/03\/P1010127-216x216.jpg 216w\" sizes=\"auto, (max-width: 150px) 100vw, 150px\" \/><\/a>\n\t\t\t<\/dt><\/dl><br style=\"clear: both\" \/><dl class='gallery-item'>\n\t\t\t<dt class='gallery-icon landscape'>\n\t\t\t\t<a href='https:\/\/blog.proclima.com\/de\/2012\/03\/ausstellung-holzwerkholz\/p1010130\/'><img loading=\"lazy\" decoding=\"async\" data-size=\"1000x750\" width=\"150\" height=\"150\" src=\"https:\/\/blog.proclima.com\/de\/files\/2012\/03\/P1010130-150x150.jpg\" class=\"attachment-thumbnail size-thumbnail\" alt=\"\" srcset=\"https:\/\/blog.proclima.com\/de\/files\/2012\/03\/P1010130-150x150.jpg 150w, https:\/\/blog.proclima.com\/de\/files\/2012\/03\/P1010130-216x216.jpg 216w\" sizes=\"auto, (max-width: 150px) 100vw, 150px\" \/><\/a>\n\t\t\t<\/dt><\/dl><dl class='gallery-item'>\n\t\t\t<dt class='gallery-icon landscape'>\n\t\t\t\t<a href='https:\/\/blog.proclima.com\/de\/2012\/03\/ausstellung-holzwerkholz\/p1010131\/'><img loading=\"lazy\" decoding=\"async\" data-size=\"1000x750\" width=\"150\" height=\"150\" src=\"https:\/\/blog.proclima.com\/de\/files\/2012\/03\/P1010131-150x150.jpg\" class=\"attachment-thumbnail size-thumbnail\" alt=\"\" srcset=\"https:\/\/blog.proclima.com\/de\/files\/2012\/03\/P1010131-150x150.jpg 150w, https:\/\/blog.proclima.com\/de\/files\/2012\/03\/P1010131-216x216.jpg 216w\" sizes=\"auto, (max-width: 150px) 100vw, 150px\" \/><\/a>\n\t\t\t<\/dt><\/dl><dl class='gallery-item'>\n\t\t\t<dt class='gallery-icon landscape'>\n\t\t\t\t<a href='https:\/\/blog.proclima.com\/de\/2012\/03\/ausstellung-holzwerkholz\/p1010137\/'><img loading=\"lazy\" decoding=\"async\" data-size=\"1000x750\" width=\"150\" height=\"150\" src=\"https:\/\/blog.proclima.com\/de\/files\/2012\/03\/P1010137-150x150.jpg\" class=\"attachment-thumbnail size-thumbnail\" alt=\"\" srcset=\"https:\/\/blog.proclima.com\/de\/files\/2012\/03\/P1010137-150x150.jpg 150w, https:\/\/blog.proclima.com\/de\/files\/2012\/03\/P1010137-216x216.jpg 216w\" sizes=\"auto, (max-width: 150px) 100vw, 150px\" \/><\/a>\n\t\t\t<\/dt><\/dl><dl class='gallery-item'>\n\t\t\t<dt class='gallery-icon landscape'>\n\t\t\t\t<a href='https:\/\/blog.proclima.com\/de\/2012\/03\/ausstellung-holzwerkholz\/screenie\/'><img loading=\"lazy\" decoding=\"async\" data-size=\"591x189\" width=\"150\" height=\"150\" src=\"https:\/\/blog.proclima.com\/de\/files\/2012\/03\/screenie-150x150.jpg\" class=\"attachment-thumbnail size-thumbnail\" alt=\"Einladung zum Workshop\" \/><\/a>\n\t\t\t<\/dt><\/dl><br style=\"clear: both\" \/>\n\t\t<\/div>\n\n","protected":false},"excerpt":{"rendered":"<p>Detailzeichnungen auf Banner gedruckt, zwischen Glasscheiben eingefasste Fotografien von Holzbauwerken und beschriftete Modelle: Die Ausstellung HolzWerkHolz in Berlin zeigt die Entwicklung und technische Details des <a href=\"https:\/\/blog.proclima.com\/de\/2012\/03\/ausstellung-holzwerkholz\/\" rel=\"bookmark\">&#8230;<\/a><\/p>\n","protected":false},"author":18,"featured_media":0,"comment_status":"open","ping_status":"open","sticky":false,"template":"","format":"standard","meta":{"footnotes":""},"categories":[1,3],"tags":[218,220,219],"class_list":["post-1023","post","type-post","status-publish","format-standard","hentry","category-proclima","category-veranstaltung","tag-ausstellung","tag-kaden","tag-klingbeil"],"yoast_head":"<!-- This site is optimized with the Yoast SEO plugin v27.5 - https:\/\/yoast.com\/product\/yoast-seo-wordpress\/ -->\n<title>Start der Ausstellung HolzWerkHolz: Beeindruckend und bescheiden &#187; pro clima Blog - Deutschland<\/title>\n<meta name=\"robots\" content=\"index, follow, max-snippet:-1, max-image-preview:large, max-video-preview:-1\" \/>\n<link rel=\"canonical\" href=\"https:\/\/blog.proclima.com\/de\/2012\/03\/ausstellung-holzwerkholz\/\" \/>\n<meta property=\"og:locale\" content=\"de_DE\" \/>\n<meta property=\"og:type\" content=\"article\" \/>\n<meta property=\"og:title\" content=\"Start der Ausstellung HolzWerkHolz: Beeindruckend und bescheiden &#187; pro clima Blog - Deutschland\" \/>\n<meta property=\"og:description\" content=\"Detailzeichnungen auf Banner gedruckt, zwischen Glasscheiben eingefasste Fotografien von Holzbauwerken und beschriftete Modelle: Die Ausstellung HolzWerkHolz in Berlin zeigt die Entwicklung und technische Details des ...\" \/>\n<meta property=\"og:url\" content=\"https:\/\/blog.proclima.com\/de\/2012\/03\/ausstellung-holzwerkholz\/\" \/>\n<meta property=\"og:site_name\" content=\"pro clima Blog - Deutschland\" \/>\n<meta property=\"article:publisher\" content=\"https:\/\/www.facebook.com\/proclima\" \/>\n<meta property=\"article:published_time\" content=\"2012-03-27T10:19:11+00:00\" \/>\n<meta property=\"article:modified_time\" content=\"2012-03-27T10:19:58+00:00\" \/>\n<meta property=\"og:image\" content=\"https:\/\/blog.proclima.com\/de\/files\/2012\/03\/P1010048-150x150.jpg\" \/>\n<meta name=\"author\" content=\"Heide Merkel\" \/>\n<meta name=\"twitter:card\" content=\"summary_large_image\" \/>\n<meta name=\"twitter:creator\" content=\"@proclimaDE\" \/>\n<meta name=\"twitter:site\" content=\"@proclimaDE\" \/>\n<meta name=\"twitter:label1\" content=\"Verfasst von\" \/>\n\t<meta name=\"twitter:data1\" content=\"Heide Merkel\" \/>\n\t<meta name=\"twitter:label2\" content=\"Gesch\u00e4tzte Lesezeit\" \/>\n\t<meta name=\"twitter:data2\" content=\"1\u00a0Minute\" \/>\n<script type=\"application\/ld+json\" class=\"yoast-schema-graph\">{\"@context\":\"https:\\\/\\\/schema.org\",\"@graph\":[{\"@type\":\"Article\",\"@id\":\"https:\\\/\\\/blog.proclima.com\\\/de\\\/2012\\\/03\\\/ausstellung-holzwerkholz\\\/#article\",\"isPartOf\":{\"@id\":\"https:\\\/\\\/blog.proclima.com\\\/de\\\/2012\\\/03\\\/ausstellung-holzwerkholz\\\/\"},\"author\":{\"name\":\"Heide Merkel\",\"@id\":\"https:\\\/\\\/blog.proclima.com\\\/de\\\/#\\\/schema\\\/person\\\/b3490e20200d5d45b8d56f555ceffc21\"},\"headline\":\"Start der Ausstellung HolzWerkHolz: Beeindruckend und bescheiden\",\"datePublished\":\"2012-03-27T10:19:11+00:00\",\"dateModified\":\"2012-03-27T10:19:58+00:00\",\"mainEntityOfPage\":{\"@id\":\"https:\\\/\\\/blog.proclima.com\\\/de\\\/2012\\\/03\\\/ausstellung-holzwerkholz\\\/\"},\"wordCount\":264,\"commentCount\":1,\"publisher\":{\"@id\":\"https:\\\/\\\/blog.proclima.com\\\/de\\\/#organization\"},\"image\":{\"@id\":\"https:\\\/\\\/blog.proclima.com\\\/de\\\/2012\\\/03\\\/ausstellung-holzwerkholz\\\/#primaryimage\"},\"thumbnailUrl\":\"https:\\\/\\\/blog.proclima.com\\\/de\\\/files\\\/2012\\\/03\\\/P1010131-300x225.jpg\",\"keywords\":[\"ausstellung\",\"kaden\",\"klingbeil\"],\"articleSection\":[\"pro clima\",\"Veranstaltung\"],\"inLanguage\":\"de\",\"potentialAction\":[{\"@type\":\"CommentAction\",\"name\":\"Comment\",\"target\":[\"https:\\\/\\\/blog.proclima.com\\\/de\\\/2012\\\/03\\\/ausstellung-holzwerkholz\\\/#respond\"]}]},{\"@type\":\"WebPage\",\"@id\":\"https:\\\/\\\/blog.proclima.com\\\/de\\\/2012\\\/03\\\/ausstellung-holzwerkholz\\\/\",\"url\":\"https:\\\/\\\/blog.proclima.com\\\/de\\\/2012\\\/03\\\/ausstellung-holzwerkholz\\\/\",\"name\":\"Start der Ausstellung HolzWerkHolz: Beeindruckend und bescheiden &#187; pro clima Blog - Deutschland\",\"isPartOf\":{\"@id\":\"https:\\\/\\\/blog.proclima.com\\\/de\\\/#website\"},\"primaryImageOfPage\":{\"@id\":\"https:\\\/\\\/blog.proclima.com\\\/de\\\/2012\\\/03\\\/ausstellung-holzwerkholz\\\/#primaryimage\"},\"image\":{\"@id\":\"https:\\\/\\\/blog.proclima.com\\\/de\\\/2012\\\/03\\\/ausstellung-holzwerkholz\\\/#primaryimage\"},\"thumbnailUrl\":\"https:\\\/\\\/blog.proclima.com\\\/de\\\/files\\\/2012\\\/03\\\/P1010131-300x225.jpg\",\"datePublished\":\"2012-03-27T10:19:11+00:00\",\"dateModified\":\"2012-03-27T10:19:58+00:00\",\"breadcrumb\":{\"@id\":\"https:\\\/\\\/blog.proclima.com\\\/de\\\/2012\\\/03\\\/ausstellung-holzwerkholz\\\/#breadcrumb\"},\"inLanguage\":\"de\",\"potentialAction\":[{\"@type\":\"ReadAction\",\"target\":[\"https:\\\/\\\/blog.proclima.com\\\/de\\\/2012\\\/03\\\/ausstellung-holzwerkholz\\\/\"]}]},{\"@type\":\"ImageObject\",\"inLanguage\":\"de\",\"@id\":\"https:\\\/\\\/blog.proclima.com\\\/de\\\/2012\\\/03\\\/ausstellung-holzwerkholz\\\/#primaryimage\",\"url\":\"https:\\\/\\\/blog.proclima.com\\\/de\\\/files\\\/2012\\\/03\\\/P1010131.jpg\",\"contentUrl\":\"https:\\\/\\\/blog.proclima.com\\\/de\\\/files\\\/2012\\\/03\\\/P1010131.jpg\",\"width\":1000,\"height\":750},{\"@type\":\"BreadcrumbList\",\"@id\":\"https:\\\/\\\/blog.proclima.com\\\/de\\\/2012\\\/03\\\/ausstellung-holzwerkholz\\\/#breadcrumb\",\"itemListElement\":[{\"@type\":\"ListItem\",\"position\":1,\"name\":\"Startseite\",\"item\":\"https:\\\/\\\/blog.proclima.com\\\/de\\\/\"},{\"@type\":\"ListItem\",\"position\":2,\"name\":\"Start der Ausstellung HolzWerkHolz: Beeindruckend und bescheiden\"}]},{\"@type\":\"WebSite\",\"@id\":\"https:\\\/\\\/blog.proclima.com\\\/de\\\/#website\",\"url\":\"https:\\\/\\\/blog.proclima.com\\\/de\\\/\",\"name\":\"pro clima Blog - Deutschland\",\"description\":\"alles was pro clima bewegt\",\"publisher\":{\"@id\":\"https:\\\/\\\/blog.proclima.com\\\/de\\\/#organization\"},\"potentialAction\":[{\"@type\":\"SearchAction\",\"target\":{\"@type\":\"EntryPoint\",\"urlTemplate\":\"https:\\\/\\\/blog.proclima.com\\\/de\\\/?s={search_term_string}\"},\"query-input\":{\"@type\":\"PropertyValueSpecification\",\"valueRequired\":true,\"valueName\":\"search_term_string\"}}],\"inLanguage\":\"de\"},{\"@type\":\"Organization\",\"@id\":\"https:\\\/\\\/blog.proclima.com\\\/de\\\/#organization\",\"name\":\"pro clima - Moll bau\u00f6kologische Produkte GmbH\",\"url\":\"https:\\\/\\\/blog.proclima.com\\\/de\\\/\",\"logo\":{\"@type\":\"ImageObject\",\"inLanguage\":\"de\",\"@id\":\"https:\\\/\\\/blog.proclima.com\\\/de\\\/#\\\/schema\\\/logo\\\/image\\\/\",\"url\":\"https:\\\/\\\/blog.proclima.com\\\/de\\\/files\\\/2020\\\/04\\\/Logo-pro-clima.png\",\"contentUrl\":\"https:\\\/\\\/blog.proclima.com\\\/de\\\/files\\\/2020\\\/04\\\/Logo-pro-clima.png\",\"width\":4210,\"height\":4881,\"caption\":\"pro clima - Moll bau\u00f6kologische Produkte GmbH\"},\"image\":{\"@id\":\"https:\\\/\\\/blog.proclima.com\\\/de\\\/#\\\/schema\\\/logo\\\/image\\\/\"},\"sameAs\":[\"https:\\\/\\\/www.facebook.com\\\/proclima\",\"https:\\\/\\\/x.com\\\/proclimaDE\"]},{\"@type\":\"Person\",\"@id\":\"https:\\\/\\\/blog.proclima.com\\\/de\\\/#\\\/schema\\\/person\\\/b3490e20200d5d45b8d56f555ceffc21\",\"name\":\"Heide Merkel\",\"description\":\"Fachjournalistin, Referentin, Steuerung Presse &amp; Digitale Medien bei Moll bau\u00f6kologische Produkte GmbH (pro clima). Als Japanologin und ausgebildete Redakteurin ist Heide eher zuf\u00e4llig in der Baubranche gelandet. Seit 2011 arbeitet sie f\u00fcr pro clima. Ihr Wissen zu effektiver Kommunikation gibt sie in Seminaren, Artikeln und Vortr\u00e4gen weiter. F\u00fcr den pro clima Blog, proclima.tv und das pro clima Bauradio interviewt sie interessante Menschen aus der Baubranche. Auf\u00a0 luftdichtheit-gepr\u00fcft.de bloggt Heide \u00fcber Leckagen, Luftdichtung und Qualit\u00e4ts\u00fcberpr\u00fcfung mit Blower-Door-Tests. Ihre Freizeit verbringt sie u.a. in den Vogesen, wo sie seit mehr als f\u00fcnf Jahren ein altes Bauernhaus saniert. Ihr neuestes Projekt:\u00a0 www.besser-als-marketing.de Hier gibt es Tipps, wie Unternehmen in der Baubranche ihre Sichtbarkeit erh\u00f6hen k\u00f6nnen. Die ersten Videos sind bereits online im Youtube Channel Wer mehr \u00fcber Heide Merkel erfahren m\u00f6chte, findet sie auf den g\u00e4ngigen Social Media Plattformen.\",\"url\":\"https:\\\/\\\/blog.proclima.com\\\/de\\\/author\\\/gentner\\\/\"}]}<\/script>\n<!-- \/ Yoast SEO plugin. -->","yoast_head_json":{"title":"Start der Ausstellung HolzWerkHolz: Beeindruckend und bescheiden &#187; pro clima Blog - Deutschland","robots":{"index":"index","follow":"follow","max-snippet":"max-snippet:-1","max-image-preview":"max-image-preview:large","max-video-preview":"max-video-preview:-1"},"canonical":"https:\/\/blog.proclima.com\/de\/2012\/03\/ausstellung-holzwerkholz\/","og_locale":"de_DE","og_type":"article","og_title":"Start der Ausstellung HolzWerkHolz: Beeindruckend und bescheiden &#187; pro clima Blog - Deutschland","og_description":"Detailzeichnungen auf Banner gedruckt, zwischen Glasscheiben eingefasste Fotografien von Holzbauwerken und beschriftete Modelle: Die Ausstellung HolzWerkHolz in Berlin zeigt die Entwicklung und technische Details des ...","og_url":"https:\/\/blog.proclima.com\/de\/2012\/03\/ausstellung-holzwerkholz\/","og_site_name":"pro clima Blog - Deutschland","article_publisher":"https:\/\/www.facebook.com\/proclima","article_published_time":"2012-03-27T10:19:11+00:00","article_modified_time":"2012-03-27T10:19:58+00:00","og_image":[{"url":"https:\/\/blog.proclima.com\/de\/files\/2012\/03\/P1010048-150x150.jpg","type":"","width":"","height":""}],"author":"Heide Merkel","twitter_card":"summary_large_image","twitter_creator":"@proclimaDE","twitter_site":"@proclimaDE","twitter_misc":{"Verfasst von":"Heide Merkel","Gesch\u00e4tzte Lesezeit":"1\u00a0Minute"},"schema":{"@context":"https:\/\/schema.org","@graph":[{"@type":"Article","@id":"https:\/\/blog.proclima.com\/de\/2012\/03\/ausstellung-holzwerkholz\/#article","isPartOf":{"@id":"https:\/\/blog.proclima.com\/de\/2012\/03\/ausstellung-holzwerkholz\/"},"author":{"name":"Heide Merkel","@id":"https:\/\/blog.proclima.com\/de\/#\/schema\/person\/b3490e20200d5d45b8d56f555ceffc21"},"headline":"Start der Ausstellung HolzWerkHolz: Beeindruckend und bescheiden","datePublished":"2012-03-27T10:19:11+00:00","dateModified":"2012-03-27T10:19:58+00:00","mainEntityOfPage":{"@id":"https:\/\/blog.proclima.com\/de\/2012\/03\/ausstellung-holzwerkholz\/"},"wordCount":264,"commentCount":1,"publisher":{"@id":"https:\/\/blog.proclima.com\/de\/#organization"},"image":{"@id":"https:\/\/blog.proclima.com\/de\/2012\/03\/ausstellung-holzwerkholz\/#primaryimage"},"thumbnailUrl":"https:\/\/blog.proclima.com\/de\/files\/2012\/03\/P1010131-300x225.jpg","keywords":["ausstellung","kaden","klingbeil"],"articleSection":["pro clima","Veranstaltung"],"inLanguage":"de","potentialAction":[{"@type":"CommentAction","name":"Comment","target":["https:\/\/blog.proclima.com\/de\/2012\/03\/ausstellung-holzwerkholz\/#respond"]}]},{"@type":"WebPage","@id":"https:\/\/blog.proclima.com\/de\/2012\/03\/ausstellung-holzwerkholz\/","url":"https:\/\/blog.proclima.com\/de\/2012\/03\/ausstellung-holzwerkholz\/","name":"Start der Ausstellung HolzWerkHolz: Beeindruckend und bescheiden &#187; pro clima Blog - Deutschland","isPartOf":{"@id":"https:\/\/blog.proclima.com\/de\/#website"},"primaryImageOfPage":{"@id":"https:\/\/blog.proclima.com\/de\/2012\/03\/ausstellung-holzwerkholz\/#primaryimage"},"image":{"@id":"https:\/\/blog.proclima.com\/de\/2012\/03\/ausstellung-holzwerkholz\/#primaryimage"},"thumbnailUrl":"https:\/\/blog.proclima.com\/de\/files\/2012\/03\/P1010131-300x225.jpg","datePublished":"2012-03-27T10:19:11+00:00","dateModified":"2012-03-27T10:19:58+00:00","breadcrumb":{"@id":"https:\/\/blog.proclima.com\/de\/2012\/03\/ausstellung-holzwerkholz\/#breadcrumb"},"inLanguage":"de","potentialAction":[{"@type":"ReadAction","target":["https:\/\/blog.proclima.com\/de\/2012\/03\/ausstellung-holzwerkholz\/"]}]},{"@type":"ImageObject","inLanguage":"de","@id":"https:\/\/blog.proclima.com\/de\/2012\/03\/ausstellung-holzwerkholz\/#primaryimage","url":"https:\/\/blog.proclima.com\/de\/files\/2012\/03\/P1010131.jpg","contentUrl":"https:\/\/blog.proclima.com\/de\/files\/2012\/03\/P1010131.jpg","width":1000,"height":750},{"@type":"BreadcrumbList","@id":"https:\/\/blog.proclima.com\/de\/2012\/03\/ausstellung-holzwerkholz\/#breadcrumb","itemListElement":[{"@type":"ListItem","position":1,"name":"Startseite","item":"https:\/\/blog.proclima.com\/de\/"},{"@type":"ListItem","position":2,"name":"Start der Ausstellung HolzWerkHolz: Beeindruckend und bescheiden"}]},{"@type":"WebSite","@id":"https:\/\/blog.proclima.com\/de\/#website","url":"https:\/\/blog.proclima.com\/de\/","name":"pro clima Blog - Deutschland","description":"alles was pro clima bewegt","publisher":{"@id":"https:\/\/blog.proclima.com\/de\/#organization"},"potentialAction":[{"@type":"SearchAction","target":{"@type":"EntryPoint","urlTemplate":"https:\/\/blog.proclima.com\/de\/?s={search_term_string}"},"query-input":{"@type":"PropertyValueSpecification","valueRequired":true,"valueName":"search_term_string"}}],"inLanguage":"de"},{"@type":"Organization","@id":"https:\/\/blog.proclima.com\/de\/#organization","name":"pro clima - Moll bau\u00f6kologische Produkte GmbH","url":"https:\/\/blog.proclima.com\/de\/","logo":{"@type":"ImageObject","inLanguage":"de","@id":"https:\/\/blog.proclima.com\/de\/#\/schema\/logo\/image\/","url":"https:\/\/blog.proclima.com\/de\/files\/2020\/04\/Logo-pro-clima.png","contentUrl":"https:\/\/blog.proclima.com\/de\/files\/2020\/04\/Logo-pro-clima.png","width":4210,"height":4881,"caption":"pro clima - Moll bau\u00f6kologische Produkte GmbH"},"image":{"@id":"https:\/\/blog.proclima.com\/de\/#\/schema\/logo\/image\/"},"sameAs":["https:\/\/www.facebook.com\/proclima","https:\/\/x.com\/proclimaDE"]},{"@type":"Person","@id":"https:\/\/blog.proclima.com\/de\/#\/schema\/person\/b3490e20200d5d45b8d56f555ceffc21","name":"Heide Merkel","description":"Fachjournalistin, Referentin, Steuerung Presse &amp; Digitale Medien bei Moll bau\u00f6kologische Produkte GmbH (pro clima). Als Japanologin und ausgebildete Redakteurin ist Heide eher zuf\u00e4llig in der Baubranche gelandet. Seit 2011 arbeitet sie f\u00fcr pro clima. Ihr Wissen zu effektiver Kommunikation gibt sie in Seminaren, Artikeln und Vortr\u00e4gen weiter. F\u00fcr den pro clima Blog, proclima.tv und das pro clima Bauradio interviewt sie interessante Menschen aus der Baubranche. Auf\u00a0 luftdichtheit-gepr\u00fcft.de bloggt Heide \u00fcber Leckagen, Luftdichtung und Qualit\u00e4ts\u00fcberpr\u00fcfung mit Blower-Door-Tests. Ihre Freizeit verbringt sie u.a. in den Vogesen, wo sie seit mehr als f\u00fcnf Jahren ein altes Bauernhaus saniert. Ihr neuestes Projekt:\u00a0 www.besser-als-marketing.de Hier gibt es Tipps, wie Unternehmen in der Baubranche ihre Sichtbarkeit erh\u00f6hen k\u00f6nnen. Die ersten Videos sind bereits online im Youtube Channel Wer mehr \u00fcber Heide Merkel erfahren m\u00f6chte, findet sie auf den g\u00e4ngigen Social Media Plattformen.","url":"https:\/\/blog.proclima.com\/de\/author\/gentner\/"}]}},"canto_acf_fields":"","_links":{"self":[{"href":"https:\/\/blog.proclima.com\/de\/wp-json\/wp\/v2\/posts\/1023","targetHints":{"allow":["GET"]}}],"collection":[{"href":"https:\/\/blog.proclima.com\/de\/wp-json\/wp\/v2\/posts"}],"about":[{"href":"https:\/\/blog.proclima.com\/de\/wp-json\/wp\/v2\/types\/post"}],"author":[{"embeddable":true,"href":"https:\/\/blog.proclima.com\/de\/wp-json\/wp\/v2\/users\/18"}],"replies":[{"embeddable":true,"href":"https:\/\/blog.proclima.com\/de\/wp-json\/wp\/v2\/comments?post=1023"}],"version-history":[{"count":18,"href":"https:\/\/blog.proclima.com\/de\/wp-json\/wp\/v2\/posts\/1023\/revisions"}],"predecessor-version":[{"id":1068,"href":"https:\/\/blog.proclima.com\/de\/wp-json\/wp\/v2\/posts\/1023\/revisions\/1068"}],"wp:attachment":[{"href":"https:\/\/blog.proclima.com\/de\/wp-json\/wp\/v2\/media?parent=1023"}],"wp:term":[{"taxonomy":"category","embeddable":true,"href":"https:\/\/blog.proclima.com\/de\/wp-json\/wp\/v2\/categories?post=1023"},{"taxonomy":"post_tag","embeddable":true,"href":"https:\/\/blog.proclima.com\/de\/wp-json\/wp\/v2\/tags?post=1023"}],"curies":[{"name":"wp","href":"https:\/\/api.w.org\/{rel}","templated":true}]}}