
{"id":37,"name":"Daniel Laubscher","url":"","description":"Daniel Laubscher hat bei pro clima eine Ausbildung zum Veranstaltungskaufmann absolviert. Er organisiert gr\u00f6\u00dfere Event und Messen von pro clima, wie die internationale BAU in M\u00fcnchen und Schulungstouren. Dabei k\u00fcmmert er sich auch um die Veranstaltungstechnik. Daniel ist auch Teil des Digital Teams. Er ist u.a. Moderator bei den Online-Seminaren der pro clima Wissenswerkstatt, filmt und produziert bei Events und unterst\u00fctzt die Social Media Auftritte.\u00a0 In seiner Freizeit organisiert er Camps f\u00fcr Jugendliche und Treffen, bei denen Jugendliche gest\u00e4rkt werden.","link":"https:\/\/blog.proclima.com\/ch\/author\/daniellaubscher\/","slug":"daniellaubscher","avatar_urls":{"24":"https:\/\/secure.gravatar.com\/avatar\/b4e0e244386198fef5919d4b90c9e1dfa31f42618a48e9e6a3541f1224d312e8?s=24&d=blank&r=g","48":"https:\/\/secure.gravatar.com\/avatar\/b4e0e244386198fef5919d4b90c9e1dfa31f42618a48e9e6a3541f1224d312e8?s=48&d=blank&r=g","96":"https:\/\/secure.gravatar.com\/avatar\/b4e0e244386198fef5919d4b90c9e1dfa31f42618a48e9e6a3541f1224d312e8?s=96&d=blank&r=g"},"meta":[],"yoast_head":"<!-- This site is optimized with the Yoast SEO plugin v27.5 - https:\/\/yoast.com\/product\/yoast-seo-wordpress\/ -->\n<title>Daniel Laubscher, Autor bei pro clima Schweiz<\/title>\n<meta name=\"robots\" content=\"index, follow, max-snippet:-1, max-image-preview:large, max-video-preview:-1\" \/>\n<link rel=\"canonical\" href=\"https:\/\/blog.proclima.com\/ch\/author\/daniellaubscher\/\" \/>\n<meta property=\"og:locale\" content=\"de_DE\" \/>\n<meta property=\"og:type\" content=\"profile\" \/>\n<meta property=\"og:title\" content=\"Daniel Laubscher, Autor bei pro clima Schweiz\" \/>\n<meta property=\"og:url\" content=\"https:\/\/blog.proclima.com\/ch\/author\/daniellaubscher\/\" \/>\n<meta property=\"og:site_name\" content=\"pro clima Schweiz\" \/>\n<meta property=\"og:image\" content=\"https:\/\/secure.gravatar.com\/avatar\/b4e0e244386198fef5919d4b90c9e1dfa31f42618a48e9e6a3541f1224d312e8?s=500&d=blank&r=g\" \/>\n<meta name=\"twitter:card\" content=\"summary_large_image\" \/>\n<script type=\"application\/ld+json\" class=\"yoast-schema-graph\">{\"@context\":\"https:\\\/\\\/schema.org\",\"@graph\":[{\"@type\":\"ProfilePage\",\"@id\":\"https:\\\/\\\/blog.proclima.com\\\/ch\\\/author\\\/daniellaubscher\\\/\",\"url\":\"https:\\\/\\\/blog.proclima.com\\\/ch\\\/author\\\/daniellaubscher\\\/\",\"name\":\"Daniel Laubscher, Autor bei pro clima Schweiz\",\"isPartOf\":{\"@id\":\"https:\\\/\\\/blog.proclima.com\\\/ch\\\/#website\"},\"breadcrumb\":{\"@id\":\"https:\\\/\\\/blog.proclima.com\\\/ch\\\/author\\\/daniellaubscher\\\/#breadcrumb\"},\"inLanguage\":\"de\",\"potentialAction\":[{\"@type\":\"ReadAction\",\"target\":[\"https:\\\/\\\/blog.proclima.com\\\/ch\\\/author\\\/daniellaubscher\\\/\"]}]},{\"@type\":\"BreadcrumbList\",\"@id\":\"https:\\\/\\\/blog.proclima.com\\\/ch\\\/author\\\/daniellaubscher\\\/#breadcrumb\",\"itemListElement\":[{\"@type\":\"ListItem\",\"position\":1,\"name\":\"Startseite\",\"item\":\"https:\\\/\\\/blog.proclima.com\\\/ch\\\/\"},{\"@type\":\"ListItem\",\"position\":2,\"name\":\"Archive f\u00fcr Daniel Laubscher\"}]},{\"@type\":\"WebSite\",\"@id\":\"https:\\\/\\\/blog.proclima.com\\\/ch\\\/#website\",\"url\":\"https:\\\/\\\/blog.proclima.com\\\/ch\\\/\",\"name\":\"pro clima Schweiz\",\"description\":\"das Blog\",\"publisher\":{\"@id\":\"https:\\\/\\\/blog.proclima.com\\\/ch\\\/#organization\"},\"potentialAction\":[{\"@type\":\"SearchAction\",\"target\":{\"@type\":\"EntryPoint\",\"urlTemplate\":\"https:\\\/\\\/blog.proclima.com\\\/ch\\\/?s={search_term_string}\"},\"query-input\":{\"@type\":\"PropertyValueSpecification\",\"valueRequired\":true,\"valueName\":\"search_term_string\"}}],\"inLanguage\":\"de\"},{\"@type\":\"Organization\",\"@id\":\"https:\\\/\\\/blog.proclima.com\\\/ch\\\/#organization\",\"name\":\"pro clima Schweiz\",\"url\":\"https:\\\/\\\/blog.proclima.com\\\/ch\\\/\",\"logo\":{\"@type\":\"ImageObject\",\"inLanguage\":\"de\",\"@id\":\"https:\\\/\\\/blog.proclima.com\\\/ch\\\/#\\\/schema\\\/logo\\\/image\\\/\",\"url\":\"https:\\\/\\\/blog.proclima.com\\\/ch\\\/files\\\/2025\\\/12\\\/logo_proclima_quadrat.png\",\"contentUrl\":\"https:\\\/\\\/blog.proclima.com\\\/ch\\\/files\\\/2025\\\/12\\\/logo_proclima_quadrat.png\",\"width\":1200,\"height\":1200,\"caption\":\"pro clima Schweiz\"},\"image\":{\"@id\":\"https:\\\/\\\/blog.proclima.com\\\/ch\\\/#\\\/schema\\\/logo\\\/image\\\/\"}},{\"@type\":\"Person\",\"@id\":\"https:\\\/\\\/blog.proclima.com\\\/ch\\\/#\\\/schema\\\/person\\\/f77d2559426150a69168b2bb42608c5d\",\"name\":\"Daniel Laubscher\",\"image\":{\"@type\":\"ImageObject\",\"inLanguage\":\"de\",\"@id\":\"https:\\\/\\\/secure.gravatar.com\\\/avatar\\\/b4e0e244386198fef5919d4b90c9e1dfa31f42618a48e9e6a3541f1224d312e8?s=96&d=blank&r=g\",\"url\":\"https:\\\/\\\/secure.gravatar.com\\\/avatar\\\/b4e0e244386198fef5919d4b90c9e1dfa31f42618a48e9e6a3541f1224d312e8?s=96&d=blank&r=g\",\"contentUrl\":\"https:\\\/\\\/secure.gravatar.com\\\/avatar\\\/b4e0e244386198fef5919d4b90c9e1dfa31f42618a48e9e6a3541f1224d312e8?s=96&d=blank&r=g\",\"caption\":\"Daniel Laubscher\"},\"description\":\"Daniel Laubscher hat bei pro clima eine Ausbildung zum Veranstaltungskaufmann absolviert. Er organisiert gr\u00f6\u00dfere Event und Messen von pro clima, wie die internationale BAU in M\u00fcnchen und Schulungstouren. Dabei k\u00fcmmert er sich auch um die Veranstaltungstechnik. Daniel ist auch Teil des Digital Teams. Er ist u.a. Moderator bei den Online-Seminaren der pro clima Wissenswerkstatt, filmt und produziert bei Events und unterst\u00fctzt die Social Media Auftritte.\u00a0 In seiner Freizeit organisiert er Camps f\u00fcr Jugendliche und Treffen, bei denen Jugendliche gest\u00e4rkt werden.\",\"mainEntityOfPage\":{\"@id\":\"https:\\\/\\\/blog.proclima.com\\\/ch\\\/author\\\/daniellaubscher\\\/\"}}]}<\/script>\n<!-- \/ Yoast SEO plugin. -->","yoast_head_json":{"title":"Daniel Laubscher, Autor bei pro clima Schweiz","robots":{"index":"index","follow":"follow","max-snippet":"max-snippet:-1","max-image-preview":"max-image-preview:large","max-video-preview":"max-video-preview:-1"},"canonical":"https:\/\/blog.proclima.com\/ch\/author\/daniellaubscher\/","og_locale":"de_DE","og_type":"profile","og_title":"Daniel Laubscher, Autor bei pro clima Schweiz","og_url":"https:\/\/blog.proclima.com\/ch\/author\/daniellaubscher\/","og_site_name":"pro clima Schweiz","og_image":[{"url":"https:\/\/secure.gravatar.com\/avatar\/b4e0e244386198fef5919d4b90c9e1dfa31f42618a48e9e6a3541f1224d312e8?s=500&d=blank&r=g","type":"","width":"","height":""}],"twitter_card":"summary_large_image","schema":{"@context":"https:\/\/schema.org","@graph":[{"@type":"ProfilePage","@id":"https:\/\/blog.proclima.com\/ch\/author\/daniellaubscher\/","url":"https:\/\/blog.proclima.com\/ch\/author\/daniellaubscher\/","name":"Daniel Laubscher, Autor bei pro clima Schweiz","isPartOf":{"@id":"https:\/\/blog.proclima.com\/ch\/#website"},"breadcrumb":{"@id":"https:\/\/blog.proclima.com\/ch\/author\/daniellaubscher\/#breadcrumb"},"inLanguage":"de","potentialAction":[{"@type":"ReadAction","target":["https:\/\/blog.proclima.com\/ch\/author\/daniellaubscher\/"]}]},{"@type":"BreadcrumbList","@id":"https:\/\/blog.proclima.com\/ch\/author\/daniellaubscher\/#breadcrumb","itemListElement":[{"@type":"ListItem","position":1,"name":"Startseite","item":"https:\/\/blog.proclima.com\/ch\/"},{"@type":"ListItem","position":2,"name":"Archive f\u00fcr Daniel Laubscher"}]},{"@type":"WebSite","@id":"https:\/\/blog.proclima.com\/ch\/#website","url":"https:\/\/blog.proclima.com\/ch\/","name":"pro clima Schweiz","description":"das Blog","publisher":{"@id":"https:\/\/blog.proclima.com\/ch\/#organization"},"potentialAction":[{"@type":"SearchAction","target":{"@type":"EntryPoint","urlTemplate":"https:\/\/blog.proclima.com\/ch\/?s={search_term_string}"},"query-input":{"@type":"PropertyValueSpecification","valueRequired":true,"valueName":"search_term_string"}}],"inLanguage":"de"},{"@type":"Organization","@id":"https:\/\/blog.proclima.com\/ch\/#organization","name":"pro clima Schweiz","url":"https:\/\/blog.proclima.com\/ch\/","logo":{"@type":"ImageObject","inLanguage":"de","@id":"https:\/\/blog.proclima.com\/ch\/#\/schema\/logo\/image\/","url":"https:\/\/blog.proclima.com\/ch\/files\/2025\/12\/logo_proclima_quadrat.png","contentUrl":"https:\/\/blog.proclima.com\/ch\/files\/2025\/12\/logo_proclima_quadrat.png","width":1200,"height":1200,"caption":"pro clima Schweiz"},"image":{"@id":"https:\/\/blog.proclima.com\/ch\/#\/schema\/logo\/image\/"}},{"@type":"Person","@id":"https:\/\/blog.proclima.com\/ch\/#\/schema\/person\/f77d2559426150a69168b2bb42608c5d","name":"Daniel Laubscher","image":{"@type":"ImageObject","inLanguage":"de","@id":"https:\/\/secure.gravatar.com\/avatar\/b4e0e244386198fef5919d4b90c9e1dfa31f42618a48e9e6a3541f1224d312e8?s=96&d=blank&r=g","url":"https:\/\/secure.gravatar.com\/avatar\/b4e0e244386198fef5919d4b90c9e1dfa31f42618a48e9e6a3541f1224d312e8?s=96&d=blank&r=g","contentUrl":"https:\/\/secure.gravatar.com\/avatar\/b4e0e244386198fef5919d4b90c9e1dfa31f42618a48e9e6a3541f1224d312e8?s=96&d=blank&r=g","caption":"Daniel Laubscher"},"description":"Daniel Laubscher hat bei pro clima eine Ausbildung zum Veranstaltungskaufmann absolviert. Er organisiert gr\u00f6\u00dfere Event und Messen von pro clima, wie die internationale BAU in M\u00fcnchen und Schulungstouren. Dabei k\u00fcmmert er sich auch um die Veranstaltungstechnik. Daniel ist auch Teil des Digital Teams. Er ist u.a. Moderator bei den Online-Seminaren der pro clima Wissenswerkstatt, filmt und produziert bei Events und unterst\u00fctzt die Social Media Auftritte.\u00a0 In seiner Freizeit organisiert er Camps f\u00fcr Jugendliche und Treffen, bei denen Jugendliche gest\u00e4rkt werden.","mainEntityOfPage":{"@id":"https:\/\/blog.proclima.com\/ch\/author\/daniellaubscher\/"}}]}},"_links":{"self":[{"href":"https:\/\/blog.proclima.com\/ch\/wp-json\/wp\/v2\/users\/37","targetHints":{"allow":["GET"]}}],"collection":[{"href":"https:\/\/blog.proclima.com\/ch\/wp-json\/wp\/v2\/users"}]}}