
{"id":972,"date":"2013-07-03T18:45:30","date_gmt":"2013-07-03T16:45:30","guid":{"rendered":"http:\/\/blog.proclima.com\/ch\/?p=972"},"modified":"2013-07-03T23:29:09","modified_gmt":"2013-07-03T21:29:09","slug":"pm-gebaeudehuelle","status":"publish","type":"post","link":"https:\/\/blog.proclima.com\/ch\/2013\/07\/03\/pm-gebaeudehuelle\/","title":{"rendered":"Pressemitteilung FLiB: Wo schw\u00e4chelt die luftdichte Geb\u00e4udeh\u00fclle?"},"content":{"rendered":"<p>Presseinfo des Fachverbands Luftdichtheit im Bauwesen e.V. (FLiB):<\/p>\n<p><strong>Verbreitete Problemstellen im \u00dcberblick<\/strong><\/p>\n<figure style=\"width: 298px\" class=\"wp-caption alignleft\"><a href=\"http:\/\/blog.proclima.com\/de\/files\/2013\/07\/FliB.jpg\"><img loading=\"lazy\" decoding=\"async\" title=\"H\u00e4ufige Problemstellen der Geb\u00e4ude-Luftdichtheit nach r\u00e4umlicher Zuordnung: Bauteilfl\u00e4chen (1), \u00dcberg\u00e4nge zwischen Bauteilen bzw. Bauteilanschl\u00fcssen (2), Durchdringungen (3) und Funktionsfugen (4). Die Grafik steht beispielhaft f\u00fcr eine Serie bildlicher Darstellungen rund um das Thema Luftdichtheit, um die der Fachverband Luftdichtheit im Bauwesen e. V. seinen Internetauftritt k\u00fcrzlich erweitert hat. Auch Antworten auf weitere FAQs sind hinzugekommen (www.flib.de, \u201eZum Thema\u201c oder Direktlink www.faqs.flib.de).\" alt=\"H\u00e4ufige Problemstellen der Geb\u00e4ude-Luftdichtheit nach r\u00e4umlicher Zuordnung: Bauteilfl\u00e4chen (1), \u00dcberg\u00e4nge zwischen Bauteilen bzw. Bauteilanschl\u00fcssen (2), Durchdringungen (3) und Funktionsfugen (4). Die Grafik steht beispielhaft f\u00fcr eine Serie bildlicher Darstellungen rund um das Thema Luftdichtheit, um die der Fachverband Luftdichtheit im Bauwesen e. V. seinen Internetauftritt k\u00fcrzlich erweitert hat. Auch Antworten auf weitere FAQs sind hinzugekommen (www.flib.de, \u201eZum Thema\u201c oder Direktlink www.faqs.flib.de).\" src=\"http:\/\/blog.proclima.com\/de\/files\/2013\/07\/FliB-298x300.jpg\" width=\"298\" height=\"300\" \/><\/a><figcaption class=\"wp-caption-text\">H\u00e4ufige Problemstellen der Geb\u00e4ude-Luftdichtheit nach r\u00e4umlicher Zuordnung: Bauteilfl\u00e4chen (1), \u00dcberg\u00e4nge zwischen Bauteilen bzw. Bauteilanschl\u00fcssen (2), Durchdringungen (3) und Funktionsfugen (4). Die Grafik steht beispielhaft f\u00fcr eine Serie bildlicher Darstellungen rund um das Thema Luftdichtheit, um die der Fachverband Luftdichtheit im Bauwesen e. V. seinen Internetauftritt k\u00fcrzlich erweitert hat. Auch Antworten auf weitere FAQs sind hinzugekommen (www.flib.de, \u201eZum Thema\u201c oder Direktlink www.faqs.flib.de).<\/figcaption><\/figure>\n<p>&nbsp;<\/p>\n<p>Beim \u00dcberpr\u00fcfen der Geb\u00e4ude-Luftdichtheit sto\u00dfen Experten auf die immer wieder gleichen Schwachpunkte. Teils entstehen diese bereits aufgrund mangelnder Planung oder beim Erstellen der luftdichtenden Ebene. Teils sind sie Folge von Unachtsamkeiten beim anschlie\u00dfenden Innenausbau. Der Fachverband Luftdichtheit im Bauwesen (FLiB e. V.), Berlin, gibt einen \u00dcberblick \u00fcber verbreitete Problemstellen, auf die man sowohl beim Planen und in der Bauphase als auch bei Luftdichtheitstests besonders achten sollte. Eine Kurzfassung findet man auf der FLiB-Internetseite in der Rubrik \u201eZum Thema\u201c (www.flib.de), die aktuell um weitere FAQs erg\u00e4nzt wurde.<img decoding=\"async\" title=\"Weiterlesen \u2026\" alt=\"\" src=\"http:\/\/blog.proclima.com\/de\/wp-includes\/js\/tinymce\/plugins\/wordpress\/img\/trans.gif\" \/><!--more--><a href=\"http:\/\/blog.proclima.com\/de\/files\/2013\/07\/FLiB_8950.jpg\"><img loading=\"lazy\" decoding=\"async\" class=\"alignright\" alt=\"FLiB_8950\" src=\"http:\/\/blog.proclima.com\/de\/files\/2013\/07\/FLiB_8950-300x199.jpg\" width=\"300\" height=\"199\" \/><\/a>Vielfach treten Leckagen in den Bauteilfl\u00e4chen auf. Sie k\u00f6nnen entstehen, wenn die die Luftdichtheitsschicht bildenden Materialien, wie Folien und Plattenwerkstoffe, an St\u00f6\u00dfen oder \u00dcberlappungen unsachgem\u00e4\u00df verklebt werden. Genauso problematisch sind unverputzte Mauerwerksfl\u00e4chen: Solche Fehlstellen im luftdichtenden Innenputz finden sich h\u00e4ufig hinter Vorwandinstallationen oder in H\u00f6he des Fu\u00dfbodenaufbaus. Sp\u00e4ter angebrachte Gipskartonplatten und Fu\u00dfleisten helfen, sie unsichtbar, aber keineswegs folgenlos zu machen.<\/p>\n<p><a href=\"http:\/\/blog.proclima.com\/de\/files\/2013\/07\/FLiB_1336.jpg\"><img loading=\"lazy\" decoding=\"async\" class=\"alignleft\" alt=\"FLiB_1336\" src=\"http:\/\/blog.proclima.com\/de\/files\/2013\/07\/FLiB_1336-300x224.jpg\" width=\"300\" height=\"224\" \/><\/a>Spezielles Augenmerk erfordern auch die \u00dcberg\u00e4nge zwischen Bauteilen beziehungsweise zwischen Bauteilen und Bauteilanschl\u00fcssen. Die Anschl\u00fcsse zwischen Innen- und Au\u00dfenw\u00e4nden bei Leichtbaukonstruktionen erweisen sich als ebenso anf\u00e4llig f\u00fcr Luftdichtheitsfehler wie die Einbindung von Holzbalkendecken in (auch massive) Au\u00dfenw\u00e4nde sowie Anschl\u00fcsse zwischen Fu\u00dfboden und Wand. Als weitere h\u00e4ufige Schwachstellen lassen sich Anbindungen von Dampfbremsfolien, die zugleich als Luftdichtheitsschicht dienen, an Massivbauteile und Holzkonstruktionen ausmachen, aber auch Anschl\u00fcsse von Fenstern, Fensterb\u00e4nken, Rollladenk\u00e4sten und T\u00fcren.<\/p>\n<p>Der vielfach zitierte \u201eWind aus der Steckdose\u201c ist das klassische Beispiel f\u00fcr Leckagen, die aufgrund von Durchdringungen der Luftdichtheitsebene entstehen. Dabei kommt es bei planm\u00e4\u00dfigen Durchdringungen mit Kaminen, Installationssch\u00e4chten, Sparren bei Sichtdachst\u00fchlen, sanit\u00e4ren Rohrleitungen oder Elektroleitungen ebenso zu Problemen mit der Luftdichtheit wie beim nachtr\u00e4glichen Einbau von Steckdosen, Schaltern und Einbauleuchten. Letzterer f\u00fchrt nicht selten zu unbeabsichtigten oder gar unbemerkten Besch\u00e4digungen der Luftdichtheitsschicht.<\/p>\n<p>Die am wenigsten problematischen, da vergleichsweise einfach zu beseitigenden Leckagen liegen im Bereich von Funktionsfugen. Dennoch geh\u00f6ren undichte Schlie\u00dffugen und Beschl\u00e4ge an Fenstern, T\u00fcren und Dachbodentreppen zu den immer wieder festgestellten Schwachstellen.<\/p>\n<p><strong>F\u00fcr weitere Presseausk\u00fcnfte und R\u00fcckfragen:<\/strong><br \/>\nDipl.-Ing. Oliver Solcher<br \/>\nFachverband Luftdichtheit im Bauwesen e. V. (FLiB)<br \/>\nKekul\u00e9stra\u00dfe 2-4, 12489 Berlin,<br \/>\nTelefon: 0049 30-63 92 53 94, Telefax: 0049 30-63 92 53 96,<br \/>\nE-Mail: <a href=\"mailto:info@flib.de\">info@flib.de<\/a><\/p>\n<p>In der Schweiz gibt es auch einen Verband, der sich mit dem Thema der Luftdichtheit der Geb\u00e4udeh\u00fclle intensiv auseinandersetzt. Es ist der Thech (Thermografieverband Schweiz). Dort sind in der Schweiz neben den Thermografen auch die Blower-Door-Tester organisiert. Mehr Info\u00b4s zum Thech unter: www.thech.ch<\/p>\n<p>&nbsp;<\/p>\n<p>&nbsp;<\/p>\n<p>&nbsp;<\/p>\n","protected":false},"excerpt":{"rendered":"<p>Presseinfo des Fachverbands Luftdichtheit im Bauwesen e.V. (FLiB): Verbreitete Problemstellen im \u00dcberblick &nbsp; Beim \u00dcberpr\u00fcfen der Geb\u00e4ude-Luftdichtheit sto\u00dfen Experten auf die immer wieder gleichen Schwachpunkte. <a href=\"https:\/\/blog.proclima.com\/ch\/2013\/07\/03\/pm-gebaeudehuelle\/\" rel=\"bookmark\">&#8230;<\/a><\/p>\n","protected":false},"author":18,"featured_media":0,"comment_status":"open","ping_status":"open","sticky":false,"template":"","format":"standard","meta":{"footnotes":""},"categories":[1],"tags":[269,51],"class_list":["post-972","post","type-post","status-publish","format-standard","hentry","category-allgemein","tag-flib","tag-luftdichtheit"],"yoast_head":"<!-- This site is optimized with the Yoast SEO plugin v27.5 - https:\/\/yoast.com\/product\/yoast-seo-wordpress\/ -->\n<title>Pressemitteilung FLiB: Wo schw\u00e4chelt die luftdichte Geb\u00e4udeh\u00fclle? - pro clima Schweiz<\/title>\n<meta name=\"robots\" content=\"index, follow, max-snippet:-1, max-image-preview:large, max-video-preview:-1\" \/>\n<link rel=\"canonical\" href=\"https:\/\/blog.proclima.com\/ch\/2013\/07\/03\/pm-gebaeudehuelle\/\" \/>\n<meta property=\"og:locale\" content=\"de_DE\" \/>\n<meta property=\"og:type\" content=\"article\" \/>\n<meta property=\"og:title\" content=\"Pressemitteilung FLiB: Wo schw\u00e4chelt die luftdichte Geb\u00e4udeh\u00fclle? - pro clima Schweiz\" \/>\n<meta property=\"og:description\" content=\"Presseinfo des Fachverbands Luftdichtheit im Bauwesen e.V. (FLiB): Verbreitete Problemstellen im \u00dcberblick &nbsp; Beim \u00dcberpr\u00fcfen der Geb\u00e4ude-Luftdichtheit sto\u00dfen Experten auf die immer wieder gleichen Schwachpunkte. ...\" \/>\n<meta property=\"og:url\" content=\"https:\/\/blog.proclima.com\/ch\/2013\/07\/03\/pm-gebaeudehuelle\/\" \/>\n<meta property=\"og:site_name\" content=\"pro clima Schweiz\" \/>\n<meta property=\"article:published_time\" content=\"2013-07-03T16:45:30+00:00\" \/>\n<meta property=\"article:modified_time\" content=\"2013-07-03T21:29:09+00:00\" \/>\n<meta property=\"og:image\" content=\"http:\/\/blog.proclima.com\/de\/files\/2013\/07\/FliB-298x300.jpg\" \/>\n<meta name=\"author\" content=\"Heide Merkel\" \/>\n<meta name=\"twitter:card\" content=\"summary_large_image\" \/>\n<meta name=\"twitter:label1\" content=\"Verfasst von\" \/>\n\t<meta name=\"twitter:data1\" content=\"Heide Merkel\" \/>\n\t<meta name=\"twitter:label2\" content=\"Gesch\u00e4tzte Lesezeit\" \/>\n\t<meta name=\"twitter:data2\" content=\"3\u00a0Minuten\" \/>\n<script type=\"application\/ld+json\" class=\"yoast-schema-graph\">{\"@context\":\"https:\\\/\\\/schema.org\",\"@graph\":[{\"@type\":\"Article\",\"@id\":\"https:\\\/\\\/blog.proclima.com\\\/ch\\\/2013\\\/07\\\/03\\\/pm-gebaeudehuelle\\\/#article\",\"isPartOf\":{\"@id\":\"https:\\\/\\\/blog.proclima.com\\\/ch\\\/2013\\\/07\\\/03\\\/pm-gebaeudehuelle\\\/\"},\"author\":{\"name\":\"Heide Merkel\",\"@id\":\"https:\\\/\\\/blog.proclima.com\\\/ch\\\/#\\\/schema\\\/person\\\/b3490e20200d5d45b8d56f555ceffc21\"},\"headline\":\"Pressemitteilung FLiB: Wo schw\u00e4chelt die luftdichte Geb\u00e4udeh\u00fclle?\",\"datePublished\":\"2013-07-03T16:45:30+00:00\",\"dateModified\":\"2013-07-03T21:29:09+00:00\",\"mainEntityOfPage\":{\"@id\":\"https:\\\/\\\/blog.proclima.com\\\/ch\\\/2013\\\/07\\\/03\\\/pm-gebaeudehuelle\\\/\"},\"wordCount\":539,\"commentCount\":1,\"publisher\":{\"@id\":\"https:\\\/\\\/blog.proclima.com\\\/ch\\\/#organization\"},\"image\":{\"@id\":\"https:\\\/\\\/blog.proclima.com\\\/ch\\\/2013\\\/07\\\/03\\\/pm-gebaeudehuelle\\\/#primaryimage\"},\"thumbnailUrl\":\"http:\\\/\\\/blog.proclima.com\\\/de\\\/files\\\/2013\\\/07\\\/FliB-298x300.jpg\",\"keywords\":[\"FLiB\",\"Luftdichtheit\"],\"inLanguage\":\"de\",\"potentialAction\":[{\"@type\":\"CommentAction\",\"name\":\"Comment\",\"target\":[\"https:\\\/\\\/blog.proclima.com\\\/ch\\\/2013\\\/07\\\/03\\\/pm-gebaeudehuelle\\\/#respond\"]}]},{\"@type\":\"WebPage\",\"@id\":\"https:\\\/\\\/blog.proclima.com\\\/ch\\\/2013\\\/07\\\/03\\\/pm-gebaeudehuelle\\\/\",\"url\":\"https:\\\/\\\/blog.proclima.com\\\/ch\\\/2013\\\/07\\\/03\\\/pm-gebaeudehuelle\\\/\",\"name\":\"Pressemitteilung FLiB: Wo schw\u00e4chelt die luftdichte Geb\u00e4udeh\u00fclle? - pro clima Schweiz\",\"isPartOf\":{\"@id\":\"https:\\\/\\\/blog.proclima.com\\\/ch\\\/#website\"},\"primaryImageOfPage\":{\"@id\":\"https:\\\/\\\/blog.proclima.com\\\/ch\\\/2013\\\/07\\\/03\\\/pm-gebaeudehuelle\\\/#primaryimage\"},\"image\":{\"@id\":\"https:\\\/\\\/blog.proclima.com\\\/ch\\\/2013\\\/07\\\/03\\\/pm-gebaeudehuelle\\\/#primaryimage\"},\"thumbnailUrl\":\"http:\\\/\\\/blog.proclima.com\\\/de\\\/files\\\/2013\\\/07\\\/FliB-298x300.jpg\",\"datePublished\":\"2013-07-03T16:45:30+00:00\",\"dateModified\":\"2013-07-03T21:29:09+00:00\",\"breadcrumb\":{\"@id\":\"https:\\\/\\\/blog.proclima.com\\\/ch\\\/2013\\\/07\\\/03\\\/pm-gebaeudehuelle\\\/#breadcrumb\"},\"inLanguage\":\"de\",\"potentialAction\":[{\"@type\":\"ReadAction\",\"target\":[\"https:\\\/\\\/blog.proclima.com\\\/ch\\\/2013\\\/07\\\/03\\\/pm-gebaeudehuelle\\\/\"]}]},{\"@type\":\"ImageObject\",\"inLanguage\":\"de\",\"@id\":\"https:\\\/\\\/blog.proclima.com\\\/ch\\\/2013\\\/07\\\/03\\\/pm-gebaeudehuelle\\\/#primaryimage\",\"url\":\"http:\\\/\\\/blog.proclima.com\\\/de\\\/files\\\/2013\\\/07\\\/FliB-298x300.jpg\",\"contentUrl\":\"http:\\\/\\\/blog.proclima.com\\\/de\\\/files\\\/2013\\\/07\\\/FliB-298x300.jpg\"},{\"@type\":\"BreadcrumbList\",\"@id\":\"https:\\\/\\\/blog.proclima.com\\\/ch\\\/2013\\\/07\\\/03\\\/pm-gebaeudehuelle\\\/#breadcrumb\",\"itemListElement\":[{\"@type\":\"ListItem\",\"position\":1,\"name\":\"Startseite\",\"item\":\"https:\\\/\\\/blog.proclima.com\\\/ch\\\/\"},{\"@type\":\"ListItem\",\"position\":2,\"name\":\"Pressemitteilung FLiB: Wo schw\u00e4chelt die luftdichte Geb\u00e4udeh\u00fclle?\"}]},{\"@type\":\"WebSite\",\"@id\":\"https:\\\/\\\/blog.proclima.com\\\/ch\\\/#website\",\"url\":\"https:\\\/\\\/blog.proclima.com\\\/ch\\\/\",\"name\":\"pro clima Schweiz\",\"description\":\"das Blog\",\"publisher\":{\"@id\":\"https:\\\/\\\/blog.proclima.com\\\/ch\\\/#organization\"},\"potentialAction\":[{\"@type\":\"SearchAction\",\"target\":{\"@type\":\"EntryPoint\",\"urlTemplate\":\"https:\\\/\\\/blog.proclima.com\\\/ch\\\/?s={search_term_string}\"},\"query-input\":{\"@type\":\"PropertyValueSpecification\",\"valueRequired\":true,\"valueName\":\"search_term_string\"}}],\"inLanguage\":\"de\"},{\"@type\":\"Organization\",\"@id\":\"https:\\\/\\\/blog.proclima.com\\\/ch\\\/#organization\",\"name\":\"pro clima Schweiz\",\"url\":\"https:\\\/\\\/blog.proclima.com\\\/ch\\\/\",\"logo\":{\"@type\":\"ImageObject\",\"inLanguage\":\"de\",\"@id\":\"https:\\\/\\\/blog.proclima.com\\\/ch\\\/#\\\/schema\\\/logo\\\/image\\\/\",\"url\":\"https:\\\/\\\/blog.proclima.com\\\/ch\\\/files\\\/2025\\\/12\\\/logo_proclima_quadrat.png\",\"contentUrl\":\"https:\\\/\\\/blog.proclima.com\\\/ch\\\/files\\\/2025\\\/12\\\/logo_proclima_quadrat.png\",\"width\":1200,\"height\":1200,\"caption\":\"pro clima Schweiz\"},\"image\":{\"@id\":\"https:\\\/\\\/blog.proclima.com\\\/ch\\\/#\\\/schema\\\/logo\\\/image\\\/\"}},{\"@type\":\"Person\",\"@id\":\"https:\\\/\\\/blog.proclima.com\\\/ch\\\/#\\\/schema\\\/person\\\/b3490e20200d5d45b8d56f555ceffc21\",\"name\":\"Heide Merkel\",\"image\":{\"@type\":\"ImageObject\",\"inLanguage\":\"de\",\"@id\":\"https:\\\/\\\/secure.gravatar.com\\\/avatar\\\/a4a1c909701780173c0b7a635fb539f21128c8d654b77311c92e724657788582?s=96&d=blank&r=g\",\"url\":\"https:\\\/\\\/secure.gravatar.com\\\/avatar\\\/a4a1c909701780173c0b7a635fb539f21128c8d654b77311c92e724657788582?s=96&d=blank&r=g\",\"contentUrl\":\"https:\\\/\\\/secure.gravatar.com\\\/avatar\\\/a4a1c909701780173c0b7a635fb539f21128c8d654b77311c92e724657788582?s=96&d=blank&r=g\",\"caption\":\"Heide Merkel\"},\"description\":\"Fachjournalistin, Referentin, Steuerung Presse &amp; Digitale Medien bei Moll bau\u00f6kologische Produkte GmbH (pro clima). Als Japanologin und ausgebildete Redakteurin ist Heide eher zuf\u00e4llig in der Baubranche gelandet. Seit 2011 arbeitet sie f\u00fcr pro clima. Ihr Wissen zu effektiver Kommunikation gibt sie in Seminaren, Artikeln und Vortr\u00e4gen weiter. F\u00fcr den pro clima Blog, proclima.tv und das pro clima Bauradio interviewt sie interessante Menschen aus der Baubranche. Auf\u00a0 luftdichtheit-gepr\u00fcft.de bloggt Heide \u00fcber Leckagen, Luftdichtung und Qualit\u00e4ts\u00fcberpr\u00fcfung mit Blower-Door-Tests. Ihre Freizeit verbringt sie u.a. in den Vogesen, wo sie seit mehr als f\u00fcnf Jahren ein altes Bauernhaus saniert. Ihr neuestes Projekt:\u00a0 www.besser-als-marketing.de Hier gibt es Tipps, wie Unternehmen in der Baubranche ihre Sichtbarkeit erh\u00f6hen k\u00f6nnen. Die ersten Videos sind bereits online im Youtube Channel Wer mehr \u00fcber Heide Merkel erfahren m\u00f6chte, findet sie auf den g\u00e4ngigen Social Media Plattformen.\",\"url\":\"https:\\\/\\\/blog.proclima.com\\\/ch\\\/author\\\/gentner\\\/\"}]}<\/script>\n<!-- \/ Yoast SEO plugin. -->","yoast_head_json":{"title":"Pressemitteilung FLiB: Wo schw\u00e4chelt die luftdichte Geb\u00e4udeh\u00fclle? - pro clima Schweiz","robots":{"index":"index","follow":"follow","max-snippet":"max-snippet:-1","max-image-preview":"max-image-preview:large","max-video-preview":"max-video-preview:-1"},"canonical":"https:\/\/blog.proclima.com\/ch\/2013\/07\/03\/pm-gebaeudehuelle\/","og_locale":"de_DE","og_type":"article","og_title":"Pressemitteilung FLiB: Wo schw\u00e4chelt die luftdichte Geb\u00e4udeh\u00fclle? - pro clima Schweiz","og_description":"Presseinfo des Fachverbands Luftdichtheit im Bauwesen e.V. (FLiB): Verbreitete Problemstellen im \u00dcberblick &nbsp; Beim \u00dcberpr\u00fcfen der Geb\u00e4ude-Luftdichtheit sto\u00dfen Experten auf die immer wieder gleichen Schwachpunkte. ...","og_url":"https:\/\/blog.proclima.com\/ch\/2013\/07\/03\/pm-gebaeudehuelle\/","og_site_name":"pro clima Schweiz","article_published_time":"2013-07-03T16:45:30+00:00","article_modified_time":"2013-07-03T21:29:09+00:00","og_image":[{"url":"http:\/\/blog.proclima.com\/de\/files\/2013\/07\/FliB-298x300.jpg","type":"","width":"","height":""}],"author":"Heide Merkel","twitter_card":"summary_large_image","twitter_misc":{"Verfasst von":"Heide Merkel","Gesch\u00e4tzte Lesezeit":"3\u00a0Minuten"},"schema":{"@context":"https:\/\/schema.org","@graph":[{"@type":"Article","@id":"https:\/\/blog.proclima.com\/ch\/2013\/07\/03\/pm-gebaeudehuelle\/#article","isPartOf":{"@id":"https:\/\/blog.proclima.com\/ch\/2013\/07\/03\/pm-gebaeudehuelle\/"},"author":{"name":"Heide Merkel","@id":"https:\/\/blog.proclima.com\/ch\/#\/schema\/person\/b3490e20200d5d45b8d56f555ceffc21"},"headline":"Pressemitteilung FLiB: Wo schw\u00e4chelt die luftdichte Geb\u00e4udeh\u00fclle?","datePublished":"2013-07-03T16:45:30+00:00","dateModified":"2013-07-03T21:29:09+00:00","mainEntityOfPage":{"@id":"https:\/\/blog.proclima.com\/ch\/2013\/07\/03\/pm-gebaeudehuelle\/"},"wordCount":539,"commentCount":1,"publisher":{"@id":"https:\/\/blog.proclima.com\/ch\/#organization"},"image":{"@id":"https:\/\/blog.proclima.com\/ch\/2013\/07\/03\/pm-gebaeudehuelle\/#primaryimage"},"thumbnailUrl":"http:\/\/blog.proclima.com\/de\/files\/2013\/07\/FliB-298x300.jpg","keywords":["FLiB","Luftdichtheit"],"inLanguage":"de","potentialAction":[{"@type":"CommentAction","name":"Comment","target":["https:\/\/blog.proclima.com\/ch\/2013\/07\/03\/pm-gebaeudehuelle\/#respond"]}]},{"@type":"WebPage","@id":"https:\/\/blog.proclima.com\/ch\/2013\/07\/03\/pm-gebaeudehuelle\/","url":"https:\/\/blog.proclima.com\/ch\/2013\/07\/03\/pm-gebaeudehuelle\/","name":"Pressemitteilung FLiB: Wo schw\u00e4chelt die luftdichte Geb\u00e4udeh\u00fclle? - pro clima Schweiz","isPartOf":{"@id":"https:\/\/blog.proclima.com\/ch\/#website"},"primaryImageOfPage":{"@id":"https:\/\/blog.proclima.com\/ch\/2013\/07\/03\/pm-gebaeudehuelle\/#primaryimage"},"image":{"@id":"https:\/\/blog.proclima.com\/ch\/2013\/07\/03\/pm-gebaeudehuelle\/#primaryimage"},"thumbnailUrl":"http:\/\/blog.proclima.com\/de\/files\/2013\/07\/FliB-298x300.jpg","datePublished":"2013-07-03T16:45:30+00:00","dateModified":"2013-07-03T21:29:09+00:00","breadcrumb":{"@id":"https:\/\/blog.proclima.com\/ch\/2013\/07\/03\/pm-gebaeudehuelle\/#breadcrumb"},"inLanguage":"de","potentialAction":[{"@type":"ReadAction","target":["https:\/\/blog.proclima.com\/ch\/2013\/07\/03\/pm-gebaeudehuelle\/"]}]},{"@type":"ImageObject","inLanguage":"de","@id":"https:\/\/blog.proclima.com\/ch\/2013\/07\/03\/pm-gebaeudehuelle\/#primaryimage","url":"http:\/\/blog.proclima.com\/de\/files\/2013\/07\/FliB-298x300.jpg","contentUrl":"http:\/\/blog.proclima.com\/de\/files\/2013\/07\/FliB-298x300.jpg"},{"@type":"BreadcrumbList","@id":"https:\/\/blog.proclima.com\/ch\/2013\/07\/03\/pm-gebaeudehuelle\/#breadcrumb","itemListElement":[{"@type":"ListItem","position":1,"name":"Startseite","item":"https:\/\/blog.proclima.com\/ch\/"},{"@type":"ListItem","position":2,"name":"Pressemitteilung FLiB: Wo schw\u00e4chelt die luftdichte Geb\u00e4udeh\u00fclle?"}]},{"@type":"WebSite","@id":"https:\/\/blog.proclima.com\/ch\/#website","url":"https:\/\/blog.proclima.com\/ch\/","name":"pro clima Schweiz","description":"das Blog","publisher":{"@id":"https:\/\/blog.proclima.com\/ch\/#organization"},"potentialAction":[{"@type":"SearchAction","target":{"@type":"EntryPoint","urlTemplate":"https:\/\/blog.proclima.com\/ch\/?s={search_term_string}"},"query-input":{"@type":"PropertyValueSpecification","valueRequired":true,"valueName":"search_term_string"}}],"inLanguage":"de"},{"@type":"Organization","@id":"https:\/\/blog.proclima.com\/ch\/#organization","name":"pro clima Schweiz","url":"https:\/\/blog.proclima.com\/ch\/","logo":{"@type":"ImageObject","inLanguage":"de","@id":"https:\/\/blog.proclima.com\/ch\/#\/schema\/logo\/image\/","url":"https:\/\/blog.proclima.com\/ch\/files\/2025\/12\/logo_proclima_quadrat.png","contentUrl":"https:\/\/blog.proclima.com\/ch\/files\/2025\/12\/logo_proclima_quadrat.png","width":1200,"height":1200,"caption":"pro clima Schweiz"},"image":{"@id":"https:\/\/blog.proclima.com\/ch\/#\/schema\/logo\/image\/"}},{"@type":"Person","@id":"https:\/\/blog.proclima.com\/ch\/#\/schema\/person\/b3490e20200d5d45b8d56f555ceffc21","name":"Heide Merkel","image":{"@type":"ImageObject","inLanguage":"de","@id":"https:\/\/secure.gravatar.com\/avatar\/a4a1c909701780173c0b7a635fb539f21128c8d654b77311c92e724657788582?s=96&d=blank&r=g","url":"https:\/\/secure.gravatar.com\/avatar\/a4a1c909701780173c0b7a635fb539f21128c8d654b77311c92e724657788582?s=96&d=blank&r=g","contentUrl":"https:\/\/secure.gravatar.com\/avatar\/a4a1c909701780173c0b7a635fb539f21128c8d654b77311c92e724657788582?s=96&d=blank&r=g","caption":"Heide Merkel"},"description":"Fachjournalistin, Referentin, Steuerung Presse &amp; Digitale Medien bei Moll bau\u00f6kologische Produkte GmbH (pro clima). Als Japanologin und ausgebildete Redakteurin ist Heide eher zuf\u00e4llig in der Baubranche gelandet. Seit 2011 arbeitet sie f\u00fcr pro clima. Ihr Wissen zu effektiver Kommunikation gibt sie in Seminaren, Artikeln und Vortr\u00e4gen weiter. F\u00fcr den pro clima Blog, proclima.tv und das pro clima Bauradio interviewt sie interessante Menschen aus der Baubranche. Auf\u00a0 luftdichtheit-gepr\u00fcft.de bloggt Heide \u00fcber Leckagen, Luftdichtung und Qualit\u00e4ts\u00fcberpr\u00fcfung mit Blower-Door-Tests. Ihre Freizeit verbringt sie u.a. in den Vogesen, wo sie seit mehr als f\u00fcnf Jahren ein altes Bauernhaus saniert. Ihr neuestes Projekt:\u00a0 www.besser-als-marketing.de Hier gibt es Tipps, wie Unternehmen in der Baubranche ihre Sichtbarkeit erh\u00f6hen k\u00f6nnen. Die ersten Videos sind bereits online im Youtube Channel Wer mehr \u00fcber Heide Merkel erfahren m\u00f6chte, findet sie auf den g\u00e4ngigen Social Media Plattformen.","url":"https:\/\/blog.proclima.com\/ch\/author\/gentner\/"}]}},"_links":{"self":[{"href":"https:\/\/blog.proclima.com\/ch\/wp-json\/wp\/v2\/posts\/972","targetHints":{"allow":["GET"]}}],"collection":[{"href":"https:\/\/blog.proclima.com\/ch\/wp-json\/wp\/v2\/posts"}],"about":[{"href":"https:\/\/blog.proclima.com\/ch\/wp-json\/wp\/v2\/types\/post"}],"author":[{"embeddable":true,"href":"https:\/\/blog.proclima.com\/ch\/wp-json\/wp\/v2\/users\/18"}],"replies":[{"embeddable":true,"href":"https:\/\/blog.proclima.com\/ch\/wp-json\/wp\/v2\/comments?post=972"}],"version-history":[{"count":5,"href":"https:\/\/blog.proclima.com\/ch\/wp-json\/wp\/v2\/posts\/972\/revisions"}],"predecessor-version":[{"id":976,"href":"https:\/\/blog.proclima.com\/ch\/wp-json\/wp\/v2\/posts\/972\/revisions\/976"}],"wp:attachment":[{"href":"https:\/\/blog.proclima.com\/ch\/wp-json\/wp\/v2\/media?parent=972"}],"wp:term":[{"taxonomy":"category","embeddable":true,"href":"https:\/\/blog.proclima.com\/ch\/wp-json\/wp\/v2\/categories?post=972"},{"taxonomy":"post_tag","embeddable":true,"href":"https:\/\/blog.proclima.com\/ch\/wp-json\/wp\/v2\/tags?post=972"}],"curies":[{"name":"wp","href":"https:\/\/api.w.org\/{rel}","templated":true}]}}