
{"id":960,"date":"2013-04-26T15:30:13","date_gmt":"2013-04-26T13:30:13","guid":{"rendered":"http:\/\/blog.proclima.com\/ch\/?p=960"},"modified":"2013-04-26T15:31:52","modified_gmt":"2013-04-26T13:31:52","slug":"naturhuus-in-herisau","status":"publish","type":"post","link":"https:\/\/blog.proclima.com\/ch\/2013\/04\/26\/naturhuus-in-herisau\/","title":{"rendered":"Tag der Offenen T\u00fcr bei Naturhuus in Herisau"},"content":{"rendered":"<p><a href=\"http:\/\/www.naturhuus.ch\/\" target=\"_blank\"><img loading=\"lazy\" decoding=\"async\" data-size=\"524x151\" class=\"alignleft size-medium wp-image-963\" alt=\"screenie\" src=\"http:\/\/blog.proclima.com\/ch\/files\/2013\/04\/screenie-300x86.jpg\" width=\"300\" height=\"86\" srcset=\"https:\/\/blog.proclima.com\/ch\/files\/2013\/04\/screenie-300x86.jpg 300w, https:\/\/blog.proclima.com\/ch\/files\/2013\/04\/screenie.jpg 524w\" sizes=\"auto, (max-width: 300px) 100vw, 300px\" \/><\/a>Gut riechendes Holz, nat\u00fcrliche Farben, umweltfreundliche Pflegemittel: Das Naturhuus \u00f6ffnet am Samstag, 4. Mai 2013, seine T\u00fcren und stellt seine gesamte Produktpalette und Service vor. Auch pro clima ist vor Ort: Ingenieur Christoph B\u00f6hringer wird einen Vortrag halten und \u00fcber feuchtevariable Dampfbremsen und ihr Sicherheitspotenzial aufkl\u00e4ren.<\/p>\n<p>Weiter Informationen<\/p>\n<p><a href=\"http:\/\/www.naturhuus.ch\/\" target=\"_blank\">http:\/\/www.naturhuus.ch\/<\/a><\/p>\n","protected":false},"excerpt":{"rendered":"<p>Gut riechendes Holz, nat\u00fcrliche Farben, umweltfreundliche Pflegemittel: Das Naturhuus \u00f6ffnet am Samstag, 4. Mai 2013, seine T\u00fcren und stellt seine gesamte Produktpalette und Service vor. <a href=\"https:\/\/blog.proclima.com\/ch\/2013\/04\/26\/naturhuus-in-herisau\/\" rel=\"bookmark\">&#8230;<\/a><\/p>\n","protected":false},"author":18,"featured_media":0,"comment_status":"open","ping_status":"open","sticky":false,"template":"","format":"standard","meta":{"footnotes":""},"categories":[1],"tags":[268,99],"class_list":["post-960","post","type-post","status-publish","format-standard","hentry","category-allgemein","tag-christoph-bohringer","tag-naturhuus"],"yoast_head":"<!-- This site is optimized with the Yoast SEO plugin v27.5 - https:\/\/yoast.com\/product\/yoast-seo-wordpress\/ -->\n<title>Tag der Offenen T\u00fcr bei Naturhuus in Herisau  - pro clima Schweiz<\/title>\n<meta name=\"robots\" content=\"index, follow, max-snippet:-1, max-image-preview:large, max-video-preview:-1\" \/>\n<link rel=\"canonical\" href=\"https:\/\/blog.proclima.com\/ch\/2013\/04\/26\/naturhuus-in-herisau\/\" \/>\n<meta property=\"og:locale\" content=\"de_DE\" \/>\n<meta property=\"og:type\" content=\"article\" \/>\n<meta property=\"og:title\" content=\"Tag der Offenen T\u00fcr bei Naturhuus in Herisau  - pro clima Schweiz\" \/>\n<meta property=\"og:description\" content=\"Gut riechendes Holz, nat\u00fcrliche Farben, umweltfreundliche Pflegemittel: Das Naturhuus \u00f6ffnet am Samstag, 4. Mai 2013, seine T\u00fcren und stellt seine gesamte Produktpalette und Service vor. ...\" \/>\n<meta property=\"og:url\" content=\"https:\/\/blog.proclima.com\/ch\/2013\/04\/26\/naturhuus-in-herisau\/\" \/>\n<meta property=\"og:site_name\" content=\"pro clima Schweiz\" \/>\n<meta property=\"article:published_time\" content=\"2013-04-26T13:30:13+00:00\" \/>\n<meta property=\"article:modified_time\" content=\"2013-04-26T13:31:52+00:00\" \/>\n<meta property=\"og:image\" content=\"http:\/\/blog.proclima.com\/ch\/files\/2013\/04\/screenie-300x86.jpg\" \/>\n<meta name=\"author\" content=\"Heide Merkel\" \/>\n<meta name=\"twitter:card\" content=\"summary_large_image\" \/>\n<meta name=\"twitter:label1\" content=\"Verfasst von\" \/>\n\t<meta name=\"twitter:data1\" content=\"Heide Merkel\" \/>\n<script type=\"application\/ld+json\" class=\"yoast-schema-graph\">{\"@context\":\"https:\\\/\\\/schema.org\",\"@graph\":[{\"@type\":\"Article\",\"@id\":\"https:\\\/\\\/blog.proclima.com\\\/ch\\\/2013\\\/04\\\/26\\\/naturhuus-in-herisau\\\/#article\",\"isPartOf\":{\"@id\":\"https:\\\/\\\/blog.proclima.com\\\/ch\\\/2013\\\/04\\\/26\\\/naturhuus-in-herisau\\\/\"},\"author\":{\"name\":\"Heide Merkel\",\"@id\":\"https:\\\/\\\/blog.proclima.com\\\/ch\\\/#\\\/schema\\\/person\\\/b3490e20200d5d45b8d56f555ceffc21\"},\"headline\":\"Tag der Offenen T\u00fcr bei Naturhuus in Herisau\",\"datePublished\":\"2013-04-26T13:30:13+00:00\",\"dateModified\":\"2013-04-26T13:31:52+00:00\",\"mainEntityOfPage\":{\"@id\":\"https:\\\/\\\/blog.proclima.com\\\/ch\\\/2013\\\/04\\\/26\\\/naturhuus-in-herisau\\\/\"},\"wordCount\":63,\"commentCount\":0,\"publisher\":{\"@id\":\"https:\\\/\\\/blog.proclima.com\\\/ch\\\/#organization\"},\"image\":{\"@id\":\"https:\\\/\\\/blog.proclima.com\\\/ch\\\/2013\\\/04\\\/26\\\/naturhuus-in-herisau\\\/#primaryimage\"},\"thumbnailUrl\":\"http:\\\/\\\/blog.proclima.com\\\/ch\\\/files\\\/2013\\\/04\\\/screenie-300x86.jpg\",\"keywords\":[\"Christoph B\u00f6hringer\",\"naturhuus\"],\"inLanguage\":\"de\",\"potentialAction\":[{\"@type\":\"CommentAction\",\"name\":\"Comment\",\"target\":[\"https:\\\/\\\/blog.proclima.com\\\/ch\\\/2013\\\/04\\\/26\\\/naturhuus-in-herisau\\\/#respond\"]}]},{\"@type\":\"WebPage\",\"@id\":\"https:\\\/\\\/blog.proclima.com\\\/ch\\\/2013\\\/04\\\/26\\\/naturhuus-in-herisau\\\/\",\"url\":\"https:\\\/\\\/blog.proclima.com\\\/ch\\\/2013\\\/04\\\/26\\\/naturhuus-in-herisau\\\/\",\"name\":\"Tag der Offenen T\u00fcr bei Naturhuus in Herisau - pro clima Schweiz\",\"isPartOf\":{\"@id\":\"https:\\\/\\\/blog.proclima.com\\\/ch\\\/#website\"},\"primaryImageOfPage\":{\"@id\":\"https:\\\/\\\/blog.proclima.com\\\/ch\\\/2013\\\/04\\\/26\\\/naturhuus-in-herisau\\\/#primaryimage\"},\"image\":{\"@id\":\"https:\\\/\\\/blog.proclima.com\\\/ch\\\/2013\\\/04\\\/26\\\/naturhuus-in-herisau\\\/#primaryimage\"},\"thumbnailUrl\":\"http:\\\/\\\/blog.proclima.com\\\/ch\\\/files\\\/2013\\\/04\\\/screenie-300x86.jpg\",\"datePublished\":\"2013-04-26T13:30:13+00:00\",\"dateModified\":\"2013-04-26T13:31:52+00:00\",\"breadcrumb\":{\"@id\":\"https:\\\/\\\/blog.proclima.com\\\/ch\\\/2013\\\/04\\\/26\\\/naturhuus-in-herisau\\\/#breadcrumb\"},\"inLanguage\":\"de\",\"potentialAction\":[{\"@type\":\"ReadAction\",\"target\":[\"https:\\\/\\\/blog.proclima.com\\\/ch\\\/2013\\\/04\\\/26\\\/naturhuus-in-herisau\\\/\"]}]},{\"@type\":\"ImageObject\",\"inLanguage\":\"de\",\"@id\":\"https:\\\/\\\/blog.proclima.com\\\/ch\\\/2013\\\/04\\\/26\\\/naturhuus-in-herisau\\\/#primaryimage\",\"url\":\"http:\\\/\\\/blog.proclima.com\\\/ch\\\/files\\\/2013\\\/04\\\/screenie-300x86.jpg\",\"contentUrl\":\"http:\\\/\\\/blog.proclima.com\\\/ch\\\/files\\\/2013\\\/04\\\/screenie-300x86.jpg\"},{\"@type\":\"BreadcrumbList\",\"@id\":\"https:\\\/\\\/blog.proclima.com\\\/ch\\\/2013\\\/04\\\/26\\\/naturhuus-in-herisau\\\/#breadcrumb\",\"itemListElement\":[{\"@type\":\"ListItem\",\"position\":1,\"name\":\"Startseite\",\"item\":\"https:\\\/\\\/blog.proclima.com\\\/ch\\\/\"},{\"@type\":\"ListItem\",\"position\":2,\"name\":\"Tag der Offenen T\u00fcr bei Naturhuus in Herisau\"}]},{\"@type\":\"WebSite\",\"@id\":\"https:\\\/\\\/blog.proclima.com\\\/ch\\\/#website\",\"url\":\"https:\\\/\\\/blog.proclima.com\\\/ch\\\/\",\"name\":\"pro clima Schweiz\",\"description\":\"das Blog\",\"publisher\":{\"@id\":\"https:\\\/\\\/blog.proclima.com\\\/ch\\\/#organization\"},\"potentialAction\":[{\"@type\":\"SearchAction\",\"target\":{\"@type\":\"EntryPoint\",\"urlTemplate\":\"https:\\\/\\\/blog.proclima.com\\\/ch\\\/?s={search_term_string}\"},\"query-input\":{\"@type\":\"PropertyValueSpecification\",\"valueRequired\":true,\"valueName\":\"search_term_string\"}}],\"inLanguage\":\"de\"},{\"@type\":\"Organization\",\"@id\":\"https:\\\/\\\/blog.proclima.com\\\/ch\\\/#organization\",\"name\":\"pro clima Schweiz\",\"url\":\"https:\\\/\\\/blog.proclima.com\\\/ch\\\/\",\"logo\":{\"@type\":\"ImageObject\",\"inLanguage\":\"de\",\"@id\":\"https:\\\/\\\/blog.proclima.com\\\/ch\\\/#\\\/schema\\\/logo\\\/image\\\/\",\"url\":\"https:\\\/\\\/blog.proclima.com\\\/ch\\\/files\\\/2025\\\/12\\\/logo_proclima_quadrat.png\",\"contentUrl\":\"https:\\\/\\\/blog.proclima.com\\\/ch\\\/files\\\/2025\\\/12\\\/logo_proclima_quadrat.png\",\"width\":1200,\"height\":1200,\"caption\":\"pro clima Schweiz\"},\"image\":{\"@id\":\"https:\\\/\\\/blog.proclima.com\\\/ch\\\/#\\\/schema\\\/logo\\\/image\\\/\"}},{\"@type\":\"Person\",\"@id\":\"https:\\\/\\\/blog.proclima.com\\\/ch\\\/#\\\/schema\\\/person\\\/b3490e20200d5d45b8d56f555ceffc21\",\"name\":\"Heide Merkel\",\"image\":{\"@type\":\"ImageObject\",\"inLanguage\":\"de\",\"@id\":\"https:\\\/\\\/secure.gravatar.com\\\/avatar\\\/a4a1c909701780173c0b7a635fb539f21128c8d654b77311c92e724657788582?s=96&d=blank&r=g\",\"url\":\"https:\\\/\\\/secure.gravatar.com\\\/avatar\\\/a4a1c909701780173c0b7a635fb539f21128c8d654b77311c92e724657788582?s=96&d=blank&r=g\",\"contentUrl\":\"https:\\\/\\\/secure.gravatar.com\\\/avatar\\\/a4a1c909701780173c0b7a635fb539f21128c8d654b77311c92e724657788582?s=96&d=blank&r=g\",\"caption\":\"Heide Merkel\"},\"description\":\"Fachjournalistin, Referentin, Steuerung Presse &amp; Digitale Medien bei Moll bau\u00f6kologische Produkte GmbH (pro clima). Als Japanologin und ausgebildete Redakteurin ist Heide eher zuf\u00e4llig in der Baubranche gelandet. Seit 2011 arbeitet sie f\u00fcr pro clima. Ihr Wissen zu effektiver Kommunikation gibt sie in Seminaren, Artikeln und Vortr\u00e4gen weiter. F\u00fcr den pro clima Blog, proclima.tv und das pro clima Bauradio interviewt sie interessante Menschen aus der Baubranche. Auf\u00a0 luftdichtheit-gepr\u00fcft.de bloggt Heide \u00fcber Leckagen, Luftdichtung und Qualit\u00e4ts\u00fcberpr\u00fcfung mit Blower-Door-Tests. Ihre Freizeit verbringt sie u.a. in den Vogesen, wo sie seit mehr als f\u00fcnf Jahren ein altes Bauernhaus saniert. Ihr neuestes Projekt:\u00a0 www.besser-als-marketing.de Hier gibt es Tipps, wie Unternehmen in der Baubranche ihre Sichtbarkeit erh\u00f6hen k\u00f6nnen. Die ersten Videos sind bereits online im Youtube Channel Wer mehr \u00fcber Heide Merkel erfahren m\u00f6chte, findet sie auf den g\u00e4ngigen Social Media Plattformen.\",\"url\":\"https:\\\/\\\/blog.proclima.com\\\/ch\\\/author\\\/gentner\\\/\"}]}<\/script>\n<!-- \/ Yoast SEO plugin. -->","yoast_head_json":{"title":"Tag der Offenen T\u00fcr bei Naturhuus in Herisau  - pro clima Schweiz","robots":{"index":"index","follow":"follow","max-snippet":"max-snippet:-1","max-image-preview":"max-image-preview:large","max-video-preview":"max-video-preview:-1"},"canonical":"https:\/\/blog.proclima.com\/ch\/2013\/04\/26\/naturhuus-in-herisau\/","og_locale":"de_DE","og_type":"article","og_title":"Tag der Offenen T\u00fcr bei Naturhuus in Herisau  - pro clima Schweiz","og_description":"Gut riechendes Holz, nat\u00fcrliche Farben, umweltfreundliche Pflegemittel: Das Naturhuus \u00f6ffnet am Samstag, 4. Mai 2013, seine T\u00fcren und stellt seine gesamte Produktpalette und Service vor. ...","og_url":"https:\/\/blog.proclima.com\/ch\/2013\/04\/26\/naturhuus-in-herisau\/","og_site_name":"pro clima Schweiz","article_published_time":"2013-04-26T13:30:13+00:00","article_modified_time":"2013-04-26T13:31:52+00:00","og_image":[{"url":"http:\/\/blog.proclima.com\/ch\/files\/2013\/04\/screenie-300x86.jpg","type":"","width":"","height":""}],"author":"Heide Merkel","twitter_card":"summary_large_image","twitter_misc":{"Verfasst von":"Heide Merkel"},"schema":{"@context":"https:\/\/schema.org","@graph":[{"@type":"Article","@id":"https:\/\/blog.proclima.com\/ch\/2013\/04\/26\/naturhuus-in-herisau\/#article","isPartOf":{"@id":"https:\/\/blog.proclima.com\/ch\/2013\/04\/26\/naturhuus-in-herisau\/"},"author":{"name":"Heide Merkel","@id":"https:\/\/blog.proclima.com\/ch\/#\/schema\/person\/b3490e20200d5d45b8d56f555ceffc21"},"headline":"Tag der Offenen T\u00fcr bei Naturhuus in Herisau","datePublished":"2013-04-26T13:30:13+00:00","dateModified":"2013-04-26T13:31:52+00:00","mainEntityOfPage":{"@id":"https:\/\/blog.proclima.com\/ch\/2013\/04\/26\/naturhuus-in-herisau\/"},"wordCount":63,"commentCount":0,"publisher":{"@id":"https:\/\/blog.proclima.com\/ch\/#organization"},"image":{"@id":"https:\/\/blog.proclima.com\/ch\/2013\/04\/26\/naturhuus-in-herisau\/#primaryimage"},"thumbnailUrl":"http:\/\/blog.proclima.com\/ch\/files\/2013\/04\/screenie-300x86.jpg","keywords":["Christoph B\u00f6hringer","naturhuus"],"inLanguage":"de","potentialAction":[{"@type":"CommentAction","name":"Comment","target":["https:\/\/blog.proclima.com\/ch\/2013\/04\/26\/naturhuus-in-herisau\/#respond"]}]},{"@type":"WebPage","@id":"https:\/\/blog.proclima.com\/ch\/2013\/04\/26\/naturhuus-in-herisau\/","url":"https:\/\/blog.proclima.com\/ch\/2013\/04\/26\/naturhuus-in-herisau\/","name":"Tag der Offenen T\u00fcr bei Naturhuus in Herisau - pro clima Schweiz","isPartOf":{"@id":"https:\/\/blog.proclima.com\/ch\/#website"},"primaryImageOfPage":{"@id":"https:\/\/blog.proclima.com\/ch\/2013\/04\/26\/naturhuus-in-herisau\/#primaryimage"},"image":{"@id":"https:\/\/blog.proclima.com\/ch\/2013\/04\/26\/naturhuus-in-herisau\/#primaryimage"},"thumbnailUrl":"http:\/\/blog.proclima.com\/ch\/files\/2013\/04\/screenie-300x86.jpg","datePublished":"2013-04-26T13:30:13+00:00","dateModified":"2013-04-26T13:31:52+00:00","breadcrumb":{"@id":"https:\/\/blog.proclima.com\/ch\/2013\/04\/26\/naturhuus-in-herisau\/#breadcrumb"},"inLanguage":"de","potentialAction":[{"@type":"ReadAction","target":["https:\/\/blog.proclima.com\/ch\/2013\/04\/26\/naturhuus-in-herisau\/"]}]},{"@type":"ImageObject","inLanguage":"de","@id":"https:\/\/blog.proclima.com\/ch\/2013\/04\/26\/naturhuus-in-herisau\/#primaryimage","url":"http:\/\/blog.proclima.com\/ch\/files\/2013\/04\/screenie-300x86.jpg","contentUrl":"http:\/\/blog.proclima.com\/ch\/files\/2013\/04\/screenie-300x86.jpg"},{"@type":"BreadcrumbList","@id":"https:\/\/blog.proclima.com\/ch\/2013\/04\/26\/naturhuus-in-herisau\/#breadcrumb","itemListElement":[{"@type":"ListItem","position":1,"name":"Startseite","item":"https:\/\/blog.proclima.com\/ch\/"},{"@type":"ListItem","position":2,"name":"Tag der Offenen T\u00fcr bei Naturhuus in Herisau"}]},{"@type":"WebSite","@id":"https:\/\/blog.proclima.com\/ch\/#website","url":"https:\/\/blog.proclima.com\/ch\/","name":"pro clima Schweiz","description":"das Blog","publisher":{"@id":"https:\/\/blog.proclima.com\/ch\/#organization"},"potentialAction":[{"@type":"SearchAction","target":{"@type":"EntryPoint","urlTemplate":"https:\/\/blog.proclima.com\/ch\/?s={search_term_string}"},"query-input":{"@type":"PropertyValueSpecification","valueRequired":true,"valueName":"search_term_string"}}],"inLanguage":"de"},{"@type":"Organization","@id":"https:\/\/blog.proclima.com\/ch\/#organization","name":"pro clima Schweiz","url":"https:\/\/blog.proclima.com\/ch\/","logo":{"@type":"ImageObject","inLanguage":"de","@id":"https:\/\/blog.proclima.com\/ch\/#\/schema\/logo\/image\/","url":"https:\/\/blog.proclima.com\/ch\/files\/2025\/12\/logo_proclima_quadrat.png","contentUrl":"https:\/\/blog.proclima.com\/ch\/files\/2025\/12\/logo_proclima_quadrat.png","width":1200,"height":1200,"caption":"pro clima Schweiz"},"image":{"@id":"https:\/\/blog.proclima.com\/ch\/#\/schema\/logo\/image\/"}},{"@type":"Person","@id":"https:\/\/blog.proclima.com\/ch\/#\/schema\/person\/b3490e20200d5d45b8d56f555ceffc21","name":"Heide Merkel","image":{"@type":"ImageObject","inLanguage":"de","@id":"https:\/\/secure.gravatar.com\/avatar\/a4a1c909701780173c0b7a635fb539f21128c8d654b77311c92e724657788582?s=96&d=blank&r=g","url":"https:\/\/secure.gravatar.com\/avatar\/a4a1c909701780173c0b7a635fb539f21128c8d654b77311c92e724657788582?s=96&d=blank&r=g","contentUrl":"https:\/\/secure.gravatar.com\/avatar\/a4a1c909701780173c0b7a635fb539f21128c8d654b77311c92e724657788582?s=96&d=blank&r=g","caption":"Heide Merkel"},"description":"Fachjournalistin, Referentin, Steuerung Presse &amp; Digitale Medien bei Moll bau\u00f6kologische Produkte GmbH (pro clima). Als Japanologin und ausgebildete Redakteurin ist Heide eher zuf\u00e4llig in der Baubranche gelandet. Seit 2011 arbeitet sie f\u00fcr pro clima. Ihr Wissen zu effektiver Kommunikation gibt sie in Seminaren, Artikeln und Vortr\u00e4gen weiter. F\u00fcr den pro clima Blog, proclima.tv und das pro clima Bauradio interviewt sie interessante Menschen aus der Baubranche. Auf\u00a0 luftdichtheit-gepr\u00fcft.de bloggt Heide \u00fcber Leckagen, Luftdichtung und Qualit\u00e4ts\u00fcberpr\u00fcfung mit Blower-Door-Tests. Ihre Freizeit verbringt sie u.a. in den Vogesen, wo sie seit mehr als f\u00fcnf Jahren ein altes Bauernhaus saniert. Ihr neuestes Projekt:\u00a0 www.besser-als-marketing.de Hier gibt es Tipps, wie Unternehmen in der Baubranche ihre Sichtbarkeit erh\u00f6hen k\u00f6nnen. Die ersten Videos sind bereits online im Youtube Channel Wer mehr \u00fcber Heide Merkel erfahren m\u00f6chte, findet sie auf den g\u00e4ngigen Social Media Plattformen.","url":"https:\/\/blog.proclima.com\/ch\/author\/gentner\/"}]}},"_links":{"self":[{"href":"https:\/\/blog.proclima.com\/ch\/wp-json\/wp\/v2\/posts\/960","targetHints":{"allow":["GET"]}}],"collection":[{"href":"https:\/\/blog.proclima.com\/ch\/wp-json\/wp\/v2\/posts"}],"about":[{"href":"https:\/\/blog.proclima.com\/ch\/wp-json\/wp\/v2\/types\/post"}],"author":[{"embeddable":true,"href":"https:\/\/blog.proclima.com\/ch\/wp-json\/wp\/v2\/users\/18"}],"replies":[{"embeddable":true,"href":"https:\/\/blog.proclima.com\/ch\/wp-json\/wp\/v2\/comments?post=960"}],"version-history":[{"count":3,"href":"https:\/\/blog.proclima.com\/ch\/wp-json\/wp\/v2\/posts\/960\/revisions"}],"predecessor-version":[{"id":964,"href":"https:\/\/blog.proclima.com\/ch\/wp-json\/wp\/v2\/posts\/960\/revisions\/964"}],"wp:attachment":[{"href":"https:\/\/blog.proclima.com\/ch\/wp-json\/wp\/v2\/media?parent=960"}],"wp:term":[{"taxonomy":"category","embeddable":true,"href":"https:\/\/blog.proclima.com\/ch\/wp-json\/wp\/v2\/categories?post=960"},{"taxonomy":"post_tag","embeddable":true,"href":"https:\/\/blog.proclima.com\/ch\/wp-json\/wp\/v2\/tags?post=960"}],"curies":[{"name":"wp","href":"https:\/\/api.w.org\/{rel}","templated":true}]}}