
{"id":795,"date":"2012-08-11T06:30:48","date_gmt":"2012-08-11T04:30:48","guid":{"rendered":"http:\/\/blog.proclima.com\/ch\/?p=795"},"modified":"2012-08-06T15:20:27","modified_gmt":"2012-08-06T13:20:27","slug":"serie-6-innendaemmung","status":"publish","type":"post","link":"https:\/\/blog.proclima.com\/ch\/2012\/08\/11\/serie-6-innendaemmung\/","title":{"rendered":"Serie \u2013 Grenzen der Innend\u00e4mmung (6) : Was passiert mit der Bestandswand?"},"content":{"rendered":"<p align=\"JUSTIFY\"><span style=\"font-family: Arial,sans-serif;\"><span style=\"font-size: medium;\">Kritischster Punkt in Bezug auf den Feuchteanfall ist besonders die Grenzfl\u00e4che zwischen W\u00e4rmed\u00e4mmung und bestehender Wand. Vorhandene Fliesenbel\u00e4ge sind zu entfernen. Auch Tapetenreste oder dampfdichte Anstriche, beispielsweise von Latexfarben, sind ung\u00fcnstig. Bestehende Innenputze m\u00fcssen frostunempfindlich sein. So k\u00f6nnen beispielsweise Gipsputze nach mehreren Frostwechseln faulen.<!--more--><\/span><\/span><\/p>\n<p align=\"JUSTIFY\"><span style=\"font-family: Arial,sans-serif;\"><span style=\"font-size: medium;\"><strong>Dichtung der Geb\u00e4udeh\u00fclle mit Innenputz<\/strong><\/span><\/span><\/p>\n<p align=\"JUSTIFY\"><span style=\"font-family: Arial,sans-serif;\"><span style=\"font-size: medium;\">Ein nicht verputztes Mauerwerk ist nicht luftdicht. Erst ein vollfl\u00e4chig aufgebrachter Innenputz sorgt hier f\u00fcr Luftdichtheit des alten Bestands. Dies hat verschiedene Vorteile. Zum einen wird die Durchstr\u00f6mung der W\u00e4rmed\u00e4mmung vermindert, wodurch sich die Energieeffizienz verbessert. Zum anderen sind Materialien von Vorteil, die Feuchte an der kritischsten Stelle der Konstruktion aufnehmen k\u00f6nnen. So wird unvorhergesehene Feuchte gepuffert und z.\u00a0B. Schlagregeneintr\u00e4ge in die D\u00e4mmung reduziert. Das Befestigungsmaterial, das f\u00fcr die neue Wandkonstruktion verwendet wird und in die alte Wand eindringt, sollte rostfrei sein. <\/span><\/span><\/p>\n<p align=\"JUSTIFY\"><span style=\"font-family: Arial,sans-serif;\"><span style=\"font-size: medium;\">Was die angrenzende W\u00e4rmed\u00e4mmung anbetrifft, sollte sie auf jeden Fall vollfl\u00e4chig und hohlraumf\u00fcllend verlegt sein. Dadurch wird neben der optimalen D\u00e4mmwirkung vor allem eine Konvektion (Luftbewegung) in der D\u00e4mmebene vermindert.<\/span><\/span><\/p>\n<p>Weitere Artikel der Serie Grenzen der Innend\u00e4mmung:<\/p>\n<p align=\"JUSTIFY\"><span style=\"font-family: Arial,sans-serif;\"><span style=\"font-size: medium;\"><a href=\"http:\/\/blog.proclima.com\/ch\/2012\/08\/06\/grenzen-der-innendammung\/\">1. Alte und neue Standards &#8211; ein Praxisbeispiel <\/a><br \/>\n<\/span><\/span><\/p>\n","protected":false},"excerpt":{"rendered":"<p>Kritischster Punkt in Bezug auf den Feuchteanfall ist besonders die Grenzfl\u00e4che zwischen W\u00e4rmed\u00e4mmung und bestehender Wand. Vorhandene Fliesenbel\u00e4ge sind zu entfernen. Auch Tapetenreste oder dampfdichte <a href=\"https:\/\/blog.proclima.com\/ch\/2012\/08\/11\/serie-6-innendaemmung\/\" rel=\"bookmark\">&#8230;<\/a><\/p>\n","protected":false},"author":18,"featured_media":0,"comment_status":"open","ping_status":"open","sticky":false,"template":"","format":"standard","meta":{"footnotes":""},"categories":[1],"tags":[232,220,231],"class_list":["post-795","post","type-post","status-publish","format-standard","hentry","category-allgemein","tag-bestandswand","tag-innendammung","tag-innenputz"],"yoast_head":"<!-- This site is optimized with the Yoast SEO plugin v27.5 - https:\/\/yoast.com\/product\/yoast-seo-wordpress\/ -->\n<title>Serie \u2013 Grenzen der Innend\u00e4mmung (6) : Was passiert mit der Bestandswand?  - pro clima Schweiz<\/title>\n<meta name=\"robots\" content=\"index, follow, max-snippet:-1, max-image-preview:large, max-video-preview:-1\" \/>\n<link rel=\"canonical\" href=\"https:\/\/blog.proclima.com\/ch\/2012\/08\/11\/serie-6-innendaemmung\/\" \/>\n<meta property=\"og:locale\" content=\"de_DE\" \/>\n<meta property=\"og:type\" content=\"article\" \/>\n<meta property=\"og:title\" content=\"Serie \u2013 Grenzen der Innend\u00e4mmung (6) : Was passiert mit der Bestandswand?  - pro clima Schweiz\" \/>\n<meta property=\"og:description\" content=\"Kritischster Punkt in Bezug auf den Feuchteanfall ist besonders die Grenzfl\u00e4che zwischen W\u00e4rmed\u00e4mmung und bestehender Wand. Vorhandene Fliesenbel\u00e4ge sind zu entfernen. Auch Tapetenreste oder dampfdichte ...\" \/>\n<meta property=\"og:url\" content=\"https:\/\/blog.proclima.com\/ch\/2012\/08\/11\/serie-6-innendaemmung\/\" \/>\n<meta property=\"og:site_name\" content=\"pro clima Schweiz\" \/>\n<meta property=\"article:published_time\" content=\"2012-08-11T04:30:48+00:00\" \/>\n<meta name=\"author\" content=\"Heide Merkel\" \/>\n<meta name=\"twitter:card\" content=\"summary_large_image\" \/>\n<meta name=\"twitter:label1\" content=\"Verfasst von\" \/>\n\t<meta name=\"twitter:data1\" content=\"Heide Merkel\" \/>\n\t<meta name=\"twitter:label2\" content=\"Gesch\u00e4tzte Lesezeit\" \/>\n\t<meta name=\"twitter:data2\" content=\"1\u00a0Minute\" \/>\n<script type=\"application\/ld+json\" class=\"yoast-schema-graph\">{\"@context\":\"https:\\\/\\\/schema.org\",\"@graph\":[{\"@type\":\"Article\",\"@id\":\"https:\\\/\\\/blog.proclima.com\\\/ch\\\/2012\\\/08\\\/11\\\/serie-6-innendaemmung\\\/#article\",\"isPartOf\":{\"@id\":\"https:\\\/\\\/blog.proclima.com\\\/ch\\\/2012\\\/08\\\/11\\\/serie-6-innendaemmung\\\/\"},\"author\":{\"name\":\"Heide Merkel\",\"@id\":\"https:\\\/\\\/blog.proclima.com\\\/ch\\\/#\\\/schema\\\/person\\\/b3490e20200d5d45b8d56f555ceffc21\"},\"headline\":\"Serie \u2013 Grenzen der Innend\u00e4mmung (6) : Was passiert mit der Bestandswand?\",\"datePublished\":\"2012-08-11T04:30:48+00:00\",\"mainEntityOfPage\":{\"@id\":\"https:\\\/\\\/blog.proclima.com\\\/ch\\\/2012\\\/08\\\/11\\\/serie-6-innendaemmung\\\/\"},\"wordCount\":211,\"commentCount\":0,\"publisher\":{\"@id\":\"https:\\\/\\\/blog.proclima.com\\\/ch\\\/#organization\"},\"keywords\":[\"Bestandswand\",\"Innend\u00e4mmung\",\"Innenputz\"],\"inLanguage\":\"de\",\"potentialAction\":[{\"@type\":\"CommentAction\",\"name\":\"Comment\",\"target\":[\"https:\\\/\\\/blog.proclima.com\\\/ch\\\/2012\\\/08\\\/11\\\/serie-6-innendaemmung\\\/#respond\"]}]},{\"@type\":\"WebPage\",\"@id\":\"https:\\\/\\\/blog.proclima.com\\\/ch\\\/2012\\\/08\\\/11\\\/serie-6-innendaemmung\\\/\",\"url\":\"https:\\\/\\\/blog.proclima.com\\\/ch\\\/2012\\\/08\\\/11\\\/serie-6-innendaemmung\\\/\",\"name\":\"Serie \u2013 Grenzen der Innend\u00e4mmung (6) : Was passiert mit der Bestandswand? - pro clima Schweiz\",\"isPartOf\":{\"@id\":\"https:\\\/\\\/blog.proclima.com\\\/ch\\\/#website\"},\"datePublished\":\"2012-08-11T04:30:48+00:00\",\"breadcrumb\":{\"@id\":\"https:\\\/\\\/blog.proclima.com\\\/ch\\\/2012\\\/08\\\/11\\\/serie-6-innendaemmung\\\/#breadcrumb\"},\"inLanguage\":\"de\",\"potentialAction\":[{\"@type\":\"ReadAction\",\"target\":[\"https:\\\/\\\/blog.proclima.com\\\/ch\\\/2012\\\/08\\\/11\\\/serie-6-innendaemmung\\\/\"]}]},{\"@type\":\"BreadcrumbList\",\"@id\":\"https:\\\/\\\/blog.proclima.com\\\/ch\\\/2012\\\/08\\\/11\\\/serie-6-innendaemmung\\\/#breadcrumb\",\"itemListElement\":[{\"@type\":\"ListItem\",\"position\":1,\"name\":\"Startseite\",\"item\":\"https:\\\/\\\/blog.proclima.com\\\/ch\\\/\"},{\"@type\":\"ListItem\",\"position\":2,\"name\":\"Serie \u2013 Grenzen der Innend\u00e4mmung (6) : Was passiert mit der Bestandswand?\"}]},{\"@type\":\"WebSite\",\"@id\":\"https:\\\/\\\/blog.proclima.com\\\/ch\\\/#website\",\"url\":\"https:\\\/\\\/blog.proclima.com\\\/ch\\\/\",\"name\":\"pro clima Schweiz\",\"description\":\"das Blog\",\"publisher\":{\"@id\":\"https:\\\/\\\/blog.proclima.com\\\/ch\\\/#organization\"},\"potentialAction\":[{\"@type\":\"SearchAction\",\"target\":{\"@type\":\"EntryPoint\",\"urlTemplate\":\"https:\\\/\\\/blog.proclima.com\\\/ch\\\/?s={search_term_string}\"},\"query-input\":{\"@type\":\"PropertyValueSpecification\",\"valueRequired\":true,\"valueName\":\"search_term_string\"}}],\"inLanguage\":\"de\"},{\"@type\":\"Organization\",\"@id\":\"https:\\\/\\\/blog.proclima.com\\\/ch\\\/#organization\",\"name\":\"pro clima Schweiz\",\"url\":\"https:\\\/\\\/blog.proclima.com\\\/ch\\\/\",\"logo\":{\"@type\":\"ImageObject\",\"inLanguage\":\"de\",\"@id\":\"https:\\\/\\\/blog.proclima.com\\\/ch\\\/#\\\/schema\\\/logo\\\/image\\\/\",\"url\":\"https:\\\/\\\/blog.proclima.com\\\/ch\\\/files\\\/2025\\\/12\\\/logo_proclima_quadrat.png\",\"contentUrl\":\"https:\\\/\\\/blog.proclima.com\\\/ch\\\/files\\\/2025\\\/12\\\/logo_proclima_quadrat.png\",\"width\":1200,\"height\":1200,\"caption\":\"pro clima Schweiz\"},\"image\":{\"@id\":\"https:\\\/\\\/blog.proclima.com\\\/ch\\\/#\\\/schema\\\/logo\\\/image\\\/\"}},{\"@type\":\"Person\",\"@id\":\"https:\\\/\\\/blog.proclima.com\\\/ch\\\/#\\\/schema\\\/person\\\/b3490e20200d5d45b8d56f555ceffc21\",\"name\":\"Heide Merkel\",\"image\":{\"@type\":\"ImageObject\",\"inLanguage\":\"de\",\"@id\":\"https:\\\/\\\/secure.gravatar.com\\\/avatar\\\/a4a1c909701780173c0b7a635fb539f21128c8d654b77311c92e724657788582?s=96&d=blank&r=g\",\"url\":\"https:\\\/\\\/secure.gravatar.com\\\/avatar\\\/a4a1c909701780173c0b7a635fb539f21128c8d654b77311c92e724657788582?s=96&d=blank&r=g\",\"contentUrl\":\"https:\\\/\\\/secure.gravatar.com\\\/avatar\\\/a4a1c909701780173c0b7a635fb539f21128c8d654b77311c92e724657788582?s=96&d=blank&r=g\",\"caption\":\"Heide Merkel\"},\"description\":\"Fachjournalistin, Referentin, Steuerung Presse &amp; Digitale Medien bei Moll bau\u00f6kologische Produkte GmbH (pro clima). Als Japanologin und ausgebildete Redakteurin ist Heide eher zuf\u00e4llig in der Baubranche gelandet. Seit 2011 arbeitet sie f\u00fcr pro clima. Ihr Wissen zu effektiver Kommunikation gibt sie in Seminaren, Artikeln und Vortr\u00e4gen weiter. F\u00fcr den pro clima Blog, proclima.tv und das pro clima Bauradio interviewt sie interessante Menschen aus der Baubranche. Auf\u00a0 luftdichtheit-gepr\u00fcft.de bloggt Heide \u00fcber Leckagen, Luftdichtung und Qualit\u00e4ts\u00fcberpr\u00fcfung mit Blower-Door-Tests. Ihre Freizeit verbringt sie u.a. in den Vogesen, wo sie seit mehr als f\u00fcnf Jahren ein altes Bauernhaus saniert. Ihr neuestes Projekt:\u00a0 www.besser-als-marketing.de Hier gibt es Tipps, wie Unternehmen in der Baubranche ihre Sichtbarkeit erh\u00f6hen k\u00f6nnen. Die ersten Videos sind bereits online im Youtube Channel Wer mehr \u00fcber Heide Merkel erfahren m\u00f6chte, findet sie auf den g\u00e4ngigen Social Media Plattformen.\",\"url\":\"https:\\\/\\\/blog.proclima.com\\\/ch\\\/author\\\/gentner\\\/\"}]}<\/script>\n<!-- \/ Yoast SEO plugin. -->","yoast_head_json":{"title":"Serie \u2013 Grenzen der Innend\u00e4mmung (6) : Was passiert mit der Bestandswand?  - pro clima Schweiz","robots":{"index":"index","follow":"follow","max-snippet":"max-snippet:-1","max-image-preview":"max-image-preview:large","max-video-preview":"max-video-preview:-1"},"canonical":"https:\/\/blog.proclima.com\/ch\/2012\/08\/11\/serie-6-innendaemmung\/","og_locale":"de_DE","og_type":"article","og_title":"Serie \u2013 Grenzen der Innend\u00e4mmung (6) : Was passiert mit der Bestandswand?  - pro clima Schweiz","og_description":"Kritischster Punkt in Bezug auf den Feuchteanfall ist besonders die Grenzfl\u00e4che zwischen W\u00e4rmed\u00e4mmung und bestehender Wand. Vorhandene Fliesenbel\u00e4ge sind zu entfernen. Auch Tapetenreste oder dampfdichte ...","og_url":"https:\/\/blog.proclima.com\/ch\/2012\/08\/11\/serie-6-innendaemmung\/","og_site_name":"pro clima Schweiz","article_published_time":"2012-08-11T04:30:48+00:00","author":"Heide Merkel","twitter_card":"summary_large_image","twitter_misc":{"Verfasst von":"Heide Merkel","Gesch\u00e4tzte Lesezeit":"1\u00a0Minute"},"schema":{"@context":"https:\/\/schema.org","@graph":[{"@type":"Article","@id":"https:\/\/blog.proclima.com\/ch\/2012\/08\/11\/serie-6-innendaemmung\/#article","isPartOf":{"@id":"https:\/\/blog.proclima.com\/ch\/2012\/08\/11\/serie-6-innendaemmung\/"},"author":{"name":"Heide Merkel","@id":"https:\/\/blog.proclima.com\/ch\/#\/schema\/person\/b3490e20200d5d45b8d56f555ceffc21"},"headline":"Serie \u2013 Grenzen der Innend\u00e4mmung (6) : Was passiert mit der Bestandswand?","datePublished":"2012-08-11T04:30:48+00:00","mainEntityOfPage":{"@id":"https:\/\/blog.proclima.com\/ch\/2012\/08\/11\/serie-6-innendaemmung\/"},"wordCount":211,"commentCount":0,"publisher":{"@id":"https:\/\/blog.proclima.com\/ch\/#organization"},"keywords":["Bestandswand","Innend\u00e4mmung","Innenputz"],"inLanguage":"de","potentialAction":[{"@type":"CommentAction","name":"Comment","target":["https:\/\/blog.proclima.com\/ch\/2012\/08\/11\/serie-6-innendaemmung\/#respond"]}]},{"@type":"WebPage","@id":"https:\/\/blog.proclima.com\/ch\/2012\/08\/11\/serie-6-innendaemmung\/","url":"https:\/\/blog.proclima.com\/ch\/2012\/08\/11\/serie-6-innendaemmung\/","name":"Serie \u2013 Grenzen der Innend\u00e4mmung (6) : Was passiert mit der Bestandswand? - pro clima Schweiz","isPartOf":{"@id":"https:\/\/blog.proclima.com\/ch\/#website"},"datePublished":"2012-08-11T04:30:48+00:00","breadcrumb":{"@id":"https:\/\/blog.proclima.com\/ch\/2012\/08\/11\/serie-6-innendaemmung\/#breadcrumb"},"inLanguage":"de","potentialAction":[{"@type":"ReadAction","target":["https:\/\/blog.proclima.com\/ch\/2012\/08\/11\/serie-6-innendaemmung\/"]}]},{"@type":"BreadcrumbList","@id":"https:\/\/blog.proclima.com\/ch\/2012\/08\/11\/serie-6-innendaemmung\/#breadcrumb","itemListElement":[{"@type":"ListItem","position":1,"name":"Startseite","item":"https:\/\/blog.proclima.com\/ch\/"},{"@type":"ListItem","position":2,"name":"Serie \u2013 Grenzen der Innend\u00e4mmung (6) : Was passiert mit der Bestandswand?"}]},{"@type":"WebSite","@id":"https:\/\/blog.proclima.com\/ch\/#website","url":"https:\/\/blog.proclima.com\/ch\/","name":"pro clima Schweiz","description":"das Blog","publisher":{"@id":"https:\/\/blog.proclima.com\/ch\/#organization"},"potentialAction":[{"@type":"SearchAction","target":{"@type":"EntryPoint","urlTemplate":"https:\/\/blog.proclima.com\/ch\/?s={search_term_string}"},"query-input":{"@type":"PropertyValueSpecification","valueRequired":true,"valueName":"search_term_string"}}],"inLanguage":"de"},{"@type":"Organization","@id":"https:\/\/blog.proclima.com\/ch\/#organization","name":"pro clima Schweiz","url":"https:\/\/blog.proclima.com\/ch\/","logo":{"@type":"ImageObject","inLanguage":"de","@id":"https:\/\/blog.proclima.com\/ch\/#\/schema\/logo\/image\/","url":"https:\/\/blog.proclima.com\/ch\/files\/2025\/12\/logo_proclima_quadrat.png","contentUrl":"https:\/\/blog.proclima.com\/ch\/files\/2025\/12\/logo_proclima_quadrat.png","width":1200,"height":1200,"caption":"pro clima Schweiz"},"image":{"@id":"https:\/\/blog.proclima.com\/ch\/#\/schema\/logo\/image\/"}},{"@type":"Person","@id":"https:\/\/blog.proclima.com\/ch\/#\/schema\/person\/b3490e20200d5d45b8d56f555ceffc21","name":"Heide Merkel","image":{"@type":"ImageObject","inLanguage":"de","@id":"https:\/\/secure.gravatar.com\/avatar\/a4a1c909701780173c0b7a635fb539f21128c8d654b77311c92e724657788582?s=96&d=blank&r=g","url":"https:\/\/secure.gravatar.com\/avatar\/a4a1c909701780173c0b7a635fb539f21128c8d654b77311c92e724657788582?s=96&d=blank&r=g","contentUrl":"https:\/\/secure.gravatar.com\/avatar\/a4a1c909701780173c0b7a635fb539f21128c8d654b77311c92e724657788582?s=96&d=blank&r=g","caption":"Heide Merkel"},"description":"Fachjournalistin, Referentin, Steuerung Presse &amp; Digitale Medien bei Moll bau\u00f6kologische Produkte GmbH (pro clima). Als Japanologin und ausgebildete Redakteurin ist Heide eher zuf\u00e4llig in der Baubranche gelandet. Seit 2011 arbeitet sie f\u00fcr pro clima. Ihr Wissen zu effektiver Kommunikation gibt sie in Seminaren, Artikeln und Vortr\u00e4gen weiter. F\u00fcr den pro clima Blog, proclima.tv und das pro clima Bauradio interviewt sie interessante Menschen aus der Baubranche. Auf\u00a0 luftdichtheit-gepr\u00fcft.de bloggt Heide \u00fcber Leckagen, Luftdichtung und Qualit\u00e4ts\u00fcberpr\u00fcfung mit Blower-Door-Tests. Ihre Freizeit verbringt sie u.a. in den Vogesen, wo sie seit mehr als f\u00fcnf Jahren ein altes Bauernhaus saniert. Ihr neuestes Projekt:\u00a0 www.besser-als-marketing.de Hier gibt es Tipps, wie Unternehmen in der Baubranche ihre Sichtbarkeit erh\u00f6hen k\u00f6nnen. Die ersten Videos sind bereits online im Youtube Channel Wer mehr \u00fcber Heide Merkel erfahren m\u00f6chte, findet sie auf den g\u00e4ngigen Social Media Plattformen.","url":"https:\/\/blog.proclima.com\/ch\/author\/gentner\/"}]}},"_links":{"self":[{"href":"https:\/\/blog.proclima.com\/ch\/wp-json\/wp\/v2\/posts\/795","targetHints":{"allow":["GET"]}}],"collection":[{"href":"https:\/\/blog.proclima.com\/ch\/wp-json\/wp\/v2\/posts"}],"about":[{"href":"https:\/\/blog.proclima.com\/ch\/wp-json\/wp\/v2\/types\/post"}],"author":[{"embeddable":true,"href":"https:\/\/blog.proclima.com\/ch\/wp-json\/wp\/v2\/users\/18"}],"replies":[{"embeddable":true,"href":"https:\/\/blog.proclima.com\/ch\/wp-json\/wp\/v2\/comments?post=795"}],"version-history":[{"count":3,"href":"https:\/\/blog.proclima.com\/ch\/wp-json\/wp\/v2\/posts\/795\/revisions"}],"predecessor-version":[{"id":820,"href":"https:\/\/blog.proclima.com\/ch\/wp-json\/wp\/v2\/posts\/795\/revisions\/820"}],"wp:attachment":[{"href":"https:\/\/blog.proclima.com\/ch\/wp-json\/wp\/v2\/media?parent=795"}],"wp:term":[{"taxonomy":"category","embeddable":true,"href":"https:\/\/blog.proclima.com\/ch\/wp-json\/wp\/v2\/categories?post=795"},{"taxonomy":"post_tag","embeddable":true,"href":"https:\/\/blog.proclima.com\/ch\/wp-json\/wp\/v2\/tags?post=795"}],"curies":[{"name":"wp","href":"https:\/\/api.w.org\/{rel}","templated":true}]}}