
{"id":576,"date":"2012-04-18T17:55:52","date_gmt":"2012-04-18T15:55:52","guid":{"rendered":"http:\/\/blog.proclima.com\/ch\/?p=576"},"modified":"2012-04-30T10:13:07","modified_gmt":"2012-04-30T08:13:07","slug":"warentest-luftdichtung","status":"publish","type":"post","link":"https:\/\/blog.proclima.com\/ch\/2012\/04\/18\/warentest-luftdichtung\/","title":{"rendered":"Die beste Luftdichtung: pro clima ist Testsieger bei Stiftung Warentest"},"content":{"rendered":"<p><a href=\"http:\/\/www.test.de\/Dachdaemmung-Bloss-keine-Waermebruecke-4348205-4348207\/\" target=\"_blank\"><img loading=\"lazy\" decoding=\"async\" data-size=\"944x546\" class=\"alignleft size-medium wp-image-578\" src=\"http:\/\/blog.proclima.com\/ch\/files\/2012\/04\/stiftung-300x173.jpg\" alt=\"\" width=\"300\" height=\"173\" srcset=\"https:\/\/blog.proclima.com\/ch\/files\/2012\/04\/stiftung-300x173.jpg 300w, https:\/\/blog.proclima.com\/ch\/files\/2012\/04\/stiftung.jpg 944w\" sizes=\"auto, (max-width: 300px) 100vw, 300px\" \/><\/a>\u201eKein D\u00e4mmen ohne Abdichten: Folie und Klebematerialien von pro clima haben im Test am besten abgeschnitten\u201c \u2013 das schreibt die deutsche Stiftung Warentest in ihrer April 2012-Ausgabe. Die unabh\u00e4ngige Verbraucher-Zeitschrift hat f\u00fcr diesen Test mehrere D\u00e4mm- und Luftdichtungssysteme gekauft, untersucht und verglichen. Das Ergebnis: Bei den acht gepr\u00fcften Luftdichtungssystemen ist pro clima Testsieger (gut).<!--more--><\/p>\n<p>\u201e Dass wir das beste System im Test sind, freut uns nat\u00fcrlich riesig\u201c, sagt Architekt Oliver Goldau von pro clima, \u201emit dieser Untersuchung st\u00e4rkt Stiftung Warentest das Bewusstsein bei Wohnungs- und Hausbesitzern, dass f\u00fcr eine effektive und dauerhaft funktionierende W\u00e4rmed\u00e4mmung der Einbau einer Dampfbrems- und Luftdichtungsebene ganz entscheidend ist.\u201c Wer Heizkosten sparen und Bausch\u00e4den und Schimmel vermeiden m\u00f6chte, sollte dieses Zusammenspiel daher ber\u00fccksichtigen.<\/p>\n<p>Der Vorteil der pro clima Systeml\u00f6sungen \u00a0ist, dass sie sicher, praxisgerecht und fehlertolerant sind. Dar\u00fcber hinaus werden Anwendern ein umfangreicher Service angeboten. Goldau: \u201eEin gutes System hat unserer Meinung nach die besten Chancen zur nachhaltigen L\u00f6sung zu werden, wenn es mit dem passenden Serviceangebot erg\u00e4nzt wird.\u201c<\/p>\n<p>Daher hat pro clima unter anderem die Technik-Hotline: Ingenieure aus Bauwesen, Holzbau und Architekten beraten zu allen Fragen zur sicheren Dichtung der Geb\u00e4udeh\u00fclle. Au\u00dferdem unterst\u00fctzt pro clima das Projekt WISSEN Wiki, das freie Expertenforum im Internet f\u00fcr eine energieeffiziente und wohngesunde Welt von morgen. Die schweizer Technikhotline ist unter\u00a0Fon +41 (0) 52 543 05 50 erreichbar oder per E-Mail: <a href=\"mailto:technik@proclima.ch\" target=\"_blank\">technik@proclima.ch<\/a><\/p>\n<p>\u00dcberblick \u00fcber die pro clima Initiativen, Systeme und Serviceangebote gibt es auch im Bau- und Sanierungshandbuch WISSEN 2012\/13, das kostenlos unter +41 (0) 52 \u2013 54 30 650, per E-Mail <a href=\"mailto:info@proclima.ch\" target=\"_blank\">info@proclima.ch<\/a><a href=\"mailto:davide.ferrazzo@proclima.ch\">a.ch<\/a>\u00a0\u00a0und mit <a href=\"https:\/\/www.proclima.biz\/co\/CH\/de\/weissen2010-11_bestellen.html\" target=\"_blank\">diesem Formular <\/a>bestellt werden kann.<\/p>\n<p>Der komplette Testbericht von Stiftung Warentest ist online abrufbar unter <a href=\"http:\/\/www.test.de\/themen\/haus-garten\/test\/Dachdaemmung-Bloss-keine-Waermebruecke-4348205-4348207\/\">http:\/\/www.test.de\/themen\/haus-garten\/test\/Dachdaemmung-Bloss-keine-Waermebruecke-4348205-4348207\/.<\/a><\/p>\n<p>Das Heft ist online unter <a href=\"http:\/\/www.test.de\/shop\/test-hefte\/aktuell\/\">http:\/\/www.test.de\/shop\/test-hefte\/aktuell\/ <\/a>verf\u00fcgbar.<\/p>\n","protected":false},"excerpt":{"rendered":"<p>\u201eKein D\u00e4mmen ohne Abdichten: Folie und Klebematerialien von pro clima haben im Test am besten abgeschnitten\u201c \u2013 das schreibt die deutsche Stiftung Warentest in ihrer <a href=\"https:\/\/blog.proclima.com\/ch\/2012\/04\/18\/warentest-luftdichtung\/\" rel=\"bookmark\">&#8230;<\/a><\/p>\n","protected":false},"author":18,"featured_media":0,"comment_status":"open","ping_status":"open","sticky":false,"template":"","format":"standard","meta":{"footnotes":""},"categories":[3],"tags":[189,58,190,191],"class_list":["post-576","post","type-post","status-publish","format-standard","hentry","category-pro-clima","tag-beste-luftdichtung","tag-intello","tag-stiftung-warentest","tag-verbrauchertest"],"yoast_head":"<!-- This site is optimized with the Yoast SEO plugin v27.5 - https:\/\/yoast.com\/product\/yoast-seo-wordpress\/ -->\n<title>Die beste Luftdichtung: pro clima ist Testsieger bei Stiftung Warentest - pro clima Schweiz<\/title>\n<meta name=\"robots\" content=\"index, follow, max-snippet:-1, max-image-preview:large, max-video-preview:-1\" \/>\n<link rel=\"canonical\" href=\"https:\/\/blog.proclima.com\/ch\/2012\/04\/18\/warentest-luftdichtung\/\" \/>\n<meta property=\"og:locale\" content=\"de_DE\" \/>\n<meta property=\"og:type\" content=\"article\" \/>\n<meta property=\"og:title\" content=\"Die beste Luftdichtung: pro clima ist Testsieger bei Stiftung Warentest - pro clima Schweiz\" \/>\n<meta property=\"og:description\" content=\"\u201eKein D\u00e4mmen ohne Abdichten: Folie und Klebematerialien von pro clima haben im Test am besten abgeschnitten\u201c \u2013 das schreibt die deutsche Stiftung Warentest in ihrer ...\" \/>\n<meta property=\"og:url\" content=\"https:\/\/blog.proclima.com\/ch\/2012\/04\/18\/warentest-luftdichtung\/\" \/>\n<meta property=\"og:site_name\" content=\"pro clima Schweiz\" \/>\n<meta property=\"article:published_time\" content=\"2012-04-18T15:55:52+00:00\" \/>\n<meta property=\"article:modified_time\" content=\"2012-04-30T08:13:07+00:00\" \/>\n<meta property=\"og:image\" content=\"http:\/\/blog.proclima.com\/ch\/files\/2012\/04\/stiftung-300x173.jpg\" \/>\n<meta name=\"author\" content=\"Heide Merkel\" \/>\n<meta name=\"twitter:card\" content=\"summary_large_image\" \/>\n<meta name=\"twitter:label1\" content=\"Verfasst von\" \/>\n\t<meta name=\"twitter:data1\" content=\"Heide Merkel\" \/>\n\t<meta name=\"twitter:label2\" content=\"Gesch\u00e4tzte Lesezeit\" \/>\n\t<meta name=\"twitter:data2\" content=\"2\u00a0Minuten\" \/>\n<script type=\"application\/ld+json\" class=\"yoast-schema-graph\">{\"@context\":\"https:\\\/\\\/schema.org\",\"@graph\":[{\"@type\":\"Article\",\"@id\":\"https:\\\/\\\/blog.proclima.com\\\/ch\\\/2012\\\/04\\\/18\\\/warentest-luftdichtung\\\/#article\",\"isPartOf\":{\"@id\":\"https:\\\/\\\/blog.proclima.com\\\/ch\\\/2012\\\/04\\\/18\\\/warentest-luftdichtung\\\/\"},\"author\":{\"name\":\"Heide Merkel\",\"@id\":\"https:\\\/\\\/blog.proclima.com\\\/ch\\\/#\\\/schema\\\/person\\\/b3490e20200d5d45b8d56f555ceffc21\"},\"headline\":\"Die beste Luftdichtung: pro clima ist Testsieger bei Stiftung Warentest\",\"datePublished\":\"2012-04-18T15:55:52+00:00\",\"dateModified\":\"2012-04-30T08:13:07+00:00\",\"mainEntityOfPage\":{\"@id\":\"https:\\\/\\\/blog.proclima.com\\\/ch\\\/2012\\\/04\\\/18\\\/warentest-luftdichtung\\\/\"},\"wordCount\":317,\"commentCount\":0,\"publisher\":{\"@id\":\"https:\\\/\\\/blog.proclima.com\\\/ch\\\/#organization\"},\"image\":{\"@id\":\"https:\\\/\\\/blog.proclima.com\\\/ch\\\/2012\\\/04\\\/18\\\/warentest-luftdichtung\\\/#primaryimage\"},\"thumbnailUrl\":\"http:\\\/\\\/blog.proclima.com\\\/ch\\\/files\\\/2012\\\/04\\\/stiftung-300x173.jpg\",\"keywords\":[\"Beste Luftdichtung\",\"intello\",\"Stiftung Warentest\",\"Verbrauchertest\"],\"articleSection\":[\"pro clima\"],\"inLanguage\":\"de\",\"potentialAction\":[{\"@type\":\"CommentAction\",\"name\":\"Comment\",\"target\":[\"https:\\\/\\\/blog.proclima.com\\\/ch\\\/2012\\\/04\\\/18\\\/warentest-luftdichtung\\\/#respond\"]}]},{\"@type\":\"WebPage\",\"@id\":\"https:\\\/\\\/blog.proclima.com\\\/ch\\\/2012\\\/04\\\/18\\\/warentest-luftdichtung\\\/\",\"url\":\"https:\\\/\\\/blog.proclima.com\\\/ch\\\/2012\\\/04\\\/18\\\/warentest-luftdichtung\\\/\",\"name\":\"Die beste Luftdichtung: pro clima ist Testsieger bei Stiftung Warentest - pro clima Schweiz\",\"isPartOf\":{\"@id\":\"https:\\\/\\\/blog.proclima.com\\\/ch\\\/#website\"},\"primaryImageOfPage\":{\"@id\":\"https:\\\/\\\/blog.proclima.com\\\/ch\\\/2012\\\/04\\\/18\\\/warentest-luftdichtung\\\/#primaryimage\"},\"image\":{\"@id\":\"https:\\\/\\\/blog.proclima.com\\\/ch\\\/2012\\\/04\\\/18\\\/warentest-luftdichtung\\\/#primaryimage\"},\"thumbnailUrl\":\"http:\\\/\\\/blog.proclima.com\\\/ch\\\/files\\\/2012\\\/04\\\/stiftung-300x173.jpg\",\"datePublished\":\"2012-04-18T15:55:52+00:00\",\"dateModified\":\"2012-04-30T08:13:07+00:00\",\"breadcrumb\":{\"@id\":\"https:\\\/\\\/blog.proclima.com\\\/ch\\\/2012\\\/04\\\/18\\\/warentest-luftdichtung\\\/#breadcrumb\"},\"inLanguage\":\"de\",\"potentialAction\":[{\"@type\":\"ReadAction\",\"target\":[\"https:\\\/\\\/blog.proclima.com\\\/ch\\\/2012\\\/04\\\/18\\\/warentest-luftdichtung\\\/\"]}]},{\"@type\":\"ImageObject\",\"inLanguage\":\"de\",\"@id\":\"https:\\\/\\\/blog.proclima.com\\\/ch\\\/2012\\\/04\\\/18\\\/warentest-luftdichtung\\\/#primaryimage\",\"url\":\"http:\\\/\\\/blog.proclima.com\\\/ch\\\/files\\\/2012\\\/04\\\/stiftung-300x173.jpg\",\"contentUrl\":\"http:\\\/\\\/blog.proclima.com\\\/ch\\\/files\\\/2012\\\/04\\\/stiftung-300x173.jpg\"},{\"@type\":\"BreadcrumbList\",\"@id\":\"https:\\\/\\\/blog.proclima.com\\\/ch\\\/2012\\\/04\\\/18\\\/warentest-luftdichtung\\\/#breadcrumb\",\"itemListElement\":[{\"@type\":\"ListItem\",\"position\":1,\"name\":\"Startseite\",\"item\":\"https:\\\/\\\/blog.proclima.com\\\/ch\\\/\"},{\"@type\":\"ListItem\",\"position\":2,\"name\":\"Die beste Luftdichtung: pro clima ist Testsieger bei Stiftung Warentest\"}]},{\"@type\":\"WebSite\",\"@id\":\"https:\\\/\\\/blog.proclima.com\\\/ch\\\/#website\",\"url\":\"https:\\\/\\\/blog.proclima.com\\\/ch\\\/\",\"name\":\"pro clima Schweiz\",\"description\":\"das Blog\",\"publisher\":{\"@id\":\"https:\\\/\\\/blog.proclima.com\\\/ch\\\/#organization\"},\"potentialAction\":[{\"@type\":\"SearchAction\",\"target\":{\"@type\":\"EntryPoint\",\"urlTemplate\":\"https:\\\/\\\/blog.proclima.com\\\/ch\\\/?s={search_term_string}\"},\"query-input\":{\"@type\":\"PropertyValueSpecification\",\"valueRequired\":true,\"valueName\":\"search_term_string\"}}],\"inLanguage\":\"de\"},{\"@type\":\"Organization\",\"@id\":\"https:\\\/\\\/blog.proclima.com\\\/ch\\\/#organization\",\"name\":\"pro clima Schweiz\",\"url\":\"https:\\\/\\\/blog.proclima.com\\\/ch\\\/\",\"logo\":{\"@type\":\"ImageObject\",\"inLanguage\":\"de\",\"@id\":\"https:\\\/\\\/blog.proclima.com\\\/ch\\\/#\\\/schema\\\/logo\\\/image\\\/\",\"url\":\"https:\\\/\\\/blog.proclima.com\\\/ch\\\/files\\\/2025\\\/12\\\/logo_proclima_quadrat.png\",\"contentUrl\":\"https:\\\/\\\/blog.proclima.com\\\/ch\\\/files\\\/2025\\\/12\\\/logo_proclima_quadrat.png\",\"width\":1200,\"height\":1200,\"caption\":\"pro clima Schweiz\"},\"image\":{\"@id\":\"https:\\\/\\\/blog.proclima.com\\\/ch\\\/#\\\/schema\\\/logo\\\/image\\\/\"}},{\"@type\":\"Person\",\"@id\":\"https:\\\/\\\/blog.proclima.com\\\/ch\\\/#\\\/schema\\\/person\\\/b3490e20200d5d45b8d56f555ceffc21\",\"name\":\"Heide Merkel\",\"image\":{\"@type\":\"ImageObject\",\"inLanguage\":\"de\",\"@id\":\"https:\\\/\\\/secure.gravatar.com\\\/avatar\\\/a4a1c909701780173c0b7a635fb539f21128c8d654b77311c92e724657788582?s=96&d=blank&r=g\",\"url\":\"https:\\\/\\\/secure.gravatar.com\\\/avatar\\\/a4a1c909701780173c0b7a635fb539f21128c8d654b77311c92e724657788582?s=96&d=blank&r=g\",\"contentUrl\":\"https:\\\/\\\/secure.gravatar.com\\\/avatar\\\/a4a1c909701780173c0b7a635fb539f21128c8d654b77311c92e724657788582?s=96&d=blank&r=g\",\"caption\":\"Heide Merkel\"},\"description\":\"Fachjournalistin, Referentin, Steuerung Presse &amp; Digitale Medien bei Moll bau\u00f6kologische Produkte GmbH (pro clima). Als Japanologin und ausgebildete Redakteurin ist Heide eher zuf\u00e4llig in der Baubranche gelandet. Seit 2011 arbeitet sie f\u00fcr pro clima. Ihr Wissen zu effektiver Kommunikation gibt sie in Seminaren, Artikeln und Vortr\u00e4gen weiter. F\u00fcr den pro clima Blog, proclima.tv und das pro clima Bauradio interviewt sie interessante Menschen aus der Baubranche. Auf\u00a0 luftdichtheit-gepr\u00fcft.de bloggt Heide \u00fcber Leckagen, Luftdichtung und Qualit\u00e4ts\u00fcberpr\u00fcfung mit Blower-Door-Tests. Ihre Freizeit verbringt sie u.a. in den Vogesen, wo sie seit mehr als f\u00fcnf Jahren ein altes Bauernhaus saniert. Ihr neuestes Projekt:\u00a0 www.besser-als-marketing.de Hier gibt es Tipps, wie Unternehmen in der Baubranche ihre Sichtbarkeit erh\u00f6hen k\u00f6nnen. Die ersten Videos sind bereits online im Youtube Channel Wer mehr \u00fcber Heide Merkel erfahren m\u00f6chte, findet sie auf den g\u00e4ngigen Social Media Plattformen.\",\"url\":\"https:\\\/\\\/blog.proclima.com\\\/ch\\\/author\\\/gentner\\\/\"}]}<\/script>\n<!-- \/ Yoast SEO plugin. -->","yoast_head_json":{"title":"Die beste Luftdichtung: pro clima ist Testsieger bei Stiftung Warentest - pro clima Schweiz","robots":{"index":"index","follow":"follow","max-snippet":"max-snippet:-1","max-image-preview":"max-image-preview:large","max-video-preview":"max-video-preview:-1"},"canonical":"https:\/\/blog.proclima.com\/ch\/2012\/04\/18\/warentest-luftdichtung\/","og_locale":"de_DE","og_type":"article","og_title":"Die beste Luftdichtung: pro clima ist Testsieger bei Stiftung Warentest - pro clima Schweiz","og_description":"\u201eKein D\u00e4mmen ohne Abdichten: Folie und Klebematerialien von pro clima haben im Test am besten abgeschnitten\u201c \u2013 das schreibt die deutsche Stiftung Warentest in ihrer ...","og_url":"https:\/\/blog.proclima.com\/ch\/2012\/04\/18\/warentest-luftdichtung\/","og_site_name":"pro clima Schweiz","article_published_time":"2012-04-18T15:55:52+00:00","article_modified_time":"2012-04-30T08:13:07+00:00","og_image":[{"url":"http:\/\/blog.proclima.com\/ch\/files\/2012\/04\/stiftung-300x173.jpg","type":"","width":"","height":""}],"author":"Heide Merkel","twitter_card":"summary_large_image","twitter_misc":{"Verfasst von":"Heide Merkel","Gesch\u00e4tzte Lesezeit":"2\u00a0Minuten"},"schema":{"@context":"https:\/\/schema.org","@graph":[{"@type":"Article","@id":"https:\/\/blog.proclima.com\/ch\/2012\/04\/18\/warentest-luftdichtung\/#article","isPartOf":{"@id":"https:\/\/blog.proclima.com\/ch\/2012\/04\/18\/warentest-luftdichtung\/"},"author":{"name":"Heide Merkel","@id":"https:\/\/blog.proclima.com\/ch\/#\/schema\/person\/b3490e20200d5d45b8d56f555ceffc21"},"headline":"Die beste Luftdichtung: pro clima ist Testsieger bei Stiftung Warentest","datePublished":"2012-04-18T15:55:52+00:00","dateModified":"2012-04-30T08:13:07+00:00","mainEntityOfPage":{"@id":"https:\/\/blog.proclima.com\/ch\/2012\/04\/18\/warentest-luftdichtung\/"},"wordCount":317,"commentCount":0,"publisher":{"@id":"https:\/\/blog.proclima.com\/ch\/#organization"},"image":{"@id":"https:\/\/blog.proclima.com\/ch\/2012\/04\/18\/warentest-luftdichtung\/#primaryimage"},"thumbnailUrl":"http:\/\/blog.proclima.com\/ch\/files\/2012\/04\/stiftung-300x173.jpg","keywords":["Beste Luftdichtung","intello","Stiftung Warentest","Verbrauchertest"],"articleSection":["pro clima"],"inLanguage":"de","potentialAction":[{"@type":"CommentAction","name":"Comment","target":["https:\/\/blog.proclima.com\/ch\/2012\/04\/18\/warentest-luftdichtung\/#respond"]}]},{"@type":"WebPage","@id":"https:\/\/blog.proclima.com\/ch\/2012\/04\/18\/warentest-luftdichtung\/","url":"https:\/\/blog.proclima.com\/ch\/2012\/04\/18\/warentest-luftdichtung\/","name":"Die beste Luftdichtung: pro clima ist Testsieger bei Stiftung Warentest - pro clima Schweiz","isPartOf":{"@id":"https:\/\/blog.proclima.com\/ch\/#website"},"primaryImageOfPage":{"@id":"https:\/\/blog.proclima.com\/ch\/2012\/04\/18\/warentest-luftdichtung\/#primaryimage"},"image":{"@id":"https:\/\/blog.proclima.com\/ch\/2012\/04\/18\/warentest-luftdichtung\/#primaryimage"},"thumbnailUrl":"http:\/\/blog.proclima.com\/ch\/files\/2012\/04\/stiftung-300x173.jpg","datePublished":"2012-04-18T15:55:52+00:00","dateModified":"2012-04-30T08:13:07+00:00","breadcrumb":{"@id":"https:\/\/blog.proclima.com\/ch\/2012\/04\/18\/warentest-luftdichtung\/#breadcrumb"},"inLanguage":"de","potentialAction":[{"@type":"ReadAction","target":["https:\/\/blog.proclima.com\/ch\/2012\/04\/18\/warentest-luftdichtung\/"]}]},{"@type":"ImageObject","inLanguage":"de","@id":"https:\/\/blog.proclima.com\/ch\/2012\/04\/18\/warentest-luftdichtung\/#primaryimage","url":"http:\/\/blog.proclima.com\/ch\/files\/2012\/04\/stiftung-300x173.jpg","contentUrl":"http:\/\/blog.proclima.com\/ch\/files\/2012\/04\/stiftung-300x173.jpg"},{"@type":"BreadcrumbList","@id":"https:\/\/blog.proclima.com\/ch\/2012\/04\/18\/warentest-luftdichtung\/#breadcrumb","itemListElement":[{"@type":"ListItem","position":1,"name":"Startseite","item":"https:\/\/blog.proclima.com\/ch\/"},{"@type":"ListItem","position":2,"name":"Die beste Luftdichtung: pro clima ist Testsieger bei Stiftung Warentest"}]},{"@type":"WebSite","@id":"https:\/\/blog.proclima.com\/ch\/#website","url":"https:\/\/blog.proclima.com\/ch\/","name":"pro clima Schweiz","description":"das Blog","publisher":{"@id":"https:\/\/blog.proclima.com\/ch\/#organization"},"potentialAction":[{"@type":"SearchAction","target":{"@type":"EntryPoint","urlTemplate":"https:\/\/blog.proclima.com\/ch\/?s={search_term_string}"},"query-input":{"@type":"PropertyValueSpecification","valueRequired":true,"valueName":"search_term_string"}}],"inLanguage":"de"},{"@type":"Organization","@id":"https:\/\/blog.proclima.com\/ch\/#organization","name":"pro clima Schweiz","url":"https:\/\/blog.proclima.com\/ch\/","logo":{"@type":"ImageObject","inLanguage":"de","@id":"https:\/\/blog.proclima.com\/ch\/#\/schema\/logo\/image\/","url":"https:\/\/blog.proclima.com\/ch\/files\/2025\/12\/logo_proclima_quadrat.png","contentUrl":"https:\/\/blog.proclima.com\/ch\/files\/2025\/12\/logo_proclima_quadrat.png","width":1200,"height":1200,"caption":"pro clima Schweiz"},"image":{"@id":"https:\/\/blog.proclima.com\/ch\/#\/schema\/logo\/image\/"}},{"@type":"Person","@id":"https:\/\/blog.proclima.com\/ch\/#\/schema\/person\/b3490e20200d5d45b8d56f555ceffc21","name":"Heide Merkel","image":{"@type":"ImageObject","inLanguage":"de","@id":"https:\/\/secure.gravatar.com\/avatar\/a4a1c909701780173c0b7a635fb539f21128c8d654b77311c92e724657788582?s=96&d=blank&r=g","url":"https:\/\/secure.gravatar.com\/avatar\/a4a1c909701780173c0b7a635fb539f21128c8d654b77311c92e724657788582?s=96&d=blank&r=g","contentUrl":"https:\/\/secure.gravatar.com\/avatar\/a4a1c909701780173c0b7a635fb539f21128c8d654b77311c92e724657788582?s=96&d=blank&r=g","caption":"Heide Merkel"},"description":"Fachjournalistin, Referentin, Steuerung Presse &amp; Digitale Medien bei Moll bau\u00f6kologische Produkte GmbH (pro clima). Als Japanologin und ausgebildete Redakteurin ist Heide eher zuf\u00e4llig in der Baubranche gelandet. Seit 2011 arbeitet sie f\u00fcr pro clima. Ihr Wissen zu effektiver Kommunikation gibt sie in Seminaren, Artikeln und Vortr\u00e4gen weiter. F\u00fcr den pro clima Blog, proclima.tv und das pro clima Bauradio interviewt sie interessante Menschen aus der Baubranche. Auf\u00a0 luftdichtheit-gepr\u00fcft.de bloggt Heide \u00fcber Leckagen, Luftdichtung und Qualit\u00e4ts\u00fcberpr\u00fcfung mit Blower-Door-Tests. Ihre Freizeit verbringt sie u.a. in den Vogesen, wo sie seit mehr als f\u00fcnf Jahren ein altes Bauernhaus saniert. Ihr neuestes Projekt:\u00a0 www.besser-als-marketing.de Hier gibt es Tipps, wie Unternehmen in der Baubranche ihre Sichtbarkeit erh\u00f6hen k\u00f6nnen. Die ersten Videos sind bereits online im Youtube Channel Wer mehr \u00fcber Heide Merkel erfahren m\u00f6chte, findet sie auf den g\u00e4ngigen Social Media Plattformen.","url":"https:\/\/blog.proclima.com\/ch\/author\/gentner\/"}]}},"_links":{"self":[{"href":"https:\/\/blog.proclima.com\/ch\/wp-json\/wp\/v2\/posts\/576","targetHints":{"allow":["GET"]}}],"collection":[{"href":"https:\/\/blog.proclima.com\/ch\/wp-json\/wp\/v2\/posts"}],"about":[{"href":"https:\/\/blog.proclima.com\/ch\/wp-json\/wp\/v2\/types\/post"}],"author":[{"embeddable":true,"href":"https:\/\/blog.proclima.com\/ch\/wp-json\/wp\/v2\/users\/18"}],"replies":[{"embeddable":true,"href":"https:\/\/blog.proclima.com\/ch\/wp-json\/wp\/v2\/comments?post=576"}],"version-history":[{"count":6,"href":"https:\/\/blog.proclima.com\/ch\/wp-json\/wp\/v2\/posts\/576\/revisions"}],"predecessor-version":[{"id":600,"href":"https:\/\/blog.proclima.com\/ch\/wp-json\/wp\/v2\/posts\/576\/revisions\/600"}],"wp:attachment":[{"href":"https:\/\/blog.proclima.com\/ch\/wp-json\/wp\/v2\/media?parent=576"}],"wp:term":[{"taxonomy":"category","embeddable":true,"href":"https:\/\/blog.proclima.com\/ch\/wp-json\/wp\/v2\/categories?post=576"},{"taxonomy":"post_tag","embeddable":true,"href":"https:\/\/blog.proclima.com\/ch\/wp-json\/wp\/v2\/tags?post=576"}],"curies":[{"name":"wp","href":"https:\/\/api.w.org\/{rel}","templated":true}]}}