
{"id":457,"date":"2012-01-26T11:59:55","date_gmt":"2012-01-26T10:59:55","guid":{"rendered":"http:\/\/blog.proclima.com\/ch\/?p=457"},"modified":"2012-01-26T08:07:54","modified_gmt":"2012-01-26T07:07:54","slug":"wohngesundheit-%e2%80%9eluftdichtheit-der-schlussel-zu-wohngesundheit-energieeffizienz-und-schutz-vor-bauschaden","status":"publish","type":"post","link":"https:\/\/blog.proclima.com\/ch\/2012\/01\/26\/wohngesundheit-%e2%80%9eluftdichtheit-der-schlussel-zu-wohngesundheit-energieeffizienz-und-schutz-vor-bauschaden\/","title":{"rendered":"Fachartikel in neuem Buch zur Wohngesundheit: \u201eLuftdichtheit \u2013 Der Schl\u00fcssel zu Wohngesundheit, Energieeffizienz und Schutz vor Bausch\u00e4den\u201c."},"content":{"rendered":"<p><a href=\"http:\/\/www.exlibris.ch\/buecher-buch\/deutschsprachige-buecher\/peter-bachmann-matthias-lange\/mit-sicherheit-gesund-bauen\/?id=9783834814500\"><img loading=\"lazy\" decoding=\"async\" class=\"alignleft\" src=\"http:\/\/blog.proclima.com\/de\/files\/2011\/12\/buch-150x150.jpg\" alt=\"\" width=\"150\" height=\"150\" \/><\/a>Warum Luftdichtheit der Schl\u00fcssel zu Wohngesundheit ist, gleichzeitig Energie spart und vor Bausch\u00e4den sch\u00fctzt \u2013 das hat pro clima-Gr\u00fcnder Lothar Moll in einem Fachartikel beschrieben, der nun in dem neuen Buch \u201eMit Sicherheit gesund bauen \u2013 Fakten, Argumente und Strategien f\u00fcr das gesunde Bauen und Wohnen\u201c\u00a0 ver\u00f6ffentlicht worden ist.<\/p>\n<p><!--more-->\u00a0Die Autoren des Fachbuchs befassen sich mit verschiedenen Aspekten der Wohngesundheit. Thema ist neben Luftdichtung und wohngesundes Bauen auch der rechtliche Aspekt.<img decoding=\"async\" src=\"http:\/\/blog.proclima.com\/de\/wp-includes\/js\/tinymce\/plugins\/wordpress\/img\/trans.gif\" alt=\"\" \/><\/p>\n<p>Initiiert wurde die Publikation unter anderem von Peter Bachmann, dem Gesch\u00e4ftsf\u00fchrer und Gr\u00fcnder des Sentinel-Haus Instituts in Deutschland. Das Buch kostet im Handel 47,90 Fr.<\/p>\n<p>&nbsp;<\/p>\n","protected":false},"excerpt":{"rendered":"<p>Warum Luftdichtheit der Schl\u00fcssel zu Wohngesundheit ist, gleichzeitig Energie spart und vor Bausch\u00e4den sch\u00fctzt \u2013 das hat pro clima-Gr\u00fcnder Lothar Moll in einem Fachartikel beschrieben, <a href=\"https:\/\/blog.proclima.com\/ch\/2012\/01\/26\/wohngesundheit-%e2%80%9eluftdichtheit-der-schlussel-zu-wohngesundheit-energieeffizienz-und-schutz-vor-bauschaden\/\" rel=\"bookmark\">&#8230;<\/a><\/p>\n","protected":false},"author":18,"featured_media":0,"comment_status":"open","ping_status":"open","sticky":false,"template":"","format":"standard","meta":{"footnotes":""},"categories":[1],"tags":[175,173,51,174],"class_list":["post-457","post","type-post","status-publish","format-standard","hentry","category-allgemein","tag-bauen","tag-fachbuch","tag-luftdichtheit","tag-wohngesundheit"],"yoast_head":"<!-- This site is optimized with the Yoast SEO plugin v27.5 - https:\/\/yoast.com\/product\/yoast-seo-wordpress\/ -->\n<title>Fachartikel in neuem Buch zur Wohngesundheit: \u201eLuftdichtheit \u2013 Der Schl\u00fcssel zu Wohngesundheit, Energieeffizienz und Schutz vor Bausch\u00e4den\u201c. - pro clima Schweiz<\/title>\n<meta name=\"robots\" content=\"index, follow, max-snippet:-1, max-image-preview:large, max-video-preview:-1\" \/>\n<link rel=\"canonical\" href=\"https:\/\/blog.proclima.com\/ch\/2012\/01\/26\/wohngesundheit-\u201eluftdichtheit-der-schlussel-zu-wohngesundheit-energieeffizienz-und-schutz-vor-bauschaden\/\" \/>\n<meta property=\"og:locale\" content=\"de_DE\" \/>\n<meta property=\"og:type\" content=\"article\" \/>\n<meta property=\"og:title\" content=\"Fachartikel in neuem Buch zur Wohngesundheit: \u201eLuftdichtheit \u2013 Der Schl\u00fcssel zu Wohngesundheit, Energieeffizienz und Schutz vor Bausch\u00e4den\u201c. - pro clima Schweiz\" \/>\n<meta property=\"og:description\" content=\"Warum Luftdichtheit der Schl\u00fcssel zu Wohngesundheit ist, gleichzeitig Energie spart und vor Bausch\u00e4den sch\u00fctzt \u2013 das hat pro clima-Gr\u00fcnder Lothar Moll in einem Fachartikel beschrieben, ...\" \/>\n<meta property=\"og:url\" content=\"https:\/\/blog.proclima.com\/ch\/2012\/01\/26\/wohngesundheit-\u201eluftdichtheit-der-schlussel-zu-wohngesundheit-energieeffizienz-und-schutz-vor-bauschaden\/\" \/>\n<meta property=\"og:site_name\" content=\"pro clima Schweiz\" \/>\n<meta property=\"article:published_time\" content=\"2012-01-26T10:59:55+00:00\" \/>\n<meta property=\"og:image\" content=\"http:\/\/blog.proclima.com\/de\/files\/2011\/12\/buch-150x150.jpg\" \/>\n<meta name=\"author\" content=\"Heide Merkel\" \/>\n<meta name=\"twitter:card\" content=\"summary_large_image\" \/>\n<meta name=\"twitter:label1\" content=\"Verfasst von\" \/>\n\t<meta name=\"twitter:data1\" content=\"Heide Merkel\" \/>\n\t<meta name=\"twitter:label2\" content=\"Gesch\u00e4tzte Lesezeit\" \/>\n\t<meta name=\"twitter:data2\" content=\"1\u00a0Minute\" \/>\n<script type=\"application\/ld+json\" class=\"yoast-schema-graph\">{\"@context\":\"https:\\\/\\\/schema.org\",\"@graph\":[{\"@type\":\"Article\",\"@id\":\"https:\\\/\\\/blog.proclima.com\\\/ch\\\/2012\\\/01\\\/26\\\/wohngesundheit-%e2%80%9eluftdichtheit-der-schlussel-zu-wohngesundheit-energieeffizienz-und-schutz-vor-bauschaden\\\/#article\",\"isPartOf\":{\"@id\":\"https:\\\/\\\/blog.proclima.com\\\/ch\\\/2012\\\/01\\\/26\\\/wohngesundheit-%e2%80%9eluftdichtheit-der-schlussel-zu-wohngesundheit-energieeffizienz-und-schutz-vor-bauschaden\\\/\"},\"author\":{\"name\":\"Heide Merkel\",\"@id\":\"https:\\\/\\\/blog.proclima.com\\\/ch\\\/#\\\/schema\\\/person\\\/b3490e20200d5d45b8d56f555ceffc21\"},\"headline\":\"Fachartikel in neuem Buch zur Wohngesundheit: \u201eLuftdichtheit \u2013 Der Schl\u00fcssel zu Wohngesundheit, Energieeffizienz und Schutz vor Bausch\u00e4den\u201c.\",\"datePublished\":\"2012-01-26T10:59:55+00:00\",\"mainEntityOfPage\":{\"@id\":\"https:\\\/\\\/blog.proclima.com\\\/ch\\\/2012\\\/01\\\/26\\\/wohngesundheit-%e2%80%9eluftdichtheit-der-schlussel-zu-wohngesundheit-energieeffizienz-und-schutz-vor-bauschaden\\\/\"},\"wordCount\":121,\"commentCount\":0,\"publisher\":{\"@id\":\"https:\\\/\\\/blog.proclima.com\\\/ch\\\/#organization\"},\"image\":{\"@id\":\"https:\\\/\\\/blog.proclima.com\\\/ch\\\/2012\\\/01\\\/26\\\/wohngesundheit-%e2%80%9eluftdichtheit-der-schlussel-zu-wohngesundheit-energieeffizienz-und-schutz-vor-bauschaden\\\/#primaryimage\"},\"thumbnailUrl\":\"http:\\\/\\\/blog.proclima.com\\\/de\\\/files\\\/2011\\\/12\\\/buch-150x150.jpg\",\"keywords\":[\"Bauen\",\"Fachbuch\",\"Luftdichtheit\",\"Wohngesundheit\"],\"inLanguage\":\"de\",\"potentialAction\":[{\"@type\":\"CommentAction\",\"name\":\"Comment\",\"target\":[\"https:\\\/\\\/blog.proclima.com\\\/ch\\\/2012\\\/01\\\/26\\\/wohngesundheit-%e2%80%9eluftdichtheit-der-schlussel-zu-wohngesundheit-energieeffizienz-und-schutz-vor-bauschaden\\\/#respond\"]}]},{\"@type\":\"WebPage\",\"@id\":\"https:\\\/\\\/blog.proclima.com\\\/ch\\\/2012\\\/01\\\/26\\\/wohngesundheit-%e2%80%9eluftdichtheit-der-schlussel-zu-wohngesundheit-energieeffizienz-und-schutz-vor-bauschaden\\\/\",\"url\":\"https:\\\/\\\/blog.proclima.com\\\/ch\\\/2012\\\/01\\\/26\\\/wohngesundheit-%e2%80%9eluftdichtheit-der-schlussel-zu-wohngesundheit-energieeffizienz-und-schutz-vor-bauschaden\\\/\",\"name\":\"Fachartikel in neuem Buch zur Wohngesundheit: \u201eLuftdichtheit \u2013 Der Schl\u00fcssel zu Wohngesundheit, Energieeffizienz und Schutz vor Bausch\u00e4den\u201c. - pro clima Schweiz\",\"isPartOf\":{\"@id\":\"https:\\\/\\\/blog.proclima.com\\\/ch\\\/#website\"},\"primaryImageOfPage\":{\"@id\":\"https:\\\/\\\/blog.proclima.com\\\/ch\\\/2012\\\/01\\\/26\\\/wohngesundheit-%e2%80%9eluftdichtheit-der-schlussel-zu-wohngesundheit-energieeffizienz-und-schutz-vor-bauschaden\\\/#primaryimage\"},\"image\":{\"@id\":\"https:\\\/\\\/blog.proclima.com\\\/ch\\\/2012\\\/01\\\/26\\\/wohngesundheit-%e2%80%9eluftdichtheit-der-schlussel-zu-wohngesundheit-energieeffizienz-und-schutz-vor-bauschaden\\\/#primaryimage\"},\"thumbnailUrl\":\"http:\\\/\\\/blog.proclima.com\\\/de\\\/files\\\/2011\\\/12\\\/buch-150x150.jpg\",\"datePublished\":\"2012-01-26T10:59:55+00:00\",\"breadcrumb\":{\"@id\":\"https:\\\/\\\/blog.proclima.com\\\/ch\\\/2012\\\/01\\\/26\\\/wohngesundheit-%e2%80%9eluftdichtheit-der-schlussel-zu-wohngesundheit-energieeffizienz-und-schutz-vor-bauschaden\\\/#breadcrumb\"},\"inLanguage\":\"de\",\"potentialAction\":[{\"@type\":\"ReadAction\",\"target\":[\"https:\\\/\\\/blog.proclima.com\\\/ch\\\/2012\\\/01\\\/26\\\/wohngesundheit-%e2%80%9eluftdichtheit-der-schlussel-zu-wohngesundheit-energieeffizienz-und-schutz-vor-bauschaden\\\/\"]}]},{\"@type\":\"ImageObject\",\"inLanguage\":\"de\",\"@id\":\"https:\\\/\\\/blog.proclima.com\\\/ch\\\/2012\\\/01\\\/26\\\/wohngesundheit-%e2%80%9eluftdichtheit-der-schlussel-zu-wohngesundheit-energieeffizienz-und-schutz-vor-bauschaden\\\/#primaryimage\",\"url\":\"http:\\\/\\\/blog.proclima.com\\\/de\\\/files\\\/2011\\\/12\\\/buch-150x150.jpg\",\"contentUrl\":\"http:\\\/\\\/blog.proclima.com\\\/de\\\/files\\\/2011\\\/12\\\/buch-150x150.jpg\"},{\"@type\":\"BreadcrumbList\",\"@id\":\"https:\\\/\\\/blog.proclima.com\\\/ch\\\/2012\\\/01\\\/26\\\/wohngesundheit-%e2%80%9eluftdichtheit-der-schlussel-zu-wohngesundheit-energieeffizienz-und-schutz-vor-bauschaden\\\/#breadcrumb\",\"itemListElement\":[{\"@type\":\"ListItem\",\"position\":1,\"name\":\"Startseite\",\"item\":\"https:\\\/\\\/blog.proclima.com\\\/ch\\\/\"},{\"@type\":\"ListItem\",\"position\":2,\"name\":\"Fachartikel in neuem Buch zur Wohngesundheit: \u201eLuftdichtheit \u2013 Der Schl\u00fcssel zu Wohngesundheit, Energieeffizienz und Schutz vor Bausch\u00e4den\u201c.\"}]},{\"@type\":\"WebSite\",\"@id\":\"https:\\\/\\\/blog.proclima.com\\\/ch\\\/#website\",\"url\":\"https:\\\/\\\/blog.proclima.com\\\/ch\\\/\",\"name\":\"pro clima Schweiz\",\"description\":\"das Blog\",\"publisher\":{\"@id\":\"https:\\\/\\\/blog.proclima.com\\\/ch\\\/#organization\"},\"potentialAction\":[{\"@type\":\"SearchAction\",\"target\":{\"@type\":\"EntryPoint\",\"urlTemplate\":\"https:\\\/\\\/blog.proclima.com\\\/ch\\\/?s={search_term_string}\"},\"query-input\":{\"@type\":\"PropertyValueSpecification\",\"valueRequired\":true,\"valueName\":\"search_term_string\"}}],\"inLanguage\":\"de\"},{\"@type\":\"Organization\",\"@id\":\"https:\\\/\\\/blog.proclima.com\\\/ch\\\/#organization\",\"name\":\"pro clima Schweiz\",\"url\":\"https:\\\/\\\/blog.proclima.com\\\/ch\\\/\",\"logo\":{\"@type\":\"ImageObject\",\"inLanguage\":\"de\",\"@id\":\"https:\\\/\\\/blog.proclima.com\\\/ch\\\/#\\\/schema\\\/logo\\\/image\\\/\",\"url\":\"https:\\\/\\\/blog.proclima.com\\\/ch\\\/files\\\/2025\\\/12\\\/logo_proclima_quadrat.png\",\"contentUrl\":\"https:\\\/\\\/blog.proclima.com\\\/ch\\\/files\\\/2025\\\/12\\\/logo_proclima_quadrat.png\",\"width\":1200,\"height\":1200,\"caption\":\"pro clima Schweiz\"},\"image\":{\"@id\":\"https:\\\/\\\/blog.proclima.com\\\/ch\\\/#\\\/schema\\\/logo\\\/image\\\/\"}},{\"@type\":\"Person\",\"@id\":\"https:\\\/\\\/blog.proclima.com\\\/ch\\\/#\\\/schema\\\/person\\\/b3490e20200d5d45b8d56f555ceffc21\",\"name\":\"Heide Merkel\",\"image\":{\"@type\":\"ImageObject\",\"inLanguage\":\"de\",\"@id\":\"https:\\\/\\\/secure.gravatar.com\\\/avatar\\\/a4a1c909701780173c0b7a635fb539f21128c8d654b77311c92e724657788582?s=96&d=blank&r=g\",\"url\":\"https:\\\/\\\/secure.gravatar.com\\\/avatar\\\/a4a1c909701780173c0b7a635fb539f21128c8d654b77311c92e724657788582?s=96&d=blank&r=g\",\"contentUrl\":\"https:\\\/\\\/secure.gravatar.com\\\/avatar\\\/a4a1c909701780173c0b7a635fb539f21128c8d654b77311c92e724657788582?s=96&d=blank&r=g\",\"caption\":\"Heide Merkel\"},\"description\":\"Fachjournalistin, Referentin, Steuerung Presse &amp; Digitale Medien bei Moll bau\u00f6kologische Produkte GmbH (pro clima). Als Japanologin und ausgebildete Redakteurin ist Heide eher zuf\u00e4llig in der Baubranche gelandet. Seit 2011 arbeitet sie f\u00fcr pro clima. Ihr Wissen zu effektiver Kommunikation gibt sie in Seminaren, Artikeln und Vortr\u00e4gen weiter. F\u00fcr den pro clima Blog, proclima.tv und das pro clima Bauradio interviewt sie interessante Menschen aus der Baubranche. Auf\u00a0 luftdichtheit-gepr\u00fcft.de bloggt Heide \u00fcber Leckagen, Luftdichtung und Qualit\u00e4ts\u00fcberpr\u00fcfung mit Blower-Door-Tests. Ihre Freizeit verbringt sie u.a. in den Vogesen, wo sie seit mehr als f\u00fcnf Jahren ein altes Bauernhaus saniert. Ihr neuestes Projekt:\u00a0 www.besser-als-marketing.de Hier gibt es Tipps, wie Unternehmen in der Baubranche ihre Sichtbarkeit erh\u00f6hen k\u00f6nnen. Die ersten Videos sind bereits online im Youtube Channel Wer mehr \u00fcber Heide Merkel erfahren m\u00f6chte, findet sie auf den g\u00e4ngigen Social Media Plattformen.\",\"url\":\"https:\\\/\\\/blog.proclima.com\\\/ch\\\/author\\\/gentner\\\/\"}]}<\/script>\n<!-- \/ Yoast SEO plugin. -->","yoast_head_json":{"title":"Fachartikel in neuem Buch zur Wohngesundheit: \u201eLuftdichtheit \u2013 Der Schl\u00fcssel zu Wohngesundheit, Energieeffizienz und Schutz vor Bausch\u00e4den\u201c. - pro clima Schweiz","robots":{"index":"index","follow":"follow","max-snippet":"max-snippet:-1","max-image-preview":"max-image-preview:large","max-video-preview":"max-video-preview:-1"},"canonical":"https:\/\/blog.proclima.com\/ch\/2012\/01\/26\/wohngesundheit-\u201eluftdichtheit-der-schlussel-zu-wohngesundheit-energieeffizienz-und-schutz-vor-bauschaden\/","og_locale":"de_DE","og_type":"article","og_title":"Fachartikel in neuem Buch zur Wohngesundheit: \u201eLuftdichtheit \u2013 Der Schl\u00fcssel zu Wohngesundheit, Energieeffizienz und Schutz vor Bausch\u00e4den\u201c. - pro clima Schweiz","og_description":"Warum Luftdichtheit der Schl\u00fcssel zu Wohngesundheit ist, gleichzeitig Energie spart und vor Bausch\u00e4den sch\u00fctzt \u2013 das hat pro clima-Gr\u00fcnder Lothar Moll in einem Fachartikel beschrieben, ...","og_url":"https:\/\/blog.proclima.com\/ch\/2012\/01\/26\/wohngesundheit-\u201eluftdichtheit-der-schlussel-zu-wohngesundheit-energieeffizienz-und-schutz-vor-bauschaden\/","og_site_name":"pro clima Schweiz","article_published_time":"2012-01-26T10:59:55+00:00","og_image":[{"url":"http:\/\/blog.proclima.com\/de\/files\/2011\/12\/buch-150x150.jpg","type":"","width":"","height":""}],"author":"Heide Merkel","twitter_card":"summary_large_image","twitter_misc":{"Verfasst von":"Heide Merkel","Gesch\u00e4tzte Lesezeit":"1\u00a0Minute"},"schema":{"@context":"https:\/\/schema.org","@graph":[{"@type":"Article","@id":"https:\/\/blog.proclima.com\/ch\/2012\/01\/26\/wohngesundheit-%e2%80%9eluftdichtheit-der-schlussel-zu-wohngesundheit-energieeffizienz-und-schutz-vor-bauschaden\/#article","isPartOf":{"@id":"https:\/\/blog.proclima.com\/ch\/2012\/01\/26\/wohngesundheit-%e2%80%9eluftdichtheit-der-schlussel-zu-wohngesundheit-energieeffizienz-und-schutz-vor-bauschaden\/"},"author":{"name":"Heide Merkel","@id":"https:\/\/blog.proclima.com\/ch\/#\/schema\/person\/b3490e20200d5d45b8d56f555ceffc21"},"headline":"Fachartikel in neuem Buch zur Wohngesundheit: \u201eLuftdichtheit \u2013 Der Schl\u00fcssel zu Wohngesundheit, Energieeffizienz und Schutz vor Bausch\u00e4den\u201c.","datePublished":"2012-01-26T10:59:55+00:00","mainEntityOfPage":{"@id":"https:\/\/blog.proclima.com\/ch\/2012\/01\/26\/wohngesundheit-%e2%80%9eluftdichtheit-der-schlussel-zu-wohngesundheit-energieeffizienz-und-schutz-vor-bauschaden\/"},"wordCount":121,"commentCount":0,"publisher":{"@id":"https:\/\/blog.proclima.com\/ch\/#organization"},"image":{"@id":"https:\/\/blog.proclima.com\/ch\/2012\/01\/26\/wohngesundheit-%e2%80%9eluftdichtheit-der-schlussel-zu-wohngesundheit-energieeffizienz-und-schutz-vor-bauschaden\/#primaryimage"},"thumbnailUrl":"http:\/\/blog.proclima.com\/de\/files\/2011\/12\/buch-150x150.jpg","keywords":["Bauen","Fachbuch","Luftdichtheit","Wohngesundheit"],"inLanguage":"de","potentialAction":[{"@type":"CommentAction","name":"Comment","target":["https:\/\/blog.proclima.com\/ch\/2012\/01\/26\/wohngesundheit-%e2%80%9eluftdichtheit-der-schlussel-zu-wohngesundheit-energieeffizienz-und-schutz-vor-bauschaden\/#respond"]}]},{"@type":"WebPage","@id":"https:\/\/blog.proclima.com\/ch\/2012\/01\/26\/wohngesundheit-%e2%80%9eluftdichtheit-der-schlussel-zu-wohngesundheit-energieeffizienz-und-schutz-vor-bauschaden\/","url":"https:\/\/blog.proclima.com\/ch\/2012\/01\/26\/wohngesundheit-%e2%80%9eluftdichtheit-der-schlussel-zu-wohngesundheit-energieeffizienz-und-schutz-vor-bauschaden\/","name":"Fachartikel in neuem Buch zur Wohngesundheit: \u201eLuftdichtheit \u2013 Der Schl\u00fcssel zu Wohngesundheit, Energieeffizienz und Schutz vor Bausch\u00e4den\u201c. - pro clima Schweiz","isPartOf":{"@id":"https:\/\/blog.proclima.com\/ch\/#website"},"primaryImageOfPage":{"@id":"https:\/\/blog.proclima.com\/ch\/2012\/01\/26\/wohngesundheit-%e2%80%9eluftdichtheit-der-schlussel-zu-wohngesundheit-energieeffizienz-und-schutz-vor-bauschaden\/#primaryimage"},"image":{"@id":"https:\/\/blog.proclima.com\/ch\/2012\/01\/26\/wohngesundheit-%e2%80%9eluftdichtheit-der-schlussel-zu-wohngesundheit-energieeffizienz-und-schutz-vor-bauschaden\/#primaryimage"},"thumbnailUrl":"http:\/\/blog.proclima.com\/de\/files\/2011\/12\/buch-150x150.jpg","datePublished":"2012-01-26T10:59:55+00:00","breadcrumb":{"@id":"https:\/\/blog.proclima.com\/ch\/2012\/01\/26\/wohngesundheit-%e2%80%9eluftdichtheit-der-schlussel-zu-wohngesundheit-energieeffizienz-und-schutz-vor-bauschaden\/#breadcrumb"},"inLanguage":"de","potentialAction":[{"@type":"ReadAction","target":["https:\/\/blog.proclima.com\/ch\/2012\/01\/26\/wohngesundheit-%e2%80%9eluftdichtheit-der-schlussel-zu-wohngesundheit-energieeffizienz-und-schutz-vor-bauschaden\/"]}]},{"@type":"ImageObject","inLanguage":"de","@id":"https:\/\/blog.proclima.com\/ch\/2012\/01\/26\/wohngesundheit-%e2%80%9eluftdichtheit-der-schlussel-zu-wohngesundheit-energieeffizienz-und-schutz-vor-bauschaden\/#primaryimage","url":"http:\/\/blog.proclima.com\/de\/files\/2011\/12\/buch-150x150.jpg","contentUrl":"http:\/\/blog.proclima.com\/de\/files\/2011\/12\/buch-150x150.jpg"},{"@type":"BreadcrumbList","@id":"https:\/\/blog.proclima.com\/ch\/2012\/01\/26\/wohngesundheit-%e2%80%9eluftdichtheit-der-schlussel-zu-wohngesundheit-energieeffizienz-und-schutz-vor-bauschaden\/#breadcrumb","itemListElement":[{"@type":"ListItem","position":1,"name":"Startseite","item":"https:\/\/blog.proclima.com\/ch\/"},{"@type":"ListItem","position":2,"name":"Fachartikel in neuem Buch zur Wohngesundheit: \u201eLuftdichtheit \u2013 Der Schl\u00fcssel zu Wohngesundheit, Energieeffizienz und Schutz vor Bausch\u00e4den\u201c."}]},{"@type":"WebSite","@id":"https:\/\/blog.proclima.com\/ch\/#website","url":"https:\/\/blog.proclima.com\/ch\/","name":"pro clima Schweiz","description":"das Blog","publisher":{"@id":"https:\/\/blog.proclima.com\/ch\/#organization"},"potentialAction":[{"@type":"SearchAction","target":{"@type":"EntryPoint","urlTemplate":"https:\/\/blog.proclima.com\/ch\/?s={search_term_string}"},"query-input":{"@type":"PropertyValueSpecification","valueRequired":true,"valueName":"search_term_string"}}],"inLanguage":"de"},{"@type":"Organization","@id":"https:\/\/blog.proclima.com\/ch\/#organization","name":"pro clima Schweiz","url":"https:\/\/blog.proclima.com\/ch\/","logo":{"@type":"ImageObject","inLanguage":"de","@id":"https:\/\/blog.proclima.com\/ch\/#\/schema\/logo\/image\/","url":"https:\/\/blog.proclima.com\/ch\/files\/2025\/12\/logo_proclima_quadrat.png","contentUrl":"https:\/\/blog.proclima.com\/ch\/files\/2025\/12\/logo_proclima_quadrat.png","width":1200,"height":1200,"caption":"pro clima Schweiz"},"image":{"@id":"https:\/\/blog.proclima.com\/ch\/#\/schema\/logo\/image\/"}},{"@type":"Person","@id":"https:\/\/blog.proclima.com\/ch\/#\/schema\/person\/b3490e20200d5d45b8d56f555ceffc21","name":"Heide Merkel","image":{"@type":"ImageObject","inLanguage":"de","@id":"https:\/\/secure.gravatar.com\/avatar\/a4a1c909701780173c0b7a635fb539f21128c8d654b77311c92e724657788582?s=96&d=blank&r=g","url":"https:\/\/secure.gravatar.com\/avatar\/a4a1c909701780173c0b7a635fb539f21128c8d654b77311c92e724657788582?s=96&d=blank&r=g","contentUrl":"https:\/\/secure.gravatar.com\/avatar\/a4a1c909701780173c0b7a635fb539f21128c8d654b77311c92e724657788582?s=96&d=blank&r=g","caption":"Heide Merkel"},"description":"Fachjournalistin, Referentin, Steuerung Presse &amp; Digitale Medien bei Moll bau\u00f6kologische Produkte GmbH (pro clima). Als Japanologin und ausgebildete Redakteurin ist Heide eher zuf\u00e4llig in der Baubranche gelandet. Seit 2011 arbeitet sie f\u00fcr pro clima. Ihr Wissen zu effektiver Kommunikation gibt sie in Seminaren, Artikeln und Vortr\u00e4gen weiter. F\u00fcr den pro clima Blog, proclima.tv und das pro clima Bauradio interviewt sie interessante Menschen aus der Baubranche. Auf\u00a0 luftdichtheit-gepr\u00fcft.de bloggt Heide \u00fcber Leckagen, Luftdichtung und Qualit\u00e4ts\u00fcberpr\u00fcfung mit Blower-Door-Tests. Ihre Freizeit verbringt sie u.a. in den Vogesen, wo sie seit mehr als f\u00fcnf Jahren ein altes Bauernhaus saniert. Ihr neuestes Projekt:\u00a0 www.besser-als-marketing.de Hier gibt es Tipps, wie Unternehmen in der Baubranche ihre Sichtbarkeit erh\u00f6hen k\u00f6nnen. Die ersten Videos sind bereits online im Youtube Channel Wer mehr \u00fcber Heide Merkel erfahren m\u00f6chte, findet sie auf den g\u00e4ngigen Social Media Plattformen.","url":"https:\/\/blog.proclima.com\/ch\/author\/gentner\/"}]}},"_links":{"self":[{"href":"https:\/\/blog.proclima.com\/ch\/wp-json\/wp\/v2\/posts\/457","targetHints":{"allow":["GET"]}}],"collection":[{"href":"https:\/\/blog.proclima.com\/ch\/wp-json\/wp\/v2\/posts"}],"about":[{"href":"https:\/\/blog.proclima.com\/ch\/wp-json\/wp\/v2\/types\/post"}],"author":[{"embeddable":true,"href":"https:\/\/blog.proclima.com\/ch\/wp-json\/wp\/v2\/users\/18"}],"replies":[{"embeddable":true,"href":"https:\/\/blog.proclima.com\/ch\/wp-json\/wp\/v2\/comments?post=457"}],"version-history":[{"count":8,"href":"https:\/\/blog.proclima.com\/ch\/wp-json\/wp\/v2\/posts\/457\/revisions"}],"predecessor-version":[{"id":466,"href":"https:\/\/blog.proclima.com\/ch\/wp-json\/wp\/v2\/posts\/457\/revisions\/466"}],"wp:attachment":[{"href":"https:\/\/blog.proclima.com\/ch\/wp-json\/wp\/v2\/media?parent=457"}],"wp:term":[{"taxonomy":"category","embeddable":true,"href":"https:\/\/blog.proclima.com\/ch\/wp-json\/wp\/v2\/categories?post=457"},{"taxonomy":"post_tag","embeddable":true,"href":"https:\/\/blog.proclima.com\/ch\/wp-json\/wp\/v2\/tags?post=457"}],"curies":[{"name":"wp","href":"https:\/\/api.w.org\/{rel}","templated":true}]}}